{"id":21612,"date":"2024-10-11T14:02:39","date_gmt":"2024-10-11T12:02:39","guid":{"rendered":"https:\/\/iraurgiberritzen.eus\/?p=21612"},"modified":"2024-10-14T08:45:01","modified_gmt":"2024-10-14T06:45:01","slug":"reflexion-y-espacios-de-aprendizaje-colectivo-entre-los-centros-educativos-de-la-comarca","status":"publish","type":"post","link":"https:\/\/iraurgiberritzen.eus\/es\/reflexion-y-espacios-de-aprendizaje-colectivo-entre-los-centros-educativos-de-la-comarca\/","title":{"rendered":"Reflexi\u00f3n y espacios de aprendizaje colectivo entre los centros educativos de la comarca"},"content":{"rendered":"<h5><span style=\"font-family: 'Arial',sans-serif;\">Bajo el lema \u00abEstrategias de comunicaci\u00f3n en los centros educativos\u00bb<\/span><\/h5>\n<p>En el marco del proyecto IKASIZ participa el equipo directivo de los 5 centros escolares de la comarca, y en funci\u00f3n de las necesidades comunes manifestadas por estos centros, a\u00f1o tras a\u00f1o se abordan diferentes temas para trabajar las competencias de capacitaci\u00f3n y gesti\u00f3n y compartir experiencias y buenas pr\u00e1cticas.<\/p>\n<p>El objetivo del proyecto IKASIZ de este a\u00f1o es<strong> trabajar las estrategias comunicativas de los centros escolares<\/strong>, bajo la direcci\u00f3n de la consultora<strong> Nerea Urcola.<\/strong><\/p>\n<p>En la sesi\u00f3n de trabajo de hoy, el equipo directivo de los cinco centros escolares de la comarca ha tenido la oportunidad de reflexionar sobre sus necesidades y dudas, y compartir experiencias desde la realidad de cada uno. A lo largo del proceso, desde el punto de vista de la estrategia comunicativa de los centros de la comarca, se pretende identificar acciones concretas de mejora.<\/p>\n","protected":false},"excerpt":{"rendered":"<p>Bajo el lema \u00abEstrategias de comunicaci\u00f3n en los centros educativos\u00bb En el marco del proyecto IKASIZ participa el equipo directivo de los 5 centros escolares de la comarca, y en funci\u00f3n de las necesidades comunes manifestadas por estos centros, a\u00f1o tras a\u00f1o se abordan diferentes temas para trabajar las competencias de capacitaci\u00f3n y gesti\u00f3n y [&hellip;]<\/p>\n","protected":false},"author":4,"featured_media":21610,"comment_status":"closed","ping_status":"closed","sticky":false,"template":"","format":"standard","meta":{"_acf_changed":false,"footnotes":""},"categories":[4],"tags":[],"class_list":["post-21612","post","type-post","status-publish","format-standard","has-post-thumbnail","hentry","category-noticias","arloak-educacion","arloak-ikasiz-es"],"acf":[],"yoast_head":"<!-- This site is optimized with the Yoast SEO plugin v27.4 - https:\/\/yoast.com\/product\/yoast-seo-wordpress\/ -->\n<title>Reflexi\u00f3n y espacios de aprendizaje colectivo entre los centros educativos de la comarca - Iraurgi Berritzen<\/title>\n<meta name=\"robots\" content=\"index, follow, max-snippet:-1, max-image-preview:large, max-video-preview:-1\" \/>\n<link rel=\"canonical\" href=\"https:\/\/iraurgiberritzen.eus\/es\/reflexion-y-espacios-de-aprendizaje-colectivo-entre-los-centros-educativos-de-la-comarca\/\" \/>\n<meta property=\"og:locale\" content=\"es_ES\" \/>\n<meta property=\"og:type\" content=\"article\" \/>\n<meta property=\"og:title\" content=\"Reflexi\u00f3n y espacios de aprendizaje colectivo entre los centros educativos de la comarca - Iraurgi Berritzen\" \/>\n<meta property=\"og:description\" content=\"Bajo el lema \u00abEstrategias de comunicaci\u00f3n en los centros educativos\u00bb En el marco del proyecto IKASIZ participa el equipo directivo de los 5 centros escolares de la comarca, y en funci\u00f3n de las necesidades comunes manifestadas por estos centros, a\u00f1o tras a\u00f1o se abordan diferentes temas para trabajar las competencias de capacitaci\u00f3n y gesti\u00f3n y [&hellip;]\" \/>\n<meta property=\"og:url\" content=\"https:\/\/iraurgiberritzen.eus\/es\/reflexion-y-espacios-de-aprendizaje-colectivo-entre-los-centros-educativos-de-la-comarca\/\" \/>\n<meta property=\"og:site_name\" content=\"Iraurgi Berritzen\" \/>\n<meta property=\"article:published_time\" content=\"2024-10-11T12:02:39+00:00\" \/>\n<meta property=\"article:modified_time\" content=\"2024-10-14T06:45:01+00:00\" \/>\n<meta property=\"og:image\" content=\"https:\/\/iraurgiberritzen.eus\/wp-content\/uploads\/2024\/10\/IMG_0313-1-scaled.jpg\" \/>\n\t<meta property=\"og:image:width\" content=\"2560\" \/>\n\t<meta property=\"og:image:height\" content=\"1920\" \/>\n\t<meta property=\"og:image:type\" content=\"image\/jpeg\" \/>\n<meta name=\"author\" content=\"ainara\" \/>\n<meta name=\"twitter:card\" content=\"summary_large_image\" \/>\n<meta name=\"twitter:label1\" content=\"Escrito por\" \/>\n\t<meta name=\"twitter:data1\" content=\"ainara\" \/>\n\t<meta name=\"twitter:label2\" content=\"Tiempo de lectura\" \/>\n\t<meta name=\"twitter:data2\" content=\"2 minutos\" \/>\n<script type=\"application\/ld+json\" class=\"yoast-schema-graph\">{\"@context\":\"https:\\\/\\\/schema.org\",\"@graph\":[{\"@type\":\"Article\",\"@id\":\"https:\\\/\\\/iraurgiberritzen.eus\\\/es\\\/reflexion-y-espacios-de-aprendizaje-colectivo-entre-los-centros-educativos-de-la-comarca\\\/#article\",\"isPartOf\":{\"@id\":\"https:\\\/\\\/iraurgiberritzen.eus\\\/es\\\/reflexion-y-espacios-de-aprendizaje-colectivo-entre-los-centros-educativos-de-la-comarca\\\/\"},\"author\":{\"name\":\"ainara\",\"@id\":\"https:\\\/\\\/iraurgiberritzen.eus\\\/es\\\/#\\\/schema\\\/person\\\/a32c9825b3e2bfcbe757a97f6a15c8a5\"},\"headline\":\"Reflexi\u00f3n y espacios de aprendizaje colectivo entre los centros educativos de la comarca\",\"datePublished\":\"2024-10-11T12:02:39+00:00\",\"dateModified\":\"2024-10-14T06:45:01+00:00\",\"mainEntityOfPage\":{\"@id\":\"https:\\\/\\\/iraurgiberritzen.eus\\\/es\\\/reflexion-y-espacios-de-aprendizaje-colectivo-entre-los-centros-educativos-de-la-comarca\\\/\"},\"wordCount\":173,\"publisher\":{\"@id\":\"https:\\\/\\\/iraurgiberritzen.eus\\\/es\\\/#organization\"},\"image\":{\"@id\":\"https:\\\/\\\/iraurgiberritzen.eus\\\/es\\\/reflexion-y-espacios-de-aprendizaje-colectivo-entre-los-centros-educativos-de-la-comarca\\\/#primaryimage\"},\"thumbnailUrl\":\"https:\\\/\\\/iraurgiberritzen.eus\\\/wp-content\\\/uploads\\\/2024\\\/10\\\/IMG_0313-1-scaled.jpg\",\"articleSection\":[\"Noticias\"],\"inLanguage\":\"es\"},{\"@type\":\"WebPage\",\"@id\":\"https:\\\/\\\/iraurgiberritzen.eus\\\/es\\\/reflexion-y-espacios-de-aprendizaje-colectivo-entre-los-centros-educativos-de-la-comarca\\\/\",\"url\":\"https:\\\/\\\/iraurgiberritzen.eus\\\/es\\\/reflexion-y-espacios-de-aprendizaje-colectivo-entre-los-centros-educativos-de-la-comarca\\\/\",\"name\":\"Reflexi\u00f3n y espacios de aprendizaje colectivo entre los centros educativos de la comarca - Iraurgi Berritzen\",\"isPartOf\":{\"@id\":\"https:\\\/\\\/iraurgiberritzen.eus\\\/es\\\/#website\"},\"primaryImageOfPage\":{\"@id\":\"https:\\\/\\\/iraurgiberritzen.eus\\\/es\\\/reflexion-y-espacios-de-aprendizaje-colectivo-entre-los-centros-educativos-de-la-comarca\\\/#primaryimage\"},\"image\":{\"@id\":\"https:\\\/\\\/iraurgiberritzen.eus\\\/es\\\/reflexion-y-espacios-de-aprendizaje-colectivo-entre-los-centros-educativos-de-la-comarca\\\/#primaryimage\"},\"thumbnailUrl\":\"https:\\\/\\\/iraurgiberritzen.eus\\\/wp-content\\\/uploads\\\/2024\\\/10\\\/IMG_0313-1-scaled.jpg\",\"datePublished\":\"2024-10-11T12:02:39+00:00\",\"dateModified\":\"2024-10-14T06:45:01+00:00\",\"breadcrumb\":{\"@id\":\"https:\\\/\\\/iraurgiberritzen.eus\\\/es\\\/reflexion-y-espacios-de-aprendizaje-colectivo-entre-los-centros-educativos-de-la-comarca\\\/#breadcrumb\"},\"inLanguage\":\"es\",\"potentialAction\":[{\"@type\":\"ReadAction\",\"target\":[\"https:\\\/\\\/iraurgiberritzen.eus\\\/es\\\/reflexion-y-espacios-de-aprendizaje-colectivo-entre-los-centros-educativos-de-la-comarca\\\/\"]}]},{\"@type\":\"ImageObject\",\"inLanguage\":\"es\",\"@id\":\"https:\\\/\\\/iraurgiberritzen.eus\\\/es\\\/reflexion-y-espacios-de-aprendizaje-colectivo-entre-los-centros-educativos-de-la-comarca\\\/#primaryimage\",\"url\":\"https:\\\/\\\/iraurgiberritzen.eus\\\/wp-content\\\/uploads\\\/2024\\\/10\\\/IMG_0313-1-scaled.jpg\",\"contentUrl\":\"https:\\\/\\\/iraurgiberritzen.eus\\\/wp-content\\\/uploads\\\/2024\\\/10\\\/IMG_0313-1-scaled.jpg\",\"width\":2560,\"height\":1920},{\"@type\":\"BreadcrumbList\",\"@id\":\"https:\\\/\\\/iraurgiberritzen.eus\\\/es\\\/reflexion-y-espacios-de-aprendizaje-colectivo-entre-los-centros-educativos-de-la-comarca\\\/#breadcrumb\",\"itemListElement\":[{\"@type\":\"ListItem\",\"position\":1,\"name\":\"Home\",\"item\":\"https:\\\/\\\/iraurgiberritzen.eus\\\/es\\\/\"},{\"@type\":\"ListItem\",\"position\":2,\"name\":\"Reflexi\u00f3n y espacios de aprendizaje colectivo entre los centros educativos de la comarca\"}]},{\"@type\":\"WebSite\",\"@id\":\"https:\\\/\\\/iraurgiberritzen.eus\\\/es\\\/#website\",\"url\":\"https:\\\/\\\/iraurgiberritzen.eus\\\/es\\\/\",\"name\":\"Iraurgi Berritzen\",\"description\":\"Urola Erdiko Garapen Agentzia\",\"publisher\":{\"@id\":\"https:\\\/\\\/iraurgiberritzen.eus\\\/es\\\/#organization\"},\"potentialAction\":[{\"@type\":\"SearchAction\",\"target\":{\"@type\":\"EntryPoint\",\"urlTemplate\":\"https:\\\/\\\/iraurgiberritzen.eus\\\/es\\\/?s={search_term_string}\"},\"query-input\":{\"@type\":\"PropertyValueSpecification\",\"valueRequired\":true,\"valueName\":\"search_term_string\"}}],\"inLanguage\":\"es\"},{\"@type\":\"Organization\",\"@id\":\"https:\\\/\\\/iraurgiberritzen.eus\\\/es\\\/#organization\",\"name\":\"Iraurgi Berritzen\",\"url\":\"https:\\\/\\\/iraurgiberritzen.eus\\\/es\\\/\",\"logo\":{\"@type\":\"ImageObject\",\"inLanguage\":\"es\",\"@id\":\"https:\\\/\\\/iraurgiberritzen.eus\\\/es\\\/#\\\/schema\\\/logo\\\/image\\\/\",\"url\":\"https:\\\/\\\/iraurgiberritzen.eus\\\/wp-content\\\/uploads\\\/2024\\\/02\\\/IRAURGI-BERRITZEN-logotipoa_2.png\",\"contentUrl\":\"https:\\\/\\\/iraurgiberritzen.eus\\\/wp-content\\\/uploads\\\/2024\\\/02\\\/IRAURGI-BERRITZEN-logotipoa_2.png\",\"width\":496,\"height\":190,\"caption\":\"Iraurgi Berritzen\"},\"image\":{\"@id\":\"https:\\\/\\\/iraurgiberritzen.eus\\\/es\\\/#\\\/schema\\\/logo\\\/image\\\/\"}},{\"@type\":\"Person\",\"@id\":\"https:\\\/\\\/iraurgiberritzen.eus\\\/es\\\/#\\\/schema\\\/person\\\/a32c9825b3e2bfcbe757a97f6a15c8a5\",\"name\":\"ainara\"}]}<\/script>\n<!-- \/ Yoast SEO plugin. -->","yoast_head_json":{"title":"Reflexi\u00f3n y espacios de aprendizaje colectivo entre los centros educativos de la comarca - Iraurgi Berritzen","robots":{"index":"index","follow":"follow","max-snippet":"max-snippet:-1","max-image-preview":"max-image-preview:large","max-video-preview":"max-video-preview:-1"},"canonical":"https:\/\/iraurgiberritzen.eus\/es\/reflexion-y-espacios-de-aprendizaje-colectivo-entre-los-centros-educativos-de-la-comarca\/","og_locale":"es_ES","og_type":"article","og_title":"Reflexi\u00f3n y espacios de aprendizaje colectivo entre los centros educativos de la comarca - Iraurgi Berritzen","og_description":"Bajo el lema \u00abEstrategias de comunicaci\u00f3n en los centros educativos\u00bb En el marco del proyecto IKASIZ participa el equipo directivo de los 5 centros escolares de la comarca, y en funci\u00f3n de las necesidades comunes manifestadas por estos centros, a\u00f1o tras a\u00f1o se abordan diferentes temas para trabajar las competencias de capacitaci\u00f3n y gesti\u00f3n y [&hellip;]","og_url":"https:\/\/iraurgiberritzen.eus\/es\/reflexion-y-espacios-de-aprendizaje-colectivo-entre-los-centros-educativos-de-la-comarca\/","og_site_name":"Iraurgi Berritzen","article_published_time":"2024-10-11T12:02:39+00:00","article_modified_time":"2024-10-14T06:45:01+00:00","og_image":[{"width":2560,"height":1920,"url":"https:\/\/iraurgiberritzen.eus\/wp-content\/uploads\/2024\/10\/IMG_0313-1-scaled.jpg","type":"image\/jpeg"}],"author":"ainara","twitter_card":"summary_large_image","twitter_misc":{"Escrito por":"ainara","Tiempo de lectura":"2 minutos"},"schema":{"@context":"https:\/\/schema.org","@graph":[{"@type":"Article","@id":"https:\/\/iraurgiberritzen.eus\/es\/reflexion-y-espacios-de-aprendizaje-colectivo-entre-los-centros-educativos-de-la-comarca\/#article","isPartOf":{"@id":"https:\/\/iraurgiberritzen.eus\/es\/reflexion-y-espacios-de-aprendizaje-colectivo-entre-los-centros-educativos-de-la-comarca\/"},"author":{"name":"ainara","@id":"https:\/\/iraurgiberritzen.eus\/es\/#\/schema\/person\/a32c9825b3e2bfcbe757a97f6a15c8a5"},"headline":"Reflexi\u00f3n y espacios de aprendizaje colectivo entre los centros educativos de la comarca","datePublished":"2024-10-11T12:02:39+00:00","dateModified":"2024-10-14T06:45:01+00:00","mainEntityOfPage":{"@id":"https:\/\/iraurgiberritzen.eus\/es\/reflexion-y-espacios-de-aprendizaje-colectivo-entre-los-centros-educativos-de-la-comarca\/"},"wordCount":173,"publisher":{"@id":"https:\/\/iraurgiberritzen.eus\/es\/#organization"},"image":{"@id":"https:\/\/iraurgiberritzen.eus\/es\/reflexion-y-espacios-de-aprendizaje-colectivo-entre-los-centros-educativos-de-la-comarca\/#primaryimage"},"thumbnailUrl":"https:\/\/iraurgiberritzen.eus\/wp-content\/uploads\/2024\/10\/IMG_0313-1-scaled.jpg","articleSection":["Noticias"],"inLanguage":"es"},{"@type":"WebPage","@id":"https:\/\/iraurgiberritzen.eus\/es\/reflexion-y-espacios-de-aprendizaje-colectivo-entre-los-centros-educativos-de-la-comarca\/","url":"https:\/\/iraurgiberritzen.eus\/es\/reflexion-y-espacios-de-aprendizaje-colectivo-entre-los-centros-educativos-de-la-comarca\/","name":"Reflexi\u00f3n y espacios de aprendizaje colectivo entre los centros educativos de la comarca - Iraurgi Berritzen","isPartOf":{"@id":"https:\/\/iraurgiberritzen.eus\/es\/#website"},"primaryImageOfPage":{"@id":"https:\/\/iraurgiberritzen.eus\/es\/reflexion-y-espacios-de-aprendizaje-colectivo-entre-los-centros-educativos-de-la-comarca\/#primaryimage"},"image":{"@id":"https:\/\/iraurgiberritzen.eus\/es\/reflexion-y-espacios-de-aprendizaje-colectivo-entre-los-centros-educativos-de-la-comarca\/#primaryimage"},"thumbnailUrl":"https:\/\/iraurgiberritzen.eus\/wp-content\/uploads\/2024\/10\/IMG_0313-1-scaled.jpg","datePublished":"2024-10-11T12:02:39+00:00","dateModified":"2024-10-14T06:45:01+00:00","breadcrumb":{"@id":"https:\/\/iraurgiberritzen.eus\/es\/reflexion-y-espacios-de-aprendizaje-colectivo-entre-los-centros-educativos-de-la-comarca\/#breadcrumb"},"inLanguage":"es","potentialAction":[{"@type":"ReadAction","target":["https:\/\/iraurgiberritzen.eus\/es\/reflexion-y-espacios-de-aprendizaje-colectivo-entre-los-centros-educativos-de-la-comarca\/"]}]},{"@type":"ImageObject","inLanguage":"es","@id":"https:\/\/iraurgiberritzen.eus\/es\/reflexion-y-espacios-de-aprendizaje-colectivo-entre-los-centros-educativos-de-la-comarca\/#primaryimage","url":"https:\/\/iraurgiberritzen.eus\/wp-content\/uploads\/2024\/10\/IMG_0313-1-scaled.jpg","contentUrl":"https:\/\/iraurgiberritzen.eus\/wp-content\/uploads\/2024\/10\/IMG_0313-1-scaled.jpg","width":2560,"height":1920},{"@type":"BreadcrumbList","@id":"https:\/\/iraurgiberritzen.eus\/es\/reflexion-y-espacios-de-aprendizaje-colectivo-entre-los-centros-educativos-de-la-comarca\/#breadcrumb","itemListElement":[{"@type":"ListItem","position":1,"name":"Home","item":"https:\/\/iraurgiberritzen.eus\/es\/"},{"@type":"ListItem","position":2,"name":"Reflexi\u00f3n y espacios de aprendizaje colectivo entre los centros educativos de la comarca"}]},{"@type":"WebSite","@id":"https:\/\/iraurgiberritzen.eus\/es\/#website","url":"https:\/\/iraurgiberritzen.eus\/es\/","name":"Iraurgi Berritzen","description":"Urola Erdiko Garapen Agentzia","publisher":{"@id":"https:\/\/iraurgiberritzen.eus\/es\/#organization"},"potentialAction":[{"@type":"SearchAction","target":{"@type":"EntryPoint","urlTemplate":"https:\/\/iraurgiberritzen.eus\/es\/?s={search_term_string}"},"query-input":{"@type":"PropertyValueSpecification","valueRequired":true,"valueName":"search_term_string"}}],"inLanguage":"es"},{"@type":"Organization","@id":"https:\/\/iraurgiberritzen.eus\/es\/#organization","name":"Iraurgi Berritzen","url":"https:\/\/iraurgiberritzen.eus\/es\/","logo":{"@type":"ImageObject","inLanguage":"es","@id":"https:\/\/iraurgiberritzen.eus\/es\/#\/schema\/logo\/image\/","url":"https:\/\/iraurgiberritzen.eus\/wp-content\/uploads\/2024\/02\/IRAURGI-BERRITZEN-logotipoa_2.png","contentUrl":"https:\/\/iraurgiberritzen.eus\/wp-content\/uploads\/2024\/02\/IRAURGI-BERRITZEN-logotipoa_2.png","width":496,"height":190,"caption":"Iraurgi Berritzen"},"image":{"@id":"https:\/\/iraurgiberritzen.eus\/es\/#\/schema\/logo\/image\/"}},{"@type":"Person","@id":"https:\/\/iraurgiberritzen.eus\/es\/#\/schema\/person\/a32c9825b3e2bfcbe757a97f6a15c8a5","name":"ainara"}]}},"_links":{"self":[{"href":"https:\/\/iraurgiberritzen.eus\/es\/wp-json\/wp\/v2\/posts\/21612","targetHints":{"allow":["GET"]}}],"collection":[{"href":"https:\/\/iraurgiberritzen.eus\/es\/wp-json\/wp\/v2\/posts"}],"about":[{"href":"https:\/\/iraurgiberritzen.eus\/es\/wp-json\/wp\/v2\/types\/post"}],"author":[{"embeddable":true,"href":"https:\/\/iraurgiberritzen.eus\/es\/wp-json\/wp\/v2\/users\/4"}],"replies":[{"embeddable":true,"href":"https:\/\/iraurgiberritzen.eus\/es\/wp-json\/wp\/v2\/comments?post=21612"}],"version-history":[{"count":2,"href":"https:\/\/iraurgiberritzen.eus\/es\/wp-json\/wp\/v2\/posts\/21612\/revisions"}],"predecessor-version":[{"id":21617,"href":"https:\/\/iraurgiberritzen.eus\/es\/wp-json\/wp\/v2\/posts\/21612\/revisions\/21617"}],"wp:featuredmedia":[{"embeddable":true,"href":"https:\/\/iraurgiberritzen.eus\/es\/wp-json\/wp\/v2\/media\/21610"}],"wp:attachment":[{"href":"https:\/\/iraurgiberritzen.eus\/es\/wp-json\/wp\/v2\/media?parent=21612"}],"wp:term":[{"taxonomy":"category","embeddable":true,"href":"https:\/\/iraurgiberritzen.eus\/es\/wp-json\/wp\/v2\/categories?post=21612"},{"taxonomy":"post_tag","embeddable":true,"href":"https:\/\/iraurgiberritzen.eus\/es\/wp-json\/wp\/v2\/tags?post=21612"}],"curies":[{"name":"wp","href":"https:\/\/api.w.org\/{rel}","templated":true}]}}