{"id":21756,"date":"2024-10-17T13:19:12","date_gmt":"2024-10-17T11:19:12","guid":{"rendered":"https:\/\/iraurgiberritzen.eus\/?p=21756"},"modified":"2024-10-17T13:19:12","modified_gmt":"2024-10-17T11:19:12","slug":"en-marcha-el-grupo-de-trabajo-del-proyecto-zimat-urola-erdian","status":"publish","type":"post","link":"https:\/\/iraurgiberritzen.eus\/es\/en-marcha-el-grupo-de-trabajo-del-proyecto-zimat-urola-erdian\/","title":{"rendered":"En marcha el grupo de trabajo del proyecto \u00abZIMAT Urola Erdian\u00bb"},"content":{"rendered":"<h5>El grupo de trabajo, formado por representantes de los 5 centros escolares de la comarca, ha trabajado en la planificaci\u00f3n de las acciones de cara al nuevo curso.<\/h5>\n<p>El proyecto, que est\u00e1 en marcha desde el curso 2017\/2018, se dirige al alumnado de ESO y Bachiller de la comarca. Tiene como objetivo <strong>fomentar las competencias y vivencias en el \u00e1mbito de la Ciencia y Tecnolog\u00eda a trav\u00e9s del desarrollo de diferentes proyectos<\/strong>, convirtiendo al alumnado en protagonista de su propio proceso de aprendizaje. El m\u00e9todo de aprendizaje utilizado en el desarrollo de estos proyectos suele ser tanto el m\u00e9todo cient\u00edfico como el m\u00e9todo de aprendizaje basado en problemas.<\/p>\n<p>Asimismo, se pretende apoyar al profesorado de la comarca en la aplicaci\u00f3n y desarrollo de otras metodolog\u00edas de ense\u00f1anza.<\/p>\n<p>De cara al curso 2024-25 se han acordado varios hitos en el grupo de trabajo. Entre otros, destacan las sesiones dedicadas al intercambio de experiencias, relaciones con profesionales del \u00e1mbito cient\u00edfico-tecnol\u00f3gico o la organizaci\u00f3n de la \u201cUrola Erdiko Zientzia eta Teknologia Azoka\u201d para socializar proyectos trabajados a lo largo del curso.<\/p>\n","protected":false},"excerpt":{"rendered":"<p>El grupo de trabajo, formado por representantes de los 5 centros escolares de la comarca, ha trabajado en la planificaci\u00f3n de las acciones de cara al nuevo curso. El proyecto, que est\u00e1 en marcha desde el curso 2017\/2018, se dirige al alumnado de ESO y Bachiller de la comarca. Tiene como objetivo fomentar las competencias [&hellip;]<\/p>\n","protected":false},"author":4,"featured_media":21754,"comment_status":"closed","ping_status":"closed","sticky":false,"template":"","format":"standard","meta":{"_acf_changed":false,"footnotes":""},"categories":[4],"tags":[],"class_list":["post-21756","post","type-post","status-publish","format-standard","has-post-thumbnail","hentry","category-noticias","arloak-educacion","arloak-zimat-es"],"acf":[],"yoast_head":"<!-- This site is optimized with the Yoast SEO plugin v27.4 - https:\/\/yoast.com\/product\/yoast-seo-wordpress\/ -->\n<title>En marcha el grupo de trabajo del proyecto &quot;ZIMAT Urola Erdian&quot; - Iraurgi Berritzen<\/title>\n<meta name=\"robots\" content=\"index, follow, max-snippet:-1, max-image-preview:large, max-video-preview:-1\" \/>\n<link rel=\"canonical\" href=\"https:\/\/iraurgiberritzen.eus\/es\/en-marcha-el-grupo-de-trabajo-del-proyecto-zimat-urola-erdian\/\" \/>\n<meta property=\"og:locale\" content=\"es_ES\" \/>\n<meta property=\"og:type\" content=\"article\" \/>\n<meta property=\"og:title\" content=\"En marcha el grupo de trabajo del proyecto &quot;ZIMAT Urola Erdian&quot; - Iraurgi Berritzen\" \/>\n<meta property=\"og:description\" content=\"El grupo de trabajo, formado por representantes de los 5 centros escolares de la comarca, ha trabajado en la planificaci\u00f3n de las acciones de cara al nuevo curso. El proyecto, que est\u00e1 en marcha desde el curso 2017\/2018, se dirige al alumnado de ESO y Bachiller de la comarca. Tiene como objetivo fomentar las competencias [&hellip;]\" \/>\n<meta property=\"og:url\" content=\"https:\/\/iraurgiberritzen.eus\/es\/en-marcha-el-grupo-de-trabajo-del-proyecto-zimat-urola-erdian\/\" \/>\n<meta property=\"og:site_name\" content=\"Iraurgi Berritzen\" \/>\n<meta property=\"article:published_time\" content=\"2024-10-17T11:19:12+00:00\" \/>\n<meta property=\"og:image\" content=\"https:\/\/iraurgiberritzen.eus\/wp-content\/uploads\/2024\/10\/WhatsApp-Image-2024-10-17-at-10.28.33-scaled.jpeg\" \/>\n\t<meta property=\"og:image:width\" content=\"2560\" \/>\n\t<meta property=\"og:image:height\" content=\"1920\" \/>\n\t<meta property=\"og:image:type\" content=\"image\/jpeg\" \/>\n<meta name=\"author\" content=\"ainara\" \/>\n<meta name=\"twitter:card\" content=\"summary_large_image\" \/>\n<meta name=\"twitter:label1\" content=\"Escrito por\" \/>\n\t<meta name=\"twitter:data1\" content=\"ainara\" \/>\n\t<meta name=\"twitter:label2\" content=\"Tiempo de lectura\" \/>\n\t<meta name=\"twitter:data2\" content=\"1 minuto\" \/>\n<script type=\"application\/ld+json\" class=\"yoast-schema-graph\">{\"@context\":\"https:\\\/\\\/schema.org\",\"@graph\":[{\"@type\":\"Article\",\"@id\":\"https:\\\/\\\/iraurgiberritzen.eus\\\/es\\\/en-marcha-el-grupo-de-trabajo-del-proyecto-zimat-urola-erdian\\\/#article\",\"isPartOf\":{\"@id\":\"https:\\\/\\\/iraurgiberritzen.eus\\\/es\\\/en-marcha-el-grupo-de-trabajo-del-proyecto-zimat-urola-erdian\\\/\"},\"author\":{\"name\":\"ainara\",\"@id\":\"https:\\\/\\\/iraurgiberritzen.eus\\\/es\\\/#\\\/schema\\\/person\\\/a32c9825b3e2bfcbe757a97f6a15c8a5\"},\"headline\":\"En marcha el grupo de trabajo del proyecto \u00abZIMAT Urola Erdian\u00bb\",\"datePublished\":\"2024-10-17T11:19:12+00:00\",\"mainEntityOfPage\":{\"@id\":\"https:\\\/\\\/iraurgiberritzen.eus\\\/es\\\/en-marcha-el-grupo-de-trabajo-del-proyecto-zimat-urola-erdian\\\/\"},\"wordCount\":200,\"publisher\":{\"@id\":\"https:\\\/\\\/iraurgiberritzen.eus\\\/es\\\/#organization\"},\"image\":{\"@id\":\"https:\\\/\\\/iraurgiberritzen.eus\\\/es\\\/en-marcha-el-grupo-de-trabajo-del-proyecto-zimat-urola-erdian\\\/#primaryimage\"},\"thumbnailUrl\":\"https:\\\/\\\/iraurgiberritzen.eus\\\/wp-content\\\/uploads\\\/2024\\\/10\\\/WhatsApp-Image-2024-10-17-at-10.28.33-scaled.jpeg\",\"articleSection\":[\"Noticias\"],\"inLanguage\":\"es\"},{\"@type\":\"WebPage\",\"@id\":\"https:\\\/\\\/iraurgiberritzen.eus\\\/es\\\/en-marcha-el-grupo-de-trabajo-del-proyecto-zimat-urola-erdian\\\/\",\"url\":\"https:\\\/\\\/iraurgiberritzen.eus\\\/es\\\/en-marcha-el-grupo-de-trabajo-del-proyecto-zimat-urola-erdian\\\/\",\"name\":\"En marcha el grupo de trabajo del proyecto \\\"ZIMAT Urola Erdian\\\" - Iraurgi Berritzen\",\"isPartOf\":{\"@id\":\"https:\\\/\\\/iraurgiberritzen.eus\\\/es\\\/#website\"},\"primaryImageOfPage\":{\"@id\":\"https:\\\/\\\/iraurgiberritzen.eus\\\/es\\\/en-marcha-el-grupo-de-trabajo-del-proyecto-zimat-urola-erdian\\\/#primaryimage\"},\"image\":{\"@id\":\"https:\\\/\\\/iraurgiberritzen.eus\\\/es\\\/en-marcha-el-grupo-de-trabajo-del-proyecto-zimat-urola-erdian\\\/#primaryimage\"},\"thumbnailUrl\":\"https:\\\/\\\/iraurgiberritzen.eus\\\/wp-content\\\/uploads\\\/2024\\\/10\\\/WhatsApp-Image-2024-10-17-at-10.28.33-scaled.jpeg\",\"datePublished\":\"2024-10-17T11:19:12+00:00\",\"breadcrumb\":{\"@id\":\"https:\\\/\\\/iraurgiberritzen.eus\\\/es\\\/en-marcha-el-grupo-de-trabajo-del-proyecto-zimat-urola-erdian\\\/#breadcrumb\"},\"inLanguage\":\"es\",\"potentialAction\":[{\"@type\":\"ReadAction\",\"target\":[\"https:\\\/\\\/iraurgiberritzen.eus\\\/es\\\/en-marcha-el-grupo-de-trabajo-del-proyecto-zimat-urola-erdian\\\/\"]}]},{\"@type\":\"ImageObject\",\"inLanguage\":\"es\",\"@id\":\"https:\\\/\\\/iraurgiberritzen.eus\\\/es\\\/en-marcha-el-grupo-de-trabajo-del-proyecto-zimat-urola-erdian\\\/#primaryimage\",\"url\":\"https:\\\/\\\/iraurgiberritzen.eus\\\/wp-content\\\/uploads\\\/2024\\\/10\\\/WhatsApp-Image-2024-10-17-at-10.28.33-scaled.jpeg\",\"contentUrl\":\"https:\\\/\\\/iraurgiberritzen.eus\\\/wp-content\\\/uploads\\\/2024\\\/10\\\/WhatsApp-Image-2024-10-17-at-10.28.33-scaled.jpeg\",\"width\":2560,\"height\":1920},{\"@type\":\"BreadcrumbList\",\"@id\":\"https:\\\/\\\/iraurgiberritzen.eus\\\/es\\\/en-marcha-el-grupo-de-trabajo-del-proyecto-zimat-urola-erdian\\\/#breadcrumb\",\"itemListElement\":[{\"@type\":\"ListItem\",\"position\":1,\"name\":\"Home\",\"item\":\"https:\\\/\\\/iraurgiberritzen.eus\\\/es\\\/\"},{\"@type\":\"ListItem\",\"position\":2,\"name\":\"En marcha el grupo de trabajo del proyecto &#8220;ZIMAT Urola Erdian&#8221;\"}]},{\"@type\":\"WebSite\",\"@id\":\"https:\\\/\\\/iraurgiberritzen.eus\\\/es\\\/#website\",\"url\":\"https:\\\/\\\/iraurgiberritzen.eus\\\/es\\\/\",\"name\":\"Iraurgi Berritzen\",\"description\":\"Urola Erdiko Garapen Agentzia\",\"publisher\":{\"@id\":\"https:\\\/\\\/iraurgiberritzen.eus\\\/es\\\/#organization\"},\"potentialAction\":[{\"@type\":\"SearchAction\",\"target\":{\"@type\":\"EntryPoint\",\"urlTemplate\":\"https:\\\/\\\/iraurgiberritzen.eus\\\/es\\\/?s={search_term_string}\"},\"query-input\":{\"@type\":\"PropertyValueSpecification\",\"valueRequired\":true,\"valueName\":\"search_term_string\"}}],\"inLanguage\":\"es\"},{\"@type\":\"Organization\",\"@id\":\"https:\\\/\\\/iraurgiberritzen.eus\\\/es\\\/#organization\",\"name\":\"Iraurgi Berritzen\",\"url\":\"https:\\\/\\\/iraurgiberritzen.eus\\\/es\\\/\",\"logo\":{\"@type\":\"ImageObject\",\"inLanguage\":\"es\",\"@id\":\"https:\\\/\\\/iraurgiberritzen.eus\\\/es\\\/#\\\/schema\\\/logo\\\/image\\\/\",\"url\":\"https:\\\/\\\/iraurgiberritzen.eus\\\/wp-content\\\/uploads\\\/2024\\\/02\\\/IRAURGI-BERRITZEN-logotipoa_2.png\",\"contentUrl\":\"https:\\\/\\\/iraurgiberritzen.eus\\\/wp-content\\\/uploads\\\/2024\\\/02\\\/IRAURGI-BERRITZEN-logotipoa_2.png\",\"width\":496,\"height\":190,\"caption\":\"Iraurgi Berritzen\"},\"image\":{\"@id\":\"https:\\\/\\\/iraurgiberritzen.eus\\\/es\\\/#\\\/schema\\\/logo\\\/image\\\/\"}},{\"@type\":\"Person\",\"@id\":\"https:\\\/\\\/iraurgiberritzen.eus\\\/es\\\/#\\\/schema\\\/person\\\/a32c9825b3e2bfcbe757a97f6a15c8a5\",\"name\":\"ainara\"}]}<\/script>\n<!-- \/ Yoast SEO plugin. -->","yoast_head_json":{"title":"En marcha el grupo de trabajo del proyecto \"ZIMAT Urola Erdian\" - Iraurgi Berritzen","robots":{"index":"index","follow":"follow","max-snippet":"max-snippet:-1","max-image-preview":"max-image-preview:large","max-video-preview":"max-video-preview:-1"},"canonical":"https:\/\/iraurgiberritzen.eus\/es\/en-marcha-el-grupo-de-trabajo-del-proyecto-zimat-urola-erdian\/","og_locale":"es_ES","og_type":"article","og_title":"En marcha el grupo de trabajo del proyecto \"ZIMAT Urola Erdian\" - Iraurgi Berritzen","og_description":"El grupo de trabajo, formado por representantes de los 5 centros escolares de la comarca, ha trabajado en la planificaci\u00f3n de las acciones de cara al nuevo curso. El proyecto, que est\u00e1 en marcha desde el curso 2017\/2018, se dirige al alumnado de ESO y Bachiller de la comarca. Tiene como objetivo fomentar las competencias [&hellip;]","og_url":"https:\/\/iraurgiberritzen.eus\/es\/en-marcha-el-grupo-de-trabajo-del-proyecto-zimat-urola-erdian\/","og_site_name":"Iraurgi Berritzen","article_published_time":"2024-10-17T11:19:12+00:00","og_image":[{"width":2560,"height":1920,"url":"https:\/\/iraurgiberritzen.eus\/wp-content\/uploads\/2024\/10\/WhatsApp-Image-2024-10-17-at-10.28.33-scaled.jpeg","type":"image\/jpeg"}],"author":"ainara","twitter_card":"summary_large_image","twitter_misc":{"Escrito por":"ainara","Tiempo de lectura":"1 minuto"},"schema":{"@context":"https:\/\/schema.org","@graph":[{"@type":"Article","@id":"https:\/\/iraurgiberritzen.eus\/es\/en-marcha-el-grupo-de-trabajo-del-proyecto-zimat-urola-erdian\/#article","isPartOf":{"@id":"https:\/\/iraurgiberritzen.eus\/es\/en-marcha-el-grupo-de-trabajo-del-proyecto-zimat-urola-erdian\/"},"author":{"name":"ainara","@id":"https:\/\/iraurgiberritzen.eus\/es\/#\/schema\/person\/a32c9825b3e2bfcbe757a97f6a15c8a5"},"headline":"En marcha el grupo de trabajo del proyecto \u00abZIMAT Urola Erdian\u00bb","datePublished":"2024-10-17T11:19:12+00:00","mainEntityOfPage":{"@id":"https:\/\/iraurgiberritzen.eus\/es\/en-marcha-el-grupo-de-trabajo-del-proyecto-zimat-urola-erdian\/"},"wordCount":200,"publisher":{"@id":"https:\/\/iraurgiberritzen.eus\/es\/#organization"},"image":{"@id":"https:\/\/iraurgiberritzen.eus\/es\/en-marcha-el-grupo-de-trabajo-del-proyecto-zimat-urola-erdian\/#primaryimage"},"thumbnailUrl":"https:\/\/iraurgiberritzen.eus\/wp-content\/uploads\/2024\/10\/WhatsApp-Image-2024-10-17-at-10.28.33-scaled.jpeg","articleSection":["Noticias"],"inLanguage":"es"},{"@type":"WebPage","@id":"https:\/\/iraurgiberritzen.eus\/es\/en-marcha-el-grupo-de-trabajo-del-proyecto-zimat-urola-erdian\/","url":"https:\/\/iraurgiberritzen.eus\/es\/en-marcha-el-grupo-de-trabajo-del-proyecto-zimat-urola-erdian\/","name":"En marcha el grupo de trabajo del proyecto \"ZIMAT Urola Erdian\" - Iraurgi Berritzen","isPartOf":{"@id":"https:\/\/iraurgiberritzen.eus\/es\/#website"},"primaryImageOfPage":{"@id":"https:\/\/iraurgiberritzen.eus\/es\/en-marcha-el-grupo-de-trabajo-del-proyecto-zimat-urola-erdian\/#primaryimage"},"image":{"@id":"https:\/\/iraurgiberritzen.eus\/es\/en-marcha-el-grupo-de-trabajo-del-proyecto-zimat-urola-erdian\/#primaryimage"},"thumbnailUrl":"https:\/\/iraurgiberritzen.eus\/wp-content\/uploads\/2024\/10\/WhatsApp-Image-2024-10-17-at-10.28.33-scaled.jpeg","datePublished":"2024-10-17T11:19:12+00:00","breadcrumb":{"@id":"https:\/\/iraurgiberritzen.eus\/es\/en-marcha-el-grupo-de-trabajo-del-proyecto-zimat-urola-erdian\/#breadcrumb"},"inLanguage":"es","potentialAction":[{"@type":"ReadAction","target":["https:\/\/iraurgiberritzen.eus\/es\/en-marcha-el-grupo-de-trabajo-del-proyecto-zimat-urola-erdian\/"]}]},{"@type":"ImageObject","inLanguage":"es","@id":"https:\/\/iraurgiberritzen.eus\/es\/en-marcha-el-grupo-de-trabajo-del-proyecto-zimat-urola-erdian\/#primaryimage","url":"https:\/\/iraurgiberritzen.eus\/wp-content\/uploads\/2024\/10\/WhatsApp-Image-2024-10-17-at-10.28.33-scaled.jpeg","contentUrl":"https:\/\/iraurgiberritzen.eus\/wp-content\/uploads\/2024\/10\/WhatsApp-Image-2024-10-17-at-10.28.33-scaled.jpeg","width":2560,"height":1920},{"@type":"BreadcrumbList","@id":"https:\/\/iraurgiberritzen.eus\/es\/en-marcha-el-grupo-de-trabajo-del-proyecto-zimat-urola-erdian\/#breadcrumb","itemListElement":[{"@type":"ListItem","position":1,"name":"Home","item":"https:\/\/iraurgiberritzen.eus\/es\/"},{"@type":"ListItem","position":2,"name":"En marcha el grupo de trabajo del proyecto &#8220;ZIMAT Urola Erdian&#8221;"}]},{"@type":"WebSite","@id":"https:\/\/iraurgiberritzen.eus\/es\/#website","url":"https:\/\/iraurgiberritzen.eus\/es\/","name":"Iraurgi Berritzen","description":"Urola Erdiko Garapen Agentzia","publisher":{"@id":"https:\/\/iraurgiberritzen.eus\/es\/#organization"},"potentialAction":[{"@type":"SearchAction","target":{"@type":"EntryPoint","urlTemplate":"https:\/\/iraurgiberritzen.eus\/es\/?s={search_term_string}"},"query-input":{"@type":"PropertyValueSpecification","valueRequired":true,"valueName":"search_term_string"}}],"inLanguage":"es"},{"@type":"Organization","@id":"https:\/\/iraurgiberritzen.eus\/es\/#organization","name":"Iraurgi Berritzen","url":"https:\/\/iraurgiberritzen.eus\/es\/","logo":{"@type":"ImageObject","inLanguage":"es","@id":"https:\/\/iraurgiberritzen.eus\/es\/#\/schema\/logo\/image\/","url":"https:\/\/iraurgiberritzen.eus\/wp-content\/uploads\/2024\/02\/IRAURGI-BERRITZEN-logotipoa_2.png","contentUrl":"https:\/\/iraurgiberritzen.eus\/wp-content\/uploads\/2024\/02\/IRAURGI-BERRITZEN-logotipoa_2.png","width":496,"height":190,"caption":"Iraurgi Berritzen"},"image":{"@id":"https:\/\/iraurgiberritzen.eus\/es\/#\/schema\/logo\/image\/"}},{"@type":"Person","@id":"https:\/\/iraurgiberritzen.eus\/es\/#\/schema\/person\/a32c9825b3e2bfcbe757a97f6a15c8a5","name":"ainara"}]}},"_links":{"self":[{"href":"https:\/\/iraurgiberritzen.eus\/es\/wp-json\/wp\/v2\/posts\/21756","targetHints":{"allow":["GET"]}}],"collection":[{"href":"https:\/\/iraurgiberritzen.eus\/es\/wp-json\/wp\/v2\/posts"}],"about":[{"href":"https:\/\/iraurgiberritzen.eus\/es\/wp-json\/wp\/v2\/types\/post"}],"author":[{"embeddable":true,"href":"https:\/\/iraurgiberritzen.eus\/es\/wp-json\/wp\/v2\/users\/4"}],"replies":[{"embeddable":true,"href":"https:\/\/iraurgiberritzen.eus\/es\/wp-json\/wp\/v2\/comments?post=21756"}],"version-history":[{"count":1,"href":"https:\/\/iraurgiberritzen.eus\/es\/wp-json\/wp\/v2\/posts\/21756\/revisions"}],"predecessor-version":[{"id":21757,"href":"https:\/\/iraurgiberritzen.eus\/es\/wp-json\/wp\/v2\/posts\/21756\/revisions\/21757"}],"wp:featuredmedia":[{"embeddable":true,"href":"https:\/\/iraurgiberritzen.eus\/es\/wp-json\/wp\/v2\/media\/21754"}],"wp:attachment":[{"href":"https:\/\/iraurgiberritzen.eus\/es\/wp-json\/wp\/v2\/media?parent=21756"}],"wp:term":[{"taxonomy":"category","embeddable":true,"href":"https:\/\/iraurgiberritzen.eus\/es\/wp-json\/wp\/v2\/categories?post=21756"},{"taxonomy":"post_tag","embeddable":true,"href":"https:\/\/iraurgiberritzen.eus\/es\/wp-json\/wp\/v2\/tags?post=21756"}],"curies":[{"name":"wp","href":"https:\/\/api.w.org\/{rel}","templated":true}]}}