{"id":21859,"date":"2024-10-30T16:46:54","date_gmt":"2024-10-30T14:46:54","guid":{"rendered":"https:\/\/iraurgiberritzen.eus\/?p=21859"},"modified":"2024-10-30T18:38:58","modified_gmt":"2024-10-30T16:38:58","slug":"compartidos-los-resultados-del-plan-estrategico-de-turismo-de-la-comarca-con-los-agentes","status":"publish","type":"post","link":"https:\/\/iraurgiberritzen.eus\/es\/compartidos-los-resultados-del-plan-estrategico-de-turismo-de-la-comarca-con-los-agentes\/","title":{"rendered":"Compartidos los resultados del Plan Estrat\u00e9gico comarcal de Turismo con los agentes"},"content":{"rendered":"<p><span data-contrast=\"auto\">Responsables del \u00e1rea de Turismo de Iraurgi Berritzen y agentes de la comarca que han participado en el desarrollo del plan estrat\u00e9gico de turismo se han reunido en el Museo Vasco del Ferrocarril de Azpeitia para compartir los resultados que ha dado el plan.<\/span><span data-ccp-props=\"{&quot;134233117&quot;:false,&quot;134233118&quot;:false,&quot;335559738&quot;:240,&quot;335559739&quot;:240}\">\u00a0<\/span><\/p>\n<p><span data-contrast=\"auto\">Una vez dise\u00f1ado el plan con la participaci\u00f3n de diferentes agentes en 2024, se ha presentado el plan para la ejecuci\u00f3n de las acciones que all\u00ed se han definido entre 2025 y 2027.<\/span><span data-ccp-props=\"{&quot;134233117&quot;:false,&quot;134233118&quot;:false,&quot;335559738&quot;:240,&quot;335559739&quot;:240}\">\u00a0<\/span><\/p>\n<p><span data-contrast=\"auto\">Los responsables de turismo se comprometen a realizar el seguimiento de las diferentes acciones definidas, haciendo uso para ello tanto de la mesa de agentes como de \u201cturismo gunea\u201d. <\/span><span data-ccp-props=\"{&quot;134233117&quot;:false,&quot;134233118&quot;:false,&quot;335559738&quot;:240,&quot;335559739&quot;:240}\">\u00a0<\/span><\/p>\n","protected":false},"excerpt":{"rendered":"<p>Responsables del \u00e1rea de Turismo de Iraurgi Berritzen y agentes de la comarca que han participado en el desarrollo del plan estrat\u00e9gico de turismo se han reunido en el Museo Vasco del Ferrocarril de Azpeitia para compartir los resultados que ha dado el plan.\u00a0 Una vez dise\u00f1ado el plan con la participaci\u00f3n de diferentes agentes [&hellip;]<\/p>\n","protected":false},"author":4,"featured_media":21855,"comment_status":"closed","ping_status":"closed","sticky":false,"template":"","format":"standard","meta":{"_acf_changed":false,"footnotes":""},"categories":[4],"tags":[],"class_list":["post-21859","post","type-post","status-publish","format-standard","has-post-thumbnail","hentry","category-noticias","arloak-turismo"],"acf":[],"yoast_head":"<!-- This site is optimized with the Yoast SEO plugin v27.4 - https:\/\/yoast.com\/product\/yoast-seo-wordpress\/ -->\n<title>Compartidos los resultados del Plan Estrat\u00e9gico comarcal de Turismo con los agentes - Iraurgi Berritzen<\/title>\n<meta name=\"robots\" content=\"index, follow, max-snippet:-1, max-image-preview:large, max-video-preview:-1\" \/>\n<link rel=\"canonical\" href=\"https:\/\/iraurgiberritzen.eus\/es\/compartidos-los-resultados-del-plan-estrategico-de-turismo-de-la-comarca-con-los-agentes\/\" \/>\n<meta property=\"og:locale\" content=\"es_ES\" \/>\n<meta property=\"og:type\" content=\"article\" \/>\n<meta property=\"og:title\" content=\"Compartidos los resultados del Plan Estrat\u00e9gico comarcal de Turismo con los agentes - Iraurgi Berritzen\" \/>\n<meta property=\"og:description\" content=\"Responsables del \u00e1rea de Turismo de Iraurgi Berritzen y agentes de la comarca que han participado en el desarrollo del plan estrat\u00e9gico de turismo se han reunido en el Museo Vasco del Ferrocarril de Azpeitia para compartir los resultados que ha dado el plan.\u00a0 Una vez dise\u00f1ado el plan con la participaci\u00f3n de diferentes agentes [&hellip;]\" \/>\n<meta property=\"og:url\" content=\"https:\/\/iraurgiberritzen.eus\/es\/compartidos-los-resultados-del-plan-estrategico-de-turismo-de-la-comarca-con-los-agentes\/\" \/>\n<meta property=\"og:site_name\" content=\"Iraurgi Berritzen\" \/>\n<meta property=\"article:published_time\" content=\"2024-10-30T14:46:54+00:00\" \/>\n<meta property=\"article:modified_time\" content=\"2024-10-30T16:38:58+00:00\" \/>\n<meta property=\"og:image\" content=\"https:\/\/iraurgiberritzen.eus\/wp-content\/uploads\/2024\/10\/20241029_174758-scaled.jpg\" \/>\n\t<meta property=\"og:image:width\" content=\"2560\" \/>\n\t<meta property=\"og:image:height\" content=\"1180\" \/>\n\t<meta property=\"og:image:type\" content=\"image\/jpeg\" \/>\n<meta name=\"author\" content=\"ainara\" \/>\n<meta name=\"twitter:card\" content=\"summary_large_image\" \/>\n<meta name=\"twitter:label1\" content=\"Escrito por\" \/>\n\t<meta name=\"twitter:data1\" content=\"ainara\" \/>\n\t<meta name=\"twitter:label2\" content=\"Tiempo de lectura\" \/>\n\t<meta name=\"twitter:data2\" content=\"1 minuto\" \/>\n<script type=\"application\/ld+json\" class=\"yoast-schema-graph\">{\"@context\":\"https:\\\/\\\/schema.org\",\"@graph\":[{\"@type\":\"Article\",\"@id\":\"https:\\\/\\\/iraurgiberritzen.eus\\\/es\\\/compartidos-los-resultados-del-plan-estrategico-de-turismo-de-la-comarca-con-los-agentes\\\/#article\",\"isPartOf\":{\"@id\":\"https:\\\/\\\/iraurgiberritzen.eus\\\/es\\\/compartidos-los-resultados-del-plan-estrategico-de-turismo-de-la-comarca-con-los-agentes\\\/\"},\"author\":{\"name\":\"ainara\",\"@id\":\"https:\\\/\\\/iraurgiberritzen.eus\\\/es\\\/#\\\/schema\\\/person\\\/a32c9825b3e2bfcbe757a97f6a15c8a5\"},\"headline\":\"Compartidos los resultados del Plan Estrat\u00e9gico comarcal de Turismo con los agentes\",\"datePublished\":\"2024-10-30T14:46:54+00:00\",\"dateModified\":\"2024-10-30T16:38:58+00:00\",\"mainEntityOfPage\":{\"@id\":\"https:\\\/\\\/iraurgiberritzen.eus\\\/es\\\/compartidos-los-resultados-del-plan-estrategico-de-turismo-de-la-comarca-con-los-agentes\\\/\"},\"wordCount\":120,\"publisher\":{\"@id\":\"https:\\\/\\\/iraurgiberritzen.eus\\\/es\\\/#organization\"},\"image\":{\"@id\":\"https:\\\/\\\/iraurgiberritzen.eus\\\/es\\\/compartidos-los-resultados-del-plan-estrategico-de-turismo-de-la-comarca-con-los-agentes\\\/#primaryimage\"},\"thumbnailUrl\":\"https:\\\/\\\/iraurgiberritzen.eus\\\/wp-content\\\/uploads\\\/2024\\\/10\\\/20241029_174758-scaled.jpg\",\"articleSection\":[\"Noticias\"],\"inLanguage\":\"es\"},{\"@type\":\"WebPage\",\"@id\":\"https:\\\/\\\/iraurgiberritzen.eus\\\/es\\\/compartidos-los-resultados-del-plan-estrategico-de-turismo-de-la-comarca-con-los-agentes\\\/\",\"url\":\"https:\\\/\\\/iraurgiberritzen.eus\\\/es\\\/compartidos-los-resultados-del-plan-estrategico-de-turismo-de-la-comarca-con-los-agentes\\\/\",\"name\":\"Compartidos los resultados del Plan Estrat\u00e9gico comarcal de Turismo con los agentes - Iraurgi Berritzen\",\"isPartOf\":{\"@id\":\"https:\\\/\\\/iraurgiberritzen.eus\\\/es\\\/#website\"},\"primaryImageOfPage\":{\"@id\":\"https:\\\/\\\/iraurgiberritzen.eus\\\/es\\\/compartidos-los-resultados-del-plan-estrategico-de-turismo-de-la-comarca-con-los-agentes\\\/#primaryimage\"},\"image\":{\"@id\":\"https:\\\/\\\/iraurgiberritzen.eus\\\/es\\\/compartidos-los-resultados-del-plan-estrategico-de-turismo-de-la-comarca-con-los-agentes\\\/#primaryimage\"},\"thumbnailUrl\":\"https:\\\/\\\/iraurgiberritzen.eus\\\/wp-content\\\/uploads\\\/2024\\\/10\\\/20241029_174758-scaled.jpg\",\"datePublished\":\"2024-10-30T14:46:54+00:00\",\"dateModified\":\"2024-10-30T16:38:58+00:00\",\"breadcrumb\":{\"@id\":\"https:\\\/\\\/iraurgiberritzen.eus\\\/es\\\/compartidos-los-resultados-del-plan-estrategico-de-turismo-de-la-comarca-con-los-agentes\\\/#breadcrumb\"},\"inLanguage\":\"es\",\"potentialAction\":[{\"@type\":\"ReadAction\",\"target\":[\"https:\\\/\\\/iraurgiberritzen.eus\\\/es\\\/compartidos-los-resultados-del-plan-estrategico-de-turismo-de-la-comarca-con-los-agentes\\\/\"]}]},{\"@type\":\"ImageObject\",\"inLanguage\":\"es\",\"@id\":\"https:\\\/\\\/iraurgiberritzen.eus\\\/es\\\/compartidos-los-resultados-del-plan-estrategico-de-turismo-de-la-comarca-con-los-agentes\\\/#primaryimage\",\"url\":\"https:\\\/\\\/iraurgiberritzen.eus\\\/wp-content\\\/uploads\\\/2024\\\/10\\\/20241029_174758-scaled.jpg\",\"contentUrl\":\"https:\\\/\\\/iraurgiberritzen.eus\\\/wp-content\\\/uploads\\\/2024\\\/10\\\/20241029_174758-scaled.jpg\",\"width\":2560,\"height\":1180},{\"@type\":\"BreadcrumbList\",\"@id\":\"https:\\\/\\\/iraurgiberritzen.eus\\\/es\\\/compartidos-los-resultados-del-plan-estrategico-de-turismo-de-la-comarca-con-los-agentes\\\/#breadcrumb\",\"itemListElement\":[{\"@type\":\"ListItem\",\"position\":1,\"name\":\"Home\",\"item\":\"https:\\\/\\\/iraurgiberritzen.eus\\\/es\\\/\"},{\"@type\":\"ListItem\",\"position\":2,\"name\":\"Compartidos los resultados del Plan Estrat\u00e9gico comarcal de Turismo con los agentes\"}]},{\"@type\":\"WebSite\",\"@id\":\"https:\\\/\\\/iraurgiberritzen.eus\\\/es\\\/#website\",\"url\":\"https:\\\/\\\/iraurgiberritzen.eus\\\/es\\\/\",\"name\":\"Iraurgi Berritzen\",\"description\":\"Urola Erdiko Garapen Agentzia\",\"publisher\":{\"@id\":\"https:\\\/\\\/iraurgiberritzen.eus\\\/es\\\/#organization\"},\"potentialAction\":[{\"@type\":\"SearchAction\",\"target\":{\"@type\":\"EntryPoint\",\"urlTemplate\":\"https:\\\/\\\/iraurgiberritzen.eus\\\/es\\\/?s={search_term_string}\"},\"query-input\":{\"@type\":\"PropertyValueSpecification\",\"valueRequired\":true,\"valueName\":\"search_term_string\"}}],\"inLanguage\":\"es\"},{\"@type\":\"Organization\",\"@id\":\"https:\\\/\\\/iraurgiberritzen.eus\\\/es\\\/#organization\",\"name\":\"Iraurgi Berritzen\",\"url\":\"https:\\\/\\\/iraurgiberritzen.eus\\\/es\\\/\",\"logo\":{\"@type\":\"ImageObject\",\"inLanguage\":\"es\",\"@id\":\"https:\\\/\\\/iraurgiberritzen.eus\\\/es\\\/#\\\/schema\\\/logo\\\/image\\\/\",\"url\":\"https:\\\/\\\/iraurgiberritzen.eus\\\/wp-content\\\/uploads\\\/2024\\\/02\\\/IRAURGI-BERRITZEN-logotipoa_2.png\",\"contentUrl\":\"https:\\\/\\\/iraurgiberritzen.eus\\\/wp-content\\\/uploads\\\/2024\\\/02\\\/IRAURGI-BERRITZEN-logotipoa_2.png\",\"width\":496,\"height\":190,\"caption\":\"Iraurgi Berritzen\"},\"image\":{\"@id\":\"https:\\\/\\\/iraurgiberritzen.eus\\\/es\\\/#\\\/schema\\\/logo\\\/image\\\/\"}},{\"@type\":\"Person\",\"@id\":\"https:\\\/\\\/iraurgiberritzen.eus\\\/es\\\/#\\\/schema\\\/person\\\/a32c9825b3e2bfcbe757a97f6a15c8a5\",\"name\":\"ainara\"}]}<\/script>\n<!-- \/ Yoast SEO plugin. -->","yoast_head_json":{"title":"Compartidos los resultados del Plan Estrat\u00e9gico comarcal de Turismo con los agentes - Iraurgi Berritzen","robots":{"index":"index","follow":"follow","max-snippet":"max-snippet:-1","max-image-preview":"max-image-preview:large","max-video-preview":"max-video-preview:-1"},"canonical":"https:\/\/iraurgiberritzen.eus\/es\/compartidos-los-resultados-del-plan-estrategico-de-turismo-de-la-comarca-con-los-agentes\/","og_locale":"es_ES","og_type":"article","og_title":"Compartidos los resultados del Plan Estrat\u00e9gico comarcal de Turismo con los agentes - Iraurgi Berritzen","og_description":"Responsables del \u00e1rea de Turismo de Iraurgi Berritzen y agentes de la comarca que han participado en el desarrollo del plan estrat\u00e9gico de turismo se han reunido en el Museo Vasco del Ferrocarril de Azpeitia para compartir los resultados que ha dado el plan.\u00a0 Una vez dise\u00f1ado el plan con la participaci\u00f3n de diferentes agentes [&hellip;]","og_url":"https:\/\/iraurgiberritzen.eus\/es\/compartidos-los-resultados-del-plan-estrategico-de-turismo-de-la-comarca-con-los-agentes\/","og_site_name":"Iraurgi Berritzen","article_published_time":"2024-10-30T14:46:54+00:00","article_modified_time":"2024-10-30T16:38:58+00:00","og_image":[{"width":2560,"height":1180,"url":"https:\/\/iraurgiberritzen.eus\/wp-content\/uploads\/2024\/10\/20241029_174758-scaled.jpg","type":"image\/jpeg"}],"author":"ainara","twitter_card":"summary_large_image","twitter_misc":{"Escrito por":"ainara","Tiempo de lectura":"1 minuto"},"schema":{"@context":"https:\/\/schema.org","@graph":[{"@type":"Article","@id":"https:\/\/iraurgiberritzen.eus\/es\/compartidos-los-resultados-del-plan-estrategico-de-turismo-de-la-comarca-con-los-agentes\/#article","isPartOf":{"@id":"https:\/\/iraurgiberritzen.eus\/es\/compartidos-los-resultados-del-plan-estrategico-de-turismo-de-la-comarca-con-los-agentes\/"},"author":{"name":"ainara","@id":"https:\/\/iraurgiberritzen.eus\/es\/#\/schema\/person\/a32c9825b3e2bfcbe757a97f6a15c8a5"},"headline":"Compartidos los resultados del Plan Estrat\u00e9gico comarcal de Turismo con los agentes","datePublished":"2024-10-30T14:46:54+00:00","dateModified":"2024-10-30T16:38:58+00:00","mainEntityOfPage":{"@id":"https:\/\/iraurgiberritzen.eus\/es\/compartidos-los-resultados-del-plan-estrategico-de-turismo-de-la-comarca-con-los-agentes\/"},"wordCount":120,"publisher":{"@id":"https:\/\/iraurgiberritzen.eus\/es\/#organization"},"image":{"@id":"https:\/\/iraurgiberritzen.eus\/es\/compartidos-los-resultados-del-plan-estrategico-de-turismo-de-la-comarca-con-los-agentes\/#primaryimage"},"thumbnailUrl":"https:\/\/iraurgiberritzen.eus\/wp-content\/uploads\/2024\/10\/20241029_174758-scaled.jpg","articleSection":["Noticias"],"inLanguage":"es"},{"@type":"WebPage","@id":"https:\/\/iraurgiberritzen.eus\/es\/compartidos-los-resultados-del-plan-estrategico-de-turismo-de-la-comarca-con-los-agentes\/","url":"https:\/\/iraurgiberritzen.eus\/es\/compartidos-los-resultados-del-plan-estrategico-de-turismo-de-la-comarca-con-los-agentes\/","name":"Compartidos los resultados del Plan Estrat\u00e9gico comarcal de Turismo con los agentes - Iraurgi Berritzen","isPartOf":{"@id":"https:\/\/iraurgiberritzen.eus\/es\/#website"},"primaryImageOfPage":{"@id":"https:\/\/iraurgiberritzen.eus\/es\/compartidos-los-resultados-del-plan-estrategico-de-turismo-de-la-comarca-con-los-agentes\/#primaryimage"},"image":{"@id":"https:\/\/iraurgiberritzen.eus\/es\/compartidos-los-resultados-del-plan-estrategico-de-turismo-de-la-comarca-con-los-agentes\/#primaryimage"},"thumbnailUrl":"https:\/\/iraurgiberritzen.eus\/wp-content\/uploads\/2024\/10\/20241029_174758-scaled.jpg","datePublished":"2024-10-30T14:46:54+00:00","dateModified":"2024-10-30T16:38:58+00:00","breadcrumb":{"@id":"https:\/\/iraurgiberritzen.eus\/es\/compartidos-los-resultados-del-plan-estrategico-de-turismo-de-la-comarca-con-los-agentes\/#breadcrumb"},"inLanguage":"es","potentialAction":[{"@type":"ReadAction","target":["https:\/\/iraurgiberritzen.eus\/es\/compartidos-los-resultados-del-plan-estrategico-de-turismo-de-la-comarca-con-los-agentes\/"]}]},{"@type":"ImageObject","inLanguage":"es","@id":"https:\/\/iraurgiberritzen.eus\/es\/compartidos-los-resultados-del-plan-estrategico-de-turismo-de-la-comarca-con-los-agentes\/#primaryimage","url":"https:\/\/iraurgiberritzen.eus\/wp-content\/uploads\/2024\/10\/20241029_174758-scaled.jpg","contentUrl":"https:\/\/iraurgiberritzen.eus\/wp-content\/uploads\/2024\/10\/20241029_174758-scaled.jpg","width":2560,"height":1180},{"@type":"BreadcrumbList","@id":"https:\/\/iraurgiberritzen.eus\/es\/compartidos-los-resultados-del-plan-estrategico-de-turismo-de-la-comarca-con-los-agentes\/#breadcrumb","itemListElement":[{"@type":"ListItem","position":1,"name":"Home","item":"https:\/\/iraurgiberritzen.eus\/es\/"},{"@type":"ListItem","position":2,"name":"Compartidos los resultados del Plan Estrat\u00e9gico comarcal de Turismo con los agentes"}]},{"@type":"WebSite","@id":"https:\/\/iraurgiberritzen.eus\/es\/#website","url":"https:\/\/iraurgiberritzen.eus\/es\/","name":"Iraurgi Berritzen","description":"Urola Erdiko Garapen Agentzia","publisher":{"@id":"https:\/\/iraurgiberritzen.eus\/es\/#organization"},"potentialAction":[{"@type":"SearchAction","target":{"@type":"EntryPoint","urlTemplate":"https:\/\/iraurgiberritzen.eus\/es\/?s={search_term_string}"},"query-input":{"@type":"PropertyValueSpecification","valueRequired":true,"valueName":"search_term_string"}}],"inLanguage":"es"},{"@type":"Organization","@id":"https:\/\/iraurgiberritzen.eus\/es\/#organization","name":"Iraurgi Berritzen","url":"https:\/\/iraurgiberritzen.eus\/es\/","logo":{"@type":"ImageObject","inLanguage":"es","@id":"https:\/\/iraurgiberritzen.eus\/es\/#\/schema\/logo\/image\/","url":"https:\/\/iraurgiberritzen.eus\/wp-content\/uploads\/2024\/02\/IRAURGI-BERRITZEN-logotipoa_2.png","contentUrl":"https:\/\/iraurgiberritzen.eus\/wp-content\/uploads\/2024\/02\/IRAURGI-BERRITZEN-logotipoa_2.png","width":496,"height":190,"caption":"Iraurgi Berritzen"},"image":{"@id":"https:\/\/iraurgiberritzen.eus\/es\/#\/schema\/logo\/image\/"}},{"@type":"Person","@id":"https:\/\/iraurgiberritzen.eus\/es\/#\/schema\/person\/a32c9825b3e2bfcbe757a97f6a15c8a5","name":"ainara"}]}},"_links":{"self":[{"href":"https:\/\/iraurgiberritzen.eus\/es\/wp-json\/wp\/v2\/posts\/21859","targetHints":{"allow":["GET"]}}],"collection":[{"href":"https:\/\/iraurgiberritzen.eus\/es\/wp-json\/wp\/v2\/posts"}],"about":[{"href":"https:\/\/iraurgiberritzen.eus\/es\/wp-json\/wp\/v2\/types\/post"}],"author":[{"embeddable":true,"href":"https:\/\/iraurgiberritzen.eus\/es\/wp-json\/wp\/v2\/users\/4"}],"replies":[{"embeddable":true,"href":"https:\/\/iraurgiberritzen.eus\/es\/wp-json\/wp\/v2\/comments?post=21859"}],"version-history":[{"count":3,"href":"https:\/\/iraurgiberritzen.eus\/es\/wp-json\/wp\/v2\/posts\/21859\/revisions"}],"predecessor-version":[{"id":21862,"href":"https:\/\/iraurgiberritzen.eus\/es\/wp-json\/wp\/v2\/posts\/21859\/revisions\/21862"}],"wp:featuredmedia":[{"embeddable":true,"href":"https:\/\/iraurgiberritzen.eus\/es\/wp-json\/wp\/v2\/media\/21855"}],"wp:attachment":[{"href":"https:\/\/iraurgiberritzen.eus\/es\/wp-json\/wp\/v2\/media?parent=21859"}],"wp:term":[{"taxonomy":"category","embeddable":true,"href":"https:\/\/iraurgiberritzen.eus\/es\/wp-json\/wp\/v2\/categories?post=21859"},{"taxonomy":"post_tag","embeddable":true,"href":"https:\/\/iraurgiberritzen.eus\/es\/wp-json\/wp\/v2\/tags?post=21859"}],"curies":[{"name":"wp","href":"https:\/\/api.w.org\/{rel}","templated":true}]}}