{"id":21869,"date":"2024-10-31T15:45:34","date_gmt":"2024-10-31T13:45:34","guid":{"rendered":"https:\/\/iraurgiberritzen.eus\/?p=21869"},"modified":"2024-10-31T15:45:34","modified_gmt":"2024-10-31T13:45:34","slug":"iraurgi-berritzen-participa-en-la-tercera-edicion-de-re-think-industry","status":"publish","type":"post","link":"https:\/\/iraurgiberritzen.eus\/es\/iraurgi-berritzen-participa-en-la-tercera-edicion-de-re-think-industry\/","title":{"rendered":"Iraurgi Berritzen participa en la tercera edici\u00f3n de \u2018Re-Think Industry\u2019"},"content":{"rendered":"<h5>La Diputaci\u00f3n Foral de Gipuzkoa celebr\u00f3 ayer la tercera edici\u00f3n de la iniciativa \u2018Re-Think Industry\u2019, a la que asistieron m\u00e1s de 550 personas, abordando temas como la transformaci\u00f3n digital, la sostenibilidad, el relevo generacional y el crecimiento de los proyectos empresariales. Entre ellas cabe destacar la participaci\u00f3n de representantes de la Agencia de Desarrollo e Innovaci\u00f3n del Urola Medio, Iraurgi Berritzen, y de varias empresas de la comarca.<\/h5>\n<p>La diputada general, Eider Mendoza, subray\u00f3 que se reforzar\u00e1n las ayudas a las peque\u00f1as y medianas empresas frente a los retos del futuro.<\/p>\n<p>Durante la jornada se trataron cuestiones relacionadas con la <strong>transformaci\u00f3n digital, la sostenibilidad, el relevo intergeneracional y el crecimiento de proyectos empresariales<\/strong>. La Diputaci\u00f3n transmiti\u00f3 que en 2024 han desarrollado programas como Gipuzkoa Digitala, ciberseguridad, transici\u00f3n ecol\u00f3gica, sucesi\u00f3n de proyectos empresariales y crecimiento, con un total de 6,3 millones de euros en ayudas.<\/p>\n<p>El evento tuvo lugar en el Kursaal y cont\u00f3 con <strong>dos ponencias principales<\/strong>:<strong> Andr\u00e9s Rodr\u00edguez-Pose<\/strong>, prestigioso acad\u00e9mico en el campo de la Geograf\u00eda Econ\u00f3mica, y <strong>Javier Garc\u00eda-Cogorro<\/strong>, socio fundador y secretario de Columbus Venture Partners, fundaci\u00f3n dedicada al desarrollo de terapias avanzadas para enfermedades ultra raras, quienes compartieron perspectivas sobre el futuro de la industria y la innovaci\u00f3n en Gipuzkoa.<\/p>\n<p>Adem\u00e1s, se llevaron a cabo <strong>cuatro mesas redondas en colaboraci\u00f3n con agentes econ\u00f3micos de Gipuzko<\/strong>a, donde los asistentes pudieron conocer de cerca la labor de empresas referentes en el territorio, integrando las lecciones de estos casos de \u00e9xito en sus propios trayectos. Adem\u00e1s de empresas de otras comarcas guipuzcoanas, en lo que respecta a las empresas de Urola Medio, representantes de <strong>Ekintza Mekanizatuak, Domusa y Biele<\/strong> presentaron sus experiencias sobre transformaci\u00f3n digital y ciberseguridad, transici\u00f3n energ\u00e9tica y crecimiento empresarial.<\/p>\n<p>Ane Insausti, diputada de Promoci\u00f3n Econ\u00f3mica y Proyectos Estrat\u00e9gicos, cerr\u00f3 la jornada agradeciendo a todas las personas y agentes que hicieron posible este evento.<\/p>\n<p>&nbsp;<\/p>\n","protected":false},"excerpt":{"rendered":"<p>La Diputaci\u00f3n Foral de Gipuzkoa celebr\u00f3 ayer la tercera edici\u00f3n de la iniciativa \u2018Re-Think Industry\u2019, a la que asistieron m\u00e1s de 550 personas, abordando temas como la transformaci\u00f3n digital, la sostenibilidad, el relevo generacional y el crecimiento de los proyectos empresariales. Entre ellas cabe destacar la participaci\u00f3n de representantes de la Agencia de Desarrollo e [&hellip;]<\/p>\n","protected":false},"author":4,"featured_media":21865,"comment_status":"closed","ping_status":"closed","sticky":false,"template":"","format":"standard","meta":{"_acf_changed":false,"footnotes":""},"categories":[4],"tags":[],"class_list":["post-21869","post","type-post","status-publish","format-standard","has-post-thumbnail","hentry","category-noticias","arloak-enpresa"],"acf":[],"yoast_head":"<!-- This site is optimized with the Yoast SEO plugin v27.4 - https:\/\/yoast.com\/product\/yoast-seo-wordpress\/ -->\n<title>Iraurgi Berritzen participa en la tercera edici\u00f3n de \u2018Re-Think Industry\u2019 - Iraurgi Berritzen<\/title>\n<meta name=\"robots\" content=\"index, follow, max-snippet:-1, max-image-preview:large, max-video-preview:-1\" \/>\n<link rel=\"canonical\" href=\"https:\/\/iraurgiberritzen.eus\/es\/iraurgi-berritzen-participa-en-la-tercera-edicion-de-re-think-industry\/\" \/>\n<meta property=\"og:locale\" content=\"es_ES\" \/>\n<meta property=\"og:type\" content=\"article\" \/>\n<meta property=\"og:title\" content=\"Iraurgi Berritzen participa en la tercera edici\u00f3n de \u2018Re-Think Industry\u2019 - Iraurgi Berritzen\" \/>\n<meta property=\"og:description\" content=\"La Diputaci\u00f3n Foral de Gipuzkoa celebr\u00f3 ayer la tercera edici\u00f3n de la iniciativa \u2018Re-Think Industry\u2019, a la que asistieron m\u00e1s de 550 personas, abordando temas como la transformaci\u00f3n digital, la sostenibilidad, el relevo generacional y el crecimiento de los proyectos empresariales. Entre ellas cabe destacar la participaci\u00f3n de representantes de la Agencia de Desarrollo e [&hellip;]\" \/>\n<meta property=\"og:url\" content=\"https:\/\/iraurgiberritzen.eus\/es\/iraurgi-berritzen-participa-en-la-tercera-edicion-de-re-think-industry\/\" \/>\n<meta property=\"og:site_name\" content=\"Iraurgi Berritzen\" \/>\n<meta property=\"article:published_time\" content=\"2024-10-31T13:45:34+00:00\" \/>\n<meta property=\"og:image\" content=\"https:\/\/iraurgiberritzen.eus\/wp-content\/uploads\/2024\/10\/RE-THINK-GFA-032.jpg\" \/>\n\t<meta property=\"og:image:width\" content=\"2500\" \/>\n\t<meta property=\"og:image:height\" content=\"1599\" \/>\n\t<meta property=\"og:image:type\" content=\"image\/jpeg\" \/>\n<meta name=\"author\" content=\"ainara\" \/>\n<meta name=\"twitter:card\" content=\"summary_large_image\" \/>\n<meta name=\"twitter:label1\" content=\"Escrito por\" \/>\n\t<meta name=\"twitter:data1\" content=\"ainara\" \/>\n\t<meta name=\"twitter:label2\" content=\"Tiempo de lectura\" \/>\n\t<meta name=\"twitter:data2\" content=\"2 minutos\" \/>\n<script type=\"application\/ld+json\" class=\"yoast-schema-graph\">{\"@context\":\"https:\\\/\\\/schema.org\",\"@graph\":[{\"@type\":\"Article\",\"@id\":\"https:\\\/\\\/iraurgiberritzen.eus\\\/es\\\/iraurgi-berritzen-participa-en-la-tercera-edicion-de-re-think-industry\\\/#article\",\"isPartOf\":{\"@id\":\"https:\\\/\\\/iraurgiberritzen.eus\\\/es\\\/iraurgi-berritzen-participa-en-la-tercera-edicion-de-re-think-industry\\\/\"},\"author\":{\"name\":\"ainara\",\"@id\":\"https:\\\/\\\/iraurgiberritzen.eus\\\/es\\\/#\\\/schema\\\/person\\\/a32c9825b3e2bfcbe757a97f6a15c8a5\"},\"headline\":\"Iraurgi Berritzen participa en la tercera edici\u00f3n de \u2018Re-Think Industry\u2019\",\"datePublished\":\"2024-10-31T13:45:34+00:00\",\"mainEntityOfPage\":{\"@id\":\"https:\\\/\\\/iraurgiberritzen.eus\\\/es\\\/iraurgi-berritzen-participa-en-la-tercera-edicion-de-re-think-industry\\\/\"},\"wordCount\":347,\"publisher\":{\"@id\":\"https:\\\/\\\/iraurgiberritzen.eus\\\/es\\\/#organization\"},\"image\":{\"@id\":\"https:\\\/\\\/iraurgiberritzen.eus\\\/es\\\/iraurgi-berritzen-participa-en-la-tercera-edicion-de-re-think-industry\\\/#primaryimage\"},\"thumbnailUrl\":\"https:\\\/\\\/iraurgiberritzen.eus\\\/wp-content\\\/uploads\\\/2024\\\/10\\\/RE-THINK-GFA-032.jpg\",\"articleSection\":[\"Noticias\"],\"inLanguage\":\"es\"},{\"@type\":\"WebPage\",\"@id\":\"https:\\\/\\\/iraurgiberritzen.eus\\\/es\\\/iraurgi-berritzen-participa-en-la-tercera-edicion-de-re-think-industry\\\/\",\"url\":\"https:\\\/\\\/iraurgiberritzen.eus\\\/es\\\/iraurgi-berritzen-participa-en-la-tercera-edicion-de-re-think-industry\\\/\",\"name\":\"Iraurgi Berritzen participa en la tercera edici\u00f3n de \u2018Re-Think Industry\u2019 - Iraurgi Berritzen\",\"isPartOf\":{\"@id\":\"https:\\\/\\\/iraurgiberritzen.eus\\\/es\\\/#website\"},\"primaryImageOfPage\":{\"@id\":\"https:\\\/\\\/iraurgiberritzen.eus\\\/es\\\/iraurgi-berritzen-participa-en-la-tercera-edicion-de-re-think-industry\\\/#primaryimage\"},\"image\":{\"@id\":\"https:\\\/\\\/iraurgiberritzen.eus\\\/es\\\/iraurgi-berritzen-participa-en-la-tercera-edicion-de-re-think-industry\\\/#primaryimage\"},\"thumbnailUrl\":\"https:\\\/\\\/iraurgiberritzen.eus\\\/wp-content\\\/uploads\\\/2024\\\/10\\\/RE-THINK-GFA-032.jpg\",\"datePublished\":\"2024-10-31T13:45:34+00:00\",\"breadcrumb\":{\"@id\":\"https:\\\/\\\/iraurgiberritzen.eus\\\/es\\\/iraurgi-berritzen-participa-en-la-tercera-edicion-de-re-think-industry\\\/#breadcrumb\"},\"inLanguage\":\"es\",\"potentialAction\":[{\"@type\":\"ReadAction\",\"target\":[\"https:\\\/\\\/iraurgiberritzen.eus\\\/es\\\/iraurgi-berritzen-participa-en-la-tercera-edicion-de-re-think-industry\\\/\"]}]},{\"@type\":\"ImageObject\",\"inLanguage\":\"es\",\"@id\":\"https:\\\/\\\/iraurgiberritzen.eus\\\/es\\\/iraurgi-berritzen-participa-en-la-tercera-edicion-de-re-think-industry\\\/#primaryimage\",\"url\":\"https:\\\/\\\/iraurgiberritzen.eus\\\/wp-content\\\/uploads\\\/2024\\\/10\\\/RE-THINK-GFA-032.jpg\",\"contentUrl\":\"https:\\\/\\\/iraurgiberritzen.eus\\\/wp-content\\\/uploads\\\/2024\\\/10\\\/RE-THINK-GFA-032.jpg\",\"width\":2500,\"height\":1599},{\"@type\":\"BreadcrumbList\",\"@id\":\"https:\\\/\\\/iraurgiberritzen.eus\\\/es\\\/iraurgi-berritzen-participa-en-la-tercera-edicion-de-re-think-industry\\\/#breadcrumb\",\"itemListElement\":[{\"@type\":\"ListItem\",\"position\":1,\"name\":\"Home\",\"item\":\"https:\\\/\\\/iraurgiberritzen.eus\\\/es\\\/\"},{\"@type\":\"ListItem\",\"position\":2,\"name\":\"Iraurgi Berritzen participa en la tercera edici\u00f3n de \u2018Re-Think Industry\u2019\"}]},{\"@type\":\"WebSite\",\"@id\":\"https:\\\/\\\/iraurgiberritzen.eus\\\/es\\\/#website\",\"url\":\"https:\\\/\\\/iraurgiberritzen.eus\\\/es\\\/\",\"name\":\"Iraurgi Berritzen\",\"description\":\"Urola Erdiko Garapen Agentzia\",\"publisher\":{\"@id\":\"https:\\\/\\\/iraurgiberritzen.eus\\\/es\\\/#organization\"},\"potentialAction\":[{\"@type\":\"SearchAction\",\"target\":{\"@type\":\"EntryPoint\",\"urlTemplate\":\"https:\\\/\\\/iraurgiberritzen.eus\\\/es\\\/?s={search_term_string}\"},\"query-input\":{\"@type\":\"PropertyValueSpecification\",\"valueRequired\":true,\"valueName\":\"search_term_string\"}}],\"inLanguage\":\"es\"},{\"@type\":\"Organization\",\"@id\":\"https:\\\/\\\/iraurgiberritzen.eus\\\/es\\\/#organization\",\"name\":\"Iraurgi Berritzen\",\"url\":\"https:\\\/\\\/iraurgiberritzen.eus\\\/es\\\/\",\"logo\":{\"@type\":\"ImageObject\",\"inLanguage\":\"es\",\"@id\":\"https:\\\/\\\/iraurgiberritzen.eus\\\/es\\\/#\\\/schema\\\/logo\\\/image\\\/\",\"url\":\"https:\\\/\\\/iraurgiberritzen.eus\\\/wp-content\\\/uploads\\\/2024\\\/02\\\/IRAURGI-BERRITZEN-logotipoa_2.png\",\"contentUrl\":\"https:\\\/\\\/iraurgiberritzen.eus\\\/wp-content\\\/uploads\\\/2024\\\/02\\\/IRAURGI-BERRITZEN-logotipoa_2.png\",\"width\":496,\"height\":190,\"caption\":\"Iraurgi Berritzen\"},\"image\":{\"@id\":\"https:\\\/\\\/iraurgiberritzen.eus\\\/es\\\/#\\\/schema\\\/logo\\\/image\\\/\"}},{\"@type\":\"Person\",\"@id\":\"https:\\\/\\\/iraurgiberritzen.eus\\\/es\\\/#\\\/schema\\\/person\\\/a32c9825b3e2bfcbe757a97f6a15c8a5\",\"name\":\"ainara\"}]}<\/script>\n<!-- \/ Yoast SEO plugin. -->","yoast_head_json":{"title":"Iraurgi Berritzen participa en la tercera edici\u00f3n de \u2018Re-Think Industry\u2019 - Iraurgi Berritzen","robots":{"index":"index","follow":"follow","max-snippet":"max-snippet:-1","max-image-preview":"max-image-preview:large","max-video-preview":"max-video-preview:-1"},"canonical":"https:\/\/iraurgiberritzen.eus\/es\/iraurgi-berritzen-participa-en-la-tercera-edicion-de-re-think-industry\/","og_locale":"es_ES","og_type":"article","og_title":"Iraurgi Berritzen participa en la tercera edici\u00f3n de \u2018Re-Think Industry\u2019 - Iraurgi Berritzen","og_description":"La Diputaci\u00f3n Foral de Gipuzkoa celebr\u00f3 ayer la tercera edici\u00f3n de la iniciativa \u2018Re-Think Industry\u2019, a la que asistieron m\u00e1s de 550 personas, abordando temas como la transformaci\u00f3n digital, la sostenibilidad, el relevo generacional y el crecimiento de los proyectos empresariales. Entre ellas cabe destacar la participaci\u00f3n de representantes de la Agencia de Desarrollo e [&hellip;]","og_url":"https:\/\/iraurgiberritzen.eus\/es\/iraurgi-berritzen-participa-en-la-tercera-edicion-de-re-think-industry\/","og_site_name":"Iraurgi Berritzen","article_published_time":"2024-10-31T13:45:34+00:00","og_image":[{"width":2500,"height":1599,"url":"https:\/\/iraurgiberritzen.eus\/wp-content\/uploads\/2024\/10\/RE-THINK-GFA-032.jpg","type":"image\/jpeg"}],"author":"ainara","twitter_card":"summary_large_image","twitter_misc":{"Escrito por":"ainara","Tiempo de lectura":"2 minutos"},"schema":{"@context":"https:\/\/schema.org","@graph":[{"@type":"Article","@id":"https:\/\/iraurgiberritzen.eus\/es\/iraurgi-berritzen-participa-en-la-tercera-edicion-de-re-think-industry\/#article","isPartOf":{"@id":"https:\/\/iraurgiberritzen.eus\/es\/iraurgi-berritzen-participa-en-la-tercera-edicion-de-re-think-industry\/"},"author":{"name":"ainara","@id":"https:\/\/iraurgiberritzen.eus\/es\/#\/schema\/person\/a32c9825b3e2bfcbe757a97f6a15c8a5"},"headline":"Iraurgi Berritzen participa en la tercera edici\u00f3n de \u2018Re-Think Industry\u2019","datePublished":"2024-10-31T13:45:34+00:00","mainEntityOfPage":{"@id":"https:\/\/iraurgiberritzen.eus\/es\/iraurgi-berritzen-participa-en-la-tercera-edicion-de-re-think-industry\/"},"wordCount":347,"publisher":{"@id":"https:\/\/iraurgiberritzen.eus\/es\/#organization"},"image":{"@id":"https:\/\/iraurgiberritzen.eus\/es\/iraurgi-berritzen-participa-en-la-tercera-edicion-de-re-think-industry\/#primaryimage"},"thumbnailUrl":"https:\/\/iraurgiberritzen.eus\/wp-content\/uploads\/2024\/10\/RE-THINK-GFA-032.jpg","articleSection":["Noticias"],"inLanguage":"es"},{"@type":"WebPage","@id":"https:\/\/iraurgiberritzen.eus\/es\/iraurgi-berritzen-participa-en-la-tercera-edicion-de-re-think-industry\/","url":"https:\/\/iraurgiberritzen.eus\/es\/iraurgi-berritzen-participa-en-la-tercera-edicion-de-re-think-industry\/","name":"Iraurgi Berritzen participa en la tercera edici\u00f3n de \u2018Re-Think Industry\u2019 - Iraurgi Berritzen","isPartOf":{"@id":"https:\/\/iraurgiberritzen.eus\/es\/#website"},"primaryImageOfPage":{"@id":"https:\/\/iraurgiberritzen.eus\/es\/iraurgi-berritzen-participa-en-la-tercera-edicion-de-re-think-industry\/#primaryimage"},"image":{"@id":"https:\/\/iraurgiberritzen.eus\/es\/iraurgi-berritzen-participa-en-la-tercera-edicion-de-re-think-industry\/#primaryimage"},"thumbnailUrl":"https:\/\/iraurgiberritzen.eus\/wp-content\/uploads\/2024\/10\/RE-THINK-GFA-032.jpg","datePublished":"2024-10-31T13:45:34+00:00","breadcrumb":{"@id":"https:\/\/iraurgiberritzen.eus\/es\/iraurgi-berritzen-participa-en-la-tercera-edicion-de-re-think-industry\/#breadcrumb"},"inLanguage":"es","potentialAction":[{"@type":"ReadAction","target":["https:\/\/iraurgiberritzen.eus\/es\/iraurgi-berritzen-participa-en-la-tercera-edicion-de-re-think-industry\/"]}]},{"@type":"ImageObject","inLanguage":"es","@id":"https:\/\/iraurgiberritzen.eus\/es\/iraurgi-berritzen-participa-en-la-tercera-edicion-de-re-think-industry\/#primaryimage","url":"https:\/\/iraurgiberritzen.eus\/wp-content\/uploads\/2024\/10\/RE-THINK-GFA-032.jpg","contentUrl":"https:\/\/iraurgiberritzen.eus\/wp-content\/uploads\/2024\/10\/RE-THINK-GFA-032.jpg","width":2500,"height":1599},{"@type":"BreadcrumbList","@id":"https:\/\/iraurgiberritzen.eus\/es\/iraurgi-berritzen-participa-en-la-tercera-edicion-de-re-think-industry\/#breadcrumb","itemListElement":[{"@type":"ListItem","position":1,"name":"Home","item":"https:\/\/iraurgiberritzen.eus\/es\/"},{"@type":"ListItem","position":2,"name":"Iraurgi Berritzen participa en la tercera edici\u00f3n de \u2018Re-Think Industry\u2019"}]},{"@type":"WebSite","@id":"https:\/\/iraurgiberritzen.eus\/es\/#website","url":"https:\/\/iraurgiberritzen.eus\/es\/","name":"Iraurgi Berritzen","description":"Urola Erdiko Garapen Agentzia","publisher":{"@id":"https:\/\/iraurgiberritzen.eus\/es\/#organization"},"potentialAction":[{"@type":"SearchAction","target":{"@type":"EntryPoint","urlTemplate":"https:\/\/iraurgiberritzen.eus\/es\/?s={search_term_string}"},"query-input":{"@type":"PropertyValueSpecification","valueRequired":true,"valueName":"search_term_string"}}],"inLanguage":"es"},{"@type":"Organization","@id":"https:\/\/iraurgiberritzen.eus\/es\/#organization","name":"Iraurgi Berritzen","url":"https:\/\/iraurgiberritzen.eus\/es\/","logo":{"@type":"ImageObject","inLanguage":"es","@id":"https:\/\/iraurgiberritzen.eus\/es\/#\/schema\/logo\/image\/","url":"https:\/\/iraurgiberritzen.eus\/wp-content\/uploads\/2024\/02\/IRAURGI-BERRITZEN-logotipoa_2.png","contentUrl":"https:\/\/iraurgiberritzen.eus\/wp-content\/uploads\/2024\/02\/IRAURGI-BERRITZEN-logotipoa_2.png","width":496,"height":190,"caption":"Iraurgi Berritzen"},"image":{"@id":"https:\/\/iraurgiberritzen.eus\/es\/#\/schema\/logo\/image\/"}},{"@type":"Person","@id":"https:\/\/iraurgiberritzen.eus\/es\/#\/schema\/person\/a32c9825b3e2bfcbe757a97f6a15c8a5","name":"ainara"}]}},"_links":{"self":[{"href":"https:\/\/iraurgiberritzen.eus\/es\/wp-json\/wp\/v2\/posts\/21869","targetHints":{"allow":["GET"]}}],"collection":[{"href":"https:\/\/iraurgiberritzen.eus\/es\/wp-json\/wp\/v2\/posts"}],"about":[{"href":"https:\/\/iraurgiberritzen.eus\/es\/wp-json\/wp\/v2\/types\/post"}],"author":[{"embeddable":true,"href":"https:\/\/iraurgiberritzen.eus\/es\/wp-json\/wp\/v2\/users\/4"}],"replies":[{"embeddable":true,"href":"https:\/\/iraurgiberritzen.eus\/es\/wp-json\/wp\/v2\/comments?post=21869"}],"version-history":[{"count":1,"href":"https:\/\/iraurgiberritzen.eus\/es\/wp-json\/wp\/v2\/posts\/21869\/revisions"}],"predecessor-version":[{"id":21870,"href":"https:\/\/iraurgiberritzen.eus\/es\/wp-json\/wp\/v2\/posts\/21869\/revisions\/21870"}],"wp:featuredmedia":[{"embeddable":true,"href":"https:\/\/iraurgiberritzen.eus\/es\/wp-json\/wp\/v2\/media\/21865"}],"wp:attachment":[{"href":"https:\/\/iraurgiberritzen.eus\/es\/wp-json\/wp\/v2\/media?parent=21869"}],"wp:term":[{"taxonomy":"category","embeddable":true,"href":"https:\/\/iraurgiberritzen.eus\/es\/wp-json\/wp\/v2\/categories?post=21869"},{"taxonomy":"post_tag","embeddable":true,"href":"https:\/\/iraurgiberritzen.eus\/es\/wp-json\/wp\/v2\/tags?post=21869"}],"curies":[{"name":"wp","href":"https:\/\/api.w.org\/{rel}","templated":true}]}}