{"id":21881,"date":"2024-11-07T11:06:09","date_gmt":"2024-11-07T09:06:09","guid":{"rendered":"https:\/\/iraurgiberritzen.eus\/?p=21881"},"modified":"2024-11-08T12:25:55","modified_gmt":"2024-11-08T10:25:55","slug":"iraurgi-berritzen-y-ziur-han-analizado-las-claves-de-la-nueva-directiva-europea-de-ciberseguridad-nis2-con-los-responsables-it-de-urola-erdia","status":"publish","type":"post","link":"https:\/\/iraurgiberritzen.eus\/es\/iraurgi-berritzen-y-ziur-han-analizado-las-claves-de-la-nueva-directiva-europea-de-ciberseguridad-nis2-con-los-responsables-it-de-urola-erdia\/","title":{"rendered":"Iraurgi Berritzen y ZIUR han analizado las claves de la nueva Directiva Europea de Ciberseguridad NIS2 con los\/as responsables IT de Urola Erdia"},"content":{"rendered":"<p>Hoy, jueves 7 de noviembre, Iraurgi Berritzen, en colaboraci\u00f3n con ZIUR, el centro de ciberseguridad industrial de Gipuzkoa, ha llevado a cabo una sesi\u00f3n de trabajo en el Palacio Basazabal, en Azpeitia. En la misma han participado <strong>16 responsables IT<\/strong> de empresas de la comarca de Urola Erdia, centr\u00e1ndose en las c<strong>laves y herramientas para el cumplimiento de la nueva Directiva Europea de Ciberseguridad NIS2<\/strong>.<\/p>\n<p>Durante la sesi\u00f3n, ZIUR ha presentado los sectores de aplicaci\u00f3n, conceptos fundamentales, pasos a seguir, y las obligaciones y plazos relacionados con la normativa. Adem\u00e1s, se han ofrecido recomendaciones y herramientas para que las empresas puedan adaptarse con \u00e9xito a las nuevas exigencias. La jornada ha concluido con un espacio de debate en el que los participantes han compartido sus experiencias en el proceso de adaptaci\u00f3n a la NIS2 y otras normativas similares.<\/p>\n<p>Este encuentro ha representado un esfuerzo conjunto para fortalecer la ciberseguridad industrial en la comarca, promoviendo el cumplimiento normativo y el intercambio de buenas pr\u00e1cticas entre las empresas participantes.<\/p>\n","protected":false},"excerpt":{"rendered":"<p>Hoy, jueves 7 de noviembre, Iraurgi Berritzen, en colaboraci\u00f3n con ZIUR, el centro de ciberseguridad industrial de Gipuzkoa, ha llevado a cabo una sesi\u00f3n de trabajo en el Palacio Basazabal, en Azpeitia. En la misma han participado 16 responsables IT de empresas de la comarca de Urola Erdia, centr\u00e1ndose en las claves y herramientas para [&hellip;]<\/p>\n","protected":false},"author":4,"featured_media":21888,"comment_status":"closed","ping_status":"closed","sticky":false,"template":"","format":"standard","meta":{"_acf_changed":false,"footnotes":""},"categories":[4],"tags":[],"class_list":["post-21881","post","type-post","status-publish","format-standard","has-post-thumbnail","hentry","category-noticias","arloak-enpresa"],"acf":[],"yoast_head":"<!-- This site is optimized with the Yoast SEO plugin v27.4 - https:\/\/yoast.com\/product\/yoast-seo-wordpress\/ -->\n<title>Iraurgi Berritzen y ZIUR han analizado las claves de la nueva Directiva Europea de Ciberseguridad NIS2 con los\/as responsables IT de Urola Erdia - Iraurgi Berritzen<\/title>\n<meta name=\"robots\" content=\"index, follow, max-snippet:-1, max-image-preview:large, max-video-preview:-1\" \/>\n<link rel=\"canonical\" href=\"https:\/\/iraurgiberritzen.eus\/es\/iraurgi-berritzen-y-ziur-han-analizado-las-claves-de-la-nueva-directiva-europea-de-ciberseguridad-nis2-con-los-responsables-it-de-urola-erdia\/\" \/>\n<meta property=\"og:locale\" content=\"es_ES\" \/>\n<meta property=\"og:type\" content=\"article\" \/>\n<meta property=\"og:title\" content=\"Iraurgi Berritzen y ZIUR han analizado las claves de la nueva Directiva Europea de Ciberseguridad NIS2 con los\/as responsables IT de Urola Erdia - Iraurgi Berritzen\" \/>\n<meta property=\"og:description\" content=\"Hoy, jueves 7 de noviembre, Iraurgi Berritzen, en colaboraci\u00f3n con ZIUR, el centro de ciberseguridad industrial de Gipuzkoa, ha llevado a cabo una sesi\u00f3n de trabajo en el Palacio Basazabal, en Azpeitia. En la misma han participado 16 responsables IT de empresas de la comarca de Urola Erdia, centr\u00e1ndose en las claves y herramientas para [&hellip;]\" \/>\n<meta property=\"og:url\" content=\"https:\/\/iraurgiberritzen.eus\/es\/iraurgi-berritzen-y-ziur-han-analizado-las-claves-de-la-nueva-directiva-europea-de-ciberseguridad-nis2-con-los-responsables-it-de-urola-erdia\/\" \/>\n<meta property=\"og:site_name\" content=\"Iraurgi Berritzen\" \/>\n<meta property=\"article:published_time\" content=\"2024-11-07T09:06:09+00:00\" \/>\n<meta property=\"article:modified_time\" content=\"2024-11-08T10:25:55+00:00\" \/>\n<meta property=\"og:image\" content=\"https:\/\/iraurgiberritzen.eus\/wp-content\/uploads\/2024\/11\/WhatsApp-Image-2024-11-07-at-09.55.22-5-scaled.jpeg\" \/>\n\t<meta property=\"og:image:width\" content=\"2560\" \/>\n\t<meta property=\"og:image:height\" content=\"1920\" \/>\n\t<meta property=\"og:image:type\" content=\"image\/jpeg\" \/>\n<meta name=\"author\" content=\"ainara\" \/>\n<meta name=\"twitter:card\" content=\"summary_large_image\" \/>\n<meta name=\"twitter:label1\" content=\"Escrito por\" \/>\n\t<meta name=\"twitter:data1\" content=\"ainara\" \/>\n\t<meta name=\"twitter:label2\" content=\"Tiempo de lectura\" \/>\n\t<meta name=\"twitter:data2\" content=\"2 minutos\" \/>\n<script type=\"application\/ld+json\" class=\"yoast-schema-graph\">{\"@context\":\"https:\\\/\\\/schema.org\",\"@graph\":[{\"@type\":\"Article\",\"@id\":\"https:\\\/\\\/iraurgiberritzen.eus\\\/es\\\/iraurgi-berritzen-y-ziur-han-analizado-las-claves-de-la-nueva-directiva-europea-de-ciberseguridad-nis2-con-los-responsables-it-de-urola-erdia\\\/#article\",\"isPartOf\":{\"@id\":\"https:\\\/\\\/iraurgiberritzen.eus\\\/es\\\/iraurgi-berritzen-y-ziur-han-analizado-las-claves-de-la-nueva-directiva-europea-de-ciberseguridad-nis2-con-los-responsables-it-de-urola-erdia\\\/\"},\"author\":{\"name\":\"ainara\",\"@id\":\"https:\\\/\\\/iraurgiberritzen.eus\\\/es\\\/#\\\/schema\\\/person\\\/a32c9825b3e2bfcbe757a97f6a15c8a5\"},\"headline\":\"Iraurgi Berritzen y ZIUR han analizado las claves de la nueva Directiva Europea de Ciberseguridad NIS2 con los\\\/as responsables IT de Urola Erdia\",\"datePublished\":\"2024-11-07T09:06:09+00:00\",\"dateModified\":\"2024-11-08T10:25:55+00:00\",\"mainEntityOfPage\":{\"@id\":\"https:\\\/\\\/iraurgiberritzen.eus\\\/es\\\/iraurgi-berritzen-y-ziur-han-analizado-las-claves-de-la-nueva-directiva-europea-de-ciberseguridad-nis2-con-los-responsables-it-de-urola-erdia\\\/\"},\"wordCount\":197,\"publisher\":{\"@id\":\"https:\\\/\\\/iraurgiberritzen.eus\\\/es\\\/#organization\"},\"image\":{\"@id\":\"https:\\\/\\\/iraurgiberritzen.eus\\\/es\\\/iraurgi-berritzen-y-ziur-han-analizado-las-claves-de-la-nueva-directiva-europea-de-ciberseguridad-nis2-con-los-responsables-it-de-urola-erdia\\\/#primaryimage\"},\"thumbnailUrl\":\"https:\\\/\\\/iraurgiberritzen.eus\\\/wp-content\\\/uploads\\\/2024\\\/11\\\/WhatsApp-Image-2024-11-07-at-09.55.22-5-scaled.jpeg\",\"articleSection\":[\"Noticias\"],\"inLanguage\":\"es\"},{\"@type\":\"WebPage\",\"@id\":\"https:\\\/\\\/iraurgiberritzen.eus\\\/es\\\/iraurgi-berritzen-y-ziur-han-analizado-las-claves-de-la-nueva-directiva-europea-de-ciberseguridad-nis2-con-los-responsables-it-de-urola-erdia\\\/\",\"url\":\"https:\\\/\\\/iraurgiberritzen.eus\\\/es\\\/iraurgi-berritzen-y-ziur-han-analizado-las-claves-de-la-nueva-directiva-europea-de-ciberseguridad-nis2-con-los-responsables-it-de-urola-erdia\\\/\",\"name\":\"Iraurgi Berritzen y ZIUR han analizado las claves de la nueva Directiva Europea de Ciberseguridad NIS2 con los\\\/as responsables IT de Urola Erdia - Iraurgi Berritzen\",\"isPartOf\":{\"@id\":\"https:\\\/\\\/iraurgiberritzen.eus\\\/es\\\/#website\"},\"primaryImageOfPage\":{\"@id\":\"https:\\\/\\\/iraurgiberritzen.eus\\\/es\\\/iraurgi-berritzen-y-ziur-han-analizado-las-claves-de-la-nueva-directiva-europea-de-ciberseguridad-nis2-con-los-responsables-it-de-urola-erdia\\\/#primaryimage\"},\"image\":{\"@id\":\"https:\\\/\\\/iraurgiberritzen.eus\\\/es\\\/iraurgi-berritzen-y-ziur-han-analizado-las-claves-de-la-nueva-directiva-europea-de-ciberseguridad-nis2-con-los-responsables-it-de-urola-erdia\\\/#primaryimage\"},\"thumbnailUrl\":\"https:\\\/\\\/iraurgiberritzen.eus\\\/wp-content\\\/uploads\\\/2024\\\/11\\\/WhatsApp-Image-2024-11-07-at-09.55.22-5-scaled.jpeg\",\"datePublished\":\"2024-11-07T09:06:09+00:00\",\"dateModified\":\"2024-11-08T10:25:55+00:00\",\"breadcrumb\":{\"@id\":\"https:\\\/\\\/iraurgiberritzen.eus\\\/es\\\/iraurgi-berritzen-y-ziur-han-analizado-las-claves-de-la-nueva-directiva-europea-de-ciberseguridad-nis2-con-los-responsables-it-de-urola-erdia\\\/#breadcrumb\"},\"inLanguage\":\"es\",\"potentialAction\":[{\"@type\":\"ReadAction\",\"target\":[\"https:\\\/\\\/iraurgiberritzen.eus\\\/es\\\/iraurgi-berritzen-y-ziur-han-analizado-las-claves-de-la-nueva-directiva-europea-de-ciberseguridad-nis2-con-los-responsables-it-de-urola-erdia\\\/\"]}]},{\"@type\":\"ImageObject\",\"inLanguage\":\"es\",\"@id\":\"https:\\\/\\\/iraurgiberritzen.eus\\\/es\\\/iraurgi-berritzen-y-ziur-han-analizado-las-claves-de-la-nueva-directiva-europea-de-ciberseguridad-nis2-con-los-responsables-it-de-urola-erdia\\\/#primaryimage\",\"url\":\"https:\\\/\\\/iraurgiberritzen.eus\\\/wp-content\\\/uploads\\\/2024\\\/11\\\/WhatsApp-Image-2024-11-07-at-09.55.22-5-scaled.jpeg\",\"contentUrl\":\"https:\\\/\\\/iraurgiberritzen.eus\\\/wp-content\\\/uploads\\\/2024\\\/11\\\/WhatsApp-Image-2024-11-07-at-09.55.22-5-scaled.jpeg\",\"width\":2560,\"height\":1920},{\"@type\":\"BreadcrumbList\",\"@id\":\"https:\\\/\\\/iraurgiberritzen.eus\\\/es\\\/iraurgi-berritzen-y-ziur-han-analizado-las-claves-de-la-nueva-directiva-europea-de-ciberseguridad-nis2-con-los-responsables-it-de-urola-erdia\\\/#breadcrumb\",\"itemListElement\":[{\"@type\":\"ListItem\",\"position\":1,\"name\":\"Home\",\"item\":\"https:\\\/\\\/iraurgiberritzen.eus\\\/es\\\/\"},{\"@type\":\"ListItem\",\"position\":2,\"name\":\"Iraurgi Berritzen y ZIUR han analizado las claves de la nueva Directiva Europea de Ciberseguridad NIS2 con los\\\/as responsables IT de Urola Erdia\"}]},{\"@type\":\"WebSite\",\"@id\":\"https:\\\/\\\/iraurgiberritzen.eus\\\/es\\\/#website\",\"url\":\"https:\\\/\\\/iraurgiberritzen.eus\\\/es\\\/\",\"name\":\"Iraurgi Berritzen\",\"description\":\"Urola Erdiko Garapen Agentzia\",\"publisher\":{\"@id\":\"https:\\\/\\\/iraurgiberritzen.eus\\\/es\\\/#organization\"},\"potentialAction\":[{\"@type\":\"SearchAction\",\"target\":{\"@type\":\"EntryPoint\",\"urlTemplate\":\"https:\\\/\\\/iraurgiberritzen.eus\\\/es\\\/?s={search_term_string}\"},\"query-input\":{\"@type\":\"PropertyValueSpecification\",\"valueRequired\":true,\"valueName\":\"search_term_string\"}}],\"inLanguage\":\"es\"},{\"@type\":\"Organization\",\"@id\":\"https:\\\/\\\/iraurgiberritzen.eus\\\/es\\\/#organization\",\"name\":\"Iraurgi Berritzen\",\"url\":\"https:\\\/\\\/iraurgiberritzen.eus\\\/es\\\/\",\"logo\":{\"@type\":\"ImageObject\",\"inLanguage\":\"es\",\"@id\":\"https:\\\/\\\/iraurgiberritzen.eus\\\/es\\\/#\\\/schema\\\/logo\\\/image\\\/\",\"url\":\"https:\\\/\\\/iraurgiberritzen.eus\\\/wp-content\\\/uploads\\\/2024\\\/02\\\/IRAURGI-BERRITZEN-logotipoa_2.png\",\"contentUrl\":\"https:\\\/\\\/iraurgiberritzen.eus\\\/wp-content\\\/uploads\\\/2024\\\/02\\\/IRAURGI-BERRITZEN-logotipoa_2.png\",\"width\":496,\"height\":190,\"caption\":\"Iraurgi Berritzen\"},\"image\":{\"@id\":\"https:\\\/\\\/iraurgiberritzen.eus\\\/es\\\/#\\\/schema\\\/logo\\\/image\\\/\"}},{\"@type\":\"Person\",\"@id\":\"https:\\\/\\\/iraurgiberritzen.eus\\\/es\\\/#\\\/schema\\\/person\\\/a32c9825b3e2bfcbe757a97f6a15c8a5\",\"name\":\"ainara\"}]}<\/script>\n<!-- \/ Yoast SEO plugin. -->","yoast_head_json":{"title":"Iraurgi Berritzen y ZIUR han analizado las claves de la nueva Directiva Europea de Ciberseguridad NIS2 con los\/as responsables IT de Urola Erdia - Iraurgi Berritzen","robots":{"index":"index","follow":"follow","max-snippet":"max-snippet:-1","max-image-preview":"max-image-preview:large","max-video-preview":"max-video-preview:-1"},"canonical":"https:\/\/iraurgiberritzen.eus\/es\/iraurgi-berritzen-y-ziur-han-analizado-las-claves-de-la-nueva-directiva-europea-de-ciberseguridad-nis2-con-los-responsables-it-de-urola-erdia\/","og_locale":"es_ES","og_type":"article","og_title":"Iraurgi Berritzen y ZIUR han analizado las claves de la nueva Directiva Europea de Ciberseguridad NIS2 con los\/as responsables IT de Urola Erdia - Iraurgi Berritzen","og_description":"Hoy, jueves 7 de noviembre, Iraurgi Berritzen, en colaboraci\u00f3n con ZIUR, el centro de ciberseguridad industrial de Gipuzkoa, ha llevado a cabo una sesi\u00f3n de trabajo en el Palacio Basazabal, en Azpeitia. En la misma han participado 16 responsables IT de empresas de la comarca de Urola Erdia, centr\u00e1ndose en las claves y herramientas para [&hellip;]","og_url":"https:\/\/iraurgiberritzen.eus\/es\/iraurgi-berritzen-y-ziur-han-analizado-las-claves-de-la-nueva-directiva-europea-de-ciberseguridad-nis2-con-los-responsables-it-de-urola-erdia\/","og_site_name":"Iraurgi Berritzen","article_published_time":"2024-11-07T09:06:09+00:00","article_modified_time":"2024-11-08T10:25:55+00:00","og_image":[{"width":2560,"height":1920,"url":"https:\/\/iraurgiberritzen.eus\/wp-content\/uploads\/2024\/11\/WhatsApp-Image-2024-11-07-at-09.55.22-5-scaled.jpeg","type":"image\/jpeg"}],"author":"ainara","twitter_card":"summary_large_image","twitter_misc":{"Escrito por":"ainara","Tiempo de lectura":"2 minutos"},"schema":{"@context":"https:\/\/schema.org","@graph":[{"@type":"Article","@id":"https:\/\/iraurgiberritzen.eus\/es\/iraurgi-berritzen-y-ziur-han-analizado-las-claves-de-la-nueva-directiva-europea-de-ciberseguridad-nis2-con-los-responsables-it-de-urola-erdia\/#article","isPartOf":{"@id":"https:\/\/iraurgiberritzen.eus\/es\/iraurgi-berritzen-y-ziur-han-analizado-las-claves-de-la-nueva-directiva-europea-de-ciberseguridad-nis2-con-los-responsables-it-de-urola-erdia\/"},"author":{"name":"ainara","@id":"https:\/\/iraurgiberritzen.eus\/es\/#\/schema\/person\/a32c9825b3e2bfcbe757a97f6a15c8a5"},"headline":"Iraurgi Berritzen y ZIUR han analizado las claves de la nueva Directiva Europea de Ciberseguridad NIS2 con los\/as responsables IT de Urola Erdia","datePublished":"2024-11-07T09:06:09+00:00","dateModified":"2024-11-08T10:25:55+00:00","mainEntityOfPage":{"@id":"https:\/\/iraurgiberritzen.eus\/es\/iraurgi-berritzen-y-ziur-han-analizado-las-claves-de-la-nueva-directiva-europea-de-ciberseguridad-nis2-con-los-responsables-it-de-urola-erdia\/"},"wordCount":197,"publisher":{"@id":"https:\/\/iraurgiberritzen.eus\/es\/#organization"},"image":{"@id":"https:\/\/iraurgiberritzen.eus\/es\/iraurgi-berritzen-y-ziur-han-analizado-las-claves-de-la-nueva-directiva-europea-de-ciberseguridad-nis2-con-los-responsables-it-de-urola-erdia\/#primaryimage"},"thumbnailUrl":"https:\/\/iraurgiberritzen.eus\/wp-content\/uploads\/2024\/11\/WhatsApp-Image-2024-11-07-at-09.55.22-5-scaled.jpeg","articleSection":["Noticias"],"inLanguage":"es"},{"@type":"WebPage","@id":"https:\/\/iraurgiberritzen.eus\/es\/iraurgi-berritzen-y-ziur-han-analizado-las-claves-de-la-nueva-directiva-europea-de-ciberseguridad-nis2-con-los-responsables-it-de-urola-erdia\/","url":"https:\/\/iraurgiberritzen.eus\/es\/iraurgi-berritzen-y-ziur-han-analizado-las-claves-de-la-nueva-directiva-europea-de-ciberseguridad-nis2-con-los-responsables-it-de-urola-erdia\/","name":"Iraurgi Berritzen y ZIUR han analizado las claves de la nueva Directiva Europea de Ciberseguridad NIS2 con los\/as responsables IT de Urola Erdia - Iraurgi Berritzen","isPartOf":{"@id":"https:\/\/iraurgiberritzen.eus\/es\/#website"},"primaryImageOfPage":{"@id":"https:\/\/iraurgiberritzen.eus\/es\/iraurgi-berritzen-y-ziur-han-analizado-las-claves-de-la-nueva-directiva-europea-de-ciberseguridad-nis2-con-los-responsables-it-de-urola-erdia\/#primaryimage"},"image":{"@id":"https:\/\/iraurgiberritzen.eus\/es\/iraurgi-berritzen-y-ziur-han-analizado-las-claves-de-la-nueva-directiva-europea-de-ciberseguridad-nis2-con-los-responsables-it-de-urola-erdia\/#primaryimage"},"thumbnailUrl":"https:\/\/iraurgiberritzen.eus\/wp-content\/uploads\/2024\/11\/WhatsApp-Image-2024-11-07-at-09.55.22-5-scaled.jpeg","datePublished":"2024-11-07T09:06:09+00:00","dateModified":"2024-11-08T10:25:55+00:00","breadcrumb":{"@id":"https:\/\/iraurgiberritzen.eus\/es\/iraurgi-berritzen-y-ziur-han-analizado-las-claves-de-la-nueva-directiva-europea-de-ciberseguridad-nis2-con-los-responsables-it-de-urola-erdia\/#breadcrumb"},"inLanguage":"es","potentialAction":[{"@type":"ReadAction","target":["https:\/\/iraurgiberritzen.eus\/es\/iraurgi-berritzen-y-ziur-han-analizado-las-claves-de-la-nueva-directiva-europea-de-ciberseguridad-nis2-con-los-responsables-it-de-urola-erdia\/"]}]},{"@type":"ImageObject","inLanguage":"es","@id":"https:\/\/iraurgiberritzen.eus\/es\/iraurgi-berritzen-y-ziur-han-analizado-las-claves-de-la-nueva-directiva-europea-de-ciberseguridad-nis2-con-los-responsables-it-de-urola-erdia\/#primaryimage","url":"https:\/\/iraurgiberritzen.eus\/wp-content\/uploads\/2024\/11\/WhatsApp-Image-2024-11-07-at-09.55.22-5-scaled.jpeg","contentUrl":"https:\/\/iraurgiberritzen.eus\/wp-content\/uploads\/2024\/11\/WhatsApp-Image-2024-11-07-at-09.55.22-5-scaled.jpeg","width":2560,"height":1920},{"@type":"BreadcrumbList","@id":"https:\/\/iraurgiberritzen.eus\/es\/iraurgi-berritzen-y-ziur-han-analizado-las-claves-de-la-nueva-directiva-europea-de-ciberseguridad-nis2-con-los-responsables-it-de-urola-erdia\/#breadcrumb","itemListElement":[{"@type":"ListItem","position":1,"name":"Home","item":"https:\/\/iraurgiberritzen.eus\/es\/"},{"@type":"ListItem","position":2,"name":"Iraurgi Berritzen y ZIUR han analizado las claves de la nueva Directiva Europea de Ciberseguridad NIS2 con los\/as responsables IT de Urola Erdia"}]},{"@type":"WebSite","@id":"https:\/\/iraurgiberritzen.eus\/es\/#website","url":"https:\/\/iraurgiberritzen.eus\/es\/","name":"Iraurgi Berritzen","description":"Urola Erdiko Garapen Agentzia","publisher":{"@id":"https:\/\/iraurgiberritzen.eus\/es\/#organization"},"potentialAction":[{"@type":"SearchAction","target":{"@type":"EntryPoint","urlTemplate":"https:\/\/iraurgiberritzen.eus\/es\/?s={search_term_string}"},"query-input":{"@type":"PropertyValueSpecification","valueRequired":true,"valueName":"search_term_string"}}],"inLanguage":"es"},{"@type":"Organization","@id":"https:\/\/iraurgiberritzen.eus\/es\/#organization","name":"Iraurgi Berritzen","url":"https:\/\/iraurgiberritzen.eus\/es\/","logo":{"@type":"ImageObject","inLanguage":"es","@id":"https:\/\/iraurgiberritzen.eus\/es\/#\/schema\/logo\/image\/","url":"https:\/\/iraurgiberritzen.eus\/wp-content\/uploads\/2024\/02\/IRAURGI-BERRITZEN-logotipoa_2.png","contentUrl":"https:\/\/iraurgiberritzen.eus\/wp-content\/uploads\/2024\/02\/IRAURGI-BERRITZEN-logotipoa_2.png","width":496,"height":190,"caption":"Iraurgi Berritzen"},"image":{"@id":"https:\/\/iraurgiberritzen.eus\/es\/#\/schema\/logo\/image\/"}},{"@type":"Person","@id":"https:\/\/iraurgiberritzen.eus\/es\/#\/schema\/person\/a32c9825b3e2bfcbe757a97f6a15c8a5","name":"ainara"}]}},"_links":{"self":[{"href":"https:\/\/iraurgiberritzen.eus\/es\/wp-json\/wp\/v2\/posts\/21881","targetHints":{"allow":["GET"]}}],"collection":[{"href":"https:\/\/iraurgiberritzen.eus\/es\/wp-json\/wp\/v2\/posts"}],"about":[{"href":"https:\/\/iraurgiberritzen.eus\/es\/wp-json\/wp\/v2\/types\/post"}],"author":[{"embeddable":true,"href":"https:\/\/iraurgiberritzen.eus\/es\/wp-json\/wp\/v2\/users\/4"}],"replies":[{"embeddable":true,"href":"https:\/\/iraurgiberritzen.eus\/es\/wp-json\/wp\/v2\/comments?post=21881"}],"version-history":[{"count":2,"href":"https:\/\/iraurgiberritzen.eus\/es\/wp-json\/wp\/v2\/posts\/21881\/revisions"}],"predecessor-version":[{"id":21891,"href":"https:\/\/iraurgiberritzen.eus\/es\/wp-json\/wp\/v2\/posts\/21881\/revisions\/21891"}],"wp:featuredmedia":[{"embeddable":true,"href":"https:\/\/iraurgiberritzen.eus\/es\/wp-json\/wp\/v2\/media\/21888"}],"wp:attachment":[{"href":"https:\/\/iraurgiberritzen.eus\/es\/wp-json\/wp\/v2\/media?parent=21881"}],"wp:term":[{"taxonomy":"category","embeddable":true,"href":"https:\/\/iraurgiberritzen.eus\/es\/wp-json\/wp\/v2\/categories?post=21881"},{"taxonomy":"post_tag","embeddable":true,"href":"https:\/\/iraurgiberritzen.eus\/es\/wp-json\/wp\/v2\/tags?post=21881"}],"curies":[{"name":"wp","href":"https:\/\/api.w.org\/{rel}","templated":true}]}}