{"id":21982,"date":"2024-11-21T13:02:58","date_gmt":"2024-11-21T11:02:58","guid":{"rendered":"https:\/\/iraurgiberritzen.eus\/?p=21982"},"modified":"2024-11-21T13:03:55","modified_gmt":"2024-11-21T11:03:55","slug":"las-personas-emprendedoras-de-la-comarca-trabajan-herramientas-para-fortalecer-la-motivacion-y-gestionar-las-emociones","status":"publish","type":"post","link":"https:\/\/iraurgiberritzen.eus\/es\/las-personas-emprendedoras-de-la-comarca-trabajan-herramientas-para-fortalecer-la-motivacion-y-gestionar-las-emociones\/","title":{"rendered":"Las personas emprendedoras de la comarca trabajan herramientas para fortalecer la motivaci\u00f3n y gestionar las emociones"},"content":{"rendered":"<p><span data-contrast=\"auto\">En el marco del programa <\/span><b><span data-contrast=\"auto\">KLINK Gunea<\/span><\/b><span data-contrast=\"auto\">, ayer, 20 de noviembre, organiz\u00f3 el <\/span><b><span data-contrast=\"auto\">XI. Caf\u00e9 Tertulia<\/span><\/b><span data-contrast=\"auto\"> en el Palacio Intsausti de Azkoitia, un evento especialmente dise\u00f1ado para personas emprendedoras, con un enfoque tanto emocional como motivacional. Bajo el lema <\/span><b><span data-contrast=\"auto\">\u00abEmociones que impulsan: gestiona y fortalece tu motivaci\u00f3n\u00bb<\/span><\/b><span data-contrast=\"auto\">, las personas participantes tuvieron la oportunidad de compartir estrategias y herramientas para el desarrollo de la motivaci\u00f3n y la gesti\u00f3n de emociones.<\/span><span data-ccp-props=\"{&quot;134233117&quot;:false,&quot;134233118&quot;:false,&quot;335551550&quot;:6,&quot;335551620&quot;:6,&quot;335559738&quot;:240,&quot;335559739&quot;:240}\">\u00a0<\/span><\/p>\n<p><span data-contrast=\"auto\">Este encuentro desarroll\u00f3 en un <\/span><b><span data-contrast=\"auto\">espacio de confianza creado en torno a un caf\u00e9<\/span><\/b><span data-contrast=\"auto\">, donde las personas asistentes comparieron sus experiencias e inquietudes en un ambiente cercano e informal. El objetivo principal de la sesi\u00f3n fue trabajar las habilidades necesarias para comprender y gestionar las emociones, reforzando as\u00ed aspectos emocionales clave en la gesti\u00f3n de sus negocios.<\/span><span data-ccp-props=\"{&quot;134233117&quot;:false,&quot;134233118&quot;:false,&quot;335551550&quot;:6,&quot;335551620&quot;:6,&quot;335559738&quot;:240,&quot;335559739&quot;:240}\">\u00a0<\/span><\/p>\n<p>Principales temas trabajados por las personas emprendedoras:<\/p>\n<ul>\n<li data-leveltext=\"\uf0b7\" data-font=\"Symbol\" data-listid=\"2\" data-list-defn-props=\"{&quot;335552541&quot;:1,&quot;335559685&quot;:720,&quot;335559991&quot;:360,&quot;469769226&quot;:&quot;Symbol&quot;,&quot;469769242&quot;:[8226],&quot;469777803&quot;:&quot;left&quot;,&quot;469777804&quot;:&quot;\uf0b7&quot;,&quot;469777815&quot;:&quot;hybridMultilevel&quot;}\" aria-setsize=\"-1\" data-aria-posinset=\"1\" data-aria-level=\"1\"><b><span data-contrast=\"auto\">Estrategias para canalizar emociones negativas:<\/span><\/b><span data-contrast=\"auto\"> T\u00e9cnicas para convertir los desaf\u00edos emocionales en impulsores positivos.<\/span><span data-ccp-props=\"{&quot;134233117&quot;:false,&quot;134233118&quot;:false,&quot;335551550&quot;:6,&quot;335551620&quot;:6,&quot;335559738&quot;:0,&quot;335559739&quot;:0}\">\u00a0<\/span><\/li>\n<li data-leveltext=\"\uf0b7\" data-font=\"Symbol\" data-listid=\"2\" data-list-defn-props=\"{&quot;335552541&quot;:1,&quot;335559685&quot;:720,&quot;335559991&quot;:360,&quot;469769226&quot;:&quot;Symbol&quot;,&quot;469769242&quot;:[8226],&quot;469777803&quot;:&quot;left&quot;,&quot;469777804&quot;:&quot;\uf0b7&quot;,&quot;469777815&quot;:&quot;hybridMultilevel&quot;}\" aria-setsize=\"-1\" data-aria-posinset=\"1\" data-aria-level=\"1\"><b><span data-contrast=\"auto\">Herramientas para fortalecer la motivaci\u00f3n:<\/span><\/b><span data-contrast=\"auto\"> Recursos pr\u00e1cticos para afrontar los altibajos cotidianos de la gesti\u00f3n empresarial.<\/span><span data-ccp-props=\"{&quot;134233117&quot;:false,&quot;134233118&quot;:false,&quot;335551550&quot;:6,&quot;335551620&quot;:6,&quot;335559738&quot;:0,&quot;335559739&quot;:0}\">\u00a0<\/span><\/li>\n<li data-leveltext=\"\uf0b7\" data-font=\"Symbol\" data-listid=\"2\" data-list-defn-props=\"{&quot;335552541&quot;:1,&quot;335559685&quot;:720,&quot;335559991&quot;:360,&quot;469769226&quot;:&quot;Symbol&quot;,&quot;469769242&quot;:[8226],&quot;469777803&quot;:&quot;left&quot;,&quot;469777804&quot;:&quot;\uf0b7&quot;,&quot;469777815&quot;:&quot;hybridMultilevel&quot;}\" aria-setsize=\"-1\" data-aria-posinset=\"1\" data-aria-level=\"1\"><b><span data-contrast=\"auto\">La importancia de crear una red de apoyo<\/span><\/b><span data-contrast=\"auto\">: Como elemento indispensable para compartir cargas emocionales, celebrar logros y recibir perspectiva en momentos dif\u00edciles.<\/span><span data-ccp-props=\"{&quot;134233117&quot;:false,&quot;134233118&quot;:false,&quot;335551550&quot;:6,&quot;335551620&quot;:6,&quot;335559738&quot;:0,&quot;335559739&quot;:0}\">\u00a0<\/span><\/li>\n<\/ul>\n<p><span data-contrast=\"auto\">Las personas participantes destacaron el <\/span><b><span data-contrast=\"auto\">valor pr\u00e1ctico y emocional<\/span><\/b><span data-contrast=\"auto\"> de la sesi\u00f3n y expresaron que se llevan aprendizajes y herramientas \u00fatiles para aplicar en su d\u00eda a d\u00eda.<\/span><span data-ccp-props=\"{&quot;134233117&quot;:false,&quot;134233118&quot;:false,&quot;335551550&quot;:6,&quot;335551620&quot;:6,&quot;335559738&quot;:240,&quot;335559739&quot;:240}\">\u00a0<\/span><\/p>\n<p><span data-contrast=\"auto\">Esta XI edici\u00f3n forma parte del ciclo de caf\u00e9 tertulias que se organiza <\/span><b><span data-contrast=\"auto\">dos veces al a\u00f1o<\/span><\/b><span data-contrast=\"auto\"> y que, a lo largo de sus <\/span><b><span data-contrast=\"auto\">seis a\u00f1os de trayectoria<\/span><\/b><span data-contrast=\"auto\">, se ha consolidado como un referente en el \u00e1mbito de la emocionalidad en el emprendimiento.<\/span><span data-ccp-props=\"{&quot;134233117&quot;:false,&quot;134233118&quot;:false,&quot;335551550&quot;:6,&quot;335551620&quot;:6,&quot;335559738&quot;:240,&quot;335559739&quot;:240}\">\u00a0<\/span><\/p>\n","protected":false},"excerpt":{"rendered":"<p>En el marco del programa KLINK Gunea, ayer, 20 de noviembre, organiz\u00f3 el XI. Caf\u00e9 Tertulia en el Palacio Intsausti de Azkoitia, un evento especialmente dise\u00f1ado para personas emprendedoras, con un enfoque tanto emocional como motivacional. Bajo el lema \u00abEmociones que impulsan: gestiona y fortalece tu motivaci\u00f3n\u00bb, las personas participantes tuvieron la oportunidad de compartir [&hellip;]<\/p>\n","protected":false},"author":4,"featured_media":21980,"comment_status":"closed","ping_status":"closed","sticky":false,"template":"","format":"standard","meta":{"_acf_changed":false,"footnotes":""},"categories":[4],"tags":[],"class_list":["post-21982","post","type-post","status-publish","format-standard","has-post-thumbnail","hentry","category-noticias","arloak-emprendimiento"],"acf":[],"yoast_head":"<!-- This site is optimized with the Yoast SEO plugin v27.4 - https:\/\/yoast.com\/product\/yoast-seo-wordpress\/ -->\n<title>Las personas emprendedoras de la comarca trabajan herramientas para fortalecer la motivaci\u00f3n y gestionar las emociones - Iraurgi Berritzen<\/title>\n<meta name=\"robots\" content=\"index, follow, max-snippet:-1, max-image-preview:large, max-video-preview:-1\" \/>\n<link rel=\"canonical\" href=\"https:\/\/iraurgiberritzen.eus\/es\/las-personas-emprendedoras-de-la-comarca-trabajan-herramientas-para-fortalecer-la-motivacion-y-gestionar-las-emociones\/\" \/>\n<meta property=\"og:locale\" content=\"es_ES\" \/>\n<meta property=\"og:type\" content=\"article\" \/>\n<meta property=\"og:title\" content=\"Las personas emprendedoras de la comarca trabajan herramientas para fortalecer la motivaci\u00f3n y gestionar las emociones - Iraurgi Berritzen\" \/>\n<meta property=\"og:description\" content=\"En el marco del programa KLINK Gunea, ayer, 20 de noviembre, organiz\u00f3 el XI. Caf\u00e9 Tertulia en el Palacio Intsausti de Azkoitia, un evento especialmente dise\u00f1ado para personas emprendedoras, con un enfoque tanto emocional como motivacional. Bajo el lema \u00abEmociones que impulsan: gestiona y fortalece tu motivaci\u00f3n\u00bb, las personas participantes tuvieron la oportunidad de compartir [&hellip;]\" \/>\n<meta property=\"og:url\" content=\"https:\/\/iraurgiberritzen.eus\/es\/las-personas-emprendedoras-de-la-comarca-trabajan-herramientas-para-fortalecer-la-motivacion-y-gestionar-las-emociones\/\" \/>\n<meta property=\"og:site_name\" content=\"Iraurgi Berritzen\" \/>\n<meta property=\"article:published_time\" content=\"2024-11-21T11:02:58+00:00\" \/>\n<meta property=\"article:modified_time\" content=\"2024-11-21T11:03:55+00:00\" \/>\n<meta property=\"og:image\" content=\"https:\/\/iraurgiberritzen.eus\/wp-content\/uploads\/2024\/11\/WhatsApp-Image-2024-11-21-at-09.23.29-1-1-scaled.jpeg\" \/>\n\t<meta property=\"og:image:width\" content=\"2560\" \/>\n\t<meta property=\"og:image:height\" content=\"1920\" \/>\n\t<meta property=\"og:image:type\" content=\"image\/jpeg\" \/>\n<meta name=\"author\" content=\"ainara\" \/>\n<meta name=\"twitter:card\" content=\"summary_large_image\" \/>\n<meta name=\"twitter:label1\" content=\"Escrito por\" \/>\n\t<meta name=\"twitter:data1\" content=\"ainara\" \/>\n\t<meta name=\"twitter:label2\" content=\"Tiempo de lectura\" \/>\n\t<meta name=\"twitter:data2\" content=\"2 minutos\" \/>\n<script type=\"application\/ld+json\" class=\"yoast-schema-graph\">{\"@context\":\"https:\\\/\\\/schema.org\",\"@graph\":[{\"@type\":\"Article\",\"@id\":\"https:\\\/\\\/iraurgiberritzen.eus\\\/es\\\/las-personas-emprendedoras-de-la-comarca-trabajan-herramientas-para-fortalecer-la-motivacion-y-gestionar-las-emociones\\\/#article\",\"isPartOf\":{\"@id\":\"https:\\\/\\\/iraurgiberritzen.eus\\\/es\\\/las-personas-emprendedoras-de-la-comarca-trabajan-herramientas-para-fortalecer-la-motivacion-y-gestionar-las-emociones\\\/\"},\"author\":{\"name\":\"ainara\",\"@id\":\"https:\\\/\\\/iraurgiberritzen.eus\\\/es\\\/#\\\/schema\\\/person\\\/a32c9825b3e2bfcbe757a97f6a15c8a5\"},\"headline\":\"Las personas emprendedoras de la comarca trabajan herramientas para fortalecer la motivaci\u00f3n y gestionar las emociones\",\"datePublished\":\"2024-11-21T11:02:58+00:00\",\"dateModified\":\"2024-11-21T11:03:55+00:00\",\"mainEntityOfPage\":{\"@id\":\"https:\\\/\\\/iraurgiberritzen.eus\\\/es\\\/las-personas-emprendedoras-de-la-comarca-trabajan-herramientas-para-fortalecer-la-motivacion-y-gestionar-las-emociones\\\/\"},\"wordCount\":292,\"publisher\":{\"@id\":\"https:\\\/\\\/iraurgiberritzen.eus\\\/es\\\/#organization\"},\"image\":{\"@id\":\"https:\\\/\\\/iraurgiberritzen.eus\\\/es\\\/las-personas-emprendedoras-de-la-comarca-trabajan-herramientas-para-fortalecer-la-motivacion-y-gestionar-las-emociones\\\/#primaryimage\"},\"thumbnailUrl\":\"https:\\\/\\\/iraurgiberritzen.eus\\\/wp-content\\\/uploads\\\/2024\\\/11\\\/WhatsApp-Image-2024-11-21-at-09.23.29-1-1-scaled.jpeg\",\"articleSection\":[\"Noticias\"],\"inLanguage\":\"es\"},{\"@type\":\"WebPage\",\"@id\":\"https:\\\/\\\/iraurgiberritzen.eus\\\/es\\\/las-personas-emprendedoras-de-la-comarca-trabajan-herramientas-para-fortalecer-la-motivacion-y-gestionar-las-emociones\\\/\",\"url\":\"https:\\\/\\\/iraurgiberritzen.eus\\\/es\\\/las-personas-emprendedoras-de-la-comarca-trabajan-herramientas-para-fortalecer-la-motivacion-y-gestionar-las-emociones\\\/\",\"name\":\"Las personas emprendedoras de la comarca trabajan herramientas para fortalecer la motivaci\u00f3n y gestionar las emociones - Iraurgi Berritzen\",\"isPartOf\":{\"@id\":\"https:\\\/\\\/iraurgiberritzen.eus\\\/es\\\/#website\"},\"primaryImageOfPage\":{\"@id\":\"https:\\\/\\\/iraurgiberritzen.eus\\\/es\\\/las-personas-emprendedoras-de-la-comarca-trabajan-herramientas-para-fortalecer-la-motivacion-y-gestionar-las-emociones\\\/#primaryimage\"},\"image\":{\"@id\":\"https:\\\/\\\/iraurgiberritzen.eus\\\/es\\\/las-personas-emprendedoras-de-la-comarca-trabajan-herramientas-para-fortalecer-la-motivacion-y-gestionar-las-emociones\\\/#primaryimage\"},\"thumbnailUrl\":\"https:\\\/\\\/iraurgiberritzen.eus\\\/wp-content\\\/uploads\\\/2024\\\/11\\\/WhatsApp-Image-2024-11-21-at-09.23.29-1-1-scaled.jpeg\",\"datePublished\":\"2024-11-21T11:02:58+00:00\",\"dateModified\":\"2024-11-21T11:03:55+00:00\",\"breadcrumb\":{\"@id\":\"https:\\\/\\\/iraurgiberritzen.eus\\\/es\\\/las-personas-emprendedoras-de-la-comarca-trabajan-herramientas-para-fortalecer-la-motivacion-y-gestionar-las-emociones\\\/#breadcrumb\"},\"inLanguage\":\"es\",\"potentialAction\":[{\"@type\":\"ReadAction\",\"target\":[\"https:\\\/\\\/iraurgiberritzen.eus\\\/es\\\/las-personas-emprendedoras-de-la-comarca-trabajan-herramientas-para-fortalecer-la-motivacion-y-gestionar-las-emociones\\\/\"]}]},{\"@type\":\"ImageObject\",\"inLanguage\":\"es\",\"@id\":\"https:\\\/\\\/iraurgiberritzen.eus\\\/es\\\/las-personas-emprendedoras-de-la-comarca-trabajan-herramientas-para-fortalecer-la-motivacion-y-gestionar-las-emociones\\\/#primaryimage\",\"url\":\"https:\\\/\\\/iraurgiberritzen.eus\\\/wp-content\\\/uploads\\\/2024\\\/11\\\/WhatsApp-Image-2024-11-21-at-09.23.29-1-1-scaled.jpeg\",\"contentUrl\":\"https:\\\/\\\/iraurgiberritzen.eus\\\/wp-content\\\/uploads\\\/2024\\\/11\\\/WhatsApp-Image-2024-11-21-at-09.23.29-1-1-scaled.jpeg\",\"width\":2560,\"height\":1920},{\"@type\":\"BreadcrumbList\",\"@id\":\"https:\\\/\\\/iraurgiberritzen.eus\\\/es\\\/las-personas-emprendedoras-de-la-comarca-trabajan-herramientas-para-fortalecer-la-motivacion-y-gestionar-las-emociones\\\/#breadcrumb\",\"itemListElement\":[{\"@type\":\"ListItem\",\"position\":1,\"name\":\"Home\",\"item\":\"https:\\\/\\\/iraurgiberritzen.eus\\\/es\\\/\"},{\"@type\":\"ListItem\",\"position\":2,\"name\":\"Las personas emprendedoras de la comarca trabajan herramientas para fortalecer la motivaci\u00f3n y gestionar las emociones\"}]},{\"@type\":\"WebSite\",\"@id\":\"https:\\\/\\\/iraurgiberritzen.eus\\\/es\\\/#website\",\"url\":\"https:\\\/\\\/iraurgiberritzen.eus\\\/es\\\/\",\"name\":\"Iraurgi Berritzen\",\"description\":\"Urola Erdiko Garapen Agentzia\",\"publisher\":{\"@id\":\"https:\\\/\\\/iraurgiberritzen.eus\\\/es\\\/#organization\"},\"potentialAction\":[{\"@type\":\"SearchAction\",\"target\":{\"@type\":\"EntryPoint\",\"urlTemplate\":\"https:\\\/\\\/iraurgiberritzen.eus\\\/es\\\/?s={search_term_string}\"},\"query-input\":{\"@type\":\"PropertyValueSpecification\",\"valueRequired\":true,\"valueName\":\"search_term_string\"}}],\"inLanguage\":\"es\"},{\"@type\":\"Organization\",\"@id\":\"https:\\\/\\\/iraurgiberritzen.eus\\\/es\\\/#organization\",\"name\":\"Iraurgi Berritzen\",\"url\":\"https:\\\/\\\/iraurgiberritzen.eus\\\/es\\\/\",\"logo\":{\"@type\":\"ImageObject\",\"inLanguage\":\"es\",\"@id\":\"https:\\\/\\\/iraurgiberritzen.eus\\\/es\\\/#\\\/schema\\\/logo\\\/image\\\/\",\"url\":\"https:\\\/\\\/iraurgiberritzen.eus\\\/wp-content\\\/uploads\\\/2024\\\/02\\\/IRAURGI-BERRITZEN-logotipoa_2.png\",\"contentUrl\":\"https:\\\/\\\/iraurgiberritzen.eus\\\/wp-content\\\/uploads\\\/2024\\\/02\\\/IRAURGI-BERRITZEN-logotipoa_2.png\",\"width\":496,\"height\":190,\"caption\":\"Iraurgi Berritzen\"},\"image\":{\"@id\":\"https:\\\/\\\/iraurgiberritzen.eus\\\/es\\\/#\\\/schema\\\/logo\\\/image\\\/\"}},{\"@type\":\"Person\",\"@id\":\"https:\\\/\\\/iraurgiberritzen.eus\\\/es\\\/#\\\/schema\\\/person\\\/a32c9825b3e2bfcbe757a97f6a15c8a5\",\"name\":\"ainara\"}]}<\/script>\n<!-- \/ Yoast SEO plugin. -->","yoast_head_json":{"title":"Las personas emprendedoras de la comarca trabajan herramientas para fortalecer la motivaci\u00f3n y gestionar las emociones - Iraurgi Berritzen","robots":{"index":"index","follow":"follow","max-snippet":"max-snippet:-1","max-image-preview":"max-image-preview:large","max-video-preview":"max-video-preview:-1"},"canonical":"https:\/\/iraurgiberritzen.eus\/es\/las-personas-emprendedoras-de-la-comarca-trabajan-herramientas-para-fortalecer-la-motivacion-y-gestionar-las-emociones\/","og_locale":"es_ES","og_type":"article","og_title":"Las personas emprendedoras de la comarca trabajan herramientas para fortalecer la motivaci\u00f3n y gestionar las emociones - Iraurgi Berritzen","og_description":"En el marco del programa KLINK Gunea, ayer, 20 de noviembre, organiz\u00f3 el XI. Caf\u00e9 Tertulia en el Palacio Intsausti de Azkoitia, un evento especialmente dise\u00f1ado para personas emprendedoras, con un enfoque tanto emocional como motivacional. Bajo el lema \u00abEmociones que impulsan: gestiona y fortalece tu motivaci\u00f3n\u00bb, las personas participantes tuvieron la oportunidad de compartir [&hellip;]","og_url":"https:\/\/iraurgiberritzen.eus\/es\/las-personas-emprendedoras-de-la-comarca-trabajan-herramientas-para-fortalecer-la-motivacion-y-gestionar-las-emociones\/","og_site_name":"Iraurgi Berritzen","article_published_time":"2024-11-21T11:02:58+00:00","article_modified_time":"2024-11-21T11:03:55+00:00","og_image":[{"width":2560,"height":1920,"url":"https:\/\/iraurgiberritzen.eus\/wp-content\/uploads\/2024\/11\/WhatsApp-Image-2024-11-21-at-09.23.29-1-1-scaled.jpeg","type":"image\/jpeg"}],"author":"ainara","twitter_card":"summary_large_image","twitter_misc":{"Escrito por":"ainara","Tiempo de lectura":"2 minutos"},"schema":{"@context":"https:\/\/schema.org","@graph":[{"@type":"Article","@id":"https:\/\/iraurgiberritzen.eus\/es\/las-personas-emprendedoras-de-la-comarca-trabajan-herramientas-para-fortalecer-la-motivacion-y-gestionar-las-emociones\/#article","isPartOf":{"@id":"https:\/\/iraurgiberritzen.eus\/es\/las-personas-emprendedoras-de-la-comarca-trabajan-herramientas-para-fortalecer-la-motivacion-y-gestionar-las-emociones\/"},"author":{"name":"ainara","@id":"https:\/\/iraurgiberritzen.eus\/es\/#\/schema\/person\/a32c9825b3e2bfcbe757a97f6a15c8a5"},"headline":"Las personas emprendedoras de la comarca trabajan herramientas para fortalecer la motivaci\u00f3n y gestionar las emociones","datePublished":"2024-11-21T11:02:58+00:00","dateModified":"2024-11-21T11:03:55+00:00","mainEntityOfPage":{"@id":"https:\/\/iraurgiberritzen.eus\/es\/las-personas-emprendedoras-de-la-comarca-trabajan-herramientas-para-fortalecer-la-motivacion-y-gestionar-las-emociones\/"},"wordCount":292,"publisher":{"@id":"https:\/\/iraurgiberritzen.eus\/es\/#organization"},"image":{"@id":"https:\/\/iraurgiberritzen.eus\/es\/las-personas-emprendedoras-de-la-comarca-trabajan-herramientas-para-fortalecer-la-motivacion-y-gestionar-las-emociones\/#primaryimage"},"thumbnailUrl":"https:\/\/iraurgiberritzen.eus\/wp-content\/uploads\/2024\/11\/WhatsApp-Image-2024-11-21-at-09.23.29-1-1-scaled.jpeg","articleSection":["Noticias"],"inLanguage":"es"},{"@type":"WebPage","@id":"https:\/\/iraurgiberritzen.eus\/es\/las-personas-emprendedoras-de-la-comarca-trabajan-herramientas-para-fortalecer-la-motivacion-y-gestionar-las-emociones\/","url":"https:\/\/iraurgiberritzen.eus\/es\/las-personas-emprendedoras-de-la-comarca-trabajan-herramientas-para-fortalecer-la-motivacion-y-gestionar-las-emociones\/","name":"Las personas emprendedoras de la comarca trabajan herramientas para fortalecer la motivaci\u00f3n y gestionar las emociones - Iraurgi Berritzen","isPartOf":{"@id":"https:\/\/iraurgiberritzen.eus\/es\/#website"},"primaryImageOfPage":{"@id":"https:\/\/iraurgiberritzen.eus\/es\/las-personas-emprendedoras-de-la-comarca-trabajan-herramientas-para-fortalecer-la-motivacion-y-gestionar-las-emociones\/#primaryimage"},"image":{"@id":"https:\/\/iraurgiberritzen.eus\/es\/las-personas-emprendedoras-de-la-comarca-trabajan-herramientas-para-fortalecer-la-motivacion-y-gestionar-las-emociones\/#primaryimage"},"thumbnailUrl":"https:\/\/iraurgiberritzen.eus\/wp-content\/uploads\/2024\/11\/WhatsApp-Image-2024-11-21-at-09.23.29-1-1-scaled.jpeg","datePublished":"2024-11-21T11:02:58+00:00","dateModified":"2024-11-21T11:03:55+00:00","breadcrumb":{"@id":"https:\/\/iraurgiberritzen.eus\/es\/las-personas-emprendedoras-de-la-comarca-trabajan-herramientas-para-fortalecer-la-motivacion-y-gestionar-las-emociones\/#breadcrumb"},"inLanguage":"es","potentialAction":[{"@type":"ReadAction","target":["https:\/\/iraurgiberritzen.eus\/es\/las-personas-emprendedoras-de-la-comarca-trabajan-herramientas-para-fortalecer-la-motivacion-y-gestionar-las-emociones\/"]}]},{"@type":"ImageObject","inLanguage":"es","@id":"https:\/\/iraurgiberritzen.eus\/es\/las-personas-emprendedoras-de-la-comarca-trabajan-herramientas-para-fortalecer-la-motivacion-y-gestionar-las-emociones\/#primaryimage","url":"https:\/\/iraurgiberritzen.eus\/wp-content\/uploads\/2024\/11\/WhatsApp-Image-2024-11-21-at-09.23.29-1-1-scaled.jpeg","contentUrl":"https:\/\/iraurgiberritzen.eus\/wp-content\/uploads\/2024\/11\/WhatsApp-Image-2024-11-21-at-09.23.29-1-1-scaled.jpeg","width":2560,"height":1920},{"@type":"BreadcrumbList","@id":"https:\/\/iraurgiberritzen.eus\/es\/las-personas-emprendedoras-de-la-comarca-trabajan-herramientas-para-fortalecer-la-motivacion-y-gestionar-las-emociones\/#breadcrumb","itemListElement":[{"@type":"ListItem","position":1,"name":"Home","item":"https:\/\/iraurgiberritzen.eus\/es\/"},{"@type":"ListItem","position":2,"name":"Las personas emprendedoras de la comarca trabajan herramientas para fortalecer la motivaci\u00f3n y gestionar las emociones"}]},{"@type":"WebSite","@id":"https:\/\/iraurgiberritzen.eus\/es\/#website","url":"https:\/\/iraurgiberritzen.eus\/es\/","name":"Iraurgi Berritzen","description":"Urola Erdiko Garapen Agentzia","publisher":{"@id":"https:\/\/iraurgiberritzen.eus\/es\/#organization"},"potentialAction":[{"@type":"SearchAction","target":{"@type":"EntryPoint","urlTemplate":"https:\/\/iraurgiberritzen.eus\/es\/?s={search_term_string}"},"query-input":{"@type":"PropertyValueSpecification","valueRequired":true,"valueName":"search_term_string"}}],"inLanguage":"es"},{"@type":"Organization","@id":"https:\/\/iraurgiberritzen.eus\/es\/#organization","name":"Iraurgi Berritzen","url":"https:\/\/iraurgiberritzen.eus\/es\/","logo":{"@type":"ImageObject","inLanguage":"es","@id":"https:\/\/iraurgiberritzen.eus\/es\/#\/schema\/logo\/image\/","url":"https:\/\/iraurgiberritzen.eus\/wp-content\/uploads\/2024\/02\/IRAURGI-BERRITZEN-logotipoa_2.png","contentUrl":"https:\/\/iraurgiberritzen.eus\/wp-content\/uploads\/2024\/02\/IRAURGI-BERRITZEN-logotipoa_2.png","width":496,"height":190,"caption":"Iraurgi Berritzen"},"image":{"@id":"https:\/\/iraurgiberritzen.eus\/es\/#\/schema\/logo\/image\/"}},{"@type":"Person","@id":"https:\/\/iraurgiberritzen.eus\/es\/#\/schema\/person\/a32c9825b3e2bfcbe757a97f6a15c8a5","name":"ainara"}]}},"_links":{"self":[{"href":"https:\/\/iraurgiberritzen.eus\/es\/wp-json\/wp\/v2\/posts\/21982","targetHints":{"allow":["GET"]}}],"collection":[{"href":"https:\/\/iraurgiberritzen.eus\/es\/wp-json\/wp\/v2\/posts"}],"about":[{"href":"https:\/\/iraurgiberritzen.eus\/es\/wp-json\/wp\/v2\/types\/post"}],"author":[{"embeddable":true,"href":"https:\/\/iraurgiberritzen.eus\/es\/wp-json\/wp\/v2\/users\/4"}],"replies":[{"embeddable":true,"href":"https:\/\/iraurgiberritzen.eus\/es\/wp-json\/wp\/v2\/comments?post=21982"}],"version-history":[{"count":2,"href":"https:\/\/iraurgiberritzen.eus\/es\/wp-json\/wp\/v2\/posts\/21982\/revisions"}],"predecessor-version":[{"id":21984,"href":"https:\/\/iraurgiberritzen.eus\/es\/wp-json\/wp\/v2\/posts\/21982\/revisions\/21984"}],"wp:featuredmedia":[{"embeddable":true,"href":"https:\/\/iraurgiberritzen.eus\/es\/wp-json\/wp\/v2\/media\/21980"}],"wp:attachment":[{"href":"https:\/\/iraurgiberritzen.eus\/es\/wp-json\/wp\/v2\/media?parent=21982"}],"wp:term":[{"taxonomy":"category","embeddable":true,"href":"https:\/\/iraurgiberritzen.eus\/es\/wp-json\/wp\/v2\/categories?post=21982"},{"taxonomy":"post_tag","embeddable":true,"href":"https:\/\/iraurgiberritzen.eus\/es\/wp-json\/wp\/v2\/tags?post=21982"}],"curies":[{"name":"wp","href":"https:\/\/api.w.org\/{rel}","templated":true}]}}