{"id":21993,"date":"2024-11-21T15:53:22","date_gmt":"2024-11-21T13:53:22","guid":{"rendered":"https:\/\/iraurgiberritzen.eus\/?p=21993"},"modified":"2024-11-21T17:26:56","modified_gmt":"2024-11-21T15:26:56","slug":"las-empresas-de-la-comarca-analizan-las-conclusiones-del-estudio-de-prospeccion-de-empleo-de-la-industria-de-urola-erdia-2","status":"publish","type":"post","link":"https:\/\/iraurgiberritzen.eus\/es\/las-empresas-de-la-comarca-analizan-las-conclusiones-del-estudio-de-prospeccion-de-empleo-de-la-industria-de-urola-erdia-2\/","title":{"rendered":"Las empresas de la comarca analizan las conclusiones del estudio de Prospecci\u00f3n de Empleo de la industria de Urola Erdia"},"content":{"rendered":"<h5><b><span data-contrast=\"auto\">En 2025 los ejes principales ser\u00e1n el impulso de la competitividad de la industria y el desarrollo de acciones para atraer talento. En los pr\u00f3ximos cinco a\u00f1os la industria de Urola Erdia necesitar\u00e1 incorporar a 100 personas.<\/span><\/b><span data-ccp-props=\"{&quot;134233117&quot;:false,&quot;134233118&quot;:false,&quot;335551550&quot;:6,&quot;335551620&quot;:6,&quot;335559738&quot;:240,&quot;335559739&quot;:240}\">\u00a0<\/span><\/h5>\n<p>&nbsp;<\/p>\n<p><span data-contrast=\"auto\">En el marco del modelo de gobernanza de Iraurgi Berritzen, el 21 de noviembre se ha celebrado en el Palacio Basazabal de Azpeitia la reuni\u00f3n de fin de a\u00f1o de Enpresa Gunea de Urola Erdia, con la participaci\u00f3n de representantes de las empresas industriales de la comarca que actualmente actualmente este espacio de colaboraci\u00f3n.<\/span><span data-ccp-props=\"{&quot;134233117&quot;:false,&quot;134233118&quot;:false,&quot;335551550&quot;:6,&quot;335551620&quot;:6,&quot;335559738&quot;:240,&quot;335559739&quot;:240}\">\u00a0<\/span><\/p>\n<p><span data-contrast=\"none\">En el encuentro se ha tratado, el <\/span><b><span data-contrast=\"none\">contexto econ\u00f3mico actual de la industria en la comarca, la valoraci\u00f3n de los resultados de los proyectos ejecutados en el a\u00f1o 2024, desde el \u00e1rea de empresa de Iraurgi Berritzen, as\u00ed como la previsi\u00f3n del plan de acci\u00f3n para 2025.<\/span><\/b><span data-ccp-props=\"{&quot;134233117&quot;:false,&quot;134233118&quot;:false,&quot;335551550&quot;:6,&quot;335551620&quot;:6,&quot;335559738&quot;:240,&quot;335559739&quot;:240}\">\u00a0<\/span><\/p>\n<p><span data-contrast=\"none\">En este sentido, en base al modelo de trabajo de IB, se continuar\u00e1 con el impulso de la <\/span><b><span data-contrast=\"none\">Competitividad Empresarial a trav\u00e9s de la capacitaci\u00f3n, abordando los temas propuestos por las empresas: transformaci\u00f3n digital, energ\u00edas renovables, econom\u00eda circular e innovaci\u00f3n tecnol\u00f3gica, gesti\u00f3n del talento de las personas, sentido del trabajo,<\/span><\/b> entre otros.<\/p>\n<p><span data-contrast=\"none\">Adem\u00e1s, en relaci\u00f3n al <\/span><b><span data-contrast=\"none\">Proceso de Reflexi\u00f3n Estrat\u00e9gico de Urola Erdia 2022-27,<\/span><\/b><span data-contrast=\"none\"> Enpresa Gunea ha realizado el seguimiento de diversos <\/span><b><span data-contrast=\"none\">proyectos en los que est\u00e1n participando las empresas industriales de la comarca<\/span><\/b><span data-contrast=\"none\">, con el objetivo de mejorar el posicionamiento de Urola Erdia.<\/span><span data-ccp-props=\"{&quot;134233117&quot;:false,&quot;134233118&quot;:false,&quot;335551550&quot;:6,&quot;335551620&quot;:6,&quot;335559738&quot;:0,&quot;335559739&quot;:0}\">\u00a0<\/span><\/p>\n<p><span data-contrast=\"auto\">En la segunda parte del encuentro, <strong>se han analizado los resultados extra\u00eddos del estudio de Prospecci\u00f3n de Empleo y se han evaluado las iniciativas para atraer talento, contando con la participaci\u00f3n de 18 empresas de la comarca<\/strong>. Como resultado de las entrevistas realizadas por Iraurgi Berritzen en 35 empresas industriales de Urola Erdia, <strong>se prev\u00e9 que la industria de la comarca incorporar\u00e1 a alrededor de 100 personas en los pr\u00f3ximos cinco a\u00f1os<\/strong>. Durante la sesi\u00f3n se han presentado las caracter\u00edsticas, competencias, &#8230; necesarias para estos perfiles y, de manera conjunta, se han valorado posibles acciones que las empresas y la comarca pueden llevar a cabo para alcanzar este objetivo.<\/span><span data-ccp-props=\"{&quot;134233117&quot;:false,&quot;134233118&quot;:false,&quot;335551550&quot;:6,&quot;335551620&quot;:6,&quot;335559738&quot;:0,&quot;335559739&quot;:0}\">\u00a0<\/span><\/p>\n","protected":false},"excerpt":{"rendered":"<p>En 2025 los ejes principales ser\u00e1n el impulso de la competitividad de la industria y el desarrollo de acciones para atraer talento. En los pr\u00f3ximos cinco a\u00f1os la industria de Urola Erdia necesitar\u00e1 incorporar a 100 personas.\u00a0 &nbsp; En el marco del modelo de gobernanza de Iraurgi Berritzen, el 21 de noviembre se ha celebrado [&hellip;]<\/p>\n","protected":false},"author":4,"featured_media":21986,"comment_status":"closed","ping_status":"closed","sticky":false,"template":"","format":"standard","meta":{"_acf_changed":false,"footnotes":""},"categories":[4],"tags":[],"class_list":["post-21993","post","type-post","status-publish","format-standard","has-post-thumbnail","hentry","category-noticias","arloak-enpresa"],"acf":[],"yoast_head":"<!-- This site is optimized with the Yoast SEO plugin v27.4 - https:\/\/yoast.com\/product\/yoast-seo-wordpress\/ -->\n<title>Las empresas de la comarca analizan las conclusiones del estudio de Prospecci\u00f3n de Empleo de la industria de Urola Erdia - Iraurgi Berritzen<\/title>\n<meta name=\"robots\" content=\"index, follow, max-snippet:-1, max-image-preview:large, max-video-preview:-1\" \/>\n<link rel=\"canonical\" href=\"https:\/\/iraurgiberritzen.eus\/es\/las-empresas-de-la-comarca-analizan-las-conclusiones-del-estudio-de-prospeccion-de-empleo-de-la-industria-de-urola-erdia-2\/\" \/>\n<meta property=\"og:locale\" content=\"es_ES\" \/>\n<meta property=\"og:type\" content=\"article\" \/>\n<meta property=\"og:title\" content=\"Las empresas de la comarca analizan las conclusiones del estudio de Prospecci\u00f3n de Empleo de la industria de Urola Erdia - Iraurgi Berritzen\" \/>\n<meta property=\"og:description\" content=\"En 2025 los ejes principales ser\u00e1n el impulso de la competitividad de la industria y el desarrollo de acciones para atraer talento. En los pr\u00f3ximos cinco a\u00f1os la industria de Urola Erdia necesitar\u00e1 incorporar a 100 personas.\u00a0 &nbsp; En el marco del modelo de gobernanza de Iraurgi Berritzen, el 21 de noviembre se ha celebrado [&hellip;]\" \/>\n<meta property=\"og:url\" content=\"https:\/\/iraurgiberritzen.eus\/es\/las-empresas-de-la-comarca-analizan-las-conclusiones-del-estudio-de-prospeccion-de-empleo-de-la-industria-de-urola-erdia-2\/\" \/>\n<meta property=\"og:site_name\" content=\"Iraurgi Berritzen\" \/>\n<meta property=\"article:published_time\" content=\"2024-11-21T13:53:22+00:00\" \/>\n<meta property=\"article:modified_time\" content=\"2024-11-21T15:26:56+00:00\" \/>\n<meta property=\"og:image\" content=\"https:\/\/iraurgiberritzen.eus\/wp-content\/uploads\/2024\/11\/WhatsApp-Image-2024-11-21-at-14.42.48-scaled.jpeg\" \/>\n\t<meta property=\"og:image:width\" content=\"2560\" \/>\n\t<meta property=\"og:image:height\" content=\"1920\" \/>\n\t<meta property=\"og:image:type\" content=\"image\/jpeg\" \/>\n<meta name=\"author\" content=\"ainara\" \/>\n<meta name=\"twitter:card\" content=\"summary_large_image\" \/>\n<meta name=\"twitter:label1\" content=\"Escrito por\" \/>\n\t<meta name=\"twitter:data1\" content=\"ainara\" \/>\n\t<meta name=\"twitter:label2\" content=\"Tiempo de lectura\" \/>\n\t<meta name=\"twitter:data2\" content=\"3 minutos\" \/>\n<script type=\"application\/ld+json\" class=\"yoast-schema-graph\">{\"@context\":\"https:\\\/\\\/schema.org\",\"@graph\":[{\"@type\":\"Article\",\"@id\":\"https:\\\/\\\/iraurgiberritzen.eus\\\/es\\\/las-empresas-de-la-comarca-analizan-las-conclusiones-del-estudio-de-prospeccion-de-empleo-de-la-industria-de-urola-erdia-2\\\/#article\",\"isPartOf\":{\"@id\":\"https:\\\/\\\/iraurgiberritzen.eus\\\/es\\\/las-empresas-de-la-comarca-analizan-las-conclusiones-del-estudio-de-prospeccion-de-empleo-de-la-industria-de-urola-erdia-2\\\/\"},\"author\":{\"name\":\"ainara\",\"@id\":\"https:\\\/\\\/iraurgiberritzen.eus\\\/es\\\/#\\\/schema\\\/person\\\/a32c9825b3e2bfcbe757a97f6a15c8a5\"},\"headline\":\"Las empresas de la comarca analizan las conclusiones del estudio de Prospecci\u00f3n de Empleo de la industria de Urola Erdia\",\"datePublished\":\"2024-11-21T13:53:22+00:00\",\"dateModified\":\"2024-11-21T15:26:56+00:00\",\"mainEntityOfPage\":{\"@id\":\"https:\\\/\\\/iraurgiberritzen.eus\\\/es\\\/las-empresas-de-la-comarca-analizan-las-conclusiones-del-estudio-de-prospeccion-de-empleo-de-la-industria-de-urola-erdia-2\\\/\"},\"wordCount\":386,\"publisher\":{\"@id\":\"https:\\\/\\\/iraurgiberritzen.eus\\\/es\\\/#organization\"},\"image\":{\"@id\":\"https:\\\/\\\/iraurgiberritzen.eus\\\/es\\\/las-empresas-de-la-comarca-analizan-las-conclusiones-del-estudio-de-prospeccion-de-empleo-de-la-industria-de-urola-erdia-2\\\/#primaryimage\"},\"thumbnailUrl\":\"https:\\\/\\\/iraurgiberritzen.eus\\\/wp-content\\\/uploads\\\/2024\\\/11\\\/WhatsApp-Image-2024-11-21-at-14.42.48-scaled.jpeg\",\"articleSection\":[\"Noticias\"],\"inLanguage\":\"es\"},{\"@type\":\"WebPage\",\"@id\":\"https:\\\/\\\/iraurgiberritzen.eus\\\/es\\\/las-empresas-de-la-comarca-analizan-las-conclusiones-del-estudio-de-prospeccion-de-empleo-de-la-industria-de-urola-erdia-2\\\/\",\"url\":\"https:\\\/\\\/iraurgiberritzen.eus\\\/es\\\/las-empresas-de-la-comarca-analizan-las-conclusiones-del-estudio-de-prospeccion-de-empleo-de-la-industria-de-urola-erdia-2\\\/\",\"name\":\"Las empresas de la comarca analizan las conclusiones del estudio de Prospecci\u00f3n de Empleo de la industria de Urola Erdia - Iraurgi Berritzen\",\"isPartOf\":{\"@id\":\"https:\\\/\\\/iraurgiberritzen.eus\\\/es\\\/#website\"},\"primaryImageOfPage\":{\"@id\":\"https:\\\/\\\/iraurgiberritzen.eus\\\/es\\\/las-empresas-de-la-comarca-analizan-las-conclusiones-del-estudio-de-prospeccion-de-empleo-de-la-industria-de-urola-erdia-2\\\/#primaryimage\"},\"image\":{\"@id\":\"https:\\\/\\\/iraurgiberritzen.eus\\\/es\\\/las-empresas-de-la-comarca-analizan-las-conclusiones-del-estudio-de-prospeccion-de-empleo-de-la-industria-de-urola-erdia-2\\\/#primaryimage\"},\"thumbnailUrl\":\"https:\\\/\\\/iraurgiberritzen.eus\\\/wp-content\\\/uploads\\\/2024\\\/11\\\/WhatsApp-Image-2024-11-21-at-14.42.48-scaled.jpeg\",\"datePublished\":\"2024-11-21T13:53:22+00:00\",\"dateModified\":\"2024-11-21T15:26:56+00:00\",\"breadcrumb\":{\"@id\":\"https:\\\/\\\/iraurgiberritzen.eus\\\/es\\\/las-empresas-de-la-comarca-analizan-las-conclusiones-del-estudio-de-prospeccion-de-empleo-de-la-industria-de-urola-erdia-2\\\/#breadcrumb\"},\"inLanguage\":\"es\",\"potentialAction\":[{\"@type\":\"ReadAction\",\"target\":[\"https:\\\/\\\/iraurgiberritzen.eus\\\/es\\\/las-empresas-de-la-comarca-analizan-las-conclusiones-del-estudio-de-prospeccion-de-empleo-de-la-industria-de-urola-erdia-2\\\/\"]}]},{\"@type\":\"ImageObject\",\"inLanguage\":\"es\",\"@id\":\"https:\\\/\\\/iraurgiberritzen.eus\\\/es\\\/las-empresas-de-la-comarca-analizan-las-conclusiones-del-estudio-de-prospeccion-de-empleo-de-la-industria-de-urola-erdia-2\\\/#primaryimage\",\"url\":\"https:\\\/\\\/iraurgiberritzen.eus\\\/wp-content\\\/uploads\\\/2024\\\/11\\\/WhatsApp-Image-2024-11-21-at-14.42.48-scaled.jpeg\",\"contentUrl\":\"https:\\\/\\\/iraurgiberritzen.eus\\\/wp-content\\\/uploads\\\/2024\\\/11\\\/WhatsApp-Image-2024-11-21-at-14.42.48-scaled.jpeg\",\"width\":2560,\"height\":1920},{\"@type\":\"BreadcrumbList\",\"@id\":\"https:\\\/\\\/iraurgiberritzen.eus\\\/es\\\/las-empresas-de-la-comarca-analizan-las-conclusiones-del-estudio-de-prospeccion-de-empleo-de-la-industria-de-urola-erdia-2\\\/#breadcrumb\",\"itemListElement\":[{\"@type\":\"ListItem\",\"position\":1,\"name\":\"Home\",\"item\":\"https:\\\/\\\/iraurgiberritzen.eus\\\/es\\\/\"},{\"@type\":\"ListItem\",\"position\":2,\"name\":\"Las empresas de la comarca analizan las conclusiones del estudio de Prospecci\u00f3n de Empleo de la industria de Urola Erdia\"}]},{\"@type\":\"WebSite\",\"@id\":\"https:\\\/\\\/iraurgiberritzen.eus\\\/es\\\/#website\",\"url\":\"https:\\\/\\\/iraurgiberritzen.eus\\\/es\\\/\",\"name\":\"Iraurgi Berritzen\",\"description\":\"Urola Erdiko Garapen Agentzia\",\"publisher\":{\"@id\":\"https:\\\/\\\/iraurgiberritzen.eus\\\/es\\\/#organization\"},\"potentialAction\":[{\"@type\":\"SearchAction\",\"target\":{\"@type\":\"EntryPoint\",\"urlTemplate\":\"https:\\\/\\\/iraurgiberritzen.eus\\\/es\\\/?s={search_term_string}\"},\"query-input\":{\"@type\":\"PropertyValueSpecification\",\"valueRequired\":true,\"valueName\":\"search_term_string\"}}],\"inLanguage\":\"es\"},{\"@type\":\"Organization\",\"@id\":\"https:\\\/\\\/iraurgiberritzen.eus\\\/es\\\/#organization\",\"name\":\"Iraurgi Berritzen\",\"url\":\"https:\\\/\\\/iraurgiberritzen.eus\\\/es\\\/\",\"logo\":{\"@type\":\"ImageObject\",\"inLanguage\":\"es\",\"@id\":\"https:\\\/\\\/iraurgiberritzen.eus\\\/es\\\/#\\\/schema\\\/logo\\\/image\\\/\",\"url\":\"https:\\\/\\\/iraurgiberritzen.eus\\\/wp-content\\\/uploads\\\/2024\\\/02\\\/IRAURGI-BERRITZEN-logotipoa_2.png\",\"contentUrl\":\"https:\\\/\\\/iraurgiberritzen.eus\\\/wp-content\\\/uploads\\\/2024\\\/02\\\/IRAURGI-BERRITZEN-logotipoa_2.png\",\"width\":496,\"height\":190,\"caption\":\"Iraurgi Berritzen\"},\"image\":{\"@id\":\"https:\\\/\\\/iraurgiberritzen.eus\\\/es\\\/#\\\/schema\\\/logo\\\/image\\\/\"}},{\"@type\":\"Person\",\"@id\":\"https:\\\/\\\/iraurgiberritzen.eus\\\/es\\\/#\\\/schema\\\/person\\\/a32c9825b3e2bfcbe757a97f6a15c8a5\",\"name\":\"ainara\"}]}<\/script>\n<!-- \/ Yoast SEO plugin. -->","yoast_head_json":{"title":"Las empresas de la comarca analizan las conclusiones del estudio de Prospecci\u00f3n de Empleo de la industria de Urola Erdia - Iraurgi Berritzen","robots":{"index":"index","follow":"follow","max-snippet":"max-snippet:-1","max-image-preview":"max-image-preview:large","max-video-preview":"max-video-preview:-1"},"canonical":"https:\/\/iraurgiberritzen.eus\/es\/las-empresas-de-la-comarca-analizan-las-conclusiones-del-estudio-de-prospeccion-de-empleo-de-la-industria-de-urola-erdia-2\/","og_locale":"es_ES","og_type":"article","og_title":"Las empresas de la comarca analizan las conclusiones del estudio de Prospecci\u00f3n de Empleo de la industria de Urola Erdia - Iraurgi Berritzen","og_description":"En 2025 los ejes principales ser\u00e1n el impulso de la competitividad de la industria y el desarrollo de acciones para atraer talento. En los pr\u00f3ximos cinco a\u00f1os la industria de Urola Erdia necesitar\u00e1 incorporar a 100 personas.\u00a0 &nbsp; En el marco del modelo de gobernanza de Iraurgi Berritzen, el 21 de noviembre se ha celebrado [&hellip;]","og_url":"https:\/\/iraurgiberritzen.eus\/es\/las-empresas-de-la-comarca-analizan-las-conclusiones-del-estudio-de-prospeccion-de-empleo-de-la-industria-de-urola-erdia-2\/","og_site_name":"Iraurgi Berritzen","article_published_time":"2024-11-21T13:53:22+00:00","article_modified_time":"2024-11-21T15:26:56+00:00","og_image":[{"width":2560,"height":1920,"url":"https:\/\/iraurgiberritzen.eus\/wp-content\/uploads\/2024\/11\/WhatsApp-Image-2024-11-21-at-14.42.48-scaled.jpeg","type":"image\/jpeg"}],"author":"ainara","twitter_card":"summary_large_image","twitter_misc":{"Escrito por":"ainara","Tiempo de lectura":"3 minutos"},"schema":{"@context":"https:\/\/schema.org","@graph":[{"@type":"Article","@id":"https:\/\/iraurgiberritzen.eus\/es\/las-empresas-de-la-comarca-analizan-las-conclusiones-del-estudio-de-prospeccion-de-empleo-de-la-industria-de-urola-erdia-2\/#article","isPartOf":{"@id":"https:\/\/iraurgiberritzen.eus\/es\/las-empresas-de-la-comarca-analizan-las-conclusiones-del-estudio-de-prospeccion-de-empleo-de-la-industria-de-urola-erdia-2\/"},"author":{"name":"ainara","@id":"https:\/\/iraurgiberritzen.eus\/es\/#\/schema\/person\/a32c9825b3e2bfcbe757a97f6a15c8a5"},"headline":"Las empresas de la comarca analizan las conclusiones del estudio de Prospecci\u00f3n de Empleo de la industria de Urola Erdia","datePublished":"2024-11-21T13:53:22+00:00","dateModified":"2024-11-21T15:26:56+00:00","mainEntityOfPage":{"@id":"https:\/\/iraurgiberritzen.eus\/es\/las-empresas-de-la-comarca-analizan-las-conclusiones-del-estudio-de-prospeccion-de-empleo-de-la-industria-de-urola-erdia-2\/"},"wordCount":386,"publisher":{"@id":"https:\/\/iraurgiberritzen.eus\/es\/#organization"},"image":{"@id":"https:\/\/iraurgiberritzen.eus\/es\/las-empresas-de-la-comarca-analizan-las-conclusiones-del-estudio-de-prospeccion-de-empleo-de-la-industria-de-urola-erdia-2\/#primaryimage"},"thumbnailUrl":"https:\/\/iraurgiberritzen.eus\/wp-content\/uploads\/2024\/11\/WhatsApp-Image-2024-11-21-at-14.42.48-scaled.jpeg","articleSection":["Noticias"],"inLanguage":"es"},{"@type":"WebPage","@id":"https:\/\/iraurgiberritzen.eus\/es\/las-empresas-de-la-comarca-analizan-las-conclusiones-del-estudio-de-prospeccion-de-empleo-de-la-industria-de-urola-erdia-2\/","url":"https:\/\/iraurgiberritzen.eus\/es\/las-empresas-de-la-comarca-analizan-las-conclusiones-del-estudio-de-prospeccion-de-empleo-de-la-industria-de-urola-erdia-2\/","name":"Las empresas de la comarca analizan las conclusiones del estudio de Prospecci\u00f3n de Empleo de la industria de Urola Erdia - Iraurgi Berritzen","isPartOf":{"@id":"https:\/\/iraurgiberritzen.eus\/es\/#website"},"primaryImageOfPage":{"@id":"https:\/\/iraurgiberritzen.eus\/es\/las-empresas-de-la-comarca-analizan-las-conclusiones-del-estudio-de-prospeccion-de-empleo-de-la-industria-de-urola-erdia-2\/#primaryimage"},"image":{"@id":"https:\/\/iraurgiberritzen.eus\/es\/las-empresas-de-la-comarca-analizan-las-conclusiones-del-estudio-de-prospeccion-de-empleo-de-la-industria-de-urola-erdia-2\/#primaryimage"},"thumbnailUrl":"https:\/\/iraurgiberritzen.eus\/wp-content\/uploads\/2024\/11\/WhatsApp-Image-2024-11-21-at-14.42.48-scaled.jpeg","datePublished":"2024-11-21T13:53:22+00:00","dateModified":"2024-11-21T15:26:56+00:00","breadcrumb":{"@id":"https:\/\/iraurgiberritzen.eus\/es\/las-empresas-de-la-comarca-analizan-las-conclusiones-del-estudio-de-prospeccion-de-empleo-de-la-industria-de-urola-erdia-2\/#breadcrumb"},"inLanguage":"es","potentialAction":[{"@type":"ReadAction","target":["https:\/\/iraurgiberritzen.eus\/es\/las-empresas-de-la-comarca-analizan-las-conclusiones-del-estudio-de-prospeccion-de-empleo-de-la-industria-de-urola-erdia-2\/"]}]},{"@type":"ImageObject","inLanguage":"es","@id":"https:\/\/iraurgiberritzen.eus\/es\/las-empresas-de-la-comarca-analizan-las-conclusiones-del-estudio-de-prospeccion-de-empleo-de-la-industria-de-urola-erdia-2\/#primaryimage","url":"https:\/\/iraurgiberritzen.eus\/wp-content\/uploads\/2024\/11\/WhatsApp-Image-2024-11-21-at-14.42.48-scaled.jpeg","contentUrl":"https:\/\/iraurgiberritzen.eus\/wp-content\/uploads\/2024\/11\/WhatsApp-Image-2024-11-21-at-14.42.48-scaled.jpeg","width":2560,"height":1920},{"@type":"BreadcrumbList","@id":"https:\/\/iraurgiberritzen.eus\/es\/las-empresas-de-la-comarca-analizan-las-conclusiones-del-estudio-de-prospeccion-de-empleo-de-la-industria-de-urola-erdia-2\/#breadcrumb","itemListElement":[{"@type":"ListItem","position":1,"name":"Home","item":"https:\/\/iraurgiberritzen.eus\/es\/"},{"@type":"ListItem","position":2,"name":"Las empresas de la comarca analizan las conclusiones del estudio de Prospecci\u00f3n de Empleo de la industria de Urola Erdia"}]},{"@type":"WebSite","@id":"https:\/\/iraurgiberritzen.eus\/es\/#website","url":"https:\/\/iraurgiberritzen.eus\/es\/","name":"Iraurgi Berritzen","description":"Urola Erdiko Garapen Agentzia","publisher":{"@id":"https:\/\/iraurgiberritzen.eus\/es\/#organization"},"potentialAction":[{"@type":"SearchAction","target":{"@type":"EntryPoint","urlTemplate":"https:\/\/iraurgiberritzen.eus\/es\/?s={search_term_string}"},"query-input":{"@type":"PropertyValueSpecification","valueRequired":true,"valueName":"search_term_string"}}],"inLanguage":"es"},{"@type":"Organization","@id":"https:\/\/iraurgiberritzen.eus\/es\/#organization","name":"Iraurgi Berritzen","url":"https:\/\/iraurgiberritzen.eus\/es\/","logo":{"@type":"ImageObject","inLanguage":"es","@id":"https:\/\/iraurgiberritzen.eus\/es\/#\/schema\/logo\/image\/","url":"https:\/\/iraurgiberritzen.eus\/wp-content\/uploads\/2024\/02\/IRAURGI-BERRITZEN-logotipoa_2.png","contentUrl":"https:\/\/iraurgiberritzen.eus\/wp-content\/uploads\/2024\/02\/IRAURGI-BERRITZEN-logotipoa_2.png","width":496,"height":190,"caption":"Iraurgi Berritzen"},"image":{"@id":"https:\/\/iraurgiberritzen.eus\/es\/#\/schema\/logo\/image\/"}},{"@type":"Person","@id":"https:\/\/iraurgiberritzen.eus\/es\/#\/schema\/person\/a32c9825b3e2bfcbe757a97f6a15c8a5","name":"ainara"}]}},"_links":{"self":[{"href":"https:\/\/iraurgiberritzen.eus\/es\/wp-json\/wp\/v2\/posts\/21993","targetHints":{"allow":["GET"]}}],"collection":[{"href":"https:\/\/iraurgiberritzen.eus\/es\/wp-json\/wp\/v2\/posts"}],"about":[{"href":"https:\/\/iraurgiberritzen.eus\/es\/wp-json\/wp\/v2\/types\/post"}],"author":[{"embeddable":true,"href":"https:\/\/iraurgiberritzen.eus\/es\/wp-json\/wp\/v2\/users\/4"}],"replies":[{"embeddable":true,"href":"https:\/\/iraurgiberritzen.eus\/es\/wp-json\/wp\/v2\/comments?post=21993"}],"version-history":[{"count":3,"href":"https:\/\/iraurgiberritzen.eus\/es\/wp-json\/wp\/v2\/posts\/21993\/revisions"}],"predecessor-version":[{"id":21996,"href":"https:\/\/iraurgiberritzen.eus\/es\/wp-json\/wp\/v2\/posts\/21993\/revisions\/21996"}],"wp:featuredmedia":[{"embeddable":true,"href":"https:\/\/iraurgiberritzen.eus\/es\/wp-json\/wp\/v2\/media\/21986"}],"wp:attachment":[{"href":"https:\/\/iraurgiberritzen.eus\/es\/wp-json\/wp\/v2\/media?parent=21993"}],"wp:term":[{"taxonomy":"category","embeddable":true,"href":"https:\/\/iraurgiberritzen.eus\/es\/wp-json\/wp\/v2\/categories?post=21993"},{"taxonomy":"post_tag","embeddable":true,"href":"https:\/\/iraurgiberritzen.eus\/es\/wp-json\/wp\/v2\/tags?post=21993"}],"curies":[{"name":"wp","href":"https:\/\/api.w.org\/{rel}","templated":true}]}}