{"id":22033,"date":"2024-11-28T17:49:44","date_gmt":"2024-11-28T15:49:44","guid":{"rendered":"https:\/\/iraurgiberritzen.eus\/?p=22033"},"modified":"2024-11-28T17:49:44","modified_gmt":"2024-11-28T15:49:44","slug":"agentes-de-urolanekin-sarea-comparten-la-estrategia-elkarekin-y-las-tendencias-actuales-del-mercado-de-trabajo","status":"publish","type":"post","link":"https:\/\/iraurgiberritzen.eus\/es\/agentes-de-urolanekin-sarea-comparten-la-estrategia-elkarekin-y-las-tendencias-actuales-del-mercado-de-trabajo\/","title":{"rendered":"Agentes de UrolanEkin Sarea comparten la Estrategia ElkarEkin y las tendencias actuales del Mercado de Trabajo"},"content":{"rendered":"<p><span data-contrast=\"auto\">Ayer, 27 de noviembre de 2024, se llev\u00f3 a cabo en el Palacio Basazabal de Azpeitia un taller formativo dentro del proyecto ElkarEkin, contando con la participaci\u00f3n de diversos agentes que conforman UrolanEkin Sarea (red de colaboraci\u00f3n entre agentes que trabajan a favor de la inserci\u00f3n sociolaboral de personas en situaci\u00f3n o riesgo de vulnerabilidad en Urola Medio)<\/span><span data-ccp-props=\"{&quot;134233117&quot;:false,&quot;134233118&quot;:false,&quot;335559738&quot;:0,&quot;335559739&quot;:0}\">\u00a0<\/span><\/p>\n<p><span data-contrast=\"auto\">La primera parte del taller se centr\u00f3 en la Estrategia ElkarEkin de la Diputaci\u00f3n Foral de Gipuzkoa y la Gobernanza Colaborativa, de la mano de Fernando Consuegra, Coordinador General de Sartu Taldea. Posteriormente, los consultores de Prospektiker I\u00f1aki Elzaurdi y Borja Pulido <\/span><span data-contrast=\"auto\">trataron sobre los recursos o fuentes de informaci\u00f3n y las tendencias actuales del mercado laboral.<\/span><span data-ccp-props=\"{&quot;134233117&quot;:false,&quot;134233118&quot;:false,&quot;335559738&quot;:0,&quot;335559739&quot;:0}\">\u00a0<\/span><\/p>\n<p><span data-contrast=\"auto\">En cuanto a los pr\u00f3ximos pasos, los agentes de UrolanEkin Sarea identificar\u00e1n los temas prioritarios a trabajar de cara al pr\u00f3ximo a\u00f1o bajo la direcci\u00f3n de la secretar\u00eda t\u00e9cnica del proyecto ElkarEkin Lanean y en colaboraci\u00f3n con el equipo de trabajo de Empleo y Formaci\u00f3n de Iraurgi Berritzen.<\/span><span data-ccp-props=\"{&quot;134233117&quot;:false,&quot;134233118&quot;:false,&quot;335559738&quot;:0,&quot;335559739&quot;:0}\">\u00a0<\/span><\/p>\n<p><span data-ccp-props=\"{&quot;134233117&quot;:false,&quot;134233118&quot;:false,&quot;335559738&quot;:0,&quot;335559739&quot;:0}\">\u00a0<\/span><\/p>\n","protected":false},"excerpt":{"rendered":"<p>Ayer, 27 de noviembre de 2024, se llev\u00f3 a cabo en el Palacio Basazabal de Azpeitia un taller formativo dentro del proyecto ElkarEkin, contando con la participaci\u00f3n de diversos agentes que conforman UrolanEkin Sarea (red de colaboraci\u00f3n entre agentes que trabajan a favor de la inserci\u00f3n sociolaboral de personas en situaci\u00f3n o riesgo de vulnerabilidad [&hellip;]<\/p>\n","protected":false},"author":4,"featured_media":22031,"comment_status":"closed","ping_status":"closed","sticky":false,"template":"","format":"standard","meta":{"_acf_changed":false,"footnotes":""},"categories":[4],"tags":[],"class_list":["post-22033","post","type-post","status-publish","format-standard","has-post-thumbnail","hentry","category-noticias","arloak-empleo"],"acf":[],"yoast_head":"<!-- This site is optimized with the Yoast SEO plugin v27.4 - https:\/\/yoast.com\/product\/yoast-seo-wordpress\/ -->\n<title>Agentes de UrolanEkin Sarea comparten la Estrategia ElkarEkin y las tendencias actuales del Mercado de Trabajo - Iraurgi Berritzen<\/title>\n<meta name=\"robots\" content=\"index, follow, max-snippet:-1, max-image-preview:large, max-video-preview:-1\" \/>\n<link rel=\"canonical\" href=\"https:\/\/iraurgiberritzen.eus\/es\/agentes-de-urolanekin-sarea-comparten-la-estrategia-elkarekin-y-las-tendencias-actuales-del-mercado-de-trabajo\/\" \/>\n<meta property=\"og:locale\" content=\"es_ES\" \/>\n<meta property=\"og:type\" content=\"article\" \/>\n<meta property=\"og:title\" content=\"Agentes de UrolanEkin Sarea comparten la Estrategia ElkarEkin y las tendencias actuales del Mercado de Trabajo - Iraurgi Berritzen\" \/>\n<meta property=\"og:description\" content=\"Ayer, 27 de noviembre de 2024, se llev\u00f3 a cabo en el Palacio Basazabal de Azpeitia un taller formativo dentro del proyecto ElkarEkin, contando con la participaci\u00f3n de diversos agentes que conforman UrolanEkin Sarea (red de colaboraci\u00f3n entre agentes que trabajan a favor de la inserci\u00f3n sociolaboral de personas en situaci\u00f3n o riesgo de vulnerabilidad [&hellip;]\" \/>\n<meta property=\"og:url\" content=\"https:\/\/iraurgiberritzen.eus\/es\/agentes-de-urolanekin-sarea-comparten-la-estrategia-elkarekin-y-las-tendencias-actuales-del-mercado-de-trabajo\/\" \/>\n<meta property=\"og:site_name\" content=\"Iraurgi Berritzen\" \/>\n<meta property=\"article:published_time\" content=\"2024-11-28T15:49:44+00:00\" \/>\n<meta property=\"og:image\" content=\"https:\/\/iraurgiberritzen.eus\/wp-content\/uploads\/2024\/11\/WhatsApp-Image-2024-11-28-at-09.05.55-scaled.jpeg\" \/>\n\t<meta property=\"og:image:width\" content=\"2560\" \/>\n\t<meta property=\"og:image:height\" content=\"1920\" \/>\n\t<meta property=\"og:image:type\" content=\"image\/jpeg\" \/>\n<meta name=\"author\" content=\"ainara\" \/>\n<meta name=\"twitter:card\" content=\"summary_large_image\" \/>\n<meta name=\"twitter:label1\" content=\"Escrito por\" \/>\n\t<meta name=\"twitter:data1\" content=\"ainara\" \/>\n\t<meta name=\"twitter:label2\" content=\"Tiempo de lectura\" \/>\n\t<meta name=\"twitter:data2\" content=\"1 minuto\" \/>\n<script type=\"application\/ld+json\" class=\"yoast-schema-graph\">{\"@context\":\"https:\\\/\\\/schema.org\",\"@graph\":[{\"@type\":\"Article\",\"@id\":\"https:\\\/\\\/iraurgiberritzen.eus\\\/es\\\/agentes-de-urolanekin-sarea-comparten-la-estrategia-elkarekin-y-las-tendencias-actuales-del-mercado-de-trabajo\\\/#article\",\"isPartOf\":{\"@id\":\"https:\\\/\\\/iraurgiberritzen.eus\\\/es\\\/agentes-de-urolanekin-sarea-comparten-la-estrategia-elkarekin-y-las-tendencias-actuales-del-mercado-de-trabajo\\\/\"},\"author\":{\"name\":\"ainara\",\"@id\":\"https:\\\/\\\/iraurgiberritzen.eus\\\/es\\\/#\\\/schema\\\/person\\\/a32c9825b3e2bfcbe757a97f6a15c8a5\"},\"headline\":\"Agentes de UrolanEkin Sarea comparten la Estrategia ElkarEkin y las tendencias actuales del Mercado de Trabajo\",\"datePublished\":\"2024-11-28T15:49:44+00:00\",\"mainEntityOfPage\":{\"@id\":\"https:\\\/\\\/iraurgiberritzen.eus\\\/es\\\/agentes-de-urolanekin-sarea-comparten-la-estrategia-elkarekin-y-las-tendencias-actuales-del-mercado-de-trabajo\\\/\"},\"wordCount\":193,\"publisher\":{\"@id\":\"https:\\\/\\\/iraurgiberritzen.eus\\\/es\\\/#organization\"},\"image\":{\"@id\":\"https:\\\/\\\/iraurgiberritzen.eus\\\/es\\\/agentes-de-urolanekin-sarea-comparten-la-estrategia-elkarekin-y-las-tendencias-actuales-del-mercado-de-trabajo\\\/#primaryimage\"},\"thumbnailUrl\":\"https:\\\/\\\/iraurgiberritzen.eus\\\/wp-content\\\/uploads\\\/2024\\\/11\\\/WhatsApp-Image-2024-11-28-at-09.05.55-scaled.jpeg\",\"articleSection\":[\"Noticias\"],\"inLanguage\":\"es\"},{\"@type\":\"WebPage\",\"@id\":\"https:\\\/\\\/iraurgiberritzen.eus\\\/es\\\/agentes-de-urolanekin-sarea-comparten-la-estrategia-elkarekin-y-las-tendencias-actuales-del-mercado-de-trabajo\\\/\",\"url\":\"https:\\\/\\\/iraurgiberritzen.eus\\\/es\\\/agentes-de-urolanekin-sarea-comparten-la-estrategia-elkarekin-y-las-tendencias-actuales-del-mercado-de-trabajo\\\/\",\"name\":\"Agentes de UrolanEkin Sarea comparten la Estrategia ElkarEkin y las tendencias actuales del Mercado de Trabajo - Iraurgi Berritzen\",\"isPartOf\":{\"@id\":\"https:\\\/\\\/iraurgiberritzen.eus\\\/es\\\/#website\"},\"primaryImageOfPage\":{\"@id\":\"https:\\\/\\\/iraurgiberritzen.eus\\\/es\\\/agentes-de-urolanekin-sarea-comparten-la-estrategia-elkarekin-y-las-tendencias-actuales-del-mercado-de-trabajo\\\/#primaryimage\"},\"image\":{\"@id\":\"https:\\\/\\\/iraurgiberritzen.eus\\\/es\\\/agentes-de-urolanekin-sarea-comparten-la-estrategia-elkarekin-y-las-tendencias-actuales-del-mercado-de-trabajo\\\/#primaryimage\"},\"thumbnailUrl\":\"https:\\\/\\\/iraurgiberritzen.eus\\\/wp-content\\\/uploads\\\/2024\\\/11\\\/WhatsApp-Image-2024-11-28-at-09.05.55-scaled.jpeg\",\"datePublished\":\"2024-11-28T15:49:44+00:00\",\"breadcrumb\":{\"@id\":\"https:\\\/\\\/iraurgiberritzen.eus\\\/es\\\/agentes-de-urolanekin-sarea-comparten-la-estrategia-elkarekin-y-las-tendencias-actuales-del-mercado-de-trabajo\\\/#breadcrumb\"},\"inLanguage\":\"es\",\"potentialAction\":[{\"@type\":\"ReadAction\",\"target\":[\"https:\\\/\\\/iraurgiberritzen.eus\\\/es\\\/agentes-de-urolanekin-sarea-comparten-la-estrategia-elkarekin-y-las-tendencias-actuales-del-mercado-de-trabajo\\\/\"]}]},{\"@type\":\"ImageObject\",\"inLanguage\":\"es\",\"@id\":\"https:\\\/\\\/iraurgiberritzen.eus\\\/es\\\/agentes-de-urolanekin-sarea-comparten-la-estrategia-elkarekin-y-las-tendencias-actuales-del-mercado-de-trabajo\\\/#primaryimage\",\"url\":\"https:\\\/\\\/iraurgiberritzen.eus\\\/wp-content\\\/uploads\\\/2024\\\/11\\\/WhatsApp-Image-2024-11-28-at-09.05.55-scaled.jpeg\",\"contentUrl\":\"https:\\\/\\\/iraurgiberritzen.eus\\\/wp-content\\\/uploads\\\/2024\\\/11\\\/WhatsApp-Image-2024-11-28-at-09.05.55-scaled.jpeg\",\"width\":2560,\"height\":1920},{\"@type\":\"BreadcrumbList\",\"@id\":\"https:\\\/\\\/iraurgiberritzen.eus\\\/es\\\/agentes-de-urolanekin-sarea-comparten-la-estrategia-elkarekin-y-las-tendencias-actuales-del-mercado-de-trabajo\\\/#breadcrumb\",\"itemListElement\":[{\"@type\":\"ListItem\",\"position\":1,\"name\":\"Home\",\"item\":\"https:\\\/\\\/iraurgiberritzen.eus\\\/es\\\/\"},{\"@type\":\"ListItem\",\"position\":2,\"name\":\"Agentes de UrolanEkin Sarea comparten la Estrategia ElkarEkin y las tendencias actuales del Mercado de Trabajo\"}]},{\"@type\":\"WebSite\",\"@id\":\"https:\\\/\\\/iraurgiberritzen.eus\\\/es\\\/#website\",\"url\":\"https:\\\/\\\/iraurgiberritzen.eus\\\/es\\\/\",\"name\":\"Iraurgi Berritzen\",\"description\":\"Urola Erdiko Garapen Agentzia\",\"publisher\":{\"@id\":\"https:\\\/\\\/iraurgiberritzen.eus\\\/es\\\/#organization\"},\"potentialAction\":[{\"@type\":\"SearchAction\",\"target\":{\"@type\":\"EntryPoint\",\"urlTemplate\":\"https:\\\/\\\/iraurgiberritzen.eus\\\/es\\\/?s={search_term_string}\"},\"query-input\":{\"@type\":\"PropertyValueSpecification\",\"valueRequired\":true,\"valueName\":\"search_term_string\"}}],\"inLanguage\":\"es\"},{\"@type\":\"Organization\",\"@id\":\"https:\\\/\\\/iraurgiberritzen.eus\\\/es\\\/#organization\",\"name\":\"Iraurgi Berritzen\",\"url\":\"https:\\\/\\\/iraurgiberritzen.eus\\\/es\\\/\",\"logo\":{\"@type\":\"ImageObject\",\"inLanguage\":\"es\",\"@id\":\"https:\\\/\\\/iraurgiberritzen.eus\\\/es\\\/#\\\/schema\\\/logo\\\/image\\\/\",\"url\":\"https:\\\/\\\/iraurgiberritzen.eus\\\/wp-content\\\/uploads\\\/2024\\\/02\\\/IRAURGI-BERRITZEN-logotipoa_2.png\",\"contentUrl\":\"https:\\\/\\\/iraurgiberritzen.eus\\\/wp-content\\\/uploads\\\/2024\\\/02\\\/IRAURGI-BERRITZEN-logotipoa_2.png\",\"width\":496,\"height\":190,\"caption\":\"Iraurgi Berritzen\"},\"image\":{\"@id\":\"https:\\\/\\\/iraurgiberritzen.eus\\\/es\\\/#\\\/schema\\\/logo\\\/image\\\/\"}},{\"@type\":\"Person\",\"@id\":\"https:\\\/\\\/iraurgiberritzen.eus\\\/es\\\/#\\\/schema\\\/person\\\/a32c9825b3e2bfcbe757a97f6a15c8a5\",\"name\":\"ainara\"}]}<\/script>\n<!-- \/ Yoast SEO plugin. -->","yoast_head_json":{"title":"Agentes de UrolanEkin Sarea comparten la Estrategia ElkarEkin y las tendencias actuales del Mercado de Trabajo - Iraurgi Berritzen","robots":{"index":"index","follow":"follow","max-snippet":"max-snippet:-1","max-image-preview":"max-image-preview:large","max-video-preview":"max-video-preview:-1"},"canonical":"https:\/\/iraurgiberritzen.eus\/es\/agentes-de-urolanekin-sarea-comparten-la-estrategia-elkarekin-y-las-tendencias-actuales-del-mercado-de-trabajo\/","og_locale":"es_ES","og_type":"article","og_title":"Agentes de UrolanEkin Sarea comparten la Estrategia ElkarEkin y las tendencias actuales del Mercado de Trabajo - Iraurgi Berritzen","og_description":"Ayer, 27 de noviembre de 2024, se llev\u00f3 a cabo en el Palacio Basazabal de Azpeitia un taller formativo dentro del proyecto ElkarEkin, contando con la participaci\u00f3n de diversos agentes que conforman UrolanEkin Sarea (red de colaboraci\u00f3n entre agentes que trabajan a favor de la inserci\u00f3n sociolaboral de personas en situaci\u00f3n o riesgo de vulnerabilidad [&hellip;]","og_url":"https:\/\/iraurgiberritzen.eus\/es\/agentes-de-urolanekin-sarea-comparten-la-estrategia-elkarekin-y-las-tendencias-actuales-del-mercado-de-trabajo\/","og_site_name":"Iraurgi Berritzen","article_published_time":"2024-11-28T15:49:44+00:00","og_image":[{"width":2560,"height":1920,"url":"https:\/\/iraurgiberritzen.eus\/wp-content\/uploads\/2024\/11\/WhatsApp-Image-2024-11-28-at-09.05.55-scaled.jpeg","type":"image\/jpeg"}],"author":"ainara","twitter_card":"summary_large_image","twitter_misc":{"Escrito por":"ainara","Tiempo de lectura":"1 minuto"},"schema":{"@context":"https:\/\/schema.org","@graph":[{"@type":"Article","@id":"https:\/\/iraurgiberritzen.eus\/es\/agentes-de-urolanekin-sarea-comparten-la-estrategia-elkarekin-y-las-tendencias-actuales-del-mercado-de-trabajo\/#article","isPartOf":{"@id":"https:\/\/iraurgiberritzen.eus\/es\/agentes-de-urolanekin-sarea-comparten-la-estrategia-elkarekin-y-las-tendencias-actuales-del-mercado-de-trabajo\/"},"author":{"name":"ainara","@id":"https:\/\/iraurgiberritzen.eus\/es\/#\/schema\/person\/a32c9825b3e2bfcbe757a97f6a15c8a5"},"headline":"Agentes de UrolanEkin Sarea comparten la Estrategia ElkarEkin y las tendencias actuales del Mercado de Trabajo","datePublished":"2024-11-28T15:49:44+00:00","mainEntityOfPage":{"@id":"https:\/\/iraurgiberritzen.eus\/es\/agentes-de-urolanekin-sarea-comparten-la-estrategia-elkarekin-y-las-tendencias-actuales-del-mercado-de-trabajo\/"},"wordCount":193,"publisher":{"@id":"https:\/\/iraurgiberritzen.eus\/es\/#organization"},"image":{"@id":"https:\/\/iraurgiberritzen.eus\/es\/agentes-de-urolanekin-sarea-comparten-la-estrategia-elkarekin-y-las-tendencias-actuales-del-mercado-de-trabajo\/#primaryimage"},"thumbnailUrl":"https:\/\/iraurgiberritzen.eus\/wp-content\/uploads\/2024\/11\/WhatsApp-Image-2024-11-28-at-09.05.55-scaled.jpeg","articleSection":["Noticias"],"inLanguage":"es"},{"@type":"WebPage","@id":"https:\/\/iraurgiberritzen.eus\/es\/agentes-de-urolanekin-sarea-comparten-la-estrategia-elkarekin-y-las-tendencias-actuales-del-mercado-de-trabajo\/","url":"https:\/\/iraurgiberritzen.eus\/es\/agentes-de-urolanekin-sarea-comparten-la-estrategia-elkarekin-y-las-tendencias-actuales-del-mercado-de-trabajo\/","name":"Agentes de UrolanEkin Sarea comparten la Estrategia ElkarEkin y las tendencias actuales del Mercado de Trabajo - Iraurgi Berritzen","isPartOf":{"@id":"https:\/\/iraurgiberritzen.eus\/es\/#website"},"primaryImageOfPage":{"@id":"https:\/\/iraurgiberritzen.eus\/es\/agentes-de-urolanekin-sarea-comparten-la-estrategia-elkarekin-y-las-tendencias-actuales-del-mercado-de-trabajo\/#primaryimage"},"image":{"@id":"https:\/\/iraurgiberritzen.eus\/es\/agentes-de-urolanekin-sarea-comparten-la-estrategia-elkarekin-y-las-tendencias-actuales-del-mercado-de-trabajo\/#primaryimage"},"thumbnailUrl":"https:\/\/iraurgiberritzen.eus\/wp-content\/uploads\/2024\/11\/WhatsApp-Image-2024-11-28-at-09.05.55-scaled.jpeg","datePublished":"2024-11-28T15:49:44+00:00","breadcrumb":{"@id":"https:\/\/iraurgiberritzen.eus\/es\/agentes-de-urolanekin-sarea-comparten-la-estrategia-elkarekin-y-las-tendencias-actuales-del-mercado-de-trabajo\/#breadcrumb"},"inLanguage":"es","potentialAction":[{"@type":"ReadAction","target":["https:\/\/iraurgiberritzen.eus\/es\/agentes-de-urolanekin-sarea-comparten-la-estrategia-elkarekin-y-las-tendencias-actuales-del-mercado-de-trabajo\/"]}]},{"@type":"ImageObject","inLanguage":"es","@id":"https:\/\/iraurgiberritzen.eus\/es\/agentes-de-urolanekin-sarea-comparten-la-estrategia-elkarekin-y-las-tendencias-actuales-del-mercado-de-trabajo\/#primaryimage","url":"https:\/\/iraurgiberritzen.eus\/wp-content\/uploads\/2024\/11\/WhatsApp-Image-2024-11-28-at-09.05.55-scaled.jpeg","contentUrl":"https:\/\/iraurgiberritzen.eus\/wp-content\/uploads\/2024\/11\/WhatsApp-Image-2024-11-28-at-09.05.55-scaled.jpeg","width":2560,"height":1920},{"@type":"BreadcrumbList","@id":"https:\/\/iraurgiberritzen.eus\/es\/agentes-de-urolanekin-sarea-comparten-la-estrategia-elkarekin-y-las-tendencias-actuales-del-mercado-de-trabajo\/#breadcrumb","itemListElement":[{"@type":"ListItem","position":1,"name":"Home","item":"https:\/\/iraurgiberritzen.eus\/es\/"},{"@type":"ListItem","position":2,"name":"Agentes de UrolanEkin Sarea comparten la Estrategia ElkarEkin y las tendencias actuales del Mercado de Trabajo"}]},{"@type":"WebSite","@id":"https:\/\/iraurgiberritzen.eus\/es\/#website","url":"https:\/\/iraurgiberritzen.eus\/es\/","name":"Iraurgi Berritzen","description":"Urola Erdiko Garapen Agentzia","publisher":{"@id":"https:\/\/iraurgiberritzen.eus\/es\/#organization"},"potentialAction":[{"@type":"SearchAction","target":{"@type":"EntryPoint","urlTemplate":"https:\/\/iraurgiberritzen.eus\/es\/?s={search_term_string}"},"query-input":{"@type":"PropertyValueSpecification","valueRequired":true,"valueName":"search_term_string"}}],"inLanguage":"es"},{"@type":"Organization","@id":"https:\/\/iraurgiberritzen.eus\/es\/#organization","name":"Iraurgi Berritzen","url":"https:\/\/iraurgiberritzen.eus\/es\/","logo":{"@type":"ImageObject","inLanguage":"es","@id":"https:\/\/iraurgiberritzen.eus\/es\/#\/schema\/logo\/image\/","url":"https:\/\/iraurgiberritzen.eus\/wp-content\/uploads\/2024\/02\/IRAURGI-BERRITZEN-logotipoa_2.png","contentUrl":"https:\/\/iraurgiberritzen.eus\/wp-content\/uploads\/2024\/02\/IRAURGI-BERRITZEN-logotipoa_2.png","width":496,"height":190,"caption":"Iraurgi Berritzen"},"image":{"@id":"https:\/\/iraurgiberritzen.eus\/es\/#\/schema\/logo\/image\/"}},{"@type":"Person","@id":"https:\/\/iraurgiberritzen.eus\/es\/#\/schema\/person\/a32c9825b3e2bfcbe757a97f6a15c8a5","name":"ainara"}]}},"_links":{"self":[{"href":"https:\/\/iraurgiberritzen.eus\/es\/wp-json\/wp\/v2\/posts\/22033","targetHints":{"allow":["GET"]}}],"collection":[{"href":"https:\/\/iraurgiberritzen.eus\/es\/wp-json\/wp\/v2\/posts"}],"about":[{"href":"https:\/\/iraurgiberritzen.eus\/es\/wp-json\/wp\/v2\/types\/post"}],"author":[{"embeddable":true,"href":"https:\/\/iraurgiberritzen.eus\/es\/wp-json\/wp\/v2\/users\/4"}],"replies":[{"embeddable":true,"href":"https:\/\/iraurgiberritzen.eus\/es\/wp-json\/wp\/v2\/comments?post=22033"}],"version-history":[{"count":1,"href":"https:\/\/iraurgiberritzen.eus\/es\/wp-json\/wp\/v2\/posts\/22033\/revisions"}],"predecessor-version":[{"id":22034,"href":"https:\/\/iraurgiberritzen.eus\/es\/wp-json\/wp\/v2\/posts\/22033\/revisions\/22034"}],"wp:featuredmedia":[{"embeddable":true,"href":"https:\/\/iraurgiberritzen.eus\/es\/wp-json\/wp\/v2\/media\/22031"}],"wp:attachment":[{"href":"https:\/\/iraurgiberritzen.eus\/es\/wp-json\/wp\/v2\/media?parent=22033"}],"wp:term":[{"taxonomy":"category","embeddable":true,"href":"https:\/\/iraurgiberritzen.eus\/es\/wp-json\/wp\/v2\/categories?post=22033"},{"taxonomy":"post_tag","embeddable":true,"href":"https:\/\/iraurgiberritzen.eus\/es\/wp-json\/wp\/v2\/tags?post=22033"}],"curies":[{"name":"wp","href":"https:\/\/api.w.org\/{rel}","templated":true}]}}