{"id":22075,"date":"2024-12-03T17:23:34","date_gmt":"2024-12-03T15:23:34","guid":{"rendered":"https:\/\/iraurgiberritzen.eus\/?p=22075"},"modified":"2024-12-17T10:40:44","modified_gmt":"2024-12-17T08:40:44","slug":"neg-aukera-identificando-oportunidades-de-negocio-en-la-comarca","status":"publish","type":"post","link":"https:\/\/iraurgiberritzen.eus\/es\/neg-aukera-identificando-oportunidades-de-negocio-en-la-comarca\/","title":{"rendered":"NEG AUKERA: Identificando oportunidades de negocio en la comarca"},"content":{"rendered":"<p><span data-contrast=\"auto\">En un esfuerzo por dinamizar el tejido empresarial y fomentar nuevas oportunidades de emprendimiento, <\/span><b><span data-contrast=\"auto\">Iraurgi Berritzen<\/span><\/b><span data-contrast=\"auto\"> lidera el desarrollo del proyecto <\/span><b><span data-contrast=\"auto\">NEG A<\/span><\/b><b><span data-contrast=\"auto\">UKERA<\/span><\/b><span data-contrast=\"auto\">, una iniciativa estrat\u00e9gica para el \u00e1rea de emprendimiento dise\u00f1ada para identificar y diversificar el tejido empresarial, apoy\u00e1ndonos en las cadenas de valor estrat\u00e9gicas de la comarca.<\/span><span data-ccp-props=\"{&quot;134233117&quot;:false,&quot;134233118&quot;:false,&quot;335551550&quot;:6,&quot;335551620&quot;:6,&quot;335559738&quot;:240,&quot;335559739&quot;:240}\">\u00a0<\/span><\/p>\n<p><span data-contrast=\"auto\">A trav\u00e9s de una metodolog\u00eda colaborativa que ha incluido entrevistas individuales y sesiones de ideaci\u00f3n, se han mapeado iniciativas con un alto potencial para generar nueva actividad econ\u00f3mica y fortalecer la competitividad comarcal.<\/span><span data-ccp-props=\"{&quot;134233117&quot;:false,&quot;134233118&quot;:false,&quot;335551550&quot;:6,&quot;335551620&quot;:6,&quot;335559738&quot;:240,&quot;335559739&quot;:240}\">\u00a0<\/span><\/p>\n<p aria-level=\"3\"><b><span data-contrast=\"none\">Un Proceso de co-creacion colaborativo<\/span><\/b><span data-ccp-props=\"{&quot;134233117&quot;:false,&quot;134233118&quot;:false,&quot;134245418&quot;:true,&quot;134245529&quot;:true,&quot;201341983&quot;:0,&quot;335551550&quot;:6,&quot;335551620&quot;:6,&quot;335559685&quot;:0,&quot;335559737&quot;:0,&quot;335559738&quot;:281,&quot;335559739&quot;:281,&quot;335559740&quot;:279}\">\u00a0<\/span><\/p>\n<p><span data-contrast=\"auto\">El proyecto se ha estructurado en varias fases, comenzando con la realizaci\u00f3n de entrevistas individualizadas con empresas de las distintas cadenas de valor y continuando con talleres sectoriales espec\u00edficos de ideaci\u00f3n celebrados en octubre de 2024. Estos encuentros se dise\u00f1aron para explorar oportunidades concretas dentro de cada cadena de valor:<\/span><span data-ccp-props=\"{&quot;134233117&quot;:false,&quot;134233118&quot;:false,&quot;335551550&quot;:6,&quot;335551620&quot;:6,&quot;335559738&quot;:240,&quot;335559739&quot;:240}\">\u00a0<\/span><\/p>\n<ul>\n<li data-leveltext=\"\uf0b7\" data-font=\"Symbol\" data-listid=\"1\" data-list-defn-props=\"{&quot;335552541&quot;:1,&quot;335559685&quot;:720,&quot;335559991&quot;:360,&quot;469769226&quot;:&quot;Symbol&quot;,&quot;469769242&quot;:[8226],&quot;469777803&quot;:&quot;left&quot;,&quot;469777804&quot;:&quot;\uf0b7&quot;,&quot;469777815&quot;:&quot;hybridMultilevel&quot;}\" aria-setsize=\"-1\" data-aria-posinset=\"7\" data-aria-level=\"1\"><b><span data-contrast=\"auto\">10 de octubre<\/span><\/b><span data-contrast=\"auto\">: Taller enfocado en el sector de <\/span><b><span data-contrast=\"auto\">alimentaci\u00f3n<\/span><\/b><span data-contrast=\"auto\">. Contando con la participacion de Abelur aholkularitza, Elmubas PetFoodGroup, Ameztoi anaiak y el grupo Ederto Harakel.<\/span><span data-ccp-props=\"{&quot;134233117&quot;:false,&quot;134233118&quot;:false,&quot;335551550&quot;:6,&quot;335551620&quot;:6,&quot;335559738&quot;:0,&quot;335559739&quot;:0}\">\u00a0<\/span><\/li>\n<\/ul>\n<ul>\n<li data-leveltext=\"\uf0b7\" data-font=\"Symbol\" data-listid=\"1\" data-list-defn-props=\"{&quot;335552541&quot;:1,&quot;335559685&quot;:720,&quot;335559991&quot;:360,&quot;469769226&quot;:&quot;Symbol&quot;,&quot;469769242&quot;:[8226],&quot;469777803&quot;:&quot;left&quot;,&quot;469777804&quot;:&quot;\uf0b7&quot;,&quot;469777815&quot;:&quot;hybridMultilevel&quot;}\" aria-setsize=\"-1\" data-aria-posinset=\"8\" data-aria-level=\"1\"><b><span data-contrast=\"auto\">17 de octubre<\/span><\/b><span data-contrast=\"auto\">: Taller sobre <\/span><b><span data-contrast=\"auto\">construcci\u00f3n y mueble, <\/span><\/b><span data-contrast=\"auto\">donde han participado Lan Mobel, Tecnicur, Kibuc Gure Ametsa, Ignacio Zabaleta eraikuntza, Alberdi inmobiliaria y LUFE.<\/span><span data-ccp-props=\"{&quot;134233117&quot;:false,&quot;134233118&quot;:false,&quot;335551550&quot;:6,&quot;335551620&quot;:6,&quot;335559738&quot;:0,&quot;335559739&quot;:0}\">\u00a0<\/span><\/li>\n<\/ul>\n<ul>\n<li data-leveltext=\"\uf0b7\" data-font=\"Symbol\" data-listid=\"1\" data-list-defn-props=\"{&quot;335552541&quot;:1,&quot;335559685&quot;:720,&quot;335559991&quot;:360,&quot;469769226&quot;:&quot;Symbol&quot;,&quot;469769242&quot;:[8226],&quot;469777803&quot;:&quot;left&quot;,&quot;469777804&quot;:&quot;\uf0b7&quot;,&quot;469777815&quot;:&quot;hybridMultilevel&quot;}\" aria-setsize=\"-1\" data-aria-posinset=\"9\" data-aria-level=\"1\"><b><span data-contrast=\"auto\">24 de octubre<\/span><\/b><span data-contrast=\"auto\">: Taller dedicado al sector de <\/span><b><span data-contrast=\"auto\">metal-mec\u00e1nica y maquinaria y equipos<\/span><\/b><span data-contrast=\"auto\">. Contando con Intza Woerner, Ormola, Alberdi mekanizatuak, Caldereria CPK, Soraluce hnos. Y Sarralle.<\/span><span data-ccp-props=\"{&quot;134233117&quot;:false,&quot;134233118&quot;:false,&quot;335551550&quot;:6,&quot;335551620&quot;:6,&quot;335559738&quot;:0,&quot;335559739&quot;:0}\">\u00a0<\/span><\/li>\n<\/ul>\n<p><span data-contrast=\"auto\">Adem\u00e1s de las citadas empresas comarcales han participado en el proceso otros agentes inspiradores como el Basque Culinary Center, URKOME, TKNIKA, BIC Gipuzkoa, el Cluster de la madera HABIC y AFM.<\/span><span data-ccp-props=\"{&quot;134233117&quot;:false,&quot;134233118&quot;:false,&quot;201341983&quot;:0,&quot;335551550&quot;:6,&quot;335551620&quot;:6,&quot;335559685&quot;:0,&quot;335559737&quot;:0,&quot;335559738&quot;:240,&quot;335559739&quot;:240,&quot;335559740&quot;:279}\">\u00a0<\/span><\/p>\n<p><span data-contrast=\"auto\">El trabajo realizado representa un punto de partida que permitir\u00e1, en el futuro, analizar en detalle las ideas mapeadas e identificar aquellas ideas con un mayor potencial. Este proyecto ser\u00e1 una de las prioridades para el 2025 para Ekintzeiletza Gunea formado por Izarraitz Lanbide Heziketa, Urkome, BIC Gipuzkoa y Tknika.<\/span><span data-ccp-props=\"{&quot;134233117&quot;:false,&quot;134233118&quot;:false,&quot;335551550&quot;:6,&quot;335551620&quot;:6,&quot;335559738&quot;:240,&quot;335559739&quot;:240}\">\u00a0<\/span><\/p>\n<p>Este proyecto ha sido financiado por la Diputaci\u00f3n Foral de Gipuzkoa.<\/p>\n","protected":false},"excerpt":{"rendered":"<p>En un esfuerzo por dinamizar el tejido empresarial y fomentar nuevas oportunidades de emprendimiento, Iraurgi Berritzen lidera el desarrollo del proyecto NEG AUKERA, una iniciativa estrat\u00e9gica para el \u00e1rea de emprendimiento dise\u00f1ada para identificar y diversificar el tejido empresarial, apoy\u00e1ndonos en las cadenas de valor estrat\u00e9gicas de la comarca.\u00a0 A trav\u00e9s de una metodolog\u00eda colaborativa [&hellip;]<\/p>\n","protected":false},"author":4,"featured_media":22071,"comment_status":"closed","ping_status":"closed","sticky":false,"template":"","format":"standard","meta":{"_acf_changed":false,"footnotes":""},"categories":[4],"tags":[],"class_list":["post-22075","post","type-post","status-publish","format-standard","has-post-thumbnail","hentry","category-noticias","arloak-emprendimiento"],"acf":[],"yoast_head":"<!-- This site is optimized with the Yoast SEO plugin v27.4 - https:\/\/yoast.com\/product\/yoast-seo-wordpress\/ -->\n<title>NEG AUKERA: Identificando oportunidades de negocio en la comarca - Iraurgi Berritzen<\/title>\n<meta name=\"robots\" content=\"index, follow, max-snippet:-1, max-image-preview:large, max-video-preview:-1\" \/>\n<link rel=\"canonical\" href=\"https:\/\/iraurgiberritzen.eus\/es\/neg-aukera-identificando-oportunidades-de-negocio-en-la-comarca\/\" \/>\n<meta property=\"og:locale\" content=\"es_ES\" \/>\n<meta property=\"og:type\" content=\"article\" \/>\n<meta property=\"og:title\" content=\"NEG AUKERA: Identificando oportunidades de negocio en la comarca - Iraurgi Berritzen\" \/>\n<meta property=\"og:description\" content=\"En un esfuerzo por dinamizar el tejido empresarial y fomentar nuevas oportunidades de emprendimiento, Iraurgi Berritzen lidera el desarrollo del proyecto NEG AUKERA, una iniciativa estrat\u00e9gica para el \u00e1rea de emprendimiento dise\u00f1ada para identificar y diversificar el tejido empresarial, apoy\u00e1ndonos en las cadenas de valor estrat\u00e9gicas de la comarca.\u00a0 A trav\u00e9s de una metodolog\u00eda colaborativa [&hellip;]\" \/>\n<meta property=\"og:url\" content=\"https:\/\/iraurgiberritzen.eus\/es\/neg-aukera-identificando-oportunidades-de-negocio-en-la-comarca\/\" \/>\n<meta property=\"og:site_name\" content=\"Iraurgi Berritzen\" \/>\n<meta property=\"article:published_time\" content=\"2024-12-03T15:23:34+00:00\" \/>\n<meta property=\"article:modified_time\" content=\"2024-12-17T08:40:44+00:00\" \/>\n<meta property=\"og:image\" content=\"https:\/\/iraurgiberritzen.eus\/wp-content\/uploads\/2024\/12\/WhatsApp-Image-2024-10-11-at-12.49.54-scaled.jpeg\" \/>\n\t<meta property=\"og:image:width\" content=\"2560\" \/>\n\t<meta property=\"og:image:height\" content=\"1920\" \/>\n\t<meta property=\"og:image:type\" content=\"image\/jpeg\" \/>\n<meta name=\"author\" content=\"ainara\" \/>\n<meta name=\"twitter:card\" content=\"summary_large_image\" \/>\n<meta name=\"twitter:label1\" content=\"Escrito por\" \/>\n\t<meta name=\"twitter:data1\" content=\"ainara\" \/>\n\t<meta name=\"twitter:label2\" content=\"Tiempo de lectura\" \/>\n\t<meta name=\"twitter:data2\" content=\"2 minutos\" \/>\n<script type=\"application\/ld+json\" class=\"yoast-schema-graph\">{\"@context\":\"https:\\\/\\\/schema.org\",\"@graph\":[{\"@type\":\"Article\",\"@id\":\"https:\\\/\\\/iraurgiberritzen.eus\\\/es\\\/neg-aukera-identificando-oportunidades-de-negocio-en-la-comarca\\\/#article\",\"isPartOf\":{\"@id\":\"https:\\\/\\\/iraurgiberritzen.eus\\\/es\\\/neg-aukera-identificando-oportunidades-de-negocio-en-la-comarca\\\/\"},\"author\":{\"name\":\"ainara\",\"@id\":\"https:\\\/\\\/iraurgiberritzen.eus\\\/es\\\/#\\\/schema\\\/person\\\/a32c9825b3e2bfcbe757a97f6a15c8a5\"},\"headline\":\"NEG AUKERA: Identificando oportunidades de negocio en la comarca\",\"datePublished\":\"2024-12-03T15:23:34+00:00\",\"dateModified\":\"2024-12-17T08:40:44+00:00\",\"mainEntityOfPage\":{\"@id\":\"https:\\\/\\\/iraurgiberritzen.eus\\\/es\\\/neg-aukera-identificando-oportunidades-de-negocio-en-la-comarca\\\/\"},\"wordCount\":327,\"publisher\":{\"@id\":\"https:\\\/\\\/iraurgiberritzen.eus\\\/es\\\/#organization\"},\"image\":{\"@id\":\"https:\\\/\\\/iraurgiberritzen.eus\\\/es\\\/neg-aukera-identificando-oportunidades-de-negocio-en-la-comarca\\\/#primaryimage\"},\"thumbnailUrl\":\"https:\\\/\\\/iraurgiberritzen.eus\\\/wp-content\\\/uploads\\\/2024\\\/12\\\/WhatsApp-Image-2024-10-11-at-12.49.54-scaled.jpeg\",\"articleSection\":[\"Noticias\"],\"inLanguage\":\"es\"},{\"@type\":\"WebPage\",\"@id\":\"https:\\\/\\\/iraurgiberritzen.eus\\\/es\\\/neg-aukera-identificando-oportunidades-de-negocio-en-la-comarca\\\/\",\"url\":\"https:\\\/\\\/iraurgiberritzen.eus\\\/es\\\/neg-aukera-identificando-oportunidades-de-negocio-en-la-comarca\\\/\",\"name\":\"NEG AUKERA: Identificando oportunidades de negocio en la comarca - Iraurgi Berritzen\",\"isPartOf\":{\"@id\":\"https:\\\/\\\/iraurgiberritzen.eus\\\/es\\\/#website\"},\"primaryImageOfPage\":{\"@id\":\"https:\\\/\\\/iraurgiberritzen.eus\\\/es\\\/neg-aukera-identificando-oportunidades-de-negocio-en-la-comarca\\\/#primaryimage\"},\"image\":{\"@id\":\"https:\\\/\\\/iraurgiberritzen.eus\\\/es\\\/neg-aukera-identificando-oportunidades-de-negocio-en-la-comarca\\\/#primaryimage\"},\"thumbnailUrl\":\"https:\\\/\\\/iraurgiberritzen.eus\\\/wp-content\\\/uploads\\\/2024\\\/12\\\/WhatsApp-Image-2024-10-11-at-12.49.54-scaled.jpeg\",\"datePublished\":\"2024-12-03T15:23:34+00:00\",\"dateModified\":\"2024-12-17T08:40:44+00:00\",\"breadcrumb\":{\"@id\":\"https:\\\/\\\/iraurgiberritzen.eus\\\/es\\\/neg-aukera-identificando-oportunidades-de-negocio-en-la-comarca\\\/#breadcrumb\"},\"inLanguage\":\"es\",\"potentialAction\":[{\"@type\":\"ReadAction\",\"target\":[\"https:\\\/\\\/iraurgiberritzen.eus\\\/es\\\/neg-aukera-identificando-oportunidades-de-negocio-en-la-comarca\\\/\"]}]},{\"@type\":\"ImageObject\",\"inLanguage\":\"es\",\"@id\":\"https:\\\/\\\/iraurgiberritzen.eus\\\/es\\\/neg-aukera-identificando-oportunidades-de-negocio-en-la-comarca\\\/#primaryimage\",\"url\":\"https:\\\/\\\/iraurgiberritzen.eus\\\/wp-content\\\/uploads\\\/2024\\\/12\\\/WhatsApp-Image-2024-10-11-at-12.49.54-scaled.jpeg\",\"contentUrl\":\"https:\\\/\\\/iraurgiberritzen.eus\\\/wp-content\\\/uploads\\\/2024\\\/12\\\/WhatsApp-Image-2024-10-11-at-12.49.54-scaled.jpeg\",\"width\":2560,\"height\":1920},{\"@type\":\"BreadcrumbList\",\"@id\":\"https:\\\/\\\/iraurgiberritzen.eus\\\/es\\\/neg-aukera-identificando-oportunidades-de-negocio-en-la-comarca\\\/#breadcrumb\",\"itemListElement\":[{\"@type\":\"ListItem\",\"position\":1,\"name\":\"Home\",\"item\":\"https:\\\/\\\/iraurgiberritzen.eus\\\/es\\\/\"},{\"@type\":\"ListItem\",\"position\":2,\"name\":\"NEG AUKERA: Identificando oportunidades de negocio en la comarca\"}]},{\"@type\":\"WebSite\",\"@id\":\"https:\\\/\\\/iraurgiberritzen.eus\\\/es\\\/#website\",\"url\":\"https:\\\/\\\/iraurgiberritzen.eus\\\/es\\\/\",\"name\":\"Iraurgi Berritzen\",\"description\":\"Urola Erdiko Garapen Agentzia\",\"publisher\":{\"@id\":\"https:\\\/\\\/iraurgiberritzen.eus\\\/es\\\/#organization\"},\"potentialAction\":[{\"@type\":\"SearchAction\",\"target\":{\"@type\":\"EntryPoint\",\"urlTemplate\":\"https:\\\/\\\/iraurgiberritzen.eus\\\/es\\\/?s={search_term_string}\"},\"query-input\":{\"@type\":\"PropertyValueSpecification\",\"valueRequired\":true,\"valueName\":\"search_term_string\"}}],\"inLanguage\":\"es\"},{\"@type\":\"Organization\",\"@id\":\"https:\\\/\\\/iraurgiberritzen.eus\\\/es\\\/#organization\",\"name\":\"Iraurgi Berritzen\",\"url\":\"https:\\\/\\\/iraurgiberritzen.eus\\\/es\\\/\",\"logo\":{\"@type\":\"ImageObject\",\"inLanguage\":\"es\",\"@id\":\"https:\\\/\\\/iraurgiberritzen.eus\\\/es\\\/#\\\/schema\\\/logo\\\/image\\\/\",\"url\":\"https:\\\/\\\/iraurgiberritzen.eus\\\/wp-content\\\/uploads\\\/2024\\\/02\\\/IRAURGI-BERRITZEN-logotipoa_2.png\",\"contentUrl\":\"https:\\\/\\\/iraurgiberritzen.eus\\\/wp-content\\\/uploads\\\/2024\\\/02\\\/IRAURGI-BERRITZEN-logotipoa_2.png\",\"width\":496,\"height\":190,\"caption\":\"Iraurgi Berritzen\"},\"image\":{\"@id\":\"https:\\\/\\\/iraurgiberritzen.eus\\\/es\\\/#\\\/schema\\\/logo\\\/image\\\/\"}},{\"@type\":\"Person\",\"@id\":\"https:\\\/\\\/iraurgiberritzen.eus\\\/es\\\/#\\\/schema\\\/person\\\/a32c9825b3e2bfcbe757a97f6a15c8a5\",\"name\":\"ainara\"}]}<\/script>\n<!-- \/ Yoast SEO plugin. -->","yoast_head_json":{"title":"NEG AUKERA: Identificando oportunidades de negocio en la comarca - Iraurgi Berritzen","robots":{"index":"index","follow":"follow","max-snippet":"max-snippet:-1","max-image-preview":"max-image-preview:large","max-video-preview":"max-video-preview:-1"},"canonical":"https:\/\/iraurgiberritzen.eus\/es\/neg-aukera-identificando-oportunidades-de-negocio-en-la-comarca\/","og_locale":"es_ES","og_type":"article","og_title":"NEG AUKERA: Identificando oportunidades de negocio en la comarca - Iraurgi Berritzen","og_description":"En un esfuerzo por dinamizar el tejido empresarial y fomentar nuevas oportunidades de emprendimiento, Iraurgi Berritzen lidera el desarrollo del proyecto NEG AUKERA, una iniciativa estrat\u00e9gica para el \u00e1rea de emprendimiento dise\u00f1ada para identificar y diversificar el tejido empresarial, apoy\u00e1ndonos en las cadenas de valor estrat\u00e9gicas de la comarca.\u00a0 A trav\u00e9s de una metodolog\u00eda colaborativa [&hellip;]","og_url":"https:\/\/iraurgiberritzen.eus\/es\/neg-aukera-identificando-oportunidades-de-negocio-en-la-comarca\/","og_site_name":"Iraurgi Berritzen","article_published_time":"2024-12-03T15:23:34+00:00","article_modified_time":"2024-12-17T08:40:44+00:00","og_image":[{"width":2560,"height":1920,"url":"https:\/\/iraurgiberritzen.eus\/wp-content\/uploads\/2024\/12\/WhatsApp-Image-2024-10-11-at-12.49.54-scaled.jpeg","type":"image\/jpeg"}],"author":"ainara","twitter_card":"summary_large_image","twitter_misc":{"Escrito por":"ainara","Tiempo de lectura":"2 minutos"},"schema":{"@context":"https:\/\/schema.org","@graph":[{"@type":"Article","@id":"https:\/\/iraurgiberritzen.eus\/es\/neg-aukera-identificando-oportunidades-de-negocio-en-la-comarca\/#article","isPartOf":{"@id":"https:\/\/iraurgiberritzen.eus\/es\/neg-aukera-identificando-oportunidades-de-negocio-en-la-comarca\/"},"author":{"name":"ainara","@id":"https:\/\/iraurgiberritzen.eus\/es\/#\/schema\/person\/a32c9825b3e2bfcbe757a97f6a15c8a5"},"headline":"NEG AUKERA: Identificando oportunidades de negocio en la comarca","datePublished":"2024-12-03T15:23:34+00:00","dateModified":"2024-12-17T08:40:44+00:00","mainEntityOfPage":{"@id":"https:\/\/iraurgiberritzen.eus\/es\/neg-aukera-identificando-oportunidades-de-negocio-en-la-comarca\/"},"wordCount":327,"publisher":{"@id":"https:\/\/iraurgiberritzen.eus\/es\/#organization"},"image":{"@id":"https:\/\/iraurgiberritzen.eus\/es\/neg-aukera-identificando-oportunidades-de-negocio-en-la-comarca\/#primaryimage"},"thumbnailUrl":"https:\/\/iraurgiberritzen.eus\/wp-content\/uploads\/2024\/12\/WhatsApp-Image-2024-10-11-at-12.49.54-scaled.jpeg","articleSection":["Noticias"],"inLanguage":"es"},{"@type":"WebPage","@id":"https:\/\/iraurgiberritzen.eus\/es\/neg-aukera-identificando-oportunidades-de-negocio-en-la-comarca\/","url":"https:\/\/iraurgiberritzen.eus\/es\/neg-aukera-identificando-oportunidades-de-negocio-en-la-comarca\/","name":"NEG AUKERA: Identificando oportunidades de negocio en la comarca - Iraurgi Berritzen","isPartOf":{"@id":"https:\/\/iraurgiberritzen.eus\/es\/#website"},"primaryImageOfPage":{"@id":"https:\/\/iraurgiberritzen.eus\/es\/neg-aukera-identificando-oportunidades-de-negocio-en-la-comarca\/#primaryimage"},"image":{"@id":"https:\/\/iraurgiberritzen.eus\/es\/neg-aukera-identificando-oportunidades-de-negocio-en-la-comarca\/#primaryimage"},"thumbnailUrl":"https:\/\/iraurgiberritzen.eus\/wp-content\/uploads\/2024\/12\/WhatsApp-Image-2024-10-11-at-12.49.54-scaled.jpeg","datePublished":"2024-12-03T15:23:34+00:00","dateModified":"2024-12-17T08:40:44+00:00","breadcrumb":{"@id":"https:\/\/iraurgiberritzen.eus\/es\/neg-aukera-identificando-oportunidades-de-negocio-en-la-comarca\/#breadcrumb"},"inLanguage":"es","potentialAction":[{"@type":"ReadAction","target":["https:\/\/iraurgiberritzen.eus\/es\/neg-aukera-identificando-oportunidades-de-negocio-en-la-comarca\/"]}]},{"@type":"ImageObject","inLanguage":"es","@id":"https:\/\/iraurgiberritzen.eus\/es\/neg-aukera-identificando-oportunidades-de-negocio-en-la-comarca\/#primaryimage","url":"https:\/\/iraurgiberritzen.eus\/wp-content\/uploads\/2024\/12\/WhatsApp-Image-2024-10-11-at-12.49.54-scaled.jpeg","contentUrl":"https:\/\/iraurgiberritzen.eus\/wp-content\/uploads\/2024\/12\/WhatsApp-Image-2024-10-11-at-12.49.54-scaled.jpeg","width":2560,"height":1920},{"@type":"BreadcrumbList","@id":"https:\/\/iraurgiberritzen.eus\/es\/neg-aukera-identificando-oportunidades-de-negocio-en-la-comarca\/#breadcrumb","itemListElement":[{"@type":"ListItem","position":1,"name":"Home","item":"https:\/\/iraurgiberritzen.eus\/es\/"},{"@type":"ListItem","position":2,"name":"NEG AUKERA: Identificando oportunidades de negocio en la comarca"}]},{"@type":"WebSite","@id":"https:\/\/iraurgiberritzen.eus\/es\/#website","url":"https:\/\/iraurgiberritzen.eus\/es\/","name":"Iraurgi Berritzen","description":"Urola Erdiko Garapen Agentzia","publisher":{"@id":"https:\/\/iraurgiberritzen.eus\/es\/#organization"},"potentialAction":[{"@type":"SearchAction","target":{"@type":"EntryPoint","urlTemplate":"https:\/\/iraurgiberritzen.eus\/es\/?s={search_term_string}"},"query-input":{"@type":"PropertyValueSpecification","valueRequired":true,"valueName":"search_term_string"}}],"inLanguage":"es"},{"@type":"Organization","@id":"https:\/\/iraurgiberritzen.eus\/es\/#organization","name":"Iraurgi Berritzen","url":"https:\/\/iraurgiberritzen.eus\/es\/","logo":{"@type":"ImageObject","inLanguage":"es","@id":"https:\/\/iraurgiberritzen.eus\/es\/#\/schema\/logo\/image\/","url":"https:\/\/iraurgiberritzen.eus\/wp-content\/uploads\/2024\/02\/IRAURGI-BERRITZEN-logotipoa_2.png","contentUrl":"https:\/\/iraurgiberritzen.eus\/wp-content\/uploads\/2024\/02\/IRAURGI-BERRITZEN-logotipoa_2.png","width":496,"height":190,"caption":"Iraurgi Berritzen"},"image":{"@id":"https:\/\/iraurgiberritzen.eus\/es\/#\/schema\/logo\/image\/"}},{"@type":"Person","@id":"https:\/\/iraurgiberritzen.eus\/es\/#\/schema\/person\/a32c9825b3e2bfcbe757a97f6a15c8a5","name":"ainara"}]}},"_links":{"self":[{"href":"https:\/\/iraurgiberritzen.eus\/es\/wp-json\/wp\/v2\/posts\/22075","targetHints":{"allow":["GET"]}}],"collection":[{"href":"https:\/\/iraurgiberritzen.eus\/es\/wp-json\/wp\/v2\/posts"}],"about":[{"href":"https:\/\/iraurgiberritzen.eus\/es\/wp-json\/wp\/v2\/types\/post"}],"author":[{"embeddable":true,"href":"https:\/\/iraurgiberritzen.eus\/es\/wp-json\/wp\/v2\/users\/4"}],"replies":[{"embeddable":true,"href":"https:\/\/iraurgiberritzen.eus\/es\/wp-json\/wp\/v2\/comments?post=22075"}],"version-history":[{"count":3,"href":"https:\/\/iraurgiberritzen.eus\/es\/wp-json\/wp\/v2\/posts\/22075\/revisions"}],"predecessor-version":[{"id":22169,"href":"https:\/\/iraurgiberritzen.eus\/es\/wp-json\/wp\/v2\/posts\/22075\/revisions\/22169"}],"wp:featuredmedia":[{"embeddable":true,"href":"https:\/\/iraurgiberritzen.eus\/es\/wp-json\/wp\/v2\/media\/22071"}],"wp:attachment":[{"href":"https:\/\/iraurgiberritzen.eus\/es\/wp-json\/wp\/v2\/media?parent=22075"}],"wp:term":[{"taxonomy":"category","embeddable":true,"href":"https:\/\/iraurgiberritzen.eus\/es\/wp-json\/wp\/v2\/categories?post=22075"},{"taxonomy":"post_tag","embeddable":true,"href":"https:\/\/iraurgiberritzen.eus\/es\/wp-json\/wp\/v2\/tags?post=22075"}],"curies":[{"name":"wp","href":"https:\/\/api.w.org\/{rel}","templated":true}]}}