{"id":22135,"date":"2024-12-10T17:11:11","date_gmt":"2024-12-10T15:11:11","guid":{"rendered":"https:\/\/iraurgiberritzen.eus\/?p=22135"},"modified":"2024-12-10T17:13:42","modified_gmt":"2024-12-10T15:13:42","slug":"proceso-de-seleccion-para-al-puesto-de-personal-tecnico-en-comunicacion-y-marketing-prueba-practica","status":"publish","type":"post","link":"https:\/\/iraurgiberritzen.eus\/es\/proceso-de-seleccion-para-al-puesto-de-personal-tecnico-en-comunicacion-y-marketing-prueba-practica\/","title":{"rendered":"Proceso de selecci\u00f3n para al puesto de personal t\u00e9cnico en Comunicaci\u00f3n y Marketing. Prueba pr\u00e1ctica"},"content":{"rendered":"<p>Dentro del proceso de selecci\u00f3n para el puesto de personal t\u00e9cnico de comunicaci\u00f3n y marketing puesto en marcha por Iraurgi Berritzen, el pr\u00f3ximo jueves <strong>12 de diciembre<\/strong> se llevar\u00e1 a cabo una <strong>prueba escrita<\/strong> dirigida a las personas candidatas. La prueba tendr\u00e1 lugar a las 9:00h de la ma\u00f1ana en el <strong>Palacio Intsausti de Azkoitia (1\u00aa Planta)<\/strong>. Los detalles de la prueba, as\u00ed como las bases de la convocatoria, est\u00e1n disponibles en el siguiente <strong><a href=\"https:\/\/iraurgiberritzen.eus\/es\/ofertas-de-empleo\/procedimiento-de-seleccion-para-el-puesto-de-personal-tecnico-de-comunicacion-y-marketing\/\" target=\"_blank\" rel=\"noopener\">enlace<\/a><\/strong>.<\/p>\n","protected":false},"excerpt":{"rendered":"<p>Dentro del proceso de selecci\u00f3n para el puesto de personal t\u00e9cnico de comunicaci\u00f3n y marketing puesto en marcha por Iraurgi Berritzen, el pr\u00f3ximo jueves 12 de diciembre se llevar\u00e1 a cabo una prueba escrita dirigida a las personas candidatas. La prueba tendr\u00e1 lugar a las 9:00h de la ma\u00f1ana en el Palacio Intsausti de Azkoitia [&hellip;]<\/p>\n","protected":false},"author":4,"featured_media":22132,"comment_status":"closed","ping_status":"closed","sticky":false,"template":"","format":"standard","meta":{"_acf_changed":false,"footnotes":""},"categories":[4],"tags":[],"class_list":["post-22135","post","type-post","status-publish","format-standard","has-post-thumbnail","hentry","category-noticias"],"acf":[],"yoast_head":"<!-- This site is optimized with the Yoast SEO plugin v27.4 - https:\/\/yoast.com\/product\/yoast-seo-wordpress\/ -->\n<title>Proceso de selecci\u00f3n para al puesto de personal t\u00e9cnico en Comunicaci\u00f3n y Marketing. Prueba pr\u00e1ctica - Iraurgi Berritzen<\/title>\n<meta name=\"robots\" content=\"index, follow, max-snippet:-1, max-image-preview:large, max-video-preview:-1\" \/>\n<link rel=\"canonical\" href=\"https:\/\/iraurgiberritzen.eus\/es\/proceso-de-seleccion-para-al-puesto-de-personal-tecnico-en-comunicacion-y-marketing-prueba-practica\/\" \/>\n<meta property=\"og:locale\" content=\"es_ES\" \/>\n<meta property=\"og:type\" content=\"article\" \/>\n<meta property=\"og:title\" content=\"Proceso de selecci\u00f3n para al puesto de personal t\u00e9cnico en Comunicaci\u00f3n y Marketing. Prueba pr\u00e1ctica - Iraurgi Berritzen\" \/>\n<meta property=\"og:description\" content=\"Dentro del proceso de selecci\u00f3n para el puesto de personal t\u00e9cnico de comunicaci\u00f3n y marketing puesto en marcha por Iraurgi Berritzen, el pr\u00f3ximo jueves 12 de diciembre se llevar\u00e1 a cabo una prueba escrita dirigida a las personas candidatas. La prueba tendr\u00e1 lugar a las 9:00h de la ma\u00f1ana en el Palacio Intsausti de Azkoitia [&hellip;]\" \/>\n<meta property=\"og:url\" content=\"https:\/\/iraurgiberritzen.eus\/es\/proceso-de-seleccion-para-al-puesto-de-personal-tecnico-en-comunicacion-y-marketing-prueba-practica\/\" \/>\n<meta property=\"og:site_name\" content=\"Iraurgi Berritzen\" \/>\n<meta property=\"article:published_time\" content=\"2024-12-10T15:11:11+00:00\" \/>\n<meta property=\"article:modified_time\" content=\"2024-12-10T15:13:42+00:00\" \/>\n<meta property=\"og:image\" content=\"https:\/\/iraurgiberritzen.eus\/wp-content\/uploads\/2024\/12\/hands-820272_1280.jpg\" \/>\n\t<meta property=\"og:image:width\" content=\"1280\" \/>\n\t<meta property=\"og:image:height\" content=\"853\" \/>\n\t<meta property=\"og:image:type\" content=\"image\/jpeg\" \/>\n<meta name=\"author\" content=\"ainara\" \/>\n<meta name=\"twitter:card\" content=\"summary_large_image\" \/>\n<meta name=\"twitter:label1\" content=\"Escrito por\" \/>\n\t<meta name=\"twitter:data1\" content=\"ainara\" \/>\n\t<meta name=\"twitter:label2\" content=\"Tiempo de lectura\" \/>\n\t<meta name=\"twitter:data2\" content=\"1 minuto\" \/>\n<script type=\"application\/ld+json\" class=\"yoast-schema-graph\">{\"@context\":\"https:\\\/\\\/schema.org\",\"@graph\":[{\"@type\":\"Article\",\"@id\":\"https:\\\/\\\/iraurgiberritzen.eus\\\/es\\\/proceso-de-seleccion-para-al-puesto-de-personal-tecnico-en-comunicacion-y-marketing-prueba-practica\\\/#article\",\"isPartOf\":{\"@id\":\"https:\\\/\\\/iraurgiberritzen.eus\\\/es\\\/proceso-de-seleccion-para-al-puesto-de-personal-tecnico-en-comunicacion-y-marketing-prueba-practica\\\/\"},\"author\":{\"name\":\"ainara\",\"@id\":\"https:\\\/\\\/iraurgiberritzen.eus\\\/es\\\/#\\\/schema\\\/person\\\/a32c9825b3e2bfcbe757a97f6a15c8a5\"},\"headline\":\"Proceso de selecci\u00f3n para al puesto de personal t\u00e9cnico en Comunicaci\u00f3n y Marketing. Prueba pr\u00e1ctica\",\"datePublished\":\"2024-12-10T15:11:11+00:00\",\"dateModified\":\"2024-12-10T15:13:42+00:00\",\"mainEntityOfPage\":{\"@id\":\"https:\\\/\\\/iraurgiberritzen.eus\\\/es\\\/proceso-de-seleccion-para-al-puesto-de-personal-tecnico-en-comunicacion-y-marketing-prueba-practica\\\/\"},\"wordCount\":98,\"publisher\":{\"@id\":\"https:\\\/\\\/iraurgiberritzen.eus\\\/es\\\/#organization\"},\"image\":{\"@id\":\"https:\\\/\\\/iraurgiberritzen.eus\\\/es\\\/proceso-de-seleccion-para-al-puesto-de-personal-tecnico-en-comunicacion-y-marketing-prueba-practica\\\/#primaryimage\"},\"thumbnailUrl\":\"https:\\\/\\\/iraurgiberritzen.eus\\\/wp-content\\\/uploads\\\/2024\\\/12\\\/hands-820272_1280.jpg\",\"articleSection\":[\"Noticias\"],\"inLanguage\":\"es\"},{\"@type\":\"WebPage\",\"@id\":\"https:\\\/\\\/iraurgiberritzen.eus\\\/es\\\/proceso-de-seleccion-para-al-puesto-de-personal-tecnico-en-comunicacion-y-marketing-prueba-practica\\\/\",\"url\":\"https:\\\/\\\/iraurgiberritzen.eus\\\/es\\\/proceso-de-seleccion-para-al-puesto-de-personal-tecnico-en-comunicacion-y-marketing-prueba-practica\\\/\",\"name\":\"Proceso de selecci\u00f3n para al puesto de personal t\u00e9cnico en Comunicaci\u00f3n y Marketing. Prueba pr\u00e1ctica - Iraurgi Berritzen\",\"isPartOf\":{\"@id\":\"https:\\\/\\\/iraurgiberritzen.eus\\\/es\\\/#website\"},\"primaryImageOfPage\":{\"@id\":\"https:\\\/\\\/iraurgiberritzen.eus\\\/es\\\/proceso-de-seleccion-para-al-puesto-de-personal-tecnico-en-comunicacion-y-marketing-prueba-practica\\\/#primaryimage\"},\"image\":{\"@id\":\"https:\\\/\\\/iraurgiberritzen.eus\\\/es\\\/proceso-de-seleccion-para-al-puesto-de-personal-tecnico-en-comunicacion-y-marketing-prueba-practica\\\/#primaryimage\"},\"thumbnailUrl\":\"https:\\\/\\\/iraurgiberritzen.eus\\\/wp-content\\\/uploads\\\/2024\\\/12\\\/hands-820272_1280.jpg\",\"datePublished\":\"2024-12-10T15:11:11+00:00\",\"dateModified\":\"2024-12-10T15:13:42+00:00\",\"breadcrumb\":{\"@id\":\"https:\\\/\\\/iraurgiberritzen.eus\\\/es\\\/proceso-de-seleccion-para-al-puesto-de-personal-tecnico-en-comunicacion-y-marketing-prueba-practica\\\/#breadcrumb\"},\"inLanguage\":\"es\",\"potentialAction\":[{\"@type\":\"ReadAction\",\"target\":[\"https:\\\/\\\/iraurgiberritzen.eus\\\/es\\\/proceso-de-seleccion-para-al-puesto-de-personal-tecnico-en-comunicacion-y-marketing-prueba-practica\\\/\"]}]},{\"@type\":\"ImageObject\",\"inLanguage\":\"es\",\"@id\":\"https:\\\/\\\/iraurgiberritzen.eus\\\/es\\\/proceso-de-seleccion-para-al-puesto-de-personal-tecnico-en-comunicacion-y-marketing-prueba-practica\\\/#primaryimage\",\"url\":\"https:\\\/\\\/iraurgiberritzen.eus\\\/wp-content\\\/uploads\\\/2024\\\/12\\\/hands-820272_1280.jpg\",\"contentUrl\":\"https:\\\/\\\/iraurgiberritzen.eus\\\/wp-content\\\/uploads\\\/2024\\\/12\\\/hands-820272_1280.jpg\",\"width\":1280,\"height\":853},{\"@type\":\"BreadcrumbList\",\"@id\":\"https:\\\/\\\/iraurgiberritzen.eus\\\/es\\\/proceso-de-seleccion-para-al-puesto-de-personal-tecnico-en-comunicacion-y-marketing-prueba-practica\\\/#breadcrumb\",\"itemListElement\":[{\"@type\":\"ListItem\",\"position\":1,\"name\":\"Home\",\"item\":\"https:\\\/\\\/iraurgiberritzen.eus\\\/es\\\/\"},{\"@type\":\"ListItem\",\"position\":2,\"name\":\"Proceso de selecci\u00f3n para al puesto de personal t\u00e9cnico en Comunicaci\u00f3n y Marketing. Prueba pr\u00e1ctica\"}]},{\"@type\":\"WebSite\",\"@id\":\"https:\\\/\\\/iraurgiberritzen.eus\\\/es\\\/#website\",\"url\":\"https:\\\/\\\/iraurgiberritzen.eus\\\/es\\\/\",\"name\":\"Iraurgi Berritzen\",\"description\":\"Urola Erdiko Garapen Agentzia\",\"publisher\":{\"@id\":\"https:\\\/\\\/iraurgiberritzen.eus\\\/es\\\/#organization\"},\"potentialAction\":[{\"@type\":\"SearchAction\",\"target\":{\"@type\":\"EntryPoint\",\"urlTemplate\":\"https:\\\/\\\/iraurgiberritzen.eus\\\/es\\\/?s={search_term_string}\"},\"query-input\":{\"@type\":\"PropertyValueSpecification\",\"valueRequired\":true,\"valueName\":\"search_term_string\"}}],\"inLanguage\":\"es\"},{\"@type\":\"Organization\",\"@id\":\"https:\\\/\\\/iraurgiberritzen.eus\\\/es\\\/#organization\",\"name\":\"Iraurgi Berritzen\",\"url\":\"https:\\\/\\\/iraurgiberritzen.eus\\\/es\\\/\",\"logo\":{\"@type\":\"ImageObject\",\"inLanguage\":\"es\",\"@id\":\"https:\\\/\\\/iraurgiberritzen.eus\\\/es\\\/#\\\/schema\\\/logo\\\/image\\\/\",\"url\":\"https:\\\/\\\/iraurgiberritzen.eus\\\/wp-content\\\/uploads\\\/2024\\\/02\\\/IRAURGI-BERRITZEN-logotipoa_2.png\",\"contentUrl\":\"https:\\\/\\\/iraurgiberritzen.eus\\\/wp-content\\\/uploads\\\/2024\\\/02\\\/IRAURGI-BERRITZEN-logotipoa_2.png\",\"width\":496,\"height\":190,\"caption\":\"Iraurgi Berritzen\"},\"image\":{\"@id\":\"https:\\\/\\\/iraurgiberritzen.eus\\\/es\\\/#\\\/schema\\\/logo\\\/image\\\/\"}},{\"@type\":\"Person\",\"@id\":\"https:\\\/\\\/iraurgiberritzen.eus\\\/es\\\/#\\\/schema\\\/person\\\/a32c9825b3e2bfcbe757a97f6a15c8a5\",\"name\":\"ainara\"}]}<\/script>\n<!-- \/ Yoast SEO plugin. -->","yoast_head_json":{"title":"Proceso de selecci\u00f3n para al puesto de personal t\u00e9cnico en Comunicaci\u00f3n y Marketing. Prueba pr\u00e1ctica - Iraurgi Berritzen","robots":{"index":"index","follow":"follow","max-snippet":"max-snippet:-1","max-image-preview":"max-image-preview:large","max-video-preview":"max-video-preview:-1"},"canonical":"https:\/\/iraurgiberritzen.eus\/es\/proceso-de-seleccion-para-al-puesto-de-personal-tecnico-en-comunicacion-y-marketing-prueba-practica\/","og_locale":"es_ES","og_type":"article","og_title":"Proceso de selecci\u00f3n para al puesto de personal t\u00e9cnico en Comunicaci\u00f3n y Marketing. Prueba pr\u00e1ctica - Iraurgi Berritzen","og_description":"Dentro del proceso de selecci\u00f3n para el puesto de personal t\u00e9cnico de comunicaci\u00f3n y marketing puesto en marcha por Iraurgi Berritzen, el pr\u00f3ximo jueves 12 de diciembre se llevar\u00e1 a cabo una prueba escrita dirigida a las personas candidatas. La prueba tendr\u00e1 lugar a las 9:00h de la ma\u00f1ana en el Palacio Intsausti de Azkoitia [&hellip;]","og_url":"https:\/\/iraurgiberritzen.eus\/es\/proceso-de-seleccion-para-al-puesto-de-personal-tecnico-en-comunicacion-y-marketing-prueba-practica\/","og_site_name":"Iraurgi Berritzen","article_published_time":"2024-12-10T15:11:11+00:00","article_modified_time":"2024-12-10T15:13:42+00:00","og_image":[{"width":1280,"height":853,"url":"https:\/\/iraurgiberritzen.eus\/wp-content\/uploads\/2024\/12\/hands-820272_1280.jpg","type":"image\/jpeg"}],"author":"ainara","twitter_card":"summary_large_image","twitter_misc":{"Escrito por":"ainara","Tiempo de lectura":"1 minuto"},"schema":{"@context":"https:\/\/schema.org","@graph":[{"@type":"Article","@id":"https:\/\/iraurgiberritzen.eus\/es\/proceso-de-seleccion-para-al-puesto-de-personal-tecnico-en-comunicacion-y-marketing-prueba-practica\/#article","isPartOf":{"@id":"https:\/\/iraurgiberritzen.eus\/es\/proceso-de-seleccion-para-al-puesto-de-personal-tecnico-en-comunicacion-y-marketing-prueba-practica\/"},"author":{"name":"ainara","@id":"https:\/\/iraurgiberritzen.eus\/es\/#\/schema\/person\/a32c9825b3e2bfcbe757a97f6a15c8a5"},"headline":"Proceso de selecci\u00f3n para al puesto de personal t\u00e9cnico en Comunicaci\u00f3n y Marketing. Prueba pr\u00e1ctica","datePublished":"2024-12-10T15:11:11+00:00","dateModified":"2024-12-10T15:13:42+00:00","mainEntityOfPage":{"@id":"https:\/\/iraurgiberritzen.eus\/es\/proceso-de-seleccion-para-al-puesto-de-personal-tecnico-en-comunicacion-y-marketing-prueba-practica\/"},"wordCount":98,"publisher":{"@id":"https:\/\/iraurgiberritzen.eus\/es\/#organization"},"image":{"@id":"https:\/\/iraurgiberritzen.eus\/es\/proceso-de-seleccion-para-al-puesto-de-personal-tecnico-en-comunicacion-y-marketing-prueba-practica\/#primaryimage"},"thumbnailUrl":"https:\/\/iraurgiberritzen.eus\/wp-content\/uploads\/2024\/12\/hands-820272_1280.jpg","articleSection":["Noticias"],"inLanguage":"es"},{"@type":"WebPage","@id":"https:\/\/iraurgiberritzen.eus\/es\/proceso-de-seleccion-para-al-puesto-de-personal-tecnico-en-comunicacion-y-marketing-prueba-practica\/","url":"https:\/\/iraurgiberritzen.eus\/es\/proceso-de-seleccion-para-al-puesto-de-personal-tecnico-en-comunicacion-y-marketing-prueba-practica\/","name":"Proceso de selecci\u00f3n para al puesto de personal t\u00e9cnico en Comunicaci\u00f3n y Marketing. Prueba pr\u00e1ctica - Iraurgi Berritzen","isPartOf":{"@id":"https:\/\/iraurgiberritzen.eus\/es\/#website"},"primaryImageOfPage":{"@id":"https:\/\/iraurgiberritzen.eus\/es\/proceso-de-seleccion-para-al-puesto-de-personal-tecnico-en-comunicacion-y-marketing-prueba-practica\/#primaryimage"},"image":{"@id":"https:\/\/iraurgiberritzen.eus\/es\/proceso-de-seleccion-para-al-puesto-de-personal-tecnico-en-comunicacion-y-marketing-prueba-practica\/#primaryimage"},"thumbnailUrl":"https:\/\/iraurgiberritzen.eus\/wp-content\/uploads\/2024\/12\/hands-820272_1280.jpg","datePublished":"2024-12-10T15:11:11+00:00","dateModified":"2024-12-10T15:13:42+00:00","breadcrumb":{"@id":"https:\/\/iraurgiberritzen.eus\/es\/proceso-de-seleccion-para-al-puesto-de-personal-tecnico-en-comunicacion-y-marketing-prueba-practica\/#breadcrumb"},"inLanguage":"es","potentialAction":[{"@type":"ReadAction","target":["https:\/\/iraurgiberritzen.eus\/es\/proceso-de-seleccion-para-al-puesto-de-personal-tecnico-en-comunicacion-y-marketing-prueba-practica\/"]}]},{"@type":"ImageObject","inLanguage":"es","@id":"https:\/\/iraurgiberritzen.eus\/es\/proceso-de-seleccion-para-al-puesto-de-personal-tecnico-en-comunicacion-y-marketing-prueba-practica\/#primaryimage","url":"https:\/\/iraurgiberritzen.eus\/wp-content\/uploads\/2024\/12\/hands-820272_1280.jpg","contentUrl":"https:\/\/iraurgiberritzen.eus\/wp-content\/uploads\/2024\/12\/hands-820272_1280.jpg","width":1280,"height":853},{"@type":"BreadcrumbList","@id":"https:\/\/iraurgiberritzen.eus\/es\/proceso-de-seleccion-para-al-puesto-de-personal-tecnico-en-comunicacion-y-marketing-prueba-practica\/#breadcrumb","itemListElement":[{"@type":"ListItem","position":1,"name":"Home","item":"https:\/\/iraurgiberritzen.eus\/es\/"},{"@type":"ListItem","position":2,"name":"Proceso de selecci\u00f3n para al puesto de personal t\u00e9cnico en Comunicaci\u00f3n y Marketing. Prueba pr\u00e1ctica"}]},{"@type":"WebSite","@id":"https:\/\/iraurgiberritzen.eus\/es\/#website","url":"https:\/\/iraurgiberritzen.eus\/es\/","name":"Iraurgi Berritzen","description":"Urola Erdiko Garapen Agentzia","publisher":{"@id":"https:\/\/iraurgiberritzen.eus\/es\/#organization"},"potentialAction":[{"@type":"SearchAction","target":{"@type":"EntryPoint","urlTemplate":"https:\/\/iraurgiberritzen.eus\/es\/?s={search_term_string}"},"query-input":{"@type":"PropertyValueSpecification","valueRequired":true,"valueName":"search_term_string"}}],"inLanguage":"es"},{"@type":"Organization","@id":"https:\/\/iraurgiberritzen.eus\/es\/#organization","name":"Iraurgi Berritzen","url":"https:\/\/iraurgiberritzen.eus\/es\/","logo":{"@type":"ImageObject","inLanguage":"es","@id":"https:\/\/iraurgiberritzen.eus\/es\/#\/schema\/logo\/image\/","url":"https:\/\/iraurgiberritzen.eus\/wp-content\/uploads\/2024\/02\/IRAURGI-BERRITZEN-logotipoa_2.png","contentUrl":"https:\/\/iraurgiberritzen.eus\/wp-content\/uploads\/2024\/02\/IRAURGI-BERRITZEN-logotipoa_2.png","width":496,"height":190,"caption":"Iraurgi Berritzen"},"image":{"@id":"https:\/\/iraurgiberritzen.eus\/es\/#\/schema\/logo\/image\/"}},{"@type":"Person","@id":"https:\/\/iraurgiberritzen.eus\/es\/#\/schema\/person\/a32c9825b3e2bfcbe757a97f6a15c8a5","name":"ainara"}]}},"_links":{"self":[{"href":"https:\/\/iraurgiberritzen.eus\/es\/wp-json\/wp\/v2\/posts\/22135","targetHints":{"allow":["GET"]}}],"collection":[{"href":"https:\/\/iraurgiberritzen.eus\/es\/wp-json\/wp\/v2\/posts"}],"about":[{"href":"https:\/\/iraurgiberritzen.eus\/es\/wp-json\/wp\/v2\/types\/post"}],"author":[{"embeddable":true,"href":"https:\/\/iraurgiberritzen.eus\/es\/wp-json\/wp\/v2\/users\/4"}],"replies":[{"embeddable":true,"href":"https:\/\/iraurgiberritzen.eus\/es\/wp-json\/wp\/v2\/comments?post=22135"}],"version-history":[{"count":2,"href":"https:\/\/iraurgiberritzen.eus\/es\/wp-json\/wp\/v2\/posts\/22135\/revisions"}],"predecessor-version":[{"id":22138,"href":"https:\/\/iraurgiberritzen.eus\/es\/wp-json\/wp\/v2\/posts\/22135\/revisions\/22138"}],"wp:featuredmedia":[{"embeddable":true,"href":"https:\/\/iraurgiberritzen.eus\/es\/wp-json\/wp\/v2\/media\/22132"}],"wp:attachment":[{"href":"https:\/\/iraurgiberritzen.eus\/es\/wp-json\/wp\/v2\/media?parent=22135"}],"wp:term":[{"taxonomy":"category","embeddable":true,"href":"https:\/\/iraurgiberritzen.eus\/es\/wp-json\/wp\/v2\/categories?post=22135"},{"taxonomy":"post_tag","embeddable":true,"href":"https:\/\/iraurgiberritzen.eus\/es\/wp-json\/wp\/v2\/tags?post=22135"}],"curies":[{"name":"wp","href":"https:\/\/api.w.org\/{rel}","templated":true}]}}