{"id":22144,"date":"2024-12-16T12:31:01","date_gmt":"2024-12-16T10:31:01","guid":{"rendered":"https:\/\/iraurgiberritzen.eus\/?p=22144"},"modified":"2024-12-16T12:31:01","modified_gmt":"2024-12-16T10:31:01","slug":"arranca-el-proyecto-para-posicionar-a-urola-erdia-en-un-destino-turistico-inteligente","status":"publish","type":"post","link":"https:\/\/iraurgiberritzen.eus\/es\/arranca-el-proyecto-para-posicionar-a-urola-erdia-en-un-destino-turistico-inteligente\/","title":{"rendered":"Arranca el proyecto para posicionar a Urola Erdia en un Destino Tur\u00edstico Inteligente"},"content":{"rendered":"<p><span data-contrast=\"auto\">El \u00e1rea de Turismo de Iraurgi Berritzen realizar\u00e1 las labores de coordinaci\u00f3n, contando con la participaci\u00f3n de los municipios de Azkoitia, Azpeitia y Zestoa, y con la colaboraci\u00f3n de Basquetour, Tecnalia e IKEI. El proyecto ha arrancado mediante la reuni\u00f3n de lanzamiento celebrada el 11 de diciembre entre todos los agentes implicados.<\/span><span data-ccp-props=\"{&quot;134233117&quot;:true,&quot;134233118&quot;:true,&quot;201341983&quot;:0,&quot;335559740&quot;:240}\">\u00a0<\/span><\/p>\n<p>\u00bfPero qu\u00e9 es un Destino Tur\u00edstico Inteligente (DTI)?<\/p>\n<p><span data-contrast=\"auto\">Se trata de un destino tur\u00edstico<strong> innovador<\/strong>, basado en una infraestructura <strong>tecnol\u00f3gica<\/strong> de vanguardia que garantiza un desarrollo<strong> sostenible<\/strong> del territorio tur\u00edstico, <strong>accesible<\/strong> para la ciudadan\u00eda, que facilita la interacci\u00f3n e integraci\u00f3n de las personas visitantes con el entorno, mejora la calidad de su experiencia en el destino y la calidad de vida de la poblaci\u00f3n residente.<\/span><span data-ccp-props=\"{&quot;134233117&quot;:true,&quot;134233118&quot;:true,&quot;201341983&quot;:0,&quot;335559740&quot;:240}\">\u00a0<\/span><\/p>\n<p><span data-contrast=\"auto\">Es una iniciativa pionera de SEGITTUR, promovida por la Secretar\u00eda de Turismo del Gobierno de Espa\u00f1a, y liderada por Basquetour su implantaci\u00f3n en Euskadi. Su objetivo es adaptar los destinos tur\u00edsticos a los retos del futuro y facilitar su transformaci\u00f3n hacia un modelo basado en la<strong> Gobernanza, la Innovaci\u00f3n, la Tecnolog\u00eda, la Sostenibilidad y la Accesibilidad<\/strong>.<\/span><span data-ccp-props=\"{&quot;134233117&quot;:true,&quot;134233118&quot;:true,&quot;201341983&quot;:0,&quot;335559740&quot;:240}\">\u00a0<\/span><\/p>\n<p><span data-contrast=\"auto\">Durante la primera fase que se prolongar\u00e1 hasta el 31 de marzo de 2025 se realizar\u00e1 un diagn\u00f3stico basado en estos cinco ejes:<\/span><span data-ccp-props=\"{&quot;134233117&quot;:true,&quot;134233118&quot;:true,&quot;201341983&quot;:0,&quot;335559740&quot;:240}\"> 1) Gobernanza, 2) Tecnolog\u00eda, 3) Accesibilidad, 4) Sostenibilidad, 5)Innovaci\u00f3n.<\/span><\/p>\n<p><span data-contrast=\"auto\">A partir de este diagn\u00f3stico, se identificar\u00e1n \u00e1reas de mejora y acciones, cuya implementaci\u00f3n comenzar\u00e1 en el segundo semestre de 2025. Si todo marcha seg\u00fan lo previsto, se obtendr\u00e1 el sello de DTI en diciembre, que ser\u00e1 entregado por los responsables de SEGITTUR en FITUR 2026, la feria internacional de turismo.<\/span><span data-ccp-props=\"{&quot;134233117&quot;:true,&quot;134233118&quot;:true,&quot;201341983&quot;:0,&quot;335559740&quot;:240}\">\u00a0<\/span><\/p>\n","protected":false},"excerpt":{"rendered":"<p>El \u00e1rea de Turismo de Iraurgi Berritzen realizar\u00e1 las labores de coordinaci\u00f3n, contando con la participaci\u00f3n de los municipios de Azkoitia, Azpeitia y Zestoa, y con la colaboraci\u00f3n de Basquetour, Tecnalia e IKEI. El proyecto ha arrancado mediante la reuni\u00f3n de lanzamiento celebrada el 11 de diciembre entre todos los agentes implicados.\u00a0 \u00bfPero qu\u00e9 es [&hellip;]<\/p>\n","protected":false},"author":4,"featured_media":22142,"comment_status":"closed","ping_status":"closed","sticky":false,"template":"","format":"standard","meta":{"_acf_changed":false,"footnotes":""},"categories":[4],"tags":[],"class_list":["post-22144","post","type-post","status-publish","format-standard","has-post-thumbnail","hentry","category-noticias","arloak-turismo"],"acf":[],"yoast_head":"<!-- This site is optimized with the Yoast SEO plugin v27.4 - https:\/\/yoast.com\/product\/yoast-seo-wordpress\/ -->\n<title>Arranca el proyecto para posicionar a Urola Erdia en un Destino Tur\u00edstico Inteligente - Iraurgi Berritzen<\/title>\n<meta name=\"robots\" content=\"index, follow, max-snippet:-1, max-image-preview:large, max-video-preview:-1\" \/>\n<link rel=\"canonical\" href=\"https:\/\/iraurgiberritzen.eus\/es\/arranca-el-proyecto-para-posicionar-a-urola-erdia-en-un-destino-turistico-inteligente\/\" \/>\n<meta property=\"og:locale\" content=\"es_ES\" \/>\n<meta property=\"og:type\" content=\"article\" \/>\n<meta property=\"og:title\" content=\"Arranca el proyecto para posicionar a Urola Erdia en un Destino Tur\u00edstico Inteligente - Iraurgi Berritzen\" \/>\n<meta property=\"og:description\" content=\"El \u00e1rea de Turismo de Iraurgi Berritzen realizar\u00e1 las labores de coordinaci\u00f3n, contando con la participaci\u00f3n de los municipios de Azkoitia, Azpeitia y Zestoa, y con la colaboraci\u00f3n de Basquetour, Tecnalia e IKEI. El proyecto ha arrancado mediante la reuni\u00f3n de lanzamiento celebrada el 11 de diciembre entre todos los agentes implicados.\u00a0 \u00bfPero qu\u00e9 es [&hellip;]\" \/>\n<meta property=\"og:url\" content=\"https:\/\/iraurgiberritzen.eus\/es\/arranca-el-proyecto-para-posicionar-a-urola-erdia-en-un-destino-turistico-inteligente\/\" \/>\n<meta property=\"og:site_name\" content=\"Iraurgi Berritzen\" \/>\n<meta property=\"article:published_time\" content=\"2024-12-16T10:31:01+00:00\" \/>\n<meta property=\"og:image\" content=\"https:\/\/iraurgiberritzen.eus\/wp-content\/uploads\/2024\/12\/WhatsApp-Image-2024-12-13-at-11.55.13-scaled.jpeg\" \/>\n\t<meta property=\"og:image:width\" content=\"2560\" \/>\n\t<meta property=\"og:image:height\" content=\"1920\" \/>\n\t<meta property=\"og:image:type\" content=\"image\/jpeg\" \/>\n<meta name=\"author\" content=\"ainara\" \/>\n<meta name=\"twitter:card\" content=\"summary_large_image\" \/>\n<meta name=\"twitter:label1\" content=\"Escrito por\" \/>\n\t<meta name=\"twitter:data1\" content=\"ainara\" \/>\n\t<meta name=\"twitter:label2\" content=\"Tiempo de lectura\" \/>\n\t<meta name=\"twitter:data2\" content=\"2 minutos\" \/>\n<script type=\"application\/ld+json\" class=\"yoast-schema-graph\">{\"@context\":\"https:\\\/\\\/schema.org\",\"@graph\":[{\"@type\":\"Article\",\"@id\":\"https:\\\/\\\/iraurgiberritzen.eus\\\/es\\\/arranca-el-proyecto-para-posicionar-a-urola-erdia-en-un-destino-turistico-inteligente\\\/#article\",\"isPartOf\":{\"@id\":\"https:\\\/\\\/iraurgiberritzen.eus\\\/es\\\/arranca-el-proyecto-para-posicionar-a-urola-erdia-en-un-destino-turistico-inteligente\\\/\"},\"author\":{\"name\":\"ainara\",\"@id\":\"https:\\\/\\\/iraurgiberritzen.eus\\\/es\\\/#\\\/schema\\\/person\\\/a32c9825b3e2bfcbe757a97f6a15c8a5\"},\"headline\":\"Arranca el proyecto para posicionar a Urola Erdia en un Destino Tur\u00edstico Inteligente\",\"datePublished\":\"2024-12-16T10:31:01+00:00\",\"mainEntityOfPage\":{\"@id\":\"https:\\\/\\\/iraurgiberritzen.eus\\\/es\\\/arranca-el-proyecto-para-posicionar-a-urola-erdia-en-un-destino-turistico-inteligente\\\/\"},\"wordCount\":287,\"publisher\":{\"@id\":\"https:\\\/\\\/iraurgiberritzen.eus\\\/es\\\/#organization\"},\"image\":{\"@id\":\"https:\\\/\\\/iraurgiberritzen.eus\\\/es\\\/arranca-el-proyecto-para-posicionar-a-urola-erdia-en-un-destino-turistico-inteligente\\\/#primaryimage\"},\"thumbnailUrl\":\"https:\\\/\\\/iraurgiberritzen.eus\\\/wp-content\\\/uploads\\\/2024\\\/12\\\/WhatsApp-Image-2024-12-13-at-11.55.13-scaled.jpeg\",\"articleSection\":[\"Noticias\"],\"inLanguage\":\"es\"},{\"@type\":\"WebPage\",\"@id\":\"https:\\\/\\\/iraurgiberritzen.eus\\\/es\\\/arranca-el-proyecto-para-posicionar-a-urola-erdia-en-un-destino-turistico-inteligente\\\/\",\"url\":\"https:\\\/\\\/iraurgiberritzen.eus\\\/es\\\/arranca-el-proyecto-para-posicionar-a-urola-erdia-en-un-destino-turistico-inteligente\\\/\",\"name\":\"Arranca el proyecto para posicionar a Urola Erdia en un Destino Tur\u00edstico Inteligente - Iraurgi Berritzen\",\"isPartOf\":{\"@id\":\"https:\\\/\\\/iraurgiberritzen.eus\\\/es\\\/#website\"},\"primaryImageOfPage\":{\"@id\":\"https:\\\/\\\/iraurgiberritzen.eus\\\/es\\\/arranca-el-proyecto-para-posicionar-a-urola-erdia-en-un-destino-turistico-inteligente\\\/#primaryimage\"},\"image\":{\"@id\":\"https:\\\/\\\/iraurgiberritzen.eus\\\/es\\\/arranca-el-proyecto-para-posicionar-a-urola-erdia-en-un-destino-turistico-inteligente\\\/#primaryimage\"},\"thumbnailUrl\":\"https:\\\/\\\/iraurgiberritzen.eus\\\/wp-content\\\/uploads\\\/2024\\\/12\\\/WhatsApp-Image-2024-12-13-at-11.55.13-scaled.jpeg\",\"datePublished\":\"2024-12-16T10:31:01+00:00\",\"breadcrumb\":{\"@id\":\"https:\\\/\\\/iraurgiberritzen.eus\\\/es\\\/arranca-el-proyecto-para-posicionar-a-urola-erdia-en-un-destino-turistico-inteligente\\\/#breadcrumb\"},\"inLanguage\":\"es\",\"potentialAction\":[{\"@type\":\"ReadAction\",\"target\":[\"https:\\\/\\\/iraurgiberritzen.eus\\\/es\\\/arranca-el-proyecto-para-posicionar-a-urola-erdia-en-un-destino-turistico-inteligente\\\/\"]}]},{\"@type\":\"ImageObject\",\"inLanguage\":\"es\",\"@id\":\"https:\\\/\\\/iraurgiberritzen.eus\\\/es\\\/arranca-el-proyecto-para-posicionar-a-urola-erdia-en-un-destino-turistico-inteligente\\\/#primaryimage\",\"url\":\"https:\\\/\\\/iraurgiberritzen.eus\\\/wp-content\\\/uploads\\\/2024\\\/12\\\/WhatsApp-Image-2024-12-13-at-11.55.13-scaled.jpeg\",\"contentUrl\":\"https:\\\/\\\/iraurgiberritzen.eus\\\/wp-content\\\/uploads\\\/2024\\\/12\\\/WhatsApp-Image-2024-12-13-at-11.55.13-scaled.jpeg\",\"width\":2560,\"height\":1920},{\"@type\":\"BreadcrumbList\",\"@id\":\"https:\\\/\\\/iraurgiberritzen.eus\\\/es\\\/arranca-el-proyecto-para-posicionar-a-urola-erdia-en-un-destino-turistico-inteligente\\\/#breadcrumb\",\"itemListElement\":[{\"@type\":\"ListItem\",\"position\":1,\"name\":\"Home\",\"item\":\"https:\\\/\\\/iraurgiberritzen.eus\\\/es\\\/\"},{\"@type\":\"ListItem\",\"position\":2,\"name\":\"Arranca el proyecto para posicionar a Urola Erdia en un Destino Tur\u00edstico Inteligente\"}]},{\"@type\":\"WebSite\",\"@id\":\"https:\\\/\\\/iraurgiberritzen.eus\\\/es\\\/#website\",\"url\":\"https:\\\/\\\/iraurgiberritzen.eus\\\/es\\\/\",\"name\":\"Iraurgi Berritzen\",\"description\":\"Urola Erdiko Garapen Agentzia\",\"publisher\":{\"@id\":\"https:\\\/\\\/iraurgiberritzen.eus\\\/es\\\/#organization\"},\"potentialAction\":[{\"@type\":\"SearchAction\",\"target\":{\"@type\":\"EntryPoint\",\"urlTemplate\":\"https:\\\/\\\/iraurgiberritzen.eus\\\/es\\\/?s={search_term_string}\"},\"query-input\":{\"@type\":\"PropertyValueSpecification\",\"valueRequired\":true,\"valueName\":\"search_term_string\"}}],\"inLanguage\":\"es\"},{\"@type\":\"Organization\",\"@id\":\"https:\\\/\\\/iraurgiberritzen.eus\\\/es\\\/#organization\",\"name\":\"Iraurgi Berritzen\",\"url\":\"https:\\\/\\\/iraurgiberritzen.eus\\\/es\\\/\",\"logo\":{\"@type\":\"ImageObject\",\"inLanguage\":\"es\",\"@id\":\"https:\\\/\\\/iraurgiberritzen.eus\\\/es\\\/#\\\/schema\\\/logo\\\/image\\\/\",\"url\":\"https:\\\/\\\/iraurgiberritzen.eus\\\/wp-content\\\/uploads\\\/2024\\\/02\\\/IRAURGI-BERRITZEN-logotipoa_2.png\",\"contentUrl\":\"https:\\\/\\\/iraurgiberritzen.eus\\\/wp-content\\\/uploads\\\/2024\\\/02\\\/IRAURGI-BERRITZEN-logotipoa_2.png\",\"width\":496,\"height\":190,\"caption\":\"Iraurgi Berritzen\"},\"image\":{\"@id\":\"https:\\\/\\\/iraurgiberritzen.eus\\\/es\\\/#\\\/schema\\\/logo\\\/image\\\/\"}},{\"@type\":\"Person\",\"@id\":\"https:\\\/\\\/iraurgiberritzen.eus\\\/es\\\/#\\\/schema\\\/person\\\/a32c9825b3e2bfcbe757a97f6a15c8a5\",\"name\":\"ainara\"}]}<\/script>\n<!-- \/ Yoast SEO plugin. -->","yoast_head_json":{"title":"Arranca el proyecto para posicionar a Urola Erdia en un Destino Tur\u00edstico Inteligente - Iraurgi Berritzen","robots":{"index":"index","follow":"follow","max-snippet":"max-snippet:-1","max-image-preview":"max-image-preview:large","max-video-preview":"max-video-preview:-1"},"canonical":"https:\/\/iraurgiberritzen.eus\/es\/arranca-el-proyecto-para-posicionar-a-urola-erdia-en-un-destino-turistico-inteligente\/","og_locale":"es_ES","og_type":"article","og_title":"Arranca el proyecto para posicionar a Urola Erdia en un Destino Tur\u00edstico Inteligente - Iraurgi Berritzen","og_description":"El \u00e1rea de Turismo de Iraurgi Berritzen realizar\u00e1 las labores de coordinaci\u00f3n, contando con la participaci\u00f3n de los municipios de Azkoitia, Azpeitia y Zestoa, y con la colaboraci\u00f3n de Basquetour, Tecnalia e IKEI. El proyecto ha arrancado mediante la reuni\u00f3n de lanzamiento celebrada el 11 de diciembre entre todos los agentes implicados.\u00a0 \u00bfPero qu\u00e9 es [&hellip;]","og_url":"https:\/\/iraurgiberritzen.eus\/es\/arranca-el-proyecto-para-posicionar-a-urola-erdia-en-un-destino-turistico-inteligente\/","og_site_name":"Iraurgi Berritzen","article_published_time":"2024-12-16T10:31:01+00:00","og_image":[{"width":2560,"height":1920,"url":"https:\/\/iraurgiberritzen.eus\/wp-content\/uploads\/2024\/12\/WhatsApp-Image-2024-12-13-at-11.55.13-scaled.jpeg","type":"image\/jpeg"}],"author":"ainara","twitter_card":"summary_large_image","twitter_misc":{"Escrito por":"ainara","Tiempo de lectura":"2 minutos"},"schema":{"@context":"https:\/\/schema.org","@graph":[{"@type":"Article","@id":"https:\/\/iraurgiberritzen.eus\/es\/arranca-el-proyecto-para-posicionar-a-urola-erdia-en-un-destino-turistico-inteligente\/#article","isPartOf":{"@id":"https:\/\/iraurgiberritzen.eus\/es\/arranca-el-proyecto-para-posicionar-a-urola-erdia-en-un-destino-turistico-inteligente\/"},"author":{"name":"ainara","@id":"https:\/\/iraurgiberritzen.eus\/es\/#\/schema\/person\/a32c9825b3e2bfcbe757a97f6a15c8a5"},"headline":"Arranca el proyecto para posicionar a Urola Erdia en un Destino Tur\u00edstico Inteligente","datePublished":"2024-12-16T10:31:01+00:00","mainEntityOfPage":{"@id":"https:\/\/iraurgiberritzen.eus\/es\/arranca-el-proyecto-para-posicionar-a-urola-erdia-en-un-destino-turistico-inteligente\/"},"wordCount":287,"publisher":{"@id":"https:\/\/iraurgiberritzen.eus\/es\/#organization"},"image":{"@id":"https:\/\/iraurgiberritzen.eus\/es\/arranca-el-proyecto-para-posicionar-a-urola-erdia-en-un-destino-turistico-inteligente\/#primaryimage"},"thumbnailUrl":"https:\/\/iraurgiberritzen.eus\/wp-content\/uploads\/2024\/12\/WhatsApp-Image-2024-12-13-at-11.55.13-scaled.jpeg","articleSection":["Noticias"],"inLanguage":"es"},{"@type":"WebPage","@id":"https:\/\/iraurgiberritzen.eus\/es\/arranca-el-proyecto-para-posicionar-a-urola-erdia-en-un-destino-turistico-inteligente\/","url":"https:\/\/iraurgiberritzen.eus\/es\/arranca-el-proyecto-para-posicionar-a-urola-erdia-en-un-destino-turistico-inteligente\/","name":"Arranca el proyecto para posicionar a Urola Erdia en un Destino Tur\u00edstico Inteligente - Iraurgi Berritzen","isPartOf":{"@id":"https:\/\/iraurgiberritzen.eus\/es\/#website"},"primaryImageOfPage":{"@id":"https:\/\/iraurgiberritzen.eus\/es\/arranca-el-proyecto-para-posicionar-a-urola-erdia-en-un-destino-turistico-inteligente\/#primaryimage"},"image":{"@id":"https:\/\/iraurgiberritzen.eus\/es\/arranca-el-proyecto-para-posicionar-a-urola-erdia-en-un-destino-turistico-inteligente\/#primaryimage"},"thumbnailUrl":"https:\/\/iraurgiberritzen.eus\/wp-content\/uploads\/2024\/12\/WhatsApp-Image-2024-12-13-at-11.55.13-scaled.jpeg","datePublished":"2024-12-16T10:31:01+00:00","breadcrumb":{"@id":"https:\/\/iraurgiberritzen.eus\/es\/arranca-el-proyecto-para-posicionar-a-urola-erdia-en-un-destino-turistico-inteligente\/#breadcrumb"},"inLanguage":"es","potentialAction":[{"@type":"ReadAction","target":["https:\/\/iraurgiberritzen.eus\/es\/arranca-el-proyecto-para-posicionar-a-urola-erdia-en-un-destino-turistico-inteligente\/"]}]},{"@type":"ImageObject","inLanguage":"es","@id":"https:\/\/iraurgiberritzen.eus\/es\/arranca-el-proyecto-para-posicionar-a-urola-erdia-en-un-destino-turistico-inteligente\/#primaryimage","url":"https:\/\/iraurgiberritzen.eus\/wp-content\/uploads\/2024\/12\/WhatsApp-Image-2024-12-13-at-11.55.13-scaled.jpeg","contentUrl":"https:\/\/iraurgiberritzen.eus\/wp-content\/uploads\/2024\/12\/WhatsApp-Image-2024-12-13-at-11.55.13-scaled.jpeg","width":2560,"height":1920},{"@type":"BreadcrumbList","@id":"https:\/\/iraurgiberritzen.eus\/es\/arranca-el-proyecto-para-posicionar-a-urola-erdia-en-un-destino-turistico-inteligente\/#breadcrumb","itemListElement":[{"@type":"ListItem","position":1,"name":"Home","item":"https:\/\/iraurgiberritzen.eus\/es\/"},{"@type":"ListItem","position":2,"name":"Arranca el proyecto para posicionar a Urola Erdia en un Destino Tur\u00edstico Inteligente"}]},{"@type":"WebSite","@id":"https:\/\/iraurgiberritzen.eus\/es\/#website","url":"https:\/\/iraurgiberritzen.eus\/es\/","name":"Iraurgi Berritzen","description":"Urola Erdiko Garapen Agentzia","publisher":{"@id":"https:\/\/iraurgiberritzen.eus\/es\/#organization"},"potentialAction":[{"@type":"SearchAction","target":{"@type":"EntryPoint","urlTemplate":"https:\/\/iraurgiberritzen.eus\/es\/?s={search_term_string}"},"query-input":{"@type":"PropertyValueSpecification","valueRequired":true,"valueName":"search_term_string"}}],"inLanguage":"es"},{"@type":"Organization","@id":"https:\/\/iraurgiberritzen.eus\/es\/#organization","name":"Iraurgi Berritzen","url":"https:\/\/iraurgiberritzen.eus\/es\/","logo":{"@type":"ImageObject","inLanguage":"es","@id":"https:\/\/iraurgiberritzen.eus\/es\/#\/schema\/logo\/image\/","url":"https:\/\/iraurgiberritzen.eus\/wp-content\/uploads\/2024\/02\/IRAURGI-BERRITZEN-logotipoa_2.png","contentUrl":"https:\/\/iraurgiberritzen.eus\/wp-content\/uploads\/2024\/02\/IRAURGI-BERRITZEN-logotipoa_2.png","width":496,"height":190,"caption":"Iraurgi Berritzen"},"image":{"@id":"https:\/\/iraurgiberritzen.eus\/es\/#\/schema\/logo\/image\/"}},{"@type":"Person","@id":"https:\/\/iraurgiberritzen.eus\/es\/#\/schema\/person\/a32c9825b3e2bfcbe757a97f6a15c8a5","name":"ainara"}]}},"_links":{"self":[{"href":"https:\/\/iraurgiberritzen.eus\/es\/wp-json\/wp\/v2\/posts\/22144","targetHints":{"allow":["GET"]}}],"collection":[{"href":"https:\/\/iraurgiberritzen.eus\/es\/wp-json\/wp\/v2\/posts"}],"about":[{"href":"https:\/\/iraurgiberritzen.eus\/es\/wp-json\/wp\/v2\/types\/post"}],"author":[{"embeddable":true,"href":"https:\/\/iraurgiberritzen.eus\/es\/wp-json\/wp\/v2\/users\/4"}],"replies":[{"embeddable":true,"href":"https:\/\/iraurgiberritzen.eus\/es\/wp-json\/wp\/v2\/comments?post=22144"}],"version-history":[{"count":1,"href":"https:\/\/iraurgiberritzen.eus\/es\/wp-json\/wp\/v2\/posts\/22144\/revisions"}],"predecessor-version":[{"id":22145,"href":"https:\/\/iraurgiberritzen.eus\/es\/wp-json\/wp\/v2\/posts\/22144\/revisions\/22145"}],"wp:featuredmedia":[{"embeddable":true,"href":"https:\/\/iraurgiberritzen.eus\/es\/wp-json\/wp\/v2\/media\/22142"}],"wp:attachment":[{"href":"https:\/\/iraurgiberritzen.eus\/es\/wp-json\/wp\/v2\/media?parent=22144"}],"wp:term":[{"taxonomy":"category","embeddable":true,"href":"https:\/\/iraurgiberritzen.eus\/es\/wp-json\/wp\/v2\/categories?post=22144"},{"taxonomy":"post_tag","embeddable":true,"href":"https:\/\/iraurgiberritzen.eus\/es\/wp-json\/wp\/v2\/tags?post=22144"}],"curies":[{"name":"wp","href":"https:\/\/api.w.org\/{rel}","templated":true}]}}