{"id":22186,"date":"2024-12-19T17:04:49","date_gmt":"2024-12-19T15:04:49","guid":{"rendered":"https:\/\/iraurgiberritzen.eus\/?p=22186"},"modified":"2024-12-19T17:04:49","modified_gmt":"2024-12-19T15:04:49","slug":"la-asociacion-ziztu-recibe-el-premio-guztiok-mugituz-de-la-mano-de-la-diputacion-foral","status":"publish","type":"post","link":"https:\/\/iraurgiberritzen.eus\/es\/la-asociacion-ziztu-recibe-el-premio-guztiok-mugituz-de-la-mano-de-la-diputacion-foral\/","title":{"rendered":"La asociaci\u00f3n Ziztu recibe el premio Guztiok Mugituz de la mano de la Diputaci\u00f3n Foral"},"content":{"rendered":"<h5><span data-contrast=\"none\">El departamento de Movilidad, Turismo y Ordenaci\u00f3n del territorio otorg\u00f3 ayer en Donostia el premio Guztiok Mugituz a la Asociaci\u00f3n Ziztu. El acto de entrega de premios, al que asisti\u00f3 la directora de Iraurgi Berritzen tuvo lugar en Donostia.<\/span><\/h5>\n<p><span data-contrast=\"none\">El premio Guztiok Mugituz es un galard\u00f3n que cumple su octava edici\u00f3n y que reconoce la labor de aquellas personas y colectivos que, a trav\u00e9s de su actividad, contribuyen a que la movilidad sea un derecho accesible y universal.<\/span><span data-ccp-props=\"{&quot;134233117&quot;:false,&quot;134233118&quot;:false,&quot;201341983&quot;:0,&quot;335551550&quot;:1,&quot;335551620&quot;:1,&quot;335557856&quot;:16777215,&quot;335559685&quot;:-225,&quot;335559737&quot;:-225,&quot;335559738&quot;:0,&quot;335559739&quot;:150,&quot;335559740&quot;:279}\">\u00a0<\/span><\/p>\n<p><span data-contrast=\"none\">La diputada Azahara Dom\u00ednguez, reconoci\u00f3 la labor \u201caltruista y desinteresada\u201d llevada a cabo por las asociaciones universitarias para que \u201ccientos de estudiantes guipuzcoanos puedan acceder de manera sostenible a los campus universitarios de Bizkaia, garantizando su derecho a cursar estudios superiores\u201d. La asociaci\u00f3n Donostia-Leioa tambi\u00e9n ha fue galardonado junto con Ziztu.<\/span><span data-ccp-props=\"{&quot;134233117&quot;:false,&quot;134233118&quot;:false,&quot;335551550&quot;:0,&quot;335551620&quot;:0,&quot;335557856&quot;:16777215,&quot;335559685&quot;:-225,&quot;335559737&quot;:-225,&quot;335559738&quot;:0,&quot;335559739&quot;:150}\">\u00a0<\/span><\/p>\n<p><span data-contrast=\"none\">La<\/span><span data-contrast=\"none\">s y los representantes de las asociaciones galardonadas\u00a0recibieron\u00a0el Guztiok Mugituz muy agradecidos. Ainhoa Alonso, se\u00f1al\u00f3 que en Ziztu apuestan por una movilidad sostenible que facilita la accesibilidad de las y los j\u00f3venes a los centros universitarios desde los pueblos, ya que sus palabras ella un sistema de transporte eficiente entre las zonas rurales y las ciudades es esencial para el desarrollo de estas \u00e1reas y asegurar su futuro. Las y los integrantes de Ziztu, adem\u00e1s de otras entidades como los ayuntamientos de<\/span><span data-contrast=\"none\"> Azkoitia, Azpeitia, Zestoa, Zumaia y Mendaroko<\/span><span data-contrast=\"none\">\u00a0, quisieron reconocer el gran apoyo\u00a0de Iraurgi Berritzen porque han puesto y siguen poniendo a su disposici\u00f3n los recursos y ayudas para que esta iniciativa siga adelante.<\/span><span data-ccp-props=\"{&quot;134233117&quot;:false,&quot;134233118&quot;:false,&quot;201341983&quot;:0,&quot;335551550&quot;:1,&quot;335551620&quot;:1,&quot;335557856&quot;:16777215,&quot;335559685&quot;:-225,&quot;335559737&quot;:-225,&quot;335559738&quot;:0,&quot;335559739&quot;:150,&quot;335559740&quot;:279}\">\u00a0<\/span><\/p>\n","protected":false},"excerpt":{"rendered":"<p>El departamento de Movilidad, Turismo y Ordenaci\u00f3n del territorio otorg\u00f3 ayer en Donostia el premio Guztiok Mugituz a la Asociaci\u00f3n Ziztu. El acto de entrega de premios, al que asisti\u00f3 la directora de Iraurgi Berritzen tuvo lugar en Donostia. El premio Guztiok Mugituz es un galard\u00f3n que cumple su octava edici\u00f3n y que reconoce la [&hellip;]<\/p>\n","protected":false},"author":4,"featured_media":22184,"comment_status":"closed","ping_status":"closed","sticky":false,"template":"","format":"standard","meta":{"_acf_changed":false,"footnotes":""},"categories":[4],"tags":[],"class_list":["post-22186","post","type-post","status-publish","format-standard","has-post-thumbnail","hentry","category-noticias","arloak-desarrollo-local"],"acf":[],"yoast_head":"<!-- This site is optimized with the Yoast SEO plugin v27.4 - https:\/\/yoast.com\/product\/yoast-seo-wordpress\/ -->\n<title>La asociaci\u00f3n Ziztu recibe el premio Guztiok Mugituz de la mano de la Diputaci\u00f3n Foral - Iraurgi Berritzen<\/title>\n<meta name=\"robots\" content=\"index, follow, max-snippet:-1, max-image-preview:large, max-video-preview:-1\" \/>\n<link rel=\"canonical\" href=\"https:\/\/iraurgiberritzen.eus\/es\/la-asociacion-ziztu-recibe-el-premio-guztiok-mugituz-de-la-mano-de-la-diputacion-foral\/\" \/>\n<meta property=\"og:locale\" content=\"es_ES\" \/>\n<meta property=\"og:type\" content=\"article\" \/>\n<meta property=\"og:title\" content=\"La asociaci\u00f3n Ziztu recibe el premio Guztiok Mugituz de la mano de la Diputaci\u00f3n Foral - Iraurgi Berritzen\" \/>\n<meta property=\"og:description\" content=\"El departamento de Movilidad, Turismo y Ordenaci\u00f3n del territorio otorg\u00f3 ayer en Donostia el premio Guztiok Mugituz a la Asociaci\u00f3n Ziztu. El acto de entrega de premios, al que asisti\u00f3 la directora de Iraurgi Berritzen tuvo lugar en Donostia. El premio Guztiok Mugituz es un galard\u00f3n que cumple su octava edici\u00f3n y que reconoce la [&hellip;]\" \/>\n<meta property=\"og:url\" content=\"https:\/\/iraurgiberritzen.eus\/es\/la-asociacion-ziztu-recibe-el-premio-guztiok-mugituz-de-la-mano-de-la-diputacion-foral\/\" \/>\n<meta property=\"og:site_name\" content=\"Iraurgi Berritzen\" \/>\n<meta property=\"article:published_time\" content=\"2024-12-19T15:04:49+00:00\" \/>\n<meta property=\"og:image\" content=\"https:\/\/iraurgiberritzen.eus\/wp-content\/uploads\/2024\/12\/WhatsApp-Image-2024-12-18-at-18.23.13.jpeg\" \/>\n\t<meta property=\"og:image:width\" content=\"2048\" \/>\n\t<meta property=\"og:image:height\" content=\"1536\" \/>\n\t<meta property=\"og:image:type\" content=\"image\/jpeg\" \/>\n<meta name=\"author\" content=\"ainara\" \/>\n<meta name=\"twitter:card\" content=\"summary_large_image\" \/>\n<meta name=\"twitter:label1\" content=\"Escrito por\" \/>\n\t<meta name=\"twitter:data1\" content=\"ainara\" \/>\n\t<meta name=\"twitter:label2\" content=\"Tiempo de lectura\" \/>\n\t<meta name=\"twitter:data2\" content=\"2 minutos\" \/>\n<script type=\"application\/ld+json\" class=\"yoast-schema-graph\">{\"@context\":\"https:\\\/\\\/schema.org\",\"@graph\":[{\"@type\":\"Article\",\"@id\":\"https:\\\/\\\/iraurgiberritzen.eus\\\/es\\\/la-asociacion-ziztu-recibe-el-premio-guztiok-mugituz-de-la-mano-de-la-diputacion-foral\\\/#article\",\"isPartOf\":{\"@id\":\"https:\\\/\\\/iraurgiberritzen.eus\\\/es\\\/la-asociacion-ziztu-recibe-el-premio-guztiok-mugituz-de-la-mano-de-la-diputacion-foral\\\/\"},\"author\":{\"name\":\"ainara\",\"@id\":\"https:\\\/\\\/iraurgiberritzen.eus\\\/es\\\/#\\\/schema\\\/person\\\/a32c9825b3e2bfcbe757a97f6a15c8a5\"},\"headline\":\"La asociaci\u00f3n Ziztu recibe el premio Guztiok Mugituz de la mano de la Diputaci\u00f3n Foral\",\"datePublished\":\"2024-12-19T15:04:49+00:00\",\"mainEntityOfPage\":{\"@id\":\"https:\\\/\\\/iraurgiberritzen.eus\\\/es\\\/la-asociacion-ziztu-recibe-el-premio-guztiok-mugituz-de-la-mano-de-la-diputacion-foral\\\/\"},\"wordCount\":276,\"publisher\":{\"@id\":\"https:\\\/\\\/iraurgiberritzen.eus\\\/es\\\/#organization\"},\"image\":{\"@id\":\"https:\\\/\\\/iraurgiberritzen.eus\\\/es\\\/la-asociacion-ziztu-recibe-el-premio-guztiok-mugituz-de-la-mano-de-la-diputacion-foral\\\/#primaryimage\"},\"thumbnailUrl\":\"https:\\\/\\\/iraurgiberritzen.eus\\\/wp-content\\\/uploads\\\/2024\\\/12\\\/WhatsApp-Image-2024-12-18-at-18.23.13.jpeg\",\"articleSection\":[\"Noticias\"],\"inLanguage\":\"es\"},{\"@type\":\"WebPage\",\"@id\":\"https:\\\/\\\/iraurgiberritzen.eus\\\/es\\\/la-asociacion-ziztu-recibe-el-premio-guztiok-mugituz-de-la-mano-de-la-diputacion-foral\\\/\",\"url\":\"https:\\\/\\\/iraurgiberritzen.eus\\\/es\\\/la-asociacion-ziztu-recibe-el-premio-guztiok-mugituz-de-la-mano-de-la-diputacion-foral\\\/\",\"name\":\"La asociaci\u00f3n Ziztu recibe el premio Guztiok Mugituz de la mano de la Diputaci\u00f3n Foral - Iraurgi Berritzen\",\"isPartOf\":{\"@id\":\"https:\\\/\\\/iraurgiberritzen.eus\\\/es\\\/#website\"},\"primaryImageOfPage\":{\"@id\":\"https:\\\/\\\/iraurgiberritzen.eus\\\/es\\\/la-asociacion-ziztu-recibe-el-premio-guztiok-mugituz-de-la-mano-de-la-diputacion-foral\\\/#primaryimage\"},\"image\":{\"@id\":\"https:\\\/\\\/iraurgiberritzen.eus\\\/es\\\/la-asociacion-ziztu-recibe-el-premio-guztiok-mugituz-de-la-mano-de-la-diputacion-foral\\\/#primaryimage\"},\"thumbnailUrl\":\"https:\\\/\\\/iraurgiberritzen.eus\\\/wp-content\\\/uploads\\\/2024\\\/12\\\/WhatsApp-Image-2024-12-18-at-18.23.13.jpeg\",\"datePublished\":\"2024-12-19T15:04:49+00:00\",\"breadcrumb\":{\"@id\":\"https:\\\/\\\/iraurgiberritzen.eus\\\/es\\\/la-asociacion-ziztu-recibe-el-premio-guztiok-mugituz-de-la-mano-de-la-diputacion-foral\\\/#breadcrumb\"},\"inLanguage\":\"es\",\"potentialAction\":[{\"@type\":\"ReadAction\",\"target\":[\"https:\\\/\\\/iraurgiberritzen.eus\\\/es\\\/la-asociacion-ziztu-recibe-el-premio-guztiok-mugituz-de-la-mano-de-la-diputacion-foral\\\/\"]}]},{\"@type\":\"ImageObject\",\"inLanguage\":\"es\",\"@id\":\"https:\\\/\\\/iraurgiberritzen.eus\\\/es\\\/la-asociacion-ziztu-recibe-el-premio-guztiok-mugituz-de-la-mano-de-la-diputacion-foral\\\/#primaryimage\",\"url\":\"https:\\\/\\\/iraurgiberritzen.eus\\\/wp-content\\\/uploads\\\/2024\\\/12\\\/WhatsApp-Image-2024-12-18-at-18.23.13.jpeg\",\"contentUrl\":\"https:\\\/\\\/iraurgiberritzen.eus\\\/wp-content\\\/uploads\\\/2024\\\/12\\\/WhatsApp-Image-2024-12-18-at-18.23.13.jpeg\",\"width\":2048,\"height\":1536},{\"@type\":\"BreadcrumbList\",\"@id\":\"https:\\\/\\\/iraurgiberritzen.eus\\\/es\\\/la-asociacion-ziztu-recibe-el-premio-guztiok-mugituz-de-la-mano-de-la-diputacion-foral\\\/#breadcrumb\",\"itemListElement\":[{\"@type\":\"ListItem\",\"position\":1,\"name\":\"Home\",\"item\":\"https:\\\/\\\/iraurgiberritzen.eus\\\/es\\\/\"},{\"@type\":\"ListItem\",\"position\":2,\"name\":\"La asociaci\u00f3n Ziztu recibe el premio Guztiok Mugituz de la mano de la Diputaci\u00f3n Foral\"}]},{\"@type\":\"WebSite\",\"@id\":\"https:\\\/\\\/iraurgiberritzen.eus\\\/es\\\/#website\",\"url\":\"https:\\\/\\\/iraurgiberritzen.eus\\\/es\\\/\",\"name\":\"Iraurgi Berritzen\",\"description\":\"Urola Erdiko Garapen Agentzia\",\"publisher\":{\"@id\":\"https:\\\/\\\/iraurgiberritzen.eus\\\/es\\\/#organization\"},\"potentialAction\":[{\"@type\":\"SearchAction\",\"target\":{\"@type\":\"EntryPoint\",\"urlTemplate\":\"https:\\\/\\\/iraurgiberritzen.eus\\\/es\\\/?s={search_term_string}\"},\"query-input\":{\"@type\":\"PropertyValueSpecification\",\"valueRequired\":true,\"valueName\":\"search_term_string\"}}],\"inLanguage\":\"es\"},{\"@type\":\"Organization\",\"@id\":\"https:\\\/\\\/iraurgiberritzen.eus\\\/es\\\/#organization\",\"name\":\"Iraurgi Berritzen\",\"url\":\"https:\\\/\\\/iraurgiberritzen.eus\\\/es\\\/\",\"logo\":{\"@type\":\"ImageObject\",\"inLanguage\":\"es\",\"@id\":\"https:\\\/\\\/iraurgiberritzen.eus\\\/es\\\/#\\\/schema\\\/logo\\\/image\\\/\",\"url\":\"https:\\\/\\\/iraurgiberritzen.eus\\\/wp-content\\\/uploads\\\/2024\\\/02\\\/IRAURGI-BERRITZEN-logotipoa_2.png\",\"contentUrl\":\"https:\\\/\\\/iraurgiberritzen.eus\\\/wp-content\\\/uploads\\\/2024\\\/02\\\/IRAURGI-BERRITZEN-logotipoa_2.png\",\"width\":496,\"height\":190,\"caption\":\"Iraurgi Berritzen\"},\"image\":{\"@id\":\"https:\\\/\\\/iraurgiberritzen.eus\\\/es\\\/#\\\/schema\\\/logo\\\/image\\\/\"}},{\"@type\":\"Person\",\"@id\":\"https:\\\/\\\/iraurgiberritzen.eus\\\/es\\\/#\\\/schema\\\/person\\\/a32c9825b3e2bfcbe757a97f6a15c8a5\",\"name\":\"ainara\"}]}<\/script>\n<!-- \/ Yoast SEO plugin. -->","yoast_head_json":{"title":"La asociaci\u00f3n Ziztu recibe el premio Guztiok Mugituz de la mano de la Diputaci\u00f3n Foral - Iraurgi Berritzen","robots":{"index":"index","follow":"follow","max-snippet":"max-snippet:-1","max-image-preview":"max-image-preview:large","max-video-preview":"max-video-preview:-1"},"canonical":"https:\/\/iraurgiberritzen.eus\/es\/la-asociacion-ziztu-recibe-el-premio-guztiok-mugituz-de-la-mano-de-la-diputacion-foral\/","og_locale":"es_ES","og_type":"article","og_title":"La asociaci\u00f3n Ziztu recibe el premio Guztiok Mugituz de la mano de la Diputaci\u00f3n Foral - Iraurgi Berritzen","og_description":"El departamento de Movilidad, Turismo y Ordenaci\u00f3n del territorio otorg\u00f3 ayer en Donostia el premio Guztiok Mugituz a la Asociaci\u00f3n Ziztu. El acto de entrega de premios, al que asisti\u00f3 la directora de Iraurgi Berritzen tuvo lugar en Donostia. El premio Guztiok Mugituz es un galard\u00f3n que cumple su octava edici\u00f3n y que reconoce la [&hellip;]","og_url":"https:\/\/iraurgiberritzen.eus\/es\/la-asociacion-ziztu-recibe-el-premio-guztiok-mugituz-de-la-mano-de-la-diputacion-foral\/","og_site_name":"Iraurgi Berritzen","article_published_time":"2024-12-19T15:04:49+00:00","og_image":[{"width":2048,"height":1536,"url":"https:\/\/iraurgiberritzen.eus\/wp-content\/uploads\/2024\/12\/WhatsApp-Image-2024-12-18-at-18.23.13.jpeg","type":"image\/jpeg"}],"author":"ainara","twitter_card":"summary_large_image","twitter_misc":{"Escrito por":"ainara","Tiempo de lectura":"2 minutos"},"schema":{"@context":"https:\/\/schema.org","@graph":[{"@type":"Article","@id":"https:\/\/iraurgiberritzen.eus\/es\/la-asociacion-ziztu-recibe-el-premio-guztiok-mugituz-de-la-mano-de-la-diputacion-foral\/#article","isPartOf":{"@id":"https:\/\/iraurgiberritzen.eus\/es\/la-asociacion-ziztu-recibe-el-premio-guztiok-mugituz-de-la-mano-de-la-diputacion-foral\/"},"author":{"name":"ainara","@id":"https:\/\/iraurgiberritzen.eus\/es\/#\/schema\/person\/a32c9825b3e2bfcbe757a97f6a15c8a5"},"headline":"La asociaci\u00f3n Ziztu recibe el premio Guztiok Mugituz de la mano de la Diputaci\u00f3n Foral","datePublished":"2024-12-19T15:04:49+00:00","mainEntityOfPage":{"@id":"https:\/\/iraurgiberritzen.eus\/es\/la-asociacion-ziztu-recibe-el-premio-guztiok-mugituz-de-la-mano-de-la-diputacion-foral\/"},"wordCount":276,"publisher":{"@id":"https:\/\/iraurgiberritzen.eus\/es\/#organization"},"image":{"@id":"https:\/\/iraurgiberritzen.eus\/es\/la-asociacion-ziztu-recibe-el-premio-guztiok-mugituz-de-la-mano-de-la-diputacion-foral\/#primaryimage"},"thumbnailUrl":"https:\/\/iraurgiberritzen.eus\/wp-content\/uploads\/2024\/12\/WhatsApp-Image-2024-12-18-at-18.23.13.jpeg","articleSection":["Noticias"],"inLanguage":"es"},{"@type":"WebPage","@id":"https:\/\/iraurgiberritzen.eus\/es\/la-asociacion-ziztu-recibe-el-premio-guztiok-mugituz-de-la-mano-de-la-diputacion-foral\/","url":"https:\/\/iraurgiberritzen.eus\/es\/la-asociacion-ziztu-recibe-el-premio-guztiok-mugituz-de-la-mano-de-la-diputacion-foral\/","name":"La asociaci\u00f3n Ziztu recibe el premio Guztiok Mugituz de la mano de la Diputaci\u00f3n Foral - Iraurgi Berritzen","isPartOf":{"@id":"https:\/\/iraurgiberritzen.eus\/es\/#website"},"primaryImageOfPage":{"@id":"https:\/\/iraurgiberritzen.eus\/es\/la-asociacion-ziztu-recibe-el-premio-guztiok-mugituz-de-la-mano-de-la-diputacion-foral\/#primaryimage"},"image":{"@id":"https:\/\/iraurgiberritzen.eus\/es\/la-asociacion-ziztu-recibe-el-premio-guztiok-mugituz-de-la-mano-de-la-diputacion-foral\/#primaryimage"},"thumbnailUrl":"https:\/\/iraurgiberritzen.eus\/wp-content\/uploads\/2024\/12\/WhatsApp-Image-2024-12-18-at-18.23.13.jpeg","datePublished":"2024-12-19T15:04:49+00:00","breadcrumb":{"@id":"https:\/\/iraurgiberritzen.eus\/es\/la-asociacion-ziztu-recibe-el-premio-guztiok-mugituz-de-la-mano-de-la-diputacion-foral\/#breadcrumb"},"inLanguage":"es","potentialAction":[{"@type":"ReadAction","target":["https:\/\/iraurgiberritzen.eus\/es\/la-asociacion-ziztu-recibe-el-premio-guztiok-mugituz-de-la-mano-de-la-diputacion-foral\/"]}]},{"@type":"ImageObject","inLanguage":"es","@id":"https:\/\/iraurgiberritzen.eus\/es\/la-asociacion-ziztu-recibe-el-premio-guztiok-mugituz-de-la-mano-de-la-diputacion-foral\/#primaryimage","url":"https:\/\/iraurgiberritzen.eus\/wp-content\/uploads\/2024\/12\/WhatsApp-Image-2024-12-18-at-18.23.13.jpeg","contentUrl":"https:\/\/iraurgiberritzen.eus\/wp-content\/uploads\/2024\/12\/WhatsApp-Image-2024-12-18-at-18.23.13.jpeg","width":2048,"height":1536},{"@type":"BreadcrumbList","@id":"https:\/\/iraurgiberritzen.eus\/es\/la-asociacion-ziztu-recibe-el-premio-guztiok-mugituz-de-la-mano-de-la-diputacion-foral\/#breadcrumb","itemListElement":[{"@type":"ListItem","position":1,"name":"Home","item":"https:\/\/iraurgiberritzen.eus\/es\/"},{"@type":"ListItem","position":2,"name":"La asociaci\u00f3n Ziztu recibe el premio Guztiok Mugituz de la mano de la Diputaci\u00f3n Foral"}]},{"@type":"WebSite","@id":"https:\/\/iraurgiberritzen.eus\/es\/#website","url":"https:\/\/iraurgiberritzen.eus\/es\/","name":"Iraurgi Berritzen","description":"Urola Erdiko Garapen Agentzia","publisher":{"@id":"https:\/\/iraurgiberritzen.eus\/es\/#organization"},"potentialAction":[{"@type":"SearchAction","target":{"@type":"EntryPoint","urlTemplate":"https:\/\/iraurgiberritzen.eus\/es\/?s={search_term_string}"},"query-input":{"@type":"PropertyValueSpecification","valueRequired":true,"valueName":"search_term_string"}}],"inLanguage":"es"},{"@type":"Organization","@id":"https:\/\/iraurgiberritzen.eus\/es\/#organization","name":"Iraurgi Berritzen","url":"https:\/\/iraurgiberritzen.eus\/es\/","logo":{"@type":"ImageObject","inLanguage":"es","@id":"https:\/\/iraurgiberritzen.eus\/es\/#\/schema\/logo\/image\/","url":"https:\/\/iraurgiberritzen.eus\/wp-content\/uploads\/2024\/02\/IRAURGI-BERRITZEN-logotipoa_2.png","contentUrl":"https:\/\/iraurgiberritzen.eus\/wp-content\/uploads\/2024\/02\/IRAURGI-BERRITZEN-logotipoa_2.png","width":496,"height":190,"caption":"Iraurgi Berritzen"},"image":{"@id":"https:\/\/iraurgiberritzen.eus\/es\/#\/schema\/logo\/image\/"}},{"@type":"Person","@id":"https:\/\/iraurgiberritzen.eus\/es\/#\/schema\/person\/a32c9825b3e2bfcbe757a97f6a15c8a5","name":"ainara"}]}},"_links":{"self":[{"href":"https:\/\/iraurgiberritzen.eus\/es\/wp-json\/wp\/v2\/posts\/22186","targetHints":{"allow":["GET"]}}],"collection":[{"href":"https:\/\/iraurgiberritzen.eus\/es\/wp-json\/wp\/v2\/posts"}],"about":[{"href":"https:\/\/iraurgiberritzen.eus\/es\/wp-json\/wp\/v2\/types\/post"}],"author":[{"embeddable":true,"href":"https:\/\/iraurgiberritzen.eus\/es\/wp-json\/wp\/v2\/users\/4"}],"replies":[{"embeddable":true,"href":"https:\/\/iraurgiberritzen.eus\/es\/wp-json\/wp\/v2\/comments?post=22186"}],"version-history":[{"count":1,"href":"https:\/\/iraurgiberritzen.eus\/es\/wp-json\/wp\/v2\/posts\/22186\/revisions"}],"predecessor-version":[{"id":22187,"href":"https:\/\/iraurgiberritzen.eus\/es\/wp-json\/wp\/v2\/posts\/22186\/revisions\/22187"}],"wp:featuredmedia":[{"embeddable":true,"href":"https:\/\/iraurgiberritzen.eus\/es\/wp-json\/wp\/v2\/media\/22184"}],"wp:attachment":[{"href":"https:\/\/iraurgiberritzen.eus\/es\/wp-json\/wp\/v2\/media?parent=22186"}],"wp:term":[{"taxonomy":"category","embeddable":true,"href":"https:\/\/iraurgiberritzen.eus\/es\/wp-json\/wp\/v2\/categories?post=22186"},{"taxonomy":"post_tag","embeddable":true,"href":"https:\/\/iraurgiberritzen.eus\/es\/wp-json\/wp\/v2\/tags?post=22186"}],"curies":[{"name":"wp","href":"https:\/\/api.w.org\/{rel}","templated":true}]}}