{"id":22221,"date":"2024-12-20T17:41:39","date_gmt":"2024-12-20T15:41:39","guid":{"rendered":"https:\/\/iraurgiberritzen.eus\/?p=22221"},"modified":"2024-12-20T17:44:38","modified_gmt":"2024-12-20T15:44:38","slug":"resultados-del-proceso-de-seleccion-para-al-puesto-de-personal-tecnico-en-comunicacion-y-marketing","status":"publish","type":"post","link":"https:\/\/iraurgiberritzen.eus\/es\/resultados-del-proceso-de-seleccion-para-al-puesto-de-personal-tecnico-en-comunicacion-y-marketing\/","title":{"rendered":"Resultados del proceso de selecci\u00f3n para el puesto de personal t\u00e9cnico en Comunicaci\u00f3n y Marketing"},"content":{"rendered":"<p>Tras la prueba pr\u00e1ctica realizada en el proceso puesto en marcha por Iraurgi Berritzen para la contrataci\u00f3n de personal t\u00e9cnico de Comunicaci\u00f3n y Marketing por un periodo de seis meses, <strong>las puntuaciones obtenidas<\/strong> por las personas participantes <strong>en la prueba pr\u00e1ctica, as\u00ed como las obtenidas con m\u00e9ritos<\/strong>, se muestran en la siguiente tabla.<\/p>\n<p>Las entrevistas con las personas que han pasado a la siguiente fase tendr\u00e1n lugar el <strong>8 de enero<\/strong> en la <strong>3\u00aa planta del Palacio Intsausti<\/strong> de Azkoitia. Los horarios de las citas est\u00e1n especificados en la tabla.<\/p>\n<p><strong><a href=\"https:\/\/iraurgiberritzen.eus\/wp-content\/uploads\/2024\/11\/RESULTADOS-DEL-PROCESO.pdf\" target=\"_blank\" rel=\"noopener\">Resultados del proceso<\/a><\/strong><\/p>\n","protected":false},"excerpt":{"rendered":"<p>Tras la prueba pr\u00e1ctica realizada en el proceso puesto en marcha por Iraurgi Berritzen para la contrataci\u00f3n de personal t\u00e9cnico de Comunicaci\u00f3n y Marketing por un periodo de seis meses, las puntuaciones obtenidas por las personas participantes en la prueba pr\u00e1ctica, as\u00ed como las obtenidas con m\u00e9ritos, se muestran en la siguiente tabla. Las entrevistas [&hellip;]<\/p>\n","protected":false},"author":4,"featured_media":22132,"comment_status":"closed","ping_status":"closed","sticky":false,"template":"","format":"standard","meta":{"_acf_changed":false,"footnotes":""},"categories":[4],"tags":[],"class_list":["post-22221","post","type-post","status-publish","format-standard","has-post-thumbnail","hentry","category-noticias"],"acf":[],"yoast_head":"<!-- This site is optimized with the Yoast SEO plugin v27.4 - https:\/\/yoast.com\/product\/yoast-seo-wordpress\/ -->\n<title>Resultados del proceso de selecci\u00f3n para el puesto de personal t\u00e9cnico en Comunicaci\u00f3n y Marketing - Iraurgi Berritzen<\/title>\n<meta name=\"robots\" content=\"index, follow, max-snippet:-1, max-image-preview:large, max-video-preview:-1\" \/>\n<link rel=\"canonical\" href=\"https:\/\/iraurgiberritzen.eus\/es\/resultados-del-proceso-de-seleccion-para-al-puesto-de-personal-tecnico-en-comunicacion-y-marketing\/\" \/>\n<meta property=\"og:locale\" content=\"es_ES\" \/>\n<meta property=\"og:type\" content=\"article\" \/>\n<meta property=\"og:title\" content=\"Resultados del proceso de selecci\u00f3n para el puesto de personal t\u00e9cnico en Comunicaci\u00f3n y Marketing - Iraurgi Berritzen\" \/>\n<meta property=\"og:description\" content=\"Tras la prueba pr\u00e1ctica realizada en el proceso puesto en marcha por Iraurgi Berritzen para la contrataci\u00f3n de personal t\u00e9cnico de Comunicaci\u00f3n y Marketing por un periodo de seis meses, las puntuaciones obtenidas por las personas participantes en la prueba pr\u00e1ctica, as\u00ed como las obtenidas con m\u00e9ritos, se muestran en la siguiente tabla. Las entrevistas [&hellip;]\" \/>\n<meta property=\"og:url\" content=\"https:\/\/iraurgiberritzen.eus\/es\/resultados-del-proceso-de-seleccion-para-al-puesto-de-personal-tecnico-en-comunicacion-y-marketing\/\" \/>\n<meta property=\"og:site_name\" content=\"Iraurgi Berritzen\" \/>\n<meta property=\"article:published_time\" content=\"2024-12-20T15:41:39+00:00\" \/>\n<meta property=\"article:modified_time\" content=\"2024-12-20T15:44:38+00:00\" \/>\n<meta property=\"og:image\" content=\"https:\/\/iraurgiberritzen.eus\/wp-content\/uploads\/2024\/12\/hands-820272_1280.jpg\" \/>\n\t<meta property=\"og:image:width\" content=\"1280\" \/>\n\t<meta property=\"og:image:height\" content=\"853\" \/>\n\t<meta property=\"og:image:type\" content=\"image\/jpeg\" \/>\n<meta name=\"author\" content=\"ainara\" \/>\n<meta name=\"twitter:card\" content=\"summary_large_image\" \/>\n<meta name=\"twitter:label1\" content=\"Escrito por\" \/>\n\t<meta name=\"twitter:data1\" content=\"ainara\" \/>\n\t<meta name=\"twitter:label2\" content=\"Tiempo de lectura\" \/>\n\t<meta name=\"twitter:data2\" content=\"1 minuto\" \/>\n<script type=\"application\/ld+json\" class=\"yoast-schema-graph\">{\"@context\":\"https:\\\/\\\/schema.org\",\"@graph\":[{\"@type\":\"Article\",\"@id\":\"https:\\\/\\\/iraurgiberritzen.eus\\\/es\\\/resultados-del-proceso-de-seleccion-para-al-puesto-de-personal-tecnico-en-comunicacion-y-marketing\\\/#article\",\"isPartOf\":{\"@id\":\"https:\\\/\\\/iraurgiberritzen.eus\\\/es\\\/resultados-del-proceso-de-seleccion-para-al-puesto-de-personal-tecnico-en-comunicacion-y-marketing\\\/\"},\"author\":{\"name\":\"ainara\",\"@id\":\"https:\\\/\\\/iraurgiberritzen.eus\\\/es\\\/#\\\/schema\\\/person\\\/a32c9825b3e2bfcbe757a97f6a15c8a5\"},\"headline\":\"Resultados del proceso de selecci\u00f3n para el puesto de personal t\u00e9cnico en Comunicaci\u00f3n y Marketing\",\"datePublished\":\"2024-12-20T15:41:39+00:00\",\"dateModified\":\"2024-12-20T15:44:38+00:00\",\"mainEntityOfPage\":{\"@id\":\"https:\\\/\\\/iraurgiberritzen.eus\\\/es\\\/resultados-del-proceso-de-seleccion-para-al-puesto-de-personal-tecnico-en-comunicacion-y-marketing\\\/\"},\"wordCount\":117,\"publisher\":{\"@id\":\"https:\\\/\\\/iraurgiberritzen.eus\\\/es\\\/#organization\"},\"image\":{\"@id\":\"https:\\\/\\\/iraurgiberritzen.eus\\\/es\\\/resultados-del-proceso-de-seleccion-para-al-puesto-de-personal-tecnico-en-comunicacion-y-marketing\\\/#primaryimage\"},\"thumbnailUrl\":\"https:\\\/\\\/iraurgiberritzen.eus\\\/wp-content\\\/uploads\\\/2024\\\/12\\\/hands-820272_1280.jpg\",\"articleSection\":[\"Noticias\"],\"inLanguage\":\"es\"},{\"@type\":\"WebPage\",\"@id\":\"https:\\\/\\\/iraurgiberritzen.eus\\\/es\\\/resultados-del-proceso-de-seleccion-para-al-puesto-de-personal-tecnico-en-comunicacion-y-marketing\\\/\",\"url\":\"https:\\\/\\\/iraurgiberritzen.eus\\\/es\\\/resultados-del-proceso-de-seleccion-para-al-puesto-de-personal-tecnico-en-comunicacion-y-marketing\\\/\",\"name\":\"Resultados del proceso de selecci\u00f3n para el puesto de personal t\u00e9cnico en Comunicaci\u00f3n y Marketing - Iraurgi Berritzen\",\"isPartOf\":{\"@id\":\"https:\\\/\\\/iraurgiberritzen.eus\\\/es\\\/#website\"},\"primaryImageOfPage\":{\"@id\":\"https:\\\/\\\/iraurgiberritzen.eus\\\/es\\\/resultados-del-proceso-de-seleccion-para-al-puesto-de-personal-tecnico-en-comunicacion-y-marketing\\\/#primaryimage\"},\"image\":{\"@id\":\"https:\\\/\\\/iraurgiberritzen.eus\\\/es\\\/resultados-del-proceso-de-seleccion-para-al-puesto-de-personal-tecnico-en-comunicacion-y-marketing\\\/#primaryimage\"},\"thumbnailUrl\":\"https:\\\/\\\/iraurgiberritzen.eus\\\/wp-content\\\/uploads\\\/2024\\\/12\\\/hands-820272_1280.jpg\",\"datePublished\":\"2024-12-20T15:41:39+00:00\",\"dateModified\":\"2024-12-20T15:44:38+00:00\",\"breadcrumb\":{\"@id\":\"https:\\\/\\\/iraurgiberritzen.eus\\\/es\\\/resultados-del-proceso-de-seleccion-para-al-puesto-de-personal-tecnico-en-comunicacion-y-marketing\\\/#breadcrumb\"},\"inLanguage\":\"es\",\"potentialAction\":[{\"@type\":\"ReadAction\",\"target\":[\"https:\\\/\\\/iraurgiberritzen.eus\\\/es\\\/resultados-del-proceso-de-seleccion-para-al-puesto-de-personal-tecnico-en-comunicacion-y-marketing\\\/\"]}]},{\"@type\":\"ImageObject\",\"inLanguage\":\"es\",\"@id\":\"https:\\\/\\\/iraurgiberritzen.eus\\\/es\\\/resultados-del-proceso-de-seleccion-para-al-puesto-de-personal-tecnico-en-comunicacion-y-marketing\\\/#primaryimage\",\"url\":\"https:\\\/\\\/iraurgiberritzen.eus\\\/wp-content\\\/uploads\\\/2024\\\/12\\\/hands-820272_1280.jpg\",\"contentUrl\":\"https:\\\/\\\/iraurgiberritzen.eus\\\/wp-content\\\/uploads\\\/2024\\\/12\\\/hands-820272_1280.jpg\",\"width\":1280,\"height\":853},{\"@type\":\"BreadcrumbList\",\"@id\":\"https:\\\/\\\/iraurgiberritzen.eus\\\/es\\\/resultados-del-proceso-de-seleccion-para-al-puesto-de-personal-tecnico-en-comunicacion-y-marketing\\\/#breadcrumb\",\"itemListElement\":[{\"@type\":\"ListItem\",\"position\":1,\"name\":\"Home\",\"item\":\"https:\\\/\\\/iraurgiberritzen.eus\\\/es\\\/\"},{\"@type\":\"ListItem\",\"position\":2,\"name\":\"Resultados del proceso de selecci\u00f3n para el puesto de personal t\u00e9cnico en Comunicaci\u00f3n y Marketing\"}]},{\"@type\":\"WebSite\",\"@id\":\"https:\\\/\\\/iraurgiberritzen.eus\\\/es\\\/#website\",\"url\":\"https:\\\/\\\/iraurgiberritzen.eus\\\/es\\\/\",\"name\":\"Iraurgi Berritzen\",\"description\":\"Urola Erdiko Garapen Agentzia\",\"publisher\":{\"@id\":\"https:\\\/\\\/iraurgiberritzen.eus\\\/es\\\/#organization\"},\"potentialAction\":[{\"@type\":\"SearchAction\",\"target\":{\"@type\":\"EntryPoint\",\"urlTemplate\":\"https:\\\/\\\/iraurgiberritzen.eus\\\/es\\\/?s={search_term_string}\"},\"query-input\":{\"@type\":\"PropertyValueSpecification\",\"valueRequired\":true,\"valueName\":\"search_term_string\"}}],\"inLanguage\":\"es\"},{\"@type\":\"Organization\",\"@id\":\"https:\\\/\\\/iraurgiberritzen.eus\\\/es\\\/#organization\",\"name\":\"Iraurgi Berritzen\",\"url\":\"https:\\\/\\\/iraurgiberritzen.eus\\\/es\\\/\",\"logo\":{\"@type\":\"ImageObject\",\"inLanguage\":\"es\",\"@id\":\"https:\\\/\\\/iraurgiberritzen.eus\\\/es\\\/#\\\/schema\\\/logo\\\/image\\\/\",\"url\":\"https:\\\/\\\/iraurgiberritzen.eus\\\/wp-content\\\/uploads\\\/2024\\\/02\\\/IRAURGI-BERRITZEN-logotipoa_2.png\",\"contentUrl\":\"https:\\\/\\\/iraurgiberritzen.eus\\\/wp-content\\\/uploads\\\/2024\\\/02\\\/IRAURGI-BERRITZEN-logotipoa_2.png\",\"width\":496,\"height\":190,\"caption\":\"Iraurgi Berritzen\"},\"image\":{\"@id\":\"https:\\\/\\\/iraurgiberritzen.eus\\\/es\\\/#\\\/schema\\\/logo\\\/image\\\/\"}},{\"@type\":\"Person\",\"@id\":\"https:\\\/\\\/iraurgiberritzen.eus\\\/es\\\/#\\\/schema\\\/person\\\/a32c9825b3e2bfcbe757a97f6a15c8a5\",\"name\":\"ainara\"}]}<\/script>\n<!-- \/ Yoast SEO plugin. -->","yoast_head_json":{"title":"Resultados del proceso de selecci\u00f3n para el puesto de personal t\u00e9cnico en Comunicaci\u00f3n y Marketing - Iraurgi Berritzen","robots":{"index":"index","follow":"follow","max-snippet":"max-snippet:-1","max-image-preview":"max-image-preview:large","max-video-preview":"max-video-preview:-1"},"canonical":"https:\/\/iraurgiberritzen.eus\/es\/resultados-del-proceso-de-seleccion-para-al-puesto-de-personal-tecnico-en-comunicacion-y-marketing\/","og_locale":"es_ES","og_type":"article","og_title":"Resultados del proceso de selecci\u00f3n para el puesto de personal t\u00e9cnico en Comunicaci\u00f3n y Marketing - Iraurgi Berritzen","og_description":"Tras la prueba pr\u00e1ctica realizada en el proceso puesto en marcha por Iraurgi Berritzen para la contrataci\u00f3n de personal t\u00e9cnico de Comunicaci\u00f3n y Marketing por un periodo de seis meses, las puntuaciones obtenidas por las personas participantes en la prueba pr\u00e1ctica, as\u00ed como las obtenidas con m\u00e9ritos, se muestran en la siguiente tabla. Las entrevistas [&hellip;]","og_url":"https:\/\/iraurgiberritzen.eus\/es\/resultados-del-proceso-de-seleccion-para-al-puesto-de-personal-tecnico-en-comunicacion-y-marketing\/","og_site_name":"Iraurgi Berritzen","article_published_time":"2024-12-20T15:41:39+00:00","article_modified_time":"2024-12-20T15:44:38+00:00","og_image":[{"width":1280,"height":853,"url":"https:\/\/iraurgiberritzen.eus\/wp-content\/uploads\/2024\/12\/hands-820272_1280.jpg","type":"image\/jpeg"}],"author":"ainara","twitter_card":"summary_large_image","twitter_misc":{"Escrito por":"ainara","Tiempo de lectura":"1 minuto"},"schema":{"@context":"https:\/\/schema.org","@graph":[{"@type":"Article","@id":"https:\/\/iraurgiberritzen.eus\/es\/resultados-del-proceso-de-seleccion-para-al-puesto-de-personal-tecnico-en-comunicacion-y-marketing\/#article","isPartOf":{"@id":"https:\/\/iraurgiberritzen.eus\/es\/resultados-del-proceso-de-seleccion-para-al-puesto-de-personal-tecnico-en-comunicacion-y-marketing\/"},"author":{"name":"ainara","@id":"https:\/\/iraurgiberritzen.eus\/es\/#\/schema\/person\/a32c9825b3e2bfcbe757a97f6a15c8a5"},"headline":"Resultados del proceso de selecci\u00f3n para el puesto de personal t\u00e9cnico en Comunicaci\u00f3n y Marketing","datePublished":"2024-12-20T15:41:39+00:00","dateModified":"2024-12-20T15:44:38+00:00","mainEntityOfPage":{"@id":"https:\/\/iraurgiberritzen.eus\/es\/resultados-del-proceso-de-seleccion-para-al-puesto-de-personal-tecnico-en-comunicacion-y-marketing\/"},"wordCount":117,"publisher":{"@id":"https:\/\/iraurgiberritzen.eus\/es\/#organization"},"image":{"@id":"https:\/\/iraurgiberritzen.eus\/es\/resultados-del-proceso-de-seleccion-para-al-puesto-de-personal-tecnico-en-comunicacion-y-marketing\/#primaryimage"},"thumbnailUrl":"https:\/\/iraurgiberritzen.eus\/wp-content\/uploads\/2024\/12\/hands-820272_1280.jpg","articleSection":["Noticias"],"inLanguage":"es"},{"@type":"WebPage","@id":"https:\/\/iraurgiberritzen.eus\/es\/resultados-del-proceso-de-seleccion-para-al-puesto-de-personal-tecnico-en-comunicacion-y-marketing\/","url":"https:\/\/iraurgiberritzen.eus\/es\/resultados-del-proceso-de-seleccion-para-al-puesto-de-personal-tecnico-en-comunicacion-y-marketing\/","name":"Resultados del proceso de selecci\u00f3n para el puesto de personal t\u00e9cnico en Comunicaci\u00f3n y Marketing - Iraurgi Berritzen","isPartOf":{"@id":"https:\/\/iraurgiberritzen.eus\/es\/#website"},"primaryImageOfPage":{"@id":"https:\/\/iraurgiberritzen.eus\/es\/resultados-del-proceso-de-seleccion-para-al-puesto-de-personal-tecnico-en-comunicacion-y-marketing\/#primaryimage"},"image":{"@id":"https:\/\/iraurgiberritzen.eus\/es\/resultados-del-proceso-de-seleccion-para-al-puesto-de-personal-tecnico-en-comunicacion-y-marketing\/#primaryimage"},"thumbnailUrl":"https:\/\/iraurgiberritzen.eus\/wp-content\/uploads\/2024\/12\/hands-820272_1280.jpg","datePublished":"2024-12-20T15:41:39+00:00","dateModified":"2024-12-20T15:44:38+00:00","breadcrumb":{"@id":"https:\/\/iraurgiberritzen.eus\/es\/resultados-del-proceso-de-seleccion-para-al-puesto-de-personal-tecnico-en-comunicacion-y-marketing\/#breadcrumb"},"inLanguage":"es","potentialAction":[{"@type":"ReadAction","target":["https:\/\/iraurgiberritzen.eus\/es\/resultados-del-proceso-de-seleccion-para-al-puesto-de-personal-tecnico-en-comunicacion-y-marketing\/"]}]},{"@type":"ImageObject","inLanguage":"es","@id":"https:\/\/iraurgiberritzen.eus\/es\/resultados-del-proceso-de-seleccion-para-al-puesto-de-personal-tecnico-en-comunicacion-y-marketing\/#primaryimage","url":"https:\/\/iraurgiberritzen.eus\/wp-content\/uploads\/2024\/12\/hands-820272_1280.jpg","contentUrl":"https:\/\/iraurgiberritzen.eus\/wp-content\/uploads\/2024\/12\/hands-820272_1280.jpg","width":1280,"height":853},{"@type":"BreadcrumbList","@id":"https:\/\/iraurgiberritzen.eus\/es\/resultados-del-proceso-de-seleccion-para-al-puesto-de-personal-tecnico-en-comunicacion-y-marketing\/#breadcrumb","itemListElement":[{"@type":"ListItem","position":1,"name":"Home","item":"https:\/\/iraurgiberritzen.eus\/es\/"},{"@type":"ListItem","position":2,"name":"Resultados del proceso de selecci\u00f3n para el puesto de personal t\u00e9cnico en Comunicaci\u00f3n y Marketing"}]},{"@type":"WebSite","@id":"https:\/\/iraurgiberritzen.eus\/es\/#website","url":"https:\/\/iraurgiberritzen.eus\/es\/","name":"Iraurgi Berritzen","description":"Urola Erdiko Garapen Agentzia","publisher":{"@id":"https:\/\/iraurgiberritzen.eus\/es\/#organization"},"potentialAction":[{"@type":"SearchAction","target":{"@type":"EntryPoint","urlTemplate":"https:\/\/iraurgiberritzen.eus\/es\/?s={search_term_string}"},"query-input":{"@type":"PropertyValueSpecification","valueRequired":true,"valueName":"search_term_string"}}],"inLanguage":"es"},{"@type":"Organization","@id":"https:\/\/iraurgiberritzen.eus\/es\/#organization","name":"Iraurgi Berritzen","url":"https:\/\/iraurgiberritzen.eus\/es\/","logo":{"@type":"ImageObject","inLanguage":"es","@id":"https:\/\/iraurgiberritzen.eus\/es\/#\/schema\/logo\/image\/","url":"https:\/\/iraurgiberritzen.eus\/wp-content\/uploads\/2024\/02\/IRAURGI-BERRITZEN-logotipoa_2.png","contentUrl":"https:\/\/iraurgiberritzen.eus\/wp-content\/uploads\/2024\/02\/IRAURGI-BERRITZEN-logotipoa_2.png","width":496,"height":190,"caption":"Iraurgi Berritzen"},"image":{"@id":"https:\/\/iraurgiberritzen.eus\/es\/#\/schema\/logo\/image\/"}},{"@type":"Person","@id":"https:\/\/iraurgiberritzen.eus\/es\/#\/schema\/person\/a32c9825b3e2bfcbe757a97f6a15c8a5","name":"ainara"}]}},"_links":{"self":[{"href":"https:\/\/iraurgiberritzen.eus\/es\/wp-json\/wp\/v2\/posts\/22221","targetHints":{"allow":["GET"]}}],"collection":[{"href":"https:\/\/iraurgiberritzen.eus\/es\/wp-json\/wp\/v2\/posts"}],"about":[{"href":"https:\/\/iraurgiberritzen.eus\/es\/wp-json\/wp\/v2\/types\/post"}],"author":[{"embeddable":true,"href":"https:\/\/iraurgiberritzen.eus\/es\/wp-json\/wp\/v2\/users\/4"}],"replies":[{"embeddable":true,"href":"https:\/\/iraurgiberritzen.eus\/es\/wp-json\/wp\/v2\/comments?post=22221"}],"version-history":[{"count":4,"href":"https:\/\/iraurgiberritzen.eus\/es\/wp-json\/wp\/v2\/posts\/22221\/revisions"}],"predecessor-version":[{"id":22227,"href":"https:\/\/iraurgiberritzen.eus\/es\/wp-json\/wp\/v2\/posts\/22221\/revisions\/22227"}],"wp:featuredmedia":[{"embeddable":true,"href":"https:\/\/iraurgiberritzen.eus\/es\/wp-json\/wp\/v2\/media\/22132"}],"wp:attachment":[{"href":"https:\/\/iraurgiberritzen.eus\/es\/wp-json\/wp\/v2\/media?parent=22221"}],"wp:term":[{"taxonomy":"category","embeddable":true,"href":"https:\/\/iraurgiberritzen.eus\/es\/wp-json\/wp\/v2\/categories?post=22221"},{"taxonomy":"post_tag","embeddable":true,"href":"https:\/\/iraurgiberritzen.eus\/es\/wp-json\/wp\/v2\/tags?post=22221"}],"curies":[{"name":"wp","href":"https:\/\/api.w.org\/{rel}","templated":true}]}}