{"id":22252,"date":"2025-01-07T15:11:17","date_gmt":"2025-01-07T13:11:17","guid":{"rendered":"https:\/\/iraurgiberritzen.eus\/?p=22252"},"modified":"2025-01-14T09:38:29","modified_gmt":"2025-01-14T07:38:29","slug":"la-ayuda-para-la-contratacion-de-personas-jovenes-desempleadas-ya-esta-activa-programa-lehen-aukera","status":"publish","type":"post","link":"https:\/\/iraurgiberritzen.eus\/es\/la-ayuda-para-la-contratacion-de-personas-jovenes-desempleadas-ya-esta-activa-programa-lehen-aukera\/","title":{"rendered":"La ayuda para la contrataci\u00f3n de personas j\u00f3venes desempleadas ya est\u00e1 activa. Programa Lehen Aukera"},"content":{"rendered":"<h5><strong>El plazo para presentar solicitudes est\u00e1 abierto hasta el 31 de octubre de 2025.<\/strong><\/h5>\n<p>&nbsp;<\/p>\n<p>El objetivo del programa es la contrataci\u00f3n de personas j\u00f3venes, en situaci\u00f3n de desempleo y sin previa o con escasa experiencia laboral, en empleos relacionados con su titulaci\u00f3n, por las Empresas Vascas.<\/p>\n<p>Las personas a contratar a trav\u00e9s del programa deben cumplir los siguientes requisitos:<\/p>\n<ul>\n<li><strong>Ser mayor de 16 a\u00f1os y menor de 30 a\u00f1os.<\/strong><\/li>\n<li><strong>Residir en la Comunidad Aut\u00f3noma del Pa\u00eds Vasco. Estar inscrita como demandante de empleo en Lanbide.<\/strong><\/li>\n<li><strong>Estar en situaci\u00f3n de desempleo en el momento de la formalizaci\u00f3n del contrato.<\/strong><\/li>\n<li><strong>Estar en posesi\u00f3n de algunas de las titulaciones siguientes:<\/strong>\n<ul>\n<li>Licenciatura, Ingenier\u00eda, Arquitectura, M\u00e1ster &#8211; Plan Bolonia, Diplomatura Universitaria, Ingenier\u00eda T\u00e9cnica, Arquitectura T\u00e9cnica y Grado Universitario \u2013 Plan Bolonia.<\/li>\n<li>Ciclos superiores o medios de Formaci\u00f3n Profesional<\/li>\n<li>Certificados de profesionalidad.<\/li>\n<\/ul>\n<\/li>\n<li><strong>Tener una experiencia laboral m\u00e1xima de 6 meses en empleos relacionados con su titulaci\u00f3n.<\/strong><\/li>\n<li><strong>Estar inscrito en el Sistema de Garant\u00eda Juvenil.<\/strong><\/li>\n<\/ul>\n<p>Desde Iraurgi Berritzen ofrecemos apoyo para difundir y gestionar las ofertas, as\u00ed como para preparar la documentaci\u00f3n necesaria para la solicitud.<\/p>\n<p>Para m\u00e1s informaci\u00f3n o asistencia, llama al <strong>688 873 589<\/strong> y pregunta por <strong>Sandra<\/strong>.<\/p>\n<p>Consulta el siguiente <strong><a href=\"https:\/\/www.lanbide.euskadi.eus\/ayuda_subvencion\/2025\/lak-2025\/weblan00-content\/es\/\" target=\"_blank\" rel=\"noopener\">enlace<\/a><\/strong> para obtener m\u00e1s detalles del programa.<\/p>\n","protected":false},"excerpt":{"rendered":"<p>El plazo para presentar solicitudes est\u00e1 abierto hasta el 31 de octubre de 2025. &nbsp; El objetivo del programa es la contrataci\u00f3n de personas j\u00f3venes, en situaci\u00f3n de desempleo y sin previa o con escasa experiencia laboral, en empleos relacionados con su titulaci\u00f3n, por las Empresas Vascas. Las personas a contratar a trav\u00e9s del programa [&hellip;]<\/p>\n","protected":false},"author":4,"featured_media":22248,"comment_status":"closed","ping_status":"closed","sticky":false,"template":"","format":"standard","meta":{"_acf_changed":false,"footnotes":""},"categories":[4],"tags":[],"class_list":["post-22252","post","type-post","status-publish","format-standard","has-post-thumbnail","hentry","category-noticias","arloak-empleo"],"acf":[],"yoast_head":"<!-- This site is optimized with the Yoast SEO plugin v27.4 - https:\/\/yoast.com\/product\/yoast-seo-wordpress\/ -->\n<title>La ayuda para la contrataci\u00f3n de personas j\u00f3venes desempleadas ya est\u00e1 activa. Programa Lehen Aukera - Iraurgi Berritzen<\/title>\n<meta name=\"robots\" content=\"index, follow, max-snippet:-1, max-image-preview:large, max-video-preview:-1\" \/>\n<link rel=\"canonical\" href=\"https:\/\/iraurgiberritzen.eus\/es\/la-ayuda-para-la-contratacion-de-personas-jovenes-desempleadas-ya-esta-activa-programa-lehen-aukera\/\" \/>\n<meta property=\"og:locale\" content=\"es_ES\" \/>\n<meta property=\"og:type\" content=\"article\" \/>\n<meta property=\"og:title\" content=\"La ayuda para la contrataci\u00f3n de personas j\u00f3venes desempleadas ya est\u00e1 activa. Programa Lehen Aukera - Iraurgi Berritzen\" \/>\n<meta property=\"og:description\" content=\"El plazo para presentar solicitudes est\u00e1 abierto hasta el 31 de octubre de 2025. &nbsp; El objetivo del programa es la contrataci\u00f3n de personas j\u00f3venes, en situaci\u00f3n de desempleo y sin previa o con escasa experiencia laboral, en empleos relacionados con su titulaci\u00f3n, por las Empresas Vascas. Las personas a contratar a trav\u00e9s del programa [&hellip;]\" \/>\n<meta property=\"og:url\" content=\"https:\/\/iraurgiberritzen.eus\/es\/la-ayuda-para-la-contratacion-de-personas-jovenes-desempleadas-ya-esta-activa-programa-lehen-aukera\/\" \/>\n<meta property=\"og:site_name\" content=\"Iraurgi Berritzen\" \/>\n<meta property=\"article:published_time\" content=\"2025-01-07T13:11:17+00:00\" \/>\n<meta property=\"article:modified_time\" content=\"2025-01-14T07:38:29+00:00\" \/>\n<meta property=\"og:image\" content=\"https:\/\/iraurgiberritzen.eus\/wp-content\/uploads\/2025\/01\/Lehen-Aukera_ES.png\" \/>\n\t<meta property=\"og:image:width\" content=\"1226\" \/>\n\t<meta property=\"og:image:height\" content=\"540\" \/>\n\t<meta property=\"og:image:type\" content=\"image\/png\" \/>\n<meta name=\"author\" content=\"ainara\" \/>\n<meta name=\"twitter:card\" content=\"summary_large_image\" \/>\n<meta name=\"twitter:label1\" content=\"Escrito por\" \/>\n\t<meta name=\"twitter:data1\" content=\"ainara\" \/>\n\t<meta name=\"twitter:label2\" content=\"Tiempo de lectura\" \/>\n\t<meta name=\"twitter:data2\" content=\"2 minutos\" \/>\n<script type=\"application\/ld+json\" class=\"yoast-schema-graph\">{\"@context\":\"https:\\\/\\\/schema.org\",\"@graph\":[{\"@type\":\"Article\",\"@id\":\"https:\\\/\\\/iraurgiberritzen.eus\\\/es\\\/la-ayuda-para-la-contratacion-de-personas-jovenes-desempleadas-ya-esta-activa-programa-lehen-aukera\\\/#article\",\"isPartOf\":{\"@id\":\"https:\\\/\\\/iraurgiberritzen.eus\\\/es\\\/la-ayuda-para-la-contratacion-de-personas-jovenes-desempleadas-ya-esta-activa-programa-lehen-aukera\\\/\"},\"author\":{\"name\":\"ainara\",\"@id\":\"https:\\\/\\\/iraurgiberritzen.eus\\\/es\\\/#\\\/schema\\\/person\\\/a32c9825b3e2bfcbe757a97f6a15c8a5\"},\"headline\":\"La ayuda para la contrataci\u00f3n de personas j\u00f3venes desempleadas ya est\u00e1 activa. Programa Lehen Aukera\",\"datePublished\":\"2025-01-07T13:11:17+00:00\",\"dateModified\":\"2025-01-14T07:38:29+00:00\",\"mainEntityOfPage\":{\"@id\":\"https:\\\/\\\/iraurgiberritzen.eus\\\/es\\\/la-ayuda-para-la-contratacion-de-personas-jovenes-desempleadas-ya-esta-activa-programa-lehen-aukera\\\/\"},\"wordCount\":237,\"publisher\":{\"@id\":\"https:\\\/\\\/iraurgiberritzen.eus\\\/es\\\/#organization\"},\"image\":{\"@id\":\"https:\\\/\\\/iraurgiberritzen.eus\\\/es\\\/la-ayuda-para-la-contratacion-de-personas-jovenes-desempleadas-ya-esta-activa-programa-lehen-aukera\\\/#primaryimage\"},\"thumbnailUrl\":\"https:\\\/\\\/iraurgiberritzen.eus\\\/wp-content\\\/uploads\\\/2025\\\/01\\\/Lehen-Aukera_ES.png\",\"articleSection\":[\"Noticias\"],\"inLanguage\":\"es\"},{\"@type\":\"WebPage\",\"@id\":\"https:\\\/\\\/iraurgiberritzen.eus\\\/es\\\/la-ayuda-para-la-contratacion-de-personas-jovenes-desempleadas-ya-esta-activa-programa-lehen-aukera\\\/\",\"url\":\"https:\\\/\\\/iraurgiberritzen.eus\\\/es\\\/la-ayuda-para-la-contratacion-de-personas-jovenes-desempleadas-ya-esta-activa-programa-lehen-aukera\\\/\",\"name\":\"La ayuda para la contrataci\u00f3n de personas j\u00f3venes desempleadas ya est\u00e1 activa. Programa Lehen Aukera - Iraurgi Berritzen\",\"isPartOf\":{\"@id\":\"https:\\\/\\\/iraurgiberritzen.eus\\\/es\\\/#website\"},\"primaryImageOfPage\":{\"@id\":\"https:\\\/\\\/iraurgiberritzen.eus\\\/es\\\/la-ayuda-para-la-contratacion-de-personas-jovenes-desempleadas-ya-esta-activa-programa-lehen-aukera\\\/#primaryimage\"},\"image\":{\"@id\":\"https:\\\/\\\/iraurgiberritzen.eus\\\/es\\\/la-ayuda-para-la-contratacion-de-personas-jovenes-desempleadas-ya-esta-activa-programa-lehen-aukera\\\/#primaryimage\"},\"thumbnailUrl\":\"https:\\\/\\\/iraurgiberritzen.eus\\\/wp-content\\\/uploads\\\/2025\\\/01\\\/Lehen-Aukera_ES.png\",\"datePublished\":\"2025-01-07T13:11:17+00:00\",\"dateModified\":\"2025-01-14T07:38:29+00:00\",\"breadcrumb\":{\"@id\":\"https:\\\/\\\/iraurgiberritzen.eus\\\/es\\\/la-ayuda-para-la-contratacion-de-personas-jovenes-desempleadas-ya-esta-activa-programa-lehen-aukera\\\/#breadcrumb\"},\"inLanguage\":\"es\",\"potentialAction\":[{\"@type\":\"ReadAction\",\"target\":[\"https:\\\/\\\/iraurgiberritzen.eus\\\/es\\\/la-ayuda-para-la-contratacion-de-personas-jovenes-desempleadas-ya-esta-activa-programa-lehen-aukera\\\/\"]}]},{\"@type\":\"ImageObject\",\"inLanguage\":\"es\",\"@id\":\"https:\\\/\\\/iraurgiberritzen.eus\\\/es\\\/la-ayuda-para-la-contratacion-de-personas-jovenes-desempleadas-ya-esta-activa-programa-lehen-aukera\\\/#primaryimage\",\"url\":\"https:\\\/\\\/iraurgiberritzen.eus\\\/wp-content\\\/uploads\\\/2025\\\/01\\\/Lehen-Aukera_ES.png\",\"contentUrl\":\"https:\\\/\\\/iraurgiberritzen.eus\\\/wp-content\\\/uploads\\\/2025\\\/01\\\/Lehen-Aukera_ES.png\",\"width\":1226,\"height\":540},{\"@type\":\"BreadcrumbList\",\"@id\":\"https:\\\/\\\/iraurgiberritzen.eus\\\/es\\\/la-ayuda-para-la-contratacion-de-personas-jovenes-desempleadas-ya-esta-activa-programa-lehen-aukera\\\/#breadcrumb\",\"itemListElement\":[{\"@type\":\"ListItem\",\"position\":1,\"name\":\"Home\",\"item\":\"https:\\\/\\\/iraurgiberritzen.eus\\\/es\\\/\"},{\"@type\":\"ListItem\",\"position\":2,\"name\":\"La ayuda para la contrataci\u00f3n de personas j\u00f3venes desempleadas ya est\u00e1 activa. Programa Lehen Aukera\"}]},{\"@type\":\"WebSite\",\"@id\":\"https:\\\/\\\/iraurgiberritzen.eus\\\/es\\\/#website\",\"url\":\"https:\\\/\\\/iraurgiberritzen.eus\\\/es\\\/\",\"name\":\"Iraurgi Berritzen\",\"description\":\"Urola Erdiko Garapen Agentzia\",\"publisher\":{\"@id\":\"https:\\\/\\\/iraurgiberritzen.eus\\\/es\\\/#organization\"},\"potentialAction\":[{\"@type\":\"SearchAction\",\"target\":{\"@type\":\"EntryPoint\",\"urlTemplate\":\"https:\\\/\\\/iraurgiberritzen.eus\\\/es\\\/?s={search_term_string}\"},\"query-input\":{\"@type\":\"PropertyValueSpecification\",\"valueRequired\":true,\"valueName\":\"search_term_string\"}}],\"inLanguage\":\"es\"},{\"@type\":\"Organization\",\"@id\":\"https:\\\/\\\/iraurgiberritzen.eus\\\/es\\\/#organization\",\"name\":\"Iraurgi Berritzen\",\"url\":\"https:\\\/\\\/iraurgiberritzen.eus\\\/es\\\/\",\"logo\":{\"@type\":\"ImageObject\",\"inLanguage\":\"es\",\"@id\":\"https:\\\/\\\/iraurgiberritzen.eus\\\/es\\\/#\\\/schema\\\/logo\\\/image\\\/\",\"url\":\"https:\\\/\\\/iraurgiberritzen.eus\\\/wp-content\\\/uploads\\\/2024\\\/02\\\/IRAURGI-BERRITZEN-logotipoa_2.png\",\"contentUrl\":\"https:\\\/\\\/iraurgiberritzen.eus\\\/wp-content\\\/uploads\\\/2024\\\/02\\\/IRAURGI-BERRITZEN-logotipoa_2.png\",\"width\":496,\"height\":190,\"caption\":\"Iraurgi Berritzen\"},\"image\":{\"@id\":\"https:\\\/\\\/iraurgiberritzen.eus\\\/es\\\/#\\\/schema\\\/logo\\\/image\\\/\"}},{\"@type\":\"Person\",\"@id\":\"https:\\\/\\\/iraurgiberritzen.eus\\\/es\\\/#\\\/schema\\\/person\\\/a32c9825b3e2bfcbe757a97f6a15c8a5\",\"name\":\"ainara\"}]}<\/script>\n<!-- \/ Yoast SEO plugin. -->","yoast_head_json":{"title":"La ayuda para la contrataci\u00f3n de personas j\u00f3venes desempleadas ya est\u00e1 activa. Programa Lehen Aukera - Iraurgi Berritzen","robots":{"index":"index","follow":"follow","max-snippet":"max-snippet:-1","max-image-preview":"max-image-preview:large","max-video-preview":"max-video-preview:-1"},"canonical":"https:\/\/iraurgiberritzen.eus\/es\/la-ayuda-para-la-contratacion-de-personas-jovenes-desempleadas-ya-esta-activa-programa-lehen-aukera\/","og_locale":"es_ES","og_type":"article","og_title":"La ayuda para la contrataci\u00f3n de personas j\u00f3venes desempleadas ya est\u00e1 activa. Programa Lehen Aukera - Iraurgi Berritzen","og_description":"El plazo para presentar solicitudes est\u00e1 abierto hasta el 31 de octubre de 2025. &nbsp; El objetivo del programa es la contrataci\u00f3n de personas j\u00f3venes, en situaci\u00f3n de desempleo y sin previa o con escasa experiencia laboral, en empleos relacionados con su titulaci\u00f3n, por las Empresas Vascas. Las personas a contratar a trav\u00e9s del programa [&hellip;]","og_url":"https:\/\/iraurgiberritzen.eus\/es\/la-ayuda-para-la-contratacion-de-personas-jovenes-desempleadas-ya-esta-activa-programa-lehen-aukera\/","og_site_name":"Iraurgi Berritzen","article_published_time":"2025-01-07T13:11:17+00:00","article_modified_time":"2025-01-14T07:38:29+00:00","og_image":[{"width":1226,"height":540,"url":"https:\/\/iraurgiberritzen.eus\/wp-content\/uploads\/2025\/01\/Lehen-Aukera_ES.png","type":"image\/png"}],"author":"ainara","twitter_card":"summary_large_image","twitter_misc":{"Escrito por":"ainara","Tiempo de lectura":"2 minutos"},"schema":{"@context":"https:\/\/schema.org","@graph":[{"@type":"Article","@id":"https:\/\/iraurgiberritzen.eus\/es\/la-ayuda-para-la-contratacion-de-personas-jovenes-desempleadas-ya-esta-activa-programa-lehen-aukera\/#article","isPartOf":{"@id":"https:\/\/iraurgiberritzen.eus\/es\/la-ayuda-para-la-contratacion-de-personas-jovenes-desempleadas-ya-esta-activa-programa-lehen-aukera\/"},"author":{"name":"ainara","@id":"https:\/\/iraurgiberritzen.eus\/es\/#\/schema\/person\/a32c9825b3e2bfcbe757a97f6a15c8a5"},"headline":"La ayuda para la contrataci\u00f3n de personas j\u00f3venes desempleadas ya est\u00e1 activa. Programa Lehen Aukera","datePublished":"2025-01-07T13:11:17+00:00","dateModified":"2025-01-14T07:38:29+00:00","mainEntityOfPage":{"@id":"https:\/\/iraurgiberritzen.eus\/es\/la-ayuda-para-la-contratacion-de-personas-jovenes-desempleadas-ya-esta-activa-programa-lehen-aukera\/"},"wordCount":237,"publisher":{"@id":"https:\/\/iraurgiberritzen.eus\/es\/#organization"},"image":{"@id":"https:\/\/iraurgiberritzen.eus\/es\/la-ayuda-para-la-contratacion-de-personas-jovenes-desempleadas-ya-esta-activa-programa-lehen-aukera\/#primaryimage"},"thumbnailUrl":"https:\/\/iraurgiberritzen.eus\/wp-content\/uploads\/2025\/01\/Lehen-Aukera_ES.png","articleSection":["Noticias"],"inLanguage":"es"},{"@type":"WebPage","@id":"https:\/\/iraurgiberritzen.eus\/es\/la-ayuda-para-la-contratacion-de-personas-jovenes-desempleadas-ya-esta-activa-programa-lehen-aukera\/","url":"https:\/\/iraurgiberritzen.eus\/es\/la-ayuda-para-la-contratacion-de-personas-jovenes-desempleadas-ya-esta-activa-programa-lehen-aukera\/","name":"La ayuda para la contrataci\u00f3n de personas j\u00f3venes desempleadas ya est\u00e1 activa. Programa Lehen Aukera - Iraurgi Berritzen","isPartOf":{"@id":"https:\/\/iraurgiberritzen.eus\/es\/#website"},"primaryImageOfPage":{"@id":"https:\/\/iraurgiberritzen.eus\/es\/la-ayuda-para-la-contratacion-de-personas-jovenes-desempleadas-ya-esta-activa-programa-lehen-aukera\/#primaryimage"},"image":{"@id":"https:\/\/iraurgiberritzen.eus\/es\/la-ayuda-para-la-contratacion-de-personas-jovenes-desempleadas-ya-esta-activa-programa-lehen-aukera\/#primaryimage"},"thumbnailUrl":"https:\/\/iraurgiberritzen.eus\/wp-content\/uploads\/2025\/01\/Lehen-Aukera_ES.png","datePublished":"2025-01-07T13:11:17+00:00","dateModified":"2025-01-14T07:38:29+00:00","breadcrumb":{"@id":"https:\/\/iraurgiberritzen.eus\/es\/la-ayuda-para-la-contratacion-de-personas-jovenes-desempleadas-ya-esta-activa-programa-lehen-aukera\/#breadcrumb"},"inLanguage":"es","potentialAction":[{"@type":"ReadAction","target":["https:\/\/iraurgiberritzen.eus\/es\/la-ayuda-para-la-contratacion-de-personas-jovenes-desempleadas-ya-esta-activa-programa-lehen-aukera\/"]}]},{"@type":"ImageObject","inLanguage":"es","@id":"https:\/\/iraurgiberritzen.eus\/es\/la-ayuda-para-la-contratacion-de-personas-jovenes-desempleadas-ya-esta-activa-programa-lehen-aukera\/#primaryimage","url":"https:\/\/iraurgiberritzen.eus\/wp-content\/uploads\/2025\/01\/Lehen-Aukera_ES.png","contentUrl":"https:\/\/iraurgiberritzen.eus\/wp-content\/uploads\/2025\/01\/Lehen-Aukera_ES.png","width":1226,"height":540},{"@type":"BreadcrumbList","@id":"https:\/\/iraurgiberritzen.eus\/es\/la-ayuda-para-la-contratacion-de-personas-jovenes-desempleadas-ya-esta-activa-programa-lehen-aukera\/#breadcrumb","itemListElement":[{"@type":"ListItem","position":1,"name":"Home","item":"https:\/\/iraurgiberritzen.eus\/es\/"},{"@type":"ListItem","position":2,"name":"La ayuda para la contrataci\u00f3n de personas j\u00f3venes desempleadas ya est\u00e1 activa. Programa Lehen Aukera"}]},{"@type":"WebSite","@id":"https:\/\/iraurgiberritzen.eus\/es\/#website","url":"https:\/\/iraurgiberritzen.eus\/es\/","name":"Iraurgi Berritzen","description":"Urola Erdiko Garapen Agentzia","publisher":{"@id":"https:\/\/iraurgiberritzen.eus\/es\/#organization"},"potentialAction":[{"@type":"SearchAction","target":{"@type":"EntryPoint","urlTemplate":"https:\/\/iraurgiberritzen.eus\/es\/?s={search_term_string}"},"query-input":{"@type":"PropertyValueSpecification","valueRequired":true,"valueName":"search_term_string"}}],"inLanguage":"es"},{"@type":"Organization","@id":"https:\/\/iraurgiberritzen.eus\/es\/#organization","name":"Iraurgi Berritzen","url":"https:\/\/iraurgiberritzen.eus\/es\/","logo":{"@type":"ImageObject","inLanguage":"es","@id":"https:\/\/iraurgiberritzen.eus\/es\/#\/schema\/logo\/image\/","url":"https:\/\/iraurgiberritzen.eus\/wp-content\/uploads\/2024\/02\/IRAURGI-BERRITZEN-logotipoa_2.png","contentUrl":"https:\/\/iraurgiberritzen.eus\/wp-content\/uploads\/2024\/02\/IRAURGI-BERRITZEN-logotipoa_2.png","width":496,"height":190,"caption":"Iraurgi Berritzen"},"image":{"@id":"https:\/\/iraurgiberritzen.eus\/es\/#\/schema\/logo\/image\/"}},{"@type":"Person","@id":"https:\/\/iraurgiberritzen.eus\/es\/#\/schema\/person\/a32c9825b3e2bfcbe757a97f6a15c8a5","name":"ainara"}]}},"_links":{"self":[{"href":"https:\/\/iraurgiberritzen.eus\/es\/wp-json\/wp\/v2\/posts\/22252","targetHints":{"allow":["GET"]}}],"collection":[{"href":"https:\/\/iraurgiberritzen.eus\/es\/wp-json\/wp\/v2\/posts"}],"about":[{"href":"https:\/\/iraurgiberritzen.eus\/es\/wp-json\/wp\/v2\/types\/post"}],"author":[{"embeddable":true,"href":"https:\/\/iraurgiberritzen.eus\/es\/wp-json\/wp\/v2\/users\/4"}],"replies":[{"embeddable":true,"href":"https:\/\/iraurgiberritzen.eus\/es\/wp-json\/wp\/v2\/comments?post=22252"}],"version-history":[{"count":5,"href":"https:\/\/iraurgiberritzen.eus\/es\/wp-json\/wp\/v2\/posts\/22252\/revisions"}],"predecessor-version":[{"id":22335,"href":"https:\/\/iraurgiberritzen.eus\/es\/wp-json\/wp\/v2\/posts\/22252\/revisions\/22335"}],"wp:featuredmedia":[{"embeddable":true,"href":"https:\/\/iraurgiberritzen.eus\/es\/wp-json\/wp\/v2\/media\/22248"}],"wp:attachment":[{"href":"https:\/\/iraurgiberritzen.eus\/es\/wp-json\/wp\/v2\/media?parent=22252"}],"wp:term":[{"taxonomy":"category","embeddable":true,"href":"https:\/\/iraurgiberritzen.eus\/es\/wp-json\/wp\/v2\/categories?post=22252"},{"taxonomy":"post_tag","embeddable":true,"href":"https:\/\/iraurgiberritzen.eus\/es\/wp-json\/wp\/v2\/tags?post=22252"}],"curies":[{"name":"wp","href":"https:\/\/api.w.org\/{rel}","templated":true}]}}