{"id":22307,"date":"2025-01-13T13:02:46","date_gmt":"2025-01-13T11:02:46","guid":{"rendered":"https:\/\/iraurgiberritzen.eus\/?p=22307"},"modified":"2025-01-13T13:09:53","modified_gmt":"2025-01-13T11:09:53","slug":"urola-erdiko-turismo-gunea-se-reune-en-el-ayuntamiento-de-zestoa","status":"publish","type":"post","link":"https:\/\/iraurgiberritzen.eus\/es\/urola-erdiko-turismo-gunea-se-reune-en-el-ayuntamiento-de-zestoa\/","title":{"rendered":"Urola Erdiko Turismo Gunea se re\u00fane en el Ayuntamiento de Zestoa"},"content":{"rendered":"<p><span data-contrast=\"auto\">Urola Erdiko Turismo Gunea est\u00e1 compuesto por agentes, ayuntamientos e instituciones p\u00fablicas (Diputaci\u00f3n Foral de Gipuzkoa y Gobierno Vasco de la mano de Basquetour).<\/span><span data-ccp-props=\"{}\">\u00a0<\/span><\/p>\n<p><span data-contrast=\"auto\">El 9 de enero se llev\u00f3 a cabo la primera reuni\u00f3n del a\u00f1o en el Ayuntamiento de Zestoa. El tema principal de la reuni\u00f3n fue la presentaci\u00f3n del Plan de Gesti\u00f3n Tur\u00edstica 2025. Este plan deriva del Plan de Turismo (proyecto estrat\u00e9gico de la comarca) y ha sido dise\u00f1ado con el objetivo de dar respuesta a los retos y objetivos definidos en el mismo.<\/span><span data-ccp-props=\"{}\">\u00a0<\/span><\/p>\n<p><span data-contrast=\"auto\">Con las aportaciones a este plan para 2025, se ha fijado la pr\u00f3xima cita de Turismo Gunea para el mes de julio.\u00a0<\/span><span data-ccp-props=\"{}\">\u00a0<\/span><\/p>\n","protected":false},"excerpt":{"rendered":"<p>Urola Erdiko Turismo Gunea est\u00e1 compuesto por agentes, ayuntamientos e instituciones p\u00fablicas (Diputaci\u00f3n Foral de Gipuzkoa y Gobierno Vasco de la mano de Basquetour).\u00a0 El 9 de enero se llev\u00f3 a cabo la primera reuni\u00f3n del a\u00f1o en el Ayuntamiento de Zestoa. El tema principal de la reuni\u00f3n fue la presentaci\u00f3n del Plan de Gesti\u00f3n [&hellip;]<\/p>\n","protected":false},"author":4,"featured_media":22303,"comment_status":"closed","ping_status":"closed","sticky":false,"template":"","format":"standard","meta":{"_acf_changed":false,"footnotes":""},"categories":[4],"tags":[],"class_list":["post-22307","post","type-post","status-publish","format-standard","has-post-thumbnail","hentry","category-noticias","arloak-turismo"],"acf":[],"yoast_head":"<!-- This site is optimized with the Yoast SEO plugin v27.4 - https:\/\/yoast.com\/product\/yoast-seo-wordpress\/ -->\n<title>Urola Erdiko Turismo Gunea se re\u00fane en el Ayuntamiento de Zestoa - Iraurgi Berritzen<\/title>\n<meta name=\"robots\" content=\"index, follow, max-snippet:-1, max-image-preview:large, max-video-preview:-1\" \/>\n<link rel=\"canonical\" href=\"https:\/\/iraurgiberritzen.eus\/es\/urola-erdiko-turismo-gunea-se-reune-en-el-ayuntamiento-de-zestoa\/\" \/>\n<meta property=\"og:locale\" content=\"es_ES\" \/>\n<meta property=\"og:type\" content=\"article\" \/>\n<meta property=\"og:title\" content=\"Urola Erdiko Turismo Gunea se re\u00fane en el Ayuntamiento de Zestoa - Iraurgi Berritzen\" \/>\n<meta property=\"og:description\" content=\"Urola Erdiko Turismo Gunea est\u00e1 compuesto por agentes, ayuntamientos e instituciones p\u00fablicas (Diputaci\u00f3n Foral de Gipuzkoa y Gobierno Vasco de la mano de Basquetour).\u00a0 El 9 de enero se llev\u00f3 a cabo la primera reuni\u00f3n del a\u00f1o en el Ayuntamiento de Zestoa. El tema principal de la reuni\u00f3n fue la presentaci\u00f3n del Plan de Gesti\u00f3n [&hellip;]\" \/>\n<meta property=\"og:url\" content=\"https:\/\/iraurgiberritzen.eus\/es\/urola-erdiko-turismo-gunea-se-reune-en-el-ayuntamiento-de-zestoa\/\" \/>\n<meta property=\"og:site_name\" content=\"Iraurgi Berritzen\" \/>\n<meta property=\"article:published_time\" content=\"2025-01-13T11:02:46+00:00\" \/>\n<meta property=\"article:modified_time\" content=\"2025-01-13T11:09:53+00:00\" \/>\n<meta property=\"og:image\" content=\"https:\/\/iraurgiberritzen.eus\/wp-content\/uploads\/2025\/01\/IMG_7318-scaled.jpg\" \/>\n\t<meta property=\"og:image:width\" content=\"2560\" \/>\n\t<meta property=\"og:image:height\" content=\"1920\" \/>\n\t<meta property=\"og:image:type\" content=\"image\/jpeg\" \/>\n<meta name=\"author\" content=\"ainara\" \/>\n<meta name=\"twitter:card\" content=\"summary_large_image\" \/>\n<meta name=\"twitter:label1\" content=\"Escrito por\" \/>\n\t<meta name=\"twitter:data1\" content=\"ainara\" \/>\n\t<meta name=\"twitter:label2\" content=\"Tiempo de lectura\" \/>\n\t<meta name=\"twitter:data2\" content=\"1 minuto\" \/>\n<script type=\"application\/ld+json\" class=\"yoast-schema-graph\">{\"@context\":\"https:\\\/\\\/schema.org\",\"@graph\":[{\"@type\":\"Article\",\"@id\":\"https:\\\/\\\/iraurgiberritzen.eus\\\/es\\\/urola-erdiko-turismo-gunea-se-reune-en-el-ayuntamiento-de-zestoa\\\/#article\",\"isPartOf\":{\"@id\":\"https:\\\/\\\/iraurgiberritzen.eus\\\/es\\\/urola-erdiko-turismo-gunea-se-reune-en-el-ayuntamiento-de-zestoa\\\/\"},\"author\":{\"name\":\"ainara\",\"@id\":\"https:\\\/\\\/iraurgiberritzen.eus\\\/es\\\/#\\\/schema\\\/person\\\/a32c9825b3e2bfcbe757a97f6a15c8a5\"},\"headline\":\"Urola Erdiko Turismo Gunea se re\u00fane en el Ayuntamiento de Zestoa\",\"datePublished\":\"2025-01-13T11:02:46+00:00\",\"dateModified\":\"2025-01-13T11:09:53+00:00\",\"mainEntityOfPage\":{\"@id\":\"https:\\\/\\\/iraurgiberritzen.eus\\\/es\\\/urola-erdiko-turismo-gunea-se-reune-en-el-ayuntamiento-de-zestoa\\\/\"},\"wordCount\":130,\"publisher\":{\"@id\":\"https:\\\/\\\/iraurgiberritzen.eus\\\/es\\\/#organization\"},\"image\":{\"@id\":\"https:\\\/\\\/iraurgiberritzen.eus\\\/es\\\/urola-erdiko-turismo-gunea-se-reune-en-el-ayuntamiento-de-zestoa\\\/#primaryimage\"},\"thumbnailUrl\":\"https:\\\/\\\/iraurgiberritzen.eus\\\/wp-content\\\/uploads\\\/2025\\\/01\\\/IMG_7318-scaled.jpg\",\"articleSection\":[\"Noticias\"],\"inLanguage\":\"es\"},{\"@type\":\"WebPage\",\"@id\":\"https:\\\/\\\/iraurgiberritzen.eus\\\/es\\\/urola-erdiko-turismo-gunea-se-reune-en-el-ayuntamiento-de-zestoa\\\/\",\"url\":\"https:\\\/\\\/iraurgiberritzen.eus\\\/es\\\/urola-erdiko-turismo-gunea-se-reune-en-el-ayuntamiento-de-zestoa\\\/\",\"name\":\"Urola Erdiko Turismo Gunea se re\u00fane en el Ayuntamiento de Zestoa - Iraurgi Berritzen\",\"isPartOf\":{\"@id\":\"https:\\\/\\\/iraurgiberritzen.eus\\\/es\\\/#website\"},\"primaryImageOfPage\":{\"@id\":\"https:\\\/\\\/iraurgiberritzen.eus\\\/es\\\/urola-erdiko-turismo-gunea-se-reune-en-el-ayuntamiento-de-zestoa\\\/#primaryimage\"},\"image\":{\"@id\":\"https:\\\/\\\/iraurgiberritzen.eus\\\/es\\\/urola-erdiko-turismo-gunea-se-reune-en-el-ayuntamiento-de-zestoa\\\/#primaryimage\"},\"thumbnailUrl\":\"https:\\\/\\\/iraurgiberritzen.eus\\\/wp-content\\\/uploads\\\/2025\\\/01\\\/IMG_7318-scaled.jpg\",\"datePublished\":\"2025-01-13T11:02:46+00:00\",\"dateModified\":\"2025-01-13T11:09:53+00:00\",\"breadcrumb\":{\"@id\":\"https:\\\/\\\/iraurgiberritzen.eus\\\/es\\\/urola-erdiko-turismo-gunea-se-reune-en-el-ayuntamiento-de-zestoa\\\/#breadcrumb\"},\"inLanguage\":\"es\",\"potentialAction\":[{\"@type\":\"ReadAction\",\"target\":[\"https:\\\/\\\/iraurgiberritzen.eus\\\/es\\\/urola-erdiko-turismo-gunea-se-reune-en-el-ayuntamiento-de-zestoa\\\/\"]}]},{\"@type\":\"ImageObject\",\"inLanguage\":\"es\",\"@id\":\"https:\\\/\\\/iraurgiberritzen.eus\\\/es\\\/urola-erdiko-turismo-gunea-se-reune-en-el-ayuntamiento-de-zestoa\\\/#primaryimage\",\"url\":\"https:\\\/\\\/iraurgiberritzen.eus\\\/wp-content\\\/uploads\\\/2025\\\/01\\\/IMG_7318-scaled.jpg\",\"contentUrl\":\"https:\\\/\\\/iraurgiberritzen.eus\\\/wp-content\\\/uploads\\\/2025\\\/01\\\/IMG_7318-scaled.jpg\",\"width\":2560,\"height\":1920},{\"@type\":\"BreadcrumbList\",\"@id\":\"https:\\\/\\\/iraurgiberritzen.eus\\\/es\\\/urola-erdiko-turismo-gunea-se-reune-en-el-ayuntamiento-de-zestoa\\\/#breadcrumb\",\"itemListElement\":[{\"@type\":\"ListItem\",\"position\":1,\"name\":\"Home\",\"item\":\"https:\\\/\\\/iraurgiberritzen.eus\\\/es\\\/\"},{\"@type\":\"ListItem\",\"position\":2,\"name\":\"Urola Erdiko Turismo Gunea se re\u00fane en el Ayuntamiento de Zestoa\"}]},{\"@type\":\"WebSite\",\"@id\":\"https:\\\/\\\/iraurgiberritzen.eus\\\/es\\\/#website\",\"url\":\"https:\\\/\\\/iraurgiberritzen.eus\\\/es\\\/\",\"name\":\"Iraurgi Berritzen\",\"description\":\"Urola Erdiko Garapen Agentzia\",\"publisher\":{\"@id\":\"https:\\\/\\\/iraurgiberritzen.eus\\\/es\\\/#organization\"},\"potentialAction\":[{\"@type\":\"SearchAction\",\"target\":{\"@type\":\"EntryPoint\",\"urlTemplate\":\"https:\\\/\\\/iraurgiberritzen.eus\\\/es\\\/?s={search_term_string}\"},\"query-input\":{\"@type\":\"PropertyValueSpecification\",\"valueRequired\":true,\"valueName\":\"search_term_string\"}}],\"inLanguage\":\"es\"},{\"@type\":\"Organization\",\"@id\":\"https:\\\/\\\/iraurgiberritzen.eus\\\/es\\\/#organization\",\"name\":\"Iraurgi Berritzen\",\"url\":\"https:\\\/\\\/iraurgiberritzen.eus\\\/es\\\/\",\"logo\":{\"@type\":\"ImageObject\",\"inLanguage\":\"es\",\"@id\":\"https:\\\/\\\/iraurgiberritzen.eus\\\/es\\\/#\\\/schema\\\/logo\\\/image\\\/\",\"url\":\"https:\\\/\\\/iraurgiberritzen.eus\\\/wp-content\\\/uploads\\\/2024\\\/02\\\/IRAURGI-BERRITZEN-logotipoa_2.png\",\"contentUrl\":\"https:\\\/\\\/iraurgiberritzen.eus\\\/wp-content\\\/uploads\\\/2024\\\/02\\\/IRAURGI-BERRITZEN-logotipoa_2.png\",\"width\":496,\"height\":190,\"caption\":\"Iraurgi Berritzen\"},\"image\":{\"@id\":\"https:\\\/\\\/iraurgiberritzen.eus\\\/es\\\/#\\\/schema\\\/logo\\\/image\\\/\"}},{\"@type\":\"Person\",\"@id\":\"https:\\\/\\\/iraurgiberritzen.eus\\\/es\\\/#\\\/schema\\\/person\\\/a32c9825b3e2bfcbe757a97f6a15c8a5\",\"name\":\"ainara\"}]}<\/script>\n<!-- \/ Yoast SEO plugin. -->","yoast_head_json":{"title":"Urola Erdiko Turismo Gunea se re\u00fane en el Ayuntamiento de Zestoa - Iraurgi Berritzen","robots":{"index":"index","follow":"follow","max-snippet":"max-snippet:-1","max-image-preview":"max-image-preview:large","max-video-preview":"max-video-preview:-1"},"canonical":"https:\/\/iraurgiberritzen.eus\/es\/urola-erdiko-turismo-gunea-se-reune-en-el-ayuntamiento-de-zestoa\/","og_locale":"es_ES","og_type":"article","og_title":"Urola Erdiko Turismo Gunea se re\u00fane en el Ayuntamiento de Zestoa - Iraurgi Berritzen","og_description":"Urola Erdiko Turismo Gunea est\u00e1 compuesto por agentes, ayuntamientos e instituciones p\u00fablicas (Diputaci\u00f3n Foral de Gipuzkoa y Gobierno Vasco de la mano de Basquetour).\u00a0 El 9 de enero se llev\u00f3 a cabo la primera reuni\u00f3n del a\u00f1o en el Ayuntamiento de Zestoa. El tema principal de la reuni\u00f3n fue la presentaci\u00f3n del Plan de Gesti\u00f3n [&hellip;]","og_url":"https:\/\/iraurgiberritzen.eus\/es\/urola-erdiko-turismo-gunea-se-reune-en-el-ayuntamiento-de-zestoa\/","og_site_name":"Iraurgi Berritzen","article_published_time":"2025-01-13T11:02:46+00:00","article_modified_time":"2025-01-13T11:09:53+00:00","og_image":[{"width":2560,"height":1920,"url":"https:\/\/iraurgiberritzen.eus\/wp-content\/uploads\/2025\/01\/IMG_7318-scaled.jpg","type":"image\/jpeg"}],"author":"ainara","twitter_card":"summary_large_image","twitter_misc":{"Escrito por":"ainara","Tiempo de lectura":"1 minuto"},"schema":{"@context":"https:\/\/schema.org","@graph":[{"@type":"Article","@id":"https:\/\/iraurgiberritzen.eus\/es\/urola-erdiko-turismo-gunea-se-reune-en-el-ayuntamiento-de-zestoa\/#article","isPartOf":{"@id":"https:\/\/iraurgiberritzen.eus\/es\/urola-erdiko-turismo-gunea-se-reune-en-el-ayuntamiento-de-zestoa\/"},"author":{"name":"ainara","@id":"https:\/\/iraurgiberritzen.eus\/es\/#\/schema\/person\/a32c9825b3e2bfcbe757a97f6a15c8a5"},"headline":"Urola Erdiko Turismo Gunea se re\u00fane en el Ayuntamiento de Zestoa","datePublished":"2025-01-13T11:02:46+00:00","dateModified":"2025-01-13T11:09:53+00:00","mainEntityOfPage":{"@id":"https:\/\/iraurgiberritzen.eus\/es\/urola-erdiko-turismo-gunea-se-reune-en-el-ayuntamiento-de-zestoa\/"},"wordCount":130,"publisher":{"@id":"https:\/\/iraurgiberritzen.eus\/es\/#organization"},"image":{"@id":"https:\/\/iraurgiberritzen.eus\/es\/urola-erdiko-turismo-gunea-se-reune-en-el-ayuntamiento-de-zestoa\/#primaryimage"},"thumbnailUrl":"https:\/\/iraurgiberritzen.eus\/wp-content\/uploads\/2025\/01\/IMG_7318-scaled.jpg","articleSection":["Noticias"],"inLanguage":"es"},{"@type":"WebPage","@id":"https:\/\/iraurgiberritzen.eus\/es\/urola-erdiko-turismo-gunea-se-reune-en-el-ayuntamiento-de-zestoa\/","url":"https:\/\/iraurgiberritzen.eus\/es\/urola-erdiko-turismo-gunea-se-reune-en-el-ayuntamiento-de-zestoa\/","name":"Urola Erdiko Turismo Gunea se re\u00fane en el Ayuntamiento de Zestoa - Iraurgi Berritzen","isPartOf":{"@id":"https:\/\/iraurgiberritzen.eus\/es\/#website"},"primaryImageOfPage":{"@id":"https:\/\/iraurgiberritzen.eus\/es\/urola-erdiko-turismo-gunea-se-reune-en-el-ayuntamiento-de-zestoa\/#primaryimage"},"image":{"@id":"https:\/\/iraurgiberritzen.eus\/es\/urola-erdiko-turismo-gunea-se-reune-en-el-ayuntamiento-de-zestoa\/#primaryimage"},"thumbnailUrl":"https:\/\/iraurgiberritzen.eus\/wp-content\/uploads\/2025\/01\/IMG_7318-scaled.jpg","datePublished":"2025-01-13T11:02:46+00:00","dateModified":"2025-01-13T11:09:53+00:00","breadcrumb":{"@id":"https:\/\/iraurgiberritzen.eus\/es\/urola-erdiko-turismo-gunea-se-reune-en-el-ayuntamiento-de-zestoa\/#breadcrumb"},"inLanguage":"es","potentialAction":[{"@type":"ReadAction","target":["https:\/\/iraurgiberritzen.eus\/es\/urola-erdiko-turismo-gunea-se-reune-en-el-ayuntamiento-de-zestoa\/"]}]},{"@type":"ImageObject","inLanguage":"es","@id":"https:\/\/iraurgiberritzen.eus\/es\/urola-erdiko-turismo-gunea-se-reune-en-el-ayuntamiento-de-zestoa\/#primaryimage","url":"https:\/\/iraurgiberritzen.eus\/wp-content\/uploads\/2025\/01\/IMG_7318-scaled.jpg","contentUrl":"https:\/\/iraurgiberritzen.eus\/wp-content\/uploads\/2025\/01\/IMG_7318-scaled.jpg","width":2560,"height":1920},{"@type":"BreadcrumbList","@id":"https:\/\/iraurgiberritzen.eus\/es\/urola-erdiko-turismo-gunea-se-reune-en-el-ayuntamiento-de-zestoa\/#breadcrumb","itemListElement":[{"@type":"ListItem","position":1,"name":"Home","item":"https:\/\/iraurgiberritzen.eus\/es\/"},{"@type":"ListItem","position":2,"name":"Urola Erdiko Turismo Gunea se re\u00fane en el Ayuntamiento de Zestoa"}]},{"@type":"WebSite","@id":"https:\/\/iraurgiberritzen.eus\/es\/#website","url":"https:\/\/iraurgiberritzen.eus\/es\/","name":"Iraurgi Berritzen","description":"Urola Erdiko Garapen Agentzia","publisher":{"@id":"https:\/\/iraurgiberritzen.eus\/es\/#organization"},"potentialAction":[{"@type":"SearchAction","target":{"@type":"EntryPoint","urlTemplate":"https:\/\/iraurgiberritzen.eus\/es\/?s={search_term_string}"},"query-input":{"@type":"PropertyValueSpecification","valueRequired":true,"valueName":"search_term_string"}}],"inLanguage":"es"},{"@type":"Organization","@id":"https:\/\/iraurgiberritzen.eus\/es\/#organization","name":"Iraurgi Berritzen","url":"https:\/\/iraurgiberritzen.eus\/es\/","logo":{"@type":"ImageObject","inLanguage":"es","@id":"https:\/\/iraurgiberritzen.eus\/es\/#\/schema\/logo\/image\/","url":"https:\/\/iraurgiberritzen.eus\/wp-content\/uploads\/2024\/02\/IRAURGI-BERRITZEN-logotipoa_2.png","contentUrl":"https:\/\/iraurgiberritzen.eus\/wp-content\/uploads\/2024\/02\/IRAURGI-BERRITZEN-logotipoa_2.png","width":496,"height":190,"caption":"Iraurgi Berritzen"},"image":{"@id":"https:\/\/iraurgiberritzen.eus\/es\/#\/schema\/logo\/image\/"}},{"@type":"Person","@id":"https:\/\/iraurgiberritzen.eus\/es\/#\/schema\/person\/a32c9825b3e2bfcbe757a97f6a15c8a5","name":"ainara"}]}},"_links":{"self":[{"href":"https:\/\/iraurgiberritzen.eus\/es\/wp-json\/wp\/v2\/posts\/22307","targetHints":{"allow":["GET"]}}],"collection":[{"href":"https:\/\/iraurgiberritzen.eus\/es\/wp-json\/wp\/v2\/posts"}],"about":[{"href":"https:\/\/iraurgiberritzen.eus\/es\/wp-json\/wp\/v2\/types\/post"}],"author":[{"embeddable":true,"href":"https:\/\/iraurgiberritzen.eus\/es\/wp-json\/wp\/v2\/users\/4"}],"replies":[{"embeddable":true,"href":"https:\/\/iraurgiberritzen.eus\/es\/wp-json\/wp\/v2\/comments?post=22307"}],"version-history":[{"count":2,"href":"https:\/\/iraurgiberritzen.eus\/es\/wp-json\/wp\/v2\/posts\/22307\/revisions"}],"predecessor-version":[{"id":22309,"href":"https:\/\/iraurgiberritzen.eus\/es\/wp-json\/wp\/v2\/posts\/22307\/revisions\/22309"}],"wp:featuredmedia":[{"embeddable":true,"href":"https:\/\/iraurgiberritzen.eus\/es\/wp-json\/wp\/v2\/media\/22303"}],"wp:attachment":[{"href":"https:\/\/iraurgiberritzen.eus\/es\/wp-json\/wp\/v2\/media?parent=22307"}],"wp:term":[{"taxonomy":"category","embeddable":true,"href":"https:\/\/iraurgiberritzen.eus\/es\/wp-json\/wp\/v2\/categories?post=22307"},{"taxonomy":"post_tag","embeddable":true,"href":"https:\/\/iraurgiberritzen.eus\/es\/wp-json\/wp\/v2\/tags?post=22307"}],"curies":[{"name":"wp","href":"https:\/\/api.w.org\/{rel}","templated":true}]}}