{"id":22318,"date":"2025-01-13T13:41:18","date_gmt":"2025-01-13T11:41:18","guid":{"rendered":"https:\/\/iraurgiberritzen.eus\/?p=22318"},"modified":"2025-01-13T16:25:36","modified_gmt":"2025-01-13T14:25:36","slug":"hemos-constituido-la-asociacion-de-municipios-del-camino-ignaciano","status":"publish","type":"post","link":"https:\/\/iraurgiberritzen.eus\/es\/hemos-constituido-la-asociacion-de-municipios-del-camino-ignaciano\/","title":{"rendered":"Hemos constituido la Asociaci\u00f3n de municipios del Camino Ignaciano junto con 61 municipios situados en el mismo"},"content":{"rendered":"<h5>El 11 de enero se llev\u00f3 a cabo el acto de constituci\u00f3n de la asociaci\u00f3n en el monasterio de Montserrat, con la participaci\u00f3n de Ana Azkoitia, alcaldesa de Azkoitia y presidenta de Iraurgi Berritzen.<\/h5>\n<p>&nbsp;<\/p>\n<p>De los 92 municipios situados en el Camino Ignaciano, desde Azpeitia hasta Manresa, 61 han constituido la Asociaci\u00f3n de Municipios del Camino Ignaciano. El objetivo principal de esta asociaci\u00f3n es fomentar un turismo sostenible de calidad, y la principal raz\u00f3n para su creaci\u00f3n es la flexibilidad que otorga la uni\u00f3n para la gesti\u00f3n y la mejora en la eficiencia.<\/p>\n<p>Adem\u00e1s del turismo, esta asociaci\u00f3n busca promover el conocimiento compartido y proyectos comunes en otras \u00e1reas, como econom\u00eda, cultura o gesti\u00f3n municipal.<\/p>\n<p>En el acto de constituci\u00f3n se form\u00f3 la junta directiva provisional de la asociaci\u00f3n. La alcaldesa de Azpeitia, Nagore Alkorta, ser\u00e1 la vicepresidenta de esta junta, y Ana Azkoitia una de las vocales.<\/p>\n","protected":false},"excerpt":{"rendered":"<p>El 11 de enero se llev\u00f3 a cabo el acto de constituci\u00f3n de la asociaci\u00f3n en el monasterio de Montserrat, con la participaci\u00f3n de Ana Azkoitia, alcaldesa de Azkoitia y presidenta de Iraurgi Berritzen. &nbsp; De los 92 municipios situados en el Camino Ignaciano, desde Azpeitia hasta Manresa, 61 han constituido la Asociaci\u00f3n de Municipios [&hellip;]<\/p>\n","protected":false},"author":4,"featured_media":22312,"comment_status":"closed","ping_status":"closed","sticky":false,"template":"","format":"standard","meta":{"_acf_changed":false,"footnotes":""},"categories":[4],"tags":[],"class_list":["post-22318","post","type-post","status-publish","format-standard","has-post-thumbnail","hentry","category-noticias","arloak-turismo"],"acf":[],"yoast_head":"<!-- This site is optimized with the Yoast SEO plugin v27.4 - https:\/\/yoast.com\/product\/yoast-seo-wordpress\/ -->\n<title>Hemos constituido la Asociaci\u00f3n de municipios del Camino Ignaciano junto con 61 municipios situados en el mismo - Iraurgi Berritzen<\/title>\n<meta name=\"robots\" content=\"index, follow, max-snippet:-1, max-image-preview:large, max-video-preview:-1\" \/>\n<link rel=\"canonical\" href=\"https:\/\/iraurgiberritzen.eus\/es\/hemos-constituido-la-asociacion-de-municipios-del-camino-ignaciano\/\" \/>\n<meta property=\"og:locale\" content=\"es_ES\" \/>\n<meta property=\"og:type\" content=\"article\" \/>\n<meta property=\"og:title\" content=\"Hemos constituido la Asociaci\u00f3n de municipios del Camino Ignaciano junto con 61 municipios situados en el mismo - Iraurgi Berritzen\" \/>\n<meta property=\"og:description\" content=\"El 11 de enero se llev\u00f3 a cabo el acto de constituci\u00f3n de la asociaci\u00f3n en el monasterio de Montserrat, con la participaci\u00f3n de Ana Azkoitia, alcaldesa de Azkoitia y presidenta de Iraurgi Berritzen. &nbsp; De los 92 municipios situados en el Camino Ignaciano, desde Azpeitia hasta Manresa, 61 han constituido la Asociaci\u00f3n de Municipios [&hellip;]\" \/>\n<meta property=\"og:url\" content=\"https:\/\/iraurgiberritzen.eus\/es\/hemos-constituido-la-asociacion-de-municipios-del-camino-ignaciano\/\" \/>\n<meta property=\"og:site_name\" content=\"Iraurgi Berritzen\" \/>\n<meta property=\"article:published_time\" content=\"2025-01-13T11:41:18+00:00\" \/>\n<meta property=\"article:modified_time\" content=\"2025-01-13T14:25:36+00:00\" \/>\n<meta property=\"og:image\" content=\"https:\/\/iraurgiberritzen.eus\/wp-content\/uploads\/2025\/01\/WhatsApp-Image-2025-01-13-at-12.13.22-scaled.jpeg\" \/>\n\t<meta property=\"og:image:width\" content=\"2560\" \/>\n\t<meta property=\"og:image:height\" content=\"1920\" \/>\n\t<meta property=\"og:image:type\" content=\"image\/jpeg\" \/>\n<meta name=\"author\" content=\"ainara\" \/>\n<meta name=\"twitter:card\" content=\"summary_large_image\" \/>\n<meta name=\"twitter:label1\" content=\"Escrito por\" \/>\n\t<meta name=\"twitter:data1\" content=\"ainara\" \/>\n\t<meta name=\"twitter:label2\" content=\"Tiempo de lectura\" \/>\n\t<meta name=\"twitter:data2\" content=\"2 minutos\" \/>\n<script type=\"application\/ld+json\" class=\"yoast-schema-graph\">{\"@context\":\"https:\\\/\\\/schema.org\",\"@graph\":[{\"@type\":\"Article\",\"@id\":\"https:\\\/\\\/iraurgiberritzen.eus\\\/es\\\/hemos-constituido-la-asociacion-de-municipios-del-camino-ignaciano\\\/#article\",\"isPartOf\":{\"@id\":\"https:\\\/\\\/iraurgiberritzen.eus\\\/es\\\/hemos-constituido-la-asociacion-de-municipios-del-camino-ignaciano\\\/\"},\"author\":{\"name\":\"ainara\",\"@id\":\"https:\\\/\\\/iraurgiberritzen.eus\\\/es\\\/#\\\/schema\\\/person\\\/a32c9825b3e2bfcbe757a97f6a15c8a5\"},\"headline\":\"Hemos constituido la Asociaci\u00f3n de municipios del Camino Ignaciano junto con 61 municipios situados en el mismo\",\"datePublished\":\"2025-01-13T11:41:18+00:00\",\"dateModified\":\"2025-01-13T14:25:36+00:00\",\"mainEntityOfPage\":{\"@id\":\"https:\\\/\\\/iraurgiberritzen.eus\\\/es\\\/hemos-constituido-la-asociacion-de-municipios-del-camino-ignaciano\\\/\"},\"wordCount\":178,\"publisher\":{\"@id\":\"https:\\\/\\\/iraurgiberritzen.eus\\\/es\\\/#organization\"},\"image\":{\"@id\":\"https:\\\/\\\/iraurgiberritzen.eus\\\/es\\\/hemos-constituido-la-asociacion-de-municipios-del-camino-ignaciano\\\/#primaryimage\"},\"thumbnailUrl\":\"https:\\\/\\\/iraurgiberritzen.eus\\\/wp-content\\\/uploads\\\/2025\\\/01\\\/WhatsApp-Image-2025-01-13-at-12.13.22-scaled.jpeg\",\"articleSection\":[\"Noticias\"],\"inLanguage\":\"es\"},{\"@type\":\"WebPage\",\"@id\":\"https:\\\/\\\/iraurgiberritzen.eus\\\/es\\\/hemos-constituido-la-asociacion-de-municipios-del-camino-ignaciano\\\/\",\"url\":\"https:\\\/\\\/iraurgiberritzen.eus\\\/es\\\/hemos-constituido-la-asociacion-de-municipios-del-camino-ignaciano\\\/\",\"name\":\"Hemos constituido la Asociaci\u00f3n de municipios del Camino Ignaciano junto con 61 municipios situados en el mismo - Iraurgi Berritzen\",\"isPartOf\":{\"@id\":\"https:\\\/\\\/iraurgiberritzen.eus\\\/es\\\/#website\"},\"primaryImageOfPage\":{\"@id\":\"https:\\\/\\\/iraurgiberritzen.eus\\\/es\\\/hemos-constituido-la-asociacion-de-municipios-del-camino-ignaciano\\\/#primaryimage\"},\"image\":{\"@id\":\"https:\\\/\\\/iraurgiberritzen.eus\\\/es\\\/hemos-constituido-la-asociacion-de-municipios-del-camino-ignaciano\\\/#primaryimage\"},\"thumbnailUrl\":\"https:\\\/\\\/iraurgiberritzen.eus\\\/wp-content\\\/uploads\\\/2025\\\/01\\\/WhatsApp-Image-2025-01-13-at-12.13.22-scaled.jpeg\",\"datePublished\":\"2025-01-13T11:41:18+00:00\",\"dateModified\":\"2025-01-13T14:25:36+00:00\",\"breadcrumb\":{\"@id\":\"https:\\\/\\\/iraurgiberritzen.eus\\\/es\\\/hemos-constituido-la-asociacion-de-municipios-del-camino-ignaciano\\\/#breadcrumb\"},\"inLanguage\":\"es\",\"potentialAction\":[{\"@type\":\"ReadAction\",\"target\":[\"https:\\\/\\\/iraurgiberritzen.eus\\\/es\\\/hemos-constituido-la-asociacion-de-municipios-del-camino-ignaciano\\\/\"]}]},{\"@type\":\"ImageObject\",\"inLanguage\":\"es\",\"@id\":\"https:\\\/\\\/iraurgiberritzen.eus\\\/es\\\/hemos-constituido-la-asociacion-de-municipios-del-camino-ignaciano\\\/#primaryimage\",\"url\":\"https:\\\/\\\/iraurgiberritzen.eus\\\/wp-content\\\/uploads\\\/2025\\\/01\\\/WhatsApp-Image-2025-01-13-at-12.13.22-scaled.jpeg\",\"contentUrl\":\"https:\\\/\\\/iraurgiberritzen.eus\\\/wp-content\\\/uploads\\\/2025\\\/01\\\/WhatsApp-Image-2025-01-13-at-12.13.22-scaled.jpeg\",\"width\":2560,\"height\":1920},{\"@type\":\"BreadcrumbList\",\"@id\":\"https:\\\/\\\/iraurgiberritzen.eus\\\/es\\\/hemos-constituido-la-asociacion-de-municipios-del-camino-ignaciano\\\/#breadcrumb\",\"itemListElement\":[{\"@type\":\"ListItem\",\"position\":1,\"name\":\"Home\",\"item\":\"https:\\\/\\\/iraurgiberritzen.eus\\\/es\\\/\"},{\"@type\":\"ListItem\",\"position\":2,\"name\":\"Hemos constituido la Asociaci\u00f3n de municipios del Camino Ignaciano junto con 61 municipios situados en el mismo\"}]},{\"@type\":\"WebSite\",\"@id\":\"https:\\\/\\\/iraurgiberritzen.eus\\\/es\\\/#website\",\"url\":\"https:\\\/\\\/iraurgiberritzen.eus\\\/es\\\/\",\"name\":\"Iraurgi Berritzen\",\"description\":\"Urola Erdiko Garapen Agentzia\",\"publisher\":{\"@id\":\"https:\\\/\\\/iraurgiberritzen.eus\\\/es\\\/#organization\"},\"potentialAction\":[{\"@type\":\"SearchAction\",\"target\":{\"@type\":\"EntryPoint\",\"urlTemplate\":\"https:\\\/\\\/iraurgiberritzen.eus\\\/es\\\/?s={search_term_string}\"},\"query-input\":{\"@type\":\"PropertyValueSpecification\",\"valueRequired\":true,\"valueName\":\"search_term_string\"}}],\"inLanguage\":\"es\"},{\"@type\":\"Organization\",\"@id\":\"https:\\\/\\\/iraurgiberritzen.eus\\\/es\\\/#organization\",\"name\":\"Iraurgi Berritzen\",\"url\":\"https:\\\/\\\/iraurgiberritzen.eus\\\/es\\\/\",\"logo\":{\"@type\":\"ImageObject\",\"inLanguage\":\"es\",\"@id\":\"https:\\\/\\\/iraurgiberritzen.eus\\\/es\\\/#\\\/schema\\\/logo\\\/image\\\/\",\"url\":\"https:\\\/\\\/iraurgiberritzen.eus\\\/wp-content\\\/uploads\\\/2024\\\/02\\\/IRAURGI-BERRITZEN-logotipoa_2.png\",\"contentUrl\":\"https:\\\/\\\/iraurgiberritzen.eus\\\/wp-content\\\/uploads\\\/2024\\\/02\\\/IRAURGI-BERRITZEN-logotipoa_2.png\",\"width\":496,\"height\":190,\"caption\":\"Iraurgi Berritzen\"},\"image\":{\"@id\":\"https:\\\/\\\/iraurgiberritzen.eus\\\/es\\\/#\\\/schema\\\/logo\\\/image\\\/\"}},{\"@type\":\"Person\",\"@id\":\"https:\\\/\\\/iraurgiberritzen.eus\\\/es\\\/#\\\/schema\\\/person\\\/a32c9825b3e2bfcbe757a97f6a15c8a5\",\"name\":\"ainara\"}]}<\/script>\n<!-- \/ Yoast SEO plugin. -->","yoast_head_json":{"title":"Hemos constituido la Asociaci\u00f3n de municipios del Camino Ignaciano junto con 61 municipios situados en el mismo - Iraurgi Berritzen","robots":{"index":"index","follow":"follow","max-snippet":"max-snippet:-1","max-image-preview":"max-image-preview:large","max-video-preview":"max-video-preview:-1"},"canonical":"https:\/\/iraurgiberritzen.eus\/es\/hemos-constituido-la-asociacion-de-municipios-del-camino-ignaciano\/","og_locale":"es_ES","og_type":"article","og_title":"Hemos constituido la Asociaci\u00f3n de municipios del Camino Ignaciano junto con 61 municipios situados en el mismo - Iraurgi Berritzen","og_description":"El 11 de enero se llev\u00f3 a cabo el acto de constituci\u00f3n de la asociaci\u00f3n en el monasterio de Montserrat, con la participaci\u00f3n de Ana Azkoitia, alcaldesa de Azkoitia y presidenta de Iraurgi Berritzen. &nbsp; De los 92 municipios situados en el Camino Ignaciano, desde Azpeitia hasta Manresa, 61 han constituido la Asociaci\u00f3n de Municipios [&hellip;]","og_url":"https:\/\/iraurgiberritzen.eus\/es\/hemos-constituido-la-asociacion-de-municipios-del-camino-ignaciano\/","og_site_name":"Iraurgi Berritzen","article_published_time":"2025-01-13T11:41:18+00:00","article_modified_time":"2025-01-13T14:25:36+00:00","og_image":[{"width":2560,"height":1920,"url":"https:\/\/iraurgiberritzen.eus\/wp-content\/uploads\/2025\/01\/WhatsApp-Image-2025-01-13-at-12.13.22-scaled.jpeg","type":"image\/jpeg"}],"author":"ainara","twitter_card":"summary_large_image","twitter_misc":{"Escrito por":"ainara","Tiempo de lectura":"2 minutos"},"schema":{"@context":"https:\/\/schema.org","@graph":[{"@type":"Article","@id":"https:\/\/iraurgiberritzen.eus\/es\/hemos-constituido-la-asociacion-de-municipios-del-camino-ignaciano\/#article","isPartOf":{"@id":"https:\/\/iraurgiberritzen.eus\/es\/hemos-constituido-la-asociacion-de-municipios-del-camino-ignaciano\/"},"author":{"name":"ainara","@id":"https:\/\/iraurgiberritzen.eus\/es\/#\/schema\/person\/a32c9825b3e2bfcbe757a97f6a15c8a5"},"headline":"Hemos constituido la Asociaci\u00f3n de municipios del Camino Ignaciano junto con 61 municipios situados en el mismo","datePublished":"2025-01-13T11:41:18+00:00","dateModified":"2025-01-13T14:25:36+00:00","mainEntityOfPage":{"@id":"https:\/\/iraurgiberritzen.eus\/es\/hemos-constituido-la-asociacion-de-municipios-del-camino-ignaciano\/"},"wordCount":178,"publisher":{"@id":"https:\/\/iraurgiberritzen.eus\/es\/#organization"},"image":{"@id":"https:\/\/iraurgiberritzen.eus\/es\/hemos-constituido-la-asociacion-de-municipios-del-camino-ignaciano\/#primaryimage"},"thumbnailUrl":"https:\/\/iraurgiberritzen.eus\/wp-content\/uploads\/2025\/01\/WhatsApp-Image-2025-01-13-at-12.13.22-scaled.jpeg","articleSection":["Noticias"],"inLanguage":"es"},{"@type":"WebPage","@id":"https:\/\/iraurgiberritzen.eus\/es\/hemos-constituido-la-asociacion-de-municipios-del-camino-ignaciano\/","url":"https:\/\/iraurgiberritzen.eus\/es\/hemos-constituido-la-asociacion-de-municipios-del-camino-ignaciano\/","name":"Hemos constituido la Asociaci\u00f3n de municipios del Camino Ignaciano junto con 61 municipios situados en el mismo - Iraurgi Berritzen","isPartOf":{"@id":"https:\/\/iraurgiberritzen.eus\/es\/#website"},"primaryImageOfPage":{"@id":"https:\/\/iraurgiberritzen.eus\/es\/hemos-constituido-la-asociacion-de-municipios-del-camino-ignaciano\/#primaryimage"},"image":{"@id":"https:\/\/iraurgiberritzen.eus\/es\/hemos-constituido-la-asociacion-de-municipios-del-camino-ignaciano\/#primaryimage"},"thumbnailUrl":"https:\/\/iraurgiberritzen.eus\/wp-content\/uploads\/2025\/01\/WhatsApp-Image-2025-01-13-at-12.13.22-scaled.jpeg","datePublished":"2025-01-13T11:41:18+00:00","dateModified":"2025-01-13T14:25:36+00:00","breadcrumb":{"@id":"https:\/\/iraurgiberritzen.eus\/es\/hemos-constituido-la-asociacion-de-municipios-del-camino-ignaciano\/#breadcrumb"},"inLanguage":"es","potentialAction":[{"@type":"ReadAction","target":["https:\/\/iraurgiberritzen.eus\/es\/hemos-constituido-la-asociacion-de-municipios-del-camino-ignaciano\/"]}]},{"@type":"ImageObject","inLanguage":"es","@id":"https:\/\/iraurgiberritzen.eus\/es\/hemos-constituido-la-asociacion-de-municipios-del-camino-ignaciano\/#primaryimage","url":"https:\/\/iraurgiberritzen.eus\/wp-content\/uploads\/2025\/01\/WhatsApp-Image-2025-01-13-at-12.13.22-scaled.jpeg","contentUrl":"https:\/\/iraurgiberritzen.eus\/wp-content\/uploads\/2025\/01\/WhatsApp-Image-2025-01-13-at-12.13.22-scaled.jpeg","width":2560,"height":1920},{"@type":"BreadcrumbList","@id":"https:\/\/iraurgiberritzen.eus\/es\/hemos-constituido-la-asociacion-de-municipios-del-camino-ignaciano\/#breadcrumb","itemListElement":[{"@type":"ListItem","position":1,"name":"Home","item":"https:\/\/iraurgiberritzen.eus\/es\/"},{"@type":"ListItem","position":2,"name":"Hemos constituido la Asociaci\u00f3n de municipios del Camino Ignaciano junto con 61 municipios situados en el mismo"}]},{"@type":"WebSite","@id":"https:\/\/iraurgiberritzen.eus\/es\/#website","url":"https:\/\/iraurgiberritzen.eus\/es\/","name":"Iraurgi Berritzen","description":"Urola Erdiko Garapen Agentzia","publisher":{"@id":"https:\/\/iraurgiberritzen.eus\/es\/#organization"},"potentialAction":[{"@type":"SearchAction","target":{"@type":"EntryPoint","urlTemplate":"https:\/\/iraurgiberritzen.eus\/es\/?s={search_term_string}"},"query-input":{"@type":"PropertyValueSpecification","valueRequired":true,"valueName":"search_term_string"}}],"inLanguage":"es"},{"@type":"Organization","@id":"https:\/\/iraurgiberritzen.eus\/es\/#organization","name":"Iraurgi Berritzen","url":"https:\/\/iraurgiberritzen.eus\/es\/","logo":{"@type":"ImageObject","inLanguage":"es","@id":"https:\/\/iraurgiberritzen.eus\/es\/#\/schema\/logo\/image\/","url":"https:\/\/iraurgiberritzen.eus\/wp-content\/uploads\/2024\/02\/IRAURGI-BERRITZEN-logotipoa_2.png","contentUrl":"https:\/\/iraurgiberritzen.eus\/wp-content\/uploads\/2024\/02\/IRAURGI-BERRITZEN-logotipoa_2.png","width":496,"height":190,"caption":"Iraurgi Berritzen"},"image":{"@id":"https:\/\/iraurgiberritzen.eus\/es\/#\/schema\/logo\/image\/"}},{"@type":"Person","@id":"https:\/\/iraurgiberritzen.eus\/es\/#\/schema\/person\/a32c9825b3e2bfcbe757a97f6a15c8a5","name":"ainara"}]}},"_links":{"self":[{"href":"https:\/\/iraurgiberritzen.eus\/es\/wp-json\/wp\/v2\/posts\/22318","targetHints":{"allow":["GET"]}}],"collection":[{"href":"https:\/\/iraurgiberritzen.eus\/es\/wp-json\/wp\/v2\/posts"}],"about":[{"href":"https:\/\/iraurgiberritzen.eus\/es\/wp-json\/wp\/v2\/types\/post"}],"author":[{"embeddable":true,"href":"https:\/\/iraurgiberritzen.eus\/es\/wp-json\/wp\/v2\/users\/4"}],"replies":[{"embeddable":true,"href":"https:\/\/iraurgiberritzen.eus\/es\/wp-json\/wp\/v2\/comments?post=22318"}],"version-history":[{"count":4,"href":"https:\/\/iraurgiberritzen.eus\/es\/wp-json\/wp\/v2\/posts\/22318\/revisions"}],"predecessor-version":[{"id":22333,"href":"https:\/\/iraurgiberritzen.eus\/es\/wp-json\/wp\/v2\/posts\/22318\/revisions\/22333"}],"wp:featuredmedia":[{"embeddable":true,"href":"https:\/\/iraurgiberritzen.eus\/es\/wp-json\/wp\/v2\/media\/22312"}],"wp:attachment":[{"href":"https:\/\/iraurgiberritzen.eus\/es\/wp-json\/wp\/v2\/media?parent=22318"}],"wp:term":[{"taxonomy":"category","embeddable":true,"href":"https:\/\/iraurgiberritzen.eus\/es\/wp-json\/wp\/v2\/categories?post=22318"},{"taxonomy":"post_tag","embeddable":true,"href":"https:\/\/iraurgiberritzen.eus\/es\/wp-json\/wp\/v2\/tags?post=22318"}],"curies":[{"name":"wp","href":"https:\/\/api.w.org\/{rel}","templated":true}]}}