{"id":22365,"date":"2025-01-21T14:14:30","date_gmt":"2025-01-21T12:14:30","guid":{"rendered":"https:\/\/iraurgiberritzen.eus\/?p=22365"},"modified":"2025-01-21T14:20:23","modified_gmt":"2025-01-21T12:20:23","slug":"reforzando-la-orientacion-academica-de-los-jovenes-proyecto-gerolan","status":"publish","type":"post","link":"https:\/\/iraurgiberritzen.eus\/es\/reforzando-la-orientacion-academica-de-los-jovenes-proyecto-gerolan\/","title":{"rendered":"Reforzando la orientaci\u00f3n acad\u00e9mica de los j\u00f3venes. Proyecto GEROLAN"},"content":{"rendered":"<p><b><i><span data-contrast=\"none\">Cerca de 300 alumnos y alumnas conocer\u00e1n de primera mano la realidad de unos 35 agentes socio-econ\u00f3micos seg\u00fan grupos de inter\u00e9s.<\/span><\/i><\/b><span data-ccp-props=\"{}\">\u00a0<\/span><\/p>\n<p><span data-ccp-props=\"{}\">\u00a0<\/span><\/p>\n<p><span data-contrast=\"none\">El grupo de trabajo de orientadores de 5 centros escolares de la comarca ha realizado la reuni\u00f3n de seguimiento correspondiente al proyecto Gerolan, consensuando las acciones que se llevar\u00e1n a cabo en los pr\u00f3ximos dos meses.<\/span><span data-ccp-props=\"{&quot;134233117&quot;:false,&quot;134233118&quot;:false,&quot;335551550&quot;:0,&quot;335551620&quot;:0,&quot;335559738&quot;:240,&quot;335559739&quot;:240}\">\u00a0<\/span><\/p>\n<p><span data-contrast=\"none\">Durante el proceso, se han realizado diferentes sesiones de reflexi\u00f3n con el alumnado y ahora en funci\u00f3n de intereses acad\u00e9micos concretos, se realizar\u00e1n varias visitas a los diferentes agentes socioecon\u00f3micos de la comarca.<\/span><span data-ccp-props=\"{&quot;134233117&quot;:false,&quot;134233118&quot;:false,&quot;335551550&quot;:0,&quot;335551620&quot;:0,&quot;335559738&quot;:240,&quot;335559739&quot;:240}\">\u00a0<\/span><\/p>\n<p><span data-contrast=\"none\"><strong>La iniciativa est\u00e1 dirigida a alumnos y alumnas de 4\u00ba de ESO<\/strong> y <strong>2\u00ba de Bachillerato<\/strong> de los 5 centros escolares de la comarca. Un a\u00f1o m\u00e1s, en los pr\u00f3ximos 3 meses, alrededor de<strong> 300 alumnos y alumnas<\/strong> en grupos organizados en funci\u00f3n de intereses acad\u00e9micos concretos, <strong>tendr\u00e1n la oportunidad de conocer de primera mano la realidad de unos 35 agentes socio-econ\u00f3micos<\/strong> <strong>de la comarca a trav\u00e9s del feedback de sus profesionales.<\/strong><\/span><\/p>\n","protected":false},"excerpt":{"rendered":"<p>Cerca de 300 alumnos y alumnas conocer\u00e1n de primera mano la realidad de unos 35 agentes socio-econ\u00f3micos seg\u00fan grupos de inter\u00e9s.\u00a0 \u00a0 El grupo de trabajo de orientadores de 5 centros escolares de la comarca ha realizado la reuni\u00f3n de seguimiento correspondiente al proyecto Gerolan, consensuando las acciones que se llevar\u00e1n a cabo en los [&hellip;]<\/p>\n","protected":false},"author":4,"featured_media":22363,"comment_status":"closed","ping_status":"closed","sticky":false,"template":"","format":"standard","meta":{"_acf_changed":false,"footnotes":""},"categories":[4],"tags":[],"class_list":["post-22365","post","type-post","status-publish","format-standard","has-post-thumbnail","hentry","category-noticias","arloak-educacion","arloak-gerolan-es"],"acf":[],"yoast_head":"<!-- This site is optimized with the Yoast SEO plugin v27.4 - https:\/\/yoast.com\/product\/yoast-seo-wordpress\/ -->\n<title>Reforzando la orientaci\u00f3n acad\u00e9mica de los j\u00f3venes. Proyecto GEROLAN - Iraurgi Berritzen<\/title>\n<meta name=\"robots\" content=\"index, follow, max-snippet:-1, max-image-preview:large, max-video-preview:-1\" \/>\n<link rel=\"canonical\" href=\"https:\/\/iraurgiberritzen.eus\/es\/reforzando-la-orientacion-academica-de-los-jovenes-proyecto-gerolan\/\" \/>\n<meta property=\"og:locale\" content=\"es_ES\" \/>\n<meta property=\"og:type\" content=\"article\" \/>\n<meta property=\"og:title\" content=\"Reforzando la orientaci\u00f3n acad\u00e9mica de los j\u00f3venes. Proyecto GEROLAN - Iraurgi Berritzen\" \/>\n<meta property=\"og:description\" content=\"Cerca de 300 alumnos y alumnas conocer\u00e1n de primera mano la realidad de unos 35 agentes socio-econ\u00f3micos seg\u00fan grupos de inter\u00e9s.\u00a0 \u00a0 El grupo de trabajo de orientadores de 5 centros escolares de la comarca ha realizado la reuni\u00f3n de seguimiento correspondiente al proyecto Gerolan, consensuando las acciones que se llevar\u00e1n a cabo en los [&hellip;]\" \/>\n<meta property=\"og:url\" content=\"https:\/\/iraurgiberritzen.eus\/es\/reforzando-la-orientacion-academica-de-los-jovenes-proyecto-gerolan\/\" \/>\n<meta property=\"og:site_name\" content=\"Iraurgi Berritzen\" \/>\n<meta property=\"article:published_time\" content=\"2025-01-21T12:14:30+00:00\" \/>\n<meta property=\"article:modified_time\" content=\"2025-01-21T12:20:23+00:00\" \/>\n<meta property=\"og:image\" content=\"https:\/\/iraurgiberritzen.eus\/wp-content\/uploads\/2025\/01\/WhatsApp-Image-2025-01-16-at-09.47.24-scaled.jpeg\" \/>\n\t<meta property=\"og:image:width\" content=\"2560\" \/>\n\t<meta property=\"og:image:height\" content=\"1920\" \/>\n\t<meta property=\"og:image:type\" content=\"image\/jpeg\" \/>\n<meta name=\"author\" content=\"ainara\" \/>\n<meta name=\"twitter:card\" content=\"summary_large_image\" \/>\n<meta name=\"twitter:label1\" content=\"Escrito por\" \/>\n\t<meta name=\"twitter:data1\" content=\"ainara\" \/>\n\t<meta name=\"twitter:label2\" content=\"Tiempo de lectura\" \/>\n\t<meta name=\"twitter:data2\" content=\"2 minutos\" \/>\n<script type=\"application\/ld+json\" class=\"yoast-schema-graph\">{\"@context\":\"https:\\\/\\\/schema.org\",\"@graph\":[{\"@type\":\"Article\",\"@id\":\"https:\\\/\\\/iraurgiberritzen.eus\\\/es\\\/reforzando-la-orientacion-academica-de-los-jovenes-proyecto-gerolan\\\/#article\",\"isPartOf\":{\"@id\":\"https:\\\/\\\/iraurgiberritzen.eus\\\/es\\\/reforzando-la-orientacion-academica-de-los-jovenes-proyecto-gerolan\\\/\"},\"author\":{\"name\":\"ainara\",\"@id\":\"https:\\\/\\\/iraurgiberritzen.eus\\\/es\\\/#\\\/schema\\\/person\\\/a32c9825b3e2bfcbe757a97f6a15c8a5\"},\"headline\":\"Reforzando la orientaci\u00f3n acad\u00e9mica de los j\u00f3venes. Proyecto GEROLAN\",\"datePublished\":\"2025-01-21T12:14:30+00:00\",\"dateModified\":\"2025-01-21T12:20:23+00:00\",\"mainEntityOfPage\":{\"@id\":\"https:\\\/\\\/iraurgiberritzen.eus\\\/es\\\/reforzando-la-orientacion-academica-de-los-jovenes-proyecto-gerolan\\\/\"},\"wordCount\":185,\"publisher\":{\"@id\":\"https:\\\/\\\/iraurgiberritzen.eus\\\/es\\\/#organization\"},\"image\":{\"@id\":\"https:\\\/\\\/iraurgiberritzen.eus\\\/es\\\/reforzando-la-orientacion-academica-de-los-jovenes-proyecto-gerolan\\\/#primaryimage\"},\"thumbnailUrl\":\"https:\\\/\\\/iraurgiberritzen.eus\\\/wp-content\\\/uploads\\\/2025\\\/01\\\/WhatsApp-Image-2025-01-16-at-09.47.24-scaled.jpeg\",\"articleSection\":[\"Noticias\"],\"inLanguage\":\"es\"},{\"@type\":\"WebPage\",\"@id\":\"https:\\\/\\\/iraurgiberritzen.eus\\\/es\\\/reforzando-la-orientacion-academica-de-los-jovenes-proyecto-gerolan\\\/\",\"url\":\"https:\\\/\\\/iraurgiberritzen.eus\\\/es\\\/reforzando-la-orientacion-academica-de-los-jovenes-proyecto-gerolan\\\/\",\"name\":\"Reforzando la orientaci\u00f3n acad\u00e9mica de los j\u00f3venes. Proyecto GEROLAN - Iraurgi Berritzen\",\"isPartOf\":{\"@id\":\"https:\\\/\\\/iraurgiberritzen.eus\\\/es\\\/#website\"},\"primaryImageOfPage\":{\"@id\":\"https:\\\/\\\/iraurgiberritzen.eus\\\/es\\\/reforzando-la-orientacion-academica-de-los-jovenes-proyecto-gerolan\\\/#primaryimage\"},\"image\":{\"@id\":\"https:\\\/\\\/iraurgiberritzen.eus\\\/es\\\/reforzando-la-orientacion-academica-de-los-jovenes-proyecto-gerolan\\\/#primaryimage\"},\"thumbnailUrl\":\"https:\\\/\\\/iraurgiberritzen.eus\\\/wp-content\\\/uploads\\\/2025\\\/01\\\/WhatsApp-Image-2025-01-16-at-09.47.24-scaled.jpeg\",\"datePublished\":\"2025-01-21T12:14:30+00:00\",\"dateModified\":\"2025-01-21T12:20:23+00:00\",\"breadcrumb\":{\"@id\":\"https:\\\/\\\/iraurgiberritzen.eus\\\/es\\\/reforzando-la-orientacion-academica-de-los-jovenes-proyecto-gerolan\\\/#breadcrumb\"},\"inLanguage\":\"es\",\"potentialAction\":[{\"@type\":\"ReadAction\",\"target\":[\"https:\\\/\\\/iraurgiberritzen.eus\\\/es\\\/reforzando-la-orientacion-academica-de-los-jovenes-proyecto-gerolan\\\/\"]}]},{\"@type\":\"ImageObject\",\"inLanguage\":\"es\",\"@id\":\"https:\\\/\\\/iraurgiberritzen.eus\\\/es\\\/reforzando-la-orientacion-academica-de-los-jovenes-proyecto-gerolan\\\/#primaryimage\",\"url\":\"https:\\\/\\\/iraurgiberritzen.eus\\\/wp-content\\\/uploads\\\/2025\\\/01\\\/WhatsApp-Image-2025-01-16-at-09.47.24-scaled.jpeg\",\"contentUrl\":\"https:\\\/\\\/iraurgiberritzen.eus\\\/wp-content\\\/uploads\\\/2025\\\/01\\\/WhatsApp-Image-2025-01-16-at-09.47.24-scaled.jpeg\",\"width\":2560,\"height\":1920},{\"@type\":\"BreadcrumbList\",\"@id\":\"https:\\\/\\\/iraurgiberritzen.eus\\\/es\\\/reforzando-la-orientacion-academica-de-los-jovenes-proyecto-gerolan\\\/#breadcrumb\",\"itemListElement\":[{\"@type\":\"ListItem\",\"position\":1,\"name\":\"Home\",\"item\":\"https:\\\/\\\/iraurgiberritzen.eus\\\/es\\\/\"},{\"@type\":\"ListItem\",\"position\":2,\"name\":\"Reforzando la orientaci\u00f3n acad\u00e9mica de los j\u00f3venes. Proyecto GEROLAN\"}]},{\"@type\":\"WebSite\",\"@id\":\"https:\\\/\\\/iraurgiberritzen.eus\\\/es\\\/#website\",\"url\":\"https:\\\/\\\/iraurgiberritzen.eus\\\/es\\\/\",\"name\":\"Iraurgi Berritzen\",\"description\":\"Urola Erdiko Garapen Agentzia\",\"publisher\":{\"@id\":\"https:\\\/\\\/iraurgiberritzen.eus\\\/es\\\/#organization\"},\"potentialAction\":[{\"@type\":\"SearchAction\",\"target\":{\"@type\":\"EntryPoint\",\"urlTemplate\":\"https:\\\/\\\/iraurgiberritzen.eus\\\/es\\\/?s={search_term_string}\"},\"query-input\":{\"@type\":\"PropertyValueSpecification\",\"valueRequired\":true,\"valueName\":\"search_term_string\"}}],\"inLanguage\":\"es\"},{\"@type\":\"Organization\",\"@id\":\"https:\\\/\\\/iraurgiberritzen.eus\\\/es\\\/#organization\",\"name\":\"Iraurgi Berritzen\",\"url\":\"https:\\\/\\\/iraurgiberritzen.eus\\\/es\\\/\",\"logo\":{\"@type\":\"ImageObject\",\"inLanguage\":\"es\",\"@id\":\"https:\\\/\\\/iraurgiberritzen.eus\\\/es\\\/#\\\/schema\\\/logo\\\/image\\\/\",\"url\":\"https:\\\/\\\/iraurgiberritzen.eus\\\/wp-content\\\/uploads\\\/2024\\\/02\\\/IRAURGI-BERRITZEN-logotipoa_2.png\",\"contentUrl\":\"https:\\\/\\\/iraurgiberritzen.eus\\\/wp-content\\\/uploads\\\/2024\\\/02\\\/IRAURGI-BERRITZEN-logotipoa_2.png\",\"width\":496,\"height\":190,\"caption\":\"Iraurgi Berritzen\"},\"image\":{\"@id\":\"https:\\\/\\\/iraurgiberritzen.eus\\\/es\\\/#\\\/schema\\\/logo\\\/image\\\/\"}},{\"@type\":\"Person\",\"@id\":\"https:\\\/\\\/iraurgiberritzen.eus\\\/es\\\/#\\\/schema\\\/person\\\/a32c9825b3e2bfcbe757a97f6a15c8a5\",\"name\":\"ainara\"}]}<\/script>\n<!-- \/ Yoast SEO plugin. -->","yoast_head_json":{"title":"Reforzando la orientaci\u00f3n acad\u00e9mica de los j\u00f3venes. Proyecto GEROLAN - Iraurgi Berritzen","robots":{"index":"index","follow":"follow","max-snippet":"max-snippet:-1","max-image-preview":"max-image-preview:large","max-video-preview":"max-video-preview:-1"},"canonical":"https:\/\/iraurgiberritzen.eus\/es\/reforzando-la-orientacion-academica-de-los-jovenes-proyecto-gerolan\/","og_locale":"es_ES","og_type":"article","og_title":"Reforzando la orientaci\u00f3n acad\u00e9mica de los j\u00f3venes. Proyecto GEROLAN - Iraurgi Berritzen","og_description":"Cerca de 300 alumnos y alumnas conocer\u00e1n de primera mano la realidad de unos 35 agentes socio-econ\u00f3micos seg\u00fan grupos de inter\u00e9s.\u00a0 \u00a0 El grupo de trabajo de orientadores de 5 centros escolares de la comarca ha realizado la reuni\u00f3n de seguimiento correspondiente al proyecto Gerolan, consensuando las acciones que se llevar\u00e1n a cabo en los [&hellip;]","og_url":"https:\/\/iraurgiberritzen.eus\/es\/reforzando-la-orientacion-academica-de-los-jovenes-proyecto-gerolan\/","og_site_name":"Iraurgi Berritzen","article_published_time":"2025-01-21T12:14:30+00:00","article_modified_time":"2025-01-21T12:20:23+00:00","og_image":[{"width":2560,"height":1920,"url":"https:\/\/iraurgiberritzen.eus\/wp-content\/uploads\/2025\/01\/WhatsApp-Image-2025-01-16-at-09.47.24-scaled.jpeg","type":"image\/jpeg"}],"author":"ainara","twitter_card":"summary_large_image","twitter_misc":{"Escrito por":"ainara","Tiempo de lectura":"2 minutos"},"schema":{"@context":"https:\/\/schema.org","@graph":[{"@type":"Article","@id":"https:\/\/iraurgiberritzen.eus\/es\/reforzando-la-orientacion-academica-de-los-jovenes-proyecto-gerolan\/#article","isPartOf":{"@id":"https:\/\/iraurgiberritzen.eus\/es\/reforzando-la-orientacion-academica-de-los-jovenes-proyecto-gerolan\/"},"author":{"name":"ainara","@id":"https:\/\/iraurgiberritzen.eus\/es\/#\/schema\/person\/a32c9825b3e2bfcbe757a97f6a15c8a5"},"headline":"Reforzando la orientaci\u00f3n acad\u00e9mica de los j\u00f3venes. Proyecto GEROLAN","datePublished":"2025-01-21T12:14:30+00:00","dateModified":"2025-01-21T12:20:23+00:00","mainEntityOfPage":{"@id":"https:\/\/iraurgiberritzen.eus\/es\/reforzando-la-orientacion-academica-de-los-jovenes-proyecto-gerolan\/"},"wordCount":185,"publisher":{"@id":"https:\/\/iraurgiberritzen.eus\/es\/#organization"},"image":{"@id":"https:\/\/iraurgiberritzen.eus\/es\/reforzando-la-orientacion-academica-de-los-jovenes-proyecto-gerolan\/#primaryimage"},"thumbnailUrl":"https:\/\/iraurgiberritzen.eus\/wp-content\/uploads\/2025\/01\/WhatsApp-Image-2025-01-16-at-09.47.24-scaled.jpeg","articleSection":["Noticias"],"inLanguage":"es"},{"@type":"WebPage","@id":"https:\/\/iraurgiberritzen.eus\/es\/reforzando-la-orientacion-academica-de-los-jovenes-proyecto-gerolan\/","url":"https:\/\/iraurgiberritzen.eus\/es\/reforzando-la-orientacion-academica-de-los-jovenes-proyecto-gerolan\/","name":"Reforzando la orientaci\u00f3n acad\u00e9mica de los j\u00f3venes. Proyecto GEROLAN - Iraurgi Berritzen","isPartOf":{"@id":"https:\/\/iraurgiberritzen.eus\/es\/#website"},"primaryImageOfPage":{"@id":"https:\/\/iraurgiberritzen.eus\/es\/reforzando-la-orientacion-academica-de-los-jovenes-proyecto-gerolan\/#primaryimage"},"image":{"@id":"https:\/\/iraurgiberritzen.eus\/es\/reforzando-la-orientacion-academica-de-los-jovenes-proyecto-gerolan\/#primaryimage"},"thumbnailUrl":"https:\/\/iraurgiberritzen.eus\/wp-content\/uploads\/2025\/01\/WhatsApp-Image-2025-01-16-at-09.47.24-scaled.jpeg","datePublished":"2025-01-21T12:14:30+00:00","dateModified":"2025-01-21T12:20:23+00:00","breadcrumb":{"@id":"https:\/\/iraurgiberritzen.eus\/es\/reforzando-la-orientacion-academica-de-los-jovenes-proyecto-gerolan\/#breadcrumb"},"inLanguage":"es","potentialAction":[{"@type":"ReadAction","target":["https:\/\/iraurgiberritzen.eus\/es\/reforzando-la-orientacion-academica-de-los-jovenes-proyecto-gerolan\/"]}]},{"@type":"ImageObject","inLanguage":"es","@id":"https:\/\/iraurgiberritzen.eus\/es\/reforzando-la-orientacion-academica-de-los-jovenes-proyecto-gerolan\/#primaryimage","url":"https:\/\/iraurgiberritzen.eus\/wp-content\/uploads\/2025\/01\/WhatsApp-Image-2025-01-16-at-09.47.24-scaled.jpeg","contentUrl":"https:\/\/iraurgiberritzen.eus\/wp-content\/uploads\/2025\/01\/WhatsApp-Image-2025-01-16-at-09.47.24-scaled.jpeg","width":2560,"height":1920},{"@type":"BreadcrumbList","@id":"https:\/\/iraurgiberritzen.eus\/es\/reforzando-la-orientacion-academica-de-los-jovenes-proyecto-gerolan\/#breadcrumb","itemListElement":[{"@type":"ListItem","position":1,"name":"Home","item":"https:\/\/iraurgiberritzen.eus\/es\/"},{"@type":"ListItem","position":2,"name":"Reforzando la orientaci\u00f3n acad\u00e9mica de los j\u00f3venes. Proyecto GEROLAN"}]},{"@type":"WebSite","@id":"https:\/\/iraurgiberritzen.eus\/es\/#website","url":"https:\/\/iraurgiberritzen.eus\/es\/","name":"Iraurgi Berritzen","description":"Urola Erdiko Garapen Agentzia","publisher":{"@id":"https:\/\/iraurgiberritzen.eus\/es\/#organization"},"potentialAction":[{"@type":"SearchAction","target":{"@type":"EntryPoint","urlTemplate":"https:\/\/iraurgiberritzen.eus\/es\/?s={search_term_string}"},"query-input":{"@type":"PropertyValueSpecification","valueRequired":true,"valueName":"search_term_string"}}],"inLanguage":"es"},{"@type":"Organization","@id":"https:\/\/iraurgiberritzen.eus\/es\/#organization","name":"Iraurgi Berritzen","url":"https:\/\/iraurgiberritzen.eus\/es\/","logo":{"@type":"ImageObject","inLanguage":"es","@id":"https:\/\/iraurgiberritzen.eus\/es\/#\/schema\/logo\/image\/","url":"https:\/\/iraurgiberritzen.eus\/wp-content\/uploads\/2024\/02\/IRAURGI-BERRITZEN-logotipoa_2.png","contentUrl":"https:\/\/iraurgiberritzen.eus\/wp-content\/uploads\/2024\/02\/IRAURGI-BERRITZEN-logotipoa_2.png","width":496,"height":190,"caption":"Iraurgi Berritzen"},"image":{"@id":"https:\/\/iraurgiberritzen.eus\/es\/#\/schema\/logo\/image\/"}},{"@type":"Person","@id":"https:\/\/iraurgiberritzen.eus\/es\/#\/schema\/person\/a32c9825b3e2bfcbe757a97f6a15c8a5","name":"ainara"}]}},"_links":{"self":[{"href":"https:\/\/iraurgiberritzen.eus\/es\/wp-json\/wp\/v2\/posts\/22365","targetHints":{"allow":["GET"]}}],"collection":[{"href":"https:\/\/iraurgiberritzen.eus\/es\/wp-json\/wp\/v2\/posts"}],"about":[{"href":"https:\/\/iraurgiberritzen.eus\/es\/wp-json\/wp\/v2\/types\/post"}],"author":[{"embeddable":true,"href":"https:\/\/iraurgiberritzen.eus\/es\/wp-json\/wp\/v2\/users\/4"}],"replies":[{"embeddable":true,"href":"https:\/\/iraurgiberritzen.eus\/es\/wp-json\/wp\/v2\/comments?post=22365"}],"version-history":[{"count":4,"href":"https:\/\/iraurgiberritzen.eus\/es\/wp-json\/wp\/v2\/posts\/22365\/revisions"}],"predecessor-version":[{"id":22369,"href":"https:\/\/iraurgiberritzen.eus\/es\/wp-json\/wp\/v2\/posts\/22365\/revisions\/22369"}],"wp:featuredmedia":[{"embeddable":true,"href":"https:\/\/iraurgiberritzen.eus\/es\/wp-json\/wp\/v2\/media\/22363"}],"wp:attachment":[{"href":"https:\/\/iraurgiberritzen.eus\/es\/wp-json\/wp\/v2\/media?parent=22365"}],"wp:term":[{"taxonomy":"category","embeddable":true,"href":"https:\/\/iraurgiberritzen.eus\/es\/wp-json\/wp\/v2\/categories?post=22365"},{"taxonomy":"post_tag","embeddable":true,"href":"https:\/\/iraurgiberritzen.eus\/es\/wp-json\/wp\/v2\/tags?post=22365"}],"curies":[{"name":"wp","href":"https:\/\/api.w.org\/{rel}","templated":true}]}}