{"id":22451,"date":"2025-01-23T16:31:22","date_gmt":"2025-01-23T14:31:22","guid":{"rendered":"https:\/\/iraurgiberritzen.eus\/?p=22451"},"modified":"2025-01-23T16:32:53","modified_gmt":"2025-01-23T14:32:53","slug":"participacion-de-la-comarca-urola-erdia-en-fitur","status":"publish","type":"post","link":"https:\/\/iraurgiberritzen.eus\/es\/participacion-de-la-comarca-urola-erdia-en-fitur\/","title":{"rendered":"Participaci\u00f3n de la comarca Urola Erdia en Fitur"},"content":{"rendered":"<h3><em>Representaci\u00f3n de Iraurgi Berritzen en la feria internacional de turismo FITUR.<\/em><\/h3>\n<p>De la mano de Iraurgi Berritzen, la oferta tur\u00edstica de la comarca de Urola Erdia ha tenido su espacio en el stand de Euskadi Basque Country en la feria internacional de turismo FITUR.<\/p>\n<p>Como novedad, este a\u00f1o hemos acudido a la feria con la propuesta tur\u00edstica Urola Grand Tour. La del Urola es una propuesta tur\u00edstica que hemos abordado ligada al producto Euskadi Basque Country Grand Tour y cuya esencia es dar a conocer los diferentes rincones de la comarca a trav\u00e9s de un viaje por carretera, haciendo paradas. Siguiendo la filosof\u00eda del amplio producto Euskadi Basque Country Grand Tour y conectando directamente con la segunda etapa de este producto, la etapa Lekeitio-Zarautz, el haber realizado esta vinculaci\u00f3n entre Urola y Euskadi le ha ayudado a dar la voz en FITUR.<\/p>\n<p>Sin embargo, el hito m\u00e1s importante que hemos tenido en la feria ha sido la presentaci\u00f3n del proyecto HIRUMA. HIRUMA es la nueva denominaci\u00f3n del proyecto tur\u00edstico que desarrollamos en colaboraci\u00f3n con las comarcas de Urola Garaia y Debagoiena, y su objetivo es proyectar de forma conjunta el turismo de tres comarcas en los mercados exteriores, bas\u00e1ndose en tres pilares: Naturaleza, Patrimonio y Producto local-Gastronom\u00eda, Euskera, identidad vasca y sostenibilidad como ejes transversales.<\/p>\n<p>En la presentaci\u00f3n ha participado la presidenta de Iraurgi Berritzen, Ana Azkoitia, junto a los presidentes de Urola Garaia y Debagoiena. En ella hemos contado con la colaboraci\u00f3n y participaci\u00f3n de Azahara Dom\u00ednguez, Diputada Foral de Turismo de la Diputaci\u00f3n Foral de Gipuzkoa, y Clara Navas, Directora de Turismo y Hosteler\u00eda de Euskadi.<\/p>\n<p>La delegaci\u00f3n comarcal ha estado formada por los concejales del ayuntamiento de Azpeitia, Leire Goenaga y Mikel Odriozola, el concejal del ayuntamiento de Azkoitia, Juan Bautista Mendizabal, y los miembros del \u00e1rea de Turismo de Iraurgi Berritzen, Oihana Aranbarri y Jes\u00fas Mujika.<\/p>\n","protected":false},"excerpt":{"rendered":"<p>Representaci\u00f3n de Iraurgi Berritzen en la feria internacional de turismo FITUR. De la mano de Iraurgi Berritzen, la oferta tur\u00edstica de la comarca de Urola Erdia ha tenido su espacio en el stand de Euskadi Basque Country en la feria internacional de turismo FITUR. Como novedad, este a\u00f1o hemos acudido a la feria con la [&hellip;]<\/p>\n","protected":false},"author":4,"featured_media":22442,"comment_status":"closed","ping_status":"closed","sticky":false,"template":"","format":"standard","meta":{"_acf_changed":false,"footnotes":""},"categories":[4],"tags":[],"class_list":["post-22451","post","type-post","status-publish","format-standard","has-post-thumbnail","hentry","category-noticias","arloak-turismo"],"acf":[],"yoast_head":"<!-- This site is optimized with the Yoast SEO plugin v27.4 - https:\/\/yoast.com\/product\/yoast-seo-wordpress\/ -->\n<title>Participaci\u00f3n de la comarca Urola Erdia en Fitur - Iraurgi Berritzen<\/title>\n<meta name=\"robots\" content=\"index, follow, max-snippet:-1, max-image-preview:large, max-video-preview:-1\" \/>\n<link rel=\"canonical\" href=\"https:\/\/iraurgiberritzen.eus\/es\/participacion-de-la-comarca-urola-erdia-en-fitur\/\" \/>\n<meta property=\"og:locale\" content=\"es_ES\" \/>\n<meta property=\"og:type\" content=\"article\" \/>\n<meta property=\"og:title\" content=\"Participaci\u00f3n de la comarca Urola Erdia en Fitur - Iraurgi Berritzen\" \/>\n<meta property=\"og:description\" content=\"Representaci\u00f3n de Iraurgi Berritzen en la feria internacional de turismo FITUR. De la mano de Iraurgi Berritzen, la oferta tur\u00edstica de la comarca de Urola Erdia ha tenido su espacio en el stand de Euskadi Basque Country en la feria internacional de turismo FITUR. Como novedad, este a\u00f1o hemos acudido a la feria con la [&hellip;]\" \/>\n<meta property=\"og:url\" content=\"https:\/\/iraurgiberritzen.eus\/es\/participacion-de-la-comarca-urola-erdia-en-fitur\/\" \/>\n<meta property=\"og:site_name\" content=\"Iraurgi Berritzen\" \/>\n<meta property=\"article:published_time\" content=\"2025-01-23T14:31:22+00:00\" \/>\n<meta property=\"article:modified_time\" content=\"2025-01-23T14:32:53+00:00\" \/>\n<meta property=\"og:image\" content=\"https:\/\/iraurgiberritzen.eus\/wp-content\/uploads\/2025\/01\/738d3bb9-cf62-42d3-a9a8-87b5931e5c37_VSCO-scaled.jpg\" \/>\n\t<meta property=\"og:image:width\" content=\"1986\" \/>\n\t<meta property=\"og:image:height\" content=\"2560\" \/>\n\t<meta property=\"og:image:type\" content=\"image\/jpeg\" \/>\n<meta name=\"author\" content=\"ainara\" \/>\n<meta name=\"twitter:card\" content=\"summary_large_image\" \/>\n<meta name=\"twitter:label1\" content=\"Escrito por\" \/>\n\t<meta name=\"twitter:data1\" content=\"ainara\" \/>\n\t<meta name=\"twitter:label2\" content=\"Tiempo de lectura\" \/>\n\t<meta name=\"twitter:data2\" content=\"2 minutos\" \/>\n<script type=\"application\/ld+json\" class=\"yoast-schema-graph\">{\"@context\":\"https:\\\/\\\/schema.org\",\"@graph\":[{\"@type\":\"Article\",\"@id\":\"https:\\\/\\\/iraurgiberritzen.eus\\\/es\\\/participacion-de-la-comarca-urola-erdia-en-fitur\\\/#article\",\"isPartOf\":{\"@id\":\"https:\\\/\\\/iraurgiberritzen.eus\\\/es\\\/participacion-de-la-comarca-urola-erdia-en-fitur\\\/\"},\"author\":{\"name\":\"ainara\",\"@id\":\"https:\\\/\\\/iraurgiberritzen.eus\\\/es\\\/#\\\/schema\\\/person\\\/a32c9825b3e2bfcbe757a97f6a15c8a5\"},\"headline\":\"Participaci\u00f3n de la comarca Urola Erdia en Fitur\",\"datePublished\":\"2025-01-23T14:31:22+00:00\",\"dateModified\":\"2025-01-23T14:32:53+00:00\",\"mainEntityOfPage\":{\"@id\":\"https:\\\/\\\/iraurgiberritzen.eus\\\/es\\\/participacion-de-la-comarca-urola-erdia-en-fitur\\\/\"},\"wordCount\":342,\"publisher\":{\"@id\":\"https:\\\/\\\/iraurgiberritzen.eus\\\/es\\\/#organization\"},\"image\":{\"@id\":\"https:\\\/\\\/iraurgiberritzen.eus\\\/es\\\/participacion-de-la-comarca-urola-erdia-en-fitur\\\/#primaryimage\"},\"thumbnailUrl\":\"https:\\\/\\\/iraurgiberritzen.eus\\\/wp-content\\\/uploads\\\/2025\\\/01\\\/738d3bb9-cf62-42d3-a9a8-87b5931e5c37_VSCO-scaled.jpg\",\"articleSection\":[\"Noticias\"],\"inLanguage\":\"es\"},{\"@type\":\"WebPage\",\"@id\":\"https:\\\/\\\/iraurgiberritzen.eus\\\/es\\\/participacion-de-la-comarca-urola-erdia-en-fitur\\\/\",\"url\":\"https:\\\/\\\/iraurgiberritzen.eus\\\/es\\\/participacion-de-la-comarca-urola-erdia-en-fitur\\\/\",\"name\":\"Participaci\u00f3n de la comarca Urola Erdia en Fitur - Iraurgi Berritzen\",\"isPartOf\":{\"@id\":\"https:\\\/\\\/iraurgiberritzen.eus\\\/es\\\/#website\"},\"primaryImageOfPage\":{\"@id\":\"https:\\\/\\\/iraurgiberritzen.eus\\\/es\\\/participacion-de-la-comarca-urola-erdia-en-fitur\\\/#primaryimage\"},\"image\":{\"@id\":\"https:\\\/\\\/iraurgiberritzen.eus\\\/es\\\/participacion-de-la-comarca-urola-erdia-en-fitur\\\/#primaryimage\"},\"thumbnailUrl\":\"https:\\\/\\\/iraurgiberritzen.eus\\\/wp-content\\\/uploads\\\/2025\\\/01\\\/738d3bb9-cf62-42d3-a9a8-87b5931e5c37_VSCO-scaled.jpg\",\"datePublished\":\"2025-01-23T14:31:22+00:00\",\"dateModified\":\"2025-01-23T14:32:53+00:00\",\"breadcrumb\":{\"@id\":\"https:\\\/\\\/iraurgiberritzen.eus\\\/es\\\/participacion-de-la-comarca-urola-erdia-en-fitur\\\/#breadcrumb\"},\"inLanguage\":\"es\",\"potentialAction\":[{\"@type\":\"ReadAction\",\"target\":[\"https:\\\/\\\/iraurgiberritzen.eus\\\/es\\\/participacion-de-la-comarca-urola-erdia-en-fitur\\\/\"]}]},{\"@type\":\"ImageObject\",\"inLanguage\":\"es\",\"@id\":\"https:\\\/\\\/iraurgiberritzen.eus\\\/es\\\/participacion-de-la-comarca-urola-erdia-en-fitur\\\/#primaryimage\",\"url\":\"https:\\\/\\\/iraurgiberritzen.eus\\\/wp-content\\\/uploads\\\/2025\\\/01\\\/738d3bb9-cf62-42d3-a9a8-87b5931e5c37_VSCO-scaled.jpg\",\"contentUrl\":\"https:\\\/\\\/iraurgiberritzen.eus\\\/wp-content\\\/uploads\\\/2025\\\/01\\\/738d3bb9-cf62-42d3-a9a8-87b5931e5c37_VSCO-scaled.jpg\",\"width\":1986,\"height\":2560,\"caption\":\"Processed with VSCO with a5 preset\"},{\"@type\":\"BreadcrumbList\",\"@id\":\"https:\\\/\\\/iraurgiberritzen.eus\\\/es\\\/participacion-de-la-comarca-urola-erdia-en-fitur\\\/#breadcrumb\",\"itemListElement\":[{\"@type\":\"ListItem\",\"position\":1,\"name\":\"Home\",\"item\":\"https:\\\/\\\/iraurgiberritzen.eus\\\/es\\\/\"},{\"@type\":\"ListItem\",\"position\":2,\"name\":\"Participaci\u00f3n de la comarca Urola Erdia en Fitur\"}]},{\"@type\":\"WebSite\",\"@id\":\"https:\\\/\\\/iraurgiberritzen.eus\\\/es\\\/#website\",\"url\":\"https:\\\/\\\/iraurgiberritzen.eus\\\/es\\\/\",\"name\":\"Iraurgi Berritzen\",\"description\":\"Urola Erdiko Garapen Agentzia\",\"publisher\":{\"@id\":\"https:\\\/\\\/iraurgiberritzen.eus\\\/es\\\/#organization\"},\"potentialAction\":[{\"@type\":\"SearchAction\",\"target\":{\"@type\":\"EntryPoint\",\"urlTemplate\":\"https:\\\/\\\/iraurgiberritzen.eus\\\/es\\\/?s={search_term_string}\"},\"query-input\":{\"@type\":\"PropertyValueSpecification\",\"valueRequired\":true,\"valueName\":\"search_term_string\"}}],\"inLanguage\":\"es\"},{\"@type\":\"Organization\",\"@id\":\"https:\\\/\\\/iraurgiberritzen.eus\\\/es\\\/#organization\",\"name\":\"Iraurgi Berritzen\",\"url\":\"https:\\\/\\\/iraurgiberritzen.eus\\\/es\\\/\",\"logo\":{\"@type\":\"ImageObject\",\"inLanguage\":\"es\",\"@id\":\"https:\\\/\\\/iraurgiberritzen.eus\\\/es\\\/#\\\/schema\\\/logo\\\/image\\\/\",\"url\":\"https:\\\/\\\/iraurgiberritzen.eus\\\/wp-content\\\/uploads\\\/2024\\\/02\\\/IRAURGI-BERRITZEN-logotipoa_2.png\",\"contentUrl\":\"https:\\\/\\\/iraurgiberritzen.eus\\\/wp-content\\\/uploads\\\/2024\\\/02\\\/IRAURGI-BERRITZEN-logotipoa_2.png\",\"width\":496,\"height\":190,\"caption\":\"Iraurgi Berritzen\"},\"image\":{\"@id\":\"https:\\\/\\\/iraurgiberritzen.eus\\\/es\\\/#\\\/schema\\\/logo\\\/image\\\/\"}},{\"@type\":\"Person\",\"@id\":\"https:\\\/\\\/iraurgiberritzen.eus\\\/es\\\/#\\\/schema\\\/person\\\/a32c9825b3e2bfcbe757a97f6a15c8a5\",\"name\":\"ainara\"}]}<\/script>\n<!-- \/ Yoast SEO plugin. -->","yoast_head_json":{"title":"Participaci\u00f3n de la comarca Urola Erdia en Fitur - Iraurgi Berritzen","robots":{"index":"index","follow":"follow","max-snippet":"max-snippet:-1","max-image-preview":"max-image-preview:large","max-video-preview":"max-video-preview:-1"},"canonical":"https:\/\/iraurgiberritzen.eus\/es\/participacion-de-la-comarca-urola-erdia-en-fitur\/","og_locale":"es_ES","og_type":"article","og_title":"Participaci\u00f3n de la comarca Urola Erdia en Fitur - Iraurgi Berritzen","og_description":"Representaci\u00f3n de Iraurgi Berritzen en la feria internacional de turismo FITUR. De la mano de Iraurgi Berritzen, la oferta tur\u00edstica de la comarca de Urola Erdia ha tenido su espacio en el stand de Euskadi Basque Country en la feria internacional de turismo FITUR. Como novedad, este a\u00f1o hemos acudido a la feria con la [&hellip;]","og_url":"https:\/\/iraurgiberritzen.eus\/es\/participacion-de-la-comarca-urola-erdia-en-fitur\/","og_site_name":"Iraurgi Berritzen","article_published_time":"2025-01-23T14:31:22+00:00","article_modified_time":"2025-01-23T14:32:53+00:00","og_image":[{"width":1986,"height":2560,"url":"https:\/\/iraurgiberritzen.eus\/wp-content\/uploads\/2025\/01\/738d3bb9-cf62-42d3-a9a8-87b5931e5c37_VSCO-scaled.jpg","type":"image\/jpeg"}],"author":"ainara","twitter_card":"summary_large_image","twitter_misc":{"Escrito por":"ainara","Tiempo de lectura":"2 minutos"},"schema":{"@context":"https:\/\/schema.org","@graph":[{"@type":"Article","@id":"https:\/\/iraurgiberritzen.eus\/es\/participacion-de-la-comarca-urola-erdia-en-fitur\/#article","isPartOf":{"@id":"https:\/\/iraurgiberritzen.eus\/es\/participacion-de-la-comarca-urola-erdia-en-fitur\/"},"author":{"name":"ainara","@id":"https:\/\/iraurgiberritzen.eus\/es\/#\/schema\/person\/a32c9825b3e2bfcbe757a97f6a15c8a5"},"headline":"Participaci\u00f3n de la comarca Urola Erdia en Fitur","datePublished":"2025-01-23T14:31:22+00:00","dateModified":"2025-01-23T14:32:53+00:00","mainEntityOfPage":{"@id":"https:\/\/iraurgiberritzen.eus\/es\/participacion-de-la-comarca-urola-erdia-en-fitur\/"},"wordCount":342,"publisher":{"@id":"https:\/\/iraurgiberritzen.eus\/es\/#organization"},"image":{"@id":"https:\/\/iraurgiberritzen.eus\/es\/participacion-de-la-comarca-urola-erdia-en-fitur\/#primaryimage"},"thumbnailUrl":"https:\/\/iraurgiberritzen.eus\/wp-content\/uploads\/2025\/01\/738d3bb9-cf62-42d3-a9a8-87b5931e5c37_VSCO-scaled.jpg","articleSection":["Noticias"],"inLanguage":"es"},{"@type":"WebPage","@id":"https:\/\/iraurgiberritzen.eus\/es\/participacion-de-la-comarca-urola-erdia-en-fitur\/","url":"https:\/\/iraurgiberritzen.eus\/es\/participacion-de-la-comarca-urola-erdia-en-fitur\/","name":"Participaci\u00f3n de la comarca Urola Erdia en Fitur - Iraurgi Berritzen","isPartOf":{"@id":"https:\/\/iraurgiberritzen.eus\/es\/#website"},"primaryImageOfPage":{"@id":"https:\/\/iraurgiberritzen.eus\/es\/participacion-de-la-comarca-urola-erdia-en-fitur\/#primaryimage"},"image":{"@id":"https:\/\/iraurgiberritzen.eus\/es\/participacion-de-la-comarca-urola-erdia-en-fitur\/#primaryimage"},"thumbnailUrl":"https:\/\/iraurgiberritzen.eus\/wp-content\/uploads\/2025\/01\/738d3bb9-cf62-42d3-a9a8-87b5931e5c37_VSCO-scaled.jpg","datePublished":"2025-01-23T14:31:22+00:00","dateModified":"2025-01-23T14:32:53+00:00","breadcrumb":{"@id":"https:\/\/iraurgiberritzen.eus\/es\/participacion-de-la-comarca-urola-erdia-en-fitur\/#breadcrumb"},"inLanguage":"es","potentialAction":[{"@type":"ReadAction","target":["https:\/\/iraurgiberritzen.eus\/es\/participacion-de-la-comarca-urola-erdia-en-fitur\/"]}]},{"@type":"ImageObject","inLanguage":"es","@id":"https:\/\/iraurgiberritzen.eus\/es\/participacion-de-la-comarca-urola-erdia-en-fitur\/#primaryimage","url":"https:\/\/iraurgiberritzen.eus\/wp-content\/uploads\/2025\/01\/738d3bb9-cf62-42d3-a9a8-87b5931e5c37_VSCO-scaled.jpg","contentUrl":"https:\/\/iraurgiberritzen.eus\/wp-content\/uploads\/2025\/01\/738d3bb9-cf62-42d3-a9a8-87b5931e5c37_VSCO-scaled.jpg","width":1986,"height":2560,"caption":"Processed with VSCO with a5 preset"},{"@type":"BreadcrumbList","@id":"https:\/\/iraurgiberritzen.eus\/es\/participacion-de-la-comarca-urola-erdia-en-fitur\/#breadcrumb","itemListElement":[{"@type":"ListItem","position":1,"name":"Home","item":"https:\/\/iraurgiberritzen.eus\/es\/"},{"@type":"ListItem","position":2,"name":"Participaci\u00f3n de la comarca Urola Erdia en Fitur"}]},{"@type":"WebSite","@id":"https:\/\/iraurgiberritzen.eus\/es\/#website","url":"https:\/\/iraurgiberritzen.eus\/es\/","name":"Iraurgi Berritzen","description":"Urola Erdiko Garapen Agentzia","publisher":{"@id":"https:\/\/iraurgiberritzen.eus\/es\/#organization"},"potentialAction":[{"@type":"SearchAction","target":{"@type":"EntryPoint","urlTemplate":"https:\/\/iraurgiberritzen.eus\/es\/?s={search_term_string}"},"query-input":{"@type":"PropertyValueSpecification","valueRequired":true,"valueName":"search_term_string"}}],"inLanguage":"es"},{"@type":"Organization","@id":"https:\/\/iraurgiberritzen.eus\/es\/#organization","name":"Iraurgi Berritzen","url":"https:\/\/iraurgiberritzen.eus\/es\/","logo":{"@type":"ImageObject","inLanguage":"es","@id":"https:\/\/iraurgiberritzen.eus\/es\/#\/schema\/logo\/image\/","url":"https:\/\/iraurgiberritzen.eus\/wp-content\/uploads\/2024\/02\/IRAURGI-BERRITZEN-logotipoa_2.png","contentUrl":"https:\/\/iraurgiberritzen.eus\/wp-content\/uploads\/2024\/02\/IRAURGI-BERRITZEN-logotipoa_2.png","width":496,"height":190,"caption":"Iraurgi Berritzen"},"image":{"@id":"https:\/\/iraurgiberritzen.eus\/es\/#\/schema\/logo\/image\/"}},{"@type":"Person","@id":"https:\/\/iraurgiberritzen.eus\/es\/#\/schema\/person\/a32c9825b3e2bfcbe757a97f6a15c8a5","name":"ainara"}]}},"_links":{"self":[{"href":"https:\/\/iraurgiberritzen.eus\/es\/wp-json\/wp\/v2\/posts\/22451","targetHints":{"allow":["GET"]}}],"collection":[{"href":"https:\/\/iraurgiberritzen.eus\/es\/wp-json\/wp\/v2\/posts"}],"about":[{"href":"https:\/\/iraurgiberritzen.eus\/es\/wp-json\/wp\/v2\/types\/post"}],"author":[{"embeddable":true,"href":"https:\/\/iraurgiberritzen.eus\/es\/wp-json\/wp\/v2\/users\/4"}],"replies":[{"embeddable":true,"href":"https:\/\/iraurgiberritzen.eus\/es\/wp-json\/wp\/v2\/comments?post=22451"}],"version-history":[{"count":2,"href":"https:\/\/iraurgiberritzen.eus\/es\/wp-json\/wp\/v2\/posts\/22451\/revisions"}],"predecessor-version":[{"id":22453,"href":"https:\/\/iraurgiberritzen.eus\/es\/wp-json\/wp\/v2\/posts\/22451\/revisions\/22453"}],"wp:featuredmedia":[{"embeddable":true,"href":"https:\/\/iraurgiberritzen.eus\/es\/wp-json\/wp\/v2\/media\/22442"}],"wp:attachment":[{"href":"https:\/\/iraurgiberritzen.eus\/es\/wp-json\/wp\/v2\/media?parent=22451"}],"wp:term":[{"taxonomy":"category","embeddable":true,"href":"https:\/\/iraurgiberritzen.eus\/es\/wp-json\/wp\/v2\/categories?post=22451"},{"taxonomy":"post_tag","embeddable":true,"href":"https:\/\/iraurgiberritzen.eus\/es\/wp-json\/wp\/v2\/tags?post=22451"}],"curies":[{"name":"wp","href":"https:\/\/api.w.org\/{rel}","templated":true}]}}