{"id":22467,"date":"2025-01-25T14:16:56","date_gmt":"2025-01-25T12:16:56","guid":{"rendered":"https:\/\/iraurgiberritzen.eus\/?p=22467"},"modified":"2025-01-25T14:18:28","modified_gmt":"2025-01-25T12:18:28","slug":"la-4a-edicion-del-programa-industria-ya-esta-en-marcha-sensibilizacion-de-empresas-de-urola-erdia-y-urola-garaia-en-la-aplicacion-de-la-ia-generativa","status":"publish","type":"post","link":"https:\/\/iraurgiberritzen.eus\/es\/la-4a-edicion-del-programa-industria-ya-esta-en-marcha-sensibilizacion-de-empresas-de-urola-erdia-y-urola-garaia-en-la-aplicacion-de-la-ia-generativa\/","title":{"rendered":"En marcha la 4\u00aa edici\u00f3n del Programa IndustrIA: sensibilizando a las empresas de Urola Erdia y Urola Garaia en la aplicaci\u00f3n de la IA Generativa"},"content":{"rendered":"<p><span data-contrast=\"auto\">Ante el \u00e9xito de las tres ediciones anteriores del Programa Especializado en Inteligencia Artificial Generativa y dirigido a Empresas Industriales, se prev\u00e9 la puesta en marcha de una 4\u00aa edici\u00f3n en breve bajo la direcci\u00f3n de <strong><a href=\"https:\/\/www.linkedin.com\/company\/digitalentu\/posts\/?feedView=all\" target=\"_blank\" rel=\"noopener\">DigiTalentu<\/a><\/strong> y <strong><a href=\"https:\/\/www.linkedin.com\/company\/brainandcodetech\/\" target=\"_blank\" rel=\"noopener\">brainandcode.tech<\/a><\/strong>.<\/span><span data-ccp-props=\"{&quot;134233117&quot;:false,&quot;134233118&quot;:false,&quot;335551550&quot;:6,&quot;335551620&quot;:6,&quot;335559685&quot;:0,&quot;335559738&quot;:240,&quot;335559739&quot;:240}\">\u00a0<\/span><\/p>\n<p><span data-contrast=\"auto\">El desarrollo de habilidades para el uso de la Inteligencia Artificial Generativa se ha convertido en un nuevo factor cr\u00edtico de \u00e9xito para las empresas industriales que quieren seguir siendo rentables en un contexto cada vez m\u00e1s competitivo, cambiante y global.<\/span><span data-ccp-props=\"{&quot;134233117&quot;:false,&quot;134233118&quot;:false,&quot;335551550&quot;:6,&quot;335551620&quot;:6,&quot;335559685&quot;:0,&quot;335559738&quot;:240,&quot;335559739&quot;:240}\">\u00a0<\/span><\/p>\n<p><span data-contrast=\"auto\">En este sentido, el pasado jueves se organiz\u00f3 un <\/span><b><span data-contrast=\"auto\">webinar<\/span><\/b> <b><span data-contrast=\"auto\">en colaboraci\u00f3n con UGGASA,<\/span><\/b><span data-contrast=\"auto\"> la Agencia de Desarrollo de Urola Garaia y <\/span><b><span data-contrast=\"auto\">DigiTalentu<\/span><\/b><span data-contrast=\"auto\">, donde se ofreci\u00f3 informaci\u00f3n sobre el lanzamiento de la 4\u00aa edici\u00f3n del programa, de la mano de \u00c1lvaro Zevallos (DigiTalentu). Los participantes, representantes de varias empresas industriales de las comarcas de Urola Erdia y Urola Garaia, pudieron ver c\u00f3mo aplicar la IA Generativa\u00a0de forma eficaz y rentable en sus empresas. Adem\u00e1s, tuvieron la oportunidad de aclarar sus dudas sobre este programa.<\/span><span data-ccp-props=\"{&quot;134233117&quot;:false,&quot;134233118&quot;:false,&quot;335551550&quot;:6,&quot;335551620&quot;:6,&quot;335559685&quot;:0,&quot;335559738&quot;:240,&quot;335559739&quot;:240}\">\u00a0<\/span><\/p>\n<p><span data-contrast=\"auto\">En los siguientes enlaces se puede obtener m\u00e1s informaci\u00f3n sobre el programa y realizar la inscripci\u00f3n:<\/span><span data-ccp-props=\"{&quot;134233117&quot;:false,&quot;134233118&quot;:false,&quot;335551550&quot;:6,&quot;335551620&quot;:6,&quot;335559685&quot;:0,&quot;335559738&quot;:240,&quot;335559739&quot;:240}\">\u00a0<\/span><\/p>\n<ul>\n<li data-leveltext=\"\uf0b7\" data-font=\"Symbol\" data-listid=\"3\" data-list-defn-props=\"{&quot;335552541&quot;:1,&quot;335559683&quot;:0,&quot;335559684&quot;:-2,&quot;335559685&quot;:720,&quot;335559991&quot;:360,&quot;469769226&quot;:&quot;Symbol&quot;,&quot;469769242&quot;:[8226],&quot;469777803&quot;:&quot;left&quot;,&quot;469777804&quot;:&quot;\uf0b7&quot;,&quot;469777815&quot;:&quot;hybridMultilevel&quot;}\" aria-setsize=\"-1\" data-aria-posinset=\"1\" data-aria-level=\"1\"><strong><a href=\"https:\/\/mcusercontent.com\/2d8efe8a0ff1f67eeea7bfe97\/files\/92d47e43-4e69-825c-5adc-50ea33440282\/Edicio_n_4._Programa_especializado_en_Inteligencia_Artificial_Generativa_para_la_Empresa_Industrial.pdf\" target=\"_blank\" rel=\"noopener\">Programa<\/a><\/strong><\/li>\n<li data-leveltext=\"\uf0b7\" data-font=\"Symbol\" data-listid=\"3\" data-list-defn-props=\"{&quot;335552541&quot;:1,&quot;335559683&quot;:0,&quot;335559684&quot;:-2,&quot;335559685&quot;:720,&quot;335559991&quot;:360,&quot;469769226&quot;:&quot;Symbol&quot;,&quot;469769242&quot;:[8226],&quot;469777803&quot;:&quot;left&quot;,&quot;469777804&quot;:&quot;\uf0b7&quot;,&quot;469777815&quot;:&quot;hybridMultilevel&quot;}\" aria-setsize=\"-1\" data-aria-posinset=\"1\" data-aria-level=\"1\"><strong><a href=\"https:\/\/industria.school\/\" target=\"_blank\" rel=\"noopener\">Inscripci\u00f3n<\/a><\/strong><span data-ccp-props=\"{&quot;134233117&quot;:false,&quot;134233118&quot;:false,&quot;335551550&quot;:6,&quot;335551620&quot;:6,&quot;335559738&quot;:240,&quot;335559739&quot;:240}\">\u00a0<\/span><\/li>\n<\/ul>\n<p><b><i><span data-contrast=\"auto\">* Recuerda: Al inscribirte en \u00ab\u00bfC\u00f3mo nos has conocido?\u00bb elegir \u00abIraurgi Berritzen\u00bb.<\/span><\/i><\/b><span data-ccp-props=\"{&quot;134233117&quot;:false,&quot;134233118&quot;:false,&quot;335551550&quot;:6,&quot;335551620&quot;:6,&quot;335559685&quot;:0,&quot;335559738&quot;:240,&quot;335559739&quot;:240}\">\u00a0<\/span><\/p>\n","protected":false},"excerpt":{"rendered":"<p>Ante el \u00e9xito de las tres ediciones anteriores del Programa Especializado en Inteligencia Artificial Generativa y dirigido a Empresas Industriales, se prev\u00e9 la puesta en marcha de una 4\u00aa edici\u00f3n en breve bajo la direcci\u00f3n de DigiTalentu y brainandcode.tech.\u00a0 El desarrollo de habilidades para el uso de la Inteligencia Artificial Generativa se ha convertido en [&hellip;]<\/p>\n","protected":false},"author":4,"featured_media":22460,"comment_status":"closed","ping_status":"closed","sticky":false,"template":"","format":"standard","meta":{"_acf_changed":false,"footnotes":""},"categories":[4],"tags":[],"class_list":["post-22467","post","type-post","status-publish","format-standard","has-post-thumbnail","hentry","category-noticias","arloak-enpresa"],"acf":[],"yoast_head":"<!-- This site is optimized with the Yoast SEO plugin v27.4 - https:\/\/yoast.com\/product\/yoast-seo-wordpress\/ -->\n<title>En marcha la 4\u00aa edici\u00f3n del Programa IndustrIA: sensibilizando a las empresas de Urola Erdia y Urola Garaia en la aplicaci\u00f3n de la IA Generativa - Iraurgi Berritzen<\/title>\n<meta name=\"robots\" content=\"index, follow, max-snippet:-1, max-image-preview:large, max-video-preview:-1\" \/>\n<link rel=\"canonical\" href=\"https:\/\/iraurgiberritzen.eus\/es\/la-4a-edicion-del-programa-industria-ya-esta-en-marcha-sensibilizacion-de-empresas-de-urola-erdia-y-urola-garaia-en-la-aplicacion-de-la-ia-generativa\/\" \/>\n<meta property=\"og:locale\" content=\"es_ES\" \/>\n<meta property=\"og:type\" content=\"article\" \/>\n<meta property=\"og:title\" content=\"En marcha la 4\u00aa edici\u00f3n del Programa IndustrIA: sensibilizando a las empresas de Urola Erdia y Urola Garaia en la aplicaci\u00f3n de la IA Generativa - Iraurgi Berritzen\" \/>\n<meta property=\"og:description\" content=\"Ante el \u00e9xito de las tres ediciones anteriores del Programa Especializado en Inteligencia Artificial Generativa y dirigido a Empresas Industriales, se prev\u00e9 la puesta en marcha de una 4\u00aa edici\u00f3n en breve bajo la direcci\u00f3n de DigiTalentu y brainandcode.tech.\u00a0 El desarrollo de habilidades para el uso de la Inteligencia Artificial Generativa se ha convertido en [&hellip;]\" \/>\n<meta property=\"og:url\" content=\"https:\/\/iraurgiberritzen.eus\/es\/la-4a-edicion-del-programa-industria-ya-esta-en-marcha-sensibilizacion-de-empresas-de-urola-erdia-y-urola-garaia-en-la-aplicacion-de-la-ia-generativa\/\" \/>\n<meta property=\"og:site_name\" content=\"Iraurgi Berritzen\" \/>\n<meta property=\"article:published_time\" content=\"2025-01-25T12:16:56+00:00\" \/>\n<meta property=\"article:modified_time\" content=\"2025-01-25T12:18:28+00:00\" \/>\n<meta property=\"og:image\" content=\"https:\/\/iraurgiberritzen.eus\/wp-content\/uploads\/2025\/01\/PORTADA-IB-WEB-800-x-550-px-3.jpg\" \/>\n\t<meta property=\"og:image:width\" content=\"800\" \/>\n\t<meta property=\"og:image:height\" content=\"550\" \/>\n\t<meta property=\"og:image:type\" content=\"image\/jpeg\" \/>\n<meta name=\"author\" content=\"ainara\" \/>\n<meta name=\"twitter:card\" content=\"summary_large_image\" \/>\n<meta name=\"twitter:label1\" content=\"Escrito por\" \/>\n\t<meta name=\"twitter:data1\" content=\"ainara\" \/>\n\t<meta name=\"twitter:label2\" content=\"Tiempo de lectura\" \/>\n\t<meta name=\"twitter:data2\" content=\"2 minutos\" \/>\n<script type=\"application\/ld+json\" class=\"yoast-schema-graph\">{\"@context\":\"https:\\\/\\\/schema.org\",\"@graph\":[{\"@type\":\"Article\",\"@id\":\"https:\\\/\\\/iraurgiberritzen.eus\\\/es\\\/la-4a-edicion-del-programa-industria-ya-esta-en-marcha-sensibilizacion-de-empresas-de-urola-erdia-y-urola-garaia-en-la-aplicacion-de-la-ia-generativa\\\/#article\",\"isPartOf\":{\"@id\":\"https:\\\/\\\/iraurgiberritzen.eus\\\/es\\\/la-4a-edicion-del-programa-industria-ya-esta-en-marcha-sensibilizacion-de-empresas-de-urola-erdia-y-urola-garaia-en-la-aplicacion-de-la-ia-generativa\\\/\"},\"author\":{\"name\":\"ainara\",\"@id\":\"https:\\\/\\\/iraurgiberritzen.eus\\\/es\\\/#\\\/schema\\\/person\\\/a32c9825b3e2bfcbe757a97f6a15c8a5\"},\"headline\":\"En marcha la 4\u00aa edici\u00f3n del Programa IndustrIA: sensibilizando a las empresas de Urola Erdia y Urola Garaia en la aplicaci\u00f3n de la IA Generativa\",\"datePublished\":\"2025-01-25T12:16:56+00:00\",\"dateModified\":\"2025-01-25T12:18:28+00:00\",\"mainEntityOfPage\":{\"@id\":\"https:\\\/\\\/iraurgiberritzen.eus\\\/es\\\/la-4a-edicion-del-programa-industria-ya-esta-en-marcha-sensibilizacion-de-empresas-de-urola-erdia-y-urola-garaia-en-la-aplicacion-de-la-ia-generativa\\\/\"},\"wordCount\":233,\"publisher\":{\"@id\":\"https:\\\/\\\/iraurgiberritzen.eus\\\/es\\\/#organization\"},\"image\":{\"@id\":\"https:\\\/\\\/iraurgiberritzen.eus\\\/es\\\/la-4a-edicion-del-programa-industria-ya-esta-en-marcha-sensibilizacion-de-empresas-de-urola-erdia-y-urola-garaia-en-la-aplicacion-de-la-ia-generativa\\\/#primaryimage\"},\"thumbnailUrl\":\"https:\\\/\\\/iraurgiberritzen.eus\\\/wp-content\\\/uploads\\\/2025\\\/01\\\/PORTADA-IB-WEB-800-x-550-px-3.jpg\",\"articleSection\":[\"Noticias\"],\"inLanguage\":\"es\"},{\"@type\":\"WebPage\",\"@id\":\"https:\\\/\\\/iraurgiberritzen.eus\\\/es\\\/la-4a-edicion-del-programa-industria-ya-esta-en-marcha-sensibilizacion-de-empresas-de-urola-erdia-y-urola-garaia-en-la-aplicacion-de-la-ia-generativa\\\/\",\"url\":\"https:\\\/\\\/iraurgiberritzen.eus\\\/es\\\/la-4a-edicion-del-programa-industria-ya-esta-en-marcha-sensibilizacion-de-empresas-de-urola-erdia-y-urola-garaia-en-la-aplicacion-de-la-ia-generativa\\\/\",\"name\":\"En marcha la 4\u00aa edici\u00f3n del Programa IndustrIA: sensibilizando a las empresas de Urola Erdia y Urola Garaia en la aplicaci\u00f3n de la IA Generativa - Iraurgi Berritzen\",\"isPartOf\":{\"@id\":\"https:\\\/\\\/iraurgiberritzen.eus\\\/es\\\/#website\"},\"primaryImageOfPage\":{\"@id\":\"https:\\\/\\\/iraurgiberritzen.eus\\\/es\\\/la-4a-edicion-del-programa-industria-ya-esta-en-marcha-sensibilizacion-de-empresas-de-urola-erdia-y-urola-garaia-en-la-aplicacion-de-la-ia-generativa\\\/#primaryimage\"},\"image\":{\"@id\":\"https:\\\/\\\/iraurgiberritzen.eus\\\/es\\\/la-4a-edicion-del-programa-industria-ya-esta-en-marcha-sensibilizacion-de-empresas-de-urola-erdia-y-urola-garaia-en-la-aplicacion-de-la-ia-generativa\\\/#primaryimage\"},\"thumbnailUrl\":\"https:\\\/\\\/iraurgiberritzen.eus\\\/wp-content\\\/uploads\\\/2025\\\/01\\\/PORTADA-IB-WEB-800-x-550-px-3.jpg\",\"datePublished\":\"2025-01-25T12:16:56+00:00\",\"dateModified\":\"2025-01-25T12:18:28+00:00\",\"breadcrumb\":{\"@id\":\"https:\\\/\\\/iraurgiberritzen.eus\\\/es\\\/la-4a-edicion-del-programa-industria-ya-esta-en-marcha-sensibilizacion-de-empresas-de-urola-erdia-y-urola-garaia-en-la-aplicacion-de-la-ia-generativa\\\/#breadcrumb\"},\"inLanguage\":\"es\",\"potentialAction\":[{\"@type\":\"ReadAction\",\"target\":[\"https:\\\/\\\/iraurgiberritzen.eus\\\/es\\\/la-4a-edicion-del-programa-industria-ya-esta-en-marcha-sensibilizacion-de-empresas-de-urola-erdia-y-urola-garaia-en-la-aplicacion-de-la-ia-generativa\\\/\"]}]},{\"@type\":\"ImageObject\",\"inLanguage\":\"es\",\"@id\":\"https:\\\/\\\/iraurgiberritzen.eus\\\/es\\\/la-4a-edicion-del-programa-industria-ya-esta-en-marcha-sensibilizacion-de-empresas-de-urola-erdia-y-urola-garaia-en-la-aplicacion-de-la-ia-generativa\\\/#primaryimage\",\"url\":\"https:\\\/\\\/iraurgiberritzen.eus\\\/wp-content\\\/uploads\\\/2025\\\/01\\\/PORTADA-IB-WEB-800-x-550-px-3.jpg\",\"contentUrl\":\"https:\\\/\\\/iraurgiberritzen.eus\\\/wp-content\\\/uploads\\\/2025\\\/01\\\/PORTADA-IB-WEB-800-x-550-px-3.jpg\",\"width\":800,\"height\":550},{\"@type\":\"BreadcrumbList\",\"@id\":\"https:\\\/\\\/iraurgiberritzen.eus\\\/es\\\/la-4a-edicion-del-programa-industria-ya-esta-en-marcha-sensibilizacion-de-empresas-de-urola-erdia-y-urola-garaia-en-la-aplicacion-de-la-ia-generativa\\\/#breadcrumb\",\"itemListElement\":[{\"@type\":\"ListItem\",\"position\":1,\"name\":\"Home\",\"item\":\"https:\\\/\\\/iraurgiberritzen.eus\\\/es\\\/\"},{\"@type\":\"ListItem\",\"position\":2,\"name\":\"En marcha la 4\u00aa edici\u00f3n del Programa IndustrIA: sensibilizando a las empresas de Urola Erdia y Urola Garaia en la aplicaci\u00f3n de la IA Generativa\"}]},{\"@type\":\"WebSite\",\"@id\":\"https:\\\/\\\/iraurgiberritzen.eus\\\/es\\\/#website\",\"url\":\"https:\\\/\\\/iraurgiberritzen.eus\\\/es\\\/\",\"name\":\"Iraurgi Berritzen\",\"description\":\"Urola Erdiko Garapen Agentzia\",\"publisher\":{\"@id\":\"https:\\\/\\\/iraurgiberritzen.eus\\\/es\\\/#organization\"},\"potentialAction\":[{\"@type\":\"SearchAction\",\"target\":{\"@type\":\"EntryPoint\",\"urlTemplate\":\"https:\\\/\\\/iraurgiberritzen.eus\\\/es\\\/?s={search_term_string}\"},\"query-input\":{\"@type\":\"PropertyValueSpecification\",\"valueRequired\":true,\"valueName\":\"search_term_string\"}}],\"inLanguage\":\"es\"},{\"@type\":\"Organization\",\"@id\":\"https:\\\/\\\/iraurgiberritzen.eus\\\/es\\\/#organization\",\"name\":\"Iraurgi Berritzen\",\"url\":\"https:\\\/\\\/iraurgiberritzen.eus\\\/es\\\/\",\"logo\":{\"@type\":\"ImageObject\",\"inLanguage\":\"es\",\"@id\":\"https:\\\/\\\/iraurgiberritzen.eus\\\/es\\\/#\\\/schema\\\/logo\\\/image\\\/\",\"url\":\"https:\\\/\\\/iraurgiberritzen.eus\\\/wp-content\\\/uploads\\\/2024\\\/02\\\/IRAURGI-BERRITZEN-logotipoa_2.png\",\"contentUrl\":\"https:\\\/\\\/iraurgiberritzen.eus\\\/wp-content\\\/uploads\\\/2024\\\/02\\\/IRAURGI-BERRITZEN-logotipoa_2.png\",\"width\":496,\"height\":190,\"caption\":\"Iraurgi Berritzen\"},\"image\":{\"@id\":\"https:\\\/\\\/iraurgiberritzen.eus\\\/es\\\/#\\\/schema\\\/logo\\\/image\\\/\"}},{\"@type\":\"Person\",\"@id\":\"https:\\\/\\\/iraurgiberritzen.eus\\\/es\\\/#\\\/schema\\\/person\\\/a32c9825b3e2bfcbe757a97f6a15c8a5\",\"name\":\"ainara\"}]}<\/script>\n<!-- \/ Yoast SEO plugin. -->","yoast_head_json":{"title":"En marcha la 4\u00aa edici\u00f3n del Programa IndustrIA: sensibilizando a las empresas de Urola Erdia y Urola Garaia en la aplicaci\u00f3n de la IA Generativa - Iraurgi Berritzen","robots":{"index":"index","follow":"follow","max-snippet":"max-snippet:-1","max-image-preview":"max-image-preview:large","max-video-preview":"max-video-preview:-1"},"canonical":"https:\/\/iraurgiberritzen.eus\/es\/la-4a-edicion-del-programa-industria-ya-esta-en-marcha-sensibilizacion-de-empresas-de-urola-erdia-y-urola-garaia-en-la-aplicacion-de-la-ia-generativa\/","og_locale":"es_ES","og_type":"article","og_title":"En marcha la 4\u00aa edici\u00f3n del Programa IndustrIA: sensibilizando a las empresas de Urola Erdia y Urola Garaia en la aplicaci\u00f3n de la IA Generativa - Iraurgi Berritzen","og_description":"Ante el \u00e9xito de las tres ediciones anteriores del Programa Especializado en Inteligencia Artificial Generativa y dirigido a Empresas Industriales, se prev\u00e9 la puesta en marcha de una 4\u00aa edici\u00f3n en breve bajo la direcci\u00f3n de DigiTalentu y brainandcode.tech.\u00a0 El desarrollo de habilidades para el uso de la Inteligencia Artificial Generativa se ha convertido en [&hellip;]","og_url":"https:\/\/iraurgiberritzen.eus\/es\/la-4a-edicion-del-programa-industria-ya-esta-en-marcha-sensibilizacion-de-empresas-de-urola-erdia-y-urola-garaia-en-la-aplicacion-de-la-ia-generativa\/","og_site_name":"Iraurgi Berritzen","article_published_time":"2025-01-25T12:16:56+00:00","article_modified_time":"2025-01-25T12:18:28+00:00","og_image":[{"width":800,"height":550,"url":"https:\/\/iraurgiberritzen.eus\/wp-content\/uploads\/2025\/01\/PORTADA-IB-WEB-800-x-550-px-3.jpg","type":"image\/jpeg"}],"author":"ainara","twitter_card":"summary_large_image","twitter_misc":{"Escrito por":"ainara","Tiempo de lectura":"2 minutos"},"schema":{"@context":"https:\/\/schema.org","@graph":[{"@type":"Article","@id":"https:\/\/iraurgiberritzen.eus\/es\/la-4a-edicion-del-programa-industria-ya-esta-en-marcha-sensibilizacion-de-empresas-de-urola-erdia-y-urola-garaia-en-la-aplicacion-de-la-ia-generativa\/#article","isPartOf":{"@id":"https:\/\/iraurgiberritzen.eus\/es\/la-4a-edicion-del-programa-industria-ya-esta-en-marcha-sensibilizacion-de-empresas-de-urola-erdia-y-urola-garaia-en-la-aplicacion-de-la-ia-generativa\/"},"author":{"name":"ainara","@id":"https:\/\/iraurgiberritzen.eus\/es\/#\/schema\/person\/a32c9825b3e2bfcbe757a97f6a15c8a5"},"headline":"En marcha la 4\u00aa edici\u00f3n del Programa IndustrIA: sensibilizando a las empresas de Urola Erdia y Urola Garaia en la aplicaci\u00f3n de la IA Generativa","datePublished":"2025-01-25T12:16:56+00:00","dateModified":"2025-01-25T12:18:28+00:00","mainEntityOfPage":{"@id":"https:\/\/iraurgiberritzen.eus\/es\/la-4a-edicion-del-programa-industria-ya-esta-en-marcha-sensibilizacion-de-empresas-de-urola-erdia-y-urola-garaia-en-la-aplicacion-de-la-ia-generativa\/"},"wordCount":233,"publisher":{"@id":"https:\/\/iraurgiberritzen.eus\/es\/#organization"},"image":{"@id":"https:\/\/iraurgiberritzen.eus\/es\/la-4a-edicion-del-programa-industria-ya-esta-en-marcha-sensibilizacion-de-empresas-de-urola-erdia-y-urola-garaia-en-la-aplicacion-de-la-ia-generativa\/#primaryimage"},"thumbnailUrl":"https:\/\/iraurgiberritzen.eus\/wp-content\/uploads\/2025\/01\/PORTADA-IB-WEB-800-x-550-px-3.jpg","articleSection":["Noticias"],"inLanguage":"es"},{"@type":"WebPage","@id":"https:\/\/iraurgiberritzen.eus\/es\/la-4a-edicion-del-programa-industria-ya-esta-en-marcha-sensibilizacion-de-empresas-de-urola-erdia-y-urola-garaia-en-la-aplicacion-de-la-ia-generativa\/","url":"https:\/\/iraurgiberritzen.eus\/es\/la-4a-edicion-del-programa-industria-ya-esta-en-marcha-sensibilizacion-de-empresas-de-urola-erdia-y-urola-garaia-en-la-aplicacion-de-la-ia-generativa\/","name":"En marcha la 4\u00aa edici\u00f3n del Programa IndustrIA: sensibilizando a las empresas de Urola Erdia y Urola Garaia en la aplicaci\u00f3n de la IA Generativa - Iraurgi Berritzen","isPartOf":{"@id":"https:\/\/iraurgiberritzen.eus\/es\/#website"},"primaryImageOfPage":{"@id":"https:\/\/iraurgiberritzen.eus\/es\/la-4a-edicion-del-programa-industria-ya-esta-en-marcha-sensibilizacion-de-empresas-de-urola-erdia-y-urola-garaia-en-la-aplicacion-de-la-ia-generativa\/#primaryimage"},"image":{"@id":"https:\/\/iraurgiberritzen.eus\/es\/la-4a-edicion-del-programa-industria-ya-esta-en-marcha-sensibilizacion-de-empresas-de-urola-erdia-y-urola-garaia-en-la-aplicacion-de-la-ia-generativa\/#primaryimage"},"thumbnailUrl":"https:\/\/iraurgiberritzen.eus\/wp-content\/uploads\/2025\/01\/PORTADA-IB-WEB-800-x-550-px-3.jpg","datePublished":"2025-01-25T12:16:56+00:00","dateModified":"2025-01-25T12:18:28+00:00","breadcrumb":{"@id":"https:\/\/iraurgiberritzen.eus\/es\/la-4a-edicion-del-programa-industria-ya-esta-en-marcha-sensibilizacion-de-empresas-de-urola-erdia-y-urola-garaia-en-la-aplicacion-de-la-ia-generativa\/#breadcrumb"},"inLanguage":"es","potentialAction":[{"@type":"ReadAction","target":["https:\/\/iraurgiberritzen.eus\/es\/la-4a-edicion-del-programa-industria-ya-esta-en-marcha-sensibilizacion-de-empresas-de-urola-erdia-y-urola-garaia-en-la-aplicacion-de-la-ia-generativa\/"]}]},{"@type":"ImageObject","inLanguage":"es","@id":"https:\/\/iraurgiberritzen.eus\/es\/la-4a-edicion-del-programa-industria-ya-esta-en-marcha-sensibilizacion-de-empresas-de-urola-erdia-y-urola-garaia-en-la-aplicacion-de-la-ia-generativa\/#primaryimage","url":"https:\/\/iraurgiberritzen.eus\/wp-content\/uploads\/2025\/01\/PORTADA-IB-WEB-800-x-550-px-3.jpg","contentUrl":"https:\/\/iraurgiberritzen.eus\/wp-content\/uploads\/2025\/01\/PORTADA-IB-WEB-800-x-550-px-3.jpg","width":800,"height":550},{"@type":"BreadcrumbList","@id":"https:\/\/iraurgiberritzen.eus\/es\/la-4a-edicion-del-programa-industria-ya-esta-en-marcha-sensibilizacion-de-empresas-de-urola-erdia-y-urola-garaia-en-la-aplicacion-de-la-ia-generativa\/#breadcrumb","itemListElement":[{"@type":"ListItem","position":1,"name":"Home","item":"https:\/\/iraurgiberritzen.eus\/es\/"},{"@type":"ListItem","position":2,"name":"En marcha la 4\u00aa edici\u00f3n del Programa IndustrIA: sensibilizando a las empresas de Urola Erdia y Urola Garaia en la aplicaci\u00f3n de la IA Generativa"}]},{"@type":"WebSite","@id":"https:\/\/iraurgiberritzen.eus\/es\/#website","url":"https:\/\/iraurgiberritzen.eus\/es\/","name":"Iraurgi Berritzen","description":"Urola Erdiko Garapen Agentzia","publisher":{"@id":"https:\/\/iraurgiberritzen.eus\/es\/#organization"},"potentialAction":[{"@type":"SearchAction","target":{"@type":"EntryPoint","urlTemplate":"https:\/\/iraurgiberritzen.eus\/es\/?s={search_term_string}"},"query-input":{"@type":"PropertyValueSpecification","valueRequired":true,"valueName":"search_term_string"}}],"inLanguage":"es"},{"@type":"Organization","@id":"https:\/\/iraurgiberritzen.eus\/es\/#organization","name":"Iraurgi Berritzen","url":"https:\/\/iraurgiberritzen.eus\/es\/","logo":{"@type":"ImageObject","inLanguage":"es","@id":"https:\/\/iraurgiberritzen.eus\/es\/#\/schema\/logo\/image\/","url":"https:\/\/iraurgiberritzen.eus\/wp-content\/uploads\/2024\/02\/IRAURGI-BERRITZEN-logotipoa_2.png","contentUrl":"https:\/\/iraurgiberritzen.eus\/wp-content\/uploads\/2024\/02\/IRAURGI-BERRITZEN-logotipoa_2.png","width":496,"height":190,"caption":"Iraurgi Berritzen"},"image":{"@id":"https:\/\/iraurgiberritzen.eus\/es\/#\/schema\/logo\/image\/"}},{"@type":"Person","@id":"https:\/\/iraurgiberritzen.eus\/es\/#\/schema\/person\/a32c9825b3e2bfcbe757a97f6a15c8a5","name":"ainara"}]}},"_links":{"self":[{"href":"https:\/\/iraurgiberritzen.eus\/es\/wp-json\/wp\/v2\/posts\/22467","targetHints":{"allow":["GET"]}}],"collection":[{"href":"https:\/\/iraurgiberritzen.eus\/es\/wp-json\/wp\/v2\/posts"}],"about":[{"href":"https:\/\/iraurgiberritzen.eus\/es\/wp-json\/wp\/v2\/types\/post"}],"author":[{"embeddable":true,"href":"https:\/\/iraurgiberritzen.eus\/es\/wp-json\/wp\/v2\/users\/4"}],"replies":[{"embeddable":true,"href":"https:\/\/iraurgiberritzen.eus\/es\/wp-json\/wp\/v2\/comments?post=22467"}],"version-history":[{"count":3,"href":"https:\/\/iraurgiberritzen.eus\/es\/wp-json\/wp\/v2\/posts\/22467\/revisions"}],"predecessor-version":[{"id":22470,"href":"https:\/\/iraurgiberritzen.eus\/es\/wp-json\/wp\/v2\/posts\/22467\/revisions\/22470"}],"wp:featuredmedia":[{"embeddable":true,"href":"https:\/\/iraurgiberritzen.eus\/es\/wp-json\/wp\/v2\/media\/22460"}],"wp:attachment":[{"href":"https:\/\/iraurgiberritzen.eus\/es\/wp-json\/wp\/v2\/media?parent=22467"}],"wp:term":[{"taxonomy":"category","embeddable":true,"href":"https:\/\/iraurgiberritzen.eus\/es\/wp-json\/wp\/v2\/categories?post=22467"},{"taxonomy":"post_tag","embeddable":true,"href":"https:\/\/iraurgiberritzen.eus\/es\/wp-json\/wp\/v2\/tags?post=22467"}],"curies":[{"name":"wp","href":"https:\/\/api.w.org\/{rel}","templated":true}]}}