{"id":22514,"date":"2025-01-31T13:55:22","date_gmt":"2025-01-31T11:55:22","guid":{"rendered":"https:\/\/iraurgiberritzen.eus\/?p=22514"},"modified":"2025-01-31T13:58:26","modified_gmt":"2025-01-31T11:58:26","slug":"reflexion-sobre-las-tendencias-de-futuro-de-urola-erdia-en-el-evento-ib-sarearen-topaketak","status":"publish","type":"post","link":"https:\/\/iraurgiberritzen.eus\/es\/reflexion-sobre-las-tendencias-de-futuro-de-urola-erdia-en-el-evento-ib-sarearen-topaketak\/","title":{"rendered":"Reflexi\u00f3n sobre las tendencias de futuro de Urola Erdia en el evento \u201cIB SAREAren Topaketak\u201d"},"content":{"rendered":"<p><span data-contrast=\"none\">Hoy se ha celebrado el evento <\/span><b><span data-contrast=\"none\">\u201cIB SAREAren XXII Topaketak\u201d <\/span><\/b><span data-contrast=\"none\">en la Casa de <\/span><span data-contrast=\"auto\">Espiritualidad de Loiola (Azpeitia). <\/span><span data-contrast=\"auto\">\u202fEn ella se han reunido diferentes agentes del \u00e1mbito socioecon\u00f3mico de la comarca, entre ellos empresas, emprendedores, centros educativos, asociaciones comerciales, responsables de empleo y turismo, as\u00ed como representantes de los ayuntamientos.<\/span><span data-ccp-props=\"{}\">\u00a0<\/span><span data-ccp-props=\"{}\">\u00a0<\/span><\/p>\n<p><span data-contrast=\"auto\">La alcaldesa de Azkoitia y presidenta de Iraurgi Berritzen, Ana Azkoitia, ha dado inicio al evento. Posteriormente, la directora de la agencia, Bego\u00f1a Beobide, ha realizado un seguimiento de las acciones que se han llevado a cabo y se est\u00e1n desarrollando en el marco del Plan Estrat\u00e9gico UE 22-27.<\/span><span data-ccp-props=\"{}\">\u00a0<\/span><\/p>\n<p><span data-contrast=\"auto\">El objetivo principal del evento de este a\u00f1o ha sido reflexionar sobre las tendencias que tendr\u00e1 la comarca en el futuro. Entre ellas, aspectos como la poblaci\u00f3n, los nacimientos y defunciones, las nuevas tecnolog\u00edas, el empleo y la vivienda, entre otros. Para ello, los consultores de Prospektiker, I\u00f1aki Elzaurdi y Borja Pulido, han analizado el tema y presentado una visi\u00f3n general al respecto.<\/span><span data-ccp-props=\"{&quot;134233117&quot;:false,&quot;134233118&quot;:false,&quot;335551550&quot;:0,&quot;335551620&quot;:0,&quot;335559738&quot;:240,&quot;335559739&quot;:240}\">\u00a0<\/span><\/p>\n<p><span data-contrast=\"auto\">En las din\u00e1micas realizadas con los agentes para comparar las l\u00edneas de trabajo derivadas de la reflexi\u00f3n estrat\u00e9gica UE 22-27 con las tendencias mencionadas anteriormente, <\/span><b><span data-contrast=\"auto\">la movilidad, el desarrollo industrial, el sistema educativo y el empleo digno <\/span><\/b><span data-contrast=\"auto\">han sido las l\u00edneas de trabajo priorizadas y abordadas de manera conjunta.<\/span><span data-ccp-props=\"{&quot;134233117&quot;:false,&quot;134233118&quot;:false,&quot;335551550&quot;:0,&quot;335551620&quot;:0,&quot;335559738&quot;:240,&quot;335559739&quot;:240}\">\u00a0<\/span><\/p>\n<p><span data-contrast=\"auto\">Las personas asistentes han tenido hoy la oportunidad de reforzar sus relaciones, ya que el modelo de trabajo de Iraurgi Berritzen se basa precisamente en<strong> la transparencia, la cercan\u00eda y las relaciones de confianza.<\/strong><\/span><strong>\u00a0<\/strong><\/p>\n<p><span data-contrast=\"auto\">El acto ha finalizado con la intervenci\u00f3n de Nagore Alkorta, alcaldesa de Azpeitia y vicepresidenta de Iraurgi Berritzen. <\/span><span data-ccp-props=\"{}\">\u00a0<\/span><\/p>\n","protected":false},"excerpt":{"rendered":"<p>Hoy se ha celebrado el evento \u201cIB SAREAren XXII Topaketak\u201d en la Casa de Espiritualidad de Loiola (Azpeitia). \u202fEn ella se han reunido diferentes agentes del \u00e1mbito socioecon\u00f3mico de la comarca, entre ellos empresas, emprendedores, centros educativos, asociaciones comerciales, responsables de empleo y turismo, as\u00ed como representantes de los ayuntamientos.\u00a0\u00a0 La alcaldesa de Azkoitia y [&hellip;]<\/p>\n","protected":false},"author":4,"featured_media":22509,"comment_status":"closed","ping_status":"closed","sticky":false,"template":"","format":"standard","meta":{"_acf_changed":false,"footnotes":""},"categories":[4],"tags":[],"class_list":["post-22514","post","type-post","status-publish","format-standard","has-post-thumbnail","hentry","category-noticias","arloak-desarrollo-local"],"acf":[],"yoast_head":"<!-- This site is optimized with the Yoast SEO plugin v27.4 - https:\/\/yoast.com\/product\/yoast-seo-wordpress\/ -->\n<title>Reflexi\u00f3n sobre las tendencias de futuro de Urola Erdia en el evento \u201cIB SAREAren Topaketak\u201d - Iraurgi Berritzen<\/title>\n<meta name=\"robots\" content=\"index, follow, max-snippet:-1, max-image-preview:large, max-video-preview:-1\" \/>\n<link rel=\"canonical\" href=\"https:\/\/iraurgiberritzen.eus\/es\/reflexion-sobre-las-tendencias-de-futuro-de-urola-erdia-en-el-evento-ib-sarearen-topaketak\/\" \/>\n<meta property=\"og:locale\" content=\"es_ES\" \/>\n<meta property=\"og:type\" content=\"article\" \/>\n<meta property=\"og:title\" content=\"Reflexi\u00f3n sobre las tendencias de futuro de Urola Erdia en el evento \u201cIB SAREAren Topaketak\u201d - Iraurgi Berritzen\" \/>\n<meta property=\"og:description\" content=\"Hoy se ha celebrado el evento \u201cIB SAREAren XXII Topaketak\u201d en la Casa de Espiritualidad de Loiola (Azpeitia). \u202fEn ella se han reunido diferentes agentes del \u00e1mbito socioecon\u00f3mico de la comarca, entre ellos empresas, emprendedores, centros educativos, asociaciones comerciales, responsables de empleo y turismo, as\u00ed como representantes de los ayuntamientos.\u00a0\u00a0 La alcaldesa de Azkoitia y [&hellip;]\" \/>\n<meta property=\"og:url\" content=\"https:\/\/iraurgiberritzen.eus\/es\/reflexion-sobre-las-tendencias-de-futuro-de-urola-erdia-en-el-evento-ib-sarearen-topaketak\/\" \/>\n<meta property=\"og:site_name\" content=\"Iraurgi Berritzen\" \/>\n<meta property=\"article:published_time\" content=\"2025-01-31T11:55:22+00:00\" \/>\n<meta property=\"article:modified_time\" content=\"2025-01-31T11:58:26+00:00\" \/>\n<meta property=\"og:image\" content=\"https:\/\/iraurgiberritzen.eus\/wp-content\/uploads\/2025\/01\/IMG_7054-1-scaled.jpg\" \/>\n\t<meta property=\"og:image:width\" content=\"2560\" \/>\n\t<meta property=\"og:image:height\" content=\"1707\" \/>\n\t<meta property=\"og:image:type\" content=\"image\/jpeg\" \/>\n<meta name=\"author\" content=\"ainara\" \/>\n<meta name=\"twitter:card\" content=\"summary_large_image\" \/>\n<meta name=\"twitter:label1\" content=\"Escrito por\" \/>\n\t<meta name=\"twitter:data1\" content=\"ainara\" \/>\n\t<meta name=\"twitter:label2\" content=\"Tiempo de lectura\" \/>\n\t<meta name=\"twitter:data2\" content=\"2 minutos\" \/>\n<script type=\"application\/ld+json\" class=\"yoast-schema-graph\">{\"@context\":\"https:\\\/\\\/schema.org\",\"@graph\":[{\"@type\":\"Article\",\"@id\":\"https:\\\/\\\/iraurgiberritzen.eus\\\/es\\\/reflexion-sobre-las-tendencias-de-futuro-de-urola-erdia-en-el-evento-ib-sarearen-topaketak\\\/#article\",\"isPartOf\":{\"@id\":\"https:\\\/\\\/iraurgiberritzen.eus\\\/es\\\/reflexion-sobre-las-tendencias-de-futuro-de-urola-erdia-en-el-evento-ib-sarearen-topaketak\\\/\"},\"author\":{\"name\":\"ainara\",\"@id\":\"https:\\\/\\\/iraurgiberritzen.eus\\\/es\\\/#\\\/schema\\\/person\\\/a32c9825b3e2bfcbe757a97f6a15c8a5\"},\"headline\":\"Reflexi\u00f3n sobre las tendencias de futuro de Urola Erdia en el evento \u201cIB SAREAren Topaketak\u201d\",\"datePublished\":\"2025-01-31T11:55:22+00:00\",\"dateModified\":\"2025-01-31T11:58:26+00:00\",\"mainEntityOfPage\":{\"@id\":\"https:\\\/\\\/iraurgiberritzen.eus\\\/es\\\/reflexion-sobre-las-tendencias-de-futuro-de-urola-erdia-en-el-evento-ib-sarearen-topaketak\\\/\"},\"wordCount\":295,\"publisher\":{\"@id\":\"https:\\\/\\\/iraurgiberritzen.eus\\\/es\\\/#organization\"},\"image\":{\"@id\":\"https:\\\/\\\/iraurgiberritzen.eus\\\/es\\\/reflexion-sobre-las-tendencias-de-futuro-de-urola-erdia-en-el-evento-ib-sarearen-topaketak\\\/#primaryimage\"},\"thumbnailUrl\":\"https:\\\/\\\/iraurgiberritzen.eus\\\/wp-content\\\/uploads\\\/2025\\\/01\\\/IMG_7054-1-scaled.jpg\",\"articleSection\":[\"Noticias\"],\"inLanguage\":\"es\"},{\"@type\":\"WebPage\",\"@id\":\"https:\\\/\\\/iraurgiberritzen.eus\\\/es\\\/reflexion-sobre-las-tendencias-de-futuro-de-urola-erdia-en-el-evento-ib-sarearen-topaketak\\\/\",\"url\":\"https:\\\/\\\/iraurgiberritzen.eus\\\/es\\\/reflexion-sobre-las-tendencias-de-futuro-de-urola-erdia-en-el-evento-ib-sarearen-topaketak\\\/\",\"name\":\"Reflexi\u00f3n sobre las tendencias de futuro de Urola Erdia en el evento \u201cIB SAREAren Topaketak\u201d - Iraurgi Berritzen\",\"isPartOf\":{\"@id\":\"https:\\\/\\\/iraurgiberritzen.eus\\\/es\\\/#website\"},\"primaryImageOfPage\":{\"@id\":\"https:\\\/\\\/iraurgiberritzen.eus\\\/es\\\/reflexion-sobre-las-tendencias-de-futuro-de-urola-erdia-en-el-evento-ib-sarearen-topaketak\\\/#primaryimage\"},\"image\":{\"@id\":\"https:\\\/\\\/iraurgiberritzen.eus\\\/es\\\/reflexion-sobre-las-tendencias-de-futuro-de-urola-erdia-en-el-evento-ib-sarearen-topaketak\\\/#primaryimage\"},\"thumbnailUrl\":\"https:\\\/\\\/iraurgiberritzen.eus\\\/wp-content\\\/uploads\\\/2025\\\/01\\\/IMG_7054-1-scaled.jpg\",\"datePublished\":\"2025-01-31T11:55:22+00:00\",\"dateModified\":\"2025-01-31T11:58:26+00:00\",\"breadcrumb\":{\"@id\":\"https:\\\/\\\/iraurgiberritzen.eus\\\/es\\\/reflexion-sobre-las-tendencias-de-futuro-de-urola-erdia-en-el-evento-ib-sarearen-topaketak\\\/#breadcrumb\"},\"inLanguage\":\"es\",\"potentialAction\":[{\"@type\":\"ReadAction\",\"target\":[\"https:\\\/\\\/iraurgiberritzen.eus\\\/es\\\/reflexion-sobre-las-tendencias-de-futuro-de-urola-erdia-en-el-evento-ib-sarearen-topaketak\\\/\"]}]},{\"@type\":\"ImageObject\",\"inLanguage\":\"es\",\"@id\":\"https:\\\/\\\/iraurgiberritzen.eus\\\/es\\\/reflexion-sobre-las-tendencias-de-futuro-de-urola-erdia-en-el-evento-ib-sarearen-topaketak\\\/#primaryimage\",\"url\":\"https:\\\/\\\/iraurgiberritzen.eus\\\/wp-content\\\/uploads\\\/2025\\\/01\\\/IMG_7054-1-scaled.jpg\",\"contentUrl\":\"https:\\\/\\\/iraurgiberritzen.eus\\\/wp-content\\\/uploads\\\/2025\\\/01\\\/IMG_7054-1-scaled.jpg\",\"width\":2560,\"height\":1707},{\"@type\":\"BreadcrumbList\",\"@id\":\"https:\\\/\\\/iraurgiberritzen.eus\\\/es\\\/reflexion-sobre-las-tendencias-de-futuro-de-urola-erdia-en-el-evento-ib-sarearen-topaketak\\\/#breadcrumb\",\"itemListElement\":[{\"@type\":\"ListItem\",\"position\":1,\"name\":\"Home\",\"item\":\"https:\\\/\\\/iraurgiberritzen.eus\\\/es\\\/\"},{\"@type\":\"ListItem\",\"position\":2,\"name\":\"Reflexi\u00f3n sobre las tendencias de futuro de Urola Erdia en el evento \u201cIB SAREAren Topaketak\u201d\"}]},{\"@type\":\"WebSite\",\"@id\":\"https:\\\/\\\/iraurgiberritzen.eus\\\/es\\\/#website\",\"url\":\"https:\\\/\\\/iraurgiberritzen.eus\\\/es\\\/\",\"name\":\"Iraurgi Berritzen\",\"description\":\"Urola Erdiko Garapen Agentzia\",\"publisher\":{\"@id\":\"https:\\\/\\\/iraurgiberritzen.eus\\\/es\\\/#organization\"},\"potentialAction\":[{\"@type\":\"SearchAction\",\"target\":{\"@type\":\"EntryPoint\",\"urlTemplate\":\"https:\\\/\\\/iraurgiberritzen.eus\\\/es\\\/?s={search_term_string}\"},\"query-input\":{\"@type\":\"PropertyValueSpecification\",\"valueRequired\":true,\"valueName\":\"search_term_string\"}}],\"inLanguage\":\"es\"},{\"@type\":\"Organization\",\"@id\":\"https:\\\/\\\/iraurgiberritzen.eus\\\/es\\\/#organization\",\"name\":\"Iraurgi Berritzen\",\"url\":\"https:\\\/\\\/iraurgiberritzen.eus\\\/es\\\/\",\"logo\":{\"@type\":\"ImageObject\",\"inLanguage\":\"es\",\"@id\":\"https:\\\/\\\/iraurgiberritzen.eus\\\/es\\\/#\\\/schema\\\/logo\\\/image\\\/\",\"url\":\"https:\\\/\\\/iraurgiberritzen.eus\\\/wp-content\\\/uploads\\\/2024\\\/02\\\/IRAURGI-BERRITZEN-logotipoa_2.png\",\"contentUrl\":\"https:\\\/\\\/iraurgiberritzen.eus\\\/wp-content\\\/uploads\\\/2024\\\/02\\\/IRAURGI-BERRITZEN-logotipoa_2.png\",\"width\":496,\"height\":190,\"caption\":\"Iraurgi Berritzen\"},\"image\":{\"@id\":\"https:\\\/\\\/iraurgiberritzen.eus\\\/es\\\/#\\\/schema\\\/logo\\\/image\\\/\"}},{\"@type\":\"Person\",\"@id\":\"https:\\\/\\\/iraurgiberritzen.eus\\\/es\\\/#\\\/schema\\\/person\\\/a32c9825b3e2bfcbe757a97f6a15c8a5\",\"name\":\"ainara\"}]}<\/script>\n<!-- \/ Yoast SEO plugin. -->","yoast_head_json":{"title":"Reflexi\u00f3n sobre las tendencias de futuro de Urola Erdia en el evento \u201cIB SAREAren Topaketak\u201d - Iraurgi Berritzen","robots":{"index":"index","follow":"follow","max-snippet":"max-snippet:-1","max-image-preview":"max-image-preview:large","max-video-preview":"max-video-preview:-1"},"canonical":"https:\/\/iraurgiberritzen.eus\/es\/reflexion-sobre-las-tendencias-de-futuro-de-urola-erdia-en-el-evento-ib-sarearen-topaketak\/","og_locale":"es_ES","og_type":"article","og_title":"Reflexi\u00f3n sobre las tendencias de futuro de Urola Erdia en el evento \u201cIB SAREAren Topaketak\u201d - Iraurgi Berritzen","og_description":"Hoy se ha celebrado el evento \u201cIB SAREAren XXII Topaketak\u201d en la Casa de Espiritualidad de Loiola (Azpeitia). \u202fEn ella se han reunido diferentes agentes del \u00e1mbito socioecon\u00f3mico de la comarca, entre ellos empresas, emprendedores, centros educativos, asociaciones comerciales, responsables de empleo y turismo, as\u00ed como representantes de los ayuntamientos.\u00a0\u00a0 La alcaldesa de Azkoitia y [&hellip;]","og_url":"https:\/\/iraurgiberritzen.eus\/es\/reflexion-sobre-las-tendencias-de-futuro-de-urola-erdia-en-el-evento-ib-sarearen-topaketak\/","og_site_name":"Iraurgi Berritzen","article_published_time":"2025-01-31T11:55:22+00:00","article_modified_time":"2025-01-31T11:58:26+00:00","og_image":[{"width":2560,"height":1707,"url":"https:\/\/iraurgiberritzen.eus\/wp-content\/uploads\/2025\/01\/IMG_7054-1-scaled.jpg","type":"image\/jpeg"}],"author":"ainara","twitter_card":"summary_large_image","twitter_misc":{"Escrito por":"ainara","Tiempo de lectura":"2 minutos"},"schema":{"@context":"https:\/\/schema.org","@graph":[{"@type":"Article","@id":"https:\/\/iraurgiberritzen.eus\/es\/reflexion-sobre-las-tendencias-de-futuro-de-urola-erdia-en-el-evento-ib-sarearen-topaketak\/#article","isPartOf":{"@id":"https:\/\/iraurgiberritzen.eus\/es\/reflexion-sobre-las-tendencias-de-futuro-de-urola-erdia-en-el-evento-ib-sarearen-topaketak\/"},"author":{"name":"ainara","@id":"https:\/\/iraurgiberritzen.eus\/es\/#\/schema\/person\/a32c9825b3e2bfcbe757a97f6a15c8a5"},"headline":"Reflexi\u00f3n sobre las tendencias de futuro de Urola Erdia en el evento \u201cIB SAREAren Topaketak\u201d","datePublished":"2025-01-31T11:55:22+00:00","dateModified":"2025-01-31T11:58:26+00:00","mainEntityOfPage":{"@id":"https:\/\/iraurgiberritzen.eus\/es\/reflexion-sobre-las-tendencias-de-futuro-de-urola-erdia-en-el-evento-ib-sarearen-topaketak\/"},"wordCount":295,"publisher":{"@id":"https:\/\/iraurgiberritzen.eus\/es\/#organization"},"image":{"@id":"https:\/\/iraurgiberritzen.eus\/es\/reflexion-sobre-las-tendencias-de-futuro-de-urola-erdia-en-el-evento-ib-sarearen-topaketak\/#primaryimage"},"thumbnailUrl":"https:\/\/iraurgiberritzen.eus\/wp-content\/uploads\/2025\/01\/IMG_7054-1-scaled.jpg","articleSection":["Noticias"],"inLanguage":"es"},{"@type":"WebPage","@id":"https:\/\/iraurgiberritzen.eus\/es\/reflexion-sobre-las-tendencias-de-futuro-de-urola-erdia-en-el-evento-ib-sarearen-topaketak\/","url":"https:\/\/iraurgiberritzen.eus\/es\/reflexion-sobre-las-tendencias-de-futuro-de-urola-erdia-en-el-evento-ib-sarearen-topaketak\/","name":"Reflexi\u00f3n sobre las tendencias de futuro de Urola Erdia en el evento \u201cIB SAREAren Topaketak\u201d - Iraurgi Berritzen","isPartOf":{"@id":"https:\/\/iraurgiberritzen.eus\/es\/#website"},"primaryImageOfPage":{"@id":"https:\/\/iraurgiberritzen.eus\/es\/reflexion-sobre-las-tendencias-de-futuro-de-urola-erdia-en-el-evento-ib-sarearen-topaketak\/#primaryimage"},"image":{"@id":"https:\/\/iraurgiberritzen.eus\/es\/reflexion-sobre-las-tendencias-de-futuro-de-urola-erdia-en-el-evento-ib-sarearen-topaketak\/#primaryimage"},"thumbnailUrl":"https:\/\/iraurgiberritzen.eus\/wp-content\/uploads\/2025\/01\/IMG_7054-1-scaled.jpg","datePublished":"2025-01-31T11:55:22+00:00","dateModified":"2025-01-31T11:58:26+00:00","breadcrumb":{"@id":"https:\/\/iraurgiberritzen.eus\/es\/reflexion-sobre-las-tendencias-de-futuro-de-urola-erdia-en-el-evento-ib-sarearen-topaketak\/#breadcrumb"},"inLanguage":"es","potentialAction":[{"@type":"ReadAction","target":["https:\/\/iraurgiberritzen.eus\/es\/reflexion-sobre-las-tendencias-de-futuro-de-urola-erdia-en-el-evento-ib-sarearen-topaketak\/"]}]},{"@type":"ImageObject","inLanguage":"es","@id":"https:\/\/iraurgiberritzen.eus\/es\/reflexion-sobre-las-tendencias-de-futuro-de-urola-erdia-en-el-evento-ib-sarearen-topaketak\/#primaryimage","url":"https:\/\/iraurgiberritzen.eus\/wp-content\/uploads\/2025\/01\/IMG_7054-1-scaled.jpg","contentUrl":"https:\/\/iraurgiberritzen.eus\/wp-content\/uploads\/2025\/01\/IMG_7054-1-scaled.jpg","width":2560,"height":1707},{"@type":"BreadcrumbList","@id":"https:\/\/iraurgiberritzen.eus\/es\/reflexion-sobre-las-tendencias-de-futuro-de-urola-erdia-en-el-evento-ib-sarearen-topaketak\/#breadcrumb","itemListElement":[{"@type":"ListItem","position":1,"name":"Home","item":"https:\/\/iraurgiberritzen.eus\/es\/"},{"@type":"ListItem","position":2,"name":"Reflexi\u00f3n sobre las tendencias de futuro de Urola Erdia en el evento \u201cIB SAREAren Topaketak\u201d"}]},{"@type":"WebSite","@id":"https:\/\/iraurgiberritzen.eus\/es\/#website","url":"https:\/\/iraurgiberritzen.eus\/es\/","name":"Iraurgi Berritzen","description":"Urola Erdiko Garapen Agentzia","publisher":{"@id":"https:\/\/iraurgiberritzen.eus\/es\/#organization"},"potentialAction":[{"@type":"SearchAction","target":{"@type":"EntryPoint","urlTemplate":"https:\/\/iraurgiberritzen.eus\/es\/?s={search_term_string}"},"query-input":{"@type":"PropertyValueSpecification","valueRequired":true,"valueName":"search_term_string"}}],"inLanguage":"es"},{"@type":"Organization","@id":"https:\/\/iraurgiberritzen.eus\/es\/#organization","name":"Iraurgi Berritzen","url":"https:\/\/iraurgiberritzen.eus\/es\/","logo":{"@type":"ImageObject","inLanguage":"es","@id":"https:\/\/iraurgiberritzen.eus\/es\/#\/schema\/logo\/image\/","url":"https:\/\/iraurgiberritzen.eus\/wp-content\/uploads\/2024\/02\/IRAURGI-BERRITZEN-logotipoa_2.png","contentUrl":"https:\/\/iraurgiberritzen.eus\/wp-content\/uploads\/2024\/02\/IRAURGI-BERRITZEN-logotipoa_2.png","width":496,"height":190,"caption":"Iraurgi Berritzen"},"image":{"@id":"https:\/\/iraurgiberritzen.eus\/es\/#\/schema\/logo\/image\/"}},{"@type":"Person","@id":"https:\/\/iraurgiberritzen.eus\/es\/#\/schema\/person\/a32c9825b3e2bfcbe757a97f6a15c8a5","name":"ainara"}]}},"_links":{"self":[{"href":"https:\/\/iraurgiberritzen.eus\/es\/wp-json\/wp\/v2\/posts\/22514","targetHints":{"allow":["GET"]}}],"collection":[{"href":"https:\/\/iraurgiberritzen.eus\/es\/wp-json\/wp\/v2\/posts"}],"about":[{"href":"https:\/\/iraurgiberritzen.eus\/es\/wp-json\/wp\/v2\/types\/post"}],"author":[{"embeddable":true,"href":"https:\/\/iraurgiberritzen.eus\/es\/wp-json\/wp\/v2\/users\/4"}],"replies":[{"embeddable":true,"href":"https:\/\/iraurgiberritzen.eus\/es\/wp-json\/wp\/v2\/comments?post=22514"}],"version-history":[{"count":5,"href":"https:\/\/iraurgiberritzen.eus\/es\/wp-json\/wp\/v2\/posts\/22514\/revisions"}],"predecessor-version":[{"id":22519,"href":"https:\/\/iraurgiberritzen.eus\/es\/wp-json\/wp\/v2\/posts\/22514\/revisions\/22519"}],"wp:featuredmedia":[{"embeddable":true,"href":"https:\/\/iraurgiberritzen.eus\/es\/wp-json\/wp\/v2\/media\/22509"}],"wp:attachment":[{"href":"https:\/\/iraurgiberritzen.eus\/es\/wp-json\/wp\/v2\/media?parent=22514"}],"wp:term":[{"taxonomy":"category","embeddable":true,"href":"https:\/\/iraurgiberritzen.eus\/es\/wp-json\/wp\/v2\/categories?post=22514"},{"taxonomy":"post_tag","embeddable":true,"href":"https:\/\/iraurgiberritzen.eus\/es\/wp-json\/wp\/v2\/tags?post=22514"}],"curies":[{"name":"wp","href":"https:\/\/api.w.org\/{rel}","templated":true}]}}