{"id":22529,"date":"2025-02-04T11:40:09","date_gmt":"2025-02-04T09:40:09","guid":{"rendered":"https:\/\/iraurgiberritzen.eus\/?p=22529"},"modified":"2025-02-04T11:42:52","modified_gmt":"2025-02-04T09:42:52","slug":"taller-practico-sobre-inteligencia-artificial-en-azpeitia-para-empresas-de-la-comarca","status":"publish","type":"post","link":"https:\/\/iraurgiberritzen.eus\/es\/taller-practico-sobre-inteligencia-artificial-en-azpeitia-para-empresas-de-la-comarca\/","title":{"rendered":"Taller pr\u00e1ctico sobre Inteligencia Artificial en Azpeitia para empresas de la comarca"},"content":{"rendered":"<p>El pr\u00f3ximo <strong>11 de febrero<\/strong>, Iraurgi Berritzen, en el marco de la iniciativa <strong>SPRI DIGITALA<\/strong>, y en colaboraci\u00f3n con Mondragon Unibertsitatea y BAIC, organizar\u00e1 el taller intensivo <strong>\u00abImpulsa tu empresa con el poder de la \u00a0Inteligencia Artificial\u00bb<\/strong>. El evento tendr\u00e1 lugar en el <strong>Palacio Bazazabal (Azpeitia)<\/strong> de <strong>9:00 a 14:00<\/strong>, con el objetivo de acercar a las empresas de la comarca las oportunidades que ofrece la Inteligencia Artificial (IA).<\/p>\n<p>El uso de la Inteligencia Artificial permite <strong>automatizar procesos cotidianos, mejorar la eficiencia y optimizar la toma de decisiones en las empresas<\/strong>. En este taller, los participantes aprender\u00e1n a utilizar herramientas como <strong>ChatGPT<\/strong>, <strong>Gemini<\/strong> y <strong>Copilot<\/strong>, as\u00ed como a aplicarlas en el \u00e1mbito empresarial.<\/p>\n<p>Gracias al apoyo de SPRI, el curso est\u00e1 <strong>100% financiado<\/strong>, y los participantes obtendr\u00e1n una <strong>perspectiva pr\u00e1ctica<\/strong> a trav\u00e9s del an\u00e1lisis de casos reales de aplicaci\u00f3n de la IA.<\/p>\n<p>El uso de la IA es cada vez m\u00e1s habitual en los negocios y <strong>se ha convertido en una herramienta estrat\u00e9gica para aumentar la competitividad empresarial<\/strong>. En este taller, los asistentes aprender\u00e1n t\u00e9cnicas para:<\/p>\n<ul>\n<li><strong>Predecir tendencias del mercado.<\/strong><\/li>\n<li><strong>Analizar datos de clientes.<\/strong><\/li>\n<li><strong>Optimizar procesos de trabajo.<\/strong><\/li>\n<\/ul>\n<p>Adem\u00e1s, descubrir\u00e1n c\u00f3mo automatizar tareas como:<\/p>\n<ul>\n<li><strong>La gesti\u00f3n del correo electr\u00f3nico.<\/strong><\/li>\n<li><strong>La programaci\u00f3n de citas.<\/strong><\/li>\n<li><strong>La generaci\u00f3n de informes de ventas.<\/strong><\/li>\n<\/ul>\n<p>Todo ello con el objetivo de mejorar la <strong>eficiencia y la creatividad<\/strong> en sus negocios.<\/p>\n<p>Este taller est\u00e1 dirigido a<strong> empresas y profesionales de la comarca<\/strong> que deseen <strong>mejorar su productividad y competitividad mediante el uso de la IA<\/strong>. Resultar\u00e1 especialmente interesante para quienes quieran <strong>optimizar procesos empresariales e incorporar innovaci\u00f3n tecnol\u00f3gica en sus negocios<\/strong>.<\/p>\n<p>El taller es <strong>gratuito<\/strong>, pero las plazas son limitadas, por lo que <strong>las personas interesadas deber\u00e1n inscribirse cuanto antes<\/strong>.<\/p>\n<ul>\n<li><strong>Fecha y lugar:<\/strong> 11 de febrero, de 9:00 a 14:00, Palacio Bazazabal (Azpeitia)<\/li>\n<li><strong>Inscripciones:<\/strong> <strong><a href=\"https:\/\/mailchi.mp\/870bdcd56831\/lp_eskualdeak\" target=\"_blank\" rel=\"noopener\"><u>Reserva tu plaza aqu\u00ed<\/u><\/a><\/strong><\/li>\n<\/ul>\n","protected":false},"excerpt":{"rendered":"<p>El pr\u00f3ximo 11 de febrero, Iraurgi Berritzen, en el marco de la iniciativa SPRI DIGITALA, y en colaboraci\u00f3n con Mondragon Unibertsitatea y BAIC, organizar\u00e1 el taller intensivo \u00abImpulsa tu empresa con el poder de la \u00a0Inteligencia Artificial\u00bb. El evento tendr\u00e1 lugar en el Palacio Bazazabal (Azpeitia) de 9:00 a 14:00, con el objetivo de acercar [&hellip;]<\/p>\n","protected":false},"author":4,"featured_media":22526,"comment_status":"closed","ping_status":"closed","sticky":false,"template":"","format":"standard","meta":{"_acf_changed":false,"footnotes":""},"categories":[4],"tags":[],"class_list":["post-22529","post","type-post","status-publish","format-standard","has-post-thumbnail","hentry","category-noticias","arloak-enpresa"],"acf":[],"yoast_head":"<!-- This site is optimized with the Yoast SEO plugin v27.4 - https:\/\/yoast.com\/product\/yoast-seo-wordpress\/ -->\n<title>Taller pr\u00e1ctico sobre Inteligencia Artificial en Azpeitia para empresas de la comarca - Iraurgi Berritzen<\/title>\n<meta name=\"robots\" content=\"index, follow, max-snippet:-1, max-image-preview:large, max-video-preview:-1\" \/>\n<link rel=\"canonical\" href=\"https:\/\/iraurgiberritzen.eus\/es\/taller-practico-sobre-inteligencia-artificial-en-azpeitia-para-empresas-de-la-comarca\/\" \/>\n<meta property=\"og:locale\" content=\"es_ES\" \/>\n<meta property=\"og:type\" content=\"article\" \/>\n<meta property=\"og:title\" content=\"Taller pr\u00e1ctico sobre Inteligencia Artificial en Azpeitia para empresas de la comarca - Iraurgi Berritzen\" \/>\n<meta property=\"og:description\" content=\"El pr\u00f3ximo 11 de febrero, Iraurgi Berritzen, en el marco de la iniciativa SPRI DIGITALA, y en colaboraci\u00f3n con Mondragon Unibertsitatea y BAIC, organizar\u00e1 el taller intensivo \u00abImpulsa tu empresa con el poder de la \u00a0Inteligencia Artificial\u00bb. El evento tendr\u00e1 lugar en el Palacio Bazazabal (Azpeitia) de 9:00 a 14:00, con el objetivo de acercar [&hellip;]\" \/>\n<meta property=\"og:url\" content=\"https:\/\/iraurgiberritzen.eus\/es\/taller-practico-sobre-inteligencia-artificial-en-azpeitia-para-empresas-de-la-comarca\/\" \/>\n<meta property=\"og:site_name\" content=\"Iraurgi Berritzen\" \/>\n<meta property=\"article:published_time\" content=\"2025-02-04T09:40:09+00:00\" \/>\n<meta property=\"article:modified_time\" content=\"2025-02-04T09:42:52+00:00\" \/>\n<meta property=\"og:image\" content=\"https:\/\/iraurgiberritzen.eus\/wp-content\/uploads\/2025\/02\/7.jpg\" \/>\n\t<meta property=\"og:image:width\" content=\"1920\" \/>\n\t<meta property=\"og:image:height\" content=\"1080\" \/>\n\t<meta property=\"og:image:type\" content=\"image\/jpeg\" \/>\n<meta name=\"author\" content=\"ainara\" \/>\n<meta name=\"twitter:card\" content=\"summary_large_image\" \/>\n<meta name=\"twitter:label1\" content=\"Escrito por\" \/>\n\t<meta name=\"twitter:data1\" content=\"ainara\" \/>\n\t<meta name=\"twitter:label2\" content=\"Tiempo de lectura\" \/>\n\t<meta name=\"twitter:data2\" content=\"2 minutos\" \/>\n<script type=\"application\/ld+json\" class=\"yoast-schema-graph\">{\"@context\":\"https:\\\/\\\/schema.org\",\"@graph\":[{\"@type\":\"Article\",\"@id\":\"https:\\\/\\\/iraurgiberritzen.eus\\\/es\\\/taller-practico-sobre-inteligencia-artificial-en-azpeitia-para-empresas-de-la-comarca\\\/#article\",\"isPartOf\":{\"@id\":\"https:\\\/\\\/iraurgiberritzen.eus\\\/es\\\/taller-practico-sobre-inteligencia-artificial-en-azpeitia-para-empresas-de-la-comarca\\\/\"},\"author\":{\"name\":\"ainara\",\"@id\":\"https:\\\/\\\/iraurgiberritzen.eus\\\/es\\\/#\\\/schema\\\/person\\\/a32c9825b3e2bfcbe757a97f6a15c8a5\"},\"headline\":\"Taller pr\u00e1ctico sobre Inteligencia Artificial en Azpeitia para empresas de la comarca\",\"datePublished\":\"2025-02-04T09:40:09+00:00\",\"dateModified\":\"2025-02-04T09:42:52+00:00\",\"mainEntityOfPage\":{\"@id\":\"https:\\\/\\\/iraurgiberritzen.eus\\\/es\\\/taller-practico-sobre-inteligencia-artificial-en-azpeitia-para-empresas-de-la-comarca\\\/\"},\"wordCount\":329,\"publisher\":{\"@id\":\"https:\\\/\\\/iraurgiberritzen.eus\\\/es\\\/#organization\"},\"image\":{\"@id\":\"https:\\\/\\\/iraurgiberritzen.eus\\\/es\\\/taller-practico-sobre-inteligencia-artificial-en-azpeitia-para-empresas-de-la-comarca\\\/#primaryimage\"},\"thumbnailUrl\":\"https:\\\/\\\/iraurgiberritzen.eus\\\/wp-content\\\/uploads\\\/2025\\\/02\\\/7.jpg\",\"articleSection\":[\"Noticias\"],\"inLanguage\":\"es\"},{\"@type\":\"WebPage\",\"@id\":\"https:\\\/\\\/iraurgiberritzen.eus\\\/es\\\/taller-practico-sobre-inteligencia-artificial-en-azpeitia-para-empresas-de-la-comarca\\\/\",\"url\":\"https:\\\/\\\/iraurgiberritzen.eus\\\/es\\\/taller-practico-sobre-inteligencia-artificial-en-azpeitia-para-empresas-de-la-comarca\\\/\",\"name\":\"Taller pr\u00e1ctico sobre Inteligencia Artificial en Azpeitia para empresas de la comarca - Iraurgi Berritzen\",\"isPartOf\":{\"@id\":\"https:\\\/\\\/iraurgiberritzen.eus\\\/es\\\/#website\"},\"primaryImageOfPage\":{\"@id\":\"https:\\\/\\\/iraurgiberritzen.eus\\\/es\\\/taller-practico-sobre-inteligencia-artificial-en-azpeitia-para-empresas-de-la-comarca\\\/#primaryimage\"},\"image\":{\"@id\":\"https:\\\/\\\/iraurgiberritzen.eus\\\/es\\\/taller-practico-sobre-inteligencia-artificial-en-azpeitia-para-empresas-de-la-comarca\\\/#primaryimage\"},\"thumbnailUrl\":\"https:\\\/\\\/iraurgiberritzen.eus\\\/wp-content\\\/uploads\\\/2025\\\/02\\\/7.jpg\",\"datePublished\":\"2025-02-04T09:40:09+00:00\",\"dateModified\":\"2025-02-04T09:42:52+00:00\",\"breadcrumb\":{\"@id\":\"https:\\\/\\\/iraurgiberritzen.eus\\\/es\\\/taller-practico-sobre-inteligencia-artificial-en-azpeitia-para-empresas-de-la-comarca\\\/#breadcrumb\"},\"inLanguage\":\"es\",\"potentialAction\":[{\"@type\":\"ReadAction\",\"target\":[\"https:\\\/\\\/iraurgiberritzen.eus\\\/es\\\/taller-practico-sobre-inteligencia-artificial-en-azpeitia-para-empresas-de-la-comarca\\\/\"]}]},{\"@type\":\"ImageObject\",\"inLanguage\":\"es\",\"@id\":\"https:\\\/\\\/iraurgiberritzen.eus\\\/es\\\/taller-practico-sobre-inteligencia-artificial-en-azpeitia-para-empresas-de-la-comarca\\\/#primaryimage\",\"url\":\"https:\\\/\\\/iraurgiberritzen.eus\\\/wp-content\\\/uploads\\\/2025\\\/02\\\/7.jpg\",\"contentUrl\":\"https:\\\/\\\/iraurgiberritzen.eus\\\/wp-content\\\/uploads\\\/2025\\\/02\\\/7.jpg\",\"width\":1920,\"height\":1080},{\"@type\":\"BreadcrumbList\",\"@id\":\"https:\\\/\\\/iraurgiberritzen.eus\\\/es\\\/taller-practico-sobre-inteligencia-artificial-en-azpeitia-para-empresas-de-la-comarca\\\/#breadcrumb\",\"itemListElement\":[{\"@type\":\"ListItem\",\"position\":1,\"name\":\"Home\",\"item\":\"https:\\\/\\\/iraurgiberritzen.eus\\\/es\\\/\"},{\"@type\":\"ListItem\",\"position\":2,\"name\":\"Taller pr\u00e1ctico sobre Inteligencia Artificial en Azpeitia para empresas de la comarca\"}]},{\"@type\":\"WebSite\",\"@id\":\"https:\\\/\\\/iraurgiberritzen.eus\\\/es\\\/#website\",\"url\":\"https:\\\/\\\/iraurgiberritzen.eus\\\/es\\\/\",\"name\":\"Iraurgi Berritzen\",\"description\":\"Urola Erdiko Garapen Agentzia\",\"publisher\":{\"@id\":\"https:\\\/\\\/iraurgiberritzen.eus\\\/es\\\/#organization\"},\"potentialAction\":[{\"@type\":\"SearchAction\",\"target\":{\"@type\":\"EntryPoint\",\"urlTemplate\":\"https:\\\/\\\/iraurgiberritzen.eus\\\/es\\\/?s={search_term_string}\"},\"query-input\":{\"@type\":\"PropertyValueSpecification\",\"valueRequired\":true,\"valueName\":\"search_term_string\"}}],\"inLanguage\":\"es\"},{\"@type\":\"Organization\",\"@id\":\"https:\\\/\\\/iraurgiberritzen.eus\\\/es\\\/#organization\",\"name\":\"Iraurgi Berritzen\",\"url\":\"https:\\\/\\\/iraurgiberritzen.eus\\\/es\\\/\",\"logo\":{\"@type\":\"ImageObject\",\"inLanguage\":\"es\",\"@id\":\"https:\\\/\\\/iraurgiberritzen.eus\\\/es\\\/#\\\/schema\\\/logo\\\/image\\\/\",\"url\":\"https:\\\/\\\/iraurgiberritzen.eus\\\/wp-content\\\/uploads\\\/2024\\\/02\\\/IRAURGI-BERRITZEN-logotipoa_2.png\",\"contentUrl\":\"https:\\\/\\\/iraurgiberritzen.eus\\\/wp-content\\\/uploads\\\/2024\\\/02\\\/IRAURGI-BERRITZEN-logotipoa_2.png\",\"width\":496,\"height\":190,\"caption\":\"Iraurgi Berritzen\"},\"image\":{\"@id\":\"https:\\\/\\\/iraurgiberritzen.eus\\\/es\\\/#\\\/schema\\\/logo\\\/image\\\/\"}},{\"@type\":\"Person\",\"@id\":\"https:\\\/\\\/iraurgiberritzen.eus\\\/es\\\/#\\\/schema\\\/person\\\/a32c9825b3e2bfcbe757a97f6a15c8a5\",\"name\":\"ainara\"}]}<\/script>\n<!-- \/ Yoast SEO plugin. -->","yoast_head_json":{"title":"Taller pr\u00e1ctico sobre Inteligencia Artificial en Azpeitia para empresas de la comarca - Iraurgi Berritzen","robots":{"index":"index","follow":"follow","max-snippet":"max-snippet:-1","max-image-preview":"max-image-preview:large","max-video-preview":"max-video-preview:-1"},"canonical":"https:\/\/iraurgiberritzen.eus\/es\/taller-practico-sobre-inteligencia-artificial-en-azpeitia-para-empresas-de-la-comarca\/","og_locale":"es_ES","og_type":"article","og_title":"Taller pr\u00e1ctico sobre Inteligencia Artificial en Azpeitia para empresas de la comarca - Iraurgi Berritzen","og_description":"El pr\u00f3ximo 11 de febrero, Iraurgi Berritzen, en el marco de la iniciativa SPRI DIGITALA, y en colaboraci\u00f3n con Mondragon Unibertsitatea y BAIC, organizar\u00e1 el taller intensivo \u00abImpulsa tu empresa con el poder de la \u00a0Inteligencia Artificial\u00bb. El evento tendr\u00e1 lugar en el Palacio Bazazabal (Azpeitia) de 9:00 a 14:00, con el objetivo de acercar [&hellip;]","og_url":"https:\/\/iraurgiberritzen.eus\/es\/taller-practico-sobre-inteligencia-artificial-en-azpeitia-para-empresas-de-la-comarca\/","og_site_name":"Iraurgi Berritzen","article_published_time":"2025-02-04T09:40:09+00:00","article_modified_time":"2025-02-04T09:42:52+00:00","og_image":[{"width":1920,"height":1080,"url":"https:\/\/iraurgiberritzen.eus\/wp-content\/uploads\/2025\/02\/7.jpg","type":"image\/jpeg"}],"author":"ainara","twitter_card":"summary_large_image","twitter_misc":{"Escrito por":"ainara","Tiempo de lectura":"2 minutos"},"schema":{"@context":"https:\/\/schema.org","@graph":[{"@type":"Article","@id":"https:\/\/iraurgiberritzen.eus\/es\/taller-practico-sobre-inteligencia-artificial-en-azpeitia-para-empresas-de-la-comarca\/#article","isPartOf":{"@id":"https:\/\/iraurgiberritzen.eus\/es\/taller-practico-sobre-inteligencia-artificial-en-azpeitia-para-empresas-de-la-comarca\/"},"author":{"name":"ainara","@id":"https:\/\/iraurgiberritzen.eus\/es\/#\/schema\/person\/a32c9825b3e2bfcbe757a97f6a15c8a5"},"headline":"Taller pr\u00e1ctico sobre Inteligencia Artificial en Azpeitia para empresas de la comarca","datePublished":"2025-02-04T09:40:09+00:00","dateModified":"2025-02-04T09:42:52+00:00","mainEntityOfPage":{"@id":"https:\/\/iraurgiberritzen.eus\/es\/taller-practico-sobre-inteligencia-artificial-en-azpeitia-para-empresas-de-la-comarca\/"},"wordCount":329,"publisher":{"@id":"https:\/\/iraurgiberritzen.eus\/es\/#organization"},"image":{"@id":"https:\/\/iraurgiberritzen.eus\/es\/taller-practico-sobre-inteligencia-artificial-en-azpeitia-para-empresas-de-la-comarca\/#primaryimage"},"thumbnailUrl":"https:\/\/iraurgiberritzen.eus\/wp-content\/uploads\/2025\/02\/7.jpg","articleSection":["Noticias"],"inLanguage":"es"},{"@type":"WebPage","@id":"https:\/\/iraurgiberritzen.eus\/es\/taller-practico-sobre-inteligencia-artificial-en-azpeitia-para-empresas-de-la-comarca\/","url":"https:\/\/iraurgiberritzen.eus\/es\/taller-practico-sobre-inteligencia-artificial-en-azpeitia-para-empresas-de-la-comarca\/","name":"Taller pr\u00e1ctico sobre Inteligencia Artificial en Azpeitia para empresas de la comarca - Iraurgi Berritzen","isPartOf":{"@id":"https:\/\/iraurgiberritzen.eus\/es\/#website"},"primaryImageOfPage":{"@id":"https:\/\/iraurgiberritzen.eus\/es\/taller-practico-sobre-inteligencia-artificial-en-azpeitia-para-empresas-de-la-comarca\/#primaryimage"},"image":{"@id":"https:\/\/iraurgiberritzen.eus\/es\/taller-practico-sobre-inteligencia-artificial-en-azpeitia-para-empresas-de-la-comarca\/#primaryimage"},"thumbnailUrl":"https:\/\/iraurgiberritzen.eus\/wp-content\/uploads\/2025\/02\/7.jpg","datePublished":"2025-02-04T09:40:09+00:00","dateModified":"2025-02-04T09:42:52+00:00","breadcrumb":{"@id":"https:\/\/iraurgiberritzen.eus\/es\/taller-practico-sobre-inteligencia-artificial-en-azpeitia-para-empresas-de-la-comarca\/#breadcrumb"},"inLanguage":"es","potentialAction":[{"@type":"ReadAction","target":["https:\/\/iraurgiberritzen.eus\/es\/taller-practico-sobre-inteligencia-artificial-en-azpeitia-para-empresas-de-la-comarca\/"]}]},{"@type":"ImageObject","inLanguage":"es","@id":"https:\/\/iraurgiberritzen.eus\/es\/taller-practico-sobre-inteligencia-artificial-en-azpeitia-para-empresas-de-la-comarca\/#primaryimage","url":"https:\/\/iraurgiberritzen.eus\/wp-content\/uploads\/2025\/02\/7.jpg","contentUrl":"https:\/\/iraurgiberritzen.eus\/wp-content\/uploads\/2025\/02\/7.jpg","width":1920,"height":1080},{"@type":"BreadcrumbList","@id":"https:\/\/iraurgiberritzen.eus\/es\/taller-practico-sobre-inteligencia-artificial-en-azpeitia-para-empresas-de-la-comarca\/#breadcrumb","itemListElement":[{"@type":"ListItem","position":1,"name":"Home","item":"https:\/\/iraurgiberritzen.eus\/es\/"},{"@type":"ListItem","position":2,"name":"Taller pr\u00e1ctico sobre Inteligencia Artificial en Azpeitia para empresas de la comarca"}]},{"@type":"WebSite","@id":"https:\/\/iraurgiberritzen.eus\/es\/#website","url":"https:\/\/iraurgiberritzen.eus\/es\/","name":"Iraurgi Berritzen","description":"Urola Erdiko Garapen Agentzia","publisher":{"@id":"https:\/\/iraurgiberritzen.eus\/es\/#organization"},"potentialAction":[{"@type":"SearchAction","target":{"@type":"EntryPoint","urlTemplate":"https:\/\/iraurgiberritzen.eus\/es\/?s={search_term_string}"},"query-input":{"@type":"PropertyValueSpecification","valueRequired":true,"valueName":"search_term_string"}}],"inLanguage":"es"},{"@type":"Organization","@id":"https:\/\/iraurgiberritzen.eus\/es\/#organization","name":"Iraurgi Berritzen","url":"https:\/\/iraurgiberritzen.eus\/es\/","logo":{"@type":"ImageObject","inLanguage":"es","@id":"https:\/\/iraurgiberritzen.eus\/es\/#\/schema\/logo\/image\/","url":"https:\/\/iraurgiberritzen.eus\/wp-content\/uploads\/2024\/02\/IRAURGI-BERRITZEN-logotipoa_2.png","contentUrl":"https:\/\/iraurgiberritzen.eus\/wp-content\/uploads\/2024\/02\/IRAURGI-BERRITZEN-logotipoa_2.png","width":496,"height":190,"caption":"Iraurgi Berritzen"},"image":{"@id":"https:\/\/iraurgiberritzen.eus\/es\/#\/schema\/logo\/image\/"}},{"@type":"Person","@id":"https:\/\/iraurgiberritzen.eus\/es\/#\/schema\/person\/a32c9825b3e2bfcbe757a97f6a15c8a5","name":"ainara"}]}},"_links":{"self":[{"href":"https:\/\/iraurgiberritzen.eus\/es\/wp-json\/wp\/v2\/posts\/22529","targetHints":{"allow":["GET"]}}],"collection":[{"href":"https:\/\/iraurgiberritzen.eus\/es\/wp-json\/wp\/v2\/posts"}],"about":[{"href":"https:\/\/iraurgiberritzen.eus\/es\/wp-json\/wp\/v2\/types\/post"}],"author":[{"embeddable":true,"href":"https:\/\/iraurgiberritzen.eus\/es\/wp-json\/wp\/v2\/users\/4"}],"replies":[{"embeddable":true,"href":"https:\/\/iraurgiberritzen.eus\/es\/wp-json\/wp\/v2\/comments?post=22529"}],"version-history":[{"count":3,"href":"https:\/\/iraurgiberritzen.eus\/es\/wp-json\/wp\/v2\/posts\/22529\/revisions"}],"predecessor-version":[{"id":22534,"href":"https:\/\/iraurgiberritzen.eus\/es\/wp-json\/wp\/v2\/posts\/22529\/revisions\/22534"}],"wp:featuredmedia":[{"embeddable":true,"href":"https:\/\/iraurgiberritzen.eus\/es\/wp-json\/wp\/v2\/media\/22526"}],"wp:attachment":[{"href":"https:\/\/iraurgiberritzen.eus\/es\/wp-json\/wp\/v2\/media?parent=22529"}],"wp:term":[{"taxonomy":"category","embeddable":true,"href":"https:\/\/iraurgiberritzen.eus\/es\/wp-json\/wp\/v2\/categories?post=22529"},{"taxonomy":"post_tag","embeddable":true,"href":"https:\/\/iraurgiberritzen.eus\/es\/wp-json\/wp\/v2\/tags?post=22529"}],"curies":[{"name":"wp","href":"https:\/\/api.w.org\/{rel}","templated":true}]}}