{"id":22558,"date":"2025-02-07T13:44:40","date_gmt":"2025-02-07T11:44:40","guid":{"rendered":"https:\/\/iraurgiberritzen.eus\/?p=22558"},"modified":"2025-02-07T13:44:40","modified_gmt":"2025-02-07T11:44:40","slug":"izarraitz-lanbide-heziketa-e-iraurgi-berritzen-entregan-los-premios-al-emprendimiento","status":"publish","type":"post","link":"https:\/\/iraurgiberritzen.eus\/es\/izarraitz-lanbide-heziketa-e-iraurgi-berritzen-entregan-los-premios-al-emprendimiento\/","title":{"rendered":"Izarraitz Lanbide Heziketa e Iraurgi Berritzen entregan los Premios al Emprendimiento"},"content":{"rendered":"<p><span data-contrast=\"auto\">Un a\u00f1o m\u00e1s, consecutivamente, hoy se ha celebrado la <\/span><b><span data-contrast=\"auto\">VI Edici\u00f3n de los Premios al Emprendimiento<\/span><\/b><span data-contrast=\"auto\">, una iniciativa impulsada por Izarraitz Lanbide Heziketa, dentro del programa Urrats Bat y apoyada por Iraurgi Berritzen. A trav\u00e9s ella, el alumnado de ciclos de grado medio y superior ha tenido la oportunidad de desarrollar ideas de negocio que respondan a las necesidades y retos de la comarca.<\/span><span data-ccp-props=\"{&quot;134233117&quot;:false,&quot;134233118&quot;:false,&quot;335551550&quot;:0,&quot;335551620&quot;:0,&quot;335559738&quot;:240,&quot;335559739&quot;:240}\">\u00a0<\/span><\/p>\n<p><span data-contrast=\"auto\">El objetivo es que,\u00a0partiendo de una necesidad previamente identificada, desarrollen una idea de negocio y analicen su viabilidad. Los proyectos presentados son evaluados por el profesorado de Izarraitz Lanbide Heziketa y por Iraurgi Berritzen, y las ideas premiadas cuentan con el apoyo del alumnado y de los agentes locales.<\/span><span data-ccp-props=\"{&quot;134233117&quot;:false,&quot;134233118&quot;:false,&quot;335551550&quot;:0,&quot;335551620&quot;:0,&quot;335559738&quot;:240,&quot;335559739&quot;:240}\">\u00a0<\/span><\/p>\n<p><span data-contrast=\"auto\">En la edici\u00f3n de este a\u00f1o, las mejores ideas han sido premiadas con vales de compra, gracias a la colaboraci\u00f3n de las asociaciones de comerciantes <\/span>Herrixen (Azkoitia) y Bertan (Azpeitia).<\/p>\n<p><span data-contrast=\"auto\">Este a\u00f1o, Iraurgi Berritzen ha premiado el proyecto que aborda el problema de la soledad en la sociedad. La idea ha sido trabajada por un grupo de estudiantes del ciclo superior de integraci\u00f3n social y en ella se ha abordado el problema de la soledad desde el punto de vista de la vejez y de los adolescentes.<\/span><span data-ccp-props=\"{&quot;134233117&quot;:false,&quot;134233118&quot;:false,&quot;335551550&quot;:0,&quot;335551620&quot;:0,&quot;335559738&quot;:240,&quot;335559739&quot;:240}\">\u00a0<\/span><\/p>\n<p><span data-contrast=\"auto\">Las iniciativas premiadas, son solo ideas, pero hay varias de ellas que podr\u00edan convertirse en ideas de negocio viables. Por nuestra parte, solo nos queda felicitarles y aportar nuestro peque\u00f1o grano de arena en los comercios locales para impulsar el consumo en la comarca, gracias a los bonos de compra de Herrixen y Bertan.<\/span><span data-ccp-props=\"{&quot;134233117&quot;:false,&quot;134233118&quot;:false,&quot;335551550&quot;:0,&quot;335551620&quot;:0,&quot;335559738&quot;:240,&quot;335559739&quot;:240}\">\u00a0<\/span><\/p>\n","protected":false},"excerpt":{"rendered":"<p>Un a\u00f1o m\u00e1s, consecutivamente, hoy se ha celebrado la VI Edici\u00f3n de los Premios al Emprendimiento, una iniciativa impulsada por Izarraitz Lanbide Heziketa, dentro del programa Urrats Bat y apoyada por Iraurgi Berritzen. A trav\u00e9s ella, el alumnado de ciclos de grado medio y superior ha tenido la oportunidad de desarrollar ideas de negocio que [&hellip;]<\/p>\n","protected":false},"author":4,"featured_media":22556,"comment_status":"closed","ping_status":"closed","sticky":false,"template":"","format":"standard","meta":{"_acf_changed":false,"footnotes":""},"categories":[4],"tags":[],"class_list":["post-22558","post","type-post","status-publish","format-standard","has-post-thumbnail","hentry","category-noticias","arloak-emprendimiento"],"acf":[],"yoast_head":"<!-- This site is optimized with the Yoast SEO plugin v27.4 - https:\/\/yoast.com\/product\/yoast-seo-wordpress\/ -->\n<title>Izarraitz Lanbide Heziketa e Iraurgi Berritzen entregan los Premios al Emprendimiento - Iraurgi Berritzen<\/title>\n<meta name=\"robots\" content=\"index, follow, max-snippet:-1, max-image-preview:large, max-video-preview:-1\" \/>\n<link rel=\"canonical\" href=\"https:\/\/iraurgiberritzen.eus\/es\/izarraitz-lanbide-heziketa-e-iraurgi-berritzen-entregan-los-premios-al-emprendimiento\/\" \/>\n<meta property=\"og:locale\" content=\"es_ES\" \/>\n<meta property=\"og:type\" content=\"article\" \/>\n<meta property=\"og:title\" content=\"Izarraitz Lanbide Heziketa e Iraurgi Berritzen entregan los Premios al Emprendimiento - Iraurgi Berritzen\" \/>\n<meta property=\"og:description\" content=\"Un a\u00f1o m\u00e1s, consecutivamente, hoy se ha celebrado la VI Edici\u00f3n de los Premios al Emprendimiento, una iniciativa impulsada por Izarraitz Lanbide Heziketa, dentro del programa Urrats Bat y apoyada por Iraurgi Berritzen. A trav\u00e9s ella, el alumnado de ciclos de grado medio y superior ha tenido la oportunidad de desarrollar ideas de negocio que [&hellip;]\" \/>\n<meta property=\"og:url\" content=\"https:\/\/iraurgiberritzen.eus\/es\/izarraitz-lanbide-heziketa-e-iraurgi-berritzen-entregan-los-premios-al-emprendimiento\/\" \/>\n<meta property=\"og:site_name\" content=\"Iraurgi Berritzen\" \/>\n<meta property=\"article:published_time\" content=\"2025-02-07T11:44:40+00:00\" \/>\n<meta property=\"og:image\" content=\"https:\/\/iraurgiberritzen.eus\/wp-content\/uploads\/2025\/02\/WhatsApp-Image-2025-02-07-at-12.14.26-3-scaled.jpeg\" \/>\n\t<meta property=\"og:image:width\" content=\"2560\" \/>\n\t<meta property=\"og:image:height\" content=\"1920\" \/>\n\t<meta property=\"og:image:type\" content=\"image\/jpeg\" \/>\n<meta name=\"author\" content=\"ainara\" \/>\n<meta name=\"twitter:card\" content=\"summary_large_image\" \/>\n<meta name=\"twitter:label1\" content=\"Escrito por\" \/>\n\t<meta name=\"twitter:data1\" content=\"ainara\" \/>\n\t<meta name=\"twitter:label2\" content=\"Tiempo de lectura\" \/>\n\t<meta name=\"twitter:data2\" content=\"2 minutos\" \/>\n<script type=\"application\/ld+json\" class=\"yoast-schema-graph\">{\"@context\":\"https:\\\/\\\/schema.org\",\"@graph\":[{\"@type\":\"Article\",\"@id\":\"https:\\\/\\\/iraurgiberritzen.eus\\\/es\\\/izarraitz-lanbide-heziketa-e-iraurgi-berritzen-entregan-los-premios-al-emprendimiento\\\/#article\",\"isPartOf\":{\"@id\":\"https:\\\/\\\/iraurgiberritzen.eus\\\/es\\\/izarraitz-lanbide-heziketa-e-iraurgi-berritzen-entregan-los-premios-al-emprendimiento\\\/\"},\"author\":{\"name\":\"ainara\",\"@id\":\"https:\\\/\\\/iraurgiberritzen.eus\\\/es\\\/#\\\/schema\\\/person\\\/a32c9825b3e2bfcbe757a97f6a15c8a5\"},\"headline\":\"Izarraitz Lanbide Heziketa e Iraurgi Berritzen entregan los Premios al Emprendimiento\",\"datePublished\":\"2025-02-07T11:44:40+00:00\",\"mainEntityOfPage\":{\"@id\":\"https:\\\/\\\/iraurgiberritzen.eus\\\/es\\\/izarraitz-lanbide-heziketa-e-iraurgi-berritzen-entregan-los-premios-al-emprendimiento\\\/\"},\"wordCount\":277,\"publisher\":{\"@id\":\"https:\\\/\\\/iraurgiberritzen.eus\\\/es\\\/#organization\"},\"image\":{\"@id\":\"https:\\\/\\\/iraurgiberritzen.eus\\\/es\\\/izarraitz-lanbide-heziketa-e-iraurgi-berritzen-entregan-los-premios-al-emprendimiento\\\/#primaryimage\"},\"thumbnailUrl\":\"https:\\\/\\\/iraurgiberritzen.eus\\\/wp-content\\\/uploads\\\/2025\\\/02\\\/WhatsApp-Image-2025-02-07-at-12.14.26-3-scaled.jpeg\",\"articleSection\":[\"Noticias\"],\"inLanguage\":\"es\"},{\"@type\":\"WebPage\",\"@id\":\"https:\\\/\\\/iraurgiberritzen.eus\\\/es\\\/izarraitz-lanbide-heziketa-e-iraurgi-berritzen-entregan-los-premios-al-emprendimiento\\\/\",\"url\":\"https:\\\/\\\/iraurgiberritzen.eus\\\/es\\\/izarraitz-lanbide-heziketa-e-iraurgi-berritzen-entregan-los-premios-al-emprendimiento\\\/\",\"name\":\"Izarraitz Lanbide Heziketa e Iraurgi Berritzen entregan los Premios al Emprendimiento - Iraurgi Berritzen\",\"isPartOf\":{\"@id\":\"https:\\\/\\\/iraurgiberritzen.eus\\\/es\\\/#website\"},\"primaryImageOfPage\":{\"@id\":\"https:\\\/\\\/iraurgiberritzen.eus\\\/es\\\/izarraitz-lanbide-heziketa-e-iraurgi-berritzen-entregan-los-premios-al-emprendimiento\\\/#primaryimage\"},\"image\":{\"@id\":\"https:\\\/\\\/iraurgiberritzen.eus\\\/es\\\/izarraitz-lanbide-heziketa-e-iraurgi-berritzen-entregan-los-premios-al-emprendimiento\\\/#primaryimage\"},\"thumbnailUrl\":\"https:\\\/\\\/iraurgiberritzen.eus\\\/wp-content\\\/uploads\\\/2025\\\/02\\\/WhatsApp-Image-2025-02-07-at-12.14.26-3-scaled.jpeg\",\"datePublished\":\"2025-02-07T11:44:40+00:00\",\"breadcrumb\":{\"@id\":\"https:\\\/\\\/iraurgiberritzen.eus\\\/es\\\/izarraitz-lanbide-heziketa-e-iraurgi-berritzen-entregan-los-premios-al-emprendimiento\\\/#breadcrumb\"},\"inLanguage\":\"es\",\"potentialAction\":[{\"@type\":\"ReadAction\",\"target\":[\"https:\\\/\\\/iraurgiberritzen.eus\\\/es\\\/izarraitz-lanbide-heziketa-e-iraurgi-berritzen-entregan-los-premios-al-emprendimiento\\\/\"]}]},{\"@type\":\"ImageObject\",\"inLanguage\":\"es\",\"@id\":\"https:\\\/\\\/iraurgiberritzen.eus\\\/es\\\/izarraitz-lanbide-heziketa-e-iraurgi-berritzen-entregan-los-premios-al-emprendimiento\\\/#primaryimage\",\"url\":\"https:\\\/\\\/iraurgiberritzen.eus\\\/wp-content\\\/uploads\\\/2025\\\/02\\\/WhatsApp-Image-2025-02-07-at-12.14.26-3-scaled.jpeg\",\"contentUrl\":\"https:\\\/\\\/iraurgiberritzen.eus\\\/wp-content\\\/uploads\\\/2025\\\/02\\\/WhatsApp-Image-2025-02-07-at-12.14.26-3-scaled.jpeg\",\"width\":2560,\"height\":1920},{\"@type\":\"BreadcrumbList\",\"@id\":\"https:\\\/\\\/iraurgiberritzen.eus\\\/es\\\/izarraitz-lanbide-heziketa-e-iraurgi-berritzen-entregan-los-premios-al-emprendimiento\\\/#breadcrumb\",\"itemListElement\":[{\"@type\":\"ListItem\",\"position\":1,\"name\":\"Home\",\"item\":\"https:\\\/\\\/iraurgiberritzen.eus\\\/es\\\/\"},{\"@type\":\"ListItem\",\"position\":2,\"name\":\"Izarraitz Lanbide Heziketa e Iraurgi Berritzen entregan los Premios al Emprendimiento\"}]},{\"@type\":\"WebSite\",\"@id\":\"https:\\\/\\\/iraurgiberritzen.eus\\\/es\\\/#website\",\"url\":\"https:\\\/\\\/iraurgiberritzen.eus\\\/es\\\/\",\"name\":\"Iraurgi Berritzen\",\"description\":\"Urola Erdiko Garapen Agentzia\",\"publisher\":{\"@id\":\"https:\\\/\\\/iraurgiberritzen.eus\\\/es\\\/#organization\"},\"potentialAction\":[{\"@type\":\"SearchAction\",\"target\":{\"@type\":\"EntryPoint\",\"urlTemplate\":\"https:\\\/\\\/iraurgiberritzen.eus\\\/es\\\/?s={search_term_string}\"},\"query-input\":{\"@type\":\"PropertyValueSpecification\",\"valueRequired\":true,\"valueName\":\"search_term_string\"}}],\"inLanguage\":\"es\"},{\"@type\":\"Organization\",\"@id\":\"https:\\\/\\\/iraurgiberritzen.eus\\\/es\\\/#organization\",\"name\":\"Iraurgi Berritzen\",\"url\":\"https:\\\/\\\/iraurgiberritzen.eus\\\/es\\\/\",\"logo\":{\"@type\":\"ImageObject\",\"inLanguage\":\"es\",\"@id\":\"https:\\\/\\\/iraurgiberritzen.eus\\\/es\\\/#\\\/schema\\\/logo\\\/image\\\/\",\"url\":\"https:\\\/\\\/iraurgiberritzen.eus\\\/wp-content\\\/uploads\\\/2024\\\/02\\\/IRAURGI-BERRITZEN-logotipoa_2.png\",\"contentUrl\":\"https:\\\/\\\/iraurgiberritzen.eus\\\/wp-content\\\/uploads\\\/2024\\\/02\\\/IRAURGI-BERRITZEN-logotipoa_2.png\",\"width\":496,\"height\":190,\"caption\":\"Iraurgi Berritzen\"},\"image\":{\"@id\":\"https:\\\/\\\/iraurgiberritzen.eus\\\/es\\\/#\\\/schema\\\/logo\\\/image\\\/\"}},{\"@type\":\"Person\",\"@id\":\"https:\\\/\\\/iraurgiberritzen.eus\\\/es\\\/#\\\/schema\\\/person\\\/a32c9825b3e2bfcbe757a97f6a15c8a5\",\"name\":\"ainara\"}]}<\/script>\n<!-- \/ Yoast SEO plugin. -->","yoast_head_json":{"title":"Izarraitz Lanbide Heziketa e Iraurgi Berritzen entregan los Premios al Emprendimiento - Iraurgi Berritzen","robots":{"index":"index","follow":"follow","max-snippet":"max-snippet:-1","max-image-preview":"max-image-preview:large","max-video-preview":"max-video-preview:-1"},"canonical":"https:\/\/iraurgiberritzen.eus\/es\/izarraitz-lanbide-heziketa-e-iraurgi-berritzen-entregan-los-premios-al-emprendimiento\/","og_locale":"es_ES","og_type":"article","og_title":"Izarraitz Lanbide Heziketa e Iraurgi Berritzen entregan los Premios al Emprendimiento - Iraurgi Berritzen","og_description":"Un a\u00f1o m\u00e1s, consecutivamente, hoy se ha celebrado la VI Edici\u00f3n de los Premios al Emprendimiento, una iniciativa impulsada por Izarraitz Lanbide Heziketa, dentro del programa Urrats Bat y apoyada por Iraurgi Berritzen. A trav\u00e9s ella, el alumnado de ciclos de grado medio y superior ha tenido la oportunidad de desarrollar ideas de negocio que [&hellip;]","og_url":"https:\/\/iraurgiberritzen.eus\/es\/izarraitz-lanbide-heziketa-e-iraurgi-berritzen-entregan-los-premios-al-emprendimiento\/","og_site_name":"Iraurgi Berritzen","article_published_time":"2025-02-07T11:44:40+00:00","og_image":[{"width":2560,"height":1920,"url":"https:\/\/iraurgiberritzen.eus\/wp-content\/uploads\/2025\/02\/WhatsApp-Image-2025-02-07-at-12.14.26-3-scaled.jpeg","type":"image\/jpeg"}],"author":"ainara","twitter_card":"summary_large_image","twitter_misc":{"Escrito por":"ainara","Tiempo de lectura":"2 minutos"},"schema":{"@context":"https:\/\/schema.org","@graph":[{"@type":"Article","@id":"https:\/\/iraurgiberritzen.eus\/es\/izarraitz-lanbide-heziketa-e-iraurgi-berritzen-entregan-los-premios-al-emprendimiento\/#article","isPartOf":{"@id":"https:\/\/iraurgiberritzen.eus\/es\/izarraitz-lanbide-heziketa-e-iraurgi-berritzen-entregan-los-premios-al-emprendimiento\/"},"author":{"name":"ainara","@id":"https:\/\/iraurgiberritzen.eus\/es\/#\/schema\/person\/a32c9825b3e2bfcbe757a97f6a15c8a5"},"headline":"Izarraitz Lanbide Heziketa e Iraurgi Berritzen entregan los Premios al Emprendimiento","datePublished":"2025-02-07T11:44:40+00:00","mainEntityOfPage":{"@id":"https:\/\/iraurgiberritzen.eus\/es\/izarraitz-lanbide-heziketa-e-iraurgi-berritzen-entregan-los-premios-al-emprendimiento\/"},"wordCount":277,"publisher":{"@id":"https:\/\/iraurgiberritzen.eus\/es\/#organization"},"image":{"@id":"https:\/\/iraurgiberritzen.eus\/es\/izarraitz-lanbide-heziketa-e-iraurgi-berritzen-entregan-los-premios-al-emprendimiento\/#primaryimage"},"thumbnailUrl":"https:\/\/iraurgiberritzen.eus\/wp-content\/uploads\/2025\/02\/WhatsApp-Image-2025-02-07-at-12.14.26-3-scaled.jpeg","articleSection":["Noticias"],"inLanguage":"es"},{"@type":"WebPage","@id":"https:\/\/iraurgiberritzen.eus\/es\/izarraitz-lanbide-heziketa-e-iraurgi-berritzen-entregan-los-premios-al-emprendimiento\/","url":"https:\/\/iraurgiberritzen.eus\/es\/izarraitz-lanbide-heziketa-e-iraurgi-berritzen-entregan-los-premios-al-emprendimiento\/","name":"Izarraitz Lanbide Heziketa e Iraurgi Berritzen entregan los Premios al Emprendimiento - Iraurgi Berritzen","isPartOf":{"@id":"https:\/\/iraurgiberritzen.eus\/es\/#website"},"primaryImageOfPage":{"@id":"https:\/\/iraurgiberritzen.eus\/es\/izarraitz-lanbide-heziketa-e-iraurgi-berritzen-entregan-los-premios-al-emprendimiento\/#primaryimage"},"image":{"@id":"https:\/\/iraurgiberritzen.eus\/es\/izarraitz-lanbide-heziketa-e-iraurgi-berritzen-entregan-los-premios-al-emprendimiento\/#primaryimage"},"thumbnailUrl":"https:\/\/iraurgiberritzen.eus\/wp-content\/uploads\/2025\/02\/WhatsApp-Image-2025-02-07-at-12.14.26-3-scaled.jpeg","datePublished":"2025-02-07T11:44:40+00:00","breadcrumb":{"@id":"https:\/\/iraurgiberritzen.eus\/es\/izarraitz-lanbide-heziketa-e-iraurgi-berritzen-entregan-los-premios-al-emprendimiento\/#breadcrumb"},"inLanguage":"es","potentialAction":[{"@type":"ReadAction","target":["https:\/\/iraurgiberritzen.eus\/es\/izarraitz-lanbide-heziketa-e-iraurgi-berritzen-entregan-los-premios-al-emprendimiento\/"]}]},{"@type":"ImageObject","inLanguage":"es","@id":"https:\/\/iraurgiberritzen.eus\/es\/izarraitz-lanbide-heziketa-e-iraurgi-berritzen-entregan-los-premios-al-emprendimiento\/#primaryimage","url":"https:\/\/iraurgiberritzen.eus\/wp-content\/uploads\/2025\/02\/WhatsApp-Image-2025-02-07-at-12.14.26-3-scaled.jpeg","contentUrl":"https:\/\/iraurgiberritzen.eus\/wp-content\/uploads\/2025\/02\/WhatsApp-Image-2025-02-07-at-12.14.26-3-scaled.jpeg","width":2560,"height":1920},{"@type":"BreadcrumbList","@id":"https:\/\/iraurgiberritzen.eus\/es\/izarraitz-lanbide-heziketa-e-iraurgi-berritzen-entregan-los-premios-al-emprendimiento\/#breadcrumb","itemListElement":[{"@type":"ListItem","position":1,"name":"Home","item":"https:\/\/iraurgiberritzen.eus\/es\/"},{"@type":"ListItem","position":2,"name":"Izarraitz Lanbide Heziketa e Iraurgi Berritzen entregan los Premios al Emprendimiento"}]},{"@type":"WebSite","@id":"https:\/\/iraurgiberritzen.eus\/es\/#website","url":"https:\/\/iraurgiberritzen.eus\/es\/","name":"Iraurgi Berritzen","description":"Urola Erdiko Garapen Agentzia","publisher":{"@id":"https:\/\/iraurgiberritzen.eus\/es\/#organization"},"potentialAction":[{"@type":"SearchAction","target":{"@type":"EntryPoint","urlTemplate":"https:\/\/iraurgiberritzen.eus\/es\/?s={search_term_string}"},"query-input":{"@type":"PropertyValueSpecification","valueRequired":true,"valueName":"search_term_string"}}],"inLanguage":"es"},{"@type":"Organization","@id":"https:\/\/iraurgiberritzen.eus\/es\/#organization","name":"Iraurgi Berritzen","url":"https:\/\/iraurgiberritzen.eus\/es\/","logo":{"@type":"ImageObject","inLanguage":"es","@id":"https:\/\/iraurgiberritzen.eus\/es\/#\/schema\/logo\/image\/","url":"https:\/\/iraurgiberritzen.eus\/wp-content\/uploads\/2024\/02\/IRAURGI-BERRITZEN-logotipoa_2.png","contentUrl":"https:\/\/iraurgiberritzen.eus\/wp-content\/uploads\/2024\/02\/IRAURGI-BERRITZEN-logotipoa_2.png","width":496,"height":190,"caption":"Iraurgi Berritzen"},"image":{"@id":"https:\/\/iraurgiberritzen.eus\/es\/#\/schema\/logo\/image\/"}},{"@type":"Person","@id":"https:\/\/iraurgiberritzen.eus\/es\/#\/schema\/person\/a32c9825b3e2bfcbe757a97f6a15c8a5","name":"ainara"}]}},"_links":{"self":[{"href":"https:\/\/iraurgiberritzen.eus\/es\/wp-json\/wp\/v2\/posts\/22558","targetHints":{"allow":["GET"]}}],"collection":[{"href":"https:\/\/iraurgiberritzen.eus\/es\/wp-json\/wp\/v2\/posts"}],"about":[{"href":"https:\/\/iraurgiberritzen.eus\/es\/wp-json\/wp\/v2\/types\/post"}],"author":[{"embeddable":true,"href":"https:\/\/iraurgiberritzen.eus\/es\/wp-json\/wp\/v2\/users\/4"}],"replies":[{"embeddable":true,"href":"https:\/\/iraurgiberritzen.eus\/es\/wp-json\/wp\/v2\/comments?post=22558"}],"version-history":[{"count":1,"href":"https:\/\/iraurgiberritzen.eus\/es\/wp-json\/wp\/v2\/posts\/22558\/revisions"}],"predecessor-version":[{"id":22559,"href":"https:\/\/iraurgiberritzen.eus\/es\/wp-json\/wp\/v2\/posts\/22558\/revisions\/22559"}],"wp:featuredmedia":[{"embeddable":true,"href":"https:\/\/iraurgiberritzen.eus\/es\/wp-json\/wp\/v2\/media\/22556"}],"wp:attachment":[{"href":"https:\/\/iraurgiberritzen.eus\/es\/wp-json\/wp\/v2\/media?parent=22558"}],"wp:term":[{"taxonomy":"category","embeddable":true,"href":"https:\/\/iraurgiberritzen.eus\/es\/wp-json\/wp\/v2\/categories?post=22558"},{"taxonomy":"post_tag","embeddable":true,"href":"https:\/\/iraurgiberritzen.eus\/es\/wp-json\/wp\/v2\/tags?post=22558"}],"curies":[{"name":"wp","href":"https:\/\/api.w.org\/{rel}","templated":true}]}}