{"id":22570,"date":"2025-02-12T12:15:49","date_gmt":"2025-02-12T10:15:49","guid":{"rendered":"https:\/\/iraurgiberritzen.eus\/?p=22570"},"modified":"2025-02-17T09:54:44","modified_gmt":"2025-02-17T07:54:44","slug":"zatoz-lanbide-heziketa-eta-enplegu-azoka-una-cita-para-conocer-la-oferta-de-las-comarcas-urola-kosta-y-urola-erdia-el-12-de-marzo","status":"publish","type":"post","link":"https:\/\/iraurgiberritzen.eus\/es\/zatoz-lanbide-heziketa-eta-enplegu-azoka-una-cita-para-conocer-la-oferta-de-las-comarcas-urola-kosta-y-urola-erdia-el-12-de-marzo\/","title":{"rendered":"ZATOZ! FERIA DE FORMACION PROFESIONAL Y EMPLEO"},"content":{"rendered":"<h5>El 12 de marzo cita abierta para conocer la oferta de Urola Kosta y Urola Erdia<\/h5>\n<p>&nbsp;<\/p>\n<ul>\n<li><strong>La feria se llevar\u00e1 a cabo en Elkargune (Azkoitia) desde las 10:00 hasta las 17:30 y se podr\u00e1 conocer la oferta de Formaci\u00f3n Profesional, las Agencias de Desarrollo y de Lanbide \u2013 Servicio Vasco de Empleo de las citadas comarcas.\u00a0\u00a0<\/strong><\/li>\n<li data-leveltext=\"\u25cf\" data-font=\"Noto Sans Symbols\" data-listid=\"2\" data-list-defn-props=\"{&quot;335552541&quot;:1,&quot;335559685&quot;:720,&quot;335559991&quot;:360,&quot;469769226&quot;:&quot;Noto Sans Symbols&quot;,&quot;469769242&quot;:[8226],&quot;469777803&quot;:&quot;left&quot;,&quot;469777804&quot;:&quot;\u25cf&quot;,&quot;469777815&quot;:&quot;multilevel&quot;}\" aria-setsize=\"-1\" data-aria-posinset=\"3\" data-aria-level=\"1\"><strong>El objetivo es dar a conocer la oferta de formaci\u00f3n profesional, formaci\u00f3n para el empleo y de empleo de ambas comarcas. \u00a0<\/strong><\/li>\n<\/ul>\n<p><span data-contrast=\"auto\">El d\u00eda 12 de marzo, Elkargune de Azkoitia ser\u00e1 el escenario de la<\/span> <strong>segunda <\/strong><span data-contrast=\"auto\"><strong>edici\u00f3n de: ZATOZ! Lanbide Heziketa eta Enplegu azoka (feria de Formaci\u00f3n Profesional y de Empleo).<\/strong>\u00a0\u00a0<\/span><span data-ccp-props=\"{&quot;335551550&quot;:6,&quot;335551620&quot;:6,&quot;335559738&quot;:280,&quot;335559739&quot;:280}\"> La primera edici\u00f3n se celebr\u00f3 el a\u00f1o pasado en Zarautz.<\/span><\/p>\n<p><span data-contrast=\"auto\">Esta feria ha sido organizada por los centros de Formaci\u00f3n Profesional y las Agencias de Desarrollo de las comarcas de Urola Kosta y Urola Erdia, junto con Lanbide-Servicio Vasco de Empleo, con el objetivo de <strong>fomentar la creaci\u00f3n, captaci\u00f3n y mantenimiento del talento<\/strong>.\u00a0<\/span><span data-ccp-props=\"{&quot;335551550&quot;:6,&quot;335551620&quot;:6,&quot;335557856&quot;:16777215,&quot;335559738&quot;:240,&quot;335559739&quot;:240}\">\u00a0<\/span><\/p>\n<p>Por la ma\u00f1ana, entre las <strong>10:00 y las 14:00 horas<\/strong>, la feria estar\u00e1 dirigido al alumnado interesado en la Formaci\u00f3n Profesional, y por la tarde, hasta las 17:00 horas, estar\u00e1 dirigido a aquellas personas que se encuentren en situaci\u00f3n de desempleo o en situaci\u00f3n de mejora laboral. De esta manera se podr\u00e1 conocer la oferta tanto de la Formaci\u00f3n Profesional como las Agencias de Desarrollo y Lanbide-Servicio de Empleo de ambas comarcas. En total participar\u00e1n <strong>8 agentes diferentes<\/strong>.<\/p>\n<p>La feria ser\u00e1<strong> abierta a toda la ciudadan\u00eda<\/strong>, por lo que pueden acercarse a ella personas en desempleo, con trabajo o aquellas que quieran obtener m\u00e1s informaci\u00f3n, sean personas j\u00f3venes, adultas, padres, madres, etc.<\/p>\n<p><b><span data-contrast=\"auto\">Participaci\u00f3n de j\u00f3venes en la feria<\/span><\/b><span data-ccp-props=\"{&quot;335551550&quot;:6,&quot;335551620&quot;:6,&quot;335559738&quot;:280,&quot;335559739&quot;:280}\">\u00a0<\/span><\/p>\n<p><span data-contrast=\"auto\">El alumnado de ESO y Bachiller de Urola Erdia y Urola Kosta tambi\u00e9n participar\u00e1n en la iniciativa; para ello se han realizado labores de coordinaci\u00f3n con los centros escolares para que acudan por turnos a la feria a lo largo de la ma\u00f1ana. As\u00ed, se prev\u00e9 el paso de casi 600<\/span> <span data-contrast=\"auto\">j\u00f3venes (Antoniano Ikastetxea, BHI Azkoitia, Floreaga Salestarb Ikastetxea, Ikasberri Azpeitiko Ikastola, Iraurgi Ikastetxea, La Salle Ikastetxea, Lizardi BHI, Orioko Herri Ikastola, Oteitza Lizeo Politeknikoa, Salbatore Mitxelena Ikastola, Zaragueta Herri Eskola, Zumaiena Ikastetxea, Zumaia BHI, Urola BHI).<\/span><span data-ccp-props=\"{&quot;335551550&quot;:6,&quot;335551620&quot;:6,&quot;335559738&quot;:280,&quot;335559739&quot;:280}\">\u00a0<\/span><\/p>\n<p><b><span data-contrast=\"auto\">Servicio de asesoramiento para una formaci\u00f3n continua e informaci\u00f3n de cursos y oferta de empleo para personas trabajadoras o demandantes de empleo.<\/span><\/b><span data-ccp-props=\"{&quot;335551550&quot;:6,&quot;335551620&quot;:6}\">\u00a0<\/span><\/p>\n<p><span data-contrast=\"auto\">Asimismo, se podr\u00e1 recibir asesoramiento de formaci\u00f3n continua en la propia feria. En ella se podr\u00e1 obtener informaci\u00f3n sobre certificados de Lanbide, reconocimiento de competencias, diferentes cursos y ofertas de empleo.<\/span><span data-ccp-props=\"{&quot;335551550&quot;:6,&quot;335551620&quot;:6,&quot;335559738&quot;:280,&quot;335559739&quot;:280}\">\u00a0<\/span><\/p>\n<p><strong>Participantes en la Feria<\/strong><\/p>\n<ul>\n<li data-leveltext=\"\u25cf\" data-font=\"Noto Sans Symbols\" data-listid=\"1\" data-list-defn-props=\"{&quot;335552541&quot;:1,&quot;335559685&quot;:720,&quot;335559991&quot;:360,&quot;469769226&quot;:&quot;Noto Sans Symbols&quot;,&quot;469769242&quot;:[8226],&quot;469777803&quot;:&quot;left&quot;,&quot;469777804&quot;:&quot;\u25cf&quot;,&quot;469777815&quot;:&quot;multilevel&quot;}\" aria-setsize=\"-1\" data-aria-posinset=\"10\" data-aria-level=\"1\"><span data-contrast=\"none\">Iraurgi Berritzen, Agencia de Desarrollo e Innovaci\u00f3n de Urola Erdia\u00a0<\/span><span data-ccp-props=\"{&quot;335557856&quot;:16777215,&quot;335559685&quot;:1440,&quot;335559738&quot;:240,&quot;335572071&quot;:0,&quot;335572072&quot;:0,&quot;335572073&quot;:0,&quot;335572075&quot;:0,&quot;335572076&quot;:0,&quot;335572077&quot;:0,&quot;335572079&quot;:0,&quot;335572080&quot;:0,&quot;335572081&quot;:0,&quot;335572083&quot;:0,&quot;335572084&quot;:0,&quot;335572085&quot;:0,&quot;335572087&quot;:0,&quot;335572088&quot;:0,&quot;335572089&quot;:0,&quot;469789798&quot;:&quot;nil&quot;,&quot;469789802&quot;:&quot;nil&quot;,&quot;469789806&quot;:&quot;nil&quot;,&quot;469789810&quot;:&quot;nil&quot;,&quot;469789814&quot;:&quot;nil&quot;}\">\u00a0<\/span><\/li>\n<\/ul>\n<ul>\n<li data-leveltext=\"\u25cf\" data-font=\"Noto Sans Symbols\" data-listid=\"1\" data-list-defn-props=\"{&quot;335552541&quot;:1,&quot;335559685&quot;:720,&quot;335559991&quot;:360,&quot;469769226&quot;:&quot;Noto Sans Symbols&quot;,&quot;469769242&quot;:[8226],&quot;469777803&quot;:&quot;left&quot;,&quot;469777804&quot;:&quot;\u25cf&quot;,&quot;469777815&quot;:&quot;multilevel&quot;}\" aria-setsize=\"-1\" data-aria-posinset=\"11\" data-aria-level=\"1\"><span data-contrast=\"none\">Agencia de Desarrollo de la Mancomunidad de Urola Kosta<\/span><span data-ccp-props=\"{&quot;335557856&quot;:16777215,&quot;335559685&quot;:1440,&quot;335572071&quot;:0,&quot;335572072&quot;:0,&quot;335572073&quot;:0,&quot;335572075&quot;:0,&quot;335572076&quot;:0,&quot;335572077&quot;:0,&quot;335572079&quot;:0,&quot;335572080&quot;:0,&quot;335572081&quot;:0,&quot;335572083&quot;:0,&quot;335572084&quot;:0,&quot;335572085&quot;:0,&quot;335572087&quot;:0,&quot;335572088&quot;:0,&quot;335572089&quot;:0,&quot;469789798&quot;:&quot;nil&quot;,&quot;469789802&quot;:&quot;nil&quot;,&quot;469789806&quot;:&quot;nil&quot;,&quot;469789810&quot;:&quot;nil&quot;,&quot;469789814&quot;:&quot;nil&quot;}\">\u00a0<\/span><\/li>\n<\/ul>\n<ul>\n<li data-leveltext=\"\u25cf\" data-font=\"Noto Sans Symbols\" data-listid=\"1\" data-list-defn-props=\"{&quot;335552541&quot;:1,&quot;335559685&quot;:720,&quot;335559991&quot;:360,&quot;469769226&quot;:&quot;Noto Sans Symbols&quot;,&quot;469769242&quot;:[8226],&quot;469777803&quot;:&quot;left&quot;,&quot;469777804&quot;:&quot;\u25cf&quot;,&quot;469777815&quot;:&quot;multilevel&quot;}\" aria-setsize=\"-1\" data-aria-posinset=\"12\" data-aria-level=\"1\"><span data-contrast=\"none\">Lanbide- Servicio Vasco de Empleo<\/span><span data-ccp-props=\"{&quot;335557856&quot;:16777215,&quot;335559685&quot;:1440,&quot;335572071&quot;:0,&quot;335572072&quot;:0,&quot;335572073&quot;:0,&quot;335572075&quot;:0,&quot;335572076&quot;:0,&quot;335572077&quot;:0,&quot;335572079&quot;:0,&quot;335572080&quot;:0,&quot;335572081&quot;:0,&quot;335572083&quot;:0,&quot;335572084&quot;:0,&quot;335572085&quot;:0,&quot;335572087&quot;:0,&quot;335572088&quot;:0,&quot;335572089&quot;:0,&quot;469789798&quot;:&quot;nil&quot;,&quot;469789802&quot;:&quot;nil&quot;,&quot;469789806&quot;:&quot;nil&quot;,&quot;469789810&quot;:&quot;nil&quot;,&quot;469789814&quot;:&quot;nil&quot;}\">\u00a0<\/span><\/li>\n<\/ul>\n<ul>\n<li data-leveltext=\"\u25cf\" data-font=\"Noto Sans Symbols\" data-listid=\"1\" data-list-defn-props=\"{&quot;335552541&quot;:1,&quot;335559685&quot;:720,&quot;335559991&quot;:360,&quot;469769226&quot;:&quot;Noto Sans Symbols&quot;,&quot;469769242&quot;:[8226],&quot;469777803&quot;:&quot;left&quot;,&quot;469777804&quot;:&quot;\u25cf&quot;,&quot;469777815&quot;:&quot;multilevel&quot;}\" aria-setsize=\"-1\" data-aria-posinset=\"13\" data-aria-level=\"1\"><span data-contrast=\"none\">Monte Albertia LHII<\/span><span data-ccp-props=\"{&quot;335557856&quot;:16777215,&quot;335559685&quot;:1440,&quot;335572071&quot;:0,&quot;335572072&quot;:0,&quot;335572073&quot;:0,&quot;335572075&quot;:0,&quot;335572076&quot;:0,&quot;335572077&quot;:0,&quot;335572079&quot;:0,&quot;335572080&quot;:0,&quot;335572081&quot;:0,&quot;335572083&quot;:0,&quot;335572084&quot;:0,&quot;335572085&quot;:0,&quot;335572087&quot;:0,&quot;335572088&quot;:0,&quot;335572089&quot;:0,&quot;469789798&quot;:&quot;nil&quot;,&quot;469789802&quot;:&quot;nil&quot;,&quot;469789806&quot;:&quot;nil&quot;,&quot;469789810&quot;:&quot;nil&quot;,&quot;469789814&quot;:&quot;nil&quot;}\">\u00a0<\/span><\/li>\n<\/ul>\n<ul>\n<li data-leveltext=\"\u25cf\" data-font=\"Noto Sans Symbols\" data-listid=\"1\" data-list-defn-props=\"{&quot;335552541&quot;:1,&quot;335559685&quot;:720,&quot;335559991&quot;:360,&quot;469769226&quot;:&quot;Noto Sans Symbols&quot;,&quot;469769242&quot;:[8226],&quot;469777803&quot;:&quot;left&quot;,&quot;469777804&quot;:&quot;\u25cf&quot;,&quot;469777815&quot;:&quot;multilevel&quot;}\" aria-setsize=\"-1\" data-aria-posinset=\"14\" data-aria-level=\"1\"><span data-contrast=\"none\">Oteitza Lizeo Politeknikoa<\/span><span data-ccp-props=\"{&quot;335557856&quot;:16777215,&quot;335559685&quot;:1440,&quot;335572071&quot;:0,&quot;335572072&quot;:0,&quot;335572073&quot;:0,&quot;335572075&quot;:0,&quot;335572076&quot;:0,&quot;335572077&quot;:0,&quot;335572079&quot;:0,&quot;335572080&quot;:0,&quot;335572081&quot;:0,&quot;335572083&quot;:0,&quot;335572084&quot;:0,&quot;335572085&quot;:0,&quot;335572087&quot;:0,&quot;335572088&quot;:0,&quot;335572089&quot;:0,&quot;469789798&quot;:&quot;nil&quot;,&quot;469789802&quot;:&quot;nil&quot;,&quot;469789806&quot;:&quot;nil&quot;,&quot;469789810&quot;:&quot;nil&quot;,&quot;469789814&quot;:&quot;nil&quot;}\">\u00a0<\/span><\/li>\n<\/ul>\n<ul>\n<li data-leveltext=\"\u25cf\" data-font=\"Noto Sans Symbols\" data-listid=\"1\" data-list-defn-props=\"{&quot;335552541&quot;:1,&quot;335559685&quot;:720,&quot;335559991&quot;:360,&quot;469769226&quot;:&quot;Noto Sans Symbols&quot;,&quot;469769242&quot;:[8226],&quot;469777803&quot;:&quot;left&quot;,&quot;469777804&quot;:&quot;\u25cf&quot;,&quot;469777815&quot;:&quot;multilevel&quot;}\" aria-setsize=\"-1\" data-aria-posinset=\"15\" data-aria-level=\"1\"><span data-contrast=\"none\">Zumaia BHI<\/span><span data-ccp-props=\"{&quot;335557856&quot;:16777215,&quot;335559685&quot;:1440,&quot;335572071&quot;:0,&quot;335572072&quot;:0,&quot;335572073&quot;:0,&quot;335572075&quot;:0,&quot;335572076&quot;:0,&quot;335572077&quot;:0,&quot;335572079&quot;:0,&quot;335572080&quot;:0,&quot;335572081&quot;:0,&quot;335572083&quot;:0,&quot;335572084&quot;:0,&quot;335572085&quot;:0,&quot;335572087&quot;:0,&quot;335572088&quot;:0,&quot;335572089&quot;:0,&quot;469789798&quot;:&quot;nil&quot;,&quot;469789802&quot;:&quot;nil&quot;,&quot;469789806&quot;:&quot;nil&quot;,&quot;469789810&quot;:&quot;nil&quot;,&quot;469789814&quot;:&quot;nil&quot;}\">\u00a0<\/span><\/li>\n<\/ul>\n<ul>\n<li data-leveltext=\"\u25cf\" data-font=\"Noto Sans Symbols\" data-listid=\"1\" data-list-defn-props=\"{&quot;335552541&quot;:1,&quot;335559685&quot;:720,&quot;335559991&quot;:360,&quot;469769226&quot;:&quot;Noto Sans Symbols&quot;,&quot;469769242&quot;:[8226],&quot;469777803&quot;:&quot;left&quot;,&quot;469777804&quot;:&quot;\u25cf&quot;,&quot;469777815&quot;:&quot;multilevel&quot;}\" aria-setsize=\"-1\" data-aria-posinset=\"16\" data-aria-level=\"1\"><span data-contrast=\"none\">Oinarrizko Lanbide Heziketa: soldadura<\/span><span data-ccp-props=\"{&quot;335557856&quot;:16777215,&quot;335559685&quot;:1440,&quot;335572071&quot;:0,&quot;335572072&quot;:0,&quot;335572073&quot;:0,&quot;335572075&quot;:0,&quot;335572076&quot;:0,&quot;335572077&quot;:0,&quot;335572079&quot;:0,&quot;335572080&quot;:0,&quot;335572081&quot;:0,&quot;335572083&quot;:0,&quot;335572084&quot;:0,&quot;335572085&quot;:0,&quot;335572087&quot;:0,&quot;335572088&quot;:0,&quot;335572089&quot;:0,&quot;469789798&quot;:&quot;nil&quot;,&quot;469789802&quot;:&quot;nil&quot;,&quot;469789806&quot;:&quot;nil&quot;,&quot;469789810&quot;:&quot;nil&quot;,&quot;469789814&quot;:&quot;nil&quot;}\">\u00a0<\/span><\/li>\n<\/ul>\n<ul>\n<li data-leveltext=\"\u25cf\" data-font=\"Noto Sans Symbols\" data-listid=\"1\" data-list-defn-props=\"{&quot;335552541&quot;:1,&quot;335559685&quot;:720,&quot;335559991&quot;:360,&quot;469769226&quot;:&quot;Noto Sans Symbols&quot;,&quot;469769242&quot;:[8226],&quot;469777803&quot;:&quot;left&quot;,&quot;469777804&quot;:&quot;\u25cf&quot;,&quot;469777815&quot;:&quot;multilevel&quot;}\" aria-setsize=\"-1\" data-aria-posinset=\"17\" data-aria-level=\"1\"><span data-contrast=\"none\">Izarraitz Lanbide Heziketa<\/span><span data-ccp-props=\"{&quot;335557856&quot;:16777215,&quot;335559685&quot;:1440,&quot;335572071&quot;:0,&quot;335572072&quot;:0,&quot;335572073&quot;:0,&quot;335572075&quot;:0,&quot;335572076&quot;:0,&quot;335572077&quot;:0,&quot;335572079&quot;:0,&quot;335572080&quot;:0,&quot;335572081&quot;:0,&quot;335572083&quot;:0,&quot;335572084&quot;:0,&quot;335572085&quot;:0,&quot;335572087&quot;:0,&quot;335572088&quot;:0,&quot;335572089&quot;:0,&quot;469789798&quot;:&quot;nil&quot;,&quot;469789802&quot;:&quot;nil&quot;,&quot;469789806&quot;:&quot;nil&quot;,&quot;469789810&quot;:&quot;nil&quot;,&quot;469789814&quot;:&quot;nil&quot;}\">\u00a0<\/span><\/li>\n<\/ul>\n<ul>\n<li data-leveltext=\"\u25cf\" data-font=\"Noto Sans Symbols\" data-listid=\"1\" data-list-defn-props=\"{&quot;335552541&quot;:1,&quot;335559685&quot;:720,&quot;335559991&quot;:360,&quot;469769226&quot;:&quot;Noto Sans Symbols&quot;,&quot;469769242&quot;:[8226],&quot;469777803&quot;:&quot;left&quot;,&quot;469777804&quot;:&quot;\u25cf&quot;,&quot;469777815&quot;:&quot;multilevel&quot;}\" aria-setsize=\"-1\" data-aria-posinset=\"18\" data-aria-level=\"1\"><span data-contrast=\"none\">Aiala Sukaldaritza ikastetxea<\/span><span data-ccp-props=\"{&quot;335557856&quot;:16777215,&quot;335559685&quot;:1440,&quot;335559739&quot;:240,&quot;335572071&quot;:0,&quot;335572072&quot;:0,&quot;335572073&quot;:0,&quot;335572075&quot;:0,&quot;335572076&quot;:0,&quot;335572077&quot;:0,&quot;335572079&quot;:0,&quot;335572080&quot;:0,&quot;335572081&quot;:0,&quot;335572083&quot;:0,&quot;335572084&quot;:0,&quot;335572085&quot;:0,&quot;335572087&quot;:0,&quot;335572088&quot;:0,&quot;335572089&quot;:0,&quot;469789798&quot;:&quot;nil&quot;,&quot;469789802&quot;:&quot;nil&quot;,&quot;469789806&quot;:&quot;nil&quot;,&quot;469789810&quot;:&quot;nil&quot;,&quot;469789814&quot;:&quot;nil&quot;}\">\u00a0<\/span><\/li>\n<\/ul>\n","protected":false},"excerpt":{"rendered":"<p>El 12 de marzo cita abierta para conocer la oferta de Urola Kosta y Urola Erdia &nbsp; La feria se llevar\u00e1 a cabo en Elkargune (Azkoitia) desde las 10:00 hasta las 17:30 y se podr\u00e1 conocer la oferta de Formaci\u00f3n Profesional, las Agencias de Desarrollo y de Lanbide \u2013 Servicio Vasco de Empleo de las [&hellip;]<\/p>\n","protected":false},"author":4,"featured_media":22568,"comment_status":"closed","ping_status":"closed","sticky":false,"template":"","format":"standard","meta":{"_acf_changed":false,"footnotes":""},"categories":[4],"tags":[],"class_list":["post-22570","post","type-post","status-publish","format-standard","has-post-thumbnail","hentry","category-noticias","arloak-educacion","arloak-empleo"],"acf":[],"yoast_head":"<!-- This site is optimized with the Yoast SEO plugin v27.4 - https:\/\/yoast.com\/product\/yoast-seo-wordpress\/ -->\n<title>ZATOZ! FERIA DE FORMACION PROFESIONAL Y EMPLEO - Iraurgi Berritzen<\/title>\n<meta name=\"robots\" content=\"index, follow, max-snippet:-1, max-image-preview:large, max-video-preview:-1\" \/>\n<link rel=\"canonical\" href=\"https:\/\/iraurgiberritzen.eus\/es\/zatoz-lanbide-heziketa-eta-enplegu-azoka-una-cita-para-conocer-la-oferta-de-las-comarcas-urola-kosta-y-urola-erdia-el-12-de-marzo\/\" \/>\n<meta property=\"og:locale\" content=\"es_ES\" \/>\n<meta property=\"og:type\" content=\"article\" \/>\n<meta property=\"og:title\" content=\"ZATOZ! FERIA DE FORMACION PROFESIONAL Y EMPLEO - Iraurgi Berritzen\" \/>\n<meta property=\"og:description\" content=\"El 12 de marzo cita abierta para conocer la oferta de Urola Kosta y Urola Erdia &nbsp; La feria se llevar\u00e1 a cabo en Elkargune (Azkoitia) desde las 10:00 hasta las 17:30 y se podr\u00e1 conocer la oferta de Formaci\u00f3n Profesional, las Agencias de Desarrollo y de Lanbide \u2013 Servicio Vasco de Empleo de las [&hellip;]\" \/>\n<meta property=\"og:url\" content=\"https:\/\/iraurgiberritzen.eus\/es\/zatoz-lanbide-heziketa-eta-enplegu-azoka-una-cita-para-conocer-la-oferta-de-las-comarcas-urola-kosta-y-urola-erdia-el-12-de-marzo\/\" \/>\n<meta property=\"og:site_name\" content=\"Iraurgi Berritzen\" \/>\n<meta property=\"article:published_time\" content=\"2025-02-12T10:15:49+00:00\" \/>\n<meta property=\"article:modified_time\" content=\"2025-02-17T07:54:44+00:00\" \/>\n<meta property=\"og:image\" content=\"https:\/\/iraurgiberritzen.eus\/wp-content\/uploads\/2025\/02\/LANBIDE-HEZIKETA-ETA-ENPLEGU-AZOKA-800-x-550-px.jpg\" \/>\n\t<meta property=\"og:image:width\" content=\"800\" \/>\n\t<meta property=\"og:image:height\" content=\"550\" \/>\n\t<meta property=\"og:image:type\" content=\"image\/jpeg\" \/>\n<meta name=\"author\" content=\"ainara\" \/>\n<meta name=\"twitter:card\" content=\"summary_large_image\" \/>\n<meta name=\"twitter:label1\" content=\"Escrito por\" \/>\n\t<meta name=\"twitter:data1\" content=\"ainara\" \/>\n\t<meta name=\"twitter:label2\" content=\"Tiempo de lectura\" \/>\n\t<meta name=\"twitter:data2\" content=\"3 minutos\" \/>\n<script type=\"application\/ld+json\" class=\"yoast-schema-graph\">{\"@context\":\"https:\\\/\\\/schema.org\",\"@graph\":[{\"@type\":\"Article\",\"@id\":\"https:\\\/\\\/iraurgiberritzen.eus\\\/es\\\/zatoz-lanbide-heziketa-eta-enplegu-azoka-una-cita-para-conocer-la-oferta-de-las-comarcas-urola-kosta-y-urola-erdia-el-12-de-marzo\\\/#article\",\"isPartOf\":{\"@id\":\"https:\\\/\\\/iraurgiberritzen.eus\\\/es\\\/zatoz-lanbide-heziketa-eta-enplegu-azoka-una-cita-para-conocer-la-oferta-de-las-comarcas-urola-kosta-y-urola-erdia-el-12-de-marzo\\\/\"},\"author\":{\"name\":\"ainara\",\"@id\":\"https:\\\/\\\/iraurgiberritzen.eus\\\/es\\\/#\\\/schema\\\/person\\\/a32c9825b3e2bfcbe757a97f6a15c8a5\"},\"headline\":\"ZATOZ! FERIA DE FORMACION PROFESIONAL Y EMPLEO\",\"datePublished\":\"2025-02-12T10:15:49+00:00\",\"dateModified\":\"2025-02-17T07:54:44+00:00\",\"mainEntityOfPage\":{\"@id\":\"https:\\\/\\\/iraurgiberritzen.eus\\\/es\\\/zatoz-lanbide-heziketa-eta-enplegu-azoka-una-cita-para-conocer-la-oferta-de-las-comarcas-urola-kosta-y-urola-erdia-el-12-de-marzo\\\/\"},\"wordCount\":494,\"publisher\":{\"@id\":\"https:\\\/\\\/iraurgiberritzen.eus\\\/es\\\/#organization\"},\"image\":{\"@id\":\"https:\\\/\\\/iraurgiberritzen.eus\\\/es\\\/zatoz-lanbide-heziketa-eta-enplegu-azoka-una-cita-para-conocer-la-oferta-de-las-comarcas-urola-kosta-y-urola-erdia-el-12-de-marzo\\\/#primaryimage\"},\"thumbnailUrl\":\"https:\\\/\\\/iraurgiberritzen.eus\\\/wp-content\\\/uploads\\\/2025\\\/02\\\/LANBIDE-HEZIKETA-ETA-ENPLEGU-AZOKA-800-x-550-px.jpg\",\"articleSection\":[\"Noticias\"],\"inLanguage\":\"es\"},{\"@type\":\"WebPage\",\"@id\":\"https:\\\/\\\/iraurgiberritzen.eus\\\/es\\\/zatoz-lanbide-heziketa-eta-enplegu-azoka-una-cita-para-conocer-la-oferta-de-las-comarcas-urola-kosta-y-urola-erdia-el-12-de-marzo\\\/\",\"url\":\"https:\\\/\\\/iraurgiberritzen.eus\\\/es\\\/zatoz-lanbide-heziketa-eta-enplegu-azoka-una-cita-para-conocer-la-oferta-de-las-comarcas-urola-kosta-y-urola-erdia-el-12-de-marzo\\\/\",\"name\":\"ZATOZ! FERIA DE FORMACION PROFESIONAL Y EMPLEO - Iraurgi Berritzen\",\"isPartOf\":{\"@id\":\"https:\\\/\\\/iraurgiberritzen.eus\\\/es\\\/#website\"},\"primaryImageOfPage\":{\"@id\":\"https:\\\/\\\/iraurgiberritzen.eus\\\/es\\\/zatoz-lanbide-heziketa-eta-enplegu-azoka-una-cita-para-conocer-la-oferta-de-las-comarcas-urola-kosta-y-urola-erdia-el-12-de-marzo\\\/#primaryimage\"},\"image\":{\"@id\":\"https:\\\/\\\/iraurgiberritzen.eus\\\/es\\\/zatoz-lanbide-heziketa-eta-enplegu-azoka-una-cita-para-conocer-la-oferta-de-las-comarcas-urola-kosta-y-urola-erdia-el-12-de-marzo\\\/#primaryimage\"},\"thumbnailUrl\":\"https:\\\/\\\/iraurgiberritzen.eus\\\/wp-content\\\/uploads\\\/2025\\\/02\\\/LANBIDE-HEZIKETA-ETA-ENPLEGU-AZOKA-800-x-550-px.jpg\",\"datePublished\":\"2025-02-12T10:15:49+00:00\",\"dateModified\":\"2025-02-17T07:54:44+00:00\",\"breadcrumb\":{\"@id\":\"https:\\\/\\\/iraurgiberritzen.eus\\\/es\\\/zatoz-lanbide-heziketa-eta-enplegu-azoka-una-cita-para-conocer-la-oferta-de-las-comarcas-urola-kosta-y-urola-erdia-el-12-de-marzo\\\/#breadcrumb\"},\"inLanguage\":\"es\",\"potentialAction\":[{\"@type\":\"ReadAction\",\"target\":[\"https:\\\/\\\/iraurgiberritzen.eus\\\/es\\\/zatoz-lanbide-heziketa-eta-enplegu-azoka-una-cita-para-conocer-la-oferta-de-las-comarcas-urola-kosta-y-urola-erdia-el-12-de-marzo\\\/\"]}]},{\"@type\":\"ImageObject\",\"inLanguage\":\"es\",\"@id\":\"https:\\\/\\\/iraurgiberritzen.eus\\\/es\\\/zatoz-lanbide-heziketa-eta-enplegu-azoka-una-cita-para-conocer-la-oferta-de-las-comarcas-urola-kosta-y-urola-erdia-el-12-de-marzo\\\/#primaryimage\",\"url\":\"https:\\\/\\\/iraurgiberritzen.eus\\\/wp-content\\\/uploads\\\/2025\\\/02\\\/LANBIDE-HEZIKETA-ETA-ENPLEGU-AZOKA-800-x-550-px.jpg\",\"contentUrl\":\"https:\\\/\\\/iraurgiberritzen.eus\\\/wp-content\\\/uploads\\\/2025\\\/02\\\/LANBIDE-HEZIKETA-ETA-ENPLEGU-AZOKA-800-x-550-px.jpg\",\"width\":800,\"height\":550},{\"@type\":\"BreadcrumbList\",\"@id\":\"https:\\\/\\\/iraurgiberritzen.eus\\\/es\\\/zatoz-lanbide-heziketa-eta-enplegu-azoka-una-cita-para-conocer-la-oferta-de-las-comarcas-urola-kosta-y-urola-erdia-el-12-de-marzo\\\/#breadcrumb\",\"itemListElement\":[{\"@type\":\"ListItem\",\"position\":1,\"name\":\"Home\",\"item\":\"https:\\\/\\\/iraurgiberritzen.eus\\\/es\\\/\"},{\"@type\":\"ListItem\",\"position\":2,\"name\":\"ZATOZ! FERIA DE FORMACION PROFESIONAL Y EMPLEO\"}]},{\"@type\":\"WebSite\",\"@id\":\"https:\\\/\\\/iraurgiberritzen.eus\\\/es\\\/#website\",\"url\":\"https:\\\/\\\/iraurgiberritzen.eus\\\/es\\\/\",\"name\":\"Iraurgi Berritzen\",\"description\":\"Urola Erdiko Garapen Agentzia\",\"publisher\":{\"@id\":\"https:\\\/\\\/iraurgiberritzen.eus\\\/es\\\/#organization\"},\"potentialAction\":[{\"@type\":\"SearchAction\",\"target\":{\"@type\":\"EntryPoint\",\"urlTemplate\":\"https:\\\/\\\/iraurgiberritzen.eus\\\/es\\\/?s={search_term_string}\"},\"query-input\":{\"@type\":\"PropertyValueSpecification\",\"valueRequired\":true,\"valueName\":\"search_term_string\"}}],\"inLanguage\":\"es\"},{\"@type\":\"Organization\",\"@id\":\"https:\\\/\\\/iraurgiberritzen.eus\\\/es\\\/#organization\",\"name\":\"Iraurgi Berritzen\",\"url\":\"https:\\\/\\\/iraurgiberritzen.eus\\\/es\\\/\",\"logo\":{\"@type\":\"ImageObject\",\"inLanguage\":\"es\",\"@id\":\"https:\\\/\\\/iraurgiberritzen.eus\\\/es\\\/#\\\/schema\\\/logo\\\/image\\\/\",\"url\":\"https:\\\/\\\/iraurgiberritzen.eus\\\/wp-content\\\/uploads\\\/2024\\\/02\\\/IRAURGI-BERRITZEN-logotipoa_2.png\",\"contentUrl\":\"https:\\\/\\\/iraurgiberritzen.eus\\\/wp-content\\\/uploads\\\/2024\\\/02\\\/IRAURGI-BERRITZEN-logotipoa_2.png\",\"width\":496,\"height\":190,\"caption\":\"Iraurgi Berritzen\"},\"image\":{\"@id\":\"https:\\\/\\\/iraurgiberritzen.eus\\\/es\\\/#\\\/schema\\\/logo\\\/image\\\/\"}},{\"@type\":\"Person\",\"@id\":\"https:\\\/\\\/iraurgiberritzen.eus\\\/es\\\/#\\\/schema\\\/person\\\/a32c9825b3e2bfcbe757a97f6a15c8a5\",\"name\":\"ainara\"}]}<\/script>\n<!-- \/ Yoast SEO plugin. -->","yoast_head_json":{"title":"ZATOZ! FERIA DE FORMACION PROFESIONAL Y EMPLEO - Iraurgi Berritzen","robots":{"index":"index","follow":"follow","max-snippet":"max-snippet:-1","max-image-preview":"max-image-preview:large","max-video-preview":"max-video-preview:-1"},"canonical":"https:\/\/iraurgiberritzen.eus\/es\/zatoz-lanbide-heziketa-eta-enplegu-azoka-una-cita-para-conocer-la-oferta-de-las-comarcas-urola-kosta-y-urola-erdia-el-12-de-marzo\/","og_locale":"es_ES","og_type":"article","og_title":"ZATOZ! FERIA DE FORMACION PROFESIONAL Y EMPLEO - Iraurgi Berritzen","og_description":"El 12 de marzo cita abierta para conocer la oferta de Urola Kosta y Urola Erdia &nbsp; La feria se llevar\u00e1 a cabo en Elkargune (Azkoitia) desde las 10:00 hasta las 17:30 y se podr\u00e1 conocer la oferta de Formaci\u00f3n Profesional, las Agencias de Desarrollo y de Lanbide \u2013 Servicio Vasco de Empleo de las [&hellip;]","og_url":"https:\/\/iraurgiberritzen.eus\/es\/zatoz-lanbide-heziketa-eta-enplegu-azoka-una-cita-para-conocer-la-oferta-de-las-comarcas-urola-kosta-y-urola-erdia-el-12-de-marzo\/","og_site_name":"Iraurgi Berritzen","article_published_time":"2025-02-12T10:15:49+00:00","article_modified_time":"2025-02-17T07:54:44+00:00","og_image":[{"width":800,"height":550,"url":"https:\/\/iraurgiberritzen.eus\/wp-content\/uploads\/2025\/02\/LANBIDE-HEZIKETA-ETA-ENPLEGU-AZOKA-800-x-550-px.jpg","type":"image\/jpeg"}],"author":"ainara","twitter_card":"summary_large_image","twitter_misc":{"Escrito por":"ainara","Tiempo de lectura":"3 minutos"},"schema":{"@context":"https:\/\/schema.org","@graph":[{"@type":"Article","@id":"https:\/\/iraurgiberritzen.eus\/es\/zatoz-lanbide-heziketa-eta-enplegu-azoka-una-cita-para-conocer-la-oferta-de-las-comarcas-urola-kosta-y-urola-erdia-el-12-de-marzo\/#article","isPartOf":{"@id":"https:\/\/iraurgiberritzen.eus\/es\/zatoz-lanbide-heziketa-eta-enplegu-azoka-una-cita-para-conocer-la-oferta-de-las-comarcas-urola-kosta-y-urola-erdia-el-12-de-marzo\/"},"author":{"name":"ainara","@id":"https:\/\/iraurgiberritzen.eus\/es\/#\/schema\/person\/a32c9825b3e2bfcbe757a97f6a15c8a5"},"headline":"ZATOZ! FERIA DE FORMACION PROFESIONAL Y EMPLEO","datePublished":"2025-02-12T10:15:49+00:00","dateModified":"2025-02-17T07:54:44+00:00","mainEntityOfPage":{"@id":"https:\/\/iraurgiberritzen.eus\/es\/zatoz-lanbide-heziketa-eta-enplegu-azoka-una-cita-para-conocer-la-oferta-de-las-comarcas-urola-kosta-y-urola-erdia-el-12-de-marzo\/"},"wordCount":494,"publisher":{"@id":"https:\/\/iraurgiberritzen.eus\/es\/#organization"},"image":{"@id":"https:\/\/iraurgiberritzen.eus\/es\/zatoz-lanbide-heziketa-eta-enplegu-azoka-una-cita-para-conocer-la-oferta-de-las-comarcas-urola-kosta-y-urola-erdia-el-12-de-marzo\/#primaryimage"},"thumbnailUrl":"https:\/\/iraurgiberritzen.eus\/wp-content\/uploads\/2025\/02\/LANBIDE-HEZIKETA-ETA-ENPLEGU-AZOKA-800-x-550-px.jpg","articleSection":["Noticias"],"inLanguage":"es"},{"@type":"WebPage","@id":"https:\/\/iraurgiberritzen.eus\/es\/zatoz-lanbide-heziketa-eta-enplegu-azoka-una-cita-para-conocer-la-oferta-de-las-comarcas-urola-kosta-y-urola-erdia-el-12-de-marzo\/","url":"https:\/\/iraurgiberritzen.eus\/es\/zatoz-lanbide-heziketa-eta-enplegu-azoka-una-cita-para-conocer-la-oferta-de-las-comarcas-urola-kosta-y-urola-erdia-el-12-de-marzo\/","name":"ZATOZ! FERIA DE FORMACION PROFESIONAL Y EMPLEO - Iraurgi Berritzen","isPartOf":{"@id":"https:\/\/iraurgiberritzen.eus\/es\/#website"},"primaryImageOfPage":{"@id":"https:\/\/iraurgiberritzen.eus\/es\/zatoz-lanbide-heziketa-eta-enplegu-azoka-una-cita-para-conocer-la-oferta-de-las-comarcas-urola-kosta-y-urola-erdia-el-12-de-marzo\/#primaryimage"},"image":{"@id":"https:\/\/iraurgiberritzen.eus\/es\/zatoz-lanbide-heziketa-eta-enplegu-azoka-una-cita-para-conocer-la-oferta-de-las-comarcas-urola-kosta-y-urola-erdia-el-12-de-marzo\/#primaryimage"},"thumbnailUrl":"https:\/\/iraurgiberritzen.eus\/wp-content\/uploads\/2025\/02\/LANBIDE-HEZIKETA-ETA-ENPLEGU-AZOKA-800-x-550-px.jpg","datePublished":"2025-02-12T10:15:49+00:00","dateModified":"2025-02-17T07:54:44+00:00","breadcrumb":{"@id":"https:\/\/iraurgiberritzen.eus\/es\/zatoz-lanbide-heziketa-eta-enplegu-azoka-una-cita-para-conocer-la-oferta-de-las-comarcas-urola-kosta-y-urola-erdia-el-12-de-marzo\/#breadcrumb"},"inLanguage":"es","potentialAction":[{"@type":"ReadAction","target":["https:\/\/iraurgiberritzen.eus\/es\/zatoz-lanbide-heziketa-eta-enplegu-azoka-una-cita-para-conocer-la-oferta-de-las-comarcas-urola-kosta-y-urola-erdia-el-12-de-marzo\/"]}]},{"@type":"ImageObject","inLanguage":"es","@id":"https:\/\/iraurgiberritzen.eus\/es\/zatoz-lanbide-heziketa-eta-enplegu-azoka-una-cita-para-conocer-la-oferta-de-las-comarcas-urola-kosta-y-urola-erdia-el-12-de-marzo\/#primaryimage","url":"https:\/\/iraurgiberritzen.eus\/wp-content\/uploads\/2025\/02\/LANBIDE-HEZIKETA-ETA-ENPLEGU-AZOKA-800-x-550-px.jpg","contentUrl":"https:\/\/iraurgiberritzen.eus\/wp-content\/uploads\/2025\/02\/LANBIDE-HEZIKETA-ETA-ENPLEGU-AZOKA-800-x-550-px.jpg","width":800,"height":550},{"@type":"BreadcrumbList","@id":"https:\/\/iraurgiberritzen.eus\/es\/zatoz-lanbide-heziketa-eta-enplegu-azoka-una-cita-para-conocer-la-oferta-de-las-comarcas-urola-kosta-y-urola-erdia-el-12-de-marzo\/#breadcrumb","itemListElement":[{"@type":"ListItem","position":1,"name":"Home","item":"https:\/\/iraurgiberritzen.eus\/es\/"},{"@type":"ListItem","position":2,"name":"ZATOZ! FERIA DE FORMACION PROFESIONAL Y EMPLEO"}]},{"@type":"WebSite","@id":"https:\/\/iraurgiberritzen.eus\/es\/#website","url":"https:\/\/iraurgiberritzen.eus\/es\/","name":"Iraurgi Berritzen","description":"Urola Erdiko Garapen Agentzia","publisher":{"@id":"https:\/\/iraurgiberritzen.eus\/es\/#organization"},"potentialAction":[{"@type":"SearchAction","target":{"@type":"EntryPoint","urlTemplate":"https:\/\/iraurgiberritzen.eus\/es\/?s={search_term_string}"},"query-input":{"@type":"PropertyValueSpecification","valueRequired":true,"valueName":"search_term_string"}}],"inLanguage":"es"},{"@type":"Organization","@id":"https:\/\/iraurgiberritzen.eus\/es\/#organization","name":"Iraurgi Berritzen","url":"https:\/\/iraurgiberritzen.eus\/es\/","logo":{"@type":"ImageObject","inLanguage":"es","@id":"https:\/\/iraurgiberritzen.eus\/es\/#\/schema\/logo\/image\/","url":"https:\/\/iraurgiberritzen.eus\/wp-content\/uploads\/2024\/02\/IRAURGI-BERRITZEN-logotipoa_2.png","contentUrl":"https:\/\/iraurgiberritzen.eus\/wp-content\/uploads\/2024\/02\/IRAURGI-BERRITZEN-logotipoa_2.png","width":496,"height":190,"caption":"Iraurgi Berritzen"},"image":{"@id":"https:\/\/iraurgiberritzen.eus\/es\/#\/schema\/logo\/image\/"}},{"@type":"Person","@id":"https:\/\/iraurgiberritzen.eus\/es\/#\/schema\/person\/a32c9825b3e2bfcbe757a97f6a15c8a5","name":"ainara"}]}},"_links":{"self":[{"href":"https:\/\/iraurgiberritzen.eus\/es\/wp-json\/wp\/v2\/posts\/22570","targetHints":{"allow":["GET"]}}],"collection":[{"href":"https:\/\/iraurgiberritzen.eus\/es\/wp-json\/wp\/v2\/posts"}],"about":[{"href":"https:\/\/iraurgiberritzen.eus\/es\/wp-json\/wp\/v2\/types\/post"}],"author":[{"embeddable":true,"href":"https:\/\/iraurgiberritzen.eus\/es\/wp-json\/wp\/v2\/users\/4"}],"replies":[{"embeddable":true,"href":"https:\/\/iraurgiberritzen.eus\/es\/wp-json\/wp\/v2\/comments?post=22570"}],"version-history":[{"count":10,"href":"https:\/\/iraurgiberritzen.eus\/es\/wp-json\/wp\/v2\/posts\/22570\/revisions"}],"predecessor-version":[{"id":22652,"href":"https:\/\/iraurgiberritzen.eus\/es\/wp-json\/wp\/v2\/posts\/22570\/revisions\/22652"}],"wp:featuredmedia":[{"embeddable":true,"href":"https:\/\/iraurgiberritzen.eus\/es\/wp-json\/wp\/v2\/media\/22568"}],"wp:attachment":[{"href":"https:\/\/iraurgiberritzen.eus\/es\/wp-json\/wp\/v2\/media?parent=22570"}],"wp:term":[{"taxonomy":"category","embeddable":true,"href":"https:\/\/iraurgiberritzen.eus\/es\/wp-json\/wp\/v2\/categories?post=22570"},{"taxonomy":"post_tag","embeddable":true,"href":"https:\/\/iraurgiberritzen.eus\/es\/wp-json\/wp\/v2\/tags?post=22570"}],"curies":[{"name":"wp","href":"https:\/\/api.w.org\/{rel}","templated":true}]}}