{"id":22666,"date":"2025-02-17T17:25:49","date_gmt":"2025-02-17T15:25:49","guid":{"rendered":"https:\/\/iraurgiberritzen.eus\/?p=22666"},"modified":"2025-02-18T17:00:57","modified_gmt":"2025-02-18T15:00:57","slug":"presentacion-de-los-servicios-de-empleo-y-formacion-en-los-ciclos-de-izarraitz-lanbide-heziketa","status":"publish","type":"post","link":"https:\/\/iraurgiberritzen.eus\/es\/presentacion-de-los-servicios-de-empleo-y-formacion-en-los-ciclos-de-izarraitz-lanbide-heziketa\/","title":{"rendered":"Presentaci\u00f3n de los Servicios de Empleo y Formaci\u00f3n en los ciclos de Izarraitz Lanbide Heziketa"},"content":{"rendered":"<p><span data-contrast=\"auto\">El equipo t\u00e9cnico del \u00c1rea de Empleo y Formaci\u00f3n ha visitado las aulas de 2\u00ba curso de los ciclos de Atenci\u00f3n Sociosanitaria e Integraci\u00f3n Social, Mec\u00e1nica, Fabricaci\u00f3n Mec\u00e1nica, Carpinter\u00eda, Mecatr\u00f3nica, Enfermer\u00eda, Administraci\u00f3n e Inform\u00e1tica y Grado de Especializaci\u00f3n en Ciberseguridad.\u00a0<\/span><\/p>\n<p><span data-contrast=\"auto\">En estas sesiones, se ha proporcionado informaci\u00f3n sobre los Servicios de Empleo y los Orientaci\u00f3n, as\u00ed como sobre los distintos Programas de Inserci\u00f3n Laboral. Adem\u00e1s, los t\u00e9cnicos han recordado que a trav\u00e9s de la web <\/span><strong><a href=\"http:\/\/www.urolanprest.eus\/\" target=\"_blank\" rel=\"noopener\">www.urolanprest.eus<\/a><\/strong><span data-contrast=\"auto\"> e<\/span><span data-contrast=\"auto\">s posible inscribirse en la Base de Datos de Empleo y Formaci\u00f3n de Iraurgi Berritzen, y obtener informaci\u00f3n actualizada sobre las ofertas de trabajo y formaci\u00f3n de la comarca.<\/span><br \/>\n<span data-ccp-props=\"{&quot;134233117&quot;:false,&quot;134233118&quot;:false,&quot;335559738&quot;:240,&quot;335559739&quot;:240}\">\u00a0<\/span><\/p>\n","protected":false},"excerpt":{"rendered":"<p>El equipo t\u00e9cnico del \u00c1rea de Empleo y Formaci\u00f3n ha visitado las aulas de 2\u00ba curso de los ciclos de Atenci\u00f3n Sociosanitaria e Integraci\u00f3n Social, Mec\u00e1nica, Fabricaci\u00f3n Mec\u00e1nica, Carpinter\u00eda, Mecatr\u00f3nica, Enfermer\u00eda, Administraci\u00f3n e Inform\u00e1tica y Grado de Especializaci\u00f3n en Ciberseguridad.\u00a0 En estas sesiones, se ha proporcionado informaci\u00f3n sobre los Servicios de Empleo y los Orientaci\u00f3n, [&hellip;]<\/p>\n","protected":false},"author":4,"featured_media":22664,"comment_status":"closed","ping_status":"closed","sticky":false,"template":"","format":"standard","meta":{"_acf_changed":false,"footnotes":""},"categories":[4],"tags":[],"class_list":["post-22666","post","type-post","status-publish","format-standard","has-post-thumbnail","hentry","category-noticias","arloak-empleo","arloak-enpresa"],"acf":[],"yoast_head":"<!-- This site is optimized with the Yoast SEO plugin v27.4 - https:\/\/yoast.com\/product\/yoast-seo-wordpress\/ -->\n<title>Presentaci\u00f3n de los Servicios de Empleo y Formaci\u00f3n en los ciclos de Izarraitz Lanbide Heziketa - Iraurgi Berritzen<\/title>\n<meta name=\"robots\" content=\"index, follow, max-snippet:-1, max-image-preview:large, max-video-preview:-1\" \/>\n<link rel=\"canonical\" href=\"https:\/\/iraurgiberritzen.eus\/es\/presentacion-de-los-servicios-de-empleo-y-formacion-en-los-ciclos-de-izarraitz-lanbide-heziketa\/\" \/>\n<meta property=\"og:locale\" content=\"es_ES\" \/>\n<meta property=\"og:type\" content=\"article\" \/>\n<meta property=\"og:title\" content=\"Presentaci\u00f3n de los Servicios de Empleo y Formaci\u00f3n en los ciclos de Izarraitz Lanbide Heziketa - Iraurgi Berritzen\" \/>\n<meta property=\"og:description\" content=\"El equipo t\u00e9cnico del \u00c1rea de Empleo y Formaci\u00f3n ha visitado las aulas de 2\u00ba curso de los ciclos de Atenci\u00f3n Sociosanitaria e Integraci\u00f3n Social, Mec\u00e1nica, Fabricaci\u00f3n Mec\u00e1nica, Carpinter\u00eda, Mecatr\u00f3nica, Enfermer\u00eda, Administraci\u00f3n e Inform\u00e1tica y Grado de Especializaci\u00f3n en Ciberseguridad.\u00a0 En estas sesiones, se ha proporcionado informaci\u00f3n sobre los Servicios de Empleo y los Orientaci\u00f3n, [&hellip;]\" \/>\n<meta property=\"og:url\" content=\"https:\/\/iraurgiberritzen.eus\/es\/presentacion-de-los-servicios-de-empleo-y-formacion-en-los-ciclos-de-izarraitz-lanbide-heziketa\/\" \/>\n<meta property=\"og:site_name\" content=\"Iraurgi Berritzen\" \/>\n<meta property=\"article:published_time\" content=\"2025-02-17T15:25:49+00:00\" \/>\n<meta property=\"article:modified_time\" content=\"2025-02-18T15:00:57+00:00\" \/>\n<meta property=\"og:image\" content=\"https:\/\/iraurgiberritzen.eus\/wp-content\/uploads\/2025\/02\/WhatsApp-Image-2025-02-04-at-17.34.53.jpeg\" \/>\n\t<meta property=\"og:image:width\" content=\"2048\" \/>\n\t<meta property=\"og:image:height\" content=\"1537\" \/>\n\t<meta property=\"og:image:type\" content=\"image\/jpeg\" \/>\n<meta name=\"author\" content=\"ainara\" \/>\n<meta name=\"twitter:card\" content=\"summary_large_image\" \/>\n<meta name=\"twitter:label1\" content=\"Escrito por\" \/>\n\t<meta name=\"twitter:data1\" content=\"ainara\" \/>\n\t<meta name=\"twitter:label2\" content=\"Tiempo de lectura\" \/>\n\t<meta name=\"twitter:data2\" content=\"1 minuto\" \/>\n<script type=\"application\/ld+json\" class=\"yoast-schema-graph\">{\"@context\":\"https:\\\/\\\/schema.org\",\"@graph\":[{\"@type\":\"Article\",\"@id\":\"https:\\\/\\\/iraurgiberritzen.eus\\\/es\\\/presentacion-de-los-servicios-de-empleo-y-formacion-en-los-ciclos-de-izarraitz-lanbide-heziketa\\\/#article\",\"isPartOf\":{\"@id\":\"https:\\\/\\\/iraurgiberritzen.eus\\\/es\\\/presentacion-de-los-servicios-de-empleo-y-formacion-en-los-ciclos-de-izarraitz-lanbide-heziketa\\\/\"},\"author\":{\"name\":\"ainara\",\"@id\":\"https:\\\/\\\/iraurgiberritzen.eus\\\/es\\\/#\\\/schema\\\/person\\\/a32c9825b3e2bfcbe757a97f6a15c8a5\"},\"headline\":\"Presentaci\u00f3n de los Servicios de Empleo y Formaci\u00f3n en los ciclos de Izarraitz Lanbide Heziketa\",\"datePublished\":\"2025-02-17T15:25:49+00:00\",\"dateModified\":\"2025-02-18T15:00:57+00:00\",\"mainEntityOfPage\":{\"@id\":\"https:\\\/\\\/iraurgiberritzen.eus\\\/es\\\/presentacion-de-los-servicios-de-empleo-y-formacion-en-los-ciclos-de-izarraitz-lanbide-heziketa\\\/\"},\"wordCount\":146,\"publisher\":{\"@id\":\"https:\\\/\\\/iraurgiberritzen.eus\\\/es\\\/#organization\"},\"image\":{\"@id\":\"https:\\\/\\\/iraurgiberritzen.eus\\\/es\\\/presentacion-de-los-servicios-de-empleo-y-formacion-en-los-ciclos-de-izarraitz-lanbide-heziketa\\\/#primaryimage\"},\"thumbnailUrl\":\"https:\\\/\\\/iraurgiberritzen.eus\\\/wp-content\\\/uploads\\\/2025\\\/02\\\/WhatsApp-Image-2025-02-04-at-17.34.53.jpeg\",\"articleSection\":[\"Noticias\"],\"inLanguage\":\"es\"},{\"@type\":\"WebPage\",\"@id\":\"https:\\\/\\\/iraurgiberritzen.eus\\\/es\\\/presentacion-de-los-servicios-de-empleo-y-formacion-en-los-ciclos-de-izarraitz-lanbide-heziketa\\\/\",\"url\":\"https:\\\/\\\/iraurgiberritzen.eus\\\/es\\\/presentacion-de-los-servicios-de-empleo-y-formacion-en-los-ciclos-de-izarraitz-lanbide-heziketa\\\/\",\"name\":\"Presentaci\u00f3n de los Servicios de Empleo y Formaci\u00f3n en los ciclos de Izarraitz Lanbide Heziketa - Iraurgi Berritzen\",\"isPartOf\":{\"@id\":\"https:\\\/\\\/iraurgiberritzen.eus\\\/es\\\/#website\"},\"primaryImageOfPage\":{\"@id\":\"https:\\\/\\\/iraurgiberritzen.eus\\\/es\\\/presentacion-de-los-servicios-de-empleo-y-formacion-en-los-ciclos-de-izarraitz-lanbide-heziketa\\\/#primaryimage\"},\"image\":{\"@id\":\"https:\\\/\\\/iraurgiberritzen.eus\\\/es\\\/presentacion-de-los-servicios-de-empleo-y-formacion-en-los-ciclos-de-izarraitz-lanbide-heziketa\\\/#primaryimage\"},\"thumbnailUrl\":\"https:\\\/\\\/iraurgiberritzen.eus\\\/wp-content\\\/uploads\\\/2025\\\/02\\\/WhatsApp-Image-2025-02-04-at-17.34.53.jpeg\",\"datePublished\":\"2025-02-17T15:25:49+00:00\",\"dateModified\":\"2025-02-18T15:00:57+00:00\",\"breadcrumb\":{\"@id\":\"https:\\\/\\\/iraurgiberritzen.eus\\\/es\\\/presentacion-de-los-servicios-de-empleo-y-formacion-en-los-ciclos-de-izarraitz-lanbide-heziketa\\\/#breadcrumb\"},\"inLanguage\":\"es\",\"potentialAction\":[{\"@type\":\"ReadAction\",\"target\":[\"https:\\\/\\\/iraurgiberritzen.eus\\\/es\\\/presentacion-de-los-servicios-de-empleo-y-formacion-en-los-ciclos-de-izarraitz-lanbide-heziketa\\\/\"]}]},{\"@type\":\"ImageObject\",\"inLanguage\":\"es\",\"@id\":\"https:\\\/\\\/iraurgiberritzen.eus\\\/es\\\/presentacion-de-los-servicios-de-empleo-y-formacion-en-los-ciclos-de-izarraitz-lanbide-heziketa\\\/#primaryimage\",\"url\":\"https:\\\/\\\/iraurgiberritzen.eus\\\/wp-content\\\/uploads\\\/2025\\\/02\\\/WhatsApp-Image-2025-02-04-at-17.34.53.jpeg\",\"contentUrl\":\"https:\\\/\\\/iraurgiberritzen.eus\\\/wp-content\\\/uploads\\\/2025\\\/02\\\/WhatsApp-Image-2025-02-04-at-17.34.53.jpeg\",\"width\":2048,\"height\":1537},{\"@type\":\"BreadcrumbList\",\"@id\":\"https:\\\/\\\/iraurgiberritzen.eus\\\/es\\\/presentacion-de-los-servicios-de-empleo-y-formacion-en-los-ciclos-de-izarraitz-lanbide-heziketa\\\/#breadcrumb\",\"itemListElement\":[{\"@type\":\"ListItem\",\"position\":1,\"name\":\"Home\",\"item\":\"https:\\\/\\\/iraurgiberritzen.eus\\\/es\\\/\"},{\"@type\":\"ListItem\",\"position\":2,\"name\":\"Presentaci\u00f3n de los Servicios de Empleo y Formaci\u00f3n en los ciclos de Izarraitz Lanbide Heziketa\"}]},{\"@type\":\"WebSite\",\"@id\":\"https:\\\/\\\/iraurgiberritzen.eus\\\/es\\\/#website\",\"url\":\"https:\\\/\\\/iraurgiberritzen.eus\\\/es\\\/\",\"name\":\"Iraurgi Berritzen\",\"description\":\"Urola Erdiko Garapen Agentzia\",\"publisher\":{\"@id\":\"https:\\\/\\\/iraurgiberritzen.eus\\\/es\\\/#organization\"},\"potentialAction\":[{\"@type\":\"SearchAction\",\"target\":{\"@type\":\"EntryPoint\",\"urlTemplate\":\"https:\\\/\\\/iraurgiberritzen.eus\\\/es\\\/?s={search_term_string}\"},\"query-input\":{\"@type\":\"PropertyValueSpecification\",\"valueRequired\":true,\"valueName\":\"search_term_string\"}}],\"inLanguage\":\"es\"},{\"@type\":\"Organization\",\"@id\":\"https:\\\/\\\/iraurgiberritzen.eus\\\/es\\\/#organization\",\"name\":\"Iraurgi Berritzen\",\"url\":\"https:\\\/\\\/iraurgiberritzen.eus\\\/es\\\/\",\"logo\":{\"@type\":\"ImageObject\",\"inLanguage\":\"es\",\"@id\":\"https:\\\/\\\/iraurgiberritzen.eus\\\/es\\\/#\\\/schema\\\/logo\\\/image\\\/\",\"url\":\"https:\\\/\\\/iraurgiberritzen.eus\\\/wp-content\\\/uploads\\\/2024\\\/02\\\/IRAURGI-BERRITZEN-logotipoa_2.png\",\"contentUrl\":\"https:\\\/\\\/iraurgiberritzen.eus\\\/wp-content\\\/uploads\\\/2024\\\/02\\\/IRAURGI-BERRITZEN-logotipoa_2.png\",\"width\":496,\"height\":190,\"caption\":\"Iraurgi Berritzen\"},\"image\":{\"@id\":\"https:\\\/\\\/iraurgiberritzen.eus\\\/es\\\/#\\\/schema\\\/logo\\\/image\\\/\"}},{\"@type\":\"Person\",\"@id\":\"https:\\\/\\\/iraurgiberritzen.eus\\\/es\\\/#\\\/schema\\\/person\\\/a32c9825b3e2bfcbe757a97f6a15c8a5\",\"name\":\"ainara\"}]}<\/script>\n<!-- \/ Yoast SEO plugin. -->","yoast_head_json":{"title":"Presentaci\u00f3n de los Servicios de Empleo y Formaci\u00f3n en los ciclos de Izarraitz Lanbide Heziketa - Iraurgi Berritzen","robots":{"index":"index","follow":"follow","max-snippet":"max-snippet:-1","max-image-preview":"max-image-preview:large","max-video-preview":"max-video-preview:-1"},"canonical":"https:\/\/iraurgiberritzen.eus\/es\/presentacion-de-los-servicios-de-empleo-y-formacion-en-los-ciclos-de-izarraitz-lanbide-heziketa\/","og_locale":"es_ES","og_type":"article","og_title":"Presentaci\u00f3n de los Servicios de Empleo y Formaci\u00f3n en los ciclos de Izarraitz Lanbide Heziketa - Iraurgi Berritzen","og_description":"El equipo t\u00e9cnico del \u00c1rea de Empleo y Formaci\u00f3n ha visitado las aulas de 2\u00ba curso de los ciclos de Atenci\u00f3n Sociosanitaria e Integraci\u00f3n Social, Mec\u00e1nica, Fabricaci\u00f3n Mec\u00e1nica, Carpinter\u00eda, Mecatr\u00f3nica, Enfermer\u00eda, Administraci\u00f3n e Inform\u00e1tica y Grado de Especializaci\u00f3n en Ciberseguridad.\u00a0 En estas sesiones, se ha proporcionado informaci\u00f3n sobre los Servicios de Empleo y los Orientaci\u00f3n, [&hellip;]","og_url":"https:\/\/iraurgiberritzen.eus\/es\/presentacion-de-los-servicios-de-empleo-y-formacion-en-los-ciclos-de-izarraitz-lanbide-heziketa\/","og_site_name":"Iraurgi Berritzen","article_published_time":"2025-02-17T15:25:49+00:00","article_modified_time":"2025-02-18T15:00:57+00:00","og_image":[{"width":2048,"height":1537,"url":"https:\/\/iraurgiberritzen.eus\/wp-content\/uploads\/2025\/02\/WhatsApp-Image-2025-02-04-at-17.34.53.jpeg","type":"image\/jpeg"}],"author":"ainara","twitter_card":"summary_large_image","twitter_misc":{"Escrito por":"ainara","Tiempo de lectura":"1 minuto"},"schema":{"@context":"https:\/\/schema.org","@graph":[{"@type":"Article","@id":"https:\/\/iraurgiberritzen.eus\/es\/presentacion-de-los-servicios-de-empleo-y-formacion-en-los-ciclos-de-izarraitz-lanbide-heziketa\/#article","isPartOf":{"@id":"https:\/\/iraurgiberritzen.eus\/es\/presentacion-de-los-servicios-de-empleo-y-formacion-en-los-ciclos-de-izarraitz-lanbide-heziketa\/"},"author":{"name":"ainara","@id":"https:\/\/iraurgiberritzen.eus\/es\/#\/schema\/person\/a32c9825b3e2bfcbe757a97f6a15c8a5"},"headline":"Presentaci\u00f3n de los Servicios de Empleo y Formaci\u00f3n en los ciclos de Izarraitz Lanbide Heziketa","datePublished":"2025-02-17T15:25:49+00:00","dateModified":"2025-02-18T15:00:57+00:00","mainEntityOfPage":{"@id":"https:\/\/iraurgiberritzen.eus\/es\/presentacion-de-los-servicios-de-empleo-y-formacion-en-los-ciclos-de-izarraitz-lanbide-heziketa\/"},"wordCount":146,"publisher":{"@id":"https:\/\/iraurgiberritzen.eus\/es\/#organization"},"image":{"@id":"https:\/\/iraurgiberritzen.eus\/es\/presentacion-de-los-servicios-de-empleo-y-formacion-en-los-ciclos-de-izarraitz-lanbide-heziketa\/#primaryimage"},"thumbnailUrl":"https:\/\/iraurgiberritzen.eus\/wp-content\/uploads\/2025\/02\/WhatsApp-Image-2025-02-04-at-17.34.53.jpeg","articleSection":["Noticias"],"inLanguage":"es"},{"@type":"WebPage","@id":"https:\/\/iraurgiberritzen.eus\/es\/presentacion-de-los-servicios-de-empleo-y-formacion-en-los-ciclos-de-izarraitz-lanbide-heziketa\/","url":"https:\/\/iraurgiberritzen.eus\/es\/presentacion-de-los-servicios-de-empleo-y-formacion-en-los-ciclos-de-izarraitz-lanbide-heziketa\/","name":"Presentaci\u00f3n de los Servicios de Empleo y Formaci\u00f3n en los ciclos de Izarraitz Lanbide Heziketa - Iraurgi Berritzen","isPartOf":{"@id":"https:\/\/iraurgiberritzen.eus\/es\/#website"},"primaryImageOfPage":{"@id":"https:\/\/iraurgiberritzen.eus\/es\/presentacion-de-los-servicios-de-empleo-y-formacion-en-los-ciclos-de-izarraitz-lanbide-heziketa\/#primaryimage"},"image":{"@id":"https:\/\/iraurgiberritzen.eus\/es\/presentacion-de-los-servicios-de-empleo-y-formacion-en-los-ciclos-de-izarraitz-lanbide-heziketa\/#primaryimage"},"thumbnailUrl":"https:\/\/iraurgiberritzen.eus\/wp-content\/uploads\/2025\/02\/WhatsApp-Image-2025-02-04-at-17.34.53.jpeg","datePublished":"2025-02-17T15:25:49+00:00","dateModified":"2025-02-18T15:00:57+00:00","breadcrumb":{"@id":"https:\/\/iraurgiberritzen.eus\/es\/presentacion-de-los-servicios-de-empleo-y-formacion-en-los-ciclos-de-izarraitz-lanbide-heziketa\/#breadcrumb"},"inLanguage":"es","potentialAction":[{"@type":"ReadAction","target":["https:\/\/iraurgiberritzen.eus\/es\/presentacion-de-los-servicios-de-empleo-y-formacion-en-los-ciclos-de-izarraitz-lanbide-heziketa\/"]}]},{"@type":"ImageObject","inLanguage":"es","@id":"https:\/\/iraurgiberritzen.eus\/es\/presentacion-de-los-servicios-de-empleo-y-formacion-en-los-ciclos-de-izarraitz-lanbide-heziketa\/#primaryimage","url":"https:\/\/iraurgiberritzen.eus\/wp-content\/uploads\/2025\/02\/WhatsApp-Image-2025-02-04-at-17.34.53.jpeg","contentUrl":"https:\/\/iraurgiberritzen.eus\/wp-content\/uploads\/2025\/02\/WhatsApp-Image-2025-02-04-at-17.34.53.jpeg","width":2048,"height":1537},{"@type":"BreadcrumbList","@id":"https:\/\/iraurgiberritzen.eus\/es\/presentacion-de-los-servicios-de-empleo-y-formacion-en-los-ciclos-de-izarraitz-lanbide-heziketa\/#breadcrumb","itemListElement":[{"@type":"ListItem","position":1,"name":"Home","item":"https:\/\/iraurgiberritzen.eus\/es\/"},{"@type":"ListItem","position":2,"name":"Presentaci\u00f3n de los Servicios de Empleo y Formaci\u00f3n en los ciclos de Izarraitz Lanbide Heziketa"}]},{"@type":"WebSite","@id":"https:\/\/iraurgiberritzen.eus\/es\/#website","url":"https:\/\/iraurgiberritzen.eus\/es\/","name":"Iraurgi Berritzen","description":"Urola Erdiko Garapen Agentzia","publisher":{"@id":"https:\/\/iraurgiberritzen.eus\/es\/#organization"},"potentialAction":[{"@type":"SearchAction","target":{"@type":"EntryPoint","urlTemplate":"https:\/\/iraurgiberritzen.eus\/es\/?s={search_term_string}"},"query-input":{"@type":"PropertyValueSpecification","valueRequired":true,"valueName":"search_term_string"}}],"inLanguage":"es"},{"@type":"Organization","@id":"https:\/\/iraurgiberritzen.eus\/es\/#organization","name":"Iraurgi Berritzen","url":"https:\/\/iraurgiberritzen.eus\/es\/","logo":{"@type":"ImageObject","inLanguage":"es","@id":"https:\/\/iraurgiberritzen.eus\/es\/#\/schema\/logo\/image\/","url":"https:\/\/iraurgiberritzen.eus\/wp-content\/uploads\/2024\/02\/IRAURGI-BERRITZEN-logotipoa_2.png","contentUrl":"https:\/\/iraurgiberritzen.eus\/wp-content\/uploads\/2024\/02\/IRAURGI-BERRITZEN-logotipoa_2.png","width":496,"height":190,"caption":"Iraurgi Berritzen"},"image":{"@id":"https:\/\/iraurgiberritzen.eus\/es\/#\/schema\/logo\/image\/"}},{"@type":"Person","@id":"https:\/\/iraurgiberritzen.eus\/es\/#\/schema\/person\/a32c9825b3e2bfcbe757a97f6a15c8a5","name":"ainara"}]}},"_links":{"self":[{"href":"https:\/\/iraurgiberritzen.eus\/es\/wp-json\/wp\/v2\/posts\/22666","targetHints":{"allow":["GET"]}}],"collection":[{"href":"https:\/\/iraurgiberritzen.eus\/es\/wp-json\/wp\/v2\/posts"}],"about":[{"href":"https:\/\/iraurgiberritzen.eus\/es\/wp-json\/wp\/v2\/types\/post"}],"author":[{"embeddable":true,"href":"https:\/\/iraurgiberritzen.eus\/es\/wp-json\/wp\/v2\/users\/4"}],"replies":[{"embeddable":true,"href":"https:\/\/iraurgiberritzen.eus\/es\/wp-json\/wp\/v2\/comments?post=22666"}],"version-history":[{"count":7,"href":"https:\/\/iraurgiberritzen.eus\/es\/wp-json\/wp\/v2\/posts\/22666\/revisions"}],"predecessor-version":[{"id":22676,"href":"https:\/\/iraurgiberritzen.eus\/es\/wp-json\/wp\/v2\/posts\/22666\/revisions\/22676"}],"wp:featuredmedia":[{"embeddable":true,"href":"https:\/\/iraurgiberritzen.eus\/es\/wp-json\/wp\/v2\/media\/22664"}],"wp:attachment":[{"href":"https:\/\/iraurgiberritzen.eus\/es\/wp-json\/wp\/v2\/media?parent=22666"}],"wp:term":[{"taxonomy":"category","embeddable":true,"href":"https:\/\/iraurgiberritzen.eus\/es\/wp-json\/wp\/v2\/categories?post=22666"},{"taxonomy":"post_tag","embeddable":true,"href":"https:\/\/iraurgiberritzen.eus\/es\/wp-json\/wp\/v2\/tags?post=22666"}],"curies":[{"name":"wp","href":"https:\/\/api.w.org\/{rel}","templated":true}]}}