{"id":22679,"date":"2025-02-18T17:02:55","date_gmt":"2025-02-18T15:02:55","guid":{"rendered":"https:\/\/iraurgiberritzen.eus\/?p=22679"},"modified":"2025-02-19T14:02:24","modified_gmt":"2025-02-19T12:02:24","slug":"en-marcha-los-cursos-para-personas-desempleadas-de-la-comarca-gracias-proyecto-elkarekin-lanean","status":"publish","type":"post","link":"https:\/\/iraurgiberritzen.eus\/es\/en-marcha-los-cursos-para-personas-desempleadas-de-la-comarca-gracias-proyecto-elkarekin-lanean\/","title":{"rendered":"Bajo el amparo del Proyecto ElkarEkin Lanean, ya est\u00e1n en marcha los cursos para personas desempleadas de la comarca"},"content":{"rendered":"<p><span data-contrast=\"auto\">Desde el \u00e1rea de Empleo de <\/span><b><span data-contrast=\"auto\">Iraurgi Berritzen<\/span><\/b><span data-contrast=\"auto\">, se est\u00e1n desarrollando iniciativas en colaboraci\u00f3n con los agentes locales para <\/span><b><span data-contrast=\"auto\">reducir el desempleo y fomentar el empleo en Urola Erdia<\/span><\/b><span data-contrast=\"auto\">. Entre ellas, destaca el proyecto <\/span><b><span data-contrast=\"auto\">\u00abUrola Erdian ElkarEkin Eraginez IV\u00bb<\/span><\/b><span data-contrast=\"auto\">, dirigido a personas desempleadas en situaci\u00f3n de vulnerabilidad, con el objetivo de ofrecer <\/span><b><span data-contrast=\"auto\">itinerarios efectivos de inserci\u00f3n social y laboral<\/span><\/b><span data-contrast=\"auto\">, integrando los servicios disponibles en la comarca.<\/span><span data-ccp-props=\"{&quot;134233117&quot;:false,&quot;134233118&quot;:false,&quot;335559738&quot;:240,&quot;335559739&quot;:240}\">\u00a0<\/span><\/p>\n<p><span data-contrast=\"auto\">En el marco de este proyecto, financiado por la <\/span><b><span data-contrast=\"auto\">Diputaci\u00f3n Foral de Gipuzkoa<\/span><\/b><span data-contrast=\"auto\">, y en l\u00ednea con estos objetivos, se han puesto en marcha cursos de formaci\u00f3n en <\/span><b><span data-contrast=\"auto\">Fabricaci\u00f3n Mec\u00e1nica y Cocina<\/span><\/b><span data-contrast=\"auto\">, dirigidos a personas desempleadas de la comarca.<\/span><span data-ccp-props=\"{&quot;134233117&quot;:false,&quot;134233118&quot;:false,&quot;335559738&quot;:240,&quot;335559739&quot;:240}\">\u00a0<\/span><\/p>\n<p><span data-contrast=\"auto\">El curso de <\/span><b><span data-contrast=\"auto\">Operaciones Auxiliares de Fabricaci\u00f3n Mec\u00e1nica<\/span><\/b><span data-contrast=\"auto\"> tiene una duraci\u00f3n de <\/span><b><span data-contrast=\"auto\">400 horas<\/span><\/b><span data-contrast=\"auto\">, cuenta con <\/span><b><span data-contrast=\"auto\">15 participantes (2 mujeres y 13 hombres) <\/span><\/b><span data-contrast=\"auto\">\u00a0y las clases se est\u00e1n impartiendo en <\/span><b><span data-contrast=\"auto\">Izarraitz Lanbide Heziketa<\/span><\/b><span data-contrast=\"auto\">. Una vez finalizada la formaci\u00f3n, los participantes podr\u00e1n <\/span><b><span data-contrast=\"auto\">poner en pr\u00e1ctica lo aprendido<\/span><\/b><span data-contrast=\"auto\"> a trav\u00e9s de pr\u00e1cticas en empresas de la comarca.<\/span><span data-ccp-props=\"{&quot;134233117&quot;:false,&quot;134233118&quot;:false,&quot;335559738&quot;:240,&quot;335559739&quot;:240}\">\u00a0<\/span><\/p>\n<p><span data-contrast=\"auto\">Por otro lado, el m\u00f3dulo de <\/span><b><span data-contrast=\"auto\">Cocina B\u00e1sica<\/span><\/b><span data-contrast=\"auto\"> tiene una duraci\u00f3n de <\/span><b><span data-contrast=\"auto\">100 horas<\/span><\/b><span data-contrast=\"auto\">, y permitir\u00e1 a los participantes obtener el <\/span><b><span data-contrast=\"auto\">certificado de manipulaci\u00f3n de alimentos<\/span><\/b><span data-contrast=\"auto\">. Adem\u00e1s, se impartir\u00e1n <\/span><b><span data-contrast=\"auto\">20 horas adicionales de euskera<\/span><\/b><span data-contrast=\"auto\">. Este curso se est\u00e1 llevando a cabo en <\/span><b><span data-contrast=\"auto\">Elkargunea<\/span><\/b><span data-contrast=\"auto\">, con la participaci\u00f3n de <\/span><b><span data-contrast=\"auto\">15 personas (11 mujeres y 4 hombres).<\/span><\/b><span data-ccp-props=\"{&quot;134233117&quot;:false,&quot;134233118&quot;:false,&quot;335559738&quot;:240,&quot;335559739&quot;:240}\">\u00a0<\/span><\/p>\n","protected":false},"excerpt":{"rendered":"<p>Desde el \u00e1rea de Empleo de Iraurgi Berritzen, se est\u00e1n desarrollando iniciativas en colaboraci\u00f3n con los agentes locales para reducir el desempleo y fomentar el empleo en Urola Erdia. Entre ellas, destaca el proyecto \u00abUrola Erdian ElkarEkin Eraginez IV\u00bb, dirigido a personas desempleadas en situaci\u00f3n de vulnerabilidad, con el objetivo de ofrecer itinerarios efectivos de [&hellip;]<\/p>\n","protected":false},"author":4,"featured_media":22684,"comment_status":"closed","ping_status":"closed","sticky":false,"template":"","format":"standard","meta":{"_acf_changed":false,"footnotes":""},"categories":[4],"tags":[],"class_list":["post-22679","post","type-post","status-publish","format-standard","has-post-thumbnail","hentry","category-noticias","arloak-empleo"],"acf":[],"yoast_head":"<!-- This site is optimized with the Yoast SEO plugin v27.4 - https:\/\/yoast.com\/product\/yoast-seo-wordpress\/ -->\n<title>Bajo el amparo del Proyecto ElkarEkin Lanean, ya est\u00e1n en marcha los cursos para personas desempleadas de la comarca - Iraurgi Berritzen<\/title>\n<meta name=\"robots\" content=\"index, follow, max-snippet:-1, max-image-preview:large, max-video-preview:-1\" \/>\n<link rel=\"canonical\" href=\"https:\/\/iraurgiberritzen.eus\/es\/en-marcha-los-cursos-para-personas-desempleadas-de-la-comarca-gracias-proyecto-elkarekin-lanean\/\" \/>\n<meta property=\"og:locale\" content=\"es_ES\" \/>\n<meta property=\"og:type\" content=\"article\" \/>\n<meta property=\"og:title\" content=\"Bajo el amparo del Proyecto ElkarEkin Lanean, ya est\u00e1n en marcha los cursos para personas desempleadas de la comarca - Iraurgi Berritzen\" \/>\n<meta property=\"og:description\" content=\"Desde el \u00e1rea de Empleo de Iraurgi Berritzen, se est\u00e1n desarrollando iniciativas en colaboraci\u00f3n con los agentes locales para reducir el desempleo y fomentar el empleo en Urola Erdia. Entre ellas, destaca el proyecto \u00abUrola Erdian ElkarEkin Eraginez IV\u00bb, dirigido a personas desempleadas en situaci\u00f3n de vulnerabilidad, con el objetivo de ofrecer itinerarios efectivos de [&hellip;]\" \/>\n<meta property=\"og:url\" content=\"https:\/\/iraurgiberritzen.eus\/es\/en-marcha-los-cursos-para-personas-desempleadas-de-la-comarca-gracias-proyecto-elkarekin-lanean\/\" \/>\n<meta property=\"og:site_name\" content=\"Iraurgi Berritzen\" \/>\n<meta property=\"article:published_time\" content=\"2025-02-18T15:02:55+00:00\" \/>\n<meta property=\"article:modified_time\" content=\"2025-02-19T12:02:24+00:00\" \/>\n<meta property=\"og:image\" content=\"https:\/\/iraurgiberritzen.eus\/wp-content\/uploads\/2025\/02\/WhatsApp-Image-2025-02-19-at-10.14.52-1-scaled.jpeg\" \/>\n\t<meta property=\"og:image:width\" content=\"2560\" \/>\n\t<meta property=\"og:image:height\" content=\"1920\" \/>\n\t<meta property=\"og:image:type\" content=\"image\/jpeg\" \/>\n<meta name=\"author\" content=\"ainara\" \/>\n<meta name=\"twitter:card\" content=\"summary_large_image\" \/>\n<meta name=\"twitter:label1\" content=\"Escrito por\" \/>\n\t<meta name=\"twitter:data1\" content=\"ainara\" \/>\n\t<meta name=\"twitter:label2\" content=\"Tiempo de lectura\" \/>\n\t<meta name=\"twitter:data2\" content=\"2 minutos\" \/>\n<script type=\"application\/ld+json\" class=\"yoast-schema-graph\">{\"@context\":\"https:\\\/\\\/schema.org\",\"@graph\":[{\"@type\":\"Article\",\"@id\":\"https:\\\/\\\/iraurgiberritzen.eus\\\/es\\\/en-marcha-los-cursos-para-personas-desempleadas-de-la-comarca-gracias-proyecto-elkarekin-lanean\\\/#article\",\"isPartOf\":{\"@id\":\"https:\\\/\\\/iraurgiberritzen.eus\\\/es\\\/en-marcha-los-cursos-para-personas-desempleadas-de-la-comarca-gracias-proyecto-elkarekin-lanean\\\/\"},\"author\":{\"name\":\"ainara\",\"@id\":\"https:\\\/\\\/iraurgiberritzen.eus\\\/es\\\/#\\\/schema\\\/person\\\/a32c9825b3e2bfcbe757a97f6a15c8a5\"},\"headline\":\"Bajo el amparo del Proyecto ElkarEkin Lanean, ya est\u00e1n en marcha los cursos para personas desempleadas de la comarca\",\"datePublished\":\"2025-02-18T15:02:55+00:00\",\"dateModified\":\"2025-02-19T12:02:24+00:00\",\"mainEntityOfPage\":{\"@id\":\"https:\\\/\\\/iraurgiberritzen.eus\\\/es\\\/en-marcha-los-cursos-para-personas-desempleadas-de-la-comarca-gracias-proyecto-elkarekin-lanean\\\/\"},\"wordCount\":250,\"publisher\":{\"@id\":\"https:\\\/\\\/iraurgiberritzen.eus\\\/es\\\/#organization\"},\"image\":{\"@id\":\"https:\\\/\\\/iraurgiberritzen.eus\\\/es\\\/en-marcha-los-cursos-para-personas-desempleadas-de-la-comarca-gracias-proyecto-elkarekin-lanean\\\/#primaryimage\"},\"thumbnailUrl\":\"https:\\\/\\\/iraurgiberritzen.eus\\\/wp-content\\\/uploads\\\/2025\\\/02\\\/WhatsApp-Image-2025-02-19-at-10.14.52-1-scaled.jpeg\",\"articleSection\":[\"Noticias\"],\"inLanguage\":\"es\"},{\"@type\":\"WebPage\",\"@id\":\"https:\\\/\\\/iraurgiberritzen.eus\\\/es\\\/en-marcha-los-cursos-para-personas-desempleadas-de-la-comarca-gracias-proyecto-elkarekin-lanean\\\/\",\"url\":\"https:\\\/\\\/iraurgiberritzen.eus\\\/es\\\/en-marcha-los-cursos-para-personas-desempleadas-de-la-comarca-gracias-proyecto-elkarekin-lanean\\\/\",\"name\":\"Bajo el amparo del Proyecto ElkarEkin Lanean, ya est\u00e1n en marcha los cursos para personas desempleadas de la comarca - Iraurgi Berritzen\",\"isPartOf\":{\"@id\":\"https:\\\/\\\/iraurgiberritzen.eus\\\/es\\\/#website\"},\"primaryImageOfPage\":{\"@id\":\"https:\\\/\\\/iraurgiberritzen.eus\\\/es\\\/en-marcha-los-cursos-para-personas-desempleadas-de-la-comarca-gracias-proyecto-elkarekin-lanean\\\/#primaryimage\"},\"image\":{\"@id\":\"https:\\\/\\\/iraurgiberritzen.eus\\\/es\\\/en-marcha-los-cursos-para-personas-desempleadas-de-la-comarca-gracias-proyecto-elkarekin-lanean\\\/#primaryimage\"},\"thumbnailUrl\":\"https:\\\/\\\/iraurgiberritzen.eus\\\/wp-content\\\/uploads\\\/2025\\\/02\\\/WhatsApp-Image-2025-02-19-at-10.14.52-1-scaled.jpeg\",\"datePublished\":\"2025-02-18T15:02:55+00:00\",\"dateModified\":\"2025-02-19T12:02:24+00:00\",\"breadcrumb\":{\"@id\":\"https:\\\/\\\/iraurgiberritzen.eus\\\/es\\\/en-marcha-los-cursos-para-personas-desempleadas-de-la-comarca-gracias-proyecto-elkarekin-lanean\\\/#breadcrumb\"},\"inLanguage\":\"es\",\"potentialAction\":[{\"@type\":\"ReadAction\",\"target\":[\"https:\\\/\\\/iraurgiberritzen.eus\\\/es\\\/en-marcha-los-cursos-para-personas-desempleadas-de-la-comarca-gracias-proyecto-elkarekin-lanean\\\/\"]}]},{\"@type\":\"ImageObject\",\"inLanguage\":\"es\",\"@id\":\"https:\\\/\\\/iraurgiberritzen.eus\\\/es\\\/en-marcha-los-cursos-para-personas-desempleadas-de-la-comarca-gracias-proyecto-elkarekin-lanean\\\/#primaryimage\",\"url\":\"https:\\\/\\\/iraurgiberritzen.eus\\\/wp-content\\\/uploads\\\/2025\\\/02\\\/WhatsApp-Image-2025-02-19-at-10.14.52-1-scaled.jpeg\",\"contentUrl\":\"https:\\\/\\\/iraurgiberritzen.eus\\\/wp-content\\\/uploads\\\/2025\\\/02\\\/WhatsApp-Image-2025-02-19-at-10.14.52-1-scaled.jpeg\",\"width\":2560,\"height\":1920},{\"@type\":\"BreadcrumbList\",\"@id\":\"https:\\\/\\\/iraurgiberritzen.eus\\\/es\\\/en-marcha-los-cursos-para-personas-desempleadas-de-la-comarca-gracias-proyecto-elkarekin-lanean\\\/#breadcrumb\",\"itemListElement\":[{\"@type\":\"ListItem\",\"position\":1,\"name\":\"Home\",\"item\":\"https:\\\/\\\/iraurgiberritzen.eus\\\/es\\\/\"},{\"@type\":\"ListItem\",\"position\":2,\"name\":\"Bajo el amparo del Proyecto ElkarEkin Lanean, ya est\u00e1n en marcha los cursos para personas desempleadas de la comarca\"}]},{\"@type\":\"WebSite\",\"@id\":\"https:\\\/\\\/iraurgiberritzen.eus\\\/es\\\/#website\",\"url\":\"https:\\\/\\\/iraurgiberritzen.eus\\\/es\\\/\",\"name\":\"Iraurgi Berritzen\",\"description\":\"Urola Erdiko Garapen Agentzia\",\"publisher\":{\"@id\":\"https:\\\/\\\/iraurgiberritzen.eus\\\/es\\\/#organization\"},\"potentialAction\":[{\"@type\":\"SearchAction\",\"target\":{\"@type\":\"EntryPoint\",\"urlTemplate\":\"https:\\\/\\\/iraurgiberritzen.eus\\\/es\\\/?s={search_term_string}\"},\"query-input\":{\"@type\":\"PropertyValueSpecification\",\"valueRequired\":true,\"valueName\":\"search_term_string\"}}],\"inLanguage\":\"es\"},{\"@type\":\"Organization\",\"@id\":\"https:\\\/\\\/iraurgiberritzen.eus\\\/es\\\/#organization\",\"name\":\"Iraurgi Berritzen\",\"url\":\"https:\\\/\\\/iraurgiberritzen.eus\\\/es\\\/\",\"logo\":{\"@type\":\"ImageObject\",\"inLanguage\":\"es\",\"@id\":\"https:\\\/\\\/iraurgiberritzen.eus\\\/es\\\/#\\\/schema\\\/logo\\\/image\\\/\",\"url\":\"https:\\\/\\\/iraurgiberritzen.eus\\\/wp-content\\\/uploads\\\/2024\\\/02\\\/IRAURGI-BERRITZEN-logotipoa_2.png\",\"contentUrl\":\"https:\\\/\\\/iraurgiberritzen.eus\\\/wp-content\\\/uploads\\\/2024\\\/02\\\/IRAURGI-BERRITZEN-logotipoa_2.png\",\"width\":496,\"height\":190,\"caption\":\"Iraurgi Berritzen\"},\"image\":{\"@id\":\"https:\\\/\\\/iraurgiberritzen.eus\\\/es\\\/#\\\/schema\\\/logo\\\/image\\\/\"}},{\"@type\":\"Person\",\"@id\":\"https:\\\/\\\/iraurgiberritzen.eus\\\/es\\\/#\\\/schema\\\/person\\\/a32c9825b3e2bfcbe757a97f6a15c8a5\",\"name\":\"ainara\"}]}<\/script>\n<!-- \/ Yoast SEO plugin. -->","yoast_head_json":{"title":"Bajo el amparo del Proyecto ElkarEkin Lanean, ya est\u00e1n en marcha los cursos para personas desempleadas de la comarca - Iraurgi Berritzen","robots":{"index":"index","follow":"follow","max-snippet":"max-snippet:-1","max-image-preview":"max-image-preview:large","max-video-preview":"max-video-preview:-1"},"canonical":"https:\/\/iraurgiberritzen.eus\/es\/en-marcha-los-cursos-para-personas-desempleadas-de-la-comarca-gracias-proyecto-elkarekin-lanean\/","og_locale":"es_ES","og_type":"article","og_title":"Bajo el amparo del Proyecto ElkarEkin Lanean, ya est\u00e1n en marcha los cursos para personas desempleadas de la comarca - Iraurgi Berritzen","og_description":"Desde el \u00e1rea de Empleo de Iraurgi Berritzen, se est\u00e1n desarrollando iniciativas en colaboraci\u00f3n con los agentes locales para reducir el desempleo y fomentar el empleo en Urola Erdia. Entre ellas, destaca el proyecto \u00abUrola Erdian ElkarEkin Eraginez IV\u00bb, dirigido a personas desempleadas en situaci\u00f3n de vulnerabilidad, con el objetivo de ofrecer itinerarios efectivos de [&hellip;]","og_url":"https:\/\/iraurgiberritzen.eus\/es\/en-marcha-los-cursos-para-personas-desempleadas-de-la-comarca-gracias-proyecto-elkarekin-lanean\/","og_site_name":"Iraurgi Berritzen","article_published_time":"2025-02-18T15:02:55+00:00","article_modified_time":"2025-02-19T12:02:24+00:00","og_image":[{"width":2560,"height":1920,"url":"https:\/\/iraurgiberritzen.eus\/wp-content\/uploads\/2025\/02\/WhatsApp-Image-2025-02-19-at-10.14.52-1-scaled.jpeg","type":"image\/jpeg"}],"author":"ainara","twitter_card":"summary_large_image","twitter_misc":{"Escrito por":"ainara","Tiempo de lectura":"2 minutos"},"schema":{"@context":"https:\/\/schema.org","@graph":[{"@type":"Article","@id":"https:\/\/iraurgiberritzen.eus\/es\/en-marcha-los-cursos-para-personas-desempleadas-de-la-comarca-gracias-proyecto-elkarekin-lanean\/#article","isPartOf":{"@id":"https:\/\/iraurgiberritzen.eus\/es\/en-marcha-los-cursos-para-personas-desempleadas-de-la-comarca-gracias-proyecto-elkarekin-lanean\/"},"author":{"name":"ainara","@id":"https:\/\/iraurgiberritzen.eus\/es\/#\/schema\/person\/a32c9825b3e2bfcbe757a97f6a15c8a5"},"headline":"Bajo el amparo del Proyecto ElkarEkin Lanean, ya est\u00e1n en marcha los cursos para personas desempleadas de la comarca","datePublished":"2025-02-18T15:02:55+00:00","dateModified":"2025-02-19T12:02:24+00:00","mainEntityOfPage":{"@id":"https:\/\/iraurgiberritzen.eus\/es\/en-marcha-los-cursos-para-personas-desempleadas-de-la-comarca-gracias-proyecto-elkarekin-lanean\/"},"wordCount":250,"publisher":{"@id":"https:\/\/iraurgiberritzen.eus\/es\/#organization"},"image":{"@id":"https:\/\/iraurgiberritzen.eus\/es\/en-marcha-los-cursos-para-personas-desempleadas-de-la-comarca-gracias-proyecto-elkarekin-lanean\/#primaryimage"},"thumbnailUrl":"https:\/\/iraurgiberritzen.eus\/wp-content\/uploads\/2025\/02\/WhatsApp-Image-2025-02-19-at-10.14.52-1-scaled.jpeg","articleSection":["Noticias"],"inLanguage":"es"},{"@type":"WebPage","@id":"https:\/\/iraurgiberritzen.eus\/es\/en-marcha-los-cursos-para-personas-desempleadas-de-la-comarca-gracias-proyecto-elkarekin-lanean\/","url":"https:\/\/iraurgiberritzen.eus\/es\/en-marcha-los-cursos-para-personas-desempleadas-de-la-comarca-gracias-proyecto-elkarekin-lanean\/","name":"Bajo el amparo del Proyecto ElkarEkin Lanean, ya est\u00e1n en marcha los cursos para personas desempleadas de la comarca - Iraurgi Berritzen","isPartOf":{"@id":"https:\/\/iraurgiberritzen.eus\/es\/#website"},"primaryImageOfPage":{"@id":"https:\/\/iraurgiberritzen.eus\/es\/en-marcha-los-cursos-para-personas-desempleadas-de-la-comarca-gracias-proyecto-elkarekin-lanean\/#primaryimage"},"image":{"@id":"https:\/\/iraurgiberritzen.eus\/es\/en-marcha-los-cursos-para-personas-desempleadas-de-la-comarca-gracias-proyecto-elkarekin-lanean\/#primaryimage"},"thumbnailUrl":"https:\/\/iraurgiberritzen.eus\/wp-content\/uploads\/2025\/02\/WhatsApp-Image-2025-02-19-at-10.14.52-1-scaled.jpeg","datePublished":"2025-02-18T15:02:55+00:00","dateModified":"2025-02-19T12:02:24+00:00","breadcrumb":{"@id":"https:\/\/iraurgiberritzen.eus\/es\/en-marcha-los-cursos-para-personas-desempleadas-de-la-comarca-gracias-proyecto-elkarekin-lanean\/#breadcrumb"},"inLanguage":"es","potentialAction":[{"@type":"ReadAction","target":["https:\/\/iraurgiberritzen.eus\/es\/en-marcha-los-cursos-para-personas-desempleadas-de-la-comarca-gracias-proyecto-elkarekin-lanean\/"]}]},{"@type":"ImageObject","inLanguage":"es","@id":"https:\/\/iraurgiberritzen.eus\/es\/en-marcha-los-cursos-para-personas-desempleadas-de-la-comarca-gracias-proyecto-elkarekin-lanean\/#primaryimage","url":"https:\/\/iraurgiberritzen.eus\/wp-content\/uploads\/2025\/02\/WhatsApp-Image-2025-02-19-at-10.14.52-1-scaled.jpeg","contentUrl":"https:\/\/iraurgiberritzen.eus\/wp-content\/uploads\/2025\/02\/WhatsApp-Image-2025-02-19-at-10.14.52-1-scaled.jpeg","width":2560,"height":1920},{"@type":"BreadcrumbList","@id":"https:\/\/iraurgiberritzen.eus\/es\/en-marcha-los-cursos-para-personas-desempleadas-de-la-comarca-gracias-proyecto-elkarekin-lanean\/#breadcrumb","itemListElement":[{"@type":"ListItem","position":1,"name":"Home","item":"https:\/\/iraurgiberritzen.eus\/es\/"},{"@type":"ListItem","position":2,"name":"Bajo el amparo del Proyecto ElkarEkin Lanean, ya est\u00e1n en marcha los cursos para personas desempleadas de la comarca"}]},{"@type":"WebSite","@id":"https:\/\/iraurgiberritzen.eus\/es\/#website","url":"https:\/\/iraurgiberritzen.eus\/es\/","name":"Iraurgi Berritzen","description":"Urola Erdiko Garapen Agentzia","publisher":{"@id":"https:\/\/iraurgiberritzen.eus\/es\/#organization"},"potentialAction":[{"@type":"SearchAction","target":{"@type":"EntryPoint","urlTemplate":"https:\/\/iraurgiberritzen.eus\/es\/?s={search_term_string}"},"query-input":{"@type":"PropertyValueSpecification","valueRequired":true,"valueName":"search_term_string"}}],"inLanguage":"es"},{"@type":"Organization","@id":"https:\/\/iraurgiberritzen.eus\/es\/#organization","name":"Iraurgi Berritzen","url":"https:\/\/iraurgiberritzen.eus\/es\/","logo":{"@type":"ImageObject","inLanguage":"es","@id":"https:\/\/iraurgiberritzen.eus\/es\/#\/schema\/logo\/image\/","url":"https:\/\/iraurgiberritzen.eus\/wp-content\/uploads\/2024\/02\/IRAURGI-BERRITZEN-logotipoa_2.png","contentUrl":"https:\/\/iraurgiberritzen.eus\/wp-content\/uploads\/2024\/02\/IRAURGI-BERRITZEN-logotipoa_2.png","width":496,"height":190,"caption":"Iraurgi Berritzen"},"image":{"@id":"https:\/\/iraurgiberritzen.eus\/es\/#\/schema\/logo\/image\/"}},{"@type":"Person","@id":"https:\/\/iraurgiberritzen.eus\/es\/#\/schema\/person\/a32c9825b3e2bfcbe757a97f6a15c8a5","name":"ainara"}]}},"_links":{"self":[{"href":"https:\/\/iraurgiberritzen.eus\/es\/wp-json\/wp\/v2\/posts\/22679","targetHints":{"allow":["GET"]}}],"collection":[{"href":"https:\/\/iraurgiberritzen.eus\/es\/wp-json\/wp\/v2\/posts"}],"about":[{"href":"https:\/\/iraurgiberritzen.eus\/es\/wp-json\/wp\/v2\/types\/post"}],"author":[{"embeddable":true,"href":"https:\/\/iraurgiberritzen.eus\/es\/wp-json\/wp\/v2\/users\/4"}],"replies":[{"embeddable":true,"href":"https:\/\/iraurgiberritzen.eus\/es\/wp-json\/wp\/v2\/comments?post=22679"}],"version-history":[{"count":5,"href":"https:\/\/iraurgiberritzen.eus\/es\/wp-json\/wp\/v2\/posts\/22679\/revisions"}],"predecessor-version":[{"id":22691,"href":"https:\/\/iraurgiberritzen.eus\/es\/wp-json\/wp\/v2\/posts\/22679\/revisions\/22691"}],"wp:featuredmedia":[{"embeddable":true,"href":"https:\/\/iraurgiberritzen.eus\/es\/wp-json\/wp\/v2\/media\/22684"}],"wp:attachment":[{"href":"https:\/\/iraurgiberritzen.eus\/es\/wp-json\/wp\/v2\/media?parent=22679"}],"wp:term":[{"taxonomy":"category","embeddable":true,"href":"https:\/\/iraurgiberritzen.eus\/es\/wp-json\/wp\/v2\/categories?post=22679"},{"taxonomy":"post_tag","embeddable":true,"href":"https:\/\/iraurgiberritzen.eus\/es\/wp-json\/wp\/v2\/tags?post=22679"}],"curies":[{"name":"wp","href":"https:\/\/api.w.org\/{rel}","templated":true}]}}