{"id":22700,"date":"2025-02-20T12:40:01","date_gmt":"2025-02-20T10:40:01","guid":{"rendered":"https:\/\/iraurgiberritzen.eus\/?p=22700"},"modified":"2025-02-20T13:05:52","modified_gmt":"2025-02-20T11:05:52","slug":"los-directores-de-los-cinco-centros-educativos-han-realizado-el-seguimiento-de-los-proyectos-de-colaboracion-en-el-ambito-educativo-de-ib","status":"publish","type":"post","link":"https:\/\/iraurgiberritzen.eus\/es\/los-directores-de-los-cinco-centros-educativos-han-realizado-el-seguimiento-de-los-proyectos-de-colaboracion-en-el-ambito-educativo-de-ib\/","title":{"rendered":"Los directores de los cinco centros educativos han realizado el seguimiento de los proyectos de colaboraci\u00f3n del \u00e1mbito educativo de IB"},"content":{"rendered":"<h5><span class=\"TextRun SCXW181483579 BCX0\" lang=\"EU-ES\" xml:lang=\"EU-ES\" data-contrast=\"auto\"><span class=\"NormalTextRun SCXW181483579 BCX0\">Los <\/span><span class=\"NormalTextRun SCXW181483579 BCX0\">directores<\/span><span class=\"NormalTextRun SCXW181483579 BCX0\"> han <\/span><span class=\"NormalTextRun SCXW181483579 BCX0\">llevado<\/span><span class=\"NormalTextRun SCXW181483579 BCX0\"> a <\/span><span class=\"NormalTextRun SCXW181483579 BCX0\">cabo<\/span> <span class=\"NormalTextRun SCXW181483579 BCX0\">el<\/span> <span class=\"NormalTextRun SCXW181483579 BCX0\">seguimiento<\/span><span class=\"NormalTextRun SCXW181483579 BCX0\"> de <\/span><span class=\"NormalTextRun SCXW181483579 BCX0\">las<\/span> <span class=\"NormalTextRun SCXW181483579 BCX0\">l\u00edneas<\/span><span class=\"NormalTextRun SCXW181483579 BCX0\"> de <\/span><span class=\"NormalTextRun SCXW181483579 BCX0\">trabajo<\/span> <span class=\"NormalTextRun SCXW181483579 BCX0\">comunes<\/span> <span class=\"NormalTextRun SCXW181483579 BCX0\">priorizadas<\/span><span class=\"NormalTextRun SCXW181483579 BCX0\"> al <\/span><span class=\"NormalTextRun SCXW181483579 BCX0\">inicio<\/span><span class=\"NormalTextRun SCXW181483579 BCX0\"> del <\/span><span class=\"NormalTextRun SCXW181483579 BCX0\">curso<\/span><span class=\"NormalTextRun SCXW181483579 BCX0\">, <\/span><span class=\"NormalTextRun SCXW181483579 BCX0\">realizando<\/span> <span class=\"NormalTextRun SCXW181483579 BCX0\">las<\/span> <span class=\"NormalTextRun SCXW181483579 BCX0\">valoraciones<\/span><span class=\"NormalTextRun SCXW181483579 BCX0\"> y <\/span><span class=\"NormalTextRun SCXW181483579 BCX0\">adaptaciones<\/span> <span class=\"NormalTextRun SCXW181483579 BCX0\">correspondientes<\/span><span class=\"NormalTextRun SCXW181483579 BCX0\">.<\/span><\/span><span class=\"EOP SCXW181483579 BCX0\" data-ccp-props=\"{&quot;134233117&quot;:false,&quot;134233118&quot;:false,&quot;335551550&quot;:1,&quot;335551620&quot;:1,&quot;335559738&quot;:240,&quot;335559739&quot;:240}\">\u00a0<\/span><\/h5>\n<p><span data-contrast=\"auto\">Las l\u00edneas de trabajo en las que est\u00e1n colaborando incluyen:<\/span><span data-ccp-props=\"{&quot;134233117&quot;:false,&quot;134233118&quot;:false,&quot;335551550&quot;:1,&quot;335551620&quot;:1,&quot;335559738&quot;:240,&quot;335559739&quot;:240}\">\u00a0<\/span><\/p>\n<ul>\n<li data-leveltext=\"\uf0b7\" data-font=\"Symbol\" data-listid=\"3\" data-list-defn-props=\"{&quot;335552541&quot;:1,&quot;335559683&quot;:0,&quot;335559684&quot;:-2,&quot;335559685&quot;:720,&quot;335559991&quot;:360,&quot;469769226&quot;:&quot;Symbol&quot;,&quot;469769242&quot;:[8226],&quot;469777803&quot;:&quot;left&quot;,&quot;469777804&quot;:&quot;\uf0b7&quot;,&quot;469777815&quot;:&quot;hybridMultilevel&quot;}\" aria-setsize=\"-1\" data-aria-posinset=\"1\" data-aria-level=\"1\"><b><span data-contrast=\"auto\">Proyecto IKASIZ Ikastetxeak<\/span><\/b><span data-contrast=\"auto\">: Han valorado la din\u00e1mica trabajada bajo el t\u00edtulo <\/span><i><span data-contrast=\"auto\">\u201c<strong>Estrategias de comunicaci\u00f3n en los centros educativos\u201d<\/strong><\/span><\/i><span data-contrast=\"auto\">, dentro de este proyecto, cuyo objetivo es la creaci\u00f3n de espacios colectivos e individuales orientados a la sensibilizaci\u00f3n y capacitaci\u00f3n. Tambi\u00e9n han analizado y contrastado nuevos temas de inter\u00e9s para abordar en el pr\u00f3ximo curso.<\/span><span data-ccp-props=\"{&quot;134233117&quot;:false,&quot;134233118&quot;:false,&quot;335551550&quot;:1,&quot;335551620&quot;:1,&quot;335559738&quot;:240,&quot;335559739&quot;:240}\">\u00a0<\/span><\/li>\n<\/ul>\n<p><span data-contrast=\"auto\">Seguimiento de proyectos de colaboraci\u00f3n en marcha<\/span><span data-contrast=\"auto\">: Cada uno de los proyectos cuenta con su propio equipo de trabajo operativo con representaci\u00f3n de cada centro educativo.<\/span><span data-ccp-props=\"{&quot;134233117&quot;:false,&quot;134233118&quot;:false,&quot;335551550&quot;:1,&quot;335551620&quot;:1,&quot;335559685&quot;:0,&quot;335559738&quot;:240,&quot;335559739&quot;:240}\">\u00a0<\/span><\/p>\n<p><span data-contrast=\"auto\">Los proyectos concretos que est\u00e1n desarrollando son:<\/span><span data-ccp-props=\"{&quot;134233117&quot;:false,&quot;134233118&quot;:false,&quot;335551550&quot;:1,&quot;335551620&quot;:1,&quot;335559738&quot;:240,&quot;335559739&quot;:240}\">\u00a0<\/span><\/p>\n<ul>\n<li data-leveltext=\"\uf0b7\" data-font=\"Symbol\" data-listid=\"4\" data-list-defn-props=\"{&quot;335552541&quot;:1,&quot;335559683&quot;:0,&quot;335559684&quot;:-2,&quot;335559685&quot;:720,&quot;335559991&quot;:360,&quot;469769226&quot;:&quot;Symbol&quot;,&quot;469769242&quot;:[8226],&quot;469777803&quot;:&quot;left&quot;,&quot;469777804&quot;:&quot;\uf0b7&quot;,&quot;469777815&quot;:&quot;hybridMultilevel&quot;}\" aria-setsize=\"-1\" data-aria-posinset=\"1\" data-aria-level=\"1\"><b><span data-contrast=\"auto\">Elkarrekin Eraikitzen<\/span><\/b><span data-contrast=\"auto\">: Busca convertir al alumnado en protagonista de su propio proceso de aprendizaje, trabajando competencias espec\u00edficas y estableciendo conexiones directas con los agentes socioecon\u00f3micos de la comarca a trav\u00e9s de di\u00e1logos concretos.<\/span><span data-ccp-props=\"{&quot;134233117&quot;:false,&quot;134233118&quot;:false,&quot;335551550&quot;:1,&quot;335551620&quot;:1,&quot;335559738&quot;:240,&quot;335559739&quot;:240}\">\u00a0<\/span><\/li>\n<li data-leveltext=\"\uf0b7\" data-font=\"Symbol\" data-listid=\"4\" data-list-defn-props=\"{&quot;335552541&quot;:1,&quot;335559683&quot;:0,&quot;335559684&quot;:-2,&quot;335559685&quot;:720,&quot;335559991&quot;:360,&quot;469769226&quot;:&quot;Symbol&quot;,&quot;469769242&quot;:[8226],&quot;469777803&quot;:&quot;left&quot;,&quot;469777804&quot;:&quot;\uf0b7&quot;,&quot;469777815&quot;:&quot;hybridMultilevel&quot;}\" aria-setsize=\"-1\" data-aria-posinset=\"1\" data-aria-level=\"1\"><b><span data-contrast=\"auto\">ZIMAT Urola Erdian<\/span><\/b><span data-contrast=\"auto\">: Desarrollo de proyectos en ciencia y tecnolog\u00eda, intercambio de experiencias y fomento de la relaci\u00f3n con profesionales del \u00e1mbito STEAM.<\/span><span data-ccp-props=\"{&quot;134233117&quot;:false,&quot;134233118&quot;:false,&quot;335551550&quot;:1,&quot;335551620&quot;:1,&quot;335559738&quot;:240,&quot;335559739&quot;:240}\">\u00a0<\/span><\/li>\n<li data-leveltext=\"\uf0b7\" data-font=\"Symbol\" data-listid=\"4\" data-list-defn-props=\"{&quot;335552541&quot;:1,&quot;335559683&quot;:0,&quot;335559684&quot;:-2,&quot;335559685&quot;:720,&quot;335559991&quot;:360,&quot;469769226&quot;:&quot;Symbol&quot;,&quot;469769242&quot;:[8226],&quot;469777803&quot;:&quot;left&quot;,&quot;469777804&quot;:&quot;\uf0b7&quot;,&quot;469777815&quot;:&quot;hybridMultilevel&quot;}\" aria-setsize=\"-1\" data-aria-posinset=\"1\" data-aria-level=\"1\"><b><span data-contrast=\"auto\">Gerolan<\/span><\/b><span data-contrast=\"auto\">: Proyecto orientado a impulsar los planes de orientaci\u00f3n educativa en los centros, enriqueciendo estos planes mediante acciones y visitas espec\u00edficas seg\u00fan los intereses del alumnado.<\/span><span data-ccp-props=\"{&quot;134233117&quot;:false,&quot;134233118&quot;:false,&quot;335551550&quot;:1,&quot;335551620&quot;:1,&quot;335559738&quot;:240,&quot;335559739&quot;:240}\">\u00a0<\/span><\/li>\n<li data-leveltext=\"\uf0b7\" data-font=\"Symbol\" data-listid=\"4\" data-list-defn-props=\"{&quot;335552541&quot;:1,&quot;335559683&quot;:0,&quot;335559684&quot;:-2,&quot;335559685&quot;:720,&quot;335559991&quot;:360,&quot;469769226&quot;:&quot;Symbol&quot;,&quot;469769242&quot;:[8226],&quot;469777803&quot;:&quot;left&quot;,&quot;469777804&quot;:&quot;\uf0b7&quot;,&quot;469777815&quot;:&quot;hybridMultilevel&quot;}\" aria-setsize=\"-1\" data-aria-posinset=\"1\" data-aria-level=\"1\"><b><span data-contrast=\"auto\">Proyecto Izan Ekintzaile!<\/span><\/b><span data-contrast=\"auto\">: Iniciativa que trabaja los conceptos b\u00e1sicos del emprendimiento con el alumnado, impulsando el contacto directo con personas emprendedoras reales.<\/span><span data-ccp-props=\"{&quot;134233117&quot;:false,&quot;134233118&quot;:false,&quot;335551550&quot;:1,&quot;335551620&quot;:1,&quot;335559738&quot;:240,&quot;335559739&quot;:240}\">\u00a0<\/span><\/li>\n<\/ul>\n<p><span data-contrast=\"auto\">En cuanto al <\/span><b><span data-contrast=\"auto\">Consejo de IB SAREA<\/span><\/b><span data-contrast=\"auto\">, se ha compartido la relaci\u00f3n entre ambos espacios y los puntos tratados en la \u00faltima reuni\u00f3n, incluyendo los pr\u00f3ximos pasos y el relevo en la representaci\u00f3n. Adem\u00e1s, se ha puesto en com\u00fan la valoraci\u00f3n de las personas que participaron en el evento<strong> XXII Topaketak<\/strong>, celebrado este a\u00f1o con la participaci\u00f3n de diversos agentes socioecon\u00f3micos.<\/span><span data-ccp-props=\"{&quot;134233117&quot;:false,&quot;134233118&quot;:false,&quot;201341983&quot;:0,&quot;335551550&quot;:1,&quot;335551620&quot;:1,&quot;335559685&quot;:0,&quot;335559737&quot;:0,&quot;335559738&quot;:240,&quot;335559739&quot;:240,&quot;335559740&quot;:279}\">\u00a0<\/span><\/p>\n<p><span data-contrast=\"auto\">Los directores de los cinco centros educativos de la comarca han realizado una valoraci\u00f3n positiva sobre las l\u00edneas de trabajo conjuntas que est\u00e1n desarrollando a lo largo del curso.<\/span><span data-ccp-props=\"{&quot;134233117&quot;:false,&quot;134233118&quot;:false,&quot;335551550&quot;:1,&quot;335551620&quot;:1,&quot;335559738&quot;:240,&quot;335559739&quot;:240}\">\u00a0<\/span><\/p>\n","protected":false},"excerpt":{"rendered":"<p>Los directores han llevado a cabo el seguimiento de las l\u00edneas de trabajo comunes priorizadas al inicio del curso, realizando las valoraciones y adaptaciones correspondientes.\u00a0 Las l\u00edneas de trabajo en las que est\u00e1n colaborando incluyen:\u00a0 Proyecto IKASIZ Ikastetxeak: Han valorado la din\u00e1mica trabajada bajo el t\u00edtulo \u201cEstrategias de comunicaci\u00f3n en los centros educativos\u201d, dentro de [&hellip;]<\/p>\n","protected":false},"author":4,"featured_media":22697,"comment_status":"closed","ping_status":"closed","sticky":false,"template":"","format":"standard","meta":{"_acf_changed":false,"footnotes":""},"categories":[4],"tags":[],"class_list":["post-22700","post","type-post","status-publish","format-standard","has-post-thumbnail","hentry","category-noticias","arloak-educacion"],"acf":[],"yoast_head":"<!-- This site is optimized with the Yoast SEO plugin v27.4 - https:\/\/yoast.com\/product\/yoast-seo-wordpress\/ -->\n<title>Los directores de los cinco centros educativos han realizado el seguimiento de los proyectos de colaboraci\u00f3n del \u00e1mbito educativo de IB - Iraurgi Berritzen<\/title>\n<meta name=\"robots\" content=\"index, follow, max-snippet:-1, max-image-preview:large, max-video-preview:-1\" \/>\n<link rel=\"canonical\" href=\"https:\/\/iraurgiberritzen.eus\/es\/los-directores-de-los-cinco-centros-educativos-han-realizado-el-seguimiento-de-los-proyectos-de-colaboracion-en-el-ambito-educativo-de-ib\/\" \/>\n<meta property=\"og:locale\" content=\"es_ES\" \/>\n<meta property=\"og:type\" content=\"article\" \/>\n<meta property=\"og:title\" content=\"Los directores de los cinco centros educativos han realizado el seguimiento de los proyectos de colaboraci\u00f3n del \u00e1mbito educativo de IB - Iraurgi Berritzen\" \/>\n<meta property=\"og:description\" content=\"Los directores han llevado a cabo el seguimiento de las l\u00edneas de trabajo comunes priorizadas al inicio del curso, realizando las valoraciones y adaptaciones correspondientes.\u00a0 Las l\u00edneas de trabajo en las que est\u00e1n colaborando incluyen:\u00a0 Proyecto IKASIZ Ikastetxeak: Han valorado la din\u00e1mica trabajada bajo el t\u00edtulo \u201cEstrategias de comunicaci\u00f3n en los centros educativos\u201d, dentro de [&hellip;]\" \/>\n<meta property=\"og:url\" content=\"https:\/\/iraurgiberritzen.eus\/es\/los-directores-de-los-cinco-centros-educativos-han-realizado-el-seguimiento-de-los-proyectos-de-colaboracion-en-el-ambito-educativo-de-ib\/\" \/>\n<meta property=\"og:site_name\" content=\"Iraurgi Berritzen\" \/>\n<meta property=\"article:published_time\" content=\"2025-02-20T10:40:01+00:00\" \/>\n<meta property=\"article:modified_time\" content=\"2025-02-20T11:05:52+00:00\" \/>\n<meta property=\"og:image\" content=\"https:\/\/iraurgiberritzen.eus\/wp-content\/uploads\/2025\/02\/PORTADA-IB-WEB-800-x-550-px-29-1024x704.jpg\" \/>\n\t<meta property=\"og:image:width\" content=\"1024\" \/>\n\t<meta property=\"og:image:height\" content=\"704\" \/>\n\t<meta property=\"og:image:type\" content=\"image\/jpeg\" \/>\n<meta name=\"author\" content=\"ainara\" \/>\n<meta name=\"twitter:card\" content=\"summary_large_image\" \/>\n<meta name=\"twitter:label1\" content=\"Escrito por\" \/>\n\t<meta name=\"twitter:data1\" content=\"ainara\" \/>\n\t<meta name=\"twitter:label2\" content=\"Tiempo de lectura\" \/>\n\t<meta name=\"twitter:data2\" content=\"2 minutos\" \/>\n<script type=\"application\/ld+json\" class=\"yoast-schema-graph\">{\"@context\":\"https:\\\/\\\/schema.org\",\"@graph\":[{\"@type\":\"Article\",\"@id\":\"https:\\\/\\\/iraurgiberritzen.eus\\\/es\\\/los-directores-de-los-cinco-centros-educativos-han-realizado-el-seguimiento-de-los-proyectos-de-colaboracion-en-el-ambito-educativo-de-ib\\\/#article\",\"isPartOf\":{\"@id\":\"https:\\\/\\\/iraurgiberritzen.eus\\\/es\\\/los-directores-de-los-cinco-centros-educativos-han-realizado-el-seguimiento-de-los-proyectos-de-colaboracion-en-el-ambito-educativo-de-ib\\\/\"},\"author\":{\"name\":\"ainara\",\"@id\":\"https:\\\/\\\/iraurgiberritzen.eus\\\/es\\\/#\\\/schema\\\/person\\\/a32c9825b3e2bfcbe757a97f6a15c8a5\"},\"headline\":\"Los directores de los cinco centros educativos han realizado el seguimiento de los proyectos de colaboraci\u00f3n del \u00e1mbito educativo de IB\",\"datePublished\":\"2025-02-20T10:40:01+00:00\",\"dateModified\":\"2025-02-20T11:05:52+00:00\",\"mainEntityOfPage\":{\"@id\":\"https:\\\/\\\/iraurgiberritzen.eus\\\/es\\\/los-directores-de-los-cinco-centros-educativos-han-realizado-el-seguimiento-de-los-proyectos-de-colaboracion-en-el-ambito-educativo-de-ib\\\/\"},\"wordCount\":375,\"publisher\":{\"@id\":\"https:\\\/\\\/iraurgiberritzen.eus\\\/es\\\/#organization\"},\"image\":{\"@id\":\"https:\\\/\\\/iraurgiberritzen.eus\\\/es\\\/los-directores-de-los-cinco-centros-educativos-han-realizado-el-seguimiento-de-los-proyectos-de-colaboracion-en-el-ambito-educativo-de-ib\\\/#primaryimage\"},\"thumbnailUrl\":\"https:\\\/\\\/iraurgiberritzen.eus\\\/wp-content\\\/uploads\\\/2025\\\/02\\\/PORTADA-IB-WEB-800-x-550-px-29.jpg\",\"articleSection\":[\"Noticias\"],\"inLanguage\":\"es\"},{\"@type\":\"WebPage\",\"@id\":\"https:\\\/\\\/iraurgiberritzen.eus\\\/es\\\/los-directores-de-los-cinco-centros-educativos-han-realizado-el-seguimiento-de-los-proyectos-de-colaboracion-en-el-ambito-educativo-de-ib\\\/\",\"url\":\"https:\\\/\\\/iraurgiberritzen.eus\\\/es\\\/los-directores-de-los-cinco-centros-educativos-han-realizado-el-seguimiento-de-los-proyectos-de-colaboracion-en-el-ambito-educativo-de-ib\\\/\",\"name\":\"Los directores de los cinco centros educativos han realizado el seguimiento de los proyectos de colaboraci\u00f3n del \u00e1mbito educativo de IB - Iraurgi Berritzen\",\"isPartOf\":{\"@id\":\"https:\\\/\\\/iraurgiberritzen.eus\\\/es\\\/#website\"},\"primaryImageOfPage\":{\"@id\":\"https:\\\/\\\/iraurgiberritzen.eus\\\/es\\\/los-directores-de-los-cinco-centros-educativos-han-realizado-el-seguimiento-de-los-proyectos-de-colaboracion-en-el-ambito-educativo-de-ib\\\/#primaryimage\"},\"image\":{\"@id\":\"https:\\\/\\\/iraurgiberritzen.eus\\\/es\\\/los-directores-de-los-cinco-centros-educativos-han-realizado-el-seguimiento-de-los-proyectos-de-colaboracion-en-el-ambito-educativo-de-ib\\\/#primaryimage\"},\"thumbnailUrl\":\"https:\\\/\\\/iraurgiberritzen.eus\\\/wp-content\\\/uploads\\\/2025\\\/02\\\/PORTADA-IB-WEB-800-x-550-px-29.jpg\",\"datePublished\":\"2025-02-20T10:40:01+00:00\",\"dateModified\":\"2025-02-20T11:05:52+00:00\",\"breadcrumb\":{\"@id\":\"https:\\\/\\\/iraurgiberritzen.eus\\\/es\\\/los-directores-de-los-cinco-centros-educativos-han-realizado-el-seguimiento-de-los-proyectos-de-colaboracion-en-el-ambito-educativo-de-ib\\\/#breadcrumb\"},\"inLanguage\":\"es\",\"potentialAction\":[{\"@type\":\"ReadAction\",\"target\":[\"https:\\\/\\\/iraurgiberritzen.eus\\\/es\\\/los-directores-de-los-cinco-centros-educativos-han-realizado-el-seguimiento-de-los-proyectos-de-colaboracion-en-el-ambito-educativo-de-ib\\\/\"]}]},{\"@type\":\"ImageObject\",\"inLanguage\":\"es\",\"@id\":\"https:\\\/\\\/iraurgiberritzen.eus\\\/es\\\/los-directores-de-los-cinco-centros-educativos-han-realizado-el-seguimiento-de-los-proyectos-de-colaboracion-en-el-ambito-educativo-de-ib\\\/#primaryimage\",\"url\":\"https:\\\/\\\/iraurgiberritzen.eus\\\/wp-content\\\/uploads\\\/2025\\\/02\\\/PORTADA-IB-WEB-800-x-550-px-29.jpg\",\"contentUrl\":\"https:\\\/\\\/iraurgiberritzen.eus\\\/wp-content\\\/uploads\\\/2025\\\/02\\\/PORTADA-IB-WEB-800-x-550-px-29.jpg\",\"width\":2500,\"height\":1719},{\"@type\":\"BreadcrumbList\",\"@id\":\"https:\\\/\\\/iraurgiberritzen.eus\\\/es\\\/los-directores-de-los-cinco-centros-educativos-han-realizado-el-seguimiento-de-los-proyectos-de-colaboracion-en-el-ambito-educativo-de-ib\\\/#breadcrumb\",\"itemListElement\":[{\"@type\":\"ListItem\",\"position\":1,\"name\":\"Home\",\"item\":\"https:\\\/\\\/iraurgiberritzen.eus\\\/es\\\/\"},{\"@type\":\"ListItem\",\"position\":2,\"name\":\"Los directores de los cinco centros educativos han realizado el seguimiento de los proyectos de colaboraci\u00f3n del \u00e1mbito educativo de IB\"}]},{\"@type\":\"WebSite\",\"@id\":\"https:\\\/\\\/iraurgiberritzen.eus\\\/es\\\/#website\",\"url\":\"https:\\\/\\\/iraurgiberritzen.eus\\\/es\\\/\",\"name\":\"Iraurgi Berritzen\",\"description\":\"Urola Erdiko Garapen Agentzia\",\"publisher\":{\"@id\":\"https:\\\/\\\/iraurgiberritzen.eus\\\/es\\\/#organization\"},\"potentialAction\":[{\"@type\":\"SearchAction\",\"target\":{\"@type\":\"EntryPoint\",\"urlTemplate\":\"https:\\\/\\\/iraurgiberritzen.eus\\\/es\\\/?s={search_term_string}\"},\"query-input\":{\"@type\":\"PropertyValueSpecification\",\"valueRequired\":true,\"valueName\":\"search_term_string\"}}],\"inLanguage\":\"es\"},{\"@type\":\"Organization\",\"@id\":\"https:\\\/\\\/iraurgiberritzen.eus\\\/es\\\/#organization\",\"name\":\"Iraurgi Berritzen\",\"url\":\"https:\\\/\\\/iraurgiberritzen.eus\\\/es\\\/\",\"logo\":{\"@type\":\"ImageObject\",\"inLanguage\":\"es\",\"@id\":\"https:\\\/\\\/iraurgiberritzen.eus\\\/es\\\/#\\\/schema\\\/logo\\\/image\\\/\",\"url\":\"https:\\\/\\\/iraurgiberritzen.eus\\\/wp-content\\\/uploads\\\/2024\\\/02\\\/IRAURGI-BERRITZEN-logotipoa_2.png\",\"contentUrl\":\"https:\\\/\\\/iraurgiberritzen.eus\\\/wp-content\\\/uploads\\\/2024\\\/02\\\/IRAURGI-BERRITZEN-logotipoa_2.png\",\"width\":496,\"height\":190,\"caption\":\"Iraurgi Berritzen\"},\"image\":{\"@id\":\"https:\\\/\\\/iraurgiberritzen.eus\\\/es\\\/#\\\/schema\\\/logo\\\/image\\\/\"}},{\"@type\":\"Person\",\"@id\":\"https:\\\/\\\/iraurgiberritzen.eus\\\/es\\\/#\\\/schema\\\/person\\\/a32c9825b3e2bfcbe757a97f6a15c8a5\",\"name\":\"ainara\"}]}<\/script>\n<!-- \/ Yoast SEO plugin. -->","yoast_head_json":{"title":"Los directores de los cinco centros educativos han realizado el seguimiento de los proyectos de colaboraci\u00f3n del \u00e1mbito educativo de IB - Iraurgi Berritzen","robots":{"index":"index","follow":"follow","max-snippet":"max-snippet:-1","max-image-preview":"max-image-preview:large","max-video-preview":"max-video-preview:-1"},"canonical":"https:\/\/iraurgiberritzen.eus\/es\/los-directores-de-los-cinco-centros-educativos-han-realizado-el-seguimiento-de-los-proyectos-de-colaboracion-en-el-ambito-educativo-de-ib\/","og_locale":"es_ES","og_type":"article","og_title":"Los directores de los cinco centros educativos han realizado el seguimiento de los proyectos de colaboraci\u00f3n del \u00e1mbito educativo de IB - Iraurgi Berritzen","og_description":"Los directores han llevado a cabo el seguimiento de las l\u00edneas de trabajo comunes priorizadas al inicio del curso, realizando las valoraciones y adaptaciones correspondientes.\u00a0 Las l\u00edneas de trabajo en las que est\u00e1n colaborando incluyen:\u00a0 Proyecto IKASIZ Ikastetxeak: Han valorado la din\u00e1mica trabajada bajo el t\u00edtulo \u201cEstrategias de comunicaci\u00f3n en los centros educativos\u201d, dentro de [&hellip;]","og_url":"https:\/\/iraurgiberritzen.eus\/es\/los-directores-de-los-cinco-centros-educativos-han-realizado-el-seguimiento-de-los-proyectos-de-colaboracion-en-el-ambito-educativo-de-ib\/","og_site_name":"Iraurgi Berritzen","article_published_time":"2025-02-20T10:40:01+00:00","article_modified_time":"2025-02-20T11:05:52+00:00","og_image":[{"width":1024,"height":704,"url":"https:\/\/iraurgiberritzen.eus\/wp-content\/uploads\/2025\/02\/PORTADA-IB-WEB-800-x-550-px-29-1024x704.jpg","type":"image\/jpeg"}],"author":"ainara","twitter_card":"summary_large_image","twitter_misc":{"Escrito por":"ainara","Tiempo de lectura":"2 minutos"},"schema":{"@context":"https:\/\/schema.org","@graph":[{"@type":"Article","@id":"https:\/\/iraurgiberritzen.eus\/es\/los-directores-de-los-cinco-centros-educativos-han-realizado-el-seguimiento-de-los-proyectos-de-colaboracion-en-el-ambito-educativo-de-ib\/#article","isPartOf":{"@id":"https:\/\/iraurgiberritzen.eus\/es\/los-directores-de-los-cinco-centros-educativos-han-realizado-el-seguimiento-de-los-proyectos-de-colaboracion-en-el-ambito-educativo-de-ib\/"},"author":{"name":"ainara","@id":"https:\/\/iraurgiberritzen.eus\/es\/#\/schema\/person\/a32c9825b3e2bfcbe757a97f6a15c8a5"},"headline":"Los directores de los cinco centros educativos han realizado el seguimiento de los proyectos de colaboraci\u00f3n del \u00e1mbito educativo de IB","datePublished":"2025-02-20T10:40:01+00:00","dateModified":"2025-02-20T11:05:52+00:00","mainEntityOfPage":{"@id":"https:\/\/iraurgiberritzen.eus\/es\/los-directores-de-los-cinco-centros-educativos-han-realizado-el-seguimiento-de-los-proyectos-de-colaboracion-en-el-ambito-educativo-de-ib\/"},"wordCount":375,"publisher":{"@id":"https:\/\/iraurgiberritzen.eus\/es\/#organization"},"image":{"@id":"https:\/\/iraurgiberritzen.eus\/es\/los-directores-de-los-cinco-centros-educativos-han-realizado-el-seguimiento-de-los-proyectos-de-colaboracion-en-el-ambito-educativo-de-ib\/#primaryimage"},"thumbnailUrl":"https:\/\/iraurgiberritzen.eus\/wp-content\/uploads\/2025\/02\/PORTADA-IB-WEB-800-x-550-px-29.jpg","articleSection":["Noticias"],"inLanguage":"es"},{"@type":"WebPage","@id":"https:\/\/iraurgiberritzen.eus\/es\/los-directores-de-los-cinco-centros-educativos-han-realizado-el-seguimiento-de-los-proyectos-de-colaboracion-en-el-ambito-educativo-de-ib\/","url":"https:\/\/iraurgiberritzen.eus\/es\/los-directores-de-los-cinco-centros-educativos-han-realizado-el-seguimiento-de-los-proyectos-de-colaboracion-en-el-ambito-educativo-de-ib\/","name":"Los directores de los cinco centros educativos han realizado el seguimiento de los proyectos de colaboraci\u00f3n del \u00e1mbito educativo de IB - Iraurgi Berritzen","isPartOf":{"@id":"https:\/\/iraurgiberritzen.eus\/es\/#website"},"primaryImageOfPage":{"@id":"https:\/\/iraurgiberritzen.eus\/es\/los-directores-de-los-cinco-centros-educativos-han-realizado-el-seguimiento-de-los-proyectos-de-colaboracion-en-el-ambito-educativo-de-ib\/#primaryimage"},"image":{"@id":"https:\/\/iraurgiberritzen.eus\/es\/los-directores-de-los-cinco-centros-educativos-han-realizado-el-seguimiento-de-los-proyectos-de-colaboracion-en-el-ambito-educativo-de-ib\/#primaryimage"},"thumbnailUrl":"https:\/\/iraurgiberritzen.eus\/wp-content\/uploads\/2025\/02\/PORTADA-IB-WEB-800-x-550-px-29.jpg","datePublished":"2025-02-20T10:40:01+00:00","dateModified":"2025-02-20T11:05:52+00:00","breadcrumb":{"@id":"https:\/\/iraurgiberritzen.eus\/es\/los-directores-de-los-cinco-centros-educativos-han-realizado-el-seguimiento-de-los-proyectos-de-colaboracion-en-el-ambito-educativo-de-ib\/#breadcrumb"},"inLanguage":"es","potentialAction":[{"@type":"ReadAction","target":["https:\/\/iraurgiberritzen.eus\/es\/los-directores-de-los-cinco-centros-educativos-han-realizado-el-seguimiento-de-los-proyectos-de-colaboracion-en-el-ambito-educativo-de-ib\/"]}]},{"@type":"ImageObject","inLanguage":"es","@id":"https:\/\/iraurgiberritzen.eus\/es\/los-directores-de-los-cinco-centros-educativos-han-realizado-el-seguimiento-de-los-proyectos-de-colaboracion-en-el-ambito-educativo-de-ib\/#primaryimage","url":"https:\/\/iraurgiberritzen.eus\/wp-content\/uploads\/2025\/02\/PORTADA-IB-WEB-800-x-550-px-29.jpg","contentUrl":"https:\/\/iraurgiberritzen.eus\/wp-content\/uploads\/2025\/02\/PORTADA-IB-WEB-800-x-550-px-29.jpg","width":2500,"height":1719},{"@type":"BreadcrumbList","@id":"https:\/\/iraurgiberritzen.eus\/es\/los-directores-de-los-cinco-centros-educativos-han-realizado-el-seguimiento-de-los-proyectos-de-colaboracion-en-el-ambito-educativo-de-ib\/#breadcrumb","itemListElement":[{"@type":"ListItem","position":1,"name":"Home","item":"https:\/\/iraurgiberritzen.eus\/es\/"},{"@type":"ListItem","position":2,"name":"Los directores de los cinco centros educativos han realizado el seguimiento de los proyectos de colaboraci\u00f3n del \u00e1mbito educativo de IB"}]},{"@type":"WebSite","@id":"https:\/\/iraurgiberritzen.eus\/es\/#website","url":"https:\/\/iraurgiberritzen.eus\/es\/","name":"Iraurgi Berritzen","description":"Urola Erdiko Garapen Agentzia","publisher":{"@id":"https:\/\/iraurgiberritzen.eus\/es\/#organization"},"potentialAction":[{"@type":"SearchAction","target":{"@type":"EntryPoint","urlTemplate":"https:\/\/iraurgiberritzen.eus\/es\/?s={search_term_string}"},"query-input":{"@type":"PropertyValueSpecification","valueRequired":true,"valueName":"search_term_string"}}],"inLanguage":"es"},{"@type":"Organization","@id":"https:\/\/iraurgiberritzen.eus\/es\/#organization","name":"Iraurgi Berritzen","url":"https:\/\/iraurgiberritzen.eus\/es\/","logo":{"@type":"ImageObject","inLanguage":"es","@id":"https:\/\/iraurgiberritzen.eus\/es\/#\/schema\/logo\/image\/","url":"https:\/\/iraurgiberritzen.eus\/wp-content\/uploads\/2024\/02\/IRAURGI-BERRITZEN-logotipoa_2.png","contentUrl":"https:\/\/iraurgiberritzen.eus\/wp-content\/uploads\/2024\/02\/IRAURGI-BERRITZEN-logotipoa_2.png","width":496,"height":190,"caption":"Iraurgi Berritzen"},"image":{"@id":"https:\/\/iraurgiberritzen.eus\/es\/#\/schema\/logo\/image\/"}},{"@type":"Person","@id":"https:\/\/iraurgiberritzen.eus\/es\/#\/schema\/person\/a32c9825b3e2bfcbe757a97f6a15c8a5","name":"ainara"}]}},"_links":{"self":[{"href":"https:\/\/iraurgiberritzen.eus\/es\/wp-json\/wp\/v2\/posts\/22700","targetHints":{"allow":["GET"]}}],"collection":[{"href":"https:\/\/iraurgiberritzen.eus\/es\/wp-json\/wp\/v2\/posts"}],"about":[{"href":"https:\/\/iraurgiberritzen.eus\/es\/wp-json\/wp\/v2\/types\/post"}],"author":[{"embeddable":true,"href":"https:\/\/iraurgiberritzen.eus\/es\/wp-json\/wp\/v2\/users\/4"}],"replies":[{"embeddable":true,"href":"https:\/\/iraurgiberritzen.eus\/es\/wp-json\/wp\/v2\/comments?post=22700"}],"version-history":[{"count":3,"href":"https:\/\/iraurgiberritzen.eus\/es\/wp-json\/wp\/v2\/posts\/22700\/revisions"}],"predecessor-version":[{"id":22703,"href":"https:\/\/iraurgiberritzen.eus\/es\/wp-json\/wp\/v2\/posts\/22700\/revisions\/22703"}],"wp:featuredmedia":[{"embeddable":true,"href":"https:\/\/iraurgiberritzen.eus\/es\/wp-json\/wp\/v2\/media\/22697"}],"wp:attachment":[{"href":"https:\/\/iraurgiberritzen.eus\/es\/wp-json\/wp\/v2\/media?parent=22700"}],"wp:term":[{"taxonomy":"category","embeddable":true,"href":"https:\/\/iraurgiberritzen.eus\/es\/wp-json\/wp\/v2\/categories?post=22700"},{"taxonomy":"post_tag","embeddable":true,"href":"https:\/\/iraurgiberritzen.eus\/es\/wp-json\/wp\/v2\/tags?post=22700"}],"curies":[{"name":"wp","href":"https:\/\/api.w.org\/{rel}","templated":true}]}}