{"id":22714,"date":"2025-02-27T15:50:49","date_gmt":"2025-02-27T13:50:49","guid":{"rendered":"https:\/\/iraurgiberritzen.eus\/?p=22714"},"modified":"2025-02-27T16:14:27","modified_gmt":"2025-02-27T14:14:27","slug":"iraurgi-berritzen-eta-ziurek-eskualdeko-enpresetako-it-arduradunekin-batera-bigilantzia-teknologikoa-hizpide-zibersegurtasun-arloan","status":"publish","type":"post","link":"https:\/\/iraurgiberritzen.eus\/es\/iraurgi-berritzen-eta-ziurek-eskualdeko-enpresetako-it-arduradunekin-batera-bigilantzia-teknologikoa-hizpide-zibersegurtasun-arloan\/","title":{"rendered":"Iraurgi Berritzen y ZIUR junto a los responsables IT de las empresas de la  comarca abordan la vigilancia tecnol\u00f3gica en ciberseguridad"},"content":{"rendered":"<p><span data-contrast=\"auto\">Este jueves 27 de febrero, Iraurgi Berritzen, en colaboraci\u00f3n con ZIUR, el Centro de Ciberseguridad Industrial de Gipuzkoa, ha reunido a los responsables IT de 11 empresas de la comarca en una sesi\u00f3n de trabajo centrada en la vigilancia tecnol\u00f3gica aplicada a la ciberseguridad. El objetivo ha sido analizar las tendencias actuales y futuras, as\u00ed como compartir estrategias y experiencias para fortalecer la protecci\u00f3n de los entornos digitales empresariales.<\/span><span data-ccp-props=\"{&quot;134233117&quot;:true,&quot;134233118&quot;:true,&quot;201341983&quot;:0,&quot;335551550&quot;:6,&quot;335551620&quot;:6,&quot;335559740&quot;:240}\">\u00a0<\/span><\/p>\n<p><span data-contrast=\"auto\">Durante la sesi\u00f3n, se han presentado las tendencias tecnol\u00f3gicas m\u00e1s relevantes en ciberseguridad, abordando su estado actual y proyecci\u00f3n de futuro. Asimismo, se han expuesto criterios estrat\u00e9gicos, prioridades de inversi\u00f3n y recursos clave empleados por los departamentos IT para garantizar la ciberseguridad. A continuaci\u00f3n, se ha abierto un debate para compartir experiencias reales y contrastar la realidad con las necesidades y capacidades de los departamentos y equipos IT.<\/span><span data-ccp-props=\"{&quot;134233117&quot;:true,&quot;134233118&quot;:true,&quot;201341983&quot;:0,&quot;335551550&quot;:6,&quot;335551620&quot;:6,&quot;335559740&quot;:240}\">\u00a0<\/span><\/p>\n<p><span data-contrast=\"auto\">Adem\u00e1s, mediante una din\u00e1mica participativa, se han identificado las l\u00edneas de actuaci\u00f3n prioritarias en ciberseguridad que este grupo de responsables IT trabajar\u00e1 en las pr\u00f3ximas sesiones.<\/span><span data-ccp-props=\"{&quot;134233117&quot;:true,&quot;134233118&quot;:true,&quot;201341983&quot;:0,&quot;335551550&quot;:6,&quot;335551620&quot;:6,&quot;335559740&quot;:240}\">\u00a0<\/span><\/p>\n","protected":false},"excerpt":{"rendered":"<p>Este jueves 27 de febrero, Iraurgi Berritzen, en colaboraci\u00f3n con ZIUR, el Centro de Ciberseguridad Industrial de Gipuzkoa, ha reunido a los responsables IT de 11 empresas de la comarca en una sesi\u00f3n de trabajo centrada en la vigilancia tecnol\u00f3gica aplicada a la ciberseguridad. El objetivo ha sido analizar las tendencias actuales y futuras, as\u00ed [&hellip;]<\/p>\n","protected":false},"author":4,"featured_media":22712,"comment_status":"closed","ping_status":"closed","sticky":false,"template":"","format":"standard","meta":{"_acf_changed":false,"footnotes":""},"categories":[4],"tags":[],"class_list":["post-22714","post","type-post","status-publish","format-standard","has-post-thumbnail","hentry","category-noticias","arloak-enpresa"],"acf":[],"yoast_head":"<!-- This site is optimized with the Yoast SEO plugin v27.4 - https:\/\/yoast.com\/product\/yoast-seo-wordpress\/ -->\n<title>Iraurgi Berritzen y ZIUR junto a los responsables IT de las empresas de la comarca abordan la vigilancia tecnol\u00f3gica en ciberseguridad - Iraurgi Berritzen<\/title>\n<meta name=\"robots\" content=\"index, follow, max-snippet:-1, max-image-preview:large, max-video-preview:-1\" \/>\n<link rel=\"canonical\" href=\"https:\/\/iraurgiberritzen.eus\/es\/iraurgi-berritzen-eta-ziurek-eskualdeko-enpresetako-it-arduradunekin-batera-bigilantzia-teknologikoa-hizpide-zibersegurtasun-arloan\/\" \/>\n<meta property=\"og:locale\" content=\"es_ES\" \/>\n<meta property=\"og:type\" content=\"article\" \/>\n<meta property=\"og:title\" content=\"Iraurgi Berritzen y ZIUR junto a los responsables IT de las empresas de la comarca abordan la vigilancia tecnol\u00f3gica en ciberseguridad - Iraurgi Berritzen\" \/>\n<meta property=\"og:description\" content=\"Este jueves 27 de febrero, Iraurgi Berritzen, en colaboraci\u00f3n con ZIUR, el Centro de Ciberseguridad Industrial de Gipuzkoa, ha reunido a los responsables IT de 11 empresas de la comarca en una sesi\u00f3n de trabajo centrada en la vigilancia tecnol\u00f3gica aplicada a la ciberseguridad. El objetivo ha sido analizar las tendencias actuales y futuras, as\u00ed [&hellip;]\" \/>\n<meta property=\"og:url\" content=\"https:\/\/iraurgiberritzen.eus\/es\/iraurgi-berritzen-eta-ziurek-eskualdeko-enpresetako-it-arduradunekin-batera-bigilantzia-teknologikoa-hizpide-zibersegurtasun-arloan\/\" \/>\n<meta property=\"og:site_name\" content=\"Iraurgi Berritzen\" \/>\n<meta property=\"article:published_time\" content=\"2025-02-27T13:50:49+00:00\" \/>\n<meta property=\"article:modified_time\" content=\"2025-02-27T14:14:27+00:00\" \/>\n<meta property=\"og:image\" content=\"https:\/\/iraurgiberritzen.eus\/wp-content\/uploads\/2025\/02\/PXL_20250227_080514290.MP-1-scaled.jpg\" \/>\n\t<meta property=\"og:image:width\" content=\"2560\" \/>\n\t<meta property=\"og:image:height\" content=\"1922\" \/>\n\t<meta property=\"og:image:type\" content=\"image\/jpeg\" \/>\n<meta name=\"author\" content=\"ainara\" \/>\n<meta name=\"twitter:card\" content=\"summary_large_image\" \/>\n<meta name=\"twitter:label1\" content=\"Escrito por\" \/>\n\t<meta name=\"twitter:data1\" content=\"ainara\" \/>\n\t<meta name=\"twitter:label2\" content=\"Tiempo de lectura\" \/>\n\t<meta name=\"twitter:data2\" content=\"2 minutos\" \/>\n<script type=\"application\/ld+json\" class=\"yoast-schema-graph\">{\"@context\":\"https:\\\/\\\/schema.org\",\"@graph\":[{\"@type\":\"Article\",\"@id\":\"https:\\\/\\\/iraurgiberritzen.eus\\\/es\\\/iraurgi-berritzen-eta-ziurek-eskualdeko-enpresetako-it-arduradunekin-batera-bigilantzia-teknologikoa-hizpide-zibersegurtasun-arloan\\\/#article\",\"isPartOf\":{\"@id\":\"https:\\\/\\\/iraurgiberritzen.eus\\\/es\\\/iraurgi-berritzen-eta-ziurek-eskualdeko-enpresetako-it-arduradunekin-batera-bigilantzia-teknologikoa-hizpide-zibersegurtasun-arloan\\\/\"},\"author\":{\"name\":\"ainara\",\"@id\":\"https:\\\/\\\/iraurgiberritzen.eus\\\/es\\\/#\\\/schema\\\/person\\\/a32c9825b3e2bfcbe757a97f6a15c8a5\"},\"headline\":\"Iraurgi Berritzen y ZIUR junto a los responsables IT de las empresas de la comarca abordan la vigilancia tecnol\u00f3gica en ciberseguridad\",\"datePublished\":\"2025-02-27T13:50:49+00:00\",\"dateModified\":\"2025-02-27T14:14:27+00:00\",\"mainEntityOfPage\":{\"@id\":\"https:\\\/\\\/iraurgiberritzen.eus\\\/es\\\/iraurgi-berritzen-eta-ziurek-eskualdeko-enpresetako-it-arduradunekin-batera-bigilantzia-teknologikoa-hizpide-zibersegurtasun-arloan\\\/\"},\"wordCount\":199,\"publisher\":{\"@id\":\"https:\\\/\\\/iraurgiberritzen.eus\\\/es\\\/#organization\"},\"image\":{\"@id\":\"https:\\\/\\\/iraurgiberritzen.eus\\\/es\\\/iraurgi-berritzen-eta-ziurek-eskualdeko-enpresetako-it-arduradunekin-batera-bigilantzia-teknologikoa-hizpide-zibersegurtasun-arloan\\\/#primaryimage\"},\"thumbnailUrl\":\"https:\\\/\\\/iraurgiberritzen.eus\\\/wp-content\\\/uploads\\\/2025\\\/02\\\/PXL_20250227_080514290.MP-1-scaled.jpg\",\"articleSection\":[\"Noticias\"],\"inLanguage\":\"es\"},{\"@type\":\"WebPage\",\"@id\":\"https:\\\/\\\/iraurgiberritzen.eus\\\/es\\\/iraurgi-berritzen-eta-ziurek-eskualdeko-enpresetako-it-arduradunekin-batera-bigilantzia-teknologikoa-hizpide-zibersegurtasun-arloan\\\/\",\"url\":\"https:\\\/\\\/iraurgiberritzen.eus\\\/es\\\/iraurgi-berritzen-eta-ziurek-eskualdeko-enpresetako-it-arduradunekin-batera-bigilantzia-teknologikoa-hizpide-zibersegurtasun-arloan\\\/\",\"name\":\"Iraurgi Berritzen y ZIUR junto a los responsables IT de las empresas de la comarca abordan la vigilancia tecnol\u00f3gica en ciberseguridad - Iraurgi Berritzen\",\"isPartOf\":{\"@id\":\"https:\\\/\\\/iraurgiberritzen.eus\\\/es\\\/#website\"},\"primaryImageOfPage\":{\"@id\":\"https:\\\/\\\/iraurgiberritzen.eus\\\/es\\\/iraurgi-berritzen-eta-ziurek-eskualdeko-enpresetako-it-arduradunekin-batera-bigilantzia-teknologikoa-hizpide-zibersegurtasun-arloan\\\/#primaryimage\"},\"image\":{\"@id\":\"https:\\\/\\\/iraurgiberritzen.eus\\\/es\\\/iraurgi-berritzen-eta-ziurek-eskualdeko-enpresetako-it-arduradunekin-batera-bigilantzia-teknologikoa-hizpide-zibersegurtasun-arloan\\\/#primaryimage\"},\"thumbnailUrl\":\"https:\\\/\\\/iraurgiberritzen.eus\\\/wp-content\\\/uploads\\\/2025\\\/02\\\/PXL_20250227_080514290.MP-1-scaled.jpg\",\"datePublished\":\"2025-02-27T13:50:49+00:00\",\"dateModified\":\"2025-02-27T14:14:27+00:00\",\"breadcrumb\":{\"@id\":\"https:\\\/\\\/iraurgiberritzen.eus\\\/es\\\/iraurgi-berritzen-eta-ziurek-eskualdeko-enpresetako-it-arduradunekin-batera-bigilantzia-teknologikoa-hizpide-zibersegurtasun-arloan\\\/#breadcrumb\"},\"inLanguage\":\"es\",\"potentialAction\":[{\"@type\":\"ReadAction\",\"target\":[\"https:\\\/\\\/iraurgiberritzen.eus\\\/es\\\/iraurgi-berritzen-eta-ziurek-eskualdeko-enpresetako-it-arduradunekin-batera-bigilantzia-teknologikoa-hizpide-zibersegurtasun-arloan\\\/\"]}]},{\"@type\":\"ImageObject\",\"inLanguage\":\"es\",\"@id\":\"https:\\\/\\\/iraurgiberritzen.eus\\\/es\\\/iraurgi-berritzen-eta-ziurek-eskualdeko-enpresetako-it-arduradunekin-batera-bigilantzia-teknologikoa-hizpide-zibersegurtasun-arloan\\\/#primaryimage\",\"url\":\"https:\\\/\\\/iraurgiberritzen.eus\\\/wp-content\\\/uploads\\\/2025\\\/02\\\/PXL_20250227_080514290.MP-1-scaled.jpg\",\"contentUrl\":\"https:\\\/\\\/iraurgiberritzen.eus\\\/wp-content\\\/uploads\\\/2025\\\/02\\\/PXL_20250227_080514290.MP-1-scaled.jpg\",\"width\":2560,\"height\":1922},{\"@type\":\"BreadcrumbList\",\"@id\":\"https:\\\/\\\/iraurgiberritzen.eus\\\/es\\\/iraurgi-berritzen-eta-ziurek-eskualdeko-enpresetako-it-arduradunekin-batera-bigilantzia-teknologikoa-hizpide-zibersegurtasun-arloan\\\/#breadcrumb\",\"itemListElement\":[{\"@type\":\"ListItem\",\"position\":1,\"name\":\"Home\",\"item\":\"https:\\\/\\\/iraurgiberritzen.eus\\\/es\\\/\"},{\"@type\":\"ListItem\",\"position\":2,\"name\":\"Iraurgi Berritzen y ZIUR junto a los responsables IT de las empresas de la comarca abordan la vigilancia tecnol\u00f3gica en ciberseguridad\"}]},{\"@type\":\"WebSite\",\"@id\":\"https:\\\/\\\/iraurgiberritzen.eus\\\/es\\\/#website\",\"url\":\"https:\\\/\\\/iraurgiberritzen.eus\\\/es\\\/\",\"name\":\"Iraurgi Berritzen\",\"description\":\"Urola Erdiko Garapen Agentzia\",\"publisher\":{\"@id\":\"https:\\\/\\\/iraurgiberritzen.eus\\\/es\\\/#organization\"},\"potentialAction\":[{\"@type\":\"SearchAction\",\"target\":{\"@type\":\"EntryPoint\",\"urlTemplate\":\"https:\\\/\\\/iraurgiberritzen.eus\\\/es\\\/?s={search_term_string}\"},\"query-input\":{\"@type\":\"PropertyValueSpecification\",\"valueRequired\":true,\"valueName\":\"search_term_string\"}}],\"inLanguage\":\"es\"},{\"@type\":\"Organization\",\"@id\":\"https:\\\/\\\/iraurgiberritzen.eus\\\/es\\\/#organization\",\"name\":\"Iraurgi Berritzen\",\"url\":\"https:\\\/\\\/iraurgiberritzen.eus\\\/es\\\/\",\"logo\":{\"@type\":\"ImageObject\",\"inLanguage\":\"es\",\"@id\":\"https:\\\/\\\/iraurgiberritzen.eus\\\/es\\\/#\\\/schema\\\/logo\\\/image\\\/\",\"url\":\"https:\\\/\\\/iraurgiberritzen.eus\\\/wp-content\\\/uploads\\\/2024\\\/02\\\/IRAURGI-BERRITZEN-logotipoa_2.png\",\"contentUrl\":\"https:\\\/\\\/iraurgiberritzen.eus\\\/wp-content\\\/uploads\\\/2024\\\/02\\\/IRAURGI-BERRITZEN-logotipoa_2.png\",\"width\":496,\"height\":190,\"caption\":\"Iraurgi Berritzen\"},\"image\":{\"@id\":\"https:\\\/\\\/iraurgiberritzen.eus\\\/es\\\/#\\\/schema\\\/logo\\\/image\\\/\"}},{\"@type\":\"Person\",\"@id\":\"https:\\\/\\\/iraurgiberritzen.eus\\\/es\\\/#\\\/schema\\\/person\\\/a32c9825b3e2bfcbe757a97f6a15c8a5\",\"name\":\"ainara\"}]}<\/script>\n<!-- \/ Yoast SEO plugin. -->","yoast_head_json":{"title":"Iraurgi Berritzen y ZIUR junto a los responsables IT de las empresas de la comarca abordan la vigilancia tecnol\u00f3gica en ciberseguridad - Iraurgi Berritzen","robots":{"index":"index","follow":"follow","max-snippet":"max-snippet:-1","max-image-preview":"max-image-preview:large","max-video-preview":"max-video-preview:-1"},"canonical":"https:\/\/iraurgiberritzen.eus\/es\/iraurgi-berritzen-eta-ziurek-eskualdeko-enpresetako-it-arduradunekin-batera-bigilantzia-teknologikoa-hizpide-zibersegurtasun-arloan\/","og_locale":"es_ES","og_type":"article","og_title":"Iraurgi Berritzen y ZIUR junto a los responsables IT de las empresas de la comarca abordan la vigilancia tecnol\u00f3gica en ciberseguridad - Iraurgi Berritzen","og_description":"Este jueves 27 de febrero, Iraurgi Berritzen, en colaboraci\u00f3n con ZIUR, el Centro de Ciberseguridad Industrial de Gipuzkoa, ha reunido a los responsables IT de 11 empresas de la comarca en una sesi\u00f3n de trabajo centrada en la vigilancia tecnol\u00f3gica aplicada a la ciberseguridad. El objetivo ha sido analizar las tendencias actuales y futuras, as\u00ed [&hellip;]","og_url":"https:\/\/iraurgiberritzen.eus\/es\/iraurgi-berritzen-eta-ziurek-eskualdeko-enpresetako-it-arduradunekin-batera-bigilantzia-teknologikoa-hizpide-zibersegurtasun-arloan\/","og_site_name":"Iraurgi Berritzen","article_published_time":"2025-02-27T13:50:49+00:00","article_modified_time":"2025-02-27T14:14:27+00:00","og_image":[{"width":2560,"height":1922,"url":"https:\/\/iraurgiberritzen.eus\/wp-content\/uploads\/2025\/02\/PXL_20250227_080514290.MP-1-scaled.jpg","type":"image\/jpeg"}],"author":"ainara","twitter_card":"summary_large_image","twitter_misc":{"Escrito por":"ainara","Tiempo de lectura":"2 minutos"},"schema":{"@context":"https:\/\/schema.org","@graph":[{"@type":"Article","@id":"https:\/\/iraurgiberritzen.eus\/es\/iraurgi-berritzen-eta-ziurek-eskualdeko-enpresetako-it-arduradunekin-batera-bigilantzia-teknologikoa-hizpide-zibersegurtasun-arloan\/#article","isPartOf":{"@id":"https:\/\/iraurgiberritzen.eus\/es\/iraurgi-berritzen-eta-ziurek-eskualdeko-enpresetako-it-arduradunekin-batera-bigilantzia-teknologikoa-hizpide-zibersegurtasun-arloan\/"},"author":{"name":"ainara","@id":"https:\/\/iraurgiberritzen.eus\/es\/#\/schema\/person\/a32c9825b3e2bfcbe757a97f6a15c8a5"},"headline":"Iraurgi Berritzen y ZIUR junto a los responsables IT de las empresas de la comarca abordan la vigilancia tecnol\u00f3gica en ciberseguridad","datePublished":"2025-02-27T13:50:49+00:00","dateModified":"2025-02-27T14:14:27+00:00","mainEntityOfPage":{"@id":"https:\/\/iraurgiberritzen.eus\/es\/iraurgi-berritzen-eta-ziurek-eskualdeko-enpresetako-it-arduradunekin-batera-bigilantzia-teknologikoa-hizpide-zibersegurtasun-arloan\/"},"wordCount":199,"publisher":{"@id":"https:\/\/iraurgiberritzen.eus\/es\/#organization"},"image":{"@id":"https:\/\/iraurgiberritzen.eus\/es\/iraurgi-berritzen-eta-ziurek-eskualdeko-enpresetako-it-arduradunekin-batera-bigilantzia-teknologikoa-hizpide-zibersegurtasun-arloan\/#primaryimage"},"thumbnailUrl":"https:\/\/iraurgiberritzen.eus\/wp-content\/uploads\/2025\/02\/PXL_20250227_080514290.MP-1-scaled.jpg","articleSection":["Noticias"],"inLanguage":"es"},{"@type":"WebPage","@id":"https:\/\/iraurgiberritzen.eus\/es\/iraurgi-berritzen-eta-ziurek-eskualdeko-enpresetako-it-arduradunekin-batera-bigilantzia-teknologikoa-hizpide-zibersegurtasun-arloan\/","url":"https:\/\/iraurgiberritzen.eus\/es\/iraurgi-berritzen-eta-ziurek-eskualdeko-enpresetako-it-arduradunekin-batera-bigilantzia-teknologikoa-hizpide-zibersegurtasun-arloan\/","name":"Iraurgi Berritzen y ZIUR junto a los responsables IT de las empresas de la comarca abordan la vigilancia tecnol\u00f3gica en ciberseguridad - Iraurgi Berritzen","isPartOf":{"@id":"https:\/\/iraurgiberritzen.eus\/es\/#website"},"primaryImageOfPage":{"@id":"https:\/\/iraurgiberritzen.eus\/es\/iraurgi-berritzen-eta-ziurek-eskualdeko-enpresetako-it-arduradunekin-batera-bigilantzia-teknologikoa-hizpide-zibersegurtasun-arloan\/#primaryimage"},"image":{"@id":"https:\/\/iraurgiberritzen.eus\/es\/iraurgi-berritzen-eta-ziurek-eskualdeko-enpresetako-it-arduradunekin-batera-bigilantzia-teknologikoa-hizpide-zibersegurtasun-arloan\/#primaryimage"},"thumbnailUrl":"https:\/\/iraurgiberritzen.eus\/wp-content\/uploads\/2025\/02\/PXL_20250227_080514290.MP-1-scaled.jpg","datePublished":"2025-02-27T13:50:49+00:00","dateModified":"2025-02-27T14:14:27+00:00","breadcrumb":{"@id":"https:\/\/iraurgiberritzen.eus\/es\/iraurgi-berritzen-eta-ziurek-eskualdeko-enpresetako-it-arduradunekin-batera-bigilantzia-teknologikoa-hizpide-zibersegurtasun-arloan\/#breadcrumb"},"inLanguage":"es","potentialAction":[{"@type":"ReadAction","target":["https:\/\/iraurgiberritzen.eus\/es\/iraurgi-berritzen-eta-ziurek-eskualdeko-enpresetako-it-arduradunekin-batera-bigilantzia-teknologikoa-hizpide-zibersegurtasun-arloan\/"]}]},{"@type":"ImageObject","inLanguage":"es","@id":"https:\/\/iraurgiberritzen.eus\/es\/iraurgi-berritzen-eta-ziurek-eskualdeko-enpresetako-it-arduradunekin-batera-bigilantzia-teknologikoa-hizpide-zibersegurtasun-arloan\/#primaryimage","url":"https:\/\/iraurgiberritzen.eus\/wp-content\/uploads\/2025\/02\/PXL_20250227_080514290.MP-1-scaled.jpg","contentUrl":"https:\/\/iraurgiberritzen.eus\/wp-content\/uploads\/2025\/02\/PXL_20250227_080514290.MP-1-scaled.jpg","width":2560,"height":1922},{"@type":"BreadcrumbList","@id":"https:\/\/iraurgiberritzen.eus\/es\/iraurgi-berritzen-eta-ziurek-eskualdeko-enpresetako-it-arduradunekin-batera-bigilantzia-teknologikoa-hizpide-zibersegurtasun-arloan\/#breadcrumb","itemListElement":[{"@type":"ListItem","position":1,"name":"Home","item":"https:\/\/iraurgiberritzen.eus\/es\/"},{"@type":"ListItem","position":2,"name":"Iraurgi Berritzen y ZIUR junto a los responsables IT de las empresas de la comarca abordan la vigilancia tecnol\u00f3gica en ciberseguridad"}]},{"@type":"WebSite","@id":"https:\/\/iraurgiberritzen.eus\/es\/#website","url":"https:\/\/iraurgiberritzen.eus\/es\/","name":"Iraurgi Berritzen","description":"Urola Erdiko Garapen Agentzia","publisher":{"@id":"https:\/\/iraurgiberritzen.eus\/es\/#organization"},"potentialAction":[{"@type":"SearchAction","target":{"@type":"EntryPoint","urlTemplate":"https:\/\/iraurgiberritzen.eus\/es\/?s={search_term_string}"},"query-input":{"@type":"PropertyValueSpecification","valueRequired":true,"valueName":"search_term_string"}}],"inLanguage":"es"},{"@type":"Organization","@id":"https:\/\/iraurgiberritzen.eus\/es\/#organization","name":"Iraurgi Berritzen","url":"https:\/\/iraurgiberritzen.eus\/es\/","logo":{"@type":"ImageObject","inLanguage":"es","@id":"https:\/\/iraurgiberritzen.eus\/es\/#\/schema\/logo\/image\/","url":"https:\/\/iraurgiberritzen.eus\/wp-content\/uploads\/2024\/02\/IRAURGI-BERRITZEN-logotipoa_2.png","contentUrl":"https:\/\/iraurgiberritzen.eus\/wp-content\/uploads\/2024\/02\/IRAURGI-BERRITZEN-logotipoa_2.png","width":496,"height":190,"caption":"Iraurgi Berritzen"},"image":{"@id":"https:\/\/iraurgiberritzen.eus\/es\/#\/schema\/logo\/image\/"}},{"@type":"Person","@id":"https:\/\/iraurgiberritzen.eus\/es\/#\/schema\/person\/a32c9825b3e2bfcbe757a97f6a15c8a5","name":"ainara"}]}},"_links":{"self":[{"href":"https:\/\/iraurgiberritzen.eus\/es\/wp-json\/wp\/v2\/posts\/22714","targetHints":{"allow":["GET"]}}],"collection":[{"href":"https:\/\/iraurgiberritzen.eus\/es\/wp-json\/wp\/v2\/posts"}],"about":[{"href":"https:\/\/iraurgiberritzen.eus\/es\/wp-json\/wp\/v2\/types\/post"}],"author":[{"embeddable":true,"href":"https:\/\/iraurgiberritzen.eus\/es\/wp-json\/wp\/v2\/users\/4"}],"replies":[{"embeddable":true,"href":"https:\/\/iraurgiberritzen.eus\/es\/wp-json\/wp\/v2\/comments?post=22714"}],"version-history":[{"count":4,"href":"https:\/\/iraurgiberritzen.eus\/es\/wp-json\/wp\/v2\/posts\/22714\/revisions"}],"predecessor-version":[{"id":22718,"href":"https:\/\/iraurgiberritzen.eus\/es\/wp-json\/wp\/v2\/posts\/22714\/revisions\/22718"}],"wp:featuredmedia":[{"embeddable":true,"href":"https:\/\/iraurgiberritzen.eus\/es\/wp-json\/wp\/v2\/media\/22712"}],"wp:attachment":[{"href":"https:\/\/iraurgiberritzen.eus\/es\/wp-json\/wp\/v2\/media?parent=22714"}],"wp:term":[{"taxonomy":"category","embeddable":true,"href":"https:\/\/iraurgiberritzen.eus\/es\/wp-json\/wp\/v2\/categories?post=22714"},{"taxonomy":"post_tag","embeddable":true,"href":"https:\/\/iraurgiberritzen.eus\/es\/wp-json\/wp\/v2\/tags?post=22714"}],"curies":[{"name":"wp","href":"https:\/\/api.w.org\/{rel}","templated":true}]}}