{"id":22734,"date":"2025-03-07T11:36:30","date_gmt":"2025-03-07T09:36:30","guid":{"rendered":"https:\/\/iraurgiberritzen.eus\/?p=22734"},"modified":"2025-03-07T11:37:54","modified_gmt":"2025-03-07T09:37:54","slug":"saltokitik-enpresara-2025-el-comercio-que-avanza","status":"publish","type":"post","link":"https:\/\/iraurgiberritzen.eus\/es\/saltokitik-enpresara-2025-el-comercio-que-avanza\/","title":{"rendered":"Saltokitik Enpresara 2025. El comercio que avanza"},"content":{"rendered":"<p><span data-contrast=\"auto\">Este a\u00f1o vuelve Saltokitik enpresara. Programa impulsado por el Departamento de Comercio, Consumo y Turismo del Gobierno Vasco y financiado al 100%\u00a0 (Servicio sin coste para los comercios) . El objetivo del programa es el asesoramiento experto dirigido a establecimientos con actividad comercial, de la mano de Euskalit.\u00a0<\/span><span data-ccp-props=\"{&quot;134233117&quot;:false,&quot;134233118&quot;:false,&quot;201341983&quot;:0,&quot;335551550&quot;:6,&quot;335551620&quot;:6,&quot;335559685&quot;:0,&quot;335559737&quot;:0,&quot;335559738&quot;:0,&quot;335559739&quot;:160,&quot;335559740&quot;:259}\">\u00a0<\/span><\/p>\n<p><span data-contrast=\"auto\">\u00bfEn qu\u00e9 se basa el programa? Asesoramiento experto en la introducci\u00f3n de mejoras en la gesti\u00f3n y competitividad del comercio, con aplicaciones reales. \u00bfQu\u00e9 se trabaja en \u00e9l? Fotograf\u00eda del establecimiento con respecto a la clientela, la competencia, el mercado, herramientas de gesti\u00f3n (gesti\u00f3n econ\u00f3mica, compras) y planificaci\u00f3n.<\/span><span data-ccp-props=\"{&quot;134233117&quot;:false,&quot;134233118&quot;:false,&quot;201341983&quot;:0,&quot;335551550&quot;:6,&quot;335551620&quot;:6,&quot;335559685&quot;:0,&quot;335559737&quot;:0,&quot;335559738&quot;:0,&quot;335559739&quot;:160,&quot;335559740&quot;:259}\">\u00a0<\/span><\/p>\n<p><span data-contrast=\"auto\">\u00bfC\u00f3mo se estructura el programa? Sesiones individuales en cada establecimiento y sesiones de trabajo grupales, adaptadas al horario de los comercios.<\/span><span data-ccp-props=\"{&quot;134233117&quot;:false,&quot;134233118&quot;:false,&quot;201341983&quot;:0,&quot;335551550&quot;:6,&quot;335551620&quot;:6,&quot;335559685&quot;:0,&quot;335559737&quot;:0,&quot;335559738&quot;:0,&quot;335559739&quot;:160,&quot;335559740&quot;:259}\">\u00a0<\/span><\/p>\n<p><span data-contrast=\"auto\">Si quieres conocerlo, ac\u00e9rcate a la presentaci\u00f3n que se realizar\u00e1 el <strong>13 de marzo en la primera planta de la plaza del mercado de Azpeitia. La sesi\u00f3n comenzar\u00e1 a las 15:00 horas<\/strong> y se estructurar\u00e1 de la siguiente manera:<\/span><span data-ccp-props=\"{&quot;134233117&quot;:false,&quot;134233118&quot;:false,&quot;201341983&quot;:0,&quot;335551550&quot;:6,&quot;335551620&quot;:6,&quot;335559685&quot;:0,&quot;335559737&quot;:0,&quot;335559738&quot;:0,&quot;335559739&quot;:160,&quot;335559740&quot;:259}\">\u00a0<\/span><\/p>\n<ul>\n<li data-leveltext=\"\uf0b7\" data-font=\"Symbol\" data-listid=\"5\" data-list-defn-props=\"{&quot;335552541&quot;:1,&quot;335559685&quot;:720,&quot;335559991&quot;:360,&quot;469769226&quot;:&quot;Symbol&quot;,&quot;469769242&quot;:[8226],&quot;469777803&quot;:&quot;left&quot;,&quot;469777804&quot;:&quot;\uf0b7&quot;,&quot;469777815&quot;:&quot;hybridMultilevel&quot;}\" aria-setsize=\"-1\" data-aria-posinset=\"1\" data-aria-level=\"1\"><span data-contrast=\"auto\">15:00 \u2013 15:30 Presentaci\u00f3n de EUSKALIT. Programa \u00abSaltokitik enpresara\u201d.<\/span><span data-ccp-props=\"{&quot;134233117&quot;:false,&quot;134233118&quot;:false,&quot;201341983&quot;:0,&quot;335551550&quot;:6,&quot;335551620&quot;:6,&quot;335559737&quot;:0,&quot;335559738&quot;:0,&quot;335559739&quot;:160,&quot;335559740&quot;:259}\">\u00a0<\/span><\/li>\n<\/ul>\n<ul>\n<li data-leveltext=\"\uf0b7\" data-font=\"Symbol\" data-listid=\"5\" data-list-defn-props=\"{&quot;335552541&quot;:1,&quot;335559685&quot;:720,&quot;335559991&quot;:360,&quot;469769226&quot;:&quot;Symbol&quot;,&quot;469769242&quot;:[8226],&quot;469777803&quot;:&quot;left&quot;,&quot;469777804&quot;:&quot;\uf0b7&quot;,&quot;469777815&quot;:&quot;hybridMultilevel&quot;}\" aria-setsize=\"-1\" data-aria-posinset=\"2\" data-aria-level=\"1\"><span data-contrast=\"auto\">15:30 a 16:00 horas. Buenas pr\u00e1cticas. Participaran comercios de ediciones anteriores.<\/span><span data-ccp-props=\"{&quot;134233117&quot;:false,&quot;134233118&quot;:false,&quot;201341983&quot;:0,&quot;335551550&quot;:6,&quot;335551620&quot;:6,&quot;335559737&quot;:0,&quot;335559738&quot;:0,&quot;335559739&quot;:160,&quot;335559740&quot;:259}\">\u00a0<\/span><\/li>\n<\/ul>\n<p><span data-contrast=\"auto\">\u00a0<\/span><span data-ccp-props=\"{&quot;134233117&quot;:false,&quot;134233118&quot;:false,&quot;201341983&quot;:0,&quot;335551550&quot;:6,&quot;335551620&quot;:6,&quot;335559685&quot;:0,&quot;335559737&quot;:0,&quot;335559738&quot;:0,&quot;335559739&quot;:160,&quot;335559740&quot;:259}\">\u00a0<\/span><span data-contrast=\"auto\">Si est\u00e1s interesado en participar, contacta con tu asociaci\u00f3n o si no eres miembro, con Iraurgi Berritzen.\u00a0<\/span><span data-ccp-props=\"{&quot;134233117&quot;:false,&quot;134233118&quot;:false,&quot;201341983&quot;:0,&quot;335551550&quot;:6,&quot;335551620&quot;:6,&quot;335559685&quot;:0,&quot;335559737&quot;:0,&quot;335559738&quot;:0,&quot;335559739&quot;:160,&quot;335559740&quot;:259}\">\u00a0<\/span><\/p>\n<p><span data-contrast=\"auto\">Personas de contacto: Herrixen, Asociaci\u00f3n de comerciantes de Azkoitia &#8211; Sara Rodriguez 608313024, Bertan, Asociaci\u00f3n de comerciantes de Azpeitia- Xabier Aldalur 68823944, Iraurgi Berritzen, Agencia de desarrollo comarcal &#8211; Alazne Larra\u00f1aga 688718777.<\/span><span data-ccp-props=\"{&quot;134233117&quot;:false,&quot;134233118&quot;:false,&quot;201341983&quot;:0,&quot;335551550&quot;:6,&quot;335551620&quot;:6,&quot;335559685&quot;:0,&quot;335559737&quot;:0,&quot;335559738&quot;:0,&quot;335559739&quot;:160,&quot;335559740&quot;:259}\">\u00a0<\/span><\/p>\n","protected":false},"excerpt":{"rendered":"<p>Este a\u00f1o vuelve Saltokitik enpresara. Programa impulsado por el Departamento de Comercio, Consumo y Turismo del Gobierno Vasco y financiado al 100%\u00a0 (Servicio sin coste para los comercios) . El objetivo del programa es el asesoramiento experto dirigido a establecimientos con actividad comercial, de la mano de Euskalit.\u00a0\u00a0 \u00bfEn qu\u00e9 se basa el programa? Asesoramiento [&hellip;]<\/p>\n","protected":false},"author":4,"featured_media":20229,"comment_status":"closed","ping_status":"closed","sticky":false,"template":"","format":"standard","meta":{"_acf_changed":false,"footnotes":""},"categories":[4],"tags":[],"class_list":["post-22734","post","type-post","status-publish","format-standard","has-post-thumbnail","hentry","category-noticias","arloak-comercio"],"acf":[],"yoast_head":"<!-- This site is optimized with the Yoast SEO plugin v27.4 - https:\/\/yoast.com\/product\/yoast-seo-wordpress\/ -->\n<title>Saltokitik Enpresara 2025. El comercio que avanza - Iraurgi Berritzen<\/title>\n<meta name=\"robots\" content=\"index, follow, max-snippet:-1, max-image-preview:large, max-video-preview:-1\" \/>\n<link rel=\"canonical\" href=\"https:\/\/iraurgiberritzen.eus\/es\/saltokitik-enpresara-2025-el-comercio-que-avanza\/\" \/>\n<meta property=\"og:locale\" content=\"es_ES\" \/>\n<meta property=\"og:type\" content=\"article\" \/>\n<meta property=\"og:title\" content=\"Saltokitik Enpresara 2025. El comercio que avanza - Iraurgi Berritzen\" \/>\n<meta property=\"og:description\" content=\"Este a\u00f1o vuelve Saltokitik enpresara. Programa impulsado por el Departamento de Comercio, Consumo y Turismo del Gobierno Vasco y financiado al 100%\u00a0 (Servicio sin coste para los comercios) . El objetivo del programa es el asesoramiento experto dirigido a establecimientos con actividad comercial, de la mano de Euskalit.\u00a0\u00a0 \u00bfEn qu\u00e9 se basa el programa? Asesoramiento [&hellip;]\" \/>\n<meta property=\"og:url\" content=\"https:\/\/iraurgiberritzen.eus\/es\/saltokitik-enpresara-2025-el-comercio-que-avanza\/\" \/>\n<meta property=\"og:site_name\" content=\"Iraurgi Berritzen\" \/>\n<meta property=\"article:published_time\" content=\"2025-03-07T09:36:30+00:00\" \/>\n<meta property=\"article:modified_time\" content=\"2025-03-07T09:37:54+00:00\" \/>\n<meta property=\"og:image\" content=\"https:\/\/iraurgiberritzen.eus\/wp-content\/uploads\/2024\/05\/saltokitik-enpresara-2.png\" \/>\n\t<meta property=\"og:image:width\" content=\"700\" \/>\n\t<meta property=\"og:image:height\" content=\"500\" \/>\n\t<meta property=\"og:image:type\" content=\"image\/png\" \/>\n<meta name=\"author\" content=\"ainara\" \/>\n<meta name=\"twitter:card\" content=\"summary_large_image\" \/>\n<meta name=\"twitter:label1\" content=\"Escrito por\" \/>\n\t<meta name=\"twitter:data1\" content=\"ainara\" \/>\n\t<meta name=\"twitter:label2\" content=\"Tiempo de lectura\" \/>\n\t<meta name=\"twitter:data2\" content=\"2 minutos\" \/>\n<script type=\"application\/ld+json\" class=\"yoast-schema-graph\">{\"@context\":\"https:\\\/\\\/schema.org\",\"@graph\":[{\"@type\":\"Article\",\"@id\":\"https:\\\/\\\/iraurgiberritzen.eus\\\/es\\\/saltokitik-enpresara-2025-el-comercio-que-avanza\\\/#article\",\"isPartOf\":{\"@id\":\"https:\\\/\\\/iraurgiberritzen.eus\\\/es\\\/saltokitik-enpresara-2025-el-comercio-que-avanza\\\/\"},\"author\":{\"name\":\"ainara\",\"@id\":\"https:\\\/\\\/iraurgiberritzen.eus\\\/es\\\/#\\\/schema\\\/person\\\/a32c9825b3e2bfcbe757a97f6a15c8a5\"},\"headline\":\"Saltokitik Enpresara 2025. El comercio que avanza\",\"datePublished\":\"2025-03-07T09:36:30+00:00\",\"dateModified\":\"2025-03-07T09:37:54+00:00\",\"mainEntityOfPage\":{\"@id\":\"https:\\\/\\\/iraurgiberritzen.eus\\\/es\\\/saltokitik-enpresara-2025-el-comercio-que-avanza\\\/\"},\"wordCount\":238,\"publisher\":{\"@id\":\"https:\\\/\\\/iraurgiberritzen.eus\\\/es\\\/#organization\"},\"image\":{\"@id\":\"https:\\\/\\\/iraurgiberritzen.eus\\\/es\\\/saltokitik-enpresara-2025-el-comercio-que-avanza\\\/#primaryimage\"},\"thumbnailUrl\":\"https:\\\/\\\/iraurgiberritzen.eus\\\/wp-content\\\/uploads\\\/2024\\\/05\\\/saltokitik-enpresara-2.png\",\"articleSection\":[\"Noticias\"],\"inLanguage\":\"es\"},{\"@type\":\"WebPage\",\"@id\":\"https:\\\/\\\/iraurgiberritzen.eus\\\/es\\\/saltokitik-enpresara-2025-el-comercio-que-avanza\\\/\",\"url\":\"https:\\\/\\\/iraurgiberritzen.eus\\\/es\\\/saltokitik-enpresara-2025-el-comercio-que-avanza\\\/\",\"name\":\"Saltokitik Enpresara 2025. El comercio que avanza - Iraurgi Berritzen\",\"isPartOf\":{\"@id\":\"https:\\\/\\\/iraurgiberritzen.eus\\\/es\\\/#website\"},\"primaryImageOfPage\":{\"@id\":\"https:\\\/\\\/iraurgiberritzen.eus\\\/es\\\/saltokitik-enpresara-2025-el-comercio-que-avanza\\\/#primaryimage\"},\"image\":{\"@id\":\"https:\\\/\\\/iraurgiberritzen.eus\\\/es\\\/saltokitik-enpresara-2025-el-comercio-que-avanza\\\/#primaryimage\"},\"thumbnailUrl\":\"https:\\\/\\\/iraurgiberritzen.eus\\\/wp-content\\\/uploads\\\/2024\\\/05\\\/saltokitik-enpresara-2.png\",\"datePublished\":\"2025-03-07T09:36:30+00:00\",\"dateModified\":\"2025-03-07T09:37:54+00:00\",\"breadcrumb\":{\"@id\":\"https:\\\/\\\/iraurgiberritzen.eus\\\/es\\\/saltokitik-enpresara-2025-el-comercio-que-avanza\\\/#breadcrumb\"},\"inLanguage\":\"es\",\"potentialAction\":[{\"@type\":\"ReadAction\",\"target\":[\"https:\\\/\\\/iraurgiberritzen.eus\\\/es\\\/saltokitik-enpresara-2025-el-comercio-que-avanza\\\/\"]}]},{\"@type\":\"ImageObject\",\"inLanguage\":\"es\",\"@id\":\"https:\\\/\\\/iraurgiberritzen.eus\\\/es\\\/saltokitik-enpresara-2025-el-comercio-que-avanza\\\/#primaryimage\",\"url\":\"https:\\\/\\\/iraurgiberritzen.eus\\\/wp-content\\\/uploads\\\/2024\\\/05\\\/saltokitik-enpresara-2.png\",\"contentUrl\":\"https:\\\/\\\/iraurgiberritzen.eus\\\/wp-content\\\/uploads\\\/2024\\\/05\\\/saltokitik-enpresara-2.png\",\"width\":700,\"height\":500},{\"@type\":\"BreadcrumbList\",\"@id\":\"https:\\\/\\\/iraurgiberritzen.eus\\\/es\\\/saltokitik-enpresara-2025-el-comercio-que-avanza\\\/#breadcrumb\",\"itemListElement\":[{\"@type\":\"ListItem\",\"position\":1,\"name\":\"Home\",\"item\":\"https:\\\/\\\/iraurgiberritzen.eus\\\/es\\\/\"},{\"@type\":\"ListItem\",\"position\":2,\"name\":\"Saltokitik Enpresara 2025. El comercio que avanza\"}]},{\"@type\":\"WebSite\",\"@id\":\"https:\\\/\\\/iraurgiberritzen.eus\\\/es\\\/#website\",\"url\":\"https:\\\/\\\/iraurgiberritzen.eus\\\/es\\\/\",\"name\":\"Iraurgi Berritzen\",\"description\":\"Urola Erdiko Garapen Agentzia\",\"publisher\":{\"@id\":\"https:\\\/\\\/iraurgiberritzen.eus\\\/es\\\/#organization\"},\"potentialAction\":[{\"@type\":\"SearchAction\",\"target\":{\"@type\":\"EntryPoint\",\"urlTemplate\":\"https:\\\/\\\/iraurgiberritzen.eus\\\/es\\\/?s={search_term_string}\"},\"query-input\":{\"@type\":\"PropertyValueSpecification\",\"valueRequired\":true,\"valueName\":\"search_term_string\"}}],\"inLanguage\":\"es\"},{\"@type\":\"Organization\",\"@id\":\"https:\\\/\\\/iraurgiberritzen.eus\\\/es\\\/#organization\",\"name\":\"Iraurgi Berritzen\",\"url\":\"https:\\\/\\\/iraurgiberritzen.eus\\\/es\\\/\",\"logo\":{\"@type\":\"ImageObject\",\"inLanguage\":\"es\",\"@id\":\"https:\\\/\\\/iraurgiberritzen.eus\\\/es\\\/#\\\/schema\\\/logo\\\/image\\\/\",\"url\":\"https:\\\/\\\/iraurgiberritzen.eus\\\/wp-content\\\/uploads\\\/2024\\\/02\\\/IRAURGI-BERRITZEN-logotipoa_2.png\",\"contentUrl\":\"https:\\\/\\\/iraurgiberritzen.eus\\\/wp-content\\\/uploads\\\/2024\\\/02\\\/IRAURGI-BERRITZEN-logotipoa_2.png\",\"width\":496,\"height\":190,\"caption\":\"Iraurgi Berritzen\"},\"image\":{\"@id\":\"https:\\\/\\\/iraurgiberritzen.eus\\\/es\\\/#\\\/schema\\\/logo\\\/image\\\/\"}},{\"@type\":\"Person\",\"@id\":\"https:\\\/\\\/iraurgiberritzen.eus\\\/es\\\/#\\\/schema\\\/person\\\/a32c9825b3e2bfcbe757a97f6a15c8a5\",\"name\":\"ainara\"}]}<\/script>\n<!-- \/ Yoast SEO plugin. -->","yoast_head_json":{"title":"Saltokitik Enpresara 2025. El comercio que avanza - Iraurgi Berritzen","robots":{"index":"index","follow":"follow","max-snippet":"max-snippet:-1","max-image-preview":"max-image-preview:large","max-video-preview":"max-video-preview:-1"},"canonical":"https:\/\/iraurgiberritzen.eus\/es\/saltokitik-enpresara-2025-el-comercio-que-avanza\/","og_locale":"es_ES","og_type":"article","og_title":"Saltokitik Enpresara 2025. El comercio que avanza - Iraurgi Berritzen","og_description":"Este a\u00f1o vuelve Saltokitik enpresara. Programa impulsado por el Departamento de Comercio, Consumo y Turismo del Gobierno Vasco y financiado al 100%\u00a0 (Servicio sin coste para los comercios) . El objetivo del programa es el asesoramiento experto dirigido a establecimientos con actividad comercial, de la mano de Euskalit.\u00a0\u00a0 \u00bfEn qu\u00e9 se basa el programa? Asesoramiento [&hellip;]","og_url":"https:\/\/iraurgiberritzen.eus\/es\/saltokitik-enpresara-2025-el-comercio-que-avanza\/","og_site_name":"Iraurgi Berritzen","article_published_time":"2025-03-07T09:36:30+00:00","article_modified_time":"2025-03-07T09:37:54+00:00","og_image":[{"width":700,"height":500,"url":"https:\/\/iraurgiberritzen.eus\/wp-content\/uploads\/2024\/05\/saltokitik-enpresara-2.png","type":"image\/png"}],"author":"ainara","twitter_card":"summary_large_image","twitter_misc":{"Escrito por":"ainara","Tiempo de lectura":"2 minutos"},"schema":{"@context":"https:\/\/schema.org","@graph":[{"@type":"Article","@id":"https:\/\/iraurgiberritzen.eus\/es\/saltokitik-enpresara-2025-el-comercio-que-avanza\/#article","isPartOf":{"@id":"https:\/\/iraurgiberritzen.eus\/es\/saltokitik-enpresara-2025-el-comercio-que-avanza\/"},"author":{"name":"ainara","@id":"https:\/\/iraurgiberritzen.eus\/es\/#\/schema\/person\/a32c9825b3e2bfcbe757a97f6a15c8a5"},"headline":"Saltokitik Enpresara 2025. El comercio que avanza","datePublished":"2025-03-07T09:36:30+00:00","dateModified":"2025-03-07T09:37:54+00:00","mainEntityOfPage":{"@id":"https:\/\/iraurgiberritzen.eus\/es\/saltokitik-enpresara-2025-el-comercio-que-avanza\/"},"wordCount":238,"publisher":{"@id":"https:\/\/iraurgiberritzen.eus\/es\/#organization"},"image":{"@id":"https:\/\/iraurgiberritzen.eus\/es\/saltokitik-enpresara-2025-el-comercio-que-avanza\/#primaryimage"},"thumbnailUrl":"https:\/\/iraurgiberritzen.eus\/wp-content\/uploads\/2024\/05\/saltokitik-enpresara-2.png","articleSection":["Noticias"],"inLanguage":"es"},{"@type":"WebPage","@id":"https:\/\/iraurgiberritzen.eus\/es\/saltokitik-enpresara-2025-el-comercio-que-avanza\/","url":"https:\/\/iraurgiberritzen.eus\/es\/saltokitik-enpresara-2025-el-comercio-que-avanza\/","name":"Saltokitik Enpresara 2025. El comercio que avanza - Iraurgi Berritzen","isPartOf":{"@id":"https:\/\/iraurgiberritzen.eus\/es\/#website"},"primaryImageOfPage":{"@id":"https:\/\/iraurgiberritzen.eus\/es\/saltokitik-enpresara-2025-el-comercio-que-avanza\/#primaryimage"},"image":{"@id":"https:\/\/iraurgiberritzen.eus\/es\/saltokitik-enpresara-2025-el-comercio-que-avanza\/#primaryimage"},"thumbnailUrl":"https:\/\/iraurgiberritzen.eus\/wp-content\/uploads\/2024\/05\/saltokitik-enpresara-2.png","datePublished":"2025-03-07T09:36:30+00:00","dateModified":"2025-03-07T09:37:54+00:00","breadcrumb":{"@id":"https:\/\/iraurgiberritzen.eus\/es\/saltokitik-enpresara-2025-el-comercio-que-avanza\/#breadcrumb"},"inLanguage":"es","potentialAction":[{"@type":"ReadAction","target":["https:\/\/iraurgiberritzen.eus\/es\/saltokitik-enpresara-2025-el-comercio-que-avanza\/"]}]},{"@type":"ImageObject","inLanguage":"es","@id":"https:\/\/iraurgiberritzen.eus\/es\/saltokitik-enpresara-2025-el-comercio-que-avanza\/#primaryimage","url":"https:\/\/iraurgiberritzen.eus\/wp-content\/uploads\/2024\/05\/saltokitik-enpresara-2.png","contentUrl":"https:\/\/iraurgiberritzen.eus\/wp-content\/uploads\/2024\/05\/saltokitik-enpresara-2.png","width":700,"height":500},{"@type":"BreadcrumbList","@id":"https:\/\/iraurgiberritzen.eus\/es\/saltokitik-enpresara-2025-el-comercio-que-avanza\/#breadcrumb","itemListElement":[{"@type":"ListItem","position":1,"name":"Home","item":"https:\/\/iraurgiberritzen.eus\/es\/"},{"@type":"ListItem","position":2,"name":"Saltokitik Enpresara 2025. El comercio que avanza"}]},{"@type":"WebSite","@id":"https:\/\/iraurgiberritzen.eus\/es\/#website","url":"https:\/\/iraurgiberritzen.eus\/es\/","name":"Iraurgi Berritzen","description":"Urola Erdiko Garapen Agentzia","publisher":{"@id":"https:\/\/iraurgiberritzen.eus\/es\/#organization"},"potentialAction":[{"@type":"SearchAction","target":{"@type":"EntryPoint","urlTemplate":"https:\/\/iraurgiberritzen.eus\/es\/?s={search_term_string}"},"query-input":{"@type":"PropertyValueSpecification","valueRequired":true,"valueName":"search_term_string"}}],"inLanguage":"es"},{"@type":"Organization","@id":"https:\/\/iraurgiberritzen.eus\/es\/#organization","name":"Iraurgi Berritzen","url":"https:\/\/iraurgiberritzen.eus\/es\/","logo":{"@type":"ImageObject","inLanguage":"es","@id":"https:\/\/iraurgiberritzen.eus\/es\/#\/schema\/logo\/image\/","url":"https:\/\/iraurgiberritzen.eus\/wp-content\/uploads\/2024\/02\/IRAURGI-BERRITZEN-logotipoa_2.png","contentUrl":"https:\/\/iraurgiberritzen.eus\/wp-content\/uploads\/2024\/02\/IRAURGI-BERRITZEN-logotipoa_2.png","width":496,"height":190,"caption":"Iraurgi Berritzen"},"image":{"@id":"https:\/\/iraurgiberritzen.eus\/es\/#\/schema\/logo\/image\/"}},{"@type":"Person","@id":"https:\/\/iraurgiberritzen.eus\/es\/#\/schema\/person\/a32c9825b3e2bfcbe757a97f6a15c8a5","name":"ainara"}]}},"_links":{"self":[{"href":"https:\/\/iraurgiberritzen.eus\/es\/wp-json\/wp\/v2\/posts\/22734","targetHints":{"allow":["GET"]}}],"collection":[{"href":"https:\/\/iraurgiberritzen.eus\/es\/wp-json\/wp\/v2\/posts"}],"about":[{"href":"https:\/\/iraurgiberritzen.eus\/es\/wp-json\/wp\/v2\/types\/post"}],"author":[{"embeddable":true,"href":"https:\/\/iraurgiberritzen.eus\/es\/wp-json\/wp\/v2\/users\/4"}],"replies":[{"embeddable":true,"href":"https:\/\/iraurgiberritzen.eus\/es\/wp-json\/wp\/v2\/comments?post=22734"}],"version-history":[{"count":2,"href":"https:\/\/iraurgiberritzen.eus\/es\/wp-json\/wp\/v2\/posts\/22734\/revisions"}],"predecessor-version":[{"id":22736,"href":"https:\/\/iraurgiberritzen.eus\/es\/wp-json\/wp\/v2\/posts\/22734\/revisions\/22736"}],"wp:featuredmedia":[{"embeddable":true,"href":"https:\/\/iraurgiberritzen.eus\/es\/wp-json\/wp\/v2\/media\/20229"}],"wp:attachment":[{"href":"https:\/\/iraurgiberritzen.eus\/es\/wp-json\/wp\/v2\/media?parent=22734"}],"wp:term":[{"taxonomy":"category","embeddable":true,"href":"https:\/\/iraurgiberritzen.eus\/es\/wp-json\/wp\/v2\/categories?post=22734"},{"taxonomy":"post_tag","embeddable":true,"href":"https:\/\/iraurgiberritzen.eus\/es\/wp-json\/wp\/v2\/tags?post=22734"}],"curies":[{"name":"wp","href":"https:\/\/api.w.org\/{rel}","templated":true}]}}