{"id":22743,"date":"2025-03-07T15:04:28","date_gmt":"2025-03-07T13:04:28","guid":{"rendered":"https:\/\/iraurgiberritzen.eus\/?p=22743"},"modified":"2025-03-09T19:33:44","modified_gmt":"2025-03-09T17:33:44","slug":"los-proyectos-hazilan-y-enplegu-en-marcha-para-el-impulso-del-empleo-en-la-comarca","status":"publish","type":"post","link":"https:\/\/iraurgiberritzen.eus\/es\/los-proyectos-hazilan-y-enplegu-en-marcha-para-el-impulso-del-empleo-en-la-comarca\/","title":{"rendered":"En marcha los proyectos HAZILAN+ y EnpleGU para el impulso del empleo en la comarca"},"content":{"rendered":"<p>Iraurgi Berritzen, bajo la coordinaci\u00f3n de Garapen, ha lanzado estos dos proyectos con el objetivo de mejorar la empleabilidad de las personas de la comarca. Los proyectos HAZILAN+ y EnpleGU forman parte del programa EGF+ 2021-2027 del Pa\u00eds Vasco y est\u00e1n financiados en un 40% por el Fondo Social Europeo.<\/p>\n<p>HAZILAN+ es un proyecto de inserci\u00f3n laboral dirigido a personas cualificadas en situaci\u00f3n de desempleo (con titulaci\u00f3n universitaria o ciclos de Formaci\u00f3n Profesional de grado medio y superior), sin l\u00edmite de edad.<br \/>\nEl principal objetivo del programa es mejorar la empleabilidad e inserci\u00f3n laboral de estas personas a trav\u00e9s de un apoyo personalizado seg\u00fan sus necesidades y caracter\u00edsticas. Para ello, se han definido dos itinerarios: <em>Osatu<\/em> (formaci\u00f3n grupal) y <em>Lorpen<\/em> (orientaci\u00f3n individualizada).<\/p>\n<p>El itinerario <em>Osatu<\/em> consta de tres fases:<br \/>\n\u2022 Activar: Desarrollo de habilidades personales y profesionales: motivaci\u00f3n, iniciativa, comunicaci\u00f3n y trabajo en equipo.<br \/>\n\u2022 Formaci\u00f3n transversal: Formaci\u00f3n en marca personal.<br \/>\n\u2022 <strong>Ubicar<\/strong>: Pr\u00e1cticas en empresas con el objetivo de adquirir experiencia real. Las pr\u00e1cticas tendr\u00e1n una duraci\u00f3n de entre 2 y 9 meses. Como <strong>novedad <\/strong>este a\u00f1o, los participantes realizar\u00e1n las pr\u00e1cticas a trav\u00e9s de una beca, recibiendo una <strong>remuneraci\u00f3n mensual m\u00ednima de 480\u20ac<\/strong>.<\/p>\n<p>El proyecto EnpleGU ofrece un apoyo personalizado e integral a personas con baja cualificaci\u00f3n y en situaci\u00f3n de vulnerabilidad. Su objetivo es facilitar su inserci\u00f3n en el mercado laboral mediante formaci\u00f3n t\u00e9cnica cualificada y experiencias motivadoras, inspiradoras y orientadoras.<\/p>\n<p>M\u00e1s informaci\u00f3n:<\/p>\n<p><strong><a href=\"https:\/\/iraurgiberritzen.eus\/es\/empleo\/lan-munduratze-proiektuak-eta-programak\/#Hazilan\" target=\"_blank\" rel=\"noopener\">HAZILAN+<\/a><\/strong><br \/>\n<strong><a href=\"https:\/\/iraurgiberritzen.eus\/es\/empleo\/lan-munduratze-proiektuak-eta-programak\/#Prestatu\" target=\"_blank\" rel=\"noopener\">EnpleGU<\/a><\/strong><\/p>\n","protected":false},"excerpt":{"rendered":"<p>Iraurgi Berritzen, bajo la coordinaci\u00f3n de Garapen, ha lanzado estos dos proyectos con el objetivo de mejorar la empleabilidad de las personas de la comarca. Los proyectos HAZILAN+ y EnpleGU forman parte del programa EGF+ 2021-2027 del Pa\u00eds Vasco y est\u00e1n financiados en un 40% por el Fondo Social Europeo. HAZILAN+ es un proyecto de [&hellip;]<\/p>\n","protected":false},"author":4,"featured_media":22745,"comment_status":"closed","ping_status":"closed","sticky":false,"template":"","format":"standard","meta":{"_acf_changed":false,"footnotes":""},"categories":[4],"tags":[],"class_list":["post-22743","post","type-post","status-publish","format-standard","has-post-thumbnail","hentry","category-noticias","arloak-empleo"],"acf":[],"yoast_head":"<!-- This site is optimized with the Yoast SEO plugin v27.4 - https:\/\/yoast.com\/product\/yoast-seo-wordpress\/ -->\n<title>En marcha los proyectos HAZILAN+ y EnpleGU para el impulso del empleo en la comarca - Iraurgi Berritzen<\/title>\n<meta name=\"robots\" content=\"index, follow, max-snippet:-1, max-image-preview:large, max-video-preview:-1\" \/>\n<link rel=\"canonical\" href=\"https:\/\/iraurgiberritzen.eus\/es\/los-proyectos-hazilan-y-enplegu-en-marcha-para-el-impulso-del-empleo-en-la-comarca\/\" \/>\n<meta property=\"og:locale\" content=\"es_ES\" \/>\n<meta property=\"og:type\" content=\"article\" \/>\n<meta property=\"og:title\" content=\"En marcha los proyectos HAZILAN+ y EnpleGU para el impulso del empleo en la comarca - Iraurgi Berritzen\" \/>\n<meta property=\"og:description\" content=\"Iraurgi Berritzen, bajo la coordinaci\u00f3n de Garapen, ha lanzado estos dos proyectos con el objetivo de mejorar la empleabilidad de las personas de la comarca. Los proyectos HAZILAN+ y EnpleGU forman parte del programa EGF+ 2021-2027 del Pa\u00eds Vasco y est\u00e1n financiados en un 40% por el Fondo Social Europeo. HAZILAN+ es un proyecto de [&hellip;]\" \/>\n<meta property=\"og:url\" content=\"https:\/\/iraurgiberritzen.eus\/es\/los-proyectos-hazilan-y-enplegu-en-marcha-para-el-impulso-del-empleo-en-la-comarca\/\" \/>\n<meta property=\"og:site_name\" content=\"Iraurgi Berritzen\" \/>\n<meta property=\"article:published_time\" content=\"2025-03-07T13:04:28+00:00\" \/>\n<meta property=\"article:modified_time\" content=\"2025-03-09T17:33:44+00:00\" \/>\n<meta property=\"og:image\" content=\"https:\/\/iraurgiberritzen.eus\/wp-content\/uploads\/2025\/03\/PORTADA-IB-WEB-800-x-550-px-32.jpg\" \/>\n\t<meta property=\"og:image:width\" content=\"2500\" \/>\n\t<meta property=\"og:image:height\" content=\"1719\" \/>\n\t<meta property=\"og:image:type\" content=\"image\/jpeg\" \/>\n<meta name=\"author\" content=\"ainara\" \/>\n<meta name=\"twitter:card\" content=\"summary_large_image\" \/>\n<meta name=\"twitter:label1\" content=\"Escrito por\" \/>\n\t<meta name=\"twitter:data1\" content=\"ainara\" \/>\n\t<meta name=\"twitter:label2\" content=\"Tiempo de lectura\" \/>\n\t<meta name=\"twitter:data2\" content=\"2 minutos\" \/>\n<script type=\"application\/ld+json\" class=\"yoast-schema-graph\">{\"@context\":\"https:\\\/\\\/schema.org\",\"@graph\":[{\"@type\":\"Article\",\"@id\":\"https:\\\/\\\/iraurgiberritzen.eus\\\/es\\\/los-proyectos-hazilan-y-enplegu-en-marcha-para-el-impulso-del-empleo-en-la-comarca\\\/#article\",\"isPartOf\":{\"@id\":\"https:\\\/\\\/iraurgiberritzen.eus\\\/es\\\/los-proyectos-hazilan-y-enplegu-en-marcha-para-el-impulso-del-empleo-en-la-comarca\\\/\"},\"author\":{\"name\":\"ainara\",\"@id\":\"https:\\\/\\\/iraurgiberritzen.eus\\\/es\\\/#\\\/schema\\\/person\\\/a32c9825b3e2bfcbe757a97f6a15c8a5\"},\"headline\":\"En marcha los proyectos HAZILAN+ y EnpleGU para el impulso del empleo en la comarca\",\"datePublished\":\"2025-03-07T13:04:28+00:00\",\"dateModified\":\"2025-03-09T17:33:44+00:00\",\"mainEntityOfPage\":{\"@id\":\"https:\\\/\\\/iraurgiberritzen.eus\\\/es\\\/los-proyectos-hazilan-y-enplegu-en-marcha-para-el-impulso-del-empleo-en-la-comarca\\\/\"},\"wordCount\":281,\"publisher\":{\"@id\":\"https:\\\/\\\/iraurgiberritzen.eus\\\/es\\\/#organization\"},\"image\":{\"@id\":\"https:\\\/\\\/iraurgiberritzen.eus\\\/es\\\/los-proyectos-hazilan-y-enplegu-en-marcha-para-el-impulso-del-empleo-en-la-comarca\\\/#primaryimage\"},\"thumbnailUrl\":\"https:\\\/\\\/iraurgiberritzen.eus\\\/wp-content\\\/uploads\\\/2025\\\/03\\\/PORTADA-IB-WEB-800-x-550-px-32.jpg\",\"articleSection\":[\"Noticias\"],\"inLanguage\":\"es\"},{\"@type\":\"WebPage\",\"@id\":\"https:\\\/\\\/iraurgiberritzen.eus\\\/es\\\/los-proyectos-hazilan-y-enplegu-en-marcha-para-el-impulso-del-empleo-en-la-comarca\\\/\",\"url\":\"https:\\\/\\\/iraurgiberritzen.eus\\\/es\\\/los-proyectos-hazilan-y-enplegu-en-marcha-para-el-impulso-del-empleo-en-la-comarca\\\/\",\"name\":\"En marcha los proyectos HAZILAN+ y EnpleGU para el impulso del empleo en la comarca - Iraurgi Berritzen\",\"isPartOf\":{\"@id\":\"https:\\\/\\\/iraurgiberritzen.eus\\\/es\\\/#website\"},\"primaryImageOfPage\":{\"@id\":\"https:\\\/\\\/iraurgiberritzen.eus\\\/es\\\/los-proyectos-hazilan-y-enplegu-en-marcha-para-el-impulso-del-empleo-en-la-comarca\\\/#primaryimage\"},\"image\":{\"@id\":\"https:\\\/\\\/iraurgiberritzen.eus\\\/es\\\/los-proyectos-hazilan-y-enplegu-en-marcha-para-el-impulso-del-empleo-en-la-comarca\\\/#primaryimage\"},\"thumbnailUrl\":\"https:\\\/\\\/iraurgiberritzen.eus\\\/wp-content\\\/uploads\\\/2025\\\/03\\\/PORTADA-IB-WEB-800-x-550-px-32.jpg\",\"datePublished\":\"2025-03-07T13:04:28+00:00\",\"dateModified\":\"2025-03-09T17:33:44+00:00\",\"breadcrumb\":{\"@id\":\"https:\\\/\\\/iraurgiberritzen.eus\\\/es\\\/los-proyectos-hazilan-y-enplegu-en-marcha-para-el-impulso-del-empleo-en-la-comarca\\\/#breadcrumb\"},\"inLanguage\":\"es\",\"potentialAction\":[{\"@type\":\"ReadAction\",\"target\":[\"https:\\\/\\\/iraurgiberritzen.eus\\\/es\\\/los-proyectos-hazilan-y-enplegu-en-marcha-para-el-impulso-del-empleo-en-la-comarca\\\/\"]}]},{\"@type\":\"ImageObject\",\"inLanguage\":\"es\",\"@id\":\"https:\\\/\\\/iraurgiberritzen.eus\\\/es\\\/los-proyectos-hazilan-y-enplegu-en-marcha-para-el-impulso-del-empleo-en-la-comarca\\\/#primaryimage\",\"url\":\"https:\\\/\\\/iraurgiberritzen.eus\\\/wp-content\\\/uploads\\\/2025\\\/03\\\/PORTADA-IB-WEB-800-x-550-px-32.jpg\",\"contentUrl\":\"https:\\\/\\\/iraurgiberritzen.eus\\\/wp-content\\\/uploads\\\/2025\\\/03\\\/PORTADA-IB-WEB-800-x-550-px-32.jpg\",\"width\":2500,\"height\":1719},{\"@type\":\"BreadcrumbList\",\"@id\":\"https:\\\/\\\/iraurgiberritzen.eus\\\/es\\\/los-proyectos-hazilan-y-enplegu-en-marcha-para-el-impulso-del-empleo-en-la-comarca\\\/#breadcrumb\",\"itemListElement\":[{\"@type\":\"ListItem\",\"position\":1,\"name\":\"Home\",\"item\":\"https:\\\/\\\/iraurgiberritzen.eus\\\/es\\\/\"},{\"@type\":\"ListItem\",\"position\":2,\"name\":\"En marcha los proyectos HAZILAN+ y EnpleGU para el impulso del empleo en la comarca\"}]},{\"@type\":\"WebSite\",\"@id\":\"https:\\\/\\\/iraurgiberritzen.eus\\\/es\\\/#website\",\"url\":\"https:\\\/\\\/iraurgiberritzen.eus\\\/es\\\/\",\"name\":\"Iraurgi Berritzen\",\"description\":\"Urola Erdiko Garapen Agentzia\",\"publisher\":{\"@id\":\"https:\\\/\\\/iraurgiberritzen.eus\\\/es\\\/#organization\"},\"potentialAction\":[{\"@type\":\"SearchAction\",\"target\":{\"@type\":\"EntryPoint\",\"urlTemplate\":\"https:\\\/\\\/iraurgiberritzen.eus\\\/es\\\/?s={search_term_string}\"},\"query-input\":{\"@type\":\"PropertyValueSpecification\",\"valueRequired\":true,\"valueName\":\"search_term_string\"}}],\"inLanguage\":\"es\"},{\"@type\":\"Organization\",\"@id\":\"https:\\\/\\\/iraurgiberritzen.eus\\\/es\\\/#organization\",\"name\":\"Iraurgi Berritzen\",\"url\":\"https:\\\/\\\/iraurgiberritzen.eus\\\/es\\\/\",\"logo\":{\"@type\":\"ImageObject\",\"inLanguage\":\"es\",\"@id\":\"https:\\\/\\\/iraurgiberritzen.eus\\\/es\\\/#\\\/schema\\\/logo\\\/image\\\/\",\"url\":\"https:\\\/\\\/iraurgiberritzen.eus\\\/wp-content\\\/uploads\\\/2024\\\/02\\\/IRAURGI-BERRITZEN-logotipoa_2.png\",\"contentUrl\":\"https:\\\/\\\/iraurgiberritzen.eus\\\/wp-content\\\/uploads\\\/2024\\\/02\\\/IRAURGI-BERRITZEN-logotipoa_2.png\",\"width\":496,\"height\":190,\"caption\":\"Iraurgi Berritzen\"},\"image\":{\"@id\":\"https:\\\/\\\/iraurgiberritzen.eus\\\/es\\\/#\\\/schema\\\/logo\\\/image\\\/\"}},{\"@type\":\"Person\",\"@id\":\"https:\\\/\\\/iraurgiberritzen.eus\\\/es\\\/#\\\/schema\\\/person\\\/a32c9825b3e2bfcbe757a97f6a15c8a5\",\"name\":\"ainara\"}]}<\/script>\n<!-- \/ Yoast SEO plugin. -->","yoast_head_json":{"title":"En marcha los proyectos HAZILAN+ y EnpleGU para el impulso del empleo en la comarca - Iraurgi Berritzen","robots":{"index":"index","follow":"follow","max-snippet":"max-snippet:-1","max-image-preview":"max-image-preview:large","max-video-preview":"max-video-preview:-1"},"canonical":"https:\/\/iraurgiberritzen.eus\/es\/los-proyectos-hazilan-y-enplegu-en-marcha-para-el-impulso-del-empleo-en-la-comarca\/","og_locale":"es_ES","og_type":"article","og_title":"En marcha los proyectos HAZILAN+ y EnpleGU para el impulso del empleo en la comarca - Iraurgi Berritzen","og_description":"Iraurgi Berritzen, bajo la coordinaci\u00f3n de Garapen, ha lanzado estos dos proyectos con el objetivo de mejorar la empleabilidad de las personas de la comarca. Los proyectos HAZILAN+ y EnpleGU forman parte del programa EGF+ 2021-2027 del Pa\u00eds Vasco y est\u00e1n financiados en un 40% por el Fondo Social Europeo. HAZILAN+ es un proyecto de [&hellip;]","og_url":"https:\/\/iraurgiberritzen.eus\/es\/los-proyectos-hazilan-y-enplegu-en-marcha-para-el-impulso-del-empleo-en-la-comarca\/","og_site_name":"Iraurgi Berritzen","article_published_time":"2025-03-07T13:04:28+00:00","article_modified_time":"2025-03-09T17:33:44+00:00","og_image":[{"width":2500,"height":1719,"url":"https:\/\/iraurgiberritzen.eus\/wp-content\/uploads\/2025\/03\/PORTADA-IB-WEB-800-x-550-px-32.jpg","type":"image\/jpeg"}],"author":"ainara","twitter_card":"summary_large_image","twitter_misc":{"Escrito por":"ainara","Tiempo de lectura":"2 minutos"},"schema":{"@context":"https:\/\/schema.org","@graph":[{"@type":"Article","@id":"https:\/\/iraurgiberritzen.eus\/es\/los-proyectos-hazilan-y-enplegu-en-marcha-para-el-impulso-del-empleo-en-la-comarca\/#article","isPartOf":{"@id":"https:\/\/iraurgiberritzen.eus\/es\/los-proyectos-hazilan-y-enplegu-en-marcha-para-el-impulso-del-empleo-en-la-comarca\/"},"author":{"name":"ainara","@id":"https:\/\/iraurgiberritzen.eus\/es\/#\/schema\/person\/a32c9825b3e2bfcbe757a97f6a15c8a5"},"headline":"En marcha los proyectos HAZILAN+ y EnpleGU para el impulso del empleo en la comarca","datePublished":"2025-03-07T13:04:28+00:00","dateModified":"2025-03-09T17:33:44+00:00","mainEntityOfPage":{"@id":"https:\/\/iraurgiberritzen.eus\/es\/los-proyectos-hazilan-y-enplegu-en-marcha-para-el-impulso-del-empleo-en-la-comarca\/"},"wordCount":281,"publisher":{"@id":"https:\/\/iraurgiberritzen.eus\/es\/#organization"},"image":{"@id":"https:\/\/iraurgiberritzen.eus\/es\/los-proyectos-hazilan-y-enplegu-en-marcha-para-el-impulso-del-empleo-en-la-comarca\/#primaryimage"},"thumbnailUrl":"https:\/\/iraurgiberritzen.eus\/wp-content\/uploads\/2025\/03\/PORTADA-IB-WEB-800-x-550-px-32.jpg","articleSection":["Noticias"],"inLanguage":"es"},{"@type":"WebPage","@id":"https:\/\/iraurgiberritzen.eus\/es\/los-proyectos-hazilan-y-enplegu-en-marcha-para-el-impulso-del-empleo-en-la-comarca\/","url":"https:\/\/iraurgiberritzen.eus\/es\/los-proyectos-hazilan-y-enplegu-en-marcha-para-el-impulso-del-empleo-en-la-comarca\/","name":"En marcha los proyectos HAZILAN+ y EnpleGU para el impulso del empleo en la comarca - Iraurgi Berritzen","isPartOf":{"@id":"https:\/\/iraurgiberritzen.eus\/es\/#website"},"primaryImageOfPage":{"@id":"https:\/\/iraurgiberritzen.eus\/es\/los-proyectos-hazilan-y-enplegu-en-marcha-para-el-impulso-del-empleo-en-la-comarca\/#primaryimage"},"image":{"@id":"https:\/\/iraurgiberritzen.eus\/es\/los-proyectos-hazilan-y-enplegu-en-marcha-para-el-impulso-del-empleo-en-la-comarca\/#primaryimage"},"thumbnailUrl":"https:\/\/iraurgiberritzen.eus\/wp-content\/uploads\/2025\/03\/PORTADA-IB-WEB-800-x-550-px-32.jpg","datePublished":"2025-03-07T13:04:28+00:00","dateModified":"2025-03-09T17:33:44+00:00","breadcrumb":{"@id":"https:\/\/iraurgiberritzen.eus\/es\/los-proyectos-hazilan-y-enplegu-en-marcha-para-el-impulso-del-empleo-en-la-comarca\/#breadcrumb"},"inLanguage":"es","potentialAction":[{"@type":"ReadAction","target":["https:\/\/iraurgiberritzen.eus\/es\/los-proyectos-hazilan-y-enplegu-en-marcha-para-el-impulso-del-empleo-en-la-comarca\/"]}]},{"@type":"ImageObject","inLanguage":"es","@id":"https:\/\/iraurgiberritzen.eus\/es\/los-proyectos-hazilan-y-enplegu-en-marcha-para-el-impulso-del-empleo-en-la-comarca\/#primaryimage","url":"https:\/\/iraurgiberritzen.eus\/wp-content\/uploads\/2025\/03\/PORTADA-IB-WEB-800-x-550-px-32.jpg","contentUrl":"https:\/\/iraurgiberritzen.eus\/wp-content\/uploads\/2025\/03\/PORTADA-IB-WEB-800-x-550-px-32.jpg","width":2500,"height":1719},{"@type":"BreadcrumbList","@id":"https:\/\/iraurgiberritzen.eus\/es\/los-proyectos-hazilan-y-enplegu-en-marcha-para-el-impulso-del-empleo-en-la-comarca\/#breadcrumb","itemListElement":[{"@type":"ListItem","position":1,"name":"Home","item":"https:\/\/iraurgiberritzen.eus\/es\/"},{"@type":"ListItem","position":2,"name":"En marcha los proyectos HAZILAN+ y EnpleGU para el impulso del empleo en la comarca"}]},{"@type":"WebSite","@id":"https:\/\/iraurgiberritzen.eus\/es\/#website","url":"https:\/\/iraurgiberritzen.eus\/es\/","name":"Iraurgi Berritzen","description":"Urola Erdiko Garapen Agentzia","publisher":{"@id":"https:\/\/iraurgiberritzen.eus\/es\/#organization"},"potentialAction":[{"@type":"SearchAction","target":{"@type":"EntryPoint","urlTemplate":"https:\/\/iraurgiberritzen.eus\/es\/?s={search_term_string}"},"query-input":{"@type":"PropertyValueSpecification","valueRequired":true,"valueName":"search_term_string"}}],"inLanguage":"es"},{"@type":"Organization","@id":"https:\/\/iraurgiberritzen.eus\/es\/#organization","name":"Iraurgi Berritzen","url":"https:\/\/iraurgiberritzen.eus\/es\/","logo":{"@type":"ImageObject","inLanguage":"es","@id":"https:\/\/iraurgiberritzen.eus\/es\/#\/schema\/logo\/image\/","url":"https:\/\/iraurgiberritzen.eus\/wp-content\/uploads\/2024\/02\/IRAURGI-BERRITZEN-logotipoa_2.png","contentUrl":"https:\/\/iraurgiberritzen.eus\/wp-content\/uploads\/2024\/02\/IRAURGI-BERRITZEN-logotipoa_2.png","width":496,"height":190,"caption":"Iraurgi Berritzen"},"image":{"@id":"https:\/\/iraurgiberritzen.eus\/es\/#\/schema\/logo\/image\/"}},{"@type":"Person","@id":"https:\/\/iraurgiberritzen.eus\/es\/#\/schema\/person\/a32c9825b3e2bfcbe757a97f6a15c8a5","name":"ainara"}]}},"_links":{"self":[{"href":"https:\/\/iraurgiberritzen.eus\/es\/wp-json\/wp\/v2\/posts\/22743","targetHints":{"allow":["GET"]}}],"collection":[{"href":"https:\/\/iraurgiberritzen.eus\/es\/wp-json\/wp\/v2\/posts"}],"about":[{"href":"https:\/\/iraurgiberritzen.eus\/es\/wp-json\/wp\/v2\/types\/post"}],"author":[{"embeddable":true,"href":"https:\/\/iraurgiberritzen.eus\/es\/wp-json\/wp\/v2\/users\/4"}],"replies":[{"embeddable":true,"href":"https:\/\/iraurgiberritzen.eus\/es\/wp-json\/wp\/v2\/comments?post=22743"}],"version-history":[{"count":3,"href":"https:\/\/iraurgiberritzen.eus\/es\/wp-json\/wp\/v2\/posts\/22743\/revisions"}],"predecessor-version":[{"id":22752,"href":"https:\/\/iraurgiberritzen.eus\/es\/wp-json\/wp\/v2\/posts\/22743\/revisions\/22752"}],"wp:featuredmedia":[{"embeddable":true,"href":"https:\/\/iraurgiberritzen.eus\/es\/wp-json\/wp\/v2\/media\/22745"}],"wp:attachment":[{"href":"https:\/\/iraurgiberritzen.eus\/es\/wp-json\/wp\/v2\/media?parent=22743"}],"wp:term":[{"taxonomy":"category","embeddable":true,"href":"https:\/\/iraurgiberritzen.eus\/es\/wp-json\/wp\/v2\/categories?post=22743"},{"taxonomy":"post_tag","embeddable":true,"href":"https:\/\/iraurgiberritzen.eus\/es\/wp-json\/wp\/v2\/tags?post=22743"}],"curies":[{"name":"wp","href":"https:\/\/api.w.org\/{rel}","templated":true}]}}