{"id":22849,"date":"2025-03-18T12:40:01","date_gmt":"2025-03-18T10:40:01","guid":{"rendered":"https:\/\/iraurgiberritzen.eus\/?p=22849"},"modified":"2025-03-18T12:41:57","modified_gmt":"2025-03-18T10:41:57","slug":"colaboracion-entre-la-media-maraton-azkotia-azpeitia-e-iraurgi-berritzen-a-traves-de-urola-turismoa-2","status":"publish","type":"post","link":"https:\/\/iraurgiberritzen.eus\/es\/colaboracion-entre-la-media-maraton-azkotia-azpeitia-e-iraurgi-berritzen-a-traves-de-urola-turismoa-2\/","title":{"rendered":"Colaboraci\u00f3n entre la Media Marat\u00f3n Azkotia-Azpeitia e Iraurgi Berritzen a trav\u00e9s de Urola Turismoa"},"content":{"rendered":"<p><span data-contrast=\"auto\">El s\u00e1bado <\/span><b><span data-contrast=\"auto\">29 de marzo<\/span><\/b><span data-contrast=\"auto\"> se celebrar\u00e1 <\/span><b><span data-contrast=\"auto\">la 32\u00aa edici\u00f3n de la Media Marat\u00f3n Azkoitia-Azpeitia<\/span><\/b><span data-contrast=\"auto\">, una carrera que en los \u00faltimos a\u00f1os ha ganado mucha relevancia y se ha convertido en un evento de referencia. Este a\u00f1o, con la segunda edici\u00f3n del Running Fest, se combinar\u00e1n el deporte y la m\u00fasica tradicional vasca (trikitixa) en un evento especial.<\/span><span data-ccp-props=\"{&quot;134233117&quot;:true,&quot;134233118&quot;:true}\">\u00a0<\/span><\/p>\n<p><span data-contrast=\"auto\">El pasado viernes se present\u00f3 la carrera en Azpeitia, con la participaci\u00f3n de los organizadores de la prueba; representantes de los ayuntamientos de Azkoitia y Azpeitia, Iraurgi Berritzen, la Federaci\u00f3n de Atletismo de Gipuzkoa, la Asociaci\u00f3n Contra el C\u00e1ncer de Gipuzkoa y representantes de las empresas patrocinadoras.<\/span><span data-ccp-props=\"{&quot;134233117&quot;:true,&quot;134233118&quot;:true}\">\u00a0<\/span><\/p>\n<p><span data-contrast=\"auto\">La Media Marat\u00f3n Azkoitia-Azpeitia es muy importante para la comarca de Urola Erdia, tanto a nivel externo, al ser una carrera de nivel internacional, como para la cohesi\u00f3n interna, debido a la gran implicaci\u00f3n de la comunidad local. Adem\u00e1s, el evento preserva la memoria hist\u00f3rica de una figura ic\u00f3nica del deporte como Diego Garc\u00eda.<\/span><span data-ccp-props=\"{&quot;134233117&quot;:true,&quot;134233118&quot;:true}\">\u00a0<\/span><\/p>\n<p><span data-contrast=\"auto\">Desde la perspectiva del turismo, fomentar la colaboraci\u00f3n en el contexto de la carrera es una gran oportunidad. Por ello, este a\u00f1o tambi\u00e9n se ha decidido ampliar el Running Fest, en colaboraci\u00f3n con el club de atletismo Xeye, Trikigiro, la Asociaci\u00f3n de Trikitixa del Pa\u00eds Vasco e Iraurgi Berritzen, fortaleciendo as\u00ed la relaci\u00f3n entre el deporte y la cultura.<\/span><span data-ccp-props=\"{&quot;134233117&quot;:true,&quot;134233118&quot;:true}\">\u00a0<\/span><\/p>\n<p><b><span data-contrast=\"auto\">Visitas guiadas<\/span><\/b><span data-ccp-props=\"{&quot;134233117&quot;:true,&quot;134233118&quot;:true}\">\u00a0<\/span><\/p>\n<p><span data-contrast=\"auto\">De la mano de Iraurgi Berritzen, el d\u00eda de la carrera se organizar\u00e1n visitas guiadas tanto para visitantes locales como para los que vengan de fuera. Se podr\u00e1n ver el Santuario de Loyola y la estatua de Diego Garc\u00eda. Las visitas se realizar\u00e1n en dos idiomas, euskera y castellano, a las 11:00. La <\/span><b><span data-contrast=\"auto\">participaci\u00f3n <\/span><\/b><span data-contrast=\"auto\">es<\/span><b><span data-contrast=\"auto\"> gratuita<\/span><\/b><span data-contrast=\"auto\">, pero es necesario inscribirse previamente llamando al tel\u00e9fono <\/span><b><span data-contrast=\"auto\">688 759 429<\/span><\/b><span data-contrast=\"auto\">.<\/span><span data-ccp-props=\"{&quot;134233117&quot;:true,&quot;134233118&quot;:true}\">\u00a0<\/span><\/p>\n<p><b><span data-contrast=\"auto\">Programa<\/span><\/b><span data-ccp-props=\"{&quot;134233117&quot;:true,&quot;134233118&quot;:true}\">\u00a0<\/span><\/p>\n<ul>\n<li><b><span data-contrast=\"auto\">11:00:<\/span><\/b><span data-contrast=\"auto\"> Visita guiada al Santuario de Loyola y a la estatua de Diego Garc\u00eda.\u00a0<\/span><span data-ccp-props=\"{&quot;134233117&quot;:true,&quot;134233118&quot;:true}\">\u00a0<\/span><\/li>\n<li><b><span data-contrast=\"auto\">12:00:<\/span><\/b><span data-contrast=\"auto\"> ERROMERIA: Comienza el Running Fest en Azkoitia con los trikitilaris y panderojoles de TRIKIGIRO.<\/span><span data-ccp-props=\"{&quot;134233117&quot;:true,&quot;134233118&quot;:true}\">\u00a0<\/span><\/li>\n<li><b><span data-contrast=\"auto\">16:05:<\/span><\/b><span data-contrast=\"auto\"> Homenaje a Diego Garc\u00eda, Alejandro G\u00f3mez y Jone Basterra, con entrega de dorsales a sus familias.<\/span><span data-ccp-props=\"{&quot;134233117&quot;:true,&quot;134233118&quot;:true}\">\u00a0<\/span><\/li>\n<li><b><span data-contrast=\"auto\">16:15:<\/span><\/b><span data-contrast=\"auto\"> Carrera corta (el disparo de salida lo realizar\u00e1n los miembros de Trikigiro).<\/span><span data-ccp-props=\"{&quot;134233117&quot;:true,&quot;134233118&quot;:true}\">\u00a0<\/span><\/li>\n<li><b><span data-contrast=\"auto\">16:28:<\/span><\/b><span data-contrast=\"auto\"> Salida de los participantes en silla de ruedas.<\/span><span data-ccp-props=\"{&quot;134233117&quot;:true,&quot;134233118&quot;:true}\">\u00a0<\/span><\/li>\n<li><b><span data-contrast=\"auto\">16:30:<\/span><\/b><span data-contrast=\"auto\"> Salida de la media marat\u00f3n para corredores \u00e9lite, aficionados y populares.<\/span><span data-ccp-props=\"{&quot;134233117&quot;:true,&quot;134233118&quot;:true}\">\u00a0<\/span><\/li>\n<li><b><span data-contrast=\"auto\">17:45:<\/span><\/b><span data-contrast=\"auto\"> Entrega de premios.<\/span><span data-ccp-props=\"{&quot;134233117&quot;:true,&quot;134233118&quot;:true}\">\u00a0<\/span><\/li>\n<\/ul>\n","protected":false},"excerpt":{"rendered":"<p>El s\u00e1bado 29 de marzo se celebrar\u00e1 la 32\u00aa edici\u00f3n de la Media Marat\u00f3n Azkoitia-Azpeitia, una carrera que en los \u00faltimos a\u00f1os ha ganado mucha relevancia y se ha convertido en un evento de referencia. Este a\u00f1o, con la segunda edici\u00f3n del Running Fest, se combinar\u00e1n el deporte y la m\u00fasica tradicional vasca (trikitixa) en [&hellip;]<\/p>\n","protected":false},"author":4,"featured_media":22845,"comment_status":"closed","ping_status":"closed","sticky":false,"template":"","format":"standard","meta":{"_acf_changed":false,"footnotes":""},"categories":[4],"tags":[],"class_list":["post-22849","post","type-post","status-publish","format-standard","has-post-thumbnail","hentry","category-noticias","arloak-turismo"],"acf":[],"yoast_head":"<!-- This site is optimized with the Yoast SEO plugin v27.4 - https:\/\/yoast.com\/product\/yoast-seo-wordpress\/ -->\n<title>Colaboraci\u00f3n entre la Media Marat\u00f3n Azkotia-Azpeitia e Iraurgi Berritzen a trav\u00e9s de Urola Turismoa - Iraurgi Berritzen<\/title>\n<meta name=\"robots\" content=\"index, follow, max-snippet:-1, max-image-preview:large, max-video-preview:-1\" \/>\n<link rel=\"canonical\" href=\"https:\/\/iraurgiberritzen.eus\/es\/colaboracion-entre-la-media-maraton-azkotia-azpeitia-e-iraurgi-berritzen-a-traves-de-urola-turismoa-2\/\" \/>\n<meta property=\"og:locale\" content=\"es_ES\" \/>\n<meta property=\"og:type\" content=\"article\" \/>\n<meta property=\"og:title\" content=\"Colaboraci\u00f3n entre la Media Marat\u00f3n Azkotia-Azpeitia e Iraurgi Berritzen a trav\u00e9s de Urola Turismoa - Iraurgi Berritzen\" \/>\n<meta property=\"og:description\" content=\"El s\u00e1bado 29 de marzo se celebrar\u00e1 la 32\u00aa edici\u00f3n de la Media Marat\u00f3n Azkoitia-Azpeitia, una carrera que en los \u00faltimos a\u00f1os ha ganado mucha relevancia y se ha convertido en un evento de referencia. Este a\u00f1o, con la segunda edici\u00f3n del Running Fest, se combinar\u00e1n el deporte y la m\u00fasica tradicional vasca (trikitixa) en [&hellip;]\" \/>\n<meta property=\"og:url\" content=\"https:\/\/iraurgiberritzen.eus\/es\/colaboracion-entre-la-media-maraton-azkotia-azpeitia-e-iraurgi-berritzen-a-traves-de-urola-turismoa-2\/\" \/>\n<meta property=\"og:site_name\" content=\"Iraurgi Berritzen\" \/>\n<meta property=\"article:published_time\" content=\"2025-03-18T10:40:01+00:00\" \/>\n<meta property=\"article:modified_time\" content=\"2025-03-18T10:41:57+00:00\" \/>\n<meta property=\"og:image\" content=\"https:\/\/iraurgiberritzen.eus\/wp-content\/uploads\/2025\/03\/WhatsApp-Image-2025-03-18-at-10.05.23.jpeg\" \/>\n\t<meta property=\"og:image:width\" content=\"1600\" \/>\n\t<meta property=\"og:image:height\" content=\"1200\" \/>\n\t<meta property=\"og:image:type\" content=\"image\/jpeg\" \/>\n<meta name=\"author\" content=\"ainara\" \/>\n<meta name=\"twitter:card\" content=\"summary_large_image\" \/>\n<meta name=\"twitter:label1\" content=\"Escrito por\" \/>\n\t<meta name=\"twitter:data1\" content=\"ainara\" \/>\n\t<meta name=\"twitter:label2\" content=\"Tiempo de lectura\" \/>\n\t<meta name=\"twitter:data2\" content=\"3 minutos\" \/>\n<script type=\"application\/ld+json\" class=\"yoast-schema-graph\">{\"@context\":\"https:\\\/\\\/schema.org\",\"@graph\":[{\"@type\":\"Article\",\"@id\":\"https:\\\/\\\/iraurgiberritzen.eus\\\/es\\\/colaboracion-entre-la-media-maraton-azkotia-azpeitia-e-iraurgi-berritzen-a-traves-de-urola-turismoa-2\\\/#article\",\"isPartOf\":{\"@id\":\"https:\\\/\\\/iraurgiberritzen.eus\\\/es\\\/colaboracion-entre-la-media-maraton-azkotia-azpeitia-e-iraurgi-berritzen-a-traves-de-urola-turismoa-2\\\/\"},\"author\":{\"name\":\"ainara\",\"@id\":\"https:\\\/\\\/iraurgiberritzen.eus\\\/es\\\/#\\\/schema\\\/person\\\/a32c9825b3e2bfcbe757a97f6a15c8a5\"},\"headline\":\"Colaboraci\u00f3n entre la Media Marat\u00f3n Azkotia-Azpeitia e Iraurgi Berritzen a trav\u00e9s de Urola Turismoa\",\"datePublished\":\"2025-03-18T10:40:01+00:00\",\"dateModified\":\"2025-03-18T10:41:57+00:00\",\"mainEntityOfPage\":{\"@id\":\"https:\\\/\\\/iraurgiberritzen.eus\\\/es\\\/colaboracion-entre-la-media-maraton-azkotia-azpeitia-e-iraurgi-berritzen-a-traves-de-urola-turismoa-2\\\/\"},\"wordCount\":414,\"publisher\":{\"@id\":\"https:\\\/\\\/iraurgiberritzen.eus\\\/es\\\/#organization\"},\"image\":{\"@id\":\"https:\\\/\\\/iraurgiberritzen.eus\\\/es\\\/colaboracion-entre-la-media-maraton-azkotia-azpeitia-e-iraurgi-berritzen-a-traves-de-urola-turismoa-2\\\/#primaryimage\"},\"thumbnailUrl\":\"https:\\\/\\\/iraurgiberritzen.eus\\\/wp-content\\\/uploads\\\/2025\\\/03\\\/WhatsApp-Image-2025-03-18-at-10.05.23.jpeg\",\"articleSection\":[\"Noticias\"],\"inLanguage\":\"es\"},{\"@type\":\"WebPage\",\"@id\":\"https:\\\/\\\/iraurgiberritzen.eus\\\/es\\\/colaboracion-entre-la-media-maraton-azkotia-azpeitia-e-iraurgi-berritzen-a-traves-de-urola-turismoa-2\\\/\",\"url\":\"https:\\\/\\\/iraurgiberritzen.eus\\\/es\\\/colaboracion-entre-la-media-maraton-azkotia-azpeitia-e-iraurgi-berritzen-a-traves-de-urola-turismoa-2\\\/\",\"name\":\"Colaboraci\u00f3n entre la Media Marat\u00f3n Azkotia-Azpeitia e Iraurgi Berritzen a trav\u00e9s de Urola Turismoa - Iraurgi Berritzen\",\"isPartOf\":{\"@id\":\"https:\\\/\\\/iraurgiberritzen.eus\\\/es\\\/#website\"},\"primaryImageOfPage\":{\"@id\":\"https:\\\/\\\/iraurgiberritzen.eus\\\/es\\\/colaboracion-entre-la-media-maraton-azkotia-azpeitia-e-iraurgi-berritzen-a-traves-de-urola-turismoa-2\\\/#primaryimage\"},\"image\":{\"@id\":\"https:\\\/\\\/iraurgiberritzen.eus\\\/es\\\/colaboracion-entre-la-media-maraton-azkotia-azpeitia-e-iraurgi-berritzen-a-traves-de-urola-turismoa-2\\\/#primaryimage\"},\"thumbnailUrl\":\"https:\\\/\\\/iraurgiberritzen.eus\\\/wp-content\\\/uploads\\\/2025\\\/03\\\/WhatsApp-Image-2025-03-18-at-10.05.23.jpeg\",\"datePublished\":\"2025-03-18T10:40:01+00:00\",\"dateModified\":\"2025-03-18T10:41:57+00:00\",\"breadcrumb\":{\"@id\":\"https:\\\/\\\/iraurgiberritzen.eus\\\/es\\\/colaboracion-entre-la-media-maraton-azkotia-azpeitia-e-iraurgi-berritzen-a-traves-de-urola-turismoa-2\\\/#breadcrumb\"},\"inLanguage\":\"es\",\"potentialAction\":[{\"@type\":\"ReadAction\",\"target\":[\"https:\\\/\\\/iraurgiberritzen.eus\\\/es\\\/colaboracion-entre-la-media-maraton-azkotia-azpeitia-e-iraurgi-berritzen-a-traves-de-urola-turismoa-2\\\/\"]}]},{\"@type\":\"ImageObject\",\"inLanguage\":\"es\",\"@id\":\"https:\\\/\\\/iraurgiberritzen.eus\\\/es\\\/colaboracion-entre-la-media-maraton-azkotia-azpeitia-e-iraurgi-berritzen-a-traves-de-urola-turismoa-2\\\/#primaryimage\",\"url\":\"https:\\\/\\\/iraurgiberritzen.eus\\\/wp-content\\\/uploads\\\/2025\\\/03\\\/WhatsApp-Image-2025-03-18-at-10.05.23.jpeg\",\"contentUrl\":\"https:\\\/\\\/iraurgiberritzen.eus\\\/wp-content\\\/uploads\\\/2025\\\/03\\\/WhatsApp-Image-2025-03-18-at-10.05.23.jpeg\",\"width\":1600,\"height\":1200},{\"@type\":\"BreadcrumbList\",\"@id\":\"https:\\\/\\\/iraurgiberritzen.eus\\\/es\\\/colaboracion-entre-la-media-maraton-azkotia-azpeitia-e-iraurgi-berritzen-a-traves-de-urola-turismoa-2\\\/#breadcrumb\",\"itemListElement\":[{\"@type\":\"ListItem\",\"position\":1,\"name\":\"Home\",\"item\":\"https:\\\/\\\/iraurgiberritzen.eus\\\/es\\\/\"},{\"@type\":\"ListItem\",\"position\":2,\"name\":\"Colaboraci\u00f3n entre la Media Marat\u00f3n Azkotia-Azpeitia e Iraurgi Berritzen a trav\u00e9s de Urola Turismoa\"}]},{\"@type\":\"WebSite\",\"@id\":\"https:\\\/\\\/iraurgiberritzen.eus\\\/es\\\/#website\",\"url\":\"https:\\\/\\\/iraurgiberritzen.eus\\\/es\\\/\",\"name\":\"Iraurgi Berritzen\",\"description\":\"Urola Erdiko Garapen Agentzia\",\"publisher\":{\"@id\":\"https:\\\/\\\/iraurgiberritzen.eus\\\/es\\\/#organization\"},\"potentialAction\":[{\"@type\":\"SearchAction\",\"target\":{\"@type\":\"EntryPoint\",\"urlTemplate\":\"https:\\\/\\\/iraurgiberritzen.eus\\\/es\\\/?s={search_term_string}\"},\"query-input\":{\"@type\":\"PropertyValueSpecification\",\"valueRequired\":true,\"valueName\":\"search_term_string\"}}],\"inLanguage\":\"es\"},{\"@type\":\"Organization\",\"@id\":\"https:\\\/\\\/iraurgiberritzen.eus\\\/es\\\/#organization\",\"name\":\"Iraurgi Berritzen\",\"url\":\"https:\\\/\\\/iraurgiberritzen.eus\\\/es\\\/\",\"logo\":{\"@type\":\"ImageObject\",\"inLanguage\":\"es\",\"@id\":\"https:\\\/\\\/iraurgiberritzen.eus\\\/es\\\/#\\\/schema\\\/logo\\\/image\\\/\",\"url\":\"https:\\\/\\\/iraurgiberritzen.eus\\\/wp-content\\\/uploads\\\/2024\\\/02\\\/IRAURGI-BERRITZEN-logotipoa_2.png\",\"contentUrl\":\"https:\\\/\\\/iraurgiberritzen.eus\\\/wp-content\\\/uploads\\\/2024\\\/02\\\/IRAURGI-BERRITZEN-logotipoa_2.png\",\"width\":496,\"height\":190,\"caption\":\"Iraurgi Berritzen\"},\"image\":{\"@id\":\"https:\\\/\\\/iraurgiberritzen.eus\\\/es\\\/#\\\/schema\\\/logo\\\/image\\\/\"}},{\"@type\":\"Person\",\"@id\":\"https:\\\/\\\/iraurgiberritzen.eus\\\/es\\\/#\\\/schema\\\/person\\\/a32c9825b3e2bfcbe757a97f6a15c8a5\",\"name\":\"ainara\"}]}<\/script>\n<!-- \/ Yoast SEO plugin. -->","yoast_head_json":{"title":"Colaboraci\u00f3n entre la Media Marat\u00f3n Azkotia-Azpeitia e Iraurgi Berritzen a trav\u00e9s de Urola Turismoa - Iraurgi Berritzen","robots":{"index":"index","follow":"follow","max-snippet":"max-snippet:-1","max-image-preview":"max-image-preview:large","max-video-preview":"max-video-preview:-1"},"canonical":"https:\/\/iraurgiberritzen.eus\/es\/colaboracion-entre-la-media-maraton-azkotia-azpeitia-e-iraurgi-berritzen-a-traves-de-urola-turismoa-2\/","og_locale":"es_ES","og_type":"article","og_title":"Colaboraci\u00f3n entre la Media Marat\u00f3n Azkotia-Azpeitia e Iraurgi Berritzen a trav\u00e9s de Urola Turismoa - Iraurgi Berritzen","og_description":"El s\u00e1bado 29 de marzo se celebrar\u00e1 la 32\u00aa edici\u00f3n de la Media Marat\u00f3n Azkoitia-Azpeitia, una carrera que en los \u00faltimos a\u00f1os ha ganado mucha relevancia y se ha convertido en un evento de referencia. Este a\u00f1o, con la segunda edici\u00f3n del Running Fest, se combinar\u00e1n el deporte y la m\u00fasica tradicional vasca (trikitixa) en [&hellip;]","og_url":"https:\/\/iraurgiberritzen.eus\/es\/colaboracion-entre-la-media-maraton-azkotia-azpeitia-e-iraurgi-berritzen-a-traves-de-urola-turismoa-2\/","og_site_name":"Iraurgi Berritzen","article_published_time":"2025-03-18T10:40:01+00:00","article_modified_time":"2025-03-18T10:41:57+00:00","og_image":[{"width":1600,"height":1200,"url":"https:\/\/iraurgiberritzen.eus\/wp-content\/uploads\/2025\/03\/WhatsApp-Image-2025-03-18-at-10.05.23.jpeg","type":"image\/jpeg"}],"author":"ainara","twitter_card":"summary_large_image","twitter_misc":{"Escrito por":"ainara","Tiempo de lectura":"3 minutos"},"schema":{"@context":"https:\/\/schema.org","@graph":[{"@type":"Article","@id":"https:\/\/iraurgiberritzen.eus\/es\/colaboracion-entre-la-media-maraton-azkotia-azpeitia-e-iraurgi-berritzen-a-traves-de-urola-turismoa-2\/#article","isPartOf":{"@id":"https:\/\/iraurgiberritzen.eus\/es\/colaboracion-entre-la-media-maraton-azkotia-azpeitia-e-iraurgi-berritzen-a-traves-de-urola-turismoa-2\/"},"author":{"name":"ainara","@id":"https:\/\/iraurgiberritzen.eus\/es\/#\/schema\/person\/a32c9825b3e2bfcbe757a97f6a15c8a5"},"headline":"Colaboraci\u00f3n entre la Media Marat\u00f3n Azkotia-Azpeitia e Iraurgi Berritzen a trav\u00e9s de Urola Turismoa","datePublished":"2025-03-18T10:40:01+00:00","dateModified":"2025-03-18T10:41:57+00:00","mainEntityOfPage":{"@id":"https:\/\/iraurgiberritzen.eus\/es\/colaboracion-entre-la-media-maraton-azkotia-azpeitia-e-iraurgi-berritzen-a-traves-de-urola-turismoa-2\/"},"wordCount":414,"publisher":{"@id":"https:\/\/iraurgiberritzen.eus\/es\/#organization"},"image":{"@id":"https:\/\/iraurgiberritzen.eus\/es\/colaboracion-entre-la-media-maraton-azkotia-azpeitia-e-iraurgi-berritzen-a-traves-de-urola-turismoa-2\/#primaryimage"},"thumbnailUrl":"https:\/\/iraurgiberritzen.eus\/wp-content\/uploads\/2025\/03\/WhatsApp-Image-2025-03-18-at-10.05.23.jpeg","articleSection":["Noticias"],"inLanguage":"es"},{"@type":"WebPage","@id":"https:\/\/iraurgiberritzen.eus\/es\/colaboracion-entre-la-media-maraton-azkotia-azpeitia-e-iraurgi-berritzen-a-traves-de-urola-turismoa-2\/","url":"https:\/\/iraurgiberritzen.eus\/es\/colaboracion-entre-la-media-maraton-azkotia-azpeitia-e-iraurgi-berritzen-a-traves-de-urola-turismoa-2\/","name":"Colaboraci\u00f3n entre la Media Marat\u00f3n Azkotia-Azpeitia e Iraurgi Berritzen a trav\u00e9s de Urola Turismoa - Iraurgi Berritzen","isPartOf":{"@id":"https:\/\/iraurgiberritzen.eus\/es\/#website"},"primaryImageOfPage":{"@id":"https:\/\/iraurgiberritzen.eus\/es\/colaboracion-entre-la-media-maraton-azkotia-azpeitia-e-iraurgi-berritzen-a-traves-de-urola-turismoa-2\/#primaryimage"},"image":{"@id":"https:\/\/iraurgiberritzen.eus\/es\/colaboracion-entre-la-media-maraton-azkotia-azpeitia-e-iraurgi-berritzen-a-traves-de-urola-turismoa-2\/#primaryimage"},"thumbnailUrl":"https:\/\/iraurgiberritzen.eus\/wp-content\/uploads\/2025\/03\/WhatsApp-Image-2025-03-18-at-10.05.23.jpeg","datePublished":"2025-03-18T10:40:01+00:00","dateModified":"2025-03-18T10:41:57+00:00","breadcrumb":{"@id":"https:\/\/iraurgiberritzen.eus\/es\/colaboracion-entre-la-media-maraton-azkotia-azpeitia-e-iraurgi-berritzen-a-traves-de-urola-turismoa-2\/#breadcrumb"},"inLanguage":"es","potentialAction":[{"@type":"ReadAction","target":["https:\/\/iraurgiberritzen.eus\/es\/colaboracion-entre-la-media-maraton-azkotia-azpeitia-e-iraurgi-berritzen-a-traves-de-urola-turismoa-2\/"]}]},{"@type":"ImageObject","inLanguage":"es","@id":"https:\/\/iraurgiberritzen.eus\/es\/colaboracion-entre-la-media-maraton-azkotia-azpeitia-e-iraurgi-berritzen-a-traves-de-urola-turismoa-2\/#primaryimage","url":"https:\/\/iraurgiberritzen.eus\/wp-content\/uploads\/2025\/03\/WhatsApp-Image-2025-03-18-at-10.05.23.jpeg","contentUrl":"https:\/\/iraurgiberritzen.eus\/wp-content\/uploads\/2025\/03\/WhatsApp-Image-2025-03-18-at-10.05.23.jpeg","width":1600,"height":1200},{"@type":"BreadcrumbList","@id":"https:\/\/iraurgiberritzen.eus\/es\/colaboracion-entre-la-media-maraton-azkotia-azpeitia-e-iraurgi-berritzen-a-traves-de-urola-turismoa-2\/#breadcrumb","itemListElement":[{"@type":"ListItem","position":1,"name":"Home","item":"https:\/\/iraurgiberritzen.eus\/es\/"},{"@type":"ListItem","position":2,"name":"Colaboraci\u00f3n entre la Media Marat\u00f3n Azkotia-Azpeitia e Iraurgi Berritzen a trav\u00e9s de Urola Turismoa"}]},{"@type":"WebSite","@id":"https:\/\/iraurgiberritzen.eus\/es\/#website","url":"https:\/\/iraurgiberritzen.eus\/es\/","name":"Iraurgi Berritzen","description":"Urola Erdiko Garapen Agentzia","publisher":{"@id":"https:\/\/iraurgiberritzen.eus\/es\/#organization"},"potentialAction":[{"@type":"SearchAction","target":{"@type":"EntryPoint","urlTemplate":"https:\/\/iraurgiberritzen.eus\/es\/?s={search_term_string}"},"query-input":{"@type":"PropertyValueSpecification","valueRequired":true,"valueName":"search_term_string"}}],"inLanguage":"es"},{"@type":"Organization","@id":"https:\/\/iraurgiberritzen.eus\/es\/#organization","name":"Iraurgi Berritzen","url":"https:\/\/iraurgiberritzen.eus\/es\/","logo":{"@type":"ImageObject","inLanguage":"es","@id":"https:\/\/iraurgiberritzen.eus\/es\/#\/schema\/logo\/image\/","url":"https:\/\/iraurgiberritzen.eus\/wp-content\/uploads\/2024\/02\/IRAURGI-BERRITZEN-logotipoa_2.png","contentUrl":"https:\/\/iraurgiberritzen.eus\/wp-content\/uploads\/2024\/02\/IRAURGI-BERRITZEN-logotipoa_2.png","width":496,"height":190,"caption":"Iraurgi Berritzen"},"image":{"@id":"https:\/\/iraurgiberritzen.eus\/es\/#\/schema\/logo\/image\/"}},{"@type":"Person","@id":"https:\/\/iraurgiberritzen.eus\/es\/#\/schema\/person\/a32c9825b3e2bfcbe757a97f6a15c8a5","name":"ainara"}]}},"_links":{"self":[{"href":"https:\/\/iraurgiberritzen.eus\/es\/wp-json\/wp\/v2\/posts\/22849","targetHints":{"allow":["GET"]}}],"collection":[{"href":"https:\/\/iraurgiberritzen.eus\/es\/wp-json\/wp\/v2\/posts"}],"about":[{"href":"https:\/\/iraurgiberritzen.eus\/es\/wp-json\/wp\/v2\/types\/post"}],"author":[{"embeddable":true,"href":"https:\/\/iraurgiberritzen.eus\/es\/wp-json\/wp\/v2\/users\/4"}],"replies":[{"embeddable":true,"href":"https:\/\/iraurgiberritzen.eus\/es\/wp-json\/wp\/v2\/comments?post=22849"}],"version-history":[{"count":3,"href":"https:\/\/iraurgiberritzen.eus\/es\/wp-json\/wp\/v2\/posts\/22849\/revisions"}],"predecessor-version":[{"id":22853,"href":"https:\/\/iraurgiberritzen.eus\/es\/wp-json\/wp\/v2\/posts\/22849\/revisions\/22853"}],"wp:featuredmedia":[{"embeddable":true,"href":"https:\/\/iraurgiberritzen.eus\/es\/wp-json\/wp\/v2\/media\/22845"}],"wp:attachment":[{"href":"https:\/\/iraurgiberritzen.eus\/es\/wp-json\/wp\/v2\/media?parent=22849"}],"wp:term":[{"taxonomy":"category","embeddable":true,"href":"https:\/\/iraurgiberritzen.eus\/es\/wp-json\/wp\/v2\/categories?post=22849"},{"taxonomy":"post_tag","embeddable":true,"href":"https:\/\/iraurgiberritzen.eus\/es\/wp-json\/wp\/v2\/tags?post=22849"}],"curies":[{"name":"wp","href":"https:\/\/api.w.org\/{rel}","templated":true}]}}