{"id":22866,"date":"2025-03-21T13:29:22","date_gmt":"2025-03-21T11:29:22","guid":{"rendered":"https:\/\/iraurgiberritzen.eus\/?p=22866"},"modified":"2025-03-23T19:01:33","modified_gmt":"2025-03-23T17:01:33","slug":"xii-cafe-tertulia-haz-de-tus-emociones-tus-mejores-aliados","status":"publish","type":"post","link":"https:\/\/iraurgiberritzen.eus\/es\/xii-cafe-tertulia-haz-de-tus-emociones-tus-mejores-aliados\/","title":{"rendered":"XII. Caf\u00e9 Tertulia: \u201cHaz de tus emociones tus mejores aliados\u201d"},"content":{"rendered":"<p><span data-contrast=\"auto\">Ayer se celebr\u00f3 el caf\u00e9 tertulia del primer semestre de 2025, bajo el inspirador tema <em><strong>\u201cHaz de tus emociones tus mejores aliados\u201d<\/strong><\/em>. Para ello, contamos con la presencia de la coach, Mar\u00eda D\u00edez, quien fue la encargada de dinamizar y guiar la conversaci\u00f3n.<\/span><span data-ccp-props=\"{&quot;134233117&quot;:false,&quot;134233118&quot;:false,&quot;335559738&quot;:240,&quot;335559739&quot;:240}\">\u00a0<\/span><\/p>\n<p><span data-contrast=\"auto\">El encuentro, pensado como un espacio \u00edntimo y cercano, permiti\u00f3 a los asistentes compartir sus experiencias personales, hablar abiertamente sobre las emociones que surgen en el camino del emprendimiento y reflexionar sobre c\u00f3mo gestionarlas de manera saludable y constructiva.<\/span><span data-ccp-props=\"{&quot;134233117&quot;:false,&quot;134233118&quot;:false,&quot;335559738&quot;:240,&quot;335559739&quot;:240}\">\u00a0<\/span><\/p>\n<p><span data-contrast=\"auto\">Durante la tertulia, se puso de manifiesto la importancia de no silenciar emociones como el miedo, la frustraci\u00f3n o la inseguridad, ya que forman parte del proceso emprendedor. Mar\u00eda D\u00edez anim\u00f3 a los participantes a ver estas emociones no como obst\u00e1culos, sino como se\u00f1ales que pueden convertirse en poderosas aliadas si se gestionan de forma adecuada.<\/span><span data-ccp-props=\"{&quot;134233117&quot;:false,&quot;134233118&quot;:false,&quot;335559738&quot;:240,&quot;335559739&quot;:240}\">\u00a0<\/span><\/p>\n<p><span data-contrast=\"auto\">Este Caf\u00e9 Tertulia no solo ofreci\u00f3 herramientas pr\u00e1cticas para la gesti\u00f3n emocional, sino que tambi\u00e9n dej\u00f3 claro que el emprendimiento no se construye solo con ideas y esfuerzo, sino tambi\u00e9n con autoconocimiento y empat\u00eda.<\/span><span data-ccp-props=\"{&quot;134233117&quot;:false,&quot;134233118&quot;:false,&quot;335559738&quot;:240,&quot;335559739&quot;:240}\">\u00a0<\/span><\/p>\n","protected":false},"excerpt":{"rendered":"<p>Ayer se celebr\u00f3 el caf\u00e9 tertulia del primer semestre de 2025, bajo el inspirador tema \u201cHaz de tus emociones tus mejores aliados\u201d. Para ello, contamos con la presencia de la coach, Mar\u00eda D\u00edez, quien fue la encargada de dinamizar y guiar la conversaci\u00f3n.\u00a0 El encuentro, pensado como un espacio \u00edntimo y cercano, permiti\u00f3 a los [&hellip;]<\/p>\n","protected":false},"author":4,"featured_media":22864,"comment_status":"closed","ping_status":"closed","sticky":false,"template":"","format":"standard","meta":{"_acf_changed":false,"footnotes":""},"categories":[4],"tags":[],"class_list":["post-22866","post","type-post","status-publish","format-standard","has-post-thumbnail","hentry","category-noticias","arloak-emprendimiento"],"acf":[],"yoast_head":"<!-- This site is optimized with the Yoast SEO plugin v27.4 - https:\/\/yoast.com\/product\/yoast-seo-wordpress\/ -->\n<title>XII. Caf\u00e9 Tertulia: \u201cHaz de tus emociones tus mejores aliados\u201d - Iraurgi Berritzen<\/title>\n<meta name=\"robots\" content=\"index, follow, max-snippet:-1, max-image-preview:large, max-video-preview:-1\" \/>\n<link rel=\"canonical\" href=\"https:\/\/iraurgiberritzen.eus\/es\/xii-cafe-tertulia-haz-de-tus-emociones-tus-mejores-aliados\/\" \/>\n<meta property=\"og:locale\" content=\"es_ES\" \/>\n<meta property=\"og:type\" content=\"article\" \/>\n<meta property=\"og:title\" content=\"XII. Caf\u00e9 Tertulia: \u201cHaz de tus emociones tus mejores aliados\u201d - Iraurgi Berritzen\" \/>\n<meta property=\"og:description\" content=\"Ayer se celebr\u00f3 el caf\u00e9 tertulia del primer semestre de 2025, bajo el inspirador tema \u201cHaz de tus emociones tus mejores aliados\u201d. Para ello, contamos con la presencia de la coach, Mar\u00eda D\u00edez, quien fue la encargada de dinamizar y guiar la conversaci\u00f3n.\u00a0 El encuentro, pensado como un espacio \u00edntimo y cercano, permiti\u00f3 a los [&hellip;]\" \/>\n<meta property=\"og:url\" content=\"https:\/\/iraurgiberritzen.eus\/es\/xii-cafe-tertulia-haz-de-tus-emociones-tus-mejores-aliados\/\" \/>\n<meta property=\"og:site_name\" content=\"Iraurgi Berritzen\" \/>\n<meta property=\"article:published_time\" content=\"2025-03-21T11:29:22+00:00\" \/>\n<meta property=\"article:modified_time\" content=\"2025-03-23T17:01:33+00:00\" \/>\n<meta property=\"og:image\" content=\"https:\/\/iraurgiberritzen.eus\/wp-content\/uploads\/2025\/03\/WhatsApp-Image-2025-03-21-at-09.15.39.jpeg\" \/>\n\t<meta property=\"og:image:width\" content=\"1600\" \/>\n\t<meta property=\"og:image:height\" content=\"1135\" \/>\n\t<meta property=\"og:image:type\" content=\"image\/jpeg\" \/>\n<meta name=\"author\" content=\"ainara\" \/>\n<meta name=\"twitter:card\" content=\"summary_large_image\" \/>\n<meta name=\"twitter:label1\" content=\"Escrito por\" \/>\n\t<meta name=\"twitter:data1\" content=\"ainara\" \/>\n\t<meta name=\"twitter:label2\" content=\"Tiempo de lectura\" \/>\n\t<meta name=\"twitter:data2\" content=\"2 minutos\" \/>\n<script type=\"application\/ld+json\" class=\"yoast-schema-graph\">{\"@context\":\"https:\\\/\\\/schema.org\",\"@graph\":[{\"@type\":\"Article\",\"@id\":\"https:\\\/\\\/iraurgiberritzen.eus\\\/es\\\/xii-cafe-tertulia-haz-de-tus-emociones-tus-mejores-aliados\\\/#article\",\"isPartOf\":{\"@id\":\"https:\\\/\\\/iraurgiberritzen.eus\\\/es\\\/xii-cafe-tertulia-haz-de-tus-emociones-tus-mejores-aliados\\\/\"},\"author\":{\"name\":\"ainara\",\"@id\":\"https:\\\/\\\/iraurgiberritzen.eus\\\/es\\\/#\\\/schema\\\/person\\\/a32c9825b3e2bfcbe757a97f6a15c8a5\"},\"headline\":\"XII. Caf\u00e9 Tertulia: \u201cHaz de tus emociones tus mejores aliados\u201d\",\"datePublished\":\"2025-03-21T11:29:22+00:00\",\"dateModified\":\"2025-03-23T17:01:33+00:00\",\"mainEntityOfPage\":{\"@id\":\"https:\\\/\\\/iraurgiberritzen.eus\\\/es\\\/xii-cafe-tertulia-haz-de-tus-emociones-tus-mejores-aliados\\\/\"},\"wordCount\":195,\"publisher\":{\"@id\":\"https:\\\/\\\/iraurgiberritzen.eus\\\/es\\\/#organization\"},\"image\":{\"@id\":\"https:\\\/\\\/iraurgiberritzen.eus\\\/es\\\/xii-cafe-tertulia-haz-de-tus-emociones-tus-mejores-aliados\\\/#primaryimage\"},\"thumbnailUrl\":\"https:\\\/\\\/iraurgiberritzen.eus\\\/wp-content\\\/uploads\\\/2025\\\/03\\\/WhatsApp-Image-2025-03-21-at-09.15.39.jpeg\",\"articleSection\":[\"Noticias\"],\"inLanguage\":\"es\"},{\"@type\":\"WebPage\",\"@id\":\"https:\\\/\\\/iraurgiberritzen.eus\\\/es\\\/xii-cafe-tertulia-haz-de-tus-emociones-tus-mejores-aliados\\\/\",\"url\":\"https:\\\/\\\/iraurgiberritzen.eus\\\/es\\\/xii-cafe-tertulia-haz-de-tus-emociones-tus-mejores-aliados\\\/\",\"name\":\"XII. Caf\u00e9 Tertulia: \u201cHaz de tus emociones tus mejores aliados\u201d - Iraurgi Berritzen\",\"isPartOf\":{\"@id\":\"https:\\\/\\\/iraurgiberritzen.eus\\\/es\\\/#website\"},\"primaryImageOfPage\":{\"@id\":\"https:\\\/\\\/iraurgiberritzen.eus\\\/es\\\/xii-cafe-tertulia-haz-de-tus-emociones-tus-mejores-aliados\\\/#primaryimage\"},\"image\":{\"@id\":\"https:\\\/\\\/iraurgiberritzen.eus\\\/es\\\/xii-cafe-tertulia-haz-de-tus-emociones-tus-mejores-aliados\\\/#primaryimage\"},\"thumbnailUrl\":\"https:\\\/\\\/iraurgiberritzen.eus\\\/wp-content\\\/uploads\\\/2025\\\/03\\\/WhatsApp-Image-2025-03-21-at-09.15.39.jpeg\",\"datePublished\":\"2025-03-21T11:29:22+00:00\",\"dateModified\":\"2025-03-23T17:01:33+00:00\",\"breadcrumb\":{\"@id\":\"https:\\\/\\\/iraurgiberritzen.eus\\\/es\\\/xii-cafe-tertulia-haz-de-tus-emociones-tus-mejores-aliados\\\/#breadcrumb\"},\"inLanguage\":\"es\",\"potentialAction\":[{\"@type\":\"ReadAction\",\"target\":[\"https:\\\/\\\/iraurgiberritzen.eus\\\/es\\\/xii-cafe-tertulia-haz-de-tus-emociones-tus-mejores-aliados\\\/\"]}]},{\"@type\":\"ImageObject\",\"inLanguage\":\"es\",\"@id\":\"https:\\\/\\\/iraurgiberritzen.eus\\\/es\\\/xii-cafe-tertulia-haz-de-tus-emociones-tus-mejores-aliados\\\/#primaryimage\",\"url\":\"https:\\\/\\\/iraurgiberritzen.eus\\\/wp-content\\\/uploads\\\/2025\\\/03\\\/WhatsApp-Image-2025-03-21-at-09.15.39.jpeg\",\"contentUrl\":\"https:\\\/\\\/iraurgiberritzen.eus\\\/wp-content\\\/uploads\\\/2025\\\/03\\\/WhatsApp-Image-2025-03-21-at-09.15.39.jpeg\",\"width\":1600,\"height\":1135},{\"@type\":\"BreadcrumbList\",\"@id\":\"https:\\\/\\\/iraurgiberritzen.eus\\\/es\\\/xii-cafe-tertulia-haz-de-tus-emociones-tus-mejores-aliados\\\/#breadcrumb\",\"itemListElement\":[{\"@type\":\"ListItem\",\"position\":1,\"name\":\"Home\",\"item\":\"https:\\\/\\\/iraurgiberritzen.eus\\\/es\\\/\"},{\"@type\":\"ListItem\",\"position\":2,\"name\":\"XII. Caf\u00e9 Tertulia: \u201cHaz de tus emociones tus mejores aliados\u201d\"}]},{\"@type\":\"WebSite\",\"@id\":\"https:\\\/\\\/iraurgiberritzen.eus\\\/es\\\/#website\",\"url\":\"https:\\\/\\\/iraurgiberritzen.eus\\\/es\\\/\",\"name\":\"Iraurgi Berritzen\",\"description\":\"Urola Erdiko Garapen Agentzia\",\"publisher\":{\"@id\":\"https:\\\/\\\/iraurgiberritzen.eus\\\/es\\\/#organization\"},\"potentialAction\":[{\"@type\":\"SearchAction\",\"target\":{\"@type\":\"EntryPoint\",\"urlTemplate\":\"https:\\\/\\\/iraurgiberritzen.eus\\\/es\\\/?s={search_term_string}\"},\"query-input\":{\"@type\":\"PropertyValueSpecification\",\"valueRequired\":true,\"valueName\":\"search_term_string\"}}],\"inLanguage\":\"es\"},{\"@type\":\"Organization\",\"@id\":\"https:\\\/\\\/iraurgiberritzen.eus\\\/es\\\/#organization\",\"name\":\"Iraurgi Berritzen\",\"url\":\"https:\\\/\\\/iraurgiberritzen.eus\\\/es\\\/\",\"logo\":{\"@type\":\"ImageObject\",\"inLanguage\":\"es\",\"@id\":\"https:\\\/\\\/iraurgiberritzen.eus\\\/es\\\/#\\\/schema\\\/logo\\\/image\\\/\",\"url\":\"https:\\\/\\\/iraurgiberritzen.eus\\\/wp-content\\\/uploads\\\/2024\\\/02\\\/IRAURGI-BERRITZEN-logotipoa_2.png\",\"contentUrl\":\"https:\\\/\\\/iraurgiberritzen.eus\\\/wp-content\\\/uploads\\\/2024\\\/02\\\/IRAURGI-BERRITZEN-logotipoa_2.png\",\"width\":496,\"height\":190,\"caption\":\"Iraurgi Berritzen\"},\"image\":{\"@id\":\"https:\\\/\\\/iraurgiberritzen.eus\\\/es\\\/#\\\/schema\\\/logo\\\/image\\\/\"}},{\"@type\":\"Person\",\"@id\":\"https:\\\/\\\/iraurgiberritzen.eus\\\/es\\\/#\\\/schema\\\/person\\\/a32c9825b3e2bfcbe757a97f6a15c8a5\",\"name\":\"ainara\"}]}<\/script>\n<!-- \/ Yoast SEO plugin. -->","yoast_head_json":{"title":"XII. Caf\u00e9 Tertulia: \u201cHaz de tus emociones tus mejores aliados\u201d - Iraurgi Berritzen","robots":{"index":"index","follow":"follow","max-snippet":"max-snippet:-1","max-image-preview":"max-image-preview:large","max-video-preview":"max-video-preview:-1"},"canonical":"https:\/\/iraurgiberritzen.eus\/es\/xii-cafe-tertulia-haz-de-tus-emociones-tus-mejores-aliados\/","og_locale":"es_ES","og_type":"article","og_title":"XII. Caf\u00e9 Tertulia: \u201cHaz de tus emociones tus mejores aliados\u201d - Iraurgi Berritzen","og_description":"Ayer se celebr\u00f3 el caf\u00e9 tertulia del primer semestre de 2025, bajo el inspirador tema \u201cHaz de tus emociones tus mejores aliados\u201d. Para ello, contamos con la presencia de la coach, Mar\u00eda D\u00edez, quien fue la encargada de dinamizar y guiar la conversaci\u00f3n.\u00a0 El encuentro, pensado como un espacio \u00edntimo y cercano, permiti\u00f3 a los [&hellip;]","og_url":"https:\/\/iraurgiberritzen.eus\/es\/xii-cafe-tertulia-haz-de-tus-emociones-tus-mejores-aliados\/","og_site_name":"Iraurgi Berritzen","article_published_time":"2025-03-21T11:29:22+00:00","article_modified_time":"2025-03-23T17:01:33+00:00","og_image":[{"width":1600,"height":1135,"url":"https:\/\/iraurgiberritzen.eus\/wp-content\/uploads\/2025\/03\/WhatsApp-Image-2025-03-21-at-09.15.39.jpeg","type":"image\/jpeg"}],"author":"ainara","twitter_card":"summary_large_image","twitter_misc":{"Escrito por":"ainara","Tiempo de lectura":"2 minutos"},"schema":{"@context":"https:\/\/schema.org","@graph":[{"@type":"Article","@id":"https:\/\/iraurgiberritzen.eus\/es\/xii-cafe-tertulia-haz-de-tus-emociones-tus-mejores-aliados\/#article","isPartOf":{"@id":"https:\/\/iraurgiberritzen.eus\/es\/xii-cafe-tertulia-haz-de-tus-emociones-tus-mejores-aliados\/"},"author":{"name":"ainara","@id":"https:\/\/iraurgiberritzen.eus\/es\/#\/schema\/person\/a32c9825b3e2bfcbe757a97f6a15c8a5"},"headline":"XII. Caf\u00e9 Tertulia: \u201cHaz de tus emociones tus mejores aliados\u201d","datePublished":"2025-03-21T11:29:22+00:00","dateModified":"2025-03-23T17:01:33+00:00","mainEntityOfPage":{"@id":"https:\/\/iraurgiberritzen.eus\/es\/xii-cafe-tertulia-haz-de-tus-emociones-tus-mejores-aliados\/"},"wordCount":195,"publisher":{"@id":"https:\/\/iraurgiberritzen.eus\/es\/#organization"},"image":{"@id":"https:\/\/iraurgiberritzen.eus\/es\/xii-cafe-tertulia-haz-de-tus-emociones-tus-mejores-aliados\/#primaryimage"},"thumbnailUrl":"https:\/\/iraurgiberritzen.eus\/wp-content\/uploads\/2025\/03\/WhatsApp-Image-2025-03-21-at-09.15.39.jpeg","articleSection":["Noticias"],"inLanguage":"es"},{"@type":"WebPage","@id":"https:\/\/iraurgiberritzen.eus\/es\/xii-cafe-tertulia-haz-de-tus-emociones-tus-mejores-aliados\/","url":"https:\/\/iraurgiberritzen.eus\/es\/xii-cafe-tertulia-haz-de-tus-emociones-tus-mejores-aliados\/","name":"XII. Caf\u00e9 Tertulia: \u201cHaz de tus emociones tus mejores aliados\u201d - Iraurgi Berritzen","isPartOf":{"@id":"https:\/\/iraurgiberritzen.eus\/es\/#website"},"primaryImageOfPage":{"@id":"https:\/\/iraurgiberritzen.eus\/es\/xii-cafe-tertulia-haz-de-tus-emociones-tus-mejores-aliados\/#primaryimage"},"image":{"@id":"https:\/\/iraurgiberritzen.eus\/es\/xii-cafe-tertulia-haz-de-tus-emociones-tus-mejores-aliados\/#primaryimage"},"thumbnailUrl":"https:\/\/iraurgiberritzen.eus\/wp-content\/uploads\/2025\/03\/WhatsApp-Image-2025-03-21-at-09.15.39.jpeg","datePublished":"2025-03-21T11:29:22+00:00","dateModified":"2025-03-23T17:01:33+00:00","breadcrumb":{"@id":"https:\/\/iraurgiberritzen.eus\/es\/xii-cafe-tertulia-haz-de-tus-emociones-tus-mejores-aliados\/#breadcrumb"},"inLanguage":"es","potentialAction":[{"@type":"ReadAction","target":["https:\/\/iraurgiberritzen.eus\/es\/xii-cafe-tertulia-haz-de-tus-emociones-tus-mejores-aliados\/"]}]},{"@type":"ImageObject","inLanguage":"es","@id":"https:\/\/iraurgiberritzen.eus\/es\/xii-cafe-tertulia-haz-de-tus-emociones-tus-mejores-aliados\/#primaryimage","url":"https:\/\/iraurgiberritzen.eus\/wp-content\/uploads\/2025\/03\/WhatsApp-Image-2025-03-21-at-09.15.39.jpeg","contentUrl":"https:\/\/iraurgiberritzen.eus\/wp-content\/uploads\/2025\/03\/WhatsApp-Image-2025-03-21-at-09.15.39.jpeg","width":1600,"height":1135},{"@type":"BreadcrumbList","@id":"https:\/\/iraurgiberritzen.eus\/es\/xii-cafe-tertulia-haz-de-tus-emociones-tus-mejores-aliados\/#breadcrumb","itemListElement":[{"@type":"ListItem","position":1,"name":"Home","item":"https:\/\/iraurgiberritzen.eus\/es\/"},{"@type":"ListItem","position":2,"name":"XII. Caf\u00e9 Tertulia: \u201cHaz de tus emociones tus mejores aliados\u201d"}]},{"@type":"WebSite","@id":"https:\/\/iraurgiberritzen.eus\/es\/#website","url":"https:\/\/iraurgiberritzen.eus\/es\/","name":"Iraurgi Berritzen","description":"Urola Erdiko Garapen Agentzia","publisher":{"@id":"https:\/\/iraurgiberritzen.eus\/es\/#organization"},"potentialAction":[{"@type":"SearchAction","target":{"@type":"EntryPoint","urlTemplate":"https:\/\/iraurgiberritzen.eus\/es\/?s={search_term_string}"},"query-input":{"@type":"PropertyValueSpecification","valueRequired":true,"valueName":"search_term_string"}}],"inLanguage":"es"},{"@type":"Organization","@id":"https:\/\/iraurgiberritzen.eus\/es\/#organization","name":"Iraurgi Berritzen","url":"https:\/\/iraurgiberritzen.eus\/es\/","logo":{"@type":"ImageObject","inLanguage":"es","@id":"https:\/\/iraurgiberritzen.eus\/es\/#\/schema\/logo\/image\/","url":"https:\/\/iraurgiberritzen.eus\/wp-content\/uploads\/2024\/02\/IRAURGI-BERRITZEN-logotipoa_2.png","contentUrl":"https:\/\/iraurgiberritzen.eus\/wp-content\/uploads\/2024\/02\/IRAURGI-BERRITZEN-logotipoa_2.png","width":496,"height":190,"caption":"Iraurgi Berritzen"},"image":{"@id":"https:\/\/iraurgiberritzen.eus\/es\/#\/schema\/logo\/image\/"}},{"@type":"Person","@id":"https:\/\/iraurgiberritzen.eus\/es\/#\/schema\/person\/a32c9825b3e2bfcbe757a97f6a15c8a5","name":"ainara"}]}},"_links":{"self":[{"href":"https:\/\/iraurgiberritzen.eus\/es\/wp-json\/wp\/v2\/posts\/22866","targetHints":{"allow":["GET"]}}],"collection":[{"href":"https:\/\/iraurgiberritzen.eus\/es\/wp-json\/wp\/v2\/posts"}],"about":[{"href":"https:\/\/iraurgiberritzen.eus\/es\/wp-json\/wp\/v2\/types\/post"}],"author":[{"embeddable":true,"href":"https:\/\/iraurgiberritzen.eus\/es\/wp-json\/wp\/v2\/users\/4"}],"replies":[{"embeddable":true,"href":"https:\/\/iraurgiberritzen.eus\/es\/wp-json\/wp\/v2\/comments?post=22866"}],"version-history":[{"count":2,"href":"https:\/\/iraurgiberritzen.eus\/es\/wp-json\/wp\/v2\/posts\/22866\/revisions"}],"predecessor-version":[{"id":22886,"href":"https:\/\/iraurgiberritzen.eus\/es\/wp-json\/wp\/v2\/posts\/22866\/revisions\/22886"}],"wp:featuredmedia":[{"embeddable":true,"href":"https:\/\/iraurgiberritzen.eus\/es\/wp-json\/wp\/v2\/media\/22864"}],"wp:attachment":[{"href":"https:\/\/iraurgiberritzen.eus\/es\/wp-json\/wp\/v2\/media?parent=22866"}],"wp:term":[{"taxonomy":"category","embeddable":true,"href":"https:\/\/iraurgiberritzen.eus\/es\/wp-json\/wp\/v2\/categories?post=22866"},{"taxonomy":"post_tag","embeddable":true,"href":"https:\/\/iraurgiberritzen.eus\/es\/wp-json\/wp\/v2\/tags?post=22866"}],"curies":[{"name":"wp","href":"https:\/\/api.w.org\/{rel}","templated":true}]}}