{"id":22919,"date":"2025-03-28T16:50:30","date_gmt":"2025-03-28T14:50:30","guid":{"rendered":"https:\/\/iraurgiberritzen.eus\/?p=22919"},"modified":"2025-03-28T16:51:00","modified_gmt":"2025-03-28T14:51:00","slug":"presentacion-del-programa-lan-mentoring-a-las-empresas-de-la-comarca","status":"publish","type":"post","link":"https:\/\/iraurgiberritzen.eus\/es\/presentacion-del-programa-lan-mentoring-a-las-empresas-de-la-comarca\/","title":{"rendered":"Presentaci\u00f3n del  Programa Lan Mentoring a las empresas de la comarca"},"content":{"rendered":"<p><span data-contrast=\"auto\">Esta ma\u00f1ana se ha celebrado la sesi\u00f3n de presentaci\u00f3n del <\/span><b><span data-contrast=\"auto\">Programa Lan Mentoring<\/span><\/b><span data-contrast=\"auto\">, una iniciativa impulsada por Lanbide e Innobasque con el objetivo de ayudar a las empresas de la comarca a gestionar el relevo generacional de forma organizada. La sesi\u00f3n se ha llevado a cabo en formato online y ha contado con la participaci\u00f3n de representantes de varias empresas del entorno.<\/span><span data-ccp-props=\"{&quot;134233117&quot;:true,&quot;134233118&quot;:true}\">\u00a0<\/span><\/p>\n<p><span data-contrast=\"auto\">A trav\u00e9s de este programa, las empresas podr\u00e1n acceder a <\/span><b><span data-contrast=\"auto\">un diagn\u00f3stico, asesoramiento personalizado y acompa\u00f1amiento directo y gratuito<\/span><\/b><span data-contrast=\"auto\">. A lo largo de un proceso de seis meses, el objetivo principal es <\/span><b><span data-contrast=\"auto\">garantizar la continuidad de los puestos clave, evitar la p\u00e9rdida de conocimiento y talento<\/span><\/b><span data-contrast=\"auto\">, y, al mismo tiempo, fomentar el <\/span><b><span data-contrast=\"auto\">desarrollo profesional de las personas<\/span><\/b><span data-contrast=\"auto\">.<\/span><span data-ccp-props=\"{&quot;134233117&quot;:true,&quot;134233118&quot;:true}\">\u00a0<\/span><\/p>\n<p><span data-contrast=\"auto\">Las personas participantes han valorado muy positivamente el contenido pr\u00e1ctico de la iniciativa y su aplicabilidad en las empresas. Entre otros aspectos, se han ofrecido herramientas para actualizar la descripci\u00f3n de puestos, mejorar la comunicaci\u00f3n interna y planificar de forma estructurada el relevo generacional.<\/span><span data-ccp-props=\"{&quot;134233117&quot;:true,&quot;134233118&quot;:true}\">\u00a0<\/span><\/p>\n<p><span data-contrast=\"auto\">M\u00e1s informaci\u00f3n sobre el programa en el siguiente enlace: <\/span><a href=\"https:\/\/mcusercontent.com\/2d8efe8a0ff1f67eeea7bfe97\/files\/1c7bdfce-41a0-356f-a86b-7a640e1a40a4\/Folleto_Lan_Mentoring_cast.pdf\" target=\"_blank\" rel=\"noopener\"><b><span data-contrast=\"none\">Programa Lan Mentoring<\/span><\/b><\/a><span data-ccp-props=\"{&quot;134233117&quot;:true,&quot;134233118&quot;:true}\">\u00a0<\/span><\/p>\n","protected":false},"excerpt":{"rendered":"<p>Esta ma\u00f1ana se ha celebrado la sesi\u00f3n de presentaci\u00f3n del Programa Lan Mentoring, una iniciativa impulsada por Lanbide e Innobasque con el objetivo de ayudar a las empresas de la comarca a gestionar el relevo generacional de forma organizada. La sesi\u00f3n se ha llevado a cabo en formato online y ha contado con la participaci\u00f3n [&hellip;]<\/p>\n","protected":false},"author":4,"featured_media":22918,"comment_status":"closed","ping_status":"closed","sticky":false,"template":"","format":"standard","meta":{"_acf_changed":false,"footnotes":""},"categories":[4],"tags":[],"class_list":["post-22919","post","type-post","status-publish","format-standard","has-post-thumbnail","hentry","category-noticias","arloak-enpresa"],"acf":[],"yoast_head":"<!-- This site is optimized with the Yoast SEO plugin v27.4 - https:\/\/yoast.com\/product\/yoast-seo-wordpress\/ -->\n<title>Presentaci\u00f3n del Programa Lan Mentoring a las empresas de la comarca - Iraurgi Berritzen<\/title>\n<meta name=\"robots\" content=\"index, follow, max-snippet:-1, max-image-preview:large, max-video-preview:-1\" \/>\n<link rel=\"canonical\" href=\"https:\/\/iraurgiberritzen.eus\/es\/presentacion-del-programa-lan-mentoring-a-las-empresas-de-la-comarca\/\" \/>\n<meta property=\"og:locale\" content=\"es_ES\" \/>\n<meta property=\"og:type\" content=\"article\" \/>\n<meta property=\"og:title\" content=\"Presentaci\u00f3n del Programa Lan Mentoring a las empresas de la comarca - Iraurgi Berritzen\" \/>\n<meta property=\"og:description\" content=\"Esta ma\u00f1ana se ha celebrado la sesi\u00f3n de presentaci\u00f3n del Programa Lan Mentoring, una iniciativa impulsada por Lanbide e Innobasque con el objetivo de ayudar a las empresas de la comarca a gestionar el relevo generacional de forma organizada. La sesi\u00f3n se ha llevado a cabo en formato online y ha contado con la participaci\u00f3n [&hellip;]\" \/>\n<meta property=\"og:url\" content=\"https:\/\/iraurgiberritzen.eus\/es\/presentacion-del-programa-lan-mentoring-a-las-empresas-de-la-comarca\/\" \/>\n<meta property=\"og:site_name\" content=\"Iraurgi Berritzen\" \/>\n<meta property=\"article:published_time\" content=\"2025-03-28T14:50:30+00:00\" \/>\n<meta property=\"article:modified_time\" content=\"2025-03-28T14:51:00+00:00\" \/>\n<meta property=\"og:image\" content=\"https:\/\/iraurgiberritzen.eus\/wp-content\/uploads\/2025\/03\/Lan-Mentoring.jpg\" \/>\n\t<meta property=\"og:image:width\" content=\"800\" \/>\n\t<meta property=\"og:image:height\" content=\"550\" \/>\n\t<meta property=\"og:image:type\" content=\"image\/jpeg\" \/>\n<meta name=\"author\" content=\"ainara\" \/>\n<meta name=\"twitter:card\" content=\"summary_large_image\" \/>\n<meta name=\"twitter:label1\" content=\"Escrito por\" \/>\n\t<meta name=\"twitter:data1\" content=\"ainara\" \/>\n\t<meta name=\"twitter:label2\" content=\"Tiempo de lectura\" \/>\n\t<meta name=\"twitter:data2\" content=\"2 minutos\" \/>\n<script type=\"application\/ld+json\" class=\"yoast-schema-graph\">{\"@context\":\"https:\\\/\\\/schema.org\",\"@graph\":[{\"@type\":\"Article\",\"@id\":\"https:\\\/\\\/iraurgiberritzen.eus\\\/es\\\/presentacion-del-programa-lan-mentoring-a-las-empresas-de-la-comarca\\\/#article\",\"isPartOf\":{\"@id\":\"https:\\\/\\\/iraurgiberritzen.eus\\\/es\\\/presentacion-del-programa-lan-mentoring-a-las-empresas-de-la-comarca\\\/\"},\"author\":{\"name\":\"ainara\",\"@id\":\"https:\\\/\\\/iraurgiberritzen.eus\\\/es\\\/#\\\/schema\\\/person\\\/a32c9825b3e2bfcbe757a97f6a15c8a5\"},\"headline\":\"Presentaci\u00f3n del Programa Lan Mentoring a las empresas de la comarca\",\"datePublished\":\"2025-03-28T14:50:30+00:00\",\"dateModified\":\"2025-03-28T14:51:00+00:00\",\"mainEntityOfPage\":{\"@id\":\"https:\\\/\\\/iraurgiberritzen.eus\\\/es\\\/presentacion-del-programa-lan-mentoring-a-las-empresas-de-la-comarca\\\/\"},\"wordCount\":202,\"publisher\":{\"@id\":\"https:\\\/\\\/iraurgiberritzen.eus\\\/es\\\/#organization\"},\"image\":{\"@id\":\"https:\\\/\\\/iraurgiberritzen.eus\\\/es\\\/presentacion-del-programa-lan-mentoring-a-las-empresas-de-la-comarca\\\/#primaryimage\"},\"thumbnailUrl\":\"https:\\\/\\\/iraurgiberritzen.eus\\\/wp-content\\\/uploads\\\/2025\\\/03\\\/Lan-Mentoring.jpg\",\"articleSection\":[\"Noticias\"],\"inLanguage\":\"es\"},{\"@type\":\"WebPage\",\"@id\":\"https:\\\/\\\/iraurgiberritzen.eus\\\/es\\\/presentacion-del-programa-lan-mentoring-a-las-empresas-de-la-comarca\\\/\",\"url\":\"https:\\\/\\\/iraurgiberritzen.eus\\\/es\\\/presentacion-del-programa-lan-mentoring-a-las-empresas-de-la-comarca\\\/\",\"name\":\"Presentaci\u00f3n del Programa Lan Mentoring a las empresas de la comarca - Iraurgi Berritzen\",\"isPartOf\":{\"@id\":\"https:\\\/\\\/iraurgiberritzen.eus\\\/es\\\/#website\"},\"primaryImageOfPage\":{\"@id\":\"https:\\\/\\\/iraurgiberritzen.eus\\\/es\\\/presentacion-del-programa-lan-mentoring-a-las-empresas-de-la-comarca\\\/#primaryimage\"},\"image\":{\"@id\":\"https:\\\/\\\/iraurgiberritzen.eus\\\/es\\\/presentacion-del-programa-lan-mentoring-a-las-empresas-de-la-comarca\\\/#primaryimage\"},\"thumbnailUrl\":\"https:\\\/\\\/iraurgiberritzen.eus\\\/wp-content\\\/uploads\\\/2025\\\/03\\\/Lan-Mentoring.jpg\",\"datePublished\":\"2025-03-28T14:50:30+00:00\",\"dateModified\":\"2025-03-28T14:51:00+00:00\",\"breadcrumb\":{\"@id\":\"https:\\\/\\\/iraurgiberritzen.eus\\\/es\\\/presentacion-del-programa-lan-mentoring-a-las-empresas-de-la-comarca\\\/#breadcrumb\"},\"inLanguage\":\"es\",\"potentialAction\":[{\"@type\":\"ReadAction\",\"target\":[\"https:\\\/\\\/iraurgiberritzen.eus\\\/es\\\/presentacion-del-programa-lan-mentoring-a-las-empresas-de-la-comarca\\\/\"]}]},{\"@type\":\"ImageObject\",\"inLanguage\":\"es\",\"@id\":\"https:\\\/\\\/iraurgiberritzen.eus\\\/es\\\/presentacion-del-programa-lan-mentoring-a-las-empresas-de-la-comarca\\\/#primaryimage\",\"url\":\"https:\\\/\\\/iraurgiberritzen.eus\\\/wp-content\\\/uploads\\\/2025\\\/03\\\/Lan-Mentoring.jpg\",\"contentUrl\":\"https:\\\/\\\/iraurgiberritzen.eus\\\/wp-content\\\/uploads\\\/2025\\\/03\\\/Lan-Mentoring.jpg\",\"width\":800,\"height\":550},{\"@type\":\"BreadcrumbList\",\"@id\":\"https:\\\/\\\/iraurgiberritzen.eus\\\/es\\\/presentacion-del-programa-lan-mentoring-a-las-empresas-de-la-comarca\\\/#breadcrumb\",\"itemListElement\":[{\"@type\":\"ListItem\",\"position\":1,\"name\":\"Home\",\"item\":\"https:\\\/\\\/iraurgiberritzen.eus\\\/es\\\/\"},{\"@type\":\"ListItem\",\"position\":2,\"name\":\"Presentaci\u00f3n del Programa Lan Mentoring a las empresas de la comarca\"}]},{\"@type\":\"WebSite\",\"@id\":\"https:\\\/\\\/iraurgiberritzen.eus\\\/es\\\/#website\",\"url\":\"https:\\\/\\\/iraurgiberritzen.eus\\\/es\\\/\",\"name\":\"Iraurgi Berritzen\",\"description\":\"Urola Erdiko Garapen Agentzia\",\"publisher\":{\"@id\":\"https:\\\/\\\/iraurgiberritzen.eus\\\/es\\\/#organization\"},\"potentialAction\":[{\"@type\":\"SearchAction\",\"target\":{\"@type\":\"EntryPoint\",\"urlTemplate\":\"https:\\\/\\\/iraurgiberritzen.eus\\\/es\\\/?s={search_term_string}\"},\"query-input\":{\"@type\":\"PropertyValueSpecification\",\"valueRequired\":true,\"valueName\":\"search_term_string\"}}],\"inLanguage\":\"es\"},{\"@type\":\"Organization\",\"@id\":\"https:\\\/\\\/iraurgiberritzen.eus\\\/es\\\/#organization\",\"name\":\"Iraurgi Berritzen\",\"url\":\"https:\\\/\\\/iraurgiberritzen.eus\\\/es\\\/\",\"logo\":{\"@type\":\"ImageObject\",\"inLanguage\":\"es\",\"@id\":\"https:\\\/\\\/iraurgiberritzen.eus\\\/es\\\/#\\\/schema\\\/logo\\\/image\\\/\",\"url\":\"https:\\\/\\\/iraurgiberritzen.eus\\\/wp-content\\\/uploads\\\/2024\\\/02\\\/IRAURGI-BERRITZEN-logotipoa_2.png\",\"contentUrl\":\"https:\\\/\\\/iraurgiberritzen.eus\\\/wp-content\\\/uploads\\\/2024\\\/02\\\/IRAURGI-BERRITZEN-logotipoa_2.png\",\"width\":496,\"height\":190,\"caption\":\"Iraurgi Berritzen\"},\"image\":{\"@id\":\"https:\\\/\\\/iraurgiberritzen.eus\\\/es\\\/#\\\/schema\\\/logo\\\/image\\\/\"}},{\"@type\":\"Person\",\"@id\":\"https:\\\/\\\/iraurgiberritzen.eus\\\/es\\\/#\\\/schema\\\/person\\\/a32c9825b3e2bfcbe757a97f6a15c8a5\",\"name\":\"ainara\"}]}<\/script>\n<!-- \/ Yoast SEO plugin. -->","yoast_head_json":{"title":"Presentaci\u00f3n del Programa Lan Mentoring a las empresas de la comarca - Iraurgi Berritzen","robots":{"index":"index","follow":"follow","max-snippet":"max-snippet:-1","max-image-preview":"max-image-preview:large","max-video-preview":"max-video-preview:-1"},"canonical":"https:\/\/iraurgiberritzen.eus\/es\/presentacion-del-programa-lan-mentoring-a-las-empresas-de-la-comarca\/","og_locale":"es_ES","og_type":"article","og_title":"Presentaci\u00f3n del Programa Lan Mentoring a las empresas de la comarca - Iraurgi Berritzen","og_description":"Esta ma\u00f1ana se ha celebrado la sesi\u00f3n de presentaci\u00f3n del Programa Lan Mentoring, una iniciativa impulsada por Lanbide e Innobasque con el objetivo de ayudar a las empresas de la comarca a gestionar el relevo generacional de forma organizada. La sesi\u00f3n se ha llevado a cabo en formato online y ha contado con la participaci\u00f3n [&hellip;]","og_url":"https:\/\/iraurgiberritzen.eus\/es\/presentacion-del-programa-lan-mentoring-a-las-empresas-de-la-comarca\/","og_site_name":"Iraurgi Berritzen","article_published_time":"2025-03-28T14:50:30+00:00","article_modified_time":"2025-03-28T14:51:00+00:00","og_image":[{"width":800,"height":550,"url":"https:\/\/iraurgiberritzen.eus\/wp-content\/uploads\/2025\/03\/Lan-Mentoring.jpg","type":"image\/jpeg"}],"author":"ainara","twitter_card":"summary_large_image","twitter_misc":{"Escrito por":"ainara","Tiempo de lectura":"2 minutos"},"schema":{"@context":"https:\/\/schema.org","@graph":[{"@type":"Article","@id":"https:\/\/iraurgiberritzen.eus\/es\/presentacion-del-programa-lan-mentoring-a-las-empresas-de-la-comarca\/#article","isPartOf":{"@id":"https:\/\/iraurgiberritzen.eus\/es\/presentacion-del-programa-lan-mentoring-a-las-empresas-de-la-comarca\/"},"author":{"name":"ainara","@id":"https:\/\/iraurgiberritzen.eus\/es\/#\/schema\/person\/a32c9825b3e2bfcbe757a97f6a15c8a5"},"headline":"Presentaci\u00f3n del Programa Lan Mentoring a las empresas de la comarca","datePublished":"2025-03-28T14:50:30+00:00","dateModified":"2025-03-28T14:51:00+00:00","mainEntityOfPage":{"@id":"https:\/\/iraurgiberritzen.eus\/es\/presentacion-del-programa-lan-mentoring-a-las-empresas-de-la-comarca\/"},"wordCount":202,"publisher":{"@id":"https:\/\/iraurgiberritzen.eus\/es\/#organization"},"image":{"@id":"https:\/\/iraurgiberritzen.eus\/es\/presentacion-del-programa-lan-mentoring-a-las-empresas-de-la-comarca\/#primaryimage"},"thumbnailUrl":"https:\/\/iraurgiberritzen.eus\/wp-content\/uploads\/2025\/03\/Lan-Mentoring.jpg","articleSection":["Noticias"],"inLanguage":"es"},{"@type":"WebPage","@id":"https:\/\/iraurgiberritzen.eus\/es\/presentacion-del-programa-lan-mentoring-a-las-empresas-de-la-comarca\/","url":"https:\/\/iraurgiberritzen.eus\/es\/presentacion-del-programa-lan-mentoring-a-las-empresas-de-la-comarca\/","name":"Presentaci\u00f3n del Programa Lan Mentoring a las empresas de la comarca - Iraurgi Berritzen","isPartOf":{"@id":"https:\/\/iraurgiberritzen.eus\/es\/#website"},"primaryImageOfPage":{"@id":"https:\/\/iraurgiberritzen.eus\/es\/presentacion-del-programa-lan-mentoring-a-las-empresas-de-la-comarca\/#primaryimage"},"image":{"@id":"https:\/\/iraurgiberritzen.eus\/es\/presentacion-del-programa-lan-mentoring-a-las-empresas-de-la-comarca\/#primaryimage"},"thumbnailUrl":"https:\/\/iraurgiberritzen.eus\/wp-content\/uploads\/2025\/03\/Lan-Mentoring.jpg","datePublished":"2025-03-28T14:50:30+00:00","dateModified":"2025-03-28T14:51:00+00:00","breadcrumb":{"@id":"https:\/\/iraurgiberritzen.eus\/es\/presentacion-del-programa-lan-mentoring-a-las-empresas-de-la-comarca\/#breadcrumb"},"inLanguage":"es","potentialAction":[{"@type":"ReadAction","target":["https:\/\/iraurgiberritzen.eus\/es\/presentacion-del-programa-lan-mentoring-a-las-empresas-de-la-comarca\/"]}]},{"@type":"ImageObject","inLanguage":"es","@id":"https:\/\/iraurgiberritzen.eus\/es\/presentacion-del-programa-lan-mentoring-a-las-empresas-de-la-comarca\/#primaryimage","url":"https:\/\/iraurgiberritzen.eus\/wp-content\/uploads\/2025\/03\/Lan-Mentoring.jpg","contentUrl":"https:\/\/iraurgiberritzen.eus\/wp-content\/uploads\/2025\/03\/Lan-Mentoring.jpg","width":800,"height":550},{"@type":"BreadcrumbList","@id":"https:\/\/iraurgiberritzen.eus\/es\/presentacion-del-programa-lan-mentoring-a-las-empresas-de-la-comarca\/#breadcrumb","itemListElement":[{"@type":"ListItem","position":1,"name":"Home","item":"https:\/\/iraurgiberritzen.eus\/es\/"},{"@type":"ListItem","position":2,"name":"Presentaci\u00f3n del Programa Lan Mentoring a las empresas de la comarca"}]},{"@type":"WebSite","@id":"https:\/\/iraurgiberritzen.eus\/es\/#website","url":"https:\/\/iraurgiberritzen.eus\/es\/","name":"Iraurgi Berritzen","description":"Urola Erdiko Garapen Agentzia","publisher":{"@id":"https:\/\/iraurgiberritzen.eus\/es\/#organization"},"potentialAction":[{"@type":"SearchAction","target":{"@type":"EntryPoint","urlTemplate":"https:\/\/iraurgiberritzen.eus\/es\/?s={search_term_string}"},"query-input":{"@type":"PropertyValueSpecification","valueRequired":true,"valueName":"search_term_string"}}],"inLanguage":"es"},{"@type":"Organization","@id":"https:\/\/iraurgiberritzen.eus\/es\/#organization","name":"Iraurgi Berritzen","url":"https:\/\/iraurgiberritzen.eus\/es\/","logo":{"@type":"ImageObject","inLanguage":"es","@id":"https:\/\/iraurgiberritzen.eus\/es\/#\/schema\/logo\/image\/","url":"https:\/\/iraurgiberritzen.eus\/wp-content\/uploads\/2024\/02\/IRAURGI-BERRITZEN-logotipoa_2.png","contentUrl":"https:\/\/iraurgiberritzen.eus\/wp-content\/uploads\/2024\/02\/IRAURGI-BERRITZEN-logotipoa_2.png","width":496,"height":190,"caption":"Iraurgi Berritzen"},"image":{"@id":"https:\/\/iraurgiberritzen.eus\/es\/#\/schema\/logo\/image\/"}},{"@type":"Person","@id":"https:\/\/iraurgiberritzen.eus\/es\/#\/schema\/person\/a32c9825b3e2bfcbe757a97f6a15c8a5","name":"ainara"}]}},"_links":{"self":[{"href":"https:\/\/iraurgiberritzen.eus\/es\/wp-json\/wp\/v2\/posts\/22919","targetHints":{"allow":["GET"]}}],"collection":[{"href":"https:\/\/iraurgiberritzen.eus\/es\/wp-json\/wp\/v2\/posts"}],"about":[{"href":"https:\/\/iraurgiberritzen.eus\/es\/wp-json\/wp\/v2\/types\/post"}],"author":[{"embeddable":true,"href":"https:\/\/iraurgiberritzen.eus\/es\/wp-json\/wp\/v2\/users\/4"}],"replies":[{"embeddable":true,"href":"https:\/\/iraurgiberritzen.eus\/es\/wp-json\/wp\/v2\/comments?post=22919"}],"version-history":[{"count":2,"href":"https:\/\/iraurgiberritzen.eus\/es\/wp-json\/wp\/v2\/posts\/22919\/revisions"}],"predecessor-version":[{"id":22921,"href":"https:\/\/iraurgiberritzen.eus\/es\/wp-json\/wp\/v2\/posts\/22919\/revisions\/22921"}],"wp:featuredmedia":[{"embeddable":true,"href":"https:\/\/iraurgiberritzen.eus\/es\/wp-json\/wp\/v2\/media\/22918"}],"wp:attachment":[{"href":"https:\/\/iraurgiberritzen.eus\/es\/wp-json\/wp\/v2\/media?parent=22919"}],"wp:term":[{"taxonomy":"category","embeddable":true,"href":"https:\/\/iraurgiberritzen.eus\/es\/wp-json\/wp\/v2\/categories?post=22919"},{"taxonomy":"post_tag","embeddable":true,"href":"https:\/\/iraurgiberritzen.eus\/es\/wp-json\/wp\/v2\/tags?post=22919"}],"curies":[{"name":"wp","href":"https:\/\/api.w.org\/{rel}","templated":true}]}}