{"id":22992,"date":"2025-04-02T08:59:35","date_gmt":"2025-04-02T06:59:35","guid":{"rendered":"https:\/\/iraurgiberritzen.eus\/?p=22992"},"modified":"2025-04-02T09:10:42","modified_gmt":"2025-04-02T07:10:42","slug":"celebrado-el-webinar-de-presentacion-de-la-5a-edicion-del-programa-industria","status":"publish","type":"post","link":"https:\/\/iraurgiberritzen.eus\/es\/celebrado-el-webinar-de-presentacion-de-la-5a-edicion-del-programa-industria\/","title":{"rendered":"Celebrado el Webinar de Presentaci\u00f3n de la 5\u00aa Edici\u00f3n del Programa INDUSTRIA"},"content":{"rendered":"<p><span data-contrast=\"auto\">Ayer, <\/span><b><span data-contrast=\"auto\">1 de abril<\/span><\/b><span data-contrast=\"auto\">, celebramos la sesi\u00f3n online de presentaci\u00f3n de la <\/span><b><span data-contrast=\"auto\">5\u00aa edici\u00f3n del Programa INDUSTRIA<\/span><\/b><span data-contrast=\"auto\">, bajo la direcci\u00f3n de <\/span><b><span data-contrast=\"auto\">DigiTalentu<\/span><\/b><span data-contrast=\"auto\"> y <\/span><b><span data-contrast=\"auto\">Brain and Code<\/span><\/b><span data-contrast=\"auto\">.<\/span><span data-ccp-props=\"{&quot;134233117&quot;:false,&quot;134233118&quot;:false,&quot;335559738&quot;:240,&quot;335559739&quot;:240}\">\u00a0<\/span><\/p>\n<p><span data-contrast=\"auto\">El webinar cont\u00f3 con la participaci\u00f3n de representantes de diversas empresas industriales de las comarcas de <\/span><b><span data-contrast=\"auto\">Urola Erdia y Urola Garaia<\/span><\/b><span data-contrast=\"auto\">, quienes pudieron conocer de primera mano los objetivos, estructura y contenidos de este programa especializado en <\/span><b><span data-contrast=\"auto\">Inteligencia Artificial Generativa<\/span><\/b><span data-contrast=\"auto\">.<\/span><span data-ccp-props=\"{&quot;134233117&quot;:false,&quot;134233118&quot;:false,&quot;335559738&quot;:240,&quot;335559739&quot;:240}\">\u00a0<\/span><\/p>\n<p><span data-contrast=\"auto\">Adem\u00e1s de la presentaci\u00f3n, las personas asistentes pudieron resolver sus dudas y compartir inquietudes en directo con el equipo organizador.<\/span><span data-ccp-props=\"{&quot;134233117&quot;:false,&quot;134233118&quot;:false,&quot;335559738&quot;:240,&quot;335559739&quot;:240}\">\u00a0<\/span><\/p>\n<p><b><span data-contrast=\"auto\">La 5\u00aa edici\u00f3n del programa dar\u00e1 comienzo el pr\u00f3ximo 9 de mayo.<\/span><\/b><span data-ccp-props=\"{&quot;134233117&quot;:false,&quot;134233118&quot;:false,&quot;335559738&quot;:240,&quot;335559739&quot;:240}\">\u00a0<\/span><\/p>\n<p>Toda la informaci\u00f3n e inscripciones disponibles en el siguiente enlace: <strong><a href=\"https:\/\/industria.school\/industria\/\" target=\"_blank\" rel=\"noopener\">Programa IndustrIA<\/a>\u00a0<\/strong><\/p>\n","protected":false},"excerpt":{"rendered":"<p>Ayer, 1 de abril, celebramos la sesi\u00f3n online de presentaci\u00f3n de la 5\u00aa edici\u00f3n del Programa INDUSTRIA, bajo la direcci\u00f3n de DigiTalentu y Brain and Code.\u00a0 El webinar cont\u00f3 con la participaci\u00f3n de representantes de diversas empresas industriales de las comarcas de Urola Erdia y Urola Garaia, quienes pudieron conocer de primera mano los objetivos, [&hellip;]<\/p>\n","protected":false},"author":4,"featured_media":23010,"comment_status":"closed","ping_status":"closed","sticky":false,"template":"","format":"standard","meta":{"_acf_changed":false,"footnotes":""},"categories":[4],"tags":[],"class_list":["post-22992","post","type-post","status-publish","format-standard","has-post-thumbnail","hentry","category-noticias","arloak-enpresa"],"acf":[],"yoast_head":"<!-- This site is optimized with the Yoast SEO plugin v27.4 - https:\/\/yoast.com\/product\/yoast-seo-wordpress\/ -->\n<title>Celebrado el Webinar de Presentaci\u00f3n de la 5\u00aa Edici\u00f3n del Programa INDUSTRIA - Iraurgi Berritzen<\/title>\n<meta name=\"robots\" content=\"index, follow, max-snippet:-1, max-image-preview:large, max-video-preview:-1\" \/>\n<link rel=\"canonical\" href=\"https:\/\/iraurgiberritzen.eus\/es\/celebrado-el-webinar-de-presentacion-de-la-5a-edicion-del-programa-industria\/\" \/>\n<meta property=\"og:locale\" content=\"es_ES\" \/>\n<meta property=\"og:type\" content=\"article\" \/>\n<meta property=\"og:title\" content=\"Celebrado el Webinar de Presentaci\u00f3n de la 5\u00aa Edici\u00f3n del Programa INDUSTRIA - Iraurgi Berritzen\" \/>\n<meta property=\"og:description\" content=\"Ayer, 1 de abril, celebramos la sesi\u00f3n online de presentaci\u00f3n de la 5\u00aa edici\u00f3n del Programa INDUSTRIA, bajo la direcci\u00f3n de DigiTalentu y Brain and Code.\u00a0 El webinar cont\u00f3 con la participaci\u00f3n de representantes de diversas empresas industriales de las comarcas de Urola Erdia y Urola Garaia, quienes pudieron conocer de primera mano los objetivos, [&hellip;]\" \/>\n<meta property=\"og:url\" content=\"https:\/\/iraurgiberritzen.eus\/es\/celebrado-el-webinar-de-presentacion-de-la-5a-edicion-del-programa-industria\/\" \/>\n<meta property=\"og:site_name\" content=\"Iraurgi Berritzen\" \/>\n<meta property=\"article:published_time\" content=\"2025-04-02T06:59:35+00:00\" \/>\n<meta property=\"article:modified_time\" content=\"2025-04-02T07:10:42+00:00\" \/>\n<meta property=\"og:image\" content=\"https:\/\/iraurgiberritzen.eus\/wp-content\/uploads\/2025\/04\/PORTADA-IB-WEB-800-x-550-px-39.jpg\" \/>\n\t<meta property=\"og:image:width\" content=\"2500\" \/>\n\t<meta property=\"og:image:height\" content=\"1719\" \/>\n\t<meta property=\"og:image:type\" content=\"image\/jpeg\" \/>\n<meta name=\"author\" content=\"ainara\" \/>\n<meta name=\"twitter:card\" content=\"summary_large_image\" \/>\n<meta name=\"twitter:label1\" content=\"Escrito por\" \/>\n\t<meta name=\"twitter:data1\" content=\"ainara\" \/>\n\t<meta name=\"twitter:label2\" content=\"Tiempo de lectura\" \/>\n\t<meta name=\"twitter:data2\" content=\"1 minuto\" \/>\n<script type=\"application\/ld+json\" class=\"yoast-schema-graph\">{\"@context\":\"https:\\\/\\\/schema.org\",\"@graph\":[{\"@type\":\"Article\",\"@id\":\"https:\\\/\\\/iraurgiberritzen.eus\\\/es\\\/celebrado-el-webinar-de-presentacion-de-la-5a-edicion-del-programa-industria\\\/#article\",\"isPartOf\":{\"@id\":\"https:\\\/\\\/iraurgiberritzen.eus\\\/es\\\/celebrado-el-webinar-de-presentacion-de-la-5a-edicion-del-programa-industria\\\/\"},\"author\":{\"name\":\"ainara\",\"@id\":\"https:\\\/\\\/iraurgiberritzen.eus\\\/es\\\/#\\\/schema\\\/person\\\/a32c9825b3e2bfcbe757a97f6a15c8a5\"},\"headline\":\"Celebrado el Webinar de Presentaci\u00f3n de la 5\u00aa Edici\u00f3n del Programa INDUSTRIA\",\"datePublished\":\"2025-04-02T06:59:35+00:00\",\"dateModified\":\"2025-04-02T07:10:42+00:00\",\"mainEntityOfPage\":{\"@id\":\"https:\\\/\\\/iraurgiberritzen.eus\\\/es\\\/celebrado-el-webinar-de-presentacion-de-la-5a-edicion-del-programa-industria\\\/\"},\"wordCount\":129,\"publisher\":{\"@id\":\"https:\\\/\\\/iraurgiberritzen.eus\\\/es\\\/#organization\"},\"image\":{\"@id\":\"https:\\\/\\\/iraurgiberritzen.eus\\\/es\\\/celebrado-el-webinar-de-presentacion-de-la-5a-edicion-del-programa-industria\\\/#primaryimage\"},\"thumbnailUrl\":\"https:\\\/\\\/iraurgiberritzen.eus\\\/wp-content\\\/uploads\\\/2025\\\/04\\\/PORTADA-IB-WEB-800-x-550-px-43.jpg\",\"articleSection\":[\"Noticias\"],\"inLanguage\":\"es\"},{\"@type\":\"WebPage\",\"@id\":\"https:\\\/\\\/iraurgiberritzen.eus\\\/es\\\/celebrado-el-webinar-de-presentacion-de-la-5a-edicion-del-programa-industria\\\/\",\"url\":\"https:\\\/\\\/iraurgiberritzen.eus\\\/es\\\/celebrado-el-webinar-de-presentacion-de-la-5a-edicion-del-programa-industria\\\/\",\"name\":\"Celebrado el Webinar de Presentaci\u00f3n de la 5\u00aa Edici\u00f3n del Programa INDUSTRIA - Iraurgi Berritzen\",\"isPartOf\":{\"@id\":\"https:\\\/\\\/iraurgiberritzen.eus\\\/es\\\/#website\"},\"primaryImageOfPage\":{\"@id\":\"https:\\\/\\\/iraurgiberritzen.eus\\\/es\\\/celebrado-el-webinar-de-presentacion-de-la-5a-edicion-del-programa-industria\\\/#primaryimage\"},\"image\":{\"@id\":\"https:\\\/\\\/iraurgiberritzen.eus\\\/es\\\/celebrado-el-webinar-de-presentacion-de-la-5a-edicion-del-programa-industria\\\/#primaryimage\"},\"thumbnailUrl\":\"https:\\\/\\\/iraurgiberritzen.eus\\\/wp-content\\\/uploads\\\/2025\\\/04\\\/PORTADA-IB-WEB-800-x-550-px-43.jpg\",\"datePublished\":\"2025-04-02T06:59:35+00:00\",\"dateModified\":\"2025-04-02T07:10:42+00:00\",\"breadcrumb\":{\"@id\":\"https:\\\/\\\/iraurgiberritzen.eus\\\/es\\\/celebrado-el-webinar-de-presentacion-de-la-5a-edicion-del-programa-industria\\\/#breadcrumb\"},\"inLanguage\":\"es\",\"potentialAction\":[{\"@type\":\"ReadAction\",\"target\":[\"https:\\\/\\\/iraurgiberritzen.eus\\\/es\\\/celebrado-el-webinar-de-presentacion-de-la-5a-edicion-del-programa-industria\\\/\"]}]},{\"@type\":\"ImageObject\",\"inLanguage\":\"es\",\"@id\":\"https:\\\/\\\/iraurgiberritzen.eus\\\/es\\\/celebrado-el-webinar-de-presentacion-de-la-5a-edicion-del-programa-industria\\\/#primaryimage\",\"url\":\"https:\\\/\\\/iraurgiberritzen.eus\\\/wp-content\\\/uploads\\\/2025\\\/04\\\/PORTADA-IB-WEB-800-x-550-px-43.jpg\",\"contentUrl\":\"https:\\\/\\\/iraurgiberritzen.eus\\\/wp-content\\\/uploads\\\/2025\\\/04\\\/PORTADA-IB-WEB-800-x-550-px-43.jpg\",\"width\":2500,\"height\":1719},{\"@type\":\"BreadcrumbList\",\"@id\":\"https:\\\/\\\/iraurgiberritzen.eus\\\/es\\\/celebrado-el-webinar-de-presentacion-de-la-5a-edicion-del-programa-industria\\\/#breadcrumb\",\"itemListElement\":[{\"@type\":\"ListItem\",\"position\":1,\"name\":\"Home\",\"item\":\"https:\\\/\\\/iraurgiberritzen.eus\\\/es\\\/\"},{\"@type\":\"ListItem\",\"position\":2,\"name\":\"Celebrado el Webinar de Presentaci\u00f3n de la 5\u00aa Edici\u00f3n del Programa INDUSTRIA\"}]},{\"@type\":\"WebSite\",\"@id\":\"https:\\\/\\\/iraurgiberritzen.eus\\\/es\\\/#website\",\"url\":\"https:\\\/\\\/iraurgiberritzen.eus\\\/es\\\/\",\"name\":\"Iraurgi Berritzen\",\"description\":\"Urola Erdiko Garapen Agentzia\",\"publisher\":{\"@id\":\"https:\\\/\\\/iraurgiberritzen.eus\\\/es\\\/#organization\"},\"potentialAction\":[{\"@type\":\"SearchAction\",\"target\":{\"@type\":\"EntryPoint\",\"urlTemplate\":\"https:\\\/\\\/iraurgiberritzen.eus\\\/es\\\/?s={search_term_string}\"},\"query-input\":{\"@type\":\"PropertyValueSpecification\",\"valueRequired\":true,\"valueName\":\"search_term_string\"}}],\"inLanguage\":\"es\"},{\"@type\":\"Organization\",\"@id\":\"https:\\\/\\\/iraurgiberritzen.eus\\\/es\\\/#organization\",\"name\":\"Iraurgi Berritzen\",\"url\":\"https:\\\/\\\/iraurgiberritzen.eus\\\/es\\\/\",\"logo\":{\"@type\":\"ImageObject\",\"inLanguage\":\"es\",\"@id\":\"https:\\\/\\\/iraurgiberritzen.eus\\\/es\\\/#\\\/schema\\\/logo\\\/image\\\/\",\"url\":\"https:\\\/\\\/iraurgiberritzen.eus\\\/wp-content\\\/uploads\\\/2024\\\/02\\\/IRAURGI-BERRITZEN-logotipoa_2.png\",\"contentUrl\":\"https:\\\/\\\/iraurgiberritzen.eus\\\/wp-content\\\/uploads\\\/2024\\\/02\\\/IRAURGI-BERRITZEN-logotipoa_2.png\",\"width\":496,\"height\":190,\"caption\":\"Iraurgi Berritzen\"},\"image\":{\"@id\":\"https:\\\/\\\/iraurgiberritzen.eus\\\/es\\\/#\\\/schema\\\/logo\\\/image\\\/\"}},{\"@type\":\"Person\",\"@id\":\"https:\\\/\\\/iraurgiberritzen.eus\\\/es\\\/#\\\/schema\\\/person\\\/a32c9825b3e2bfcbe757a97f6a15c8a5\",\"name\":\"ainara\"}]}<\/script>\n<!-- \/ Yoast SEO plugin. -->","yoast_head_json":{"title":"Celebrado el Webinar de Presentaci\u00f3n de la 5\u00aa Edici\u00f3n del Programa INDUSTRIA - Iraurgi Berritzen","robots":{"index":"index","follow":"follow","max-snippet":"max-snippet:-1","max-image-preview":"max-image-preview:large","max-video-preview":"max-video-preview:-1"},"canonical":"https:\/\/iraurgiberritzen.eus\/es\/celebrado-el-webinar-de-presentacion-de-la-5a-edicion-del-programa-industria\/","og_locale":"es_ES","og_type":"article","og_title":"Celebrado el Webinar de Presentaci\u00f3n de la 5\u00aa Edici\u00f3n del Programa INDUSTRIA - Iraurgi Berritzen","og_description":"Ayer, 1 de abril, celebramos la sesi\u00f3n online de presentaci\u00f3n de la 5\u00aa edici\u00f3n del Programa INDUSTRIA, bajo la direcci\u00f3n de DigiTalentu y Brain and Code.\u00a0 El webinar cont\u00f3 con la participaci\u00f3n de representantes de diversas empresas industriales de las comarcas de Urola Erdia y Urola Garaia, quienes pudieron conocer de primera mano los objetivos, [&hellip;]","og_url":"https:\/\/iraurgiberritzen.eus\/es\/celebrado-el-webinar-de-presentacion-de-la-5a-edicion-del-programa-industria\/","og_site_name":"Iraurgi Berritzen","article_published_time":"2025-04-02T06:59:35+00:00","article_modified_time":"2025-04-02T07:10:42+00:00","og_image":[{"width":2500,"height":1719,"url":"https:\/\/iraurgiberritzen.eus\/wp-content\/uploads\/2025\/04\/PORTADA-IB-WEB-800-x-550-px-39.jpg","type":"image\/jpeg"}],"author":"ainara","twitter_card":"summary_large_image","twitter_misc":{"Escrito por":"ainara","Tiempo de lectura":"1 minuto"},"schema":{"@context":"https:\/\/schema.org","@graph":[{"@type":"Article","@id":"https:\/\/iraurgiberritzen.eus\/es\/celebrado-el-webinar-de-presentacion-de-la-5a-edicion-del-programa-industria\/#article","isPartOf":{"@id":"https:\/\/iraurgiberritzen.eus\/es\/celebrado-el-webinar-de-presentacion-de-la-5a-edicion-del-programa-industria\/"},"author":{"name":"ainara","@id":"https:\/\/iraurgiberritzen.eus\/es\/#\/schema\/person\/a32c9825b3e2bfcbe757a97f6a15c8a5"},"headline":"Celebrado el Webinar de Presentaci\u00f3n de la 5\u00aa Edici\u00f3n del Programa INDUSTRIA","datePublished":"2025-04-02T06:59:35+00:00","dateModified":"2025-04-02T07:10:42+00:00","mainEntityOfPage":{"@id":"https:\/\/iraurgiberritzen.eus\/es\/celebrado-el-webinar-de-presentacion-de-la-5a-edicion-del-programa-industria\/"},"wordCount":129,"publisher":{"@id":"https:\/\/iraurgiberritzen.eus\/es\/#organization"},"image":{"@id":"https:\/\/iraurgiberritzen.eus\/es\/celebrado-el-webinar-de-presentacion-de-la-5a-edicion-del-programa-industria\/#primaryimage"},"thumbnailUrl":"https:\/\/iraurgiberritzen.eus\/wp-content\/uploads\/2025\/04\/PORTADA-IB-WEB-800-x-550-px-43.jpg","articleSection":["Noticias"],"inLanguage":"es"},{"@type":"WebPage","@id":"https:\/\/iraurgiberritzen.eus\/es\/celebrado-el-webinar-de-presentacion-de-la-5a-edicion-del-programa-industria\/","url":"https:\/\/iraurgiberritzen.eus\/es\/celebrado-el-webinar-de-presentacion-de-la-5a-edicion-del-programa-industria\/","name":"Celebrado el Webinar de Presentaci\u00f3n de la 5\u00aa Edici\u00f3n del Programa INDUSTRIA - Iraurgi Berritzen","isPartOf":{"@id":"https:\/\/iraurgiberritzen.eus\/es\/#website"},"primaryImageOfPage":{"@id":"https:\/\/iraurgiberritzen.eus\/es\/celebrado-el-webinar-de-presentacion-de-la-5a-edicion-del-programa-industria\/#primaryimage"},"image":{"@id":"https:\/\/iraurgiberritzen.eus\/es\/celebrado-el-webinar-de-presentacion-de-la-5a-edicion-del-programa-industria\/#primaryimage"},"thumbnailUrl":"https:\/\/iraurgiberritzen.eus\/wp-content\/uploads\/2025\/04\/PORTADA-IB-WEB-800-x-550-px-43.jpg","datePublished":"2025-04-02T06:59:35+00:00","dateModified":"2025-04-02T07:10:42+00:00","breadcrumb":{"@id":"https:\/\/iraurgiberritzen.eus\/es\/celebrado-el-webinar-de-presentacion-de-la-5a-edicion-del-programa-industria\/#breadcrumb"},"inLanguage":"es","potentialAction":[{"@type":"ReadAction","target":["https:\/\/iraurgiberritzen.eus\/es\/celebrado-el-webinar-de-presentacion-de-la-5a-edicion-del-programa-industria\/"]}]},{"@type":"ImageObject","inLanguage":"es","@id":"https:\/\/iraurgiberritzen.eus\/es\/celebrado-el-webinar-de-presentacion-de-la-5a-edicion-del-programa-industria\/#primaryimage","url":"https:\/\/iraurgiberritzen.eus\/wp-content\/uploads\/2025\/04\/PORTADA-IB-WEB-800-x-550-px-43.jpg","contentUrl":"https:\/\/iraurgiberritzen.eus\/wp-content\/uploads\/2025\/04\/PORTADA-IB-WEB-800-x-550-px-43.jpg","width":2500,"height":1719},{"@type":"BreadcrumbList","@id":"https:\/\/iraurgiberritzen.eus\/es\/celebrado-el-webinar-de-presentacion-de-la-5a-edicion-del-programa-industria\/#breadcrumb","itemListElement":[{"@type":"ListItem","position":1,"name":"Home","item":"https:\/\/iraurgiberritzen.eus\/es\/"},{"@type":"ListItem","position":2,"name":"Celebrado el Webinar de Presentaci\u00f3n de la 5\u00aa Edici\u00f3n del Programa INDUSTRIA"}]},{"@type":"WebSite","@id":"https:\/\/iraurgiberritzen.eus\/es\/#website","url":"https:\/\/iraurgiberritzen.eus\/es\/","name":"Iraurgi Berritzen","description":"Urola Erdiko Garapen Agentzia","publisher":{"@id":"https:\/\/iraurgiberritzen.eus\/es\/#organization"},"potentialAction":[{"@type":"SearchAction","target":{"@type":"EntryPoint","urlTemplate":"https:\/\/iraurgiberritzen.eus\/es\/?s={search_term_string}"},"query-input":{"@type":"PropertyValueSpecification","valueRequired":true,"valueName":"search_term_string"}}],"inLanguage":"es"},{"@type":"Organization","@id":"https:\/\/iraurgiberritzen.eus\/es\/#organization","name":"Iraurgi Berritzen","url":"https:\/\/iraurgiberritzen.eus\/es\/","logo":{"@type":"ImageObject","inLanguage":"es","@id":"https:\/\/iraurgiberritzen.eus\/es\/#\/schema\/logo\/image\/","url":"https:\/\/iraurgiberritzen.eus\/wp-content\/uploads\/2024\/02\/IRAURGI-BERRITZEN-logotipoa_2.png","contentUrl":"https:\/\/iraurgiberritzen.eus\/wp-content\/uploads\/2024\/02\/IRAURGI-BERRITZEN-logotipoa_2.png","width":496,"height":190,"caption":"Iraurgi Berritzen"},"image":{"@id":"https:\/\/iraurgiberritzen.eus\/es\/#\/schema\/logo\/image\/"}},{"@type":"Person","@id":"https:\/\/iraurgiberritzen.eus\/es\/#\/schema\/person\/a32c9825b3e2bfcbe757a97f6a15c8a5","name":"ainara"}]}},"_links":{"self":[{"href":"https:\/\/iraurgiberritzen.eus\/es\/wp-json\/wp\/v2\/posts\/22992","targetHints":{"allow":["GET"]}}],"collection":[{"href":"https:\/\/iraurgiberritzen.eus\/es\/wp-json\/wp\/v2\/posts"}],"about":[{"href":"https:\/\/iraurgiberritzen.eus\/es\/wp-json\/wp\/v2\/types\/post"}],"author":[{"embeddable":true,"href":"https:\/\/iraurgiberritzen.eus\/es\/wp-json\/wp\/v2\/users\/4"}],"replies":[{"embeddable":true,"href":"https:\/\/iraurgiberritzen.eus\/es\/wp-json\/wp\/v2\/comments?post=22992"}],"version-history":[{"count":3,"href":"https:\/\/iraurgiberritzen.eus\/es\/wp-json\/wp\/v2\/posts\/22992\/revisions"}],"predecessor-version":[{"id":22996,"href":"https:\/\/iraurgiberritzen.eus\/es\/wp-json\/wp\/v2\/posts\/22992\/revisions\/22996"}],"wp:featuredmedia":[{"embeddable":true,"href":"https:\/\/iraurgiberritzen.eus\/es\/wp-json\/wp\/v2\/media\/23010"}],"wp:attachment":[{"href":"https:\/\/iraurgiberritzen.eus\/es\/wp-json\/wp\/v2\/media?parent=22992"}],"wp:term":[{"taxonomy":"category","embeddable":true,"href":"https:\/\/iraurgiberritzen.eus\/es\/wp-json\/wp\/v2\/categories?post=22992"},{"taxonomy":"post_tag","embeddable":true,"href":"https:\/\/iraurgiberritzen.eus\/es\/wp-json\/wp\/v2\/tags?post=22992"}],"curies":[{"name":"wp","href":"https:\/\/api.w.org\/{rel}","templated":true}]}}