{"id":23021,"date":"2025-04-08T09:26:07","date_gmt":"2025-04-08T07:26:07","guid":{"rendered":"https:\/\/iraurgiberritzen.eus\/?p=23021"},"modified":"2025-04-08T09:27:13","modified_gmt":"2025-04-08T07:27:13","slug":"urola-erdia-avanza-hacia-la-atraccion-desarrollo-y-fidelizacion-del-talento","status":"publish","type":"post","link":"https:\/\/iraurgiberritzen.eus\/es\/urola-erdia-avanza-hacia-la-atraccion-desarrollo-y-fidelizacion-del-talento\/","title":{"rendered":"Urola Erdia avanza hacia la Atracci\u00f3n, Desarrollo y Fidelizaci\u00f3n del Talento"},"content":{"rendered":"<p><span data-contrast=\"none\">Atraer, desarrollar y fidelizar talento es clave para el desarrollo econ\u00f3mico y social de cualquier comarca. Ese ha sido precisamente el eje central del encuentro celebrado en Urola Erdia: reflexionar juntos, compartir aprendizajes y construir estrategias comunes para avanzar.<\/span><span data-ccp-props=\"{}\">\u00a0<\/span><\/p>\n<p><span data-contrast=\"none\">Cabe destacar especialmente el papel del <\/span><b><span data-contrast=\"none\">Grupo de Responsables de Personas<\/span><\/b><span data-contrast=\"none\">, que en los \u00faltimos a\u00f1os ha adquirido un rol estrat\u00e9gico. Su din\u00e1mica activa y comprometida ha generado un espacio valioso de reflexi\u00f3n y colaboraci\u00f3n entre empresas.<\/span><span data-ccp-props=\"{&quot;134233117&quot;:false,&quot;134233118&quot;:false,&quot;335551550&quot;:6,&quot;335551620&quot;:6,&quot;335557856&quot;:16777215,&quot;335559738&quot;:240,&quot;335559739&quot;:240}\">\u00a0<\/span><\/p>\n<p><span data-contrast=\"none\">Las valoraciones realizadas por parte de las empresas fueron muy positivas: el recorrido compartido ha fortalecido los v\u00ednculos y los proyectos desarrollados han tenido un impacto real en el d\u00eda a d\u00eda de las empresas.<\/span><span data-ccp-props=\"{&quot;134233117&quot;:false,&quot;134233118&quot;:false,&quot;335551550&quot;:6,&quot;335551620&quot;:6,&quot;335557856&quot;:16777215,&quot;335559738&quot;:240,&quot;335559739&quot;:240}\">\u00a0<\/span><\/p>\n<p><span data-contrast=\"none\">Mirando al futuro, se subray\u00f3 la disposici\u00f3n para seguir generando propuestas a trav\u00e9s de la din\u00e1mica <\/span><b><span data-contrast=\"none\">(Ikasiz, IkasEkin)<\/span><\/b><span data-contrast=\"none\">, con la gesti\u00f3n de personas como eje central.<\/span><span data-ccp-props=\"{&quot;134233117&quot;:false,&quot;134233118&quot;:false,&quot;335551550&quot;:6,&quot;335551620&quot;:6,&quot;335557856&quot;:16777215,&quot;335559738&quot;:240,&quot;335559739&quot;:240}\">\u00a0<\/span><\/p>\n<p><span data-contrast=\"none\">Tambi\u00e9n se present\u00f3 y trabaj\u00f3 de forma participativa la <\/span><b><span data-contrast=\"none\">Estrategia Comarcal de Gesti\u00f3n del Talento en Urola Erdia<\/span><\/b><span data-contrast=\"none\">:<\/span><span data-ccp-props=\"{&quot;134233117&quot;:false,&quot;134233118&quot;:false,&quot;335551550&quot;:6,&quot;335551620&quot;:6,&quot;335557856&quot;:16777215,&quot;335559738&quot;:240,&quot;335559739&quot;:240}\">\u00a0<\/span><\/p>\n<ul>\n<li><span data-contrast=\"none\">Se compartieron las conclusiones del An\u00e1lisis de Prospecci\u00f3n de Empleo en la Industria, que evidencian los retos y oportunidades de la comarca.<\/span><span data-ccp-props=\"{&quot;134233117&quot;:false,&quot;134233118&quot;:false,&quot;335557856&quot;:16777215,&quot;335559738&quot;:240,&quot;335559739&quot;:240}\">\u00a0<\/span><\/li>\n<li><span data-contrast=\"none\">Se presentaron las l\u00edneas de actuaci\u00f3n del eje estrat\u00e9gico <\/span><b><span data-contrast=\"none\">Atraer, Desarrollar y Fidelizar Talento<\/span><\/b><span data-contrast=\"none\">, que ya est\u00e1n en marcha.<\/span><span data-ccp-props=\"{&quot;134233117&quot;:false,&quot;134233118&quot;:false,&quot;335557856&quot;:16777215,&quot;335559738&quot;:240,&quot;335559739&quot;:240}\">\u00a0<\/span><\/li>\n<li><span data-contrast=\"none\">Y, mediante una din\u00e1mica abierta, se recogieron aportaciones de los distintos agentes para definir los pr\u00f3ximos pasos.<\/span><span data-ccp-props=\"{&quot;134233117&quot;:false,&quot;134233118&quot;:false,&quot;335557856&quot;:16777215,&quot;335559738&quot;:240,&quot;335559739&quot;:240}\">\u00a0<\/span><\/li>\n<\/ul>\n<p><span data-contrast=\"auto\">Iraurgi Berritzen ha recibido una valoraci\u00f3n muy positiva por parte de las empresas en relaci\u00f3n a su papel de dinamizaci\u00f3n y facilitaci\u00f3n, destacando el trabajo eficaz realizado a su favor, ofreciendo un espacio s\u00f3lido de encuentro para responder a las necesidades del ecosistema y ejerciendo un papel de gu\u00eda en la construcci\u00f3n de una estrategia colectiva de futuro.<\/span> <span data-ccp-props=\"{&quot;134233117&quot;:false,&quot;134233118&quot;:false,&quot;335557856&quot;:16777215,&quot;335559738&quot;:240,&quot;335559739&quot;:240}\">\u00a0<\/span><\/p>\n<p><span data-contrast=\"none\">El camino es ambicioso, pero si lo recorremos colectivamente seremos capaces de construir un ecosistema fuerte, competitivo y centrado en las personas. \u00a1Gracias a todas las personas y entidades participantes!<\/span><span data-ccp-props=\"{&quot;134233117&quot;:false,&quot;134233118&quot;:false,&quot;335557856&quot;:16777215,&quot;335559738&quot;:240,&quot;335559739&quot;:240}\">\u00a0<\/span><\/p>\n","protected":false},"excerpt":{"rendered":"<p>Atraer, desarrollar y fidelizar talento es clave para el desarrollo econ\u00f3mico y social de cualquier comarca. Ese ha sido precisamente el eje central del encuentro celebrado en Urola Erdia: reflexionar juntos, compartir aprendizajes y construir estrategias comunes para avanzar.\u00a0 Cabe destacar especialmente el papel del Grupo de Responsables de Personas, que en los \u00faltimos a\u00f1os [&hellip;]<\/p>\n","protected":false},"author":4,"featured_media":23019,"comment_status":"closed","ping_status":"closed","sticky":false,"template":"","format":"standard","meta":{"_acf_changed":false,"footnotes":""},"categories":[4],"tags":[],"class_list":["post-23021","post","type-post","status-publish","format-standard","has-post-thumbnail","hentry","category-noticias","arloak-enpresa"],"acf":[],"yoast_head":"<!-- This site is optimized with the Yoast SEO plugin v27.4 - https:\/\/yoast.com\/product\/yoast-seo-wordpress\/ -->\n<title>Urola Erdia avanza hacia la Atracci\u00f3n, Desarrollo y Fidelizaci\u00f3n del Talento - Iraurgi Berritzen<\/title>\n<meta name=\"robots\" content=\"index, follow, max-snippet:-1, max-image-preview:large, max-video-preview:-1\" \/>\n<link rel=\"canonical\" href=\"https:\/\/iraurgiberritzen.eus\/es\/urola-erdia-avanza-hacia-la-atraccion-desarrollo-y-fidelizacion-del-talento\/\" \/>\n<meta property=\"og:locale\" content=\"es_ES\" \/>\n<meta property=\"og:type\" content=\"article\" \/>\n<meta property=\"og:title\" content=\"Urola Erdia avanza hacia la Atracci\u00f3n, Desarrollo y Fidelizaci\u00f3n del Talento - Iraurgi Berritzen\" \/>\n<meta property=\"og:description\" content=\"Atraer, desarrollar y fidelizar talento es clave para el desarrollo econ\u00f3mico y social de cualquier comarca. Ese ha sido precisamente el eje central del encuentro celebrado en Urola Erdia: reflexionar juntos, compartir aprendizajes y construir estrategias comunes para avanzar.\u00a0 Cabe destacar especialmente el papel del Grupo de Responsables de Personas, que en los \u00faltimos a\u00f1os [&hellip;]\" \/>\n<meta property=\"og:url\" content=\"https:\/\/iraurgiberritzen.eus\/es\/urola-erdia-avanza-hacia-la-atraccion-desarrollo-y-fidelizacion-del-talento\/\" \/>\n<meta property=\"og:site_name\" content=\"Iraurgi Berritzen\" \/>\n<meta property=\"article:published_time\" content=\"2025-04-08T07:26:07+00:00\" \/>\n<meta property=\"article:modified_time\" content=\"2025-04-08T07:27:13+00:00\" \/>\n<meta property=\"og:image\" content=\"https:\/\/iraurgiberritzen.eus\/wp-content\/uploads\/2025\/04\/IMG_20250404_093105328.jpg\" \/>\n\t<meta property=\"og:image:width\" content=\"2040\" \/>\n\t<meta property=\"og:image:height\" content=\"1536\" \/>\n\t<meta property=\"og:image:type\" content=\"image\/jpeg\" \/>\n<meta name=\"author\" content=\"ainara\" \/>\n<meta name=\"twitter:card\" content=\"summary_large_image\" \/>\n<meta name=\"twitter:label1\" content=\"Escrito por\" \/>\n\t<meta name=\"twitter:data1\" content=\"ainara\" \/>\n\t<meta name=\"twitter:label2\" content=\"Tiempo de lectura\" \/>\n\t<meta name=\"twitter:data2\" content=\"2 minutos\" \/>\n<script type=\"application\/ld+json\" class=\"yoast-schema-graph\">{\"@context\":\"https:\\\/\\\/schema.org\",\"@graph\":[{\"@type\":\"Article\",\"@id\":\"https:\\\/\\\/iraurgiberritzen.eus\\\/es\\\/urola-erdia-avanza-hacia-la-atraccion-desarrollo-y-fidelizacion-del-talento\\\/#article\",\"isPartOf\":{\"@id\":\"https:\\\/\\\/iraurgiberritzen.eus\\\/es\\\/urola-erdia-avanza-hacia-la-atraccion-desarrollo-y-fidelizacion-del-talento\\\/\"},\"author\":{\"name\":\"ainara\",\"@id\":\"https:\\\/\\\/iraurgiberritzen.eus\\\/es\\\/#\\\/schema\\\/person\\\/a32c9825b3e2bfcbe757a97f6a15c8a5\"},\"headline\":\"Urola Erdia avanza hacia la Atracci\u00f3n, Desarrollo y Fidelizaci\u00f3n del Talento\",\"datePublished\":\"2025-04-08T07:26:07+00:00\",\"dateModified\":\"2025-04-08T07:27:13+00:00\",\"mainEntityOfPage\":{\"@id\":\"https:\\\/\\\/iraurgiberritzen.eus\\\/es\\\/urola-erdia-avanza-hacia-la-atraccion-desarrollo-y-fidelizacion-del-talento\\\/\"},\"wordCount\":344,\"publisher\":{\"@id\":\"https:\\\/\\\/iraurgiberritzen.eus\\\/es\\\/#organization\"},\"image\":{\"@id\":\"https:\\\/\\\/iraurgiberritzen.eus\\\/es\\\/urola-erdia-avanza-hacia-la-atraccion-desarrollo-y-fidelizacion-del-talento\\\/#primaryimage\"},\"thumbnailUrl\":\"https:\\\/\\\/iraurgiberritzen.eus\\\/wp-content\\\/uploads\\\/2025\\\/04\\\/IMG_20250404_093105328.jpg\",\"articleSection\":[\"Noticias\"],\"inLanguage\":\"es\"},{\"@type\":\"WebPage\",\"@id\":\"https:\\\/\\\/iraurgiberritzen.eus\\\/es\\\/urola-erdia-avanza-hacia-la-atraccion-desarrollo-y-fidelizacion-del-talento\\\/\",\"url\":\"https:\\\/\\\/iraurgiberritzen.eus\\\/es\\\/urola-erdia-avanza-hacia-la-atraccion-desarrollo-y-fidelizacion-del-talento\\\/\",\"name\":\"Urola Erdia avanza hacia la Atracci\u00f3n, Desarrollo y Fidelizaci\u00f3n del Talento - Iraurgi Berritzen\",\"isPartOf\":{\"@id\":\"https:\\\/\\\/iraurgiberritzen.eus\\\/es\\\/#website\"},\"primaryImageOfPage\":{\"@id\":\"https:\\\/\\\/iraurgiberritzen.eus\\\/es\\\/urola-erdia-avanza-hacia-la-atraccion-desarrollo-y-fidelizacion-del-talento\\\/#primaryimage\"},\"image\":{\"@id\":\"https:\\\/\\\/iraurgiberritzen.eus\\\/es\\\/urola-erdia-avanza-hacia-la-atraccion-desarrollo-y-fidelizacion-del-talento\\\/#primaryimage\"},\"thumbnailUrl\":\"https:\\\/\\\/iraurgiberritzen.eus\\\/wp-content\\\/uploads\\\/2025\\\/04\\\/IMG_20250404_093105328.jpg\",\"datePublished\":\"2025-04-08T07:26:07+00:00\",\"dateModified\":\"2025-04-08T07:27:13+00:00\",\"breadcrumb\":{\"@id\":\"https:\\\/\\\/iraurgiberritzen.eus\\\/es\\\/urola-erdia-avanza-hacia-la-atraccion-desarrollo-y-fidelizacion-del-talento\\\/#breadcrumb\"},\"inLanguage\":\"es\",\"potentialAction\":[{\"@type\":\"ReadAction\",\"target\":[\"https:\\\/\\\/iraurgiberritzen.eus\\\/es\\\/urola-erdia-avanza-hacia-la-atraccion-desarrollo-y-fidelizacion-del-talento\\\/\"]}]},{\"@type\":\"ImageObject\",\"inLanguage\":\"es\",\"@id\":\"https:\\\/\\\/iraurgiberritzen.eus\\\/es\\\/urola-erdia-avanza-hacia-la-atraccion-desarrollo-y-fidelizacion-del-talento\\\/#primaryimage\",\"url\":\"https:\\\/\\\/iraurgiberritzen.eus\\\/wp-content\\\/uploads\\\/2025\\\/04\\\/IMG_20250404_093105328.jpg\",\"contentUrl\":\"https:\\\/\\\/iraurgiberritzen.eus\\\/wp-content\\\/uploads\\\/2025\\\/04\\\/IMG_20250404_093105328.jpg\",\"width\":2040,\"height\":1536},{\"@type\":\"BreadcrumbList\",\"@id\":\"https:\\\/\\\/iraurgiberritzen.eus\\\/es\\\/urola-erdia-avanza-hacia-la-atraccion-desarrollo-y-fidelizacion-del-talento\\\/#breadcrumb\",\"itemListElement\":[{\"@type\":\"ListItem\",\"position\":1,\"name\":\"Home\",\"item\":\"https:\\\/\\\/iraurgiberritzen.eus\\\/es\\\/\"},{\"@type\":\"ListItem\",\"position\":2,\"name\":\"Urola Erdia avanza hacia la Atracci\u00f3n, Desarrollo y Fidelizaci\u00f3n del Talento\"}]},{\"@type\":\"WebSite\",\"@id\":\"https:\\\/\\\/iraurgiberritzen.eus\\\/es\\\/#website\",\"url\":\"https:\\\/\\\/iraurgiberritzen.eus\\\/es\\\/\",\"name\":\"Iraurgi Berritzen\",\"description\":\"Urola Erdiko Garapen Agentzia\",\"publisher\":{\"@id\":\"https:\\\/\\\/iraurgiberritzen.eus\\\/es\\\/#organization\"},\"potentialAction\":[{\"@type\":\"SearchAction\",\"target\":{\"@type\":\"EntryPoint\",\"urlTemplate\":\"https:\\\/\\\/iraurgiberritzen.eus\\\/es\\\/?s={search_term_string}\"},\"query-input\":{\"@type\":\"PropertyValueSpecification\",\"valueRequired\":true,\"valueName\":\"search_term_string\"}}],\"inLanguage\":\"es\"},{\"@type\":\"Organization\",\"@id\":\"https:\\\/\\\/iraurgiberritzen.eus\\\/es\\\/#organization\",\"name\":\"Iraurgi Berritzen\",\"url\":\"https:\\\/\\\/iraurgiberritzen.eus\\\/es\\\/\",\"logo\":{\"@type\":\"ImageObject\",\"inLanguage\":\"es\",\"@id\":\"https:\\\/\\\/iraurgiberritzen.eus\\\/es\\\/#\\\/schema\\\/logo\\\/image\\\/\",\"url\":\"https:\\\/\\\/iraurgiberritzen.eus\\\/wp-content\\\/uploads\\\/2024\\\/02\\\/IRAURGI-BERRITZEN-logotipoa_2.png\",\"contentUrl\":\"https:\\\/\\\/iraurgiberritzen.eus\\\/wp-content\\\/uploads\\\/2024\\\/02\\\/IRAURGI-BERRITZEN-logotipoa_2.png\",\"width\":496,\"height\":190,\"caption\":\"Iraurgi Berritzen\"},\"image\":{\"@id\":\"https:\\\/\\\/iraurgiberritzen.eus\\\/es\\\/#\\\/schema\\\/logo\\\/image\\\/\"}},{\"@type\":\"Person\",\"@id\":\"https:\\\/\\\/iraurgiberritzen.eus\\\/es\\\/#\\\/schema\\\/person\\\/a32c9825b3e2bfcbe757a97f6a15c8a5\",\"name\":\"ainara\"}]}<\/script>\n<!-- \/ Yoast SEO plugin. -->","yoast_head_json":{"title":"Urola Erdia avanza hacia la Atracci\u00f3n, Desarrollo y Fidelizaci\u00f3n del Talento - Iraurgi Berritzen","robots":{"index":"index","follow":"follow","max-snippet":"max-snippet:-1","max-image-preview":"max-image-preview:large","max-video-preview":"max-video-preview:-1"},"canonical":"https:\/\/iraurgiberritzen.eus\/es\/urola-erdia-avanza-hacia-la-atraccion-desarrollo-y-fidelizacion-del-talento\/","og_locale":"es_ES","og_type":"article","og_title":"Urola Erdia avanza hacia la Atracci\u00f3n, Desarrollo y Fidelizaci\u00f3n del Talento - Iraurgi Berritzen","og_description":"Atraer, desarrollar y fidelizar talento es clave para el desarrollo econ\u00f3mico y social de cualquier comarca. Ese ha sido precisamente el eje central del encuentro celebrado en Urola Erdia: reflexionar juntos, compartir aprendizajes y construir estrategias comunes para avanzar.\u00a0 Cabe destacar especialmente el papel del Grupo de Responsables de Personas, que en los \u00faltimos a\u00f1os [&hellip;]","og_url":"https:\/\/iraurgiberritzen.eus\/es\/urola-erdia-avanza-hacia-la-atraccion-desarrollo-y-fidelizacion-del-talento\/","og_site_name":"Iraurgi Berritzen","article_published_time":"2025-04-08T07:26:07+00:00","article_modified_time":"2025-04-08T07:27:13+00:00","og_image":[{"width":2040,"height":1536,"url":"https:\/\/iraurgiberritzen.eus\/wp-content\/uploads\/2025\/04\/IMG_20250404_093105328.jpg","type":"image\/jpeg"}],"author":"ainara","twitter_card":"summary_large_image","twitter_misc":{"Escrito por":"ainara","Tiempo de lectura":"2 minutos"},"schema":{"@context":"https:\/\/schema.org","@graph":[{"@type":"Article","@id":"https:\/\/iraurgiberritzen.eus\/es\/urola-erdia-avanza-hacia-la-atraccion-desarrollo-y-fidelizacion-del-talento\/#article","isPartOf":{"@id":"https:\/\/iraurgiberritzen.eus\/es\/urola-erdia-avanza-hacia-la-atraccion-desarrollo-y-fidelizacion-del-talento\/"},"author":{"name":"ainara","@id":"https:\/\/iraurgiberritzen.eus\/es\/#\/schema\/person\/a32c9825b3e2bfcbe757a97f6a15c8a5"},"headline":"Urola Erdia avanza hacia la Atracci\u00f3n, Desarrollo y Fidelizaci\u00f3n del Talento","datePublished":"2025-04-08T07:26:07+00:00","dateModified":"2025-04-08T07:27:13+00:00","mainEntityOfPage":{"@id":"https:\/\/iraurgiberritzen.eus\/es\/urola-erdia-avanza-hacia-la-atraccion-desarrollo-y-fidelizacion-del-talento\/"},"wordCount":344,"publisher":{"@id":"https:\/\/iraurgiberritzen.eus\/es\/#organization"},"image":{"@id":"https:\/\/iraurgiberritzen.eus\/es\/urola-erdia-avanza-hacia-la-atraccion-desarrollo-y-fidelizacion-del-talento\/#primaryimage"},"thumbnailUrl":"https:\/\/iraurgiberritzen.eus\/wp-content\/uploads\/2025\/04\/IMG_20250404_093105328.jpg","articleSection":["Noticias"],"inLanguage":"es"},{"@type":"WebPage","@id":"https:\/\/iraurgiberritzen.eus\/es\/urola-erdia-avanza-hacia-la-atraccion-desarrollo-y-fidelizacion-del-talento\/","url":"https:\/\/iraurgiberritzen.eus\/es\/urola-erdia-avanza-hacia-la-atraccion-desarrollo-y-fidelizacion-del-talento\/","name":"Urola Erdia avanza hacia la Atracci\u00f3n, Desarrollo y Fidelizaci\u00f3n del Talento - Iraurgi Berritzen","isPartOf":{"@id":"https:\/\/iraurgiberritzen.eus\/es\/#website"},"primaryImageOfPage":{"@id":"https:\/\/iraurgiberritzen.eus\/es\/urola-erdia-avanza-hacia-la-atraccion-desarrollo-y-fidelizacion-del-talento\/#primaryimage"},"image":{"@id":"https:\/\/iraurgiberritzen.eus\/es\/urola-erdia-avanza-hacia-la-atraccion-desarrollo-y-fidelizacion-del-talento\/#primaryimage"},"thumbnailUrl":"https:\/\/iraurgiberritzen.eus\/wp-content\/uploads\/2025\/04\/IMG_20250404_093105328.jpg","datePublished":"2025-04-08T07:26:07+00:00","dateModified":"2025-04-08T07:27:13+00:00","breadcrumb":{"@id":"https:\/\/iraurgiberritzen.eus\/es\/urola-erdia-avanza-hacia-la-atraccion-desarrollo-y-fidelizacion-del-talento\/#breadcrumb"},"inLanguage":"es","potentialAction":[{"@type":"ReadAction","target":["https:\/\/iraurgiberritzen.eus\/es\/urola-erdia-avanza-hacia-la-atraccion-desarrollo-y-fidelizacion-del-talento\/"]}]},{"@type":"ImageObject","inLanguage":"es","@id":"https:\/\/iraurgiberritzen.eus\/es\/urola-erdia-avanza-hacia-la-atraccion-desarrollo-y-fidelizacion-del-talento\/#primaryimage","url":"https:\/\/iraurgiberritzen.eus\/wp-content\/uploads\/2025\/04\/IMG_20250404_093105328.jpg","contentUrl":"https:\/\/iraurgiberritzen.eus\/wp-content\/uploads\/2025\/04\/IMG_20250404_093105328.jpg","width":2040,"height":1536},{"@type":"BreadcrumbList","@id":"https:\/\/iraurgiberritzen.eus\/es\/urola-erdia-avanza-hacia-la-atraccion-desarrollo-y-fidelizacion-del-talento\/#breadcrumb","itemListElement":[{"@type":"ListItem","position":1,"name":"Home","item":"https:\/\/iraurgiberritzen.eus\/es\/"},{"@type":"ListItem","position":2,"name":"Urola Erdia avanza hacia la Atracci\u00f3n, Desarrollo y Fidelizaci\u00f3n del Talento"}]},{"@type":"WebSite","@id":"https:\/\/iraurgiberritzen.eus\/es\/#website","url":"https:\/\/iraurgiberritzen.eus\/es\/","name":"Iraurgi Berritzen","description":"Urola Erdiko Garapen Agentzia","publisher":{"@id":"https:\/\/iraurgiberritzen.eus\/es\/#organization"},"potentialAction":[{"@type":"SearchAction","target":{"@type":"EntryPoint","urlTemplate":"https:\/\/iraurgiberritzen.eus\/es\/?s={search_term_string}"},"query-input":{"@type":"PropertyValueSpecification","valueRequired":true,"valueName":"search_term_string"}}],"inLanguage":"es"},{"@type":"Organization","@id":"https:\/\/iraurgiberritzen.eus\/es\/#organization","name":"Iraurgi Berritzen","url":"https:\/\/iraurgiberritzen.eus\/es\/","logo":{"@type":"ImageObject","inLanguage":"es","@id":"https:\/\/iraurgiberritzen.eus\/es\/#\/schema\/logo\/image\/","url":"https:\/\/iraurgiberritzen.eus\/wp-content\/uploads\/2024\/02\/IRAURGI-BERRITZEN-logotipoa_2.png","contentUrl":"https:\/\/iraurgiberritzen.eus\/wp-content\/uploads\/2024\/02\/IRAURGI-BERRITZEN-logotipoa_2.png","width":496,"height":190,"caption":"Iraurgi Berritzen"},"image":{"@id":"https:\/\/iraurgiberritzen.eus\/es\/#\/schema\/logo\/image\/"}},{"@type":"Person","@id":"https:\/\/iraurgiberritzen.eus\/es\/#\/schema\/person\/a32c9825b3e2bfcbe757a97f6a15c8a5","name":"ainara"}]}},"_links":{"self":[{"href":"https:\/\/iraurgiberritzen.eus\/es\/wp-json\/wp\/v2\/posts\/23021","targetHints":{"allow":["GET"]}}],"collection":[{"href":"https:\/\/iraurgiberritzen.eus\/es\/wp-json\/wp\/v2\/posts"}],"about":[{"href":"https:\/\/iraurgiberritzen.eus\/es\/wp-json\/wp\/v2\/types\/post"}],"author":[{"embeddable":true,"href":"https:\/\/iraurgiberritzen.eus\/es\/wp-json\/wp\/v2\/users\/4"}],"replies":[{"embeddable":true,"href":"https:\/\/iraurgiberritzen.eus\/es\/wp-json\/wp\/v2\/comments?post=23021"}],"version-history":[{"count":1,"href":"https:\/\/iraurgiberritzen.eus\/es\/wp-json\/wp\/v2\/posts\/23021\/revisions"}],"predecessor-version":[{"id":23022,"href":"https:\/\/iraurgiberritzen.eus\/es\/wp-json\/wp\/v2\/posts\/23021\/revisions\/23022"}],"wp:featuredmedia":[{"embeddable":true,"href":"https:\/\/iraurgiberritzen.eus\/es\/wp-json\/wp\/v2\/media\/23019"}],"wp:attachment":[{"href":"https:\/\/iraurgiberritzen.eus\/es\/wp-json\/wp\/v2\/media?parent=23021"}],"wp:term":[{"taxonomy":"category","embeddable":true,"href":"https:\/\/iraurgiberritzen.eus\/es\/wp-json\/wp\/v2\/categories?post=23021"},{"taxonomy":"post_tag","embeddable":true,"href":"https:\/\/iraurgiberritzen.eus\/es\/wp-json\/wp\/v2\/tags?post=23021"}],"curies":[{"name":"wp","href":"https:\/\/api.w.org\/{rel}","templated":true}]}}