{"id":23029,"date":"2025-04-08T10:35:08","date_gmt":"2025-04-08T08:35:08","guid":{"rendered":"https:\/\/iraurgiberritzen.eus\/?p=23029"},"modified":"2025-04-08T14:09:52","modified_gmt":"2025-04-08T12:09:52","slug":"presentacion-del-proyecto-betek-impulso-a-la-innovacion-tecnologica-en-las-empresas-pequenas-y-medianas-de-gipuzkoa","status":"publish","type":"post","link":"https:\/\/iraurgiberritzen.eus\/es\/presentacion-del-proyecto-betek-impulso-a-la-innovacion-tecnologica-en-las-empresas-pequenas-y-medianas-de-gipuzkoa\/","title":{"rendered":"Presentaci\u00f3n del Proyecto BeTEK: Impulso a la Innovaci\u00f3n Tecnol\u00f3gica en las Empresas Peque\u00f1as y Medianas de Gipuzkoa"},"content":{"rendered":"<h5><em>Las compa\u00f1\u00edas Dtools, Frios Oiz, Ibiltek, Kuari, Harakai, Erlo Group, Ogi Eder y Calderer\u00eda CPK han formado parte del proyecto piloto BETEK, enfocado en optimizar sus procesos de innovaci\u00f3n tecnol\u00f3gica y fortalecer su competitividad.<\/em><\/h5>\n<p>&nbsp;<\/p>\n<p>La Sala Gunea de la Diputaci\u00f3n Foral de Gipuzkoa ha acogido la presentaci\u00f3n del proyecto <strong>BeTEK<\/strong> (Bultzatu Enpresa Txiki eta Ertainen Berrikuntza Teknologikoa), una iniciativa piloto impulsada por la propia Diputaci\u00f3n y desarrollada en Urola Erdia con la colaboraci\u00f3n de Iraurgi Berritzen. El proyecto ha contado adem\u00e1s con el apoyo de diversos agentes colaboradores, y su objetivo principal ha sido apoyar a las peque\u00f1as y medianas empresas (pymes) de Urola Erdia en sus procesos de innovaci\u00f3n tecnol\u00f3gica.<\/p>\n<p>El evento ha contado con la presencia del <strong>diputado de promoci\u00f3n econ\u00f3mica y proyectos estrat\u00e9gicos Unai Andueza<\/strong>, el <strong>director de innovaci\u00f3n Jon Gurrutxaga<\/strong> y representantes de las <strong>ocho empresas<\/strong> de Urola Erdia que participaron en el proyecto, as\u00ed como de los agentes colaboradores, entre los que se encuentran <strong>Iraurgi Berritzen, Innobasque, BRTA, Tknika <\/strong>y los cl\u00fasteres<strong> AFM y Basque Food Cluster<\/strong>. Tambi\u00e9n asistieron representantes de las agencias de desarrollo comarcal de Gipuzkoa, un total de 11 entidades comprometidas con la innovaci\u00f3n en el territorio.<\/p>\n<p><strong>El Proyecto BeTEK <\/strong>es una iniciativa piloto que comenz\u00f3 en mayo de 2024 y est\u00e1 dirigida a empresas de diferente madurez tecnol\u00f3gica que quieran estructurar la gesti\u00f3n de la innovaci\u00f3n desde la perspectiva tecnol\u00f3gica en los sectores de la metalmec\u00e1nica y la alimentaci\u00f3n, con el fin de proporcionarles las herramientas necesarias para mejorar sus capacidades tecnol\u00f3gicas. Durante este encuentro, se han presentado los resultados obtenidos hasta la fecha y se ha ofrecido una visi\u00f3n detallada de los logros y las fases del proyecto.<\/p>\n<p><strong>Impulsando la transformaci\u00f3n tecnol\u00f3gica de las pymes con apoyo estrat\u00e9gico y colaboraci\u00f3n sectorial<\/strong><\/p>\n<p><strong>BeTEK<\/strong> tiene como objetivo principal capacitar a las peque\u00f1as y medianas empresas para que puedan integrar nuevas tecnolog\u00edas en sus procesos o productos, mejorando su competitividad y productividad. A trav\u00e9s de la colaboraci\u00f3n de entidades <strong>como Iraurgi Berritzen, Innobasque<\/strong>, <strong>BRTA<\/strong> y <strong>Tknika<\/strong>, se ha realizado un proceso de sensibilizaci\u00f3n, diagn\u00f3stico y creaci\u00f3n de hojas de ruta tecnol\u00f3gicas adaptadas a las necesidades de cada empresa.<\/p>\n<p>El proyecto se ha centrado en proporcionar un <strong>liderazgo claro en cada fase<\/strong>, con la participaci\u00f3n activa de los agentes participantes, asegurando que cada empresa pueda implementar de manera efectiva las soluciones tecnol\u00f3gicas que mejor se adapten a su contexto.<\/p>\n<p><strong>Unai Andueza, diputado de Promoci\u00f3n Econ\u00f3mica y Proyectos Estrat\u00e9gicos<\/strong>, ha afirmado: \u00abEste proyecto se basa en un liderazgo claro en cada fase, con la participaci\u00f3n activa de agentes tecnol\u00f3gicos y agencias de desarrollo comarcales, garantizando que cada empresa implemente de manera efectiva las soluciones tecnol\u00f3gicas m\u00e1s adecuadas a su contexto. Las peque\u00f1as y medianas empresas de Gipuzkoa est\u00e1n atravesando una era de transformaci\u00f3n, donde la innovaci\u00f3n tecnol\u00f3gica desempe\u00f1a un papel fundamental. Gracias a iniciativas como esta, nuestras empresas podr\u00e1n convertir los desaf\u00edos en oportunidades para el futuro. Destacar\u00eda, adem\u00e1s, la excelente colaboraci\u00f3n entre los distintos agentes, todos alineados con un objetivo com\u00fan: incrementar la competitividad de las PYMEs a trav\u00e9s de la tecnolog\u00eda.<\/p>\n<p>Desde <strong>Iraurgi Berritzen<\/strong><strong>, <\/strong><strong>su directora<\/strong> <strong>Bego\u00f1a Beobide<\/strong> \u2014quien adem\u00e1s fue la moderadora de la mesa redonda en la que participaron las ocho empresas implicadas en el proyecto piloto BeTEK\u2014 ha explicado que: \u201cDesde Iraurgi Berritzen queremos destacar el valor que ha supuesto para las empresas la elaboraci\u00f3n de una Hoja de Ruta tecnol\u00f3gica personalizada. Este documento ha permitido identificar con claridad los retos y oportunidades de mejora, y transformar la innovaci\u00f3n en un proceso accesible y adaptado a cada pyme. Las empresas han valorado especialmente el enfoque pr\u00e1ctico y personalizado, as\u00ed como el acompa\u00f1amiento recibido por parte de agentes como BRTA y Tknika, que han aportado conocimiento y soluciones concretas para avanzar en sus procesos de innovaci\u00f3n.\u201d<\/p>\n<p><strong>Evaluaci\u00f3n de impacto y expansi\u00f3n futura del proyecto en Gipuzkoa<\/strong><\/p>\n<p>La primera fase del proyecto culmin\u00f3 en marzo de 2025, con la entrega de una hoja de ruta tecnol\u00f3gica espec\u00edfica para cada una de las empresas participantes y el an\u00e1lisis de los <strong>resultados<\/strong> e <strong>impacto<\/strong> obtenido en t\u00e9rminos de <strong>indicadores de innovaci\u00f3n<\/strong> y <strong>mejora de procesos<\/strong>. Adem\u00e1s, se prev\u00e9 la incorporaci\u00f3n de <strong>ORKESTRA<\/strong> en el proceso para una evaluaci\u00f3n y sistematizaci\u00f3n de la metodolog\u00eda desarrollada en el proyecto, antes de extenderlo a todo el territorio.<span style=\"text-decoration: line-through;\">.<\/span> Para ello, ser\u00e1 necesario tambi\u00e9n poner en marcha un programa de capacitaci\u00f3n dirigido a las agencias de desarrollo de Gipuzkoa, que comenzar\u00e1 en <strong>septiembre<\/strong> y ser\u00e1 impartido por Innobasque, Tknika y BRTA.<\/p>\n<p>A partir del segundo semestre del 2025, ser\u00e1 cuando se inicien nuevos proyectos piloto, para expandir la iniciativa en Gipuzkoa a lo largo de 2026.<\/p>\n<p>La presentaci\u00f3n del proyecto se puede ver en el siguiente v\u00eddeo: <a href=\"https:\/\/youtu.be\/p3BSPFFHf6Y\" target=\"_blank\" rel=\"noopener\">https:\/\/youtu.be\/p3BSPFFHf6Y<\/a><\/p>\n<p>&nbsp;<\/p>\n","protected":false},"excerpt":{"rendered":"<p>Las compa\u00f1\u00edas Dtools, Frios Oiz, Ibiltek, Kuari, Harakai, Erlo Group, Ogi Eder y Calderer\u00eda CPK han formado parte del proyecto piloto BETEK, enfocado en optimizar sus procesos de innovaci\u00f3n tecnol\u00f3gica y fortalecer su competitividad. &nbsp; La Sala Gunea de la Diputaci\u00f3n Foral de Gipuzkoa ha acogido la presentaci\u00f3n del proyecto BeTEK (Bultzatu Enpresa Txiki eta [&hellip;]<\/p>\n","protected":false},"author":4,"featured_media":23027,"comment_status":"closed","ping_status":"closed","sticky":false,"template":"","format":"standard","meta":{"_acf_changed":false,"footnotes":""},"categories":[4],"tags":[],"class_list":["post-23029","post","type-post","status-publish","format-standard","has-post-thumbnail","hentry","category-noticias","arloak-enpresa"],"acf":[],"yoast_head":"<!-- This site is optimized with the Yoast SEO plugin v27.4 - https:\/\/yoast.com\/product\/yoast-seo-wordpress\/ -->\n<title>Presentaci\u00f3n del Proyecto BeTEK: Impulso a la Innovaci\u00f3n Tecnol\u00f3gica en las Empresas Peque\u00f1as y Medianas de Gipuzkoa - Iraurgi Berritzen<\/title>\n<meta name=\"robots\" content=\"index, follow, max-snippet:-1, max-image-preview:large, max-video-preview:-1\" \/>\n<link rel=\"canonical\" href=\"https:\/\/iraurgiberritzen.eus\/es\/presentacion-del-proyecto-betek-impulso-a-la-innovacion-tecnologica-en-las-empresas-pequenas-y-medianas-de-gipuzkoa\/\" \/>\n<meta property=\"og:locale\" content=\"es_ES\" \/>\n<meta property=\"og:type\" content=\"article\" \/>\n<meta property=\"og:title\" content=\"Presentaci\u00f3n del Proyecto BeTEK: Impulso a la Innovaci\u00f3n Tecnol\u00f3gica en las Empresas Peque\u00f1as y Medianas de Gipuzkoa - Iraurgi Berritzen\" \/>\n<meta property=\"og:description\" content=\"Las compa\u00f1\u00edas Dtools, Frios Oiz, Ibiltek, Kuari, Harakai, Erlo Group, Ogi Eder y Calderer\u00eda CPK han formado parte del proyecto piloto BETEK, enfocado en optimizar sus procesos de innovaci\u00f3n tecnol\u00f3gica y fortalecer su competitividad. &nbsp; La Sala Gunea de la Diputaci\u00f3n Foral de Gipuzkoa ha acogido la presentaci\u00f3n del proyecto BeTEK (Bultzatu Enpresa Txiki eta [&hellip;]\" \/>\n<meta property=\"og:url\" content=\"https:\/\/iraurgiberritzen.eus\/es\/presentacion-del-proyecto-betek-impulso-a-la-innovacion-tecnologica-en-las-empresas-pequenas-y-medianas-de-gipuzkoa\/\" \/>\n<meta property=\"og:site_name\" content=\"Iraurgi Berritzen\" \/>\n<meta property=\"article:published_time\" content=\"2025-04-08T08:35:08+00:00\" \/>\n<meta property=\"article:modified_time\" content=\"2025-04-08T12:09:52+00:00\" \/>\n<meta property=\"og:image\" content=\"https:\/\/iraurgiberritzen.eus\/wp-content\/uploads\/2025\/04\/IMG_8039-1-scaled.jpg\" \/>\n\t<meta property=\"og:image:width\" content=\"2560\" \/>\n\t<meta property=\"og:image:height\" content=\"1707\" \/>\n\t<meta property=\"og:image:type\" content=\"image\/jpeg\" \/>\n<meta name=\"author\" content=\"ainara\" \/>\n<meta name=\"twitter:card\" content=\"summary_large_image\" \/>\n<meta name=\"twitter:label1\" content=\"Escrito por\" \/>\n\t<meta name=\"twitter:data1\" content=\"ainara\" \/>\n\t<meta name=\"twitter:label2\" content=\"Tiempo de lectura\" \/>\n\t<meta name=\"twitter:data2\" content=\"5 minutos\" \/>\n<script type=\"application\/ld+json\" class=\"yoast-schema-graph\">{\"@context\":\"https:\\\/\\\/schema.org\",\"@graph\":[{\"@type\":\"Article\",\"@id\":\"https:\\\/\\\/iraurgiberritzen.eus\\\/es\\\/presentacion-del-proyecto-betek-impulso-a-la-innovacion-tecnologica-en-las-empresas-pequenas-y-medianas-de-gipuzkoa\\\/#article\",\"isPartOf\":{\"@id\":\"https:\\\/\\\/iraurgiberritzen.eus\\\/es\\\/presentacion-del-proyecto-betek-impulso-a-la-innovacion-tecnologica-en-las-empresas-pequenas-y-medianas-de-gipuzkoa\\\/\"},\"author\":{\"name\":\"ainara\",\"@id\":\"https:\\\/\\\/iraurgiberritzen.eus\\\/es\\\/#\\\/schema\\\/person\\\/a32c9825b3e2bfcbe757a97f6a15c8a5\"},\"headline\":\"Presentaci\u00f3n del Proyecto BeTEK: Impulso a la Innovaci\u00f3n Tecnol\u00f3gica en las Empresas Peque\u00f1as y Medianas de Gipuzkoa\",\"datePublished\":\"2025-04-08T08:35:08+00:00\",\"dateModified\":\"2025-04-08T12:09:52+00:00\",\"mainEntityOfPage\":{\"@id\":\"https:\\\/\\\/iraurgiberritzen.eus\\\/es\\\/presentacion-del-proyecto-betek-impulso-a-la-innovacion-tecnologica-en-las-empresas-pequenas-y-medianas-de-gipuzkoa\\\/\"},\"wordCount\":888,\"publisher\":{\"@id\":\"https:\\\/\\\/iraurgiberritzen.eus\\\/es\\\/#organization\"},\"image\":{\"@id\":\"https:\\\/\\\/iraurgiberritzen.eus\\\/es\\\/presentacion-del-proyecto-betek-impulso-a-la-innovacion-tecnologica-en-las-empresas-pequenas-y-medianas-de-gipuzkoa\\\/#primaryimage\"},\"thumbnailUrl\":\"https:\\\/\\\/iraurgiberritzen.eus\\\/wp-content\\\/uploads\\\/2025\\\/04\\\/IMG_8039-1-scaled.jpg\",\"articleSection\":[\"Noticias\"],\"inLanguage\":\"es\"},{\"@type\":\"WebPage\",\"@id\":\"https:\\\/\\\/iraurgiberritzen.eus\\\/es\\\/presentacion-del-proyecto-betek-impulso-a-la-innovacion-tecnologica-en-las-empresas-pequenas-y-medianas-de-gipuzkoa\\\/\",\"url\":\"https:\\\/\\\/iraurgiberritzen.eus\\\/es\\\/presentacion-del-proyecto-betek-impulso-a-la-innovacion-tecnologica-en-las-empresas-pequenas-y-medianas-de-gipuzkoa\\\/\",\"name\":\"Presentaci\u00f3n del Proyecto BeTEK: Impulso a la Innovaci\u00f3n Tecnol\u00f3gica en las Empresas Peque\u00f1as y Medianas de Gipuzkoa - Iraurgi Berritzen\",\"isPartOf\":{\"@id\":\"https:\\\/\\\/iraurgiberritzen.eus\\\/es\\\/#website\"},\"primaryImageOfPage\":{\"@id\":\"https:\\\/\\\/iraurgiberritzen.eus\\\/es\\\/presentacion-del-proyecto-betek-impulso-a-la-innovacion-tecnologica-en-las-empresas-pequenas-y-medianas-de-gipuzkoa\\\/#primaryimage\"},\"image\":{\"@id\":\"https:\\\/\\\/iraurgiberritzen.eus\\\/es\\\/presentacion-del-proyecto-betek-impulso-a-la-innovacion-tecnologica-en-las-empresas-pequenas-y-medianas-de-gipuzkoa\\\/#primaryimage\"},\"thumbnailUrl\":\"https:\\\/\\\/iraurgiberritzen.eus\\\/wp-content\\\/uploads\\\/2025\\\/04\\\/IMG_8039-1-scaled.jpg\",\"datePublished\":\"2025-04-08T08:35:08+00:00\",\"dateModified\":\"2025-04-08T12:09:52+00:00\",\"breadcrumb\":{\"@id\":\"https:\\\/\\\/iraurgiberritzen.eus\\\/es\\\/presentacion-del-proyecto-betek-impulso-a-la-innovacion-tecnologica-en-las-empresas-pequenas-y-medianas-de-gipuzkoa\\\/#breadcrumb\"},\"inLanguage\":\"es\",\"potentialAction\":[{\"@type\":\"ReadAction\",\"target\":[\"https:\\\/\\\/iraurgiberritzen.eus\\\/es\\\/presentacion-del-proyecto-betek-impulso-a-la-innovacion-tecnologica-en-las-empresas-pequenas-y-medianas-de-gipuzkoa\\\/\"]}]},{\"@type\":\"ImageObject\",\"inLanguage\":\"es\",\"@id\":\"https:\\\/\\\/iraurgiberritzen.eus\\\/es\\\/presentacion-del-proyecto-betek-impulso-a-la-innovacion-tecnologica-en-las-empresas-pequenas-y-medianas-de-gipuzkoa\\\/#primaryimage\",\"url\":\"https:\\\/\\\/iraurgiberritzen.eus\\\/wp-content\\\/uploads\\\/2025\\\/04\\\/IMG_8039-1-scaled.jpg\",\"contentUrl\":\"https:\\\/\\\/iraurgiberritzen.eus\\\/wp-content\\\/uploads\\\/2025\\\/04\\\/IMG_8039-1-scaled.jpg\",\"width\":2560,\"height\":1707},{\"@type\":\"BreadcrumbList\",\"@id\":\"https:\\\/\\\/iraurgiberritzen.eus\\\/es\\\/presentacion-del-proyecto-betek-impulso-a-la-innovacion-tecnologica-en-las-empresas-pequenas-y-medianas-de-gipuzkoa\\\/#breadcrumb\",\"itemListElement\":[{\"@type\":\"ListItem\",\"position\":1,\"name\":\"Home\",\"item\":\"https:\\\/\\\/iraurgiberritzen.eus\\\/es\\\/\"},{\"@type\":\"ListItem\",\"position\":2,\"name\":\"Presentaci\u00f3n del Proyecto BeTEK: Impulso a la Innovaci\u00f3n Tecnol\u00f3gica en las Empresas Peque\u00f1as y Medianas de Gipuzkoa\"}]},{\"@type\":\"WebSite\",\"@id\":\"https:\\\/\\\/iraurgiberritzen.eus\\\/es\\\/#website\",\"url\":\"https:\\\/\\\/iraurgiberritzen.eus\\\/es\\\/\",\"name\":\"Iraurgi Berritzen\",\"description\":\"Urola Erdiko Garapen Agentzia\",\"publisher\":{\"@id\":\"https:\\\/\\\/iraurgiberritzen.eus\\\/es\\\/#organization\"},\"potentialAction\":[{\"@type\":\"SearchAction\",\"target\":{\"@type\":\"EntryPoint\",\"urlTemplate\":\"https:\\\/\\\/iraurgiberritzen.eus\\\/es\\\/?s={search_term_string}\"},\"query-input\":{\"@type\":\"PropertyValueSpecification\",\"valueRequired\":true,\"valueName\":\"search_term_string\"}}],\"inLanguage\":\"es\"},{\"@type\":\"Organization\",\"@id\":\"https:\\\/\\\/iraurgiberritzen.eus\\\/es\\\/#organization\",\"name\":\"Iraurgi Berritzen\",\"url\":\"https:\\\/\\\/iraurgiberritzen.eus\\\/es\\\/\",\"logo\":{\"@type\":\"ImageObject\",\"inLanguage\":\"es\",\"@id\":\"https:\\\/\\\/iraurgiberritzen.eus\\\/es\\\/#\\\/schema\\\/logo\\\/image\\\/\",\"url\":\"https:\\\/\\\/iraurgiberritzen.eus\\\/wp-content\\\/uploads\\\/2024\\\/02\\\/IRAURGI-BERRITZEN-logotipoa_2.png\",\"contentUrl\":\"https:\\\/\\\/iraurgiberritzen.eus\\\/wp-content\\\/uploads\\\/2024\\\/02\\\/IRAURGI-BERRITZEN-logotipoa_2.png\",\"width\":496,\"height\":190,\"caption\":\"Iraurgi Berritzen\"},\"image\":{\"@id\":\"https:\\\/\\\/iraurgiberritzen.eus\\\/es\\\/#\\\/schema\\\/logo\\\/image\\\/\"}},{\"@type\":\"Person\",\"@id\":\"https:\\\/\\\/iraurgiberritzen.eus\\\/es\\\/#\\\/schema\\\/person\\\/a32c9825b3e2bfcbe757a97f6a15c8a5\",\"name\":\"ainara\"}]}<\/script>\n<!-- \/ Yoast SEO plugin. -->","yoast_head_json":{"title":"Presentaci\u00f3n del Proyecto BeTEK: Impulso a la Innovaci\u00f3n Tecnol\u00f3gica en las Empresas Peque\u00f1as y Medianas de Gipuzkoa - Iraurgi Berritzen","robots":{"index":"index","follow":"follow","max-snippet":"max-snippet:-1","max-image-preview":"max-image-preview:large","max-video-preview":"max-video-preview:-1"},"canonical":"https:\/\/iraurgiberritzen.eus\/es\/presentacion-del-proyecto-betek-impulso-a-la-innovacion-tecnologica-en-las-empresas-pequenas-y-medianas-de-gipuzkoa\/","og_locale":"es_ES","og_type":"article","og_title":"Presentaci\u00f3n del Proyecto BeTEK: Impulso a la Innovaci\u00f3n Tecnol\u00f3gica en las Empresas Peque\u00f1as y Medianas de Gipuzkoa - Iraurgi Berritzen","og_description":"Las compa\u00f1\u00edas Dtools, Frios Oiz, Ibiltek, Kuari, Harakai, Erlo Group, Ogi Eder y Calderer\u00eda CPK han formado parte del proyecto piloto BETEK, enfocado en optimizar sus procesos de innovaci\u00f3n tecnol\u00f3gica y fortalecer su competitividad. &nbsp; La Sala Gunea de la Diputaci\u00f3n Foral de Gipuzkoa ha acogido la presentaci\u00f3n del proyecto BeTEK (Bultzatu Enpresa Txiki eta [&hellip;]","og_url":"https:\/\/iraurgiberritzen.eus\/es\/presentacion-del-proyecto-betek-impulso-a-la-innovacion-tecnologica-en-las-empresas-pequenas-y-medianas-de-gipuzkoa\/","og_site_name":"Iraurgi Berritzen","article_published_time":"2025-04-08T08:35:08+00:00","article_modified_time":"2025-04-08T12:09:52+00:00","og_image":[{"width":2560,"height":1707,"url":"https:\/\/iraurgiberritzen.eus\/wp-content\/uploads\/2025\/04\/IMG_8039-1-scaled.jpg","type":"image\/jpeg"}],"author":"ainara","twitter_card":"summary_large_image","twitter_misc":{"Escrito por":"ainara","Tiempo de lectura":"5 minutos"},"schema":{"@context":"https:\/\/schema.org","@graph":[{"@type":"Article","@id":"https:\/\/iraurgiberritzen.eus\/es\/presentacion-del-proyecto-betek-impulso-a-la-innovacion-tecnologica-en-las-empresas-pequenas-y-medianas-de-gipuzkoa\/#article","isPartOf":{"@id":"https:\/\/iraurgiberritzen.eus\/es\/presentacion-del-proyecto-betek-impulso-a-la-innovacion-tecnologica-en-las-empresas-pequenas-y-medianas-de-gipuzkoa\/"},"author":{"name":"ainara","@id":"https:\/\/iraurgiberritzen.eus\/es\/#\/schema\/person\/a32c9825b3e2bfcbe757a97f6a15c8a5"},"headline":"Presentaci\u00f3n del Proyecto BeTEK: Impulso a la Innovaci\u00f3n Tecnol\u00f3gica en las Empresas Peque\u00f1as y Medianas de Gipuzkoa","datePublished":"2025-04-08T08:35:08+00:00","dateModified":"2025-04-08T12:09:52+00:00","mainEntityOfPage":{"@id":"https:\/\/iraurgiberritzen.eus\/es\/presentacion-del-proyecto-betek-impulso-a-la-innovacion-tecnologica-en-las-empresas-pequenas-y-medianas-de-gipuzkoa\/"},"wordCount":888,"publisher":{"@id":"https:\/\/iraurgiberritzen.eus\/es\/#organization"},"image":{"@id":"https:\/\/iraurgiberritzen.eus\/es\/presentacion-del-proyecto-betek-impulso-a-la-innovacion-tecnologica-en-las-empresas-pequenas-y-medianas-de-gipuzkoa\/#primaryimage"},"thumbnailUrl":"https:\/\/iraurgiberritzen.eus\/wp-content\/uploads\/2025\/04\/IMG_8039-1-scaled.jpg","articleSection":["Noticias"],"inLanguage":"es"},{"@type":"WebPage","@id":"https:\/\/iraurgiberritzen.eus\/es\/presentacion-del-proyecto-betek-impulso-a-la-innovacion-tecnologica-en-las-empresas-pequenas-y-medianas-de-gipuzkoa\/","url":"https:\/\/iraurgiberritzen.eus\/es\/presentacion-del-proyecto-betek-impulso-a-la-innovacion-tecnologica-en-las-empresas-pequenas-y-medianas-de-gipuzkoa\/","name":"Presentaci\u00f3n del Proyecto BeTEK: Impulso a la Innovaci\u00f3n Tecnol\u00f3gica en las Empresas Peque\u00f1as y Medianas de Gipuzkoa - Iraurgi Berritzen","isPartOf":{"@id":"https:\/\/iraurgiberritzen.eus\/es\/#website"},"primaryImageOfPage":{"@id":"https:\/\/iraurgiberritzen.eus\/es\/presentacion-del-proyecto-betek-impulso-a-la-innovacion-tecnologica-en-las-empresas-pequenas-y-medianas-de-gipuzkoa\/#primaryimage"},"image":{"@id":"https:\/\/iraurgiberritzen.eus\/es\/presentacion-del-proyecto-betek-impulso-a-la-innovacion-tecnologica-en-las-empresas-pequenas-y-medianas-de-gipuzkoa\/#primaryimage"},"thumbnailUrl":"https:\/\/iraurgiberritzen.eus\/wp-content\/uploads\/2025\/04\/IMG_8039-1-scaled.jpg","datePublished":"2025-04-08T08:35:08+00:00","dateModified":"2025-04-08T12:09:52+00:00","breadcrumb":{"@id":"https:\/\/iraurgiberritzen.eus\/es\/presentacion-del-proyecto-betek-impulso-a-la-innovacion-tecnologica-en-las-empresas-pequenas-y-medianas-de-gipuzkoa\/#breadcrumb"},"inLanguage":"es","potentialAction":[{"@type":"ReadAction","target":["https:\/\/iraurgiberritzen.eus\/es\/presentacion-del-proyecto-betek-impulso-a-la-innovacion-tecnologica-en-las-empresas-pequenas-y-medianas-de-gipuzkoa\/"]}]},{"@type":"ImageObject","inLanguage":"es","@id":"https:\/\/iraurgiberritzen.eus\/es\/presentacion-del-proyecto-betek-impulso-a-la-innovacion-tecnologica-en-las-empresas-pequenas-y-medianas-de-gipuzkoa\/#primaryimage","url":"https:\/\/iraurgiberritzen.eus\/wp-content\/uploads\/2025\/04\/IMG_8039-1-scaled.jpg","contentUrl":"https:\/\/iraurgiberritzen.eus\/wp-content\/uploads\/2025\/04\/IMG_8039-1-scaled.jpg","width":2560,"height":1707},{"@type":"BreadcrumbList","@id":"https:\/\/iraurgiberritzen.eus\/es\/presentacion-del-proyecto-betek-impulso-a-la-innovacion-tecnologica-en-las-empresas-pequenas-y-medianas-de-gipuzkoa\/#breadcrumb","itemListElement":[{"@type":"ListItem","position":1,"name":"Home","item":"https:\/\/iraurgiberritzen.eus\/es\/"},{"@type":"ListItem","position":2,"name":"Presentaci\u00f3n del Proyecto BeTEK: Impulso a la Innovaci\u00f3n Tecnol\u00f3gica en las Empresas Peque\u00f1as y Medianas de Gipuzkoa"}]},{"@type":"WebSite","@id":"https:\/\/iraurgiberritzen.eus\/es\/#website","url":"https:\/\/iraurgiberritzen.eus\/es\/","name":"Iraurgi Berritzen","description":"Urola Erdiko Garapen Agentzia","publisher":{"@id":"https:\/\/iraurgiberritzen.eus\/es\/#organization"},"potentialAction":[{"@type":"SearchAction","target":{"@type":"EntryPoint","urlTemplate":"https:\/\/iraurgiberritzen.eus\/es\/?s={search_term_string}"},"query-input":{"@type":"PropertyValueSpecification","valueRequired":true,"valueName":"search_term_string"}}],"inLanguage":"es"},{"@type":"Organization","@id":"https:\/\/iraurgiberritzen.eus\/es\/#organization","name":"Iraurgi Berritzen","url":"https:\/\/iraurgiberritzen.eus\/es\/","logo":{"@type":"ImageObject","inLanguage":"es","@id":"https:\/\/iraurgiberritzen.eus\/es\/#\/schema\/logo\/image\/","url":"https:\/\/iraurgiberritzen.eus\/wp-content\/uploads\/2024\/02\/IRAURGI-BERRITZEN-logotipoa_2.png","contentUrl":"https:\/\/iraurgiberritzen.eus\/wp-content\/uploads\/2024\/02\/IRAURGI-BERRITZEN-logotipoa_2.png","width":496,"height":190,"caption":"Iraurgi Berritzen"},"image":{"@id":"https:\/\/iraurgiberritzen.eus\/es\/#\/schema\/logo\/image\/"}},{"@type":"Person","@id":"https:\/\/iraurgiberritzen.eus\/es\/#\/schema\/person\/a32c9825b3e2bfcbe757a97f6a15c8a5","name":"ainara"}]}},"_links":{"self":[{"href":"https:\/\/iraurgiberritzen.eus\/es\/wp-json\/wp\/v2\/posts\/23029","targetHints":{"allow":["GET"]}}],"collection":[{"href":"https:\/\/iraurgiberritzen.eus\/es\/wp-json\/wp\/v2\/posts"}],"about":[{"href":"https:\/\/iraurgiberritzen.eus\/es\/wp-json\/wp\/v2\/types\/post"}],"author":[{"embeddable":true,"href":"https:\/\/iraurgiberritzen.eus\/es\/wp-json\/wp\/v2\/users\/4"}],"replies":[{"embeddable":true,"href":"https:\/\/iraurgiberritzen.eus\/es\/wp-json\/wp\/v2\/comments?post=23029"}],"version-history":[{"count":5,"href":"https:\/\/iraurgiberritzen.eus\/es\/wp-json\/wp\/v2\/posts\/23029\/revisions"}],"predecessor-version":[{"id":23040,"href":"https:\/\/iraurgiberritzen.eus\/es\/wp-json\/wp\/v2\/posts\/23029\/revisions\/23040"}],"wp:featuredmedia":[{"embeddable":true,"href":"https:\/\/iraurgiberritzen.eus\/es\/wp-json\/wp\/v2\/media\/23027"}],"wp:attachment":[{"href":"https:\/\/iraurgiberritzen.eus\/es\/wp-json\/wp\/v2\/media?parent=23029"}],"wp:term":[{"taxonomy":"category","embeddable":true,"href":"https:\/\/iraurgiberritzen.eus\/es\/wp-json\/wp\/v2\/categories?post=23029"},{"taxonomy":"post_tag","embeddable":true,"href":"https:\/\/iraurgiberritzen.eus\/es\/wp-json\/wp\/v2\/tags?post=23029"}],"curies":[{"name":"wp","href":"https:\/\/api.w.org\/{rel}","templated":true}]}}