{"id":23091,"date":"2025-04-16T09:53:43","date_gmt":"2025-04-16T07:53:43","guid":{"rendered":"https:\/\/iraurgiberritzen.eus\/?p=23091"},"modified":"2025-04-16T09:57:05","modified_gmt":"2025-04-16T07:57:05","slug":"abierto-el-plazo-de-inscripcion-al-programa-hazilan-las-personas-participantes-recibiran-una-beca-diaria-de-9e","status":"publish","type":"post","link":"https:\/\/iraurgiberritzen.eus\/es\/abierto-el-plazo-de-inscripcion-al-programa-hazilan-las-personas-participantes-recibiran-una-beca-diaria-de-9e\/","title":{"rendered":"Abierto el plazo de inscripci\u00f3n al Programa Hazilan +.  Las personas participantes recibir\u00e1n una beca diaria de 9\u20ac"},"content":{"rendered":"<div class=\"itemIntroText\">\n<h5>Bajo la coordinaci\u00f3n de Iraurgi Berritzen, la nueva edici\u00f3n del programa\u00a0<a href=\"https:\/\/hazilanplus.garapen.net\/es\/\" target=\"_blank\" rel=\"noopener\">Hazllan+<\/a>\u00a0se pondr\u00e1 en marcha la segunda quincena de mayo y est\u00e1\u00a0dirigida a personas en desempleo con estudios medios o superiores.<\/h5>\n<\/div>\n<div class=\"itemFullText\">\n<p><strong>La principal novedad de la edici\u00f3n de 2025<\/strong>\u00a0es que las personas participantes recibir\u00e1n una\u00a0<strong>beca de 9 \u20ac diarios<\/strong>\u00a0en funci\u00f3n de la asistencia al programa. Con esta medida se pretende impulsar la participaci\u00f3n e implicaci\u00f3n de las personas participantes.<\/p>\n<p>Estructura del programa:<\/p>\n<ul>\n<li><strong>Aktibatu:<\/strong>\u00a0Mediante la t\u00e9cnica de Coaching, se trabajar\u00e1n las competencias personales y profesionales necesarias para la inserci\u00f3n laboral en sesiones grupales (Osatu).<\/li>\n<li><strong>Formaci\u00f3n Transversal:<\/strong>\u00a0Se trabajar\u00e1 la marca personal y otras competencias complementarias para reforzar el perfil profesional.<\/li>\n<li><strong>Kokatu:<\/strong>\u00a0<strong>2-9 meses de pr\u00e1cticas remuneradas<\/strong>\u00a0en empresas de la zona.<\/li>\n<\/ul>\n<p>El objetivo del programa Hazilan es mejorar la empleabilidad y facilitar el acceso al mercado laboral.<\/p>\n<p>Para la inscripci\u00f3n o para recibir m\u00e1s informaci\u00f3n del programa, contactar en\u00a0<strong><span id=\"cloak78f8ec51863871b717ea4cd5dc386a3f\"><a href=\"mailto:sfernandez@iraurgiberritzen.eus\">sfernandez@iraurgiberritzen.eus<\/a><\/span><\/strong>\u00a0\u00f3 llamando al tel\u00e9fono\u00a0<strong>688 873 589<\/strong>\u00a0(Sandra).<\/p>\n<p style=\"text-align: center;\"><img loading=\"lazy\" decoding=\"async\" class=\" wp-image-21167 aligncenter\" src=\"https:\/\/iraurgiberritzen.eus\/wp-content\/uploads\/2024\/07\/Sin-titulo-600-x-100-px-300x50.png\" alt=\"\" width=\"840\" height=\"140\" srcset=\"https:\/\/iraurgiberritzen.eus\/wp-content\/uploads\/2024\/07\/Sin-titulo-600-x-100-px-300x50.png 300w, https:\/\/iraurgiberritzen.eus\/wp-content\/uploads\/2024\/07\/Sin-titulo-600-x-100-px.png 600w\" sizes=\"auto, (max-width: 840px) 100vw, 840px\" \/><\/p>\n<\/div>\n","protected":false},"excerpt":{"rendered":"<p>Bajo la coordinaci\u00f3n de Iraurgi Berritzen, la nueva edici\u00f3n del programa\u00a0Hazllan+\u00a0se pondr\u00e1 en marcha la segunda quincena de mayo y est\u00e1\u00a0dirigida a personas en desempleo con estudios medios o superiores. La principal novedad de la edici\u00f3n de 2025\u00a0es que las personas participantes recibir\u00e1n una\u00a0beca de 9 \u20ac diarios\u00a0en funci\u00f3n de la asistencia al programa. Con [&hellip;]<\/p>\n","protected":false},"author":4,"featured_media":23086,"comment_status":"closed","ping_status":"closed","sticky":false,"template":"","format":"standard","meta":{"_acf_changed":false,"footnotes":""},"categories":[4],"tags":[],"class_list":["post-23091","post","type-post","status-publish","format-standard","has-post-thumbnail","hentry","category-noticias","arloak-empleo"],"acf":[],"yoast_head":"<!-- This site is optimized with the Yoast SEO plugin v27.4 - https:\/\/yoast.com\/product\/yoast-seo-wordpress\/ -->\n<title>Abierto el plazo de inscripci\u00f3n al Programa Hazilan +. Las personas participantes recibir\u00e1n una beca diaria de 9\u20ac - Iraurgi Berritzen<\/title>\n<meta name=\"robots\" content=\"index, follow, max-snippet:-1, max-image-preview:large, max-video-preview:-1\" \/>\n<link rel=\"canonical\" href=\"https:\/\/iraurgiberritzen.eus\/es\/abierto-el-plazo-de-inscripcion-al-programa-hazilan-las-personas-participantes-recibiran-una-beca-diaria-de-9e\/\" \/>\n<meta property=\"og:locale\" content=\"es_ES\" \/>\n<meta property=\"og:type\" content=\"article\" \/>\n<meta property=\"og:title\" content=\"Abierto el plazo de inscripci\u00f3n al Programa Hazilan +. Las personas participantes recibir\u00e1n una beca diaria de 9\u20ac - Iraurgi Berritzen\" \/>\n<meta property=\"og:description\" content=\"Bajo la coordinaci\u00f3n de Iraurgi Berritzen, la nueva edici\u00f3n del programa\u00a0Hazllan+\u00a0se pondr\u00e1 en marcha la segunda quincena de mayo y est\u00e1\u00a0dirigida a personas en desempleo con estudios medios o superiores. La principal novedad de la edici\u00f3n de 2025\u00a0es que las personas participantes recibir\u00e1n una\u00a0beca de 9 \u20ac diarios\u00a0en funci\u00f3n de la asistencia al programa. Con [&hellip;]\" \/>\n<meta property=\"og:url\" content=\"https:\/\/iraurgiberritzen.eus\/es\/abierto-el-plazo-de-inscripcion-al-programa-hazilan-las-personas-participantes-recibiran-una-beca-diaria-de-9e\/\" \/>\n<meta property=\"og:site_name\" content=\"Iraurgi Berritzen\" \/>\n<meta property=\"article:published_time\" content=\"2025-04-16T07:53:43+00:00\" \/>\n<meta property=\"article:modified_time\" content=\"2025-04-16T07:57:05+00:00\" \/>\n<meta property=\"og:image\" content=\"https:\/\/iraurgiberritzen.eus\/wp-content\/uploads\/2025\/04\/WhatsApp-Image-2025-03-27-at-11.19.08.jpeg\" \/>\n\t<meta property=\"og:image:width\" content=\"1600\" \/>\n\t<meta property=\"og:image:height\" content=\"1200\" \/>\n\t<meta property=\"og:image:type\" content=\"image\/jpeg\" \/>\n<meta name=\"author\" content=\"ainara\" \/>\n<meta name=\"twitter:card\" content=\"summary_large_image\" \/>\n<meta name=\"twitter:label1\" content=\"Escrito por\" \/>\n\t<meta name=\"twitter:data1\" content=\"ainara\" \/>\n\t<meta name=\"twitter:label2\" content=\"Tiempo de lectura\" \/>\n\t<meta name=\"twitter:data2\" content=\"2 minutos\" \/>\n<script type=\"application\/ld+json\" class=\"yoast-schema-graph\">{\"@context\":\"https:\\\/\\\/schema.org\",\"@graph\":[{\"@type\":\"Article\",\"@id\":\"https:\\\/\\\/iraurgiberritzen.eus\\\/es\\\/abierto-el-plazo-de-inscripcion-al-programa-hazilan-las-personas-participantes-recibiran-una-beca-diaria-de-9e\\\/#article\",\"isPartOf\":{\"@id\":\"https:\\\/\\\/iraurgiberritzen.eus\\\/es\\\/abierto-el-plazo-de-inscripcion-al-programa-hazilan-las-personas-participantes-recibiran-una-beca-diaria-de-9e\\\/\"},\"author\":{\"name\":\"ainara\",\"@id\":\"https:\\\/\\\/iraurgiberritzen.eus\\\/es\\\/#\\\/schema\\\/person\\\/a32c9825b3e2bfcbe757a97f6a15c8a5\"},\"headline\":\"Abierto el plazo de inscripci\u00f3n al Programa Hazilan +. Las personas participantes recibir\u00e1n una beca diaria de 9\u20ac\",\"datePublished\":\"2025-04-16T07:53:43+00:00\",\"dateModified\":\"2025-04-16T07:57:05+00:00\",\"mainEntityOfPage\":{\"@id\":\"https:\\\/\\\/iraurgiberritzen.eus\\\/es\\\/abierto-el-plazo-de-inscripcion-al-programa-hazilan-las-personas-participantes-recibiran-una-beca-diaria-de-9e\\\/\"},\"wordCount\":192,\"publisher\":{\"@id\":\"https:\\\/\\\/iraurgiberritzen.eus\\\/es\\\/#organization\"},\"image\":{\"@id\":\"https:\\\/\\\/iraurgiberritzen.eus\\\/es\\\/abierto-el-plazo-de-inscripcion-al-programa-hazilan-las-personas-participantes-recibiran-una-beca-diaria-de-9e\\\/#primaryimage\"},\"thumbnailUrl\":\"https:\\\/\\\/iraurgiberritzen.eus\\\/wp-content\\\/uploads\\\/2025\\\/04\\\/WhatsApp-Image-2025-03-27-at-11.19.08.jpeg\",\"articleSection\":[\"Noticias\"],\"inLanguage\":\"es\"},{\"@type\":\"WebPage\",\"@id\":\"https:\\\/\\\/iraurgiberritzen.eus\\\/es\\\/abierto-el-plazo-de-inscripcion-al-programa-hazilan-las-personas-participantes-recibiran-una-beca-diaria-de-9e\\\/\",\"url\":\"https:\\\/\\\/iraurgiberritzen.eus\\\/es\\\/abierto-el-plazo-de-inscripcion-al-programa-hazilan-las-personas-participantes-recibiran-una-beca-diaria-de-9e\\\/\",\"name\":\"Abierto el plazo de inscripci\u00f3n al Programa Hazilan +. Las personas participantes recibir\u00e1n una beca diaria de 9\u20ac - Iraurgi Berritzen\",\"isPartOf\":{\"@id\":\"https:\\\/\\\/iraurgiberritzen.eus\\\/es\\\/#website\"},\"primaryImageOfPage\":{\"@id\":\"https:\\\/\\\/iraurgiberritzen.eus\\\/es\\\/abierto-el-plazo-de-inscripcion-al-programa-hazilan-las-personas-participantes-recibiran-una-beca-diaria-de-9e\\\/#primaryimage\"},\"image\":{\"@id\":\"https:\\\/\\\/iraurgiberritzen.eus\\\/es\\\/abierto-el-plazo-de-inscripcion-al-programa-hazilan-las-personas-participantes-recibiran-una-beca-diaria-de-9e\\\/#primaryimage\"},\"thumbnailUrl\":\"https:\\\/\\\/iraurgiberritzen.eus\\\/wp-content\\\/uploads\\\/2025\\\/04\\\/WhatsApp-Image-2025-03-27-at-11.19.08.jpeg\",\"datePublished\":\"2025-04-16T07:53:43+00:00\",\"dateModified\":\"2025-04-16T07:57:05+00:00\",\"breadcrumb\":{\"@id\":\"https:\\\/\\\/iraurgiberritzen.eus\\\/es\\\/abierto-el-plazo-de-inscripcion-al-programa-hazilan-las-personas-participantes-recibiran-una-beca-diaria-de-9e\\\/#breadcrumb\"},\"inLanguage\":\"es\",\"potentialAction\":[{\"@type\":\"ReadAction\",\"target\":[\"https:\\\/\\\/iraurgiberritzen.eus\\\/es\\\/abierto-el-plazo-de-inscripcion-al-programa-hazilan-las-personas-participantes-recibiran-una-beca-diaria-de-9e\\\/\"]}]},{\"@type\":\"ImageObject\",\"inLanguage\":\"es\",\"@id\":\"https:\\\/\\\/iraurgiberritzen.eus\\\/es\\\/abierto-el-plazo-de-inscripcion-al-programa-hazilan-las-personas-participantes-recibiran-una-beca-diaria-de-9e\\\/#primaryimage\",\"url\":\"https:\\\/\\\/iraurgiberritzen.eus\\\/wp-content\\\/uploads\\\/2025\\\/04\\\/WhatsApp-Image-2025-03-27-at-11.19.08.jpeg\",\"contentUrl\":\"https:\\\/\\\/iraurgiberritzen.eus\\\/wp-content\\\/uploads\\\/2025\\\/04\\\/WhatsApp-Image-2025-03-27-at-11.19.08.jpeg\",\"width\":1600,\"height\":1200},{\"@type\":\"BreadcrumbList\",\"@id\":\"https:\\\/\\\/iraurgiberritzen.eus\\\/es\\\/abierto-el-plazo-de-inscripcion-al-programa-hazilan-las-personas-participantes-recibiran-una-beca-diaria-de-9e\\\/#breadcrumb\",\"itemListElement\":[{\"@type\":\"ListItem\",\"position\":1,\"name\":\"Home\",\"item\":\"https:\\\/\\\/iraurgiberritzen.eus\\\/es\\\/\"},{\"@type\":\"ListItem\",\"position\":2,\"name\":\"Abierto el plazo de inscripci\u00f3n al Programa Hazilan +. Las personas participantes recibir\u00e1n una beca diaria de 9\u20ac\"}]},{\"@type\":\"WebSite\",\"@id\":\"https:\\\/\\\/iraurgiberritzen.eus\\\/es\\\/#website\",\"url\":\"https:\\\/\\\/iraurgiberritzen.eus\\\/es\\\/\",\"name\":\"Iraurgi Berritzen\",\"description\":\"Urola Erdiko Garapen Agentzia\",\"publisher\":{\"@id\":\"https:\\\/\\\/iraurgiberritzen.eus\\\/es\\\/#organization\"},\"potentialAction\":[{\"@type\":\"SearchAction\",\"target\":{\"@type\":\"EntryPoint\",\"urlTemplate\":\"https:\\\/\\\/iraurgiberritzen.eus\\\/es\\\/?s={search_term_string}\"},\"query-input\":{\"@type\":\"PropertyValueSpecification\",\"valueRequired\":true,\"valueName\":\"search_term_string\"}}],\"inLanguage\":\"es\"},{\"@type\":\"Organization\",\"@id\":\"https:\\\/\\\/iraurgiberritzen.eus\\\/es\\\/#organization\",\"name\":\"Iraurgi Berritzen\",\"url\":\"https:\\\/\\\/iraurgiberritzen.eus\\\/es\\\/\",\"logo\":{\"@type\":\"ImageObject\",\"inLanguage\":\"es\",\"@id\":\"https:\\\/\\\/iraurgiberritzen.eus\\\/es\\\/#\\\/schema\\\/logo\\\/image\\\/\",\"url\":\"https:\\\/\\\/iraurgiberritzen.eus\\\/wp-content\\\/uploads\\\/2024\\\/02\\\/IRAURGI-BERRITZEN-logotipoa_2.png\",\"contentUrl\":\"https:\\\/\\\/iraurgiberritzen.eus\\\/wp-content\\\/uploads\\\/2024\\\/02\\\/IRAURGI-BERRITZEN-logotipoa_2.png\",\"width\":496,\"height\":190,\"caption\":\"Iraurgi Berritzen\"},\"image\":{\"@id\":\"https:\\\/\\\/iraurgiberritzen.eus\\\/es\\\/#\\\/schema\\\/logo\\\/image\\\/\"}},{\"@type\":\"Person\",\"@id\":\"https:\\\/\\\/iraurgiberritzen.eus\\\/es\\\/#\\\/schema\\\/person\\\/a32c9825b3e2bfcbe757a97f6a15c8a5\",\"name\":\"ainara\"}]}<\/script>\n<!-- \/ Yoast SEO plugin. -->","yoast_head_json":{"title":"Abierto el plazo de inscripci\u00f3n al Programa Hazilan +. Las personas participantes recibir\u00e1n una beca diaria de 9\u20ac - Iraurgi Berritzen","robots":{"index":"index","follow":"follow","max-snippet":"max-snippet:-1","max-image-preview":"max-image-preview:large","max-video-preview":"max-video-preview:-1"},"canonical":"https:\/\/iraurgiberritzen.eus\/es\/abierto-el-plazo-de-inscripcion-al-programa-hazilan-las-personas-participantes-recibiran-una-beca-diaria-de-9e\/","og_locale":"es_ES","og_type":"article","og_title":"Abierto el plazo de inscripci\u00f3n al Programa Hazilan +. Las personas participantes recibir\u00e1n una beca diaria de 9\u20ac - Iraurgi Berritzen","og_description":"Bajo la coordinaci\u00f3n de Iraurgi Berritzen, la nueva edici\u00f3n del programa\u00a0Hazllan+\u00a0se pondr\u00e1 en marcha la segunda quincena de mayo y est\u00e1\u00a0dirigida a personas en desempleo con estudios medios o superiores. La principal novedad de la edici\u00f3n de 2025\u00a0es que las personas participantes recibir\u00e1n una\u00a0beca de 9 \u20ac diarios\u00a0en funci\u00f3n de la asistencia al programa. Con [&hellip;]","og_url":"https:\/\/iraurgiberritzen.eus\/es\/abierto-el-plazo-de-inscripcion-al-programa-hazilan-las-personas-participantes-recibiran-una-beca-diaria-de-9e\/","og_site_name":"Iraurgi Berritzen","article_published_time":"2025-04-16T07:53:43+00:00","article_modified_time":"2025-04-16T07:57:05+00:00","og_image":[{"width":1600,"height":1200,"url":"https:\/\/iraurgiberritzen.eus\/wp-content\/uploads\/2025\/04\/WhatsApp-Image-2025-03-27-at-11.19.08.jpeg","type":"image\/jpeg"}],"author":"ainara","twitter_card":"summary_large_image","twitter_misc":{"Escrito por":"ainara","Tiempo de lectura":"2 minutos"},"schema":{"@context":"https:\/\/schema.org","@graph":[{"@type":"Article","@id":"https:\/\/iraurgiberritzen.eus\/es\/abierto-el-plazo-de-inscripcion-al-programa-hazilan-las-personas-participantes-recibiran-una-beca-diaria-de-9e\/#article","isPartOf":{"@id":"https:\/\/iraurgiberritzen.eus\/es\/abierto-el-plazo-de-inscripcion-al-programa-hazilan-las-personas-participantes-recibiran-una-beca-diaria-de-9e\/"},"author":{"name":"ainara","@id":"https:\/\/iraurgiberritzen.eus\/es\/#\/schema\/person\/a32c9825b3e2bfcbe757a97f6a15c8a5"},"headline":"Abierto el plazo de inscripci\u00f3n al Programa Hazilan +. Las personas participantes recibir\u00e1n una beca diaria de 9\u20ac","datePublished":"2025-04-16T07:53:43+00:00","dateModified":"2025-04-16T07:57:05+00:00","mainEntityOfPage":{"@id":"https:\/\/iraurgiberritzen.eus\/es\/abierto-el-plazo-de-inscripcion-al-programa-hazilan-las-personas-participantes-recibiran-una-beca-diaria-de-9e\/"},"wordCount":192,"publisher":{"@id":"https:\/\/iraurgiberritzen.eus\/es\/#organization"},"image":{"@id":"https:\/\/iraurgiberritzen.eus\/es\/abierto-el-plazo-de-inscripcion-al-programa-hazilan-las-personas-participantes-recibiran-una-beca-diaria-de-9e\/#primaryimage"},"thumbnailUrl":"https:\/\/iraurgiberritzen.eus\/wp-content\/uploads\/2025\/04\/WhatsApp-Image-2025-03-27-at-11.19.08.jpeg","articleSection":["Noticias"],"inLanguage":"es"},{"@type":"WebPage","@id":"https:\/\/iraurgiberritzen.eus\/es\/abierto-el-plazo-de-inscripcion-al-programa-hazilan-las-personas-participantes-recibiran-una-beca-diaria-de-9e\/","url":"https:\/\/iraurgiberritzen.eus\/es\/abierto-el-plazo-de-inscripcion-al-programa-hazilan-las-personas-participantes-recibiran-una-beca-diaria-de-9e\/","name":"Abierto el plazo de inscripci\u00f3n al Programa Hazilan +. Las personas participantes recibir\u00e1n una beca diaria de 9\u20ac - Iraurgi Berritzen","isPartOf":{"@id":"https:\/\/iraurgiberritzen.eus\/es\/#website"},"primaryImageOfPage":{"@id":"https:\/\/iraurgiberritzen.eus\/es\/abierto-el-plazo-de-inscripcion-al-programa-hazilan-las-personas-participantes-recibiran-una-beca-diaria-de-9e\/#primaryimage"},"image":{"@id":"https:\/\/iraurgiberritzen.eus\/es\/abierto-el-plazo-de-inscripcion-al-programa-hazilan-las-personas-participantes-recibiran-una-beca-diaria-de-9e\/#primaryimage"},"thumbnailUrl":"https:\/\/iraurgiberritzen.eus\/wp-content\/uploads\/2025\/04\/WhatsApp-Image-2025-03-27-at-11.19.08.jpeg","datePublished":"2025-04-16T07:53:43+00:00","dateModified":"2025-04-16T07:57:05+00:00","breadcrumb":{"@id":"https:\/\/iraurgiberritzen.eus\/es\/abierto-el-plazo-de-inscripcion-al-programa-hazilan-las-personas-participantes-recibiran-una-beca-diaria-de-9e\/#breadcrumb"},"inLanguage":"es","potentialAction":[{"@type":"ReadAction","target":["https:\/\/iraurgiberritzen.eus\/es\/abierto-el-plazo-de-inscripcion-al-programa-hazilan-las-personas-participantes-recibiran-una-beca-diaria-de-9e\/"]}]},{"@type":"ImageObject","inLanguage":"es","@id":"https:\/\/iraurgiberritzen.eus\/es\/abierto-el-plazo-de-inscripcion-al-programa-hazilan-las-personas-participantes-recibiran-una-beca-diaria-de-9e\/#primaryimage","url":"https:\/\/iraurgiberritzen.eus\/wp-content\/uploads\/2025\/04\/WhatsApp-Image-2025-03-27-at-11.19.08.jpeg","contentUrl":"https:\/\/iraurgiberritzen.eus\/wp-content\/uploads\/2025\/04\/WhatsApp-Image-2025-03-27-at-11.19.08.jpeg","width":1600,"height":1200},{"@type":"BreadcrumbList","@id":"https:\/\/iraurgiberritzen.eus\/es\/abierto-el-plazo-de-inscripcion-al-programa-hazilan-las-personas-participantes-recibiran-una-beca-diaria-de-9e\/#breadcrumb","itemListElement":[{"@type":"ListItem","position":1,"name":"Home","item":"https:\/\/iraurgiberritzen.eus\/es\/"},{"@type":"ListItem","position":2,"name":"Abierto el plazo de inscripci\u00f3n al Programa Hazilan +. Las personas participantes recibir\u00e1n una beca diaria de 9\u20ac"}]},{"@type":"WebSite","@id":"https:\/\/iraurgiberritzen.eus\/es\/#website","url":"https:\/\/iraurgiberritzen.eus\/es\/","name":"Iraurgi Berritzen","description":"Urola Erdiko Garapen Agentzia","publisher":{"@id":"https:\/\/iraurgiberritzen.eus\/es\/#organization"},"potentialAction":[{"@type":"SearchAction","target":{"@type":"EntryPoint","urlTemplate":"https:\/\/iraurgiberritzen.eus\/es\/?s={search_term_string}"},"query-input":{"@type":"PropertyValueSpecification","valueRequired":true,"valueName":"search_term_string"}}],"inLanguage":"es"},{"@type":"Organization","@id":"https:\/\/iraurgiberritzen.eus\/es\/#organization","name":"Iraurgi Berritzen","url":"https:\/\/iraurgiberritzen.eus\/es\/","logo":{"@type":"ImageObject","inLanguage":"es","@id":"https:\/\/iraurgiberritzen.eus\/es\/#\/schema\/logo\/image\/","url":"https:\/\/iraurgiberritzen.eus\/wp-content\/uploads\/2024\/02\/IRAURGI-BERRITZEN-logotipoa_2.png","contentUrl":"https:\/\/iraurgiberritzen.eus\/wp-content\/uploads\/2024\/02\/IRAURGI-BERRITZEN-logotipoa_2.png","width":496,"height":190,"caption":"Iraurgi Berritzen"},"image":{"@id":"https:\/\/iraurgiberritzen.eus\/es\/#\/schema\/logo\/image\/"}},{"@type":"Person","@id":"https:\/\/iraurgiberritzen.eus\/es\/#\/schema\/person\/a32c9825b3e2bfcbe757a97f6a15c8a5","name":"ainara"}]}},"_links":{"self":[{"href":"https:\/\/iraurgiberritzen.eus\/es\/wp-json\/wp\/v2\/posts\/23091","targetHints":{"allow":["GET"]}}],"collection":[{"href":"https:\/\/iraurgiberritzen.eus\/es\/wp-json\/wp\/v2\/posts"}],"about":[{"href":"https:\/\/iraurgiberritzen.eus\/es\/wp-json\/wp\/v2\/types\/post"}],"author":[{"embeddable":true,"href":"https:\/\/iraurgiberritzen.eus\/es\/wp-json\/wp\/v2\/users\/4"}],"replies":[{"embeddable":true,"href":"https:\/\/iraurgiberritzen.eus\/es\/wp-json\/wp\/v2\/comments?post=23091"}],"version-history":[{"count":3,"href":"https:\/\/iraurgiberritzen.eus\/es\/wp-json\/wp\/v2\/posts\/23091\/revisions"}],"predecessor-version":[{"id":23094,"href":"https:\/\/iraurgiberritzen.eus\/es\/wp-json\/wp\/v2\/posts\/23091\/revisions\/23094"}],"wp:featuredmedia":[{"embeddable":true,"href":"https:\/\/iraurgiberritzen.eus\/es\/wp-json\/wp\/v2\/media\/23086"}],"wp:attachment":[{"href":"https:\/\/iraurgiberritzen.eus\/es\/wp-json\/wp\/v2\/media?parent=23091"}],"wp:term":[{"taxonomy":"category","embeddable":true,"href":"https:\/\/iraurgiberritzen.eus\/es\/wp-json\/wp\/v2\/categories?post=23091"},{"taxonomy":"post_tag","embeddable":true,"href":"https:\/\/iraurgiberritzen.eus\/es\/wp-json\/wp\/v2\/tags?post=23091"}],"curies":[{"name":"wp","href":"https:\/\/api.w.org\/{rel}","templated":true}]}}