{"id":23107,"date":"2025-04-17T23:22:19","date_gmt":"2025-04-17T21:22:19","guid":{"rendered":"https:\/\/iraurgiberritzen.eus\/?p=23107"},"modified":"2025-04-17T23:25:10","modified_gmt":"2025-04-17T21:25:10","slug":"las-personas-emprendedoras-de-la-comarca-han-tomado-el-protagonismo-en-el-dia-internacional-de-las-personas-emprendedoras","status":"publish","type":"post","link":"https:\/\/iraurgiberritzen.eus\/es\/las-personas-emprendedoras-de-la-comarca-han-tomado-el-protagonismo-en-el-dia-internacional-de-las-personas-emprendedoras\/","title":{"rendered":"Las personas emprendedoras de la comarca han tomado el protagonismo en el D\u00eda Internacional"},"content":{"rendered":"<p><span data-contrast=\"auto\">Este a\u00f1o, por segunda vez, desde el \u00e1rea de Emprendimiento, se ha celebrado el <\/span><b><span data-contrast=\"auto\">D\u00eda Internacional de las Personas Emprendedoras<\/span><\/b><span data-contrast=\"auto\">. Se ha querido aprovechar este d\u00eda especial para <\/span><b><span data-contrast=\"auto\">homenajear y reconocer a las personas que recientemente han creado una empresa en la comarca.<\/span><\/b><span data-ccp-props=\"{&quot;134233117&quot;:false,&quot;134233118&quot;:false,&quot;335559738&quot;:240,&quot;335559739&quot;:240}\">\u00a0<\/span><\/p>\n<p><span data-contrast=\"auto\">Durante el evento, se ha puesto en valor el esfuerzo de las personas emprendedoras que han creado una empresa en 2024, as\u00ed como el impacto positivo que han tenido en el tejido socioecon\u00f3mico comarcal. En total,<\/span><b><span data-contrast=\"auto\"> el a\u00f1o pasado se crearon 29 nuevos proyectos, generando 37 puestos de trabajo<\/span><\/b><span data-contrast=\"auto\">.<\/span><span data-ccp-props=\"{&quot;134233117&quot;:false,&quot;134233118&quot;:false,&quot;335559738&quot;:240,&quot;335559739&quot;:240}\">\u00a0<\/span><\/p>\n<p><span data-contrast=\"auto\">A trav\u00e9s de este acto, se ha querido destacar la valiente y significativa aportaci\u00f3n de las personas emprendedoras locales, ya que, gracias a su trabajo, nuestros pueblos se mantienen vivos y se impulsa el desarrollo socioecon\u00f3mico local.<\/span><span data-ccp-props=\"{&quot;134233117&quot;:false,&quot;134233118&quot;:false,&quot;335559738&quot;:240,&quot;335559739&quot;:240}\">\u00a0<\/span><\/p>\n<p><span data-contrast=\"auto\">Este a\u00f1o, adem\u00e1s, la emprendedora y coach <\/span><b><span data-contrast=\"auto\">Mar\u00eda D\u00edez<\/span><\/b><span data-contrast=\"auto\"> ha ofrecido una <\/span><b><span data-contrast=\"auto\">charla motivacional <\/span><\/b><span data-contrast=\"auto\">al p\u00fablico asistente. En su intervenci\u00f3n, ha utilizado como inspiraci\u00f3n el concepto de <\/span><b><span data-contrast=\"auto\">\u201cPersonas valientes que transforman la comarca\u201d<\/span><\/b><span data-contrast=\"auto\">, poniendo en valor el recorrido de cada persona y compartiendo c\u00f3mo han afrontado los retos que se han encontrado en el camino. Sus palabras han captado la atenci\u00f3n y emocionado a las personas asistentes, generando fuerza y confianza para iniciar sus propios caminos.<\/span><span data-ccp-props=\"{&quot;134233117&quot;:false,&quot;134233118&quot;:false,&quot;335559738&quot;:240,&quot;335559739&quot;:240}\">\u00a0<\/span><\/p>\n<p><span data-contrast=\"auto\">Al final del acto, se ha entregado un <\/span><b><span data-contrast=\"auto\">recuerdo especial <\/span><\/b><span data-contrast=\"auto\">a cada una de ellas, creado por la <\/span><b><span data-contrast=\"auto\">pintora local Mar\u00eda Go\u00f1i<\/span><\/b><span data-contrast=\"auto\">, como muestra de agradecimiento por su valent\u00eda y compromiso.<\/span><span data-ccp-props=\"{&quot;134233117&quot;:false,&quot;134233118&quot;:false,&quot;335559738&quot;:240,&quot;335559739&quot;:240}\">\u00a0<\/span><\/p>\n<p><span data-contrast=\"auto\">El emprendimiento local es un pilar fundamental para el futuro de nuestros municipios, ya que permite mantener una amplia oferta de servicios en los pueblos y calles de la comarca. Por ello, la celebraci\u00f3n de hoy ha sido una oportunidad \u00fanica para rendir homenaje <\/span><b><span data-contrast=\"auto\">a quienes est\u00e1n construyendo el futuro de nuestra comarca<\/span><\/b><span data-contrast=\"auto\">.<\/span><span data-ccp-props=\"{&quot;134233117&quot;:false,&quot;134233118&quot;:false,&quot;335559738&quot;:240,&quot;335559739&quot;:240}\">\u00a0<\/span><\/p>\n<p><span data-ccp-props=\"{}\">\u00a0<\/span><\/p>\n","protected":false},"excerpt":{"rendered":"<p>Este a\u00f1o, por segunda vez, desde el \u00e1rea de Emprendimiento, se ha celebrado el D\u00eda Internacional de las Personas Emprendedoras. Se ha querido aprovechar este d\u00eda especial para homenajear y reconocer a las personas que recientemente han creado una empresa en la comarca.\u00a0 Durante el evento, se ha puesto en valor el esfuerzo de las [&hellip;]<\/p>\n","protected":false},"author":4,"featured_media":23105,"comment_status":"closed","ping_status":"closed","sticky":false,"template":"","format":"standard","meta":{"_acf_changed":false,"footnotes":""},"categories":[4],"tags":[],"class_list":["post-23107","post","type-post","status-publish","format-standard","has-post-thumbnail","hentry","category-noticias","arloak-emprendimiento"],"acf":[],"yoast_head":"<!-- This site is optimized with the Yoast SEO plugin v27.4 - https:\/\/yoast.com\/product\/yoast-seo-wordpress\/ -->\n<title>Las personas emprendedoras de la comarca han tomado el protagonismo en el D\u00eda Internacional - Iraurgi Berritzen<\/title>\n<meta name=\"robots\" content=\"index, follow, max-snippet:-1, max-image-preview:large, max-video-preview:-1\" \/>\n<link rel=\"canonical\" href=\"https:\/\/iraurgiberritzen.eus\/es\/las-personas-emprendedoras-de-la-comarca-han-tomado-el-protagonismo-en-el-dia-internacional-de-las-personas-emprendedoras\/\" \/>\n<meta property=\"og:locale\" content=\"es_ES\" \/>\n<meta property=\"og:type\" content=\"article\" \/>\n<meta property=\"og:title\" content=\"Las personas emprendedoras de la comarca han tomado el protagonismo en el D\u00eda Internacional - Iraurgi Berritzen\" \/>\n<meta property=\"og:description\" content=\"Este a\u00f1o, por segunda vez, desde el \u00e1rea de Emprendimiento, se ha celebrado el D\u00eda Internacional de las Personas Emprendedoras. Se ha querido aprovechar este d\u00eda especial para homenajear y reconocer a las personas que recientemente han creado una empresa en la comarca.\u00a0 Durante el evento, se ha puesto en valor el esfuerzo de las [&hellip;]\" \/>\n<meta property=\"og:url\" content=\"https:\/\/iraurgiberritzen.eus\/es\/las-personas-emprendedoras-de-la-comarca-han-tomado-el-protagonismo-en-el-dia-internacional-de-las-personas-emprendedoras\/\" \/>\n<meta property=\"og:site_name\" content=\"Iraurgi Berritzen\" \/>\n<meta property=\"article:published_time\" content=\"2025-04-17T21:22:19+00:00\" \/>\n<meta property=\"article:modified_time\" content=\"2025-04-17T21:25:10+00:00\" \/>\n<meta property=\"og:image\" content=\"https:\/\/iraurgiberritzen.eus\/wp-content\/uploads\/2025\/04\/WhatsApp-Image-2025-04-16-at-16.39.02-1-scaled.jpeg\" \/>\n\t<meta property=\"og:image:width\" content=\"2560\" \/>\n\t<meta property=\"og:image:height\" content=\"1920\" \/>\n\t<meta property=\"og:image:type\" content=\"image\/jpeg\" \/>\n<meta name=\"author\" content=\"ainara\" \/>\n<meta name=\"twitter:card\" content=\"summary_large_image\" \/>\n<meta name=\"twitter:label1\" content=\"Escrito por\" \/>\n\t<meta name=\"twitter:data1\" content=\"ainara\" \/>\n\t<meta name=\"twitter:label2\" content=\"Tiempo de lectura\" \/>\n\t<meta name=\"twitter:data2\" content=\"2 minutos\" \/>\n<script type=\"application\/ld+json\" class=\"yoast-schema-graph\">{\"@context\":\"https:\\\/\\\/schema.org\",\"@graph\":[{\"@type\":\"Article\",\"@id\":\"https:\\\/\\\/iraurgiberritzen.eus\\\/es\\\/las-personas-emprendedoras-de-la-comarca-han-tomado-el-protagonismo-en-el-dia-internacional-de-las-personas-emprendedoras\\\/#article\",\"isPartOf\":{\"@id\":\"https:\\\/\\\/iraurgiberritzen.eus\\\/es\\\/las-personas-emprendedoras-de-la-comarca-han-tomado-el-protagonismo-en-el-dia-internacional-de-las-personas-emprendedoras\\\/\"},\"author\":{\"name\":\"ainara\",\"@id\":\"https:\\\/\\\/iraurgiberritzen.eus\\\/es\\\/#\\\/schema\\\/person\\\/a32c9825b3e2bfcbe757a97f6a15c8a5\"},\"headline\":\"Las personas emprendedoras de la comarca han tomado el protagonismo en el D\u00eda Internacional\",\"datePublished\":\"2025-04-17T21:22:19+00:00\",\"dateModified\":\"2025-04-17T21:25:10+00:00\",\"mainEntityOfPage\":{\"@id\":\"https:\\\/\\\/iraurgiberritzen.eus\\\/es\\\/las-personas-emprendedoras-de-la-comarca-han-tomado-el-protagonismo-en-el-dia-internacional-de-las-personas-emprendedoras\\\/\"},\"wordCount\":323,\"publisher\":{\"@id\":\"https:\\\/\\\/iraurgiberritzen.eus\\\/es\\\/#organization\"},\"image\":{\"@id\":\"https:\\\/\\\/iraurgiberritzen.eus\\\/es\\\/las-personas-emprendedoras-de-la-comarca-han-tomado-el-protagonismo-en-el-dia-internacional-de-las-personas-emprendedoras\\\/#primaryimage\"},\"thumbnailUrl\":\"https:\\\/\\\/iraurgiberritzen.eus\\\/wp-content\\\/uploads\\\/2025\\\/04\\\/WhatsApp-Image-2025-04-16-at-16.39.02-1-scaled.jpeg\",\"articleSection\":[\"Noticias\"],\"inLanguage\":\"es\"},{\"@type\":\"WebPage\",\"@id\":\"https:\\\/\\\/iraurgiberritzen.eus\\\/es\\\/las-personas-emprendedoras-de-la-comarca-han-tomado-el-protagonismo-en-el-dia-internacional-de-las-personas-emprendedoras\\\/\",\"url\":\"https:\\\/\\\/iraurgiberritzen.eus\\\/es\\\/las-personas-emprendedoras-de-la-comarca-han-tomado-el-protagonismo-en-el-dia-internacional-de-las-personas-emprendedoras\\\/\",\"name\":\"Las personas emprendedoras de la comarca han tomado el protagonismo en el D\u00eda Internacional - Iraurgi Berritzen\",\"isPartOf\":{\"@id\":\"https:\\\/\\\/iraurgiberritzen.eus\\\/es\\\/#website\"},\"primaryImageOfPage\":{\"@id\":\"https:\\\/\\\/iraurgiberritzen.eus\\\/es\\\/las-personas-emprendedoras-de-la-comarca-han-tomado-el-protagonismo-en-el-dia-internacional-de-las-personas-emprendedoras\\\/#primaryimage\"},\"image\":{\"@id\":\"https:\\\/\\\/iraurgiberritzen.eus\\\/es\\\/las-personas-emprendedoras-de-la-comarca-han-tomado-el-protagonismo-en-el-dia-internacional-de-las-personas-emprendedoras\\\/#primaryimage\"},\"thumbnailUrl\":\"https:\\\/\\\/iraurgiberritzen.eus\\\/wp-content\\\/uploads\\\/2025\\\/04\\\/WhatsApp-Image-2025-04-16-at-16.39.02-1-scaled.jpeg\",\"datePublished\":\"2025-04-17T21:22:19+00:00\",\"dateModified\":\"2025-04-17T21:25:10+00:00\",\"breadcrumb\":{\"@id\":\"https:\\\/\\\/iraurgiberritzen.eus\\\/es\\\/las-personas-emprendedoras-de-la-comarca-han-tomado-el-protagonismo-en-el-dia-internacional-de-las-personas-emprendedoras\\\/#breadcrumb\"},\"inLanguage\":\"es\",\"potentialAction\":[{\"@type\":\"ReadAction\",\"target\":[\"https:\\\/\\\/iraurgiberritzen.eus\\\/es\\\/las-personas-emprendedoras-de-la-comarca-han-tomado-el-protagonismo-en-el-dia-internacional-de-las-personas-emprendedoras\\\/\"]}]},{\"@type\":\"ImageObject\",\"inLanguage\":\"es\",\"@id\":\"https:\\\/\\\/iraurgiberritzen.eus\\\/es\\\/las-personas-emprendedoras-de-la-comarca-han-tomado-el-protagonismo-en-el-dia-internacional-de-las-personas-emprendedoras\\\/#primaryimage\",\"url\":\"https:\\\/\\\/iraurgiberritzen.eus\\\/wp-content\\\/uploads\\\/2025\\\/04\\\/WhatsApp-Image-2025-04-16-at-16.39.02-1-scaled.jpeg\",\"contentUrl\":\"https:\\\/\\\/iraurgiberritzen.eus\\\/wp-content\\\/uploads\\\/2025\\\/04\\\/WhatsApp-Image-2025-04-16-at-16.39.02-1-scaled.jpeg\",\"width\":2560,\"height\":1920},{\"@type\":\"BreadcrumbList\",\"@id\":\"https:\\\/\\\/iraurgiberritzen.eus\\\/es\\\/las-personas-emprendedoras-de-la-comarca-han-tomado-el-protagonismo-en-el-dia-internacional-de-las-personas-emprendedoras\\\/#breadcrumb\",\"itemListElement\":[{\"@type\":\"ListItem\",\"position\":1,\"name\":\"Home\",\"item\":\"https:\\\/\\\/iraurgiberritzen.eus\\\/es\\\/\"},{\"@type\":\"ListItem\",\"position\":2,\"name\":\"Las personas emprendedoras de la comarca han tomado el protagonismo en el D\u00eda Internacional\"}]},{\"@type\":\"WebSite\",\"@id\":\"https:\\\/\\\/iraurgiberritzen.eus\\\/es\\\/#website\",\"url\":\"https:\\\/\\\/iraurgiberritzen.eus\\\/es\\\/\",\"name\":\"Iraurgi Berritzen\",\"description\":\"Urola Erdiko Garapen Agentzia\",\"publisher\":{\"@id\":\"https:\\\/\\\/iraurgiberritzen.eus\\\/es\\\/#organization\"},\"potentialAction\":[{\"@type\":\"SearchAction\",\"target\":{\"@type\":\"EntryPoint\",\"urlTemplate\":\"https:\\\/\\\/iraurgiberritzen.eus\\\/es\\\/?s={search_term_string}\"},\"query-input\":{\"@type\":\"PropertyValueSpecification\",\"valueRequired\":true,\"valueName\":\"search_term_string\"}}],\"inLanguage\":\"es\"},{\"@type\":\"Organization\",\"@id\":\"https:\\\/\\\/iraurgiberritzen.eus\\\/es\\\/#organization\",\"name\":\"Iraurgi Berritzen\",\"url\":\"https:\\\/\\\/iraurgiberritzen.eus\\\/es\\\/\",\"logo\":{\"@type\":\"ImageObject\",\"inLanguage\":\"es\",\"@id\":\"https:\\\/\\\/iraurgiberritzen.eus\\\/es\\\/#\\\/schema\\\/logo\\\/image\\\/\",\"url\":\"https:\\\/\\\/iraurgiberritzen.eus\\\/wp-content\\\/uploads\\\/2024\\\/02\\\/IRAURGI-BERRITZEN-logotipoa_2.png\",\"contentUrl\":\"https:\\\/\\\/iraurgiberritzen.eus\\\/wp-content\\\/uploads\\\/2024\\\/02\\\/IRAURGI-BERRITZEN-logotipoa_2.png\",\"width\":496,\"height\":190,\"caption\":\"Iraurgi Berritzen\"},\"image\":{\"@id\":\"https:\\\/\\\/iraurgiberritzen.eus\\\/es\\\/#\\\/schema\\\/logo\\\/image\\\/\"}},{\"@type\":\"Person\",\"@id\":\"https:\\\/\\\/iraurgiberritzen.eus\\\/es\\\/#\\\/schema\\\/person\\\/a32c9825b3e2bfcbe757a97f6a15c8a5\",\"name\":\"ainara\"}]}<\/script>\n<!-- \/ Yoast SEO plugin. -->","yoast_head_json":{"title":"Las personas emprendedoras de la comarca han tomado el protagonismo en el D\u00eda Internacional - Iraurgi Berritzen","robots":{"index":"index","follow":"follow","max-snippet":"max-snippet:-1","max-image-preview":"max-image-preview:large","max-video-preview":"max-video-preview:-1"},"canonical":"https:\/\/iraurgiberritzen.eus\/es\/las-personas-emprendedoras-de-la-comarca-han-tomado-el-protagonismo-en-el-dia-internacional-de-las-personas-emprendedoras\/","og_locale":"es_ES","og_type":"article","og_title":"Las personas emprendedoras de la comarca han tomado el protagonismo en el D\u00eda Internacional - Iraurgi Berritzen","og_description":"Este a\u00f1o, por segunda vez, desde el \u00e1rea de Emprendimiento, se ha celebrado el D\u00eda Internacional de las Personas Emprendedoras. Se ha querido aprovechar este d\u00eda especial para homenajear y reconocer a las personas que recientemente han creado una empresa en la comarca.\u00a0 Durante el evento, se ha puesto en valor el esfuerzo de las [&hellip;]","og_url":"https:\/\/iraurgiberritzen.eus\/es\/las-personas-emprendedoras-de-la-comarca-han-tomado-el-protagonismo-en-el-dia-internacional-de-las-personas-emprendedoras\/","og_site_name":"Iraurgi Berritzen","article_published_time":"2025-04-17T21:22:19+00:00","article_modified_time":"2025-04-17T21:25:10+00:00","og_image":[{"width":2560,"height":1920,"url":"https:\/\/iraurgiberritzen.eus\/wp-content\/uploads\/2025\/04\/WhatsApp-Image-2025-04-16-at-16.39.02-1-scaled.jpeg","type":"image\/jpeg"}],"author":"ainara","twitter_card":"summary_large_image","twitter_misc":{"Escrito por":"ainara","Tiempo de lectura":"2 minutos"},"schema":{"@context":"https:\/\/schema.org","@graph":[{"@type":"Article","@id":"https:\/\/iraurgiberritzen.eus\/es\/las-personas-emprendedoras-de-la-comarca-han-tomado-el-protagonismo-en-el-dia-internacional-de-las-personas-emprendedoras\/#article","isPartOf":{"@id":"https:\/\/iraurgiberritzen.eus\/es\/las-personas-emprendedoras-de-la-comarca-han-tomado-el-protagonismo-en-el-dia-internacional-de-las-personas-emprendedoras\/"},"author":{"name":"ainara","@id":"https:\/\/iraurgiberritzen.eus\/es\/#\/schema\/person\/a32c9825b3e2bfcbe757a97f6a15c8a5"},"headline":"Las personas emprendedoras de la comarca han tomado el protagonismo en el D\u00eda Internacional","datePublished":"2025-04-17T21:22:19+00:00","dateModified":"2025-04-17T21:25:10+00:00","mainEntityOfPage":{"@id":"https:\/\/iraurgiberritzen.eus\/es\/las-personas-emprendedoras-de-la-comarca-han-tomado-el-protagonismo-en-el-dia-internacional-de-las-personas-emprendedoras\/"},"wordCount":323,"publisher":{"@id":"https:\/\/iraurgiberritzen.eus\/es\/#organization"},"image":{"@id":"https:\/\/iraurgiberritzen.eus\/es\/las-personas-emprendedoras-de-la-comarca-han-tomado-el-protagonismo-en-el-dia-internacional-de-las-personas-emprendedoras\/#primaryimage"},"thumbnailUrl":"https:\/\/iraurgiberritzen.eus\/wp-content\/uploads\/2025\/04\/WhatsApp-Image-2025-04-16-at-16.39.02-1-scaled.jpeg","articleSection":["Noticias"],"inLanguage":"es"},{"@type":"WebPage","@id":"https:\/\/iraurgiberritzen.eus\/es\/las-personas-emprendedoras-de-la-comarca-han-tomado-el-protagonismo-en-el-dia-internacional-de-las-personas-emprendedoras\/","url":"https:\/\/iraurgiberritzen.eus\/es\/las-personas-emprendedoras-de-la-comarca-han-tomado-el-protagonismo-en-el-dia-internacional-de-las-personas-emprendedoras\/","name":"Las personas emprendedoras de la comarca han tomado el protagonismo en el D\u00eda Internacional - Iraurgi Berritzen","isPartOf":{"@id":"https:\/\/iraurgiberritzen.eus\/es\/#website"},"primaryImageOfPage":{"@id":"https:\/\/iraurgiberritzen.eus\/es\/las-personas-emprendedoras-de-la-comarca-han-tomado-el-protagonismo-en-el-dia-internacional-de-las-personas-emprendedoras\/#primaryimage"},"image":{"@id":"https:\/\/iraurgiberritzen.eus\/es\/las-personas-emprendedoras-de-la-comarca-han-tomado-el-protagonismo-en-el-dia-internacional-de-las-personas-emprendedoras\/#primaryimage"},"thumbnailUrl":"https:\/\/iraurgiberritzen.eus\/wp-content\/uploads\/2025\/04\/WhatsApp-Image-2025-04-16-at-16.39.02-1-scaled.jpeg","datePublished":"2025-04-17T21:22:19+00:00","dateModified":"2025-04-17T21:25:10+00:00","breadcrumb":{"@id":"https:\/\/iraurgiberritzen.eus\/es\/las-personas-emprendedoras-de-la-comarca-han-tomado-el-protagonismo-en-el-dia-internacional-de-las-personas-emprendedoras\/#breadcrumb"},"inLanguage":"es","potentialAction":[{"@type":"ReadAction","target":["https:\/\/iraurgiberritzen.eus\/es\/las-personas-emprendedoras-de-la-comarca-han-tomado-el-protagonismo-en-el-dia-internacional-de-las-personas-emprendedoras\/"]}]},{"@type":"ImageObject","inLanguage":"es","@id":"https:\/\/iraurgiberritzen.eus\/es\/las-personas-emprendedoras-de-la-comarca-han-tomado-el-protagonismo-en-el-dia-internacional-de-las-personas-emprendedoras\/#primaryimage","url":"https:\/\/iraurgiberritzen.eus\/wp-content\/uploads\/2025\/04\/WhatsApp-Image-2025-04-16-at-16.39.02-1-scaled.jpeg","contentUrl":"https:\/\/iraurgiberritzen.eus\/wp-content\/uploads\/2025\/04\/WhatsApp-Image-2025-04-16-at-16.39.02-1-scaled.jpeg","width":2560,"height":1920},{"@type":"BreadcrumbList","@id":"https:\/\/iraurgiberritzen.eus\/es\/las-personas-emprendedoras-de-la-comarca-han-tomado-el-protagonismo-en-el-dia-internacional-de-las-personas-emprendedoras\/#breadcrumb","itemListElement":[{"@type":"ListItem","position":1,"name":"Home","item":"https:\/\/iraurgiberritzen.eus\/es\/"},{"@type":"ListItem","position":2,"name":"Las personas emprendedoras de la comarca han tomado el protagonismo en el D\u00eda Internacional"}]},{"@type":"WebSite","@id":"https:\/\/iraurgiberritzen.eus\/es\/#website","url":"https:\/\/iraurgiberritzen.eus\/es\/","name":"Iraurgi Berritzen","description":"Urola Erdiko Garapen Agentzia","publisher":{"@id":"https:\/\/iraurgiberritzen.eus\/es\/#organization"},"potentialAction":[{"@type":"SearchAction","target":{"@type":"EntryPoint","urlTemplate":"https:\/\/iraurgiberritzen.eus\/es\/?s={search_term_string}"},"query-input":{"@type":"PropertyValueSpecification","valueRequired":true,"valueName":"search_term_string"}}],"inLanguage":"es"},{"@type":"Organization","@id":"https:\/\/iraurgiberritzen.eus\/es\/#organization","name":"Iraurgi Berritzen","url":"https:\/\/iraurgiberritzen.eus\/es\/","logo":{"@type":"ImageObject","inLanguage":"es","@id":"https:\/\/iraurgiberritzen.eus\/es\/#\/schema\/logo\/image\/","url":"https:\/\/iraurgiberritzen.eus\/wp-content\/uploads\/2024\/02\/IRAURGI-BERRITZEN-logotipoa_2.png","contentUrl":"https:\/\/iraurgiberritzen.eus\/wp-content\/uploads\/2024\/02\/IRAURGI-BERRITZEN-logotipoa_2.png","width":496,"height":190,"caption":"Iraurgi Berritzen"},"image":{"@id":"https:\/\/iraurgiberritzen.eus\/es\/#\/schema\/logo\/image\/"}},{"@type":"Person","@id":"https:\/\/iraurgiberritzen.eus\/es\/#\/schema\/person\/a32c9825b3e2bfcbe757a97f6a15c8a5","name":"ainara"}]}},"_links":{"self":[{"href":"https:\/\/iraurgiberritzen.eus\/es\/wp-json\/wp\/v2\/posts\/23107","targetHints":{"allow":["GET"]}}],"collection":[{"href":"https:\/\/iraurgiberritzen.eus\/es\/wp-json\/wp\/v2\/posts"}],"about":[{"href":"https:\/\/iraurgiberritzen.eus\/es\/wp-json\/wp\/v2\/types\/post"}],"author":[{"embeddable":true,"href":"https:\/\/iraurgiberritzen.eus\/es\/wp-json\/wp\/v2\/users\/4"}],"replies":[{"embeddable":true,"href":"https:\/\/iraurgiberritzen.eus\/es\/wp-json\/wp\/v2\/comments?post=23107"}],"version-history":[{"count":2,"href":"https:\/\/iraurgiberritzen.eus\/es\/wp-json\/wp\/v2\/posts\/23107\/revisions"}],"predecessor-version":[{"id":23109,"href":"https:\/\/iraurgiberritzen.eus\/es\/wp-json\/wp\/v2\/posts\/23107\/revisions\/23109"}],"wp:featuredmedia":[{"embeddable":true,"href":"https:\/\/iraurgiberritzen.eus\/es\/wp-json\/wp\/v2\/media\/23105"}],"wp:attachment":[{"href":"https:\/\/iraurgiberritzen.eus\/es\/wp-json\/wp\/v2\/media?parent=23107"}],"wp:term":[{"taxonomy":"category","embeddable":true,"href":"https:\/\/iraurgiberritzen.eus\/es\/wp-json\/wp\/v2\/categories?post=23107"},{"taxonomy":"post_tag","embeddable":true,"href":"https:\/\/iraurgiberritzen.eus\/es\/wp-json\/wp\/v2\/tags?post=23107"}],"curies":[{"name":"wp","href":"https:\/\/api.w.org\/{rel}","templated":true}]}}