{"id":23123,"date":"2025-04-17T23:50:30","date_gmt":"2025-04-17T21:50:30","guid":{"rendered":"https:\/\/iraurgiberritzen.eus\/?p=23123"},"modified":"2025-04-17T23:55:09","modified_gmt":"2025-04-17T21:55:09","slug":"finaliza-el-proyecto-izan-ekintzaile-para-el-impulso-del-emprendimiento-entre-jovenes","status":"publish","type":"post","link":"https:\/\/iraurgiberritzen.eus\/es\/finaliza-el-proyecto-izan-ekintzaile-para-el-impulso-del-emprendimiento-entre-jovenes\/","title":{"rendered":"Finaliza el proyecto Izan Ekintzaile! para el impulso del emprendimiento entre j\u00f3venes"},"content":{"rendered":"<h5><b>El pasado 10 de abril, el equipo de trabajo celebr\u00f3 una reuni\u00f3n de evaluaci\u00f3n en la que se realiz\u00f3 una valoraci\u00f3n positiva del proyecto. Durante la sesi\u00f3n se comparti\u00f3 el trabajo desarrollado a lo largo del curso y se identificaron posibles mejoras de cara al pr\u00f3ximo a\u00f1o.<\/b><\/h5>\n<p><span data-contrast=\"auto\">En total, se han llevado a cabo <\/span><b><span data-contrast=\"auto\">6 sesiones en 3 centros educativos<\/span><\/b><span data-contrast=\"auto\">: Azkoitia BHI, Ikasberri y Urola BHI. El proyecto se ha desarrollado en <\/span><b><span data-contrast=\"auto\">dos bloques principales<\/span><\/b><span data-contrast=\"auto\">:<\/span><span data-ccp-props=\"{}\">\u00a0<\/span><\/p>\n<ul>\n<li data-leveltext=\"\uf0b7\" data-font=\"Symbol\" data-listid=\"1\" data-list-defn-props=\"{&quot;335552541&quot;:1,&quot;335559685&quot;:720,&quot;335559991&quot;:360,&quot;469769226&quot;:&quot;Symbol&quot;,&quot;469769242&quot;:[8226],&quot;469777803&quot;:&quot;left&quot;,&quot;469777804&quot;:&quot;\uf0b7&quot;,&quot;469777815&quot;:&quot;hybridMultilevel&quot;}\" aria-setsize=\"-1\" data-aria-posinset=\"1\" data-aria-level=\"1\"><span data-contrast=\"auto\">En la primera fase, el personal t\u00e9cnico del \u00e1rea de emprendimiento de la agencia se ha acercado a los centros para <\/span><b><span data-contrast=\"auto\">presentar la realidad del emprendimiento<\/span><\/b><span data-contrast=\"auto\"> a los j\u00f3venes. A trav\u00e9s de charlas y talleres, el alumnado ha podido conocer de primera mano lo que supone ser emprendedor\/a y los pasos necesarios para poner en marcha y gestionar un negocio.<\/span><span data-ccp-props=\"{}\">\u00a0<\/span><\/li>\n<\/ul>\n<ul>\n<li data-leveltext=\"\uf0b7\" data-font=\"Symbol\" data-listid=\"1\" data-list-defn-props=\"{&quot;335552541&quot;:1,&quot;335559685&quot;:720,&quot;335559991&quot;:360,&quot;469769226&quot;:&quot;Symbol&quot;,&quot;469769242&quot;:[8226],&quot;469777803&quot;:&quot;left&quot;,&quot;469777804&quot;:&quot;\uf0b7&quot;,&quot;469777815&quot;:&quot;hybridMultilevel&quot;}\" aria-setsize=\"-1\" data-aria-posinset=\"2\" data-aria-level=\"1\"><span data-contrast=\"auto\">En la segunda fase, el alumnado ha recibido la visita de diversas personas emprendedoras de la comarca, como <\/span><b><span data-contrast=\"auto\">Igor Aranbarri (Eskuak Masaiak), Naiara Aizpuru (nutricionista), Amaia Segurola (Queser\u00eda Elosiaga) y Unai Gonz\u00e1lez (Baserria KM0)<\/span><\/b><span data-contrast=\"auto\">. Estas personas compartieron sus experiencias personales, retos y logros, ofreciendo una visi\u00f3n pr\u00e1ctica e inspiradora del emprendimiento local. Estas visitas han sido clave para <\/span><b><span data-contrast=\"auto\">motivar al alumnado<\/span><\/b><span data-contrast=\"auto\"> y mostrar ejemplos reales dentro de su propia comunidad.<\/span><span data-ccp-props=\"{}\">\u00a0<\/span><\/li>\n<\/ul>\n<p><span data-contrast=\"auto\">La reuni\u00f3n tambi\u00e9n sirvi\u00f3 como <\/span><b><span data-contrast=\"auto\">espacio de reflexi\u00f3n y evaluaci\u00f3n<\/span><\/b><span data-contrast=\"auto\">, donde el profesorado pudo compartir sus experiencias en el desarrollo del proyecto. Se debatieron los logros alcanzados y los retos a afrontar, permitiendo profundizar en los aspectos que han funcionado bien y en aquellos que requieren ajustes.<\/span><span data-ccp-props=\"{&quot;134233117&quot;:false,&quot;134233118&quot;:false,&quot;335559738&quot;:240,&quot;335559739&quot;:240}\">\u00a0<\/span><\/p>\n<p><span data-contrast=\"auto\">Las aportaciones recogidas ser\u00e1n fundamentales para la <\/span><b><span data-contrast=\"auto\">planificaci\u00f3n del pr\u00f3ximo curso<\/span><\/b><span data-contrast=\"auto\">, con el fin de que Izan Ekintzaile! sea <\/span><b><span data-contrast=\"auto\">a\u00fan m\u00e1s efectivo y enriquecedor<\/span><\/b><span data-contrast=\"auto\">.<\/span><span data-ccp-props=\"{&quot;134233117&quot;:false,&quot;134233118&quot;:false,&quot;335559738&quot;:240,&quot;335559739&quot;:240}\">\u00a0<\/span><\/p>\n","protected":false},"excerpt":{"rendered":"<p>El pasado 10 de abril, el equipo de trabajo celebr\u00f3 una reuni\u00f3n de evaluaci\u00f3n en la que se realiz\u00f3 una valoraci\u00f3n positiva del proyecto. Durante la sesi\u00f3n se comparti\u00f3 el trabajo desarrollado a lo largo del curso y se identificaron posibles mejoras de cara al pr\u00f3ximo a\u00f1o. En total, se han llevado a cabo 6 [&hellip;]<\/p>\n","protected":false},"author":4,"featured_media":23132,"comment_status":"closed","ping_status":"closed","sticky":false,"template":"","format":"standard","meta":{"_acf_changed":false,"footnotes":""},"categories":[4],"tags":[],"class_list":["post-23123","post","type-post","status-publish","format-standard","has-post-thumbnail","hentry","category-noticias","arloak-educacion","arloak-se-emprendedor"],"acf":[],"yoast_head":"<!-- This site is optimized with the Yoast SEO plugin v27.4 - https:\/\/yoast.com\/product\/yoast-seo-wordpress\/ -->\n<title>Finaliza el proyecto Izan Ekintzaile! para el impulso del emprendimiento entre j\u00f3venes - Iraurgi Berritzen<\/title>\n<meta name=\"robots\" content=\"index, follow, max-snippet:-1, max-image-preview:large, max-video-preview:-1\" \/>\n<link rel=\"canonical\" href=\"https:\/\/iraurgiberritzen.eus\/es\/finaliza-el-proyecto-izan-ekintzaile-para-el-impulso-del-emprendimiento-entre-jovenes\/\" \/>\n<meta property=\"og:locale\" content=\"es_ES\" \/>\n<meta property=\"og:type\" content=\"article\" \/>\n<meta property=\"og:title\" content=\"Finaliza el proyecto Izan Ekintzaile! para el impulso del emprendimiento entre j\u00f3venes - Iraurgi Berritzen\" \/>\n<meta property=\"og:description\" content=\"El pasado 10 de abril, el equipo de trabajo celebr\u00f3 una reuni\u00f3n de evaluaci\u00f3n en la que se realiz\u00f3 una valoraci\u00f3n positiva del proyecto. Durante la sesi\u00f3n se comparti\u00f3 el trabajo desarrollado a lo largo del curso y se identificaron posibles mejoras de cara al pr\u00f3ximo a\u00f1o. En total, se han llevado a cabo 6 [&hellip;]\" \/>\n<meta property=\"og:url\" content=\"https:\/\/iraurgiberritzen.eus\/es\/finaliza-el-proyecto-izan-ekintzaile-para-el-impulso-del-emprendimiento-entre-jovenes\/\" \/>\n<meta property=\"og:site_name\" content=\"Iraurgi Berritzen\" \/>\n<meta property=\"article:published_time\" content=\"2025-04-17T21:50:30+00:00\" \/>\n<meta property=\"article:modified_time\" content=\"2025-04-17T21:55:09+00:00\" \/>\n<meta name=\"author\" content=\"ainara\" \/>\n<meta name=\"twitter:card\" content=\"summary_large_image\" \/>\n<meta name=\"twitter:label1\" content=\"Escrito por\" \/>\n\t<meta name=\"twitter:data1\" content=\"ainara\" \/>\n\t<meta name=\"twitter:label2\" content=\"Tiempo de lectura\" \/>\n\t<meta name=\"twitter:data2\" content=\"2 minutos\" \/>\n<script type=\"application\/ld+json\" class=\"yoast-schema-graph\">{\"@context\":\"https:\\\/\\\/schema.org\",\"@graph\":[{\"@type\":\"Article\",\"@id\":\"https:\\\/\\\/iraurgiberritzen.eus\\\/es\\\/finaliza-el-proyecto-izan-ekintzaile-para-el-impulso-del-emprendimiento-entre-jovenes\\\/#article\",\"isPartOf\":{\"@id\":\"https:\\\/\\\/iraurgiberritzen.eus\\\/es\\\/finaliza-el-proyecto-izan-ekintzaile-para-el-impulso-del-emprendimiento-entre-jovenes\\\/\"},\"author\":{\"name\":\"ainara\",\"@id\":\"https:\\\/\\\/iraurgiberritzen.eus\\\/es\\\/#\\\/schema\\\/person\\\/a32c9825b3e2bfcbe757a97f6a15c8a5\"},\"headline\":\"Finaliza el proyecto Izan Ekintzaile! para el impulso del emprendimiento entre j\u00f3venes\",\"datePublished\":\"2025-04-17T21:50:30+00:00\",\"dateModified\":\"2025-04-17T21:55:09+00:00\",\"mainEntityOfPage\":{\"@id\":\"https:\\\/\\\/iraurgiberritzen.eus\\\/es\\\/finaliza-el-proyecto-izan-ekintzaile-para-el-impulso-del-emprendimiento-entre-jovenes\\\/\"},\"wordCount\":309,\"publisher\":{\"@id\":\"https:\\\/\\\/iraurgiberritzen.eus\\\/es\\\/#organization\"},\"image\":{\"@id\":\"https:\\\/\\\/iraurgiberritzen.eus\\\/es\\\/finaliza-el-proyecto-izan-ekintzaile-para-el-impulso-del-emprendimiento-entre-jovenes\\\/#primaryimage\"},\"thumbnailUrl\":\"https:\\\/\\\/iraurgiberritzen.eus\\\/wp-content\\\/uploads\\\/2025\\\/04\\\/WhatsApp-Image-2025-04-18-at-00.01.00-scaled.jpeg\",\"articleSection\":[\"Noticias\"],\"inLanguage\":\"es\"},{\"@type\":\"WebPage\",\"@id\":\"https:\\\/\\\/iraurgiberritzen.eus\\\/es\\\/finaliza-el-proyecto-izan-ekintzaile-para-el-impulso-del-emprendimiento-entre-jovenes\\\/\",\"url\":\"https:\\\/\\\/iraurgiberritzen.eus\\\/es\\\/finaliza-el-proyecto-izan-ekintzaile-para-el-impulso-del-emprendimiento-entre-jovenes\\\/\",\"name\":\"Finaliza el proyecto Izan Ekintzaile! para el impulso del emprendimiento entre j\u00f3venes - Iraurgi Berritzen\",\"isPartOf\":{\"@id\":\"https:\\\/\\\/iraurgiberritzen.eus\\\/es\\\/#website\"},\"primaryImageOfPage\":{\"@id\":\"https:\\\/\\\/iraurgiberritzen.eus\\\/es\\\/finaliza-el-proyecto-izan-ekintzaile-para-el-impulso-del-emprendimiento-entre-jovenes\\\/#primaryimage\"},\"image\":{\"@id\":\"https:\\\/\\\/iraurgiberritzen.eus\\\/es\\\/finaliza-el-proyecto-izan-ekintzaile-para-el-impulso-del-emprendimiento-entre-jovenes\\\/#primaryimage\"},\"thumbnailUrl\":\"https:\\\/\\\/iraurgiberritzen.eus\\\/wp-content\\\/uploads\\\/2025\\\/04\\\/WhatsApp-Image-2025-04-18-at-00.01.00-scaled.jpeg\",\"datePublished\":\"2025-04-17T21:50:30+00:00\",\"dateModified\":\"2025-04-17T21:55:09+00:00\",\"breadcrumb\":{\"@id\":\"https:\\\/\\\/iraurgiberritzen.eus\\\/es\\\/finaliza-el-proyecto-izan-ekintzaile-para-el-impulso-del-emprendimiento-entre-jovenes\\\/#breadcrumb\"},\"inLanguage\":\"es\",\"potentialAction\":[{\"@type\":\"ReadAction\",\"target\":[\"https:\\\/\\\/iraurgiberritzen.eus\\\/es\\\/finaliza-el-proyecto-izan-ekintzaile-para-el-impulso-del-emprendimiento-entre-jovenes\\\/\"]}]},{\"@type\":\"ImageObject\",\"inLanguage\":\"es\",\"@id\":\"https:\\\/\\\/iraurgiberritzen.eus\\\/es\\\/finaliza-el-proyecto-izan-ekintzaile-para-el-impulso-del-emprendimiento-entre-jovenes\\\/#primaryimage\",\"url\":\"https:\\\/\\\/iraurgiberritzen.eus\\\/wp-content\\\/uploads\\\/2025\\\/04\\\/WhatsApp-Image-2025-04-18-at-00.01.00-scaled.jpeg\",\"contentUrl\":\"https:\\\/\\\/iraurgiberritzen.eus\\\/wp-content\\\/uploads\\\/2025\\\/04\\\/WhatsApp-Image-2025-04-18-at-00.01.00-scaled.jpeg\",\"width\":2560,\"height\":1920},{\"@type\":\"BreadcrumbList\",\"@id\":\"https:\\\/\\\/iraurgiberritzen.eus\\\/es\\\/finaliza-el-proyecto-izan-ekintzaile-para-el-impulso-del-emprendimiento-entre-jovenes\\\/#breadcrumb\",\"itemListElement\":[{\"@type\":\"ListItem\",\"position\":1,\"name\":\"Home\",\"item\":\"https:\\\/\\\/iraurgiberritzen.eus\\\/es\\\/\"},{\"@type\":\"ListItem\",\"position\":2,\"name\":\"Finaliza el proyecto Izan Ekintzaile! para el impulso del emprendimiento entre j\u00f3venes\"}]},{\"@type\":\"WebSite\",\"@id\":\"https:\\\/\\\/iraurgiberritzen.eus\\\/es\\\/#website\",\"url\":\"https:\\\/\\\/iraurgiberritzen.eus\\\/es\\\/\",\"name\":\"Iraurgi Berritzen\",\"description\":\"Urola Erdiko Garapen Agentzia\",\"publisher\":{\"@id\":\"https:\\\/\\\/iraurgiberritzen.eus\\\/es\\\/#organization\"},\"potentialAction\":[{\"@type\":\"SearchAction\",\"target\":{\"@type\":\"EntryPoint\",\"urlTemplate\":\"https:\\\/\\\/iraurgiberritzen.eus\\\/es\\\/?s={search_term_string}\"},\"query-input\":{\"@type\":\"PropertyValueSpecification\",\"valueRequired\":true,\"valueName\":\"search_term_string\"}}],\"inLanguage\":\"es\"},{\"@type\":\"Organization\",\"@id\":\"https:\\\/\\\/iraurgiberritzen.eus\\\/es\\\/#organization\",\"name\":\"Iraurgi Berritzen\",\"url\":\"https:\\\/\\\/iraurgiberritzen.eus\\\/es\\\/\",\"logo\":{\"@type\":\"ImageObject\",\"inLanguage\":\"es\",\"@id\":\"https:\\\/\\\/iraurgiberritzen.eus\\\/es\\\/#\\\/schema\\\/logo\\\/image\\\/\",\"url\":\"https:\\\/\\\/iraurgiberritzen.eus\\\/wp-content\\\/uploads\\\/2024\\\/02\\\/IRAURGI-BERRITZEN-logotipoa_2.png\",\"contentUrl\":\"https:\\\/\\\/iraurgiberritzen.eus\\\/wp-content\\\/uploads\\\/2024\\\/02\\\/IRAURGI-BERRITZEN-logotipoa_2.png\",\"width\":496,\"height\":190,\"caption\":\"Iraurgi Berritzen\"},\"image\":{\"@id\":\"https:\\\/\\\/iraurgiberritzen.eus\\\/es\\\/#\\\/schema\\\/logo\\\/image\\\/\"}},{\"@type\":\"Person\",\"@id\":\"https:\\\/\\\/iraurgiberritzen.eus\\\/es\\\/#\\\/schema\\\/person\\\/a32c9825b3e2bfcbe757a97f6a15c8a5\",\"name\":\"ainara\"}]}<\/script>\n<!-- \/ Yoast SEO plugin. -->","yoast_head_json":{"title":"Finaliza el proyecto Izan Ekintzaile! para el impulso del emprendimiento entre j\u00f3venes - Iraurgi Berritzen","robots":{"index":"index","follow":"follow","max-snippet":"max-snippet:-1","max-image-preview":"max-image-preview:large","max-video-preview":"max-video-preview:-1"},"canonical":"https:\/\/iraurgiberritzen.eus\/es\/finaliza-el-proyecto-izan-ekintzaile-para-el-impulso-del-emprendimiento-entre-jovenes\/","og_locale":"es_ES","og_type":"article","og_title":"Finaliza el proyecto Izan Ekintzaile! para el impulso del emprendimiento entre j\u00f3venes - Iraurgi Berritzen","og_description":"El pasado 10 de abril, el equipo de trabajo celebr\u00f3 una reuni\u00f3n de evaluaci\u00f3n en la que se realiz\u00f3 una valoraci\u00f3n positiva del proyecto. Durante la sesi\u00f3n se comparti\u00f3 el trabajo desarrollado a lo largo del curso y se identificaron posibles mejoras de cara al pr\u00f3ximo a\u00f1o. En total, se han llevado a cabo 6 [&hellip;]","og_url":"https:\/\/iraurgiberritzen.eus\/es\/finaliza-el-proyecto-izan-ekintzaile-para-el-impulso-del-emprendimiento-entre-jovenes\/","og_site_name":"Iraurgi Berritzen","article_published_time":"2025-04-17T21:50:30+00:00","article_modified_time":"2025-04-17T21:55:09+00:00","author":"ainara","twitter_card":"summary_large_image","twitter_misc":{"Escrito por":"ainara","Tiempo de lectura":"2 minutos"},"schema":{"@context":"https:\/\/schema.org","@graph":[{"@type":"Article","@id":"https:\/\/iraurgiberritzen.eus\/es\/finaliza-el-proyecto-izan-ekintzaile-para-el-impulso-del-emprendimiento-entre-jovenes\/#article","isPartOf":{"@id":"https:\/\/iraurgiberritzen.eus\/es\/finaliza-el-proyecto-izan-ekintzaile-para-el-impulso-del-emprendimiento-entre-jovenes\/"},"author":{"name":"ainara","@id":"https:\/\/iraurgiberritzen.eus\/es\/#\/schema\/person\/a32c9825b3e2bfcbe757a97f6a15c8a5"},"headline":"Finaliza el proyecto Izan Ekintzaile! para el impulso del emprendimiento entre j\u00f3venes","datePublished":"2025-04-17T21:50:30+00:00","dateModified":"2025-04-17T21:55:09+00:00","mainEntityOfPage":{"@id":"https:\/\/iraurgiberritzen.eus\/es\/finaliza-el-proyecto-izan-ekintzaile-para-el-impulso-del-emprendimiento-entre-jovenes\/"},"wordCount":309,"publisher":{"@id":"https:\/\/iraurgiberritzen.eus\/es\/#organization"},"image":{"@id":"https:\/\/iraurgiberritzen.eus\/es\/finaliza-el-proyecto-izan-ekintzaile-para-el-impulso-del-emprendimiento-entre-jovenes\/#primaryimage"},"thumbnailUrl":"https:\/\/iraurgiberritzen.eus\/wp-content\/uploads\/2025\/04\/WhatsApp-Image-2025-04-18-at-00.01.00-scaled.jpeg","articleSection":["Noticias"],"inLanguage":"es"},{"@type":"WebPage","@id":"https:\/\/iraurgiberritzen.eus\/es\/finaliza-el-proyecto-izan-ekintzaile-para-el-impulso-del-emprendimiento-entre-jovenes\/","url":"https:\/\/iraurgiberritzen.eus\/es\/finaliza-el-proyecto-izan-ekintzaile-para-el-impulso-del-emprendimiento-entre-jovenes\/","name":"Finaliza el proyecto Izan Ekintzaile! para el impulso del emprendimiento entre j\u00f3venes - Iraurgi Berritzen","isPartOf":{"@id":"https:\/\/iraurgiberritzen.eus\/es\/#website"},"primaryImageOfPage":{"@id":"https:\/\/iraurgiberritzen.eus\/es\/finaliza-el-proyecto-izan-ekintzaile-para-el-impulso-del-emprendimiento-entre-jovenes\/#primaryimage"},"image":{"@id":"https:\/\/iraurgiberritzen.eus\/es\/finaliza-el-proyecto-izan-ekintzaile-para-el-impulso-del-emprendimiento-entre-jovenes\/#primaryimage"},"thumbnailUrl":"https:\/\/iraurgiberritzen.eus\/wp-content\/uploads\/2025\/04\/WhatsApp-Image-2025-04-18-at-00.01.00-scaled.jpeg","datePublished":"2025-04-17T21:50:30+00:00","dateModified":"2025-04-17T21:55:09+00:00","breadcrumb":{"@id":"https:\/\/iraurgiberritzen.eus\/es\/finaliza-el-proyecto-izan-ekintzaile-para-el-impulso-del-emprendimiento-entre-jovenes\/#breadcrumb"},"inLanguage":"es","potentialAction":[{"@type":"ReadAction","target":["https:\/\/iraurgiberritzen.eus\/es\/finaliza-el-proyecto-izan-ekintzaile-para-el-impulso-del-emprendimiento-entre-jovenes\/"]}]},{"@type":"ImageObject","inLanguage":"es","@id":"https:\/\/iraurgiberritzen.eus\/es\/finaliza-el-proyecto-izan-ekintzaile-para-el-impulso-del-emprendimiento-entre-jovenes\/#primaryimage","url":"https:\/\/iraurgiberritzen.eus\/wp-content\/uploads\/2025\/04\/WhatsApp-Image-2025-04-18-at-00.01.00-scaled.jpeg","contentUrl":"https:\/\/iraurgiberritzen.eus\/wp-content\/uploads\/2025\/04\/WhatsApp-Image-2025-04-18-at-00.01.00-scaled.jpeg","width":2560,"height":1920},{"@type":"BreadcrumbList","@id":"https:\/\/iraurgiberritzen.eus\/es\/finaliza-el-proyecto-izan-ekintzaile-para-el-impulso-del-emprendimiento-entre-jovenes\/#breadcrumb","itemListElement":[{"@type":"ListItem","position":1,"name":"Home","item":"https:\/\/iraurgiberritzen.eus\/es\/"},{"@type":"ListItem","position":2,"name":"Finaliza el proyecto Izan Ekintzaile! para el impulso del emprendimiento entre j\u00f3venes"}]},{"@type":"WebSite","@id":"https:\/\/iraurgiberritzen.eus\/es\/#website","url":"https:\/\/iraurgiberritzen.eus\/es\/","name":"Iraurgi Berritzen","description":"Urola Erdiko Garapen Agentzia","publisher":{"@id":"https:\/\/iraurgiberritzen.eus\/es\/#organization"},"potentialAction":[{"@type":"SearchAction","target":{"@type":"EntryPoint","urlTemplate":"https:\/\/iraurgiberritzen.eus\/es\/?s={search_term_string}"},"query-input":{"@type":"PropertyValueSpecification","valueRequired":true,"valueName":"search_term_string"}}],"inLanguage":"es"},{"@type":"Organization","@id":"https:\/\/iraurgiberritzen.eus\/es\/#organization","name":"Iraurgi Berritzen","url":"https:\/\/iraurgiberritzen.eus\/es\/","logo":{"@type":"ImageObject","inLanguage":"es","@id":"https:\/\/iraurgiberritzen.eus\/es\/#\/schema\/logo\/image\/","url":"https:\/\/iraurgiberritzen.eus\/wp-content\/uploads\/2024\/02\/IRAURGI-BERRITZEN-logotipoa_2.png","contentUrl":"https:\/\/iraurgiberritzen.eus\/wp-content\/uploads\/2024\/02\/IRAURGI-BERRITZEN-logotipoa_2.png","width":496,"height":190,"caption":"Iraurgi Berritzen"},"image":{"@id":"https:\/\/iraurgiberritzen.eus\/es\/#\/schema\/logo\/image\/"}},{"@type":"Person","@id":"https:\/\/iraurgiberritzen.eus\/es\/#\/schema\/person\/a32c9825b3e2bfcbe757a97f6a15c8a5","name":"ainara"}]}},"_links":{"self":[{"href":"https:\/\/iraurgiberritzen.eus\/es\/wp-json\/wp\/v2\/posts\/23123","targetHints":{"allow":["GET"]}}],"collection":[{"href":"https:\/\/iraurgiberritzen.eus\/es\/wp-json\/wp\/v2\/posts"}],"about":[{"href":"https:\/\/iraurgiberritzen.eus\/es\/wp-json\/wp\/v2\/types\/post"}],"author":[{"embeddable":true,"href":"https:\/\/iraurgiberritzen.eus\/es\/wp-json\/wp\/v2\/users\/4"}],"replies":[{"embeddable":true,"href":"https:\/\/iraurgiberritzen.eus\/es\/wp-json\/wp\/v2\/comments?post=23123"}],"version-history":[{"count":3,"href":"https:\/\/iraurgiberritzen.eus\/es\/wp-json\/wp\/v2\/posts\/23123\/revisions"}],"predecessor-version":[{"id":23130,"href":"https:\/\/iraurgiberritzen.eus\/es\/wp-json\/wp\/v2\/posts\/23123\/revisions\/23130"}],"wp:featuredmedia":[{"embeddable":true,"href":"https:\/\/iraurgiberritzen.eus\/es\/wp-json\/wp\/v2\/media\/23132"}],"wp:attachment":[{"href":"https:\/\/iraurgiberritzen.eus\/es\/wp-json\/wp\/v2\/media?parent=23123"}],"wp:term":[{"taxonomy":"category","embeddable":true,"href":"https:\/\/iraurgiberritzen.eus\/es\/wp-json\/wp\/v2\/categories?post=23123"},{"taxonomy":"post_tag","embeddable":true,"href":"https:\/\/iraurgiberritzen.eus\/es\/wp-json\/wp\/v2\/tags?post=23123"}],"curies":[{"name":"wp","href":"https:\/\/api.w.org\/{rel}","templated":true}]}}