{"id":23205,"date":"2025-05-06T12:20:21","date_gmt":"2025-05-06T10:20:21","guid":{"rendered":"https:\/\/iraurgiberritzen.eus\/?p=23205"},"modified":"2025-05-06T12:51:02","modified_gmt":"2025-05-06T10:51:02","slug":"350-estudiantes-de-la-comarca-y-27-agentes-de-diferentes-sectores-y-mas-de-70-profesionales-han-participado-en-el-proyecto-gerolan-de-este-ano","status":"publish","type":"post","link":"https:\/\/iraurgiberritzen.eus\/es\/350-estudiantes-de-la-comarca-y-27-agentes-de-diferentes-sectores-y-mas-de-70-profesionales-han-participado-en-el-proyecto-gerolan-de-este-ano\/","title":{"rendered":"350 estudiantes de la comarca, 27 agentes de diferentes sectores y m\u00e1s de 70 profesionales han participado en el proyecto Gerolan de este a\u00f1o"},"content":{"rendered":"<h5><b><i><span data-contrast=\"auto\">El proyecto busca reforzar los planes de orientaci\u00f3n de los centros escolares en colaboraci\u00f3n con los agentes de la comarca.\u00a0<\/span><\/i><\/b><\/h5>\n<p><span data-contrast=\"auto\">Un a\u00f1o m\u00e1s, hemos concluido el proyecto <\/span><b><span data-contrast=\"auto\">Gerolan 2024\/2025<\/span><\/b><span data-contrast=\"auto\">, enmarcado dentro del \u00e1rea de Educaci\u00f3n. Su objetivo principal es <\/span><b><span data-contrast=\"auto\">reforzar la orientaci\u00f3n acad\u00e9mica de la juventud de la comarca<\/span><\/b><span data-contrast=\"auto\">, promoviendo el contacto directo con profesionales de sectores diversos del entorno.<\/span><span data-ccp-props=\"{&quot;134233117&quot;:true,&quot;134233118&quot;:true}\">\u00a0<\/span><\/p>\n<p><span data-contrast=\"auto\">En el proceso han participado alrededor de <\/span><b><span data-contrast=\"auto\">350 estudiantes<\/span><\/b><span data-contrast=\"auto\">, en un proceso que ha contado con varias fases:<\/span><span data-ccp-props=\"{&quot;134233117&quot;:true,&quot;134233118&quot;:true}\">\u00a0<\/span><\/p>\n<ul>\n<li data-leveltext=\"\uf0b7\" data-font=\"Symbol\" data-listid=\"2\" data-list-defn-props=\"{&quot;335552541&quot;:1,&quot;335559685&quot;:720,&quot;335559991&quot;:360,&quot;469769226&quot;:&quot;Symbol&quot;,&quot;469769242&quot;:[8226],&quot;469777803&quot;:&quot;left&quot;,&quot;469777804&quot;:&quot;\uf0b7&quot;,&quot;469777815&quot;:&quot;multilevel&quot;}\" aria-setsize=\"-1\" data-aria-posinset=\"1\" data-aria-level=\"1\"><span data-contrast=\"auto\">Sesiones de reflexi\u00f3n individual en el aula sobre la orientaci\u00f3n personal del alumnado.<\/span><span data-ccp-props=\"{&quot;134233117&quot;:true,&quot;134233118&quot;:true}\">\u00a0<\/span><\/li>\n<\/ul>\n<ul>\n<li data-leveltext=\"\uf0b7\" data-font=\"Symbol\" data-listid=\"2\" data-list-defn-props=\"{&quot;335552541&quot;:1,&quot;335559685&quot;:720,&quot;335559991&quot;:360,&quot;469769226&quot;:&quot;Symbol&quot;,&quot;469769242&quot;:[8226],&quot;469777803&quot;:&quot;left&quot;,&quot;469777804&quot;:&quot;\uf0b7&quot;,&quot;469777815&quot;:&quot;multilevel&quot;}\" aria-setsize=\"-1\" data-aria-posinset=\"2\" data-aria-level=\"1\"><span data-contrast=\"auto\">Identificaci\u00f3n y an\u00e1lisis de los intereses acad\u00e9micos concretos de los y las estudiantes, dise\u00f1ando oportunidades de interacci\u00f3n con agentes de la comarca en funci\u00f3n de los diferentes grupos de inter\u00e9s.<\/span><span data-ccp-props=\"{&quot;134233117&quot;:true,&quot;134233118&quot;:true}\">\u00a0<\/span><\/li>\n<\/ul>\n<ul>\n<li data-leveltext=\"\uf0b7\" data-font=\"Symbol\" data-listid=\"2\" data-list-defn-props=\"{&quot;335552541&quot;:1,&quot;335559685&quot;:720,&quot;335559991&quot;:360,&quot;469769226&quot;:&quot;Symbol&quot;,&quot;469769242&quot;:[8226],&quot;469777803&quot;:&quot;left&quot;,&quot;469777804&quot;:&quot;\uf0b7&quot;,&quot;469777815&quot;:&quot;multilevel&quot;}\" aria-setsize=\"-1\" data-aria-posinset=\"3\" data-aria-level=\"1\"><span data-contrast=\"auto\">Organizaci\u00f3n de <\/span><b><span data-contrast=\"auto\">27 visitas a agentes comarcales<\/span><\/b><span data-contrast=\"auto\"> seg\u00fan esos intereses.<\/span><span data-ccp-props=\"{&quot;134233117&quot;:true,&quot;134233118&quot;:true}\">\u00a0<\/span><\/li>\n<\/ul>\n<p><span data-contrast=\"auto\">En dichas visitas han participado <strong>27<\/strong>\u00a0<\/span><b><span data-contrast=\"auto\">agentes de distintos sectores<\/span><\/b><span data-contrast=\"auto\"> y <\/span><b><span data-contrast=\"auto\">70 profesionales<\/span><\/b><span data-contrast=\"auto\">, quienes han compartido experiencias personales y laborales. Esto ha permitido a los y las j\u00f3venes <\/span><b><span data-contrast=\"auto\">acercarse a la realidad del mundo laboral<\/span><\/b><span data-contrast=\"auto\"> y resolver dudas importantes para su futura elecci\u00f3n formativa.<\/span><span data-ccp-props=\"{&quot;134233117&quot;:true,&quot;134233118&quot;:true}\">\u00a0<\/span><\/p>\n<p><span data-contrast=\"auto\">El proyecto Gerolan se ha consolidado como un <\/span><b><span data-contrast=\"auto\">recurso clave en el proceso de orientaci\u00f3n de la juventud<\/span><\/b><span data-contrast=\"auto\">, ofreciendo informaci\u00f3n \u00fatil, cercana y adaptada a sus intereses. Al mismo tiempo, contribuye a <\/span><b><span data-contrast=\"auto\">dar respuesta de forma conjunta al reto del talento comarcal<\/span><\/b><span data-contrast=\"auto\">, entre todos los agentes del territorio.<\/span><span data-ccp-props=\"{&quot;134233117&quot;:true,&quot;134233118&quot;:true}\">\u00a0<\/span><\/p>\n<p><span data-contrast=\"auto\">En este contexto, la valoraci\u00f3n por parte de empresas, agentes, centros educativos, alumnado y profesorado es muy positiva, y se constata un <\/span><b><span data-contrast=\"auto\">firme compromiso por reforzar estas relaciones a futuro<\/span><\/b><span data-contrast=\"auto\">.<\/span><span data-ccp-props=\"{&quot;134233117&quot;:true,&quot;134233118&quot;:true}\">\u00a0<\/span><\/p>\n<p><span data-contrast=\"auto\">A continuaci\u00f3n, os dejamos disponible el <a href=\"https:\/\/www.youtube.com\/watch?v=x0sN_ts1I8A\" target=\"_blank\" rel=\"noopener\"><strong>v\u00eddeo<\/strong><\/a> resumen con las principales acciones del proyecto:<\/span><span data-ccp-props=\"{&quot;134233117&quot;:true,&quot;134233118&quot;:true}\">\u00a0<\/span><\/p>\n","protected":false},"excerpt":{"rendered":"<p>El proyecto busca reforzar los planes de orientaci\u00f3n de los centros escolares en colaboraci\u00f3n con los agentes de la comarca.\u00a0 Un a\u00f1o m\u00e1s, hemos concluido el proyecto Gerolan 2024\/2025, enmarcado dentro del \u00e1rea de Educaci\u00f3n. Su objetivo principal es reforzar la orientaci\u00f3n acad\u00e9mica de la juventud de la comarca, promoviendo el contacto directo con profesionales [&hellip;]<\/p>\n","protected":false},"author":4,"featured_media":23202,"comment_status":"closed","ping_status":"closed","sticky":false,"template":"","format":"standard","meta":{"_acf_changed":false,"footnotes":""},"categories":[4],"tags":[],"class_list":["post-23205","post","type-post","status-publish","format-standard","has-post-thumbnail","hentry","category-noticias","arloak-educacion","arloak-gerolan-es"],"acf":[],"yoast_head":"<!-- This site is optimized with the Yoast SEO plugin v27.4 - https:\/\/yoast.com\/product\/yoast-seo-wordpress\/ -->\n<title>350 estudiantes de la comarca, 27 agentes de diferentes sectores y m\u00e1s de 70 profesionales han participado en el proyecto Gerolan de este a\u00f1o - Iraurgi Berritzen<\/title>\n<meta name=\"robots\" content=\"index, follow, max-snippet:-1, max-image-preview:large, max-video-preview:-1\" \/>\n<link rel=\"canonical\" href=\"https:\/\/iraurgiberritzen.eus\/es\/350-estudiantes-de-la-comarca-y-27-agentes-de-diferentes-sectores-y-mas-de-70-profesionales-han-participado-en-el-proyecto-gerolan-de-este-ano\/\" \/>\n<meta property=\"og:locale\" content=\"es_ES\" \/>\n<meta property=\"og:type\" content=\"article\" \/>\n<meta property=\"og:title\" content=\"350 estudiantes de la comarca, 27 agentes de diferentes sectores y m\u00e1s de 70 profesionales han participado en el proyecto Gerolan de este a\u00f1o - Iraurgi Berritzen\" \/>\n<meta property=\"og:description\" content=\"El proyecto busca reforzar los planes de orientaci\u00f3n de los centros escolares en colaboraci\u00f3n con los agentes de la comarca.\u00a0 Un a\u00f1o m\u00e1s, hemos concluido el proyecto Gerolan 2024\/2025, enmarcado dentro del \u00e1rea de Educaci\u00f3n. Su objetivo principal es reforzar la orientaci\u00f3n acad\u00e9mica de la juventud de la comarca, promoviendo el contacto directo con profesionales [&hellip;]\" \/>\n<meta property=\"og:url\" content=\"https:\/\/iraurgiberritzen.eus\/es\/350-estudiantes-de-la-comarca-y-27-agentes-de-diferentes-sectores-y-mas-de-70-profesionales-han-participado-en-el-proyecto-gerolan-de-este-ano\/\" \/>\n<meta property=\"og:site_name\" content=\"Iraurgi Berritzen\" \/>\n<meta property=\"article:published_time\" content=\"2025-05-06T10:20:21+00:00\" \/>\n<meta property=\"article:modified_time\" content=\"2025-05-06T10:51:02+00:00\" \/>\n<meta property=\"og:image\" content=\"https:\/\/iraurgiberritzen.eus\/wp-content\/uploads\/2025\/05\/GEROLAN-20242025-5-scaled.jpg\" \/>\n\t<meta property=\"og:image:width\" content=\"2560\" \/>\n\t<meta property=\"og:image:height\" content=\"1440\" \/>\n\t<meta property=\"og:image:type\" content=\"image\/jpeg\" \/>\n<meta name=\"author\" content=\"ainara\" \/>\n<meta name=\"twitter:card\" content=\"summary_large_image\" \/>\n<meta name=\"twitter:label1\" content=\"Escrito por\" \/>\n\t<meta name=\"twitter:data1\" content=\"ainara\" \/>\n\t<meta name=\"twitter:label2\" content=\"Tiempo de lectura\" \/>\n\t<meta name=\"twitter:data2\" content=\"2 minutos\" \/>\n<script type=\"application\/ld+json\" class=\"yoast-schema-graph\">{\"@context\":\"https:\\\/\\\/schema.org\",\"@graph\":[{\"@type\":\"Article\",\"@id\":\"https:\\\/\\\/iraurgiberritzen.eus\\\/es\\\/350-estudiantes-de-la-comarca-y-27-agentes-de-diferentes-sectores-y-mas-de-70-profesionales-han-participado-en-el-proyecto-gerolan-de-este-ano\\\/#article\",\"isPartOf\":{\"@id\":\"https:\\\/\\\/iraurgiberritzen.eus\\\/es\\\/350-estudiantes-de-la-comarca-y-27-agentes-de-diferentes-sectores-y-mas-de-70-profesionales-han-participado-en-el-proyecto-gerolan-de-este-ano\\\/\"},\"author\":{\"name\":\"ainara\",\"@id\":\"https:\\\/\\\/iraurgiberritzen.eus\\\/es\\\/#\\\/schema\\\/person\\\/a32c9825b3e2bfcbe757a97f6a15c8a5\"},\"headline\":\"350 estudiantes de la comarca, 27 agentes de diferentes sectores y m\u00e1s de 70 profesionales han participado en el proyecto Gerolan de este a\u00f1o\",\"datePublished\":\"2025-05-06T10:20:21+00:00\",\"dateModified\":\"2025-05-06T10:51:02+00:00\",\"mainEntityOfPage\":{\"@id\":\"https:\\\/\\\/iraurgiberritzen.eus\\\/es\\\/350-estudiantes-de-la-comarca-y-27-agentes-de-diferentes-sectores-y-mas-de-70-profesionales-han-participado-en-el-proyecto-gerolan-de-este-ano\\\/\"},\"wordCount\":310,\"publisher\":{\"@id\":\"https:\\\/\\\/iraurgiberritzen.eus\\\/es\\\/#organization\"},\"image\":{\"@id\":\"https:\\\/\\\/iraurgiberritzen.eus\\\/es\\\/350-estudiantes-de-la-comarca-y-27-agentes-de-diferentes-sectores-y-mas-de-70-profesionales-han-participado-en-el-proyecto-gerolan-de-este-ano\\\/#primaryimage\"},\"thumbnailUrl\":\"https:\\\/\\\/iraurgiberritzen.eus\\\/wp-content\\\/uploads\\\/2025\\\/05\\\/GEROLAN-20242025-5-scaled.jpg\",\"articleSection\":[\"Noticias\"],\"inLanguage\":\"es\"},{\"@type\":\"WebPage\",\"@id\":\"https:\\\/\\\/iraurgiberritzen.eus\\\/es\\\/350-estudiantes-de-la-comarca-y-27-agentes-de-diferentes-sectores-y-mas-de-70-profesionales-han-participado-en-el-proyecto-gerolan-de-este-ano\\\/\",\"url\":\"https:\\\/\\\/iraurgiberritzen.eus\\\/es\\\/350-estudiantes-de-la-comarca-y-27-agentes-de-diferentes-sectores-y-mas-de-70-profesionales-han-participado-en-el-proyecto-gerolan-de-este-ano\\\/\",\"name\":\"350 estudiantes de la comarca, 27 agentes de diferentes sectores y m\u00e1s de 70 profesionales han participado en el proyecto Gerolan de este a\u00f1o - Iraurgi Berritzen\",\"isPartOf\":{\"@id\":\"https:\\\/\\\/iraurgiberritzen.eus\\\/es\\\/#website\"},\"primaryImageOfPage\":{\"@id\":\"https:\\\/\\\/iraurgiberritzen.eus\\\/es\\\/350-estudiantes-de-la-comarca-y-27-agentes-de-diferentes-sectores-y-mas-de-70-profesionales-han-participado-en-el-proyecto-gerolan-de-este-ano\\\/#primaryimage\"},\"image\":{\"@id\":\"https:\\\/\\\/iraurgiberritzen.eus\\\/es\\\/350-estudiantes-de-la-comarca-y-27-agentes-de-diferentes-sectores-y-mas-de-70-profesionales-han-participado-en-el-proyecto-gerolan-de-este-ano\\\/#primaryimage\"},\"thumbnailUrl\":\"https:\\\/\\\/iraurgiberritzen.eus\\\/wp-content\\\/uploads\\\/2025\\\/05\\\/GEROLAN-20242025-5-scaled.jpg\",\"datePublished\":\"2025-05-06T10:20:21+00:00\",\"dateModified\":\"2025-05-06T10:51:02+00:00\",\"breadcrumb\":{\"@id\":\"https:\\\/\\\/iraurgiberritzen.eus\\\/es\\\/350-estudiantes-de-la-comarca-y-27-agentes-de-diferentes-sectores-y-mas-de-70-profesionales-han-participado-en-el-proyecto-gerolan-de-este-ano\\\/#breadcrumb\"},\"inLanguage\":\"es\",\"potentialAction\":[{\"@type\":\"ReadAction\",\"target\":[\"https:\\\/\\\/iraurgiberritzen.eus\\\/es\\\/350-estudiantes-de-la-comarca-y-27-agentes-de-diferentes-sectores-y-mas-de-70-profesionales-han-participado-en-el-proyecto-gerolan-de-este-ano\\\/\"]}]},{\"@type\":\"ImageObject\",\"inLanguage\":\"es\",\"@id\":\"https:\\\/\\\/iraurgiberritzen.eus\\\/es\\\/350-estudiantes-de-la-comarca-y-27-agentes-de-diferentes-sectores-y-mas-de-70-profesionales-han-participado-en-el-proyecto-gerolan-de-este-ano\\\/#primaryimage\",\"url\":\"https:\\\/\\\/iraurgiberritzen.eus\\\/wp-content\\\/uploads\\\/2025\\\/05\\\/GEROLAN-20242025-5-scaled.jpg\",\"contentUrl\":\"https:\\\/\\\/iraurgiberritzen.eus\\\/wp-content\\\/uploads\\\/2025\\\/05\\\/GEROLAN-20242025-5-scaled.jpg\",\"width\":2560,\"height\":1440},{\"@type\":\"BreadcrumbList\",\"@id\":\"https:\\\/\\\/iraurgiberritzen.eus\\\/es\\\/350-estudiantes-de-la-comarca-y-27-agentes-de-diferentes-sectores-y-mas-de-70-profesionales-han-participado-en-el-proyecto-gerolan-de-este-ano\\\/#breadcrumb\",\"itemListElement\":[{\"@type\":\"ListItem\",\"position\":1,\"name\":\"Home\",\"item\":\"https:\\\/\\\/iraurgiberritzen.eus\\\/es\\\/\"},{\"@type\":\"ListItem\",\"position\":2,\"name\":\"350 estudiantes de la comarca, 27 agentes de diferentes sectores y m\u00e1s de 70 profesionales han participado en el proyecto Gerolan de este a\u00f1o\"}]},{\"@type\":\"WebSite\",\"@id\":\"https:\\\/\\\/iraurgiberritzen.eus\\\/es\\\/#website\",\"url\":\"https:\\\/\\\/iraurgiberritzen.eus\\\/es\\\/\",\"name\":\"Iraurgi Berritzen\",\"description\":\"Urola Erdiko Garapen Agentzia\",\"publisher\":{\"@id\":\"https:\\\/\\\/iraurgiberritzen.eus\\\/es\\\/#organization\"},\"potentialAction\":[{\"@type\":\"SearchAction\",\"target\":{\"@type\":\"EntryPoint\",\"urlTemplate\":\"https:\\\/\\\/iraurgiberritzen.eus\\\/es\\\/?s={search_term_string}\"},\"query-input\":{\"@type\":\"PropertyValueSpecification\",\"valueRequired\":true,\"valueName\":\"search_term_string\"}}],\"inLanguage\":\"es\"},{\"@type\":\"Organization\",\"@id\":\"https:\\\/\\\/iraurgiberritzen.eus\\\/es\\\/#organization\",\"name\":\"Iraurgi Berritzen\",\"url\":\"https:\\\/\\\/iraurgiberritzen.eus\\\/es\\\/\",\"logo\":{\"@type\":\"ImageObject\",\"inLanguage\":\"es\",\"@id\":\"https:\\\/\\\/iraurgiberritzen.eus\\\/es\\\/#\\\/schema\\\/logo\\\/image\\\/\",\"url\":\"https:\\\/\\\/iraurgiberritzen.eus\\\/wp-content\\\/uploads\\\/2024\\\/02\\\/IRAURGI-BERRITZEN-logotipoa_2.png\",\"contentUrl\":\"https:\\\/\\\/iraurgiberritzen.eus\\\/wp-content\\\/uploads\\\/2024\\\/02\\\/IRAURGI-BERRITZEN-logotipoa_2.png\",\"width\":496,\"height\":190,\"caption\":\"Iraurgi Berritzen\"},\"image\":{\"@id\":\"https:\\\/\\\/iraurgiberritzen.eus\\\/es\\\/#\\\/schema\\\/logo\\\/image\\\/\"}},{\"@type\":\"Person\",\"@id\":\"https:\\\/\\\/iraurgiberritzen.eus\\\/es\\\/#\\\/schema\\\/person\\\/a32c9825b3e2bfcbe757a97f6a15c8a5\",\"name\":\"ainara\"}]}<\/script>\n<!-- \/ Yoast SEO plugin. -->","yoast_head_json":{"title":"350 estudiantes de la comarca, 27 agentes de diferentes sectores y m\u00e1s de 70 profesionales han participado en el proyecto Gerolan de este a\u00f1o - Iraurgi Berritzen","robots":{"index":"index","follow":"follow","max-snippet":"max-snippet:-1","max-image-preview":"max-image-preview:large","max-video-preview":"max-video-preview:-1"},"canonical":"https:\/\/iraurgiberritzen.eus\/es\/350-estudiantes-de-la-comarca-y-27-agentes-de-diferentes-sectores-y-mas-de-70-profesionales-han-participado-en-el-proyecto-gerolan-de-este-ano\/","og_locale":"es_ES","og_type":"article","og_title":"350 estudiantes de la comarca, 27 agentes de diferentes sectores y m\u00e1s de 70 profesionales han participado en el proyecto Gerolan de este a\u00f1o - Iraurgi Berritzen","og_description":"El proyecto busca reforzar los planes de orientaci\u00f3n de los centros escolares en colaboraci\u00f3n con los agentes de la comarca.\u00a0 Un a\u00f1o m\u00e1s, hemos concluido el proyecto Gerolan 2024\/2025, enmarcado dentro del \u00e1rea de Educaci\u00f3n. Su objetivo principal es reforzar la orientaci\u00f3n acad\u00e9mica de la juventud de la comarca, promoviendo el contacto directo con profesionales [&hellip;]","og_url":"https:\/\/iraurgiberritzen.eus\/es\/350-estudiantes-de-la-comarca-y-27-agentes-de-diferentes-sectores-y-mas-de-70-profesionales-han-participado-en-el-proyecto-gerolan-de-este-ano\/","og_site_name":"Iraurgi Berritzen","article_published_time":"2025-05-06T10:20:21+00:00","article_modified_time":"2025-05-06T10:51:02+00:00","og_image":[{"width":2560,"height":1440,"url":"https:\/\/iraurgiberritzen.eus\/wp-content\/uploads\/2025\/05\/GEROLAN-20242025-5-scaled.jpg","type":"image\/jpeg"}],"author":"ainara","twitter_card":"summary_large_image","twitter_misc":{"Escrito por":"ainara","Tiempo de lectura":"2 minutos"},"schema":{"@context":"https:\/\/schema.org","@graph":[{"@type":"Article","@id":"https:\/\/iraurgiberritzen.eus\/es\/350-estudiantes-de-la-comarca-y-27-agentes-de-diferentes-sectores-y-mas-de-70-profesionales-han-participado-en-el-proyecto-gerolan-de-este-ano\/#article","isPartOf":{"@id":"https:\/\/iraurgiberritzen.eus\/es\/350-estudiantes-de-la-comarca-y-27-agentes-de-diferentes-sectores-y-mas-de-70-profesionales-han-participado-en-el-proyecto-gerolan-de-este-ano\/"},"author":{"name":"ainara","@id":"https:\/\/iraurgiberritzen.eus\/es\/#\/schema\/person\/a32c9825b3e2bfcbe757a97f6a15c8a5"},"headline":"350 estudiantes de la comarca, 27 agentes de diferentes sectores y m\u00e1s de 70 profesionales han participado en el proyecto Gerolan de este a\u00f1o","datePublished":"2025-05-06T10:20:21+00:00","dateModified":"2025-05-06T10:51:02+00:00","mainEntityOfPage":{"@id":"https:\/\/iraurgiberritzen.eus\/es\/350-estudiantes-de-la-comarca-y-27-agentes-de-diferentes-sectores-y-mas-de-70-profesionales-han-participado-en-el-proyecto-gerolan-de-este-ano\/"},"wordCount":310,"publisher":{"@id":"https:\/\/iraurgiberritzen.eus\/es\/#organization"},"image":{"@id":"https:\/\/iraurgiberritzen.eus\/es\/350-estudiantes-de-la-comarca-y-27-agentes-de-diferentes-sectores-y-mas-de-70-profesionales-han-participado-en-el-proyecto-gerolan-de-este-ano\/#primaryimage"},"thumbnailUrl":"https:\/\/iraurgiberritzen.eus\/wp-content\/uploads\/2025\/05\/GEROLAN-20242025-5-scaled.jpg","articleSection":["Noticias"],"inLanguage":"es"},{"@type":"WebPage","@id":"https:\/\/iraurgiberritzen.eus\/es\/350-estudiantes-de-la-comarca-y-27-agentes-de-diferentes-sectores-y-mas-de-70-profesionales-han-participado-en-el-proyecto-gerolan-de-este-ano\/","url":"https:\/\/iraurgiberritzen.eus\/es\/350-estudiantes-de-la-comarca-y-27-agentes-de-diferentes-sectores-y-mas-de-70-profesionales-han-participado-en-el-proyecto-gerolan-de-este-ano\/","name":"350 estudiantes de la comarca, 27 agentes de diferentes sectores y m\u00e1s de 70 profesionales han participado en el proyecto Gerolan de este a\u00f1o - Iraurgi Berritzen","isPartOf":{"@id":"https:\/\/iraurgiberritzen.eus\/es\/#website"},"primaryImageOfPage":{"@id":"https:\/\/iraurgiberritzen.eus\/es\/350-estudiantes-de-la-comarca-y-27-agentes-de-diferentes-sectores-y-mas-de-70-profesionales-han-participado-en-el-proyecto-gerolan-de-este-ano\/#primaryimage"},"image":{"@id":"https:\/\/iraurgiberritzen.eus\/es\/350-estudiantes-de-la-comarca-y-27-agentes-de-diferentes-sectores-y-mas-de-70-profesionales-han-participado-en-el-proyecto-gerolan-de-este-ano\/#primaryimage"},"thumbnailUrl":"https:\/\/iraurgiberritzen.eus\/wp-content\/uploads\/2025\/05\/GEROLAN-20242025-5-scaled.jpg","datePublished":"2025-05-06T10:20:21+00:00","dateModified":"2025-05-06T10:51:02+00:00","breadcrumb":{"@id":"https:\/\/iraurgiberritzen.eus\/es\/350-estudiantes-de-la-comarca-y-27-agentes-de-diferentes-sectores-y-mas-de-70-profesionales-han-participado-en-el-proyecto-gerolan-de-este-ano\/#breadcrumb"},"inLanguage":"es","potentialAction":[{"@type":"ReadAction","target":["https:\/\/iraurgiberritzen.eus\/es\/350-estudiantes-de-la-comarca-y-27-agentes-de-diferentes-sectores-y-mas-de-70-profesionales-han-participado-en-el-proyecto-gerolan-de-este-ano\/"]}]},{"@type":"ImageObject","inLanguage":"es","@id":"https:\/\/iraurgiberritzen.eus\/es\/350-estudiantes-de-la-comarca-y-27-agentes-de-diferentes-sectores-y-mas-de-70-profesionales-han-participado-en-el-proyecto-gerolan-de-este-ano\/#primaryimage","url":"https:\/\/iraurgiberritzen.eus\/wp-content\/uploads\/2025\/05\/GEROLAN-20242025-5-scaled.jpg","contentUrl":"https:\/\/iraurgiberritzen.eus\/wp-content\/uploads\/2025\/05\/GEROLAN-20242025-5-scaled.jpg","width":2560,"height":1440},{"@type":"BreadcrumbList","@id":"https:\/\/iraurgiberritzen.eus\/es\/350-estudiantes-de-la-comarca-y-27-agentes-de-diferentes-sectores-y-mas-de-70-profesionales-han-participado-en-el-proyecto-gerolan-de-este-ano\/#breadcrumb","itemListElement":[{"@type":"ListItem","position":1,"name":"Home","item":"https:\/\/iraurgiberritzen.eus\/es\/"},{"@type":"ListItem","position":2,"name":"350 estudiantes de la comarca, 27 agentes de diferentes sectores y m\u00e1s de 70 profesionales han participado en el proyecto Gerolan de este a\u00f1o"}]},{"@type":"WebSite","@id":"https:\/\/iraurgiberritzen.eus\/es\/#website","url":"https:\/\/iraurgiberritzen.eus\/es\/","name":"Iraurgi Berritzen","description":"Urola Erdiko Garapen Agentzia","publisher":{"@id":"https:\/\/iraurgiberritzen.eus\/es\/#organization"},"potentialAction":[{"@type":"SearchAction","target":{"@type":"EntryPoint","urlTemplate":"https:\/\/iraurgiberritzen.eus\/es\/?s={search_term_string}"},"query-input":{"@type":"PropertyValueSpecification","valueRequired":true,"valueName":"search_term_string"}}],"inLanguage":"es"},{"@type":"Organization","@id":"https:\/\/iraurgiberritzen.eus\/es\/#organization","name":"Iraurgi Berritzen","url":"https:\/\/iraurgiberritzen.eus\/es\/","logo":{"@type":"ImageObject","inLanguage":"es","@id":"https:\/\/iraurgiberritzen.eus\/es\/#\/schema\/logo\/image\/","url":"https:\/\/iraurgiberritzen.eus\/wp-content\/uploads\/2024\/02\/IRAURGI-BERRITZEN-logotipoa_2.png","contentUrl":"https:\/\/iraurgiberritzen.eus\/wp-content\/uploads\/2024\/02\/IRAURGI-BERRITZEN-logotipoa_2.png","width":496,"height":190,"caption":"Iraurgi Berritzen"},"image":{"@id":"https:\/\/iraurgiberritzen.eus\/es\/#\/schema\/logo\/image\/"}},{"@type":"Person","@id":"https:\/\/iraurgiberritzen.eus\/es\/#\/schema\/person\/a32c9825b3e2bfcbe757a97f6a15c8a5","name":"ainara"}]}},"_links":{"self":[{"href":"https:\/\/iraurgiberritzen.eus\/es\/wp-json\/wp\/v2\/posts\/23205","targetHints":{"allow":["GET"]}}],"collection":[{"href":"https:\/\/iraurgiberritzen.eus\/es\/wp-json\/wp\/v2\/posts"}],"about":[{"href":"https:\/\/iraurgiberritzen.eus\/es\/wp-json\/wp\/v2\/types\/post"}],"author":[{"embeddable":true,"href":"https:\/\/iraurgiberritzen.eus\/es\/wp-json\/wp\/v2\/users\/4"}],"replies":[{"embeddable":true,"href":"https:\/\/iraurgiberritzen.eus\/es\/wp-json\/wp\/v2\/comments?post=23205"}],"version-history":[{"count":4,"href":"https:\/\/iraurgiberritzen.eus\/es\/wp-json\/wp\/v2\/posts\/23205\/revisions"}],"predecessor-version":[{"id":23210,"href":"https:\/\/iraurgiberritzen.eus\/es\/wp-json\/wp\/v2\/posts\/23205\/revisions\/23210"}],"wp:featuredmedia":[{"embeddable":true,"href":"https:\/\/iraurgiberritzen.eus\/es\/wp-json\/wp\/v2\/media\/23202"}],"wp:attachment":[{"href":"https:\/\/iraurgiberritzen.eus\/es\/wp-json\/wp\/v2\/media?parent=23205"}],"wp:term":[{"taxonomy":"category","embeddable":true,"href":"https:\/\/iraurgiberritzen.eus\/es\/wp-json\/wp\/v2\/categories?post=23205"},{"taxonomy":"post_tag","embeddable":true,"href":"https:\/\/iraurgiberritzen.eus\/es\/wp-json\/wp\/v2\/tags?post=23205"}],"curies":[{"name":"wp","href":"https:\/\/api.w.org\/{rel}","templated":true}]}}