{"id":23382,"date":"2025-05-15T12:20:50","date_gmt":"2025-05-15T10:20:50","guid":{"rendered":"https:\/\/iraurgiberritzen.eus\/?p=23382"},"modified":"2025-05-15T12:20:50","modified_gmt":"2025-05-15T10:20:50","slug":"publicadas-las-ayudas-para-la-modernizacion-de-establecimientos-comerciales-en-euskadi-2025","status":"publish","type":"post","link":"https:\/\/iraurgiberritzen.eus\/es\/publicadas-las-ayudas-para-la-modernizacion-de-establecimientos-comerciales-en-euskadi-2025\/","title":{"rendered":"Publicadas las ayudas para la modernizaci\u00f3n de establecimientos comerciales en Euskadi 2025"},"content":{"rendered":"<h5><b><span data-contrast=\"auto\">El Gobierno Vasco impulsa la innovaci\u00f3n, sostenibilidad y digitalizaci\u00f3n del peque\u00f1o comercio con un presupuesto de m\u00e1s de 4,6 millones de euros.<\/span><\/b><span data-ccp-props=\"{&quot;134233117&quot;:false,&quot;134233118&quot;:false,&quot;335551550&quot;:6,&quot;335551620&quot;:6,&quot;335559738&quot;:240,&quot;335559739&quot;:240}\">\u00a0<\/span><\/h5>\n<p><span data-contrast=\"auto\">El objetivo principal de este programa es reforzar la competitividad del comercio local a trav\u00e9s de la <\/span><b><span data-contrast=\"auto\">transformaci\u00f3n digital, la sostenibilidad, la eficiencia energ\u00e9tica y la mejora en la gesti\u00f3n y equipamiento de los puntos de venta f\u00edsicos<\/span><\/b><span data-contrast=\"auto\">. Se prioriza as\u00ed el comercio de proximidad en barrios, pueblos y ciudades, como eje clave del desarrollo econ\u00f3mico local.<\/span><span data-ccp-props=\"{&quot;134233117&quot;:false,&quot;134233118&quot;:false,&quot;335551550&quot;:6,&quot;335551620&quot;:6,&quot;335559738&quot;:240,&quot;335559739&quot;:240}\">\u00a0<\/span><\/p>\n<p aria-level=\"3\"><b><span data-contrast=\"none\">\u00bfQui\u00e9n puede beneficiarse?<\/span><\/b><span data-ccp-props=\"{&quot;134233117&quot;:false,&quot;134233118&quot;:false,&quot;134245418&quot;:true,&quot;134245529&quot;:true,&quot;335551550&quot;:6,&quot;335551620&quot;:6,&quot;335559738&quot;:281,&quot;335559739&quot;:281}\">\u00a0<\/span><\/p>\n<p><span data-contrast=\"auto\">Podr\u00e1n acceder a estas ayudas:<\/span><span data-ccp-props=\"{&quot;134233117&quot;:false,&quot;134233118&quot;:false,&quot;335551550&quot;:6,&quot;335551620&quot;:6,&quot;335559738&quot;:240,&quot;335559739&quot;:240}\">\u00a0<\/span><\/p>\n<ul>\n<li data-leveltext=\"\uf0b7\" data-font=\"Symbol\" data-listid=\"1\" data-list-defn-props=\"{&quot;335552541&quot;:1,&quot;335559685&quot;:720,&quot;335559991&quot;:360,&quot;469769226&quot;:&quot;Symbol&quot;,&quot;469769242&quot;:[8226],&quot;469777803&quot;:&quot;left&quot;,&quot;469777804&quot;:&quot;\uf0b7&quot;,&quot;469777815&quot;:&quot;hybridMultilevel&quot;}\" aria-setsize=\"-1\" data-aria-posinset=\"1\" data-aria-level=\"1\"><span data-contrast=\"auto\">Aut\u00f3nomos y micro o peque\u00f1as empresas.<\/span><span data-ccp-props=\"{&quot;134233117&quot;:false,&quot;134233118&quot;:false,&quot;335551550&quot;:6,&quot;335551620&quot;:6,&quot;335559738&quot;:240,&quot;335559739&quot;:240}\">\u00a0<\/span><\/li>\n<\/ul>\n<ul>\n<li data-leveltext=\"\uf0b7\" data-font=\"Symbol\" data-listid=\"1\" data-list-defn-props=\"{&quot;335552541&quot;:1,&quot;335559685&quot;:720,&quot;335559991&quot;:360,&quot;469769226&quot;:&quot;Symbol&quot;,&quot;469769242&quot;:[8226],&quot;469777803&quot;:&quot;left&quot;,&quot;469777804&quot;:&quot;\uf0b7&quot;,&quot;469777815&quot;:&quot;hybridMultilevel&quot;}\" aria-setsize=\"-1\" data-aria-posinset=\"2\" data-aria-level=\"1\"><span data-contrast=\"auto\">Comunidades de bienes y sociedades civiles.<\/span><span data-ccp-props=\"{&quot;134233117&quot;:false,&quot;134233118&quot;:false,&quot;335551550&quot;:6,&quot;335551620&quot;:6,&quot;335559738&quot;:240,&quot;335559739&quot;:240}\">\u00a0<\/span><\/li>\n<\/ul>\n<ul>\n<li data-leveltext=\"\uf0b7\" data-font=\"Symbol\" data-listid=\"1\" data-list-defn-props=\"{&quot;335552541&quot;:1,&quot;335559685&quot;:720,&quot;335559991&quot;:360,&quot;469769226&quot;:&quot;Symbol&quot;,&quot;469769242&quot;:[8226],&quot;469777803&quot;:&quot;left&quot;,&quot;469777804&quot;:&quot;\uf0b7&quot;,&quot;469777815&quot;:&quot;hybridMultilevel&quot;}\" aria-setsize=\"-1\" data-aria-posinset=\"3\" data-aria-level=\"1\"><span data-contrast=\"auto\">Actividades desarrolladas en locales f\u00edsicos, a pie de calle, abiertos al p\u00fablico y ubicados en la Comunidad Aut\u00f3noma del Pa\u00eds Vasco.<\/span><span data-ccp-props=\"{&quot;134233117&quot;:false,&quot;134233118&quot;:false,&quot;335551550&quot;:6,&quot;335551620&quot;:6,&quot;335559738&quot;:240,&quot;335559739&quot;:240}\">\u00a0<\/span><\/li>\n<\/ul>\n<p><span data-contrast=\"auto\">Los establecimientos deben estar inscritos en alguno de los ep\u00edgrafes del Impuesto de Actividades Econ\u00f3micas detallados en la convocatoria, que abarcan desde comercios minoristas hasta servicios como lavander\u00edas, peluquer\u00edas o copister\u00edas.<\/span><span data-ccp-props=\"{&quot;134233117&quot;:false,&quot;134233118&quot;:false,&quot;335551550&quot;:6,&quot;335551620&quot;:6,&quot;335559738&quot;:240,&quot;335559739&quot;:240}\">\u00a0<\/span><\/p>\n<p aria-level=\"3\"><b><span data-contrast=\"none\">Inversiones subvencionables<\/span><\/b><span data-ccp-props=\"{&quot;134233117&quot;:false,&quot;134233118&quot;:false,&quot;134245418&quot;:true,&quot;134245529&quot;:true,&quot;335551550&quot;:6,&quot;335551620&quot;:6,&quot;335559738&quot;:281,&quot;335559739&quot;:281}\">\u00a0<\/span><\/p>\n<p><span data-contrast=\"auto\">Las inversiones subvencionables incluyen:<\/span><span data-ccp-props=\"{&quot;134233117&quot;:false,&quot;134233118&quot;:false,&quot;335559738&quot;:240,&quot;335559739&quot;:240}\">\u00a0<\/span><\/p>\n<ul>\n<li data-leveltext=\"\uf0b7\" data-font=\"Symbol\" data-listid=\"3\" data-list-defn-props=\"{&quot;335552541&quot;:1,&quot;335559685&quot;:720,&quot;335559991&quot;:360,&quot;469769226&quot;:&quot;Symbol&quot;,&quot;469769242&quot;:[8226],&quot;469777803&quot;:&quot;left&quot;,&quot;469777804&quot;:&quot;\uf0b7&quot;,&quot;469777815&quot;:&quot;hybridMultilevel&quot;}\" aria-setsize=\"-1\" data-aria-posinset=\"1\" data-aria-level=\"1\"><span data-contrast=\"auto\">Reformas del local y mejoras en accesibilidad.<\/span><span data-ccp-props=\"{&quot;134233117&quot;:false,&quot;134233118&quot;:false,&quot;335559738&quot;:240,&quot;335559739&quot;:240}\">\u00a0<\/span><\/li>\n<\/ul>\n<ul>\n<li data-leveltext=\"\uf0b7\" data-font=\"Symbol\" data-listid=\"3\" data-list-defn-props=\"{&quot;335552541&quot;:1,&quot;335559685&quot;:720,&quot;335559991&quot;:360,&quot;469769226&quot;:&quot;Symbol&quot;,&quot;469769242&quot;:[8226],&quot;469777803&quot;:&quot;left&quot;,&quot;469777804&quot;:&quot;\uf0b7&quot;,&quot;469777815&quot;:&quot;hybridMultilevel&quot;}\" aria-setsize=\"-1\" data-aria-posinset=\"2\" data-aria-level=\"1\"><span data-contrast=\"auto\">Adquisici\u00f3n de mobiliario, climatizaci\u00f3n, sistemas de seguridad o r\u00f3tulos exteriores.<\/span><span data-ccp-props=\"{&quot;134233117&quot;:false,&quot;134233118&quot;:false,&quot;335559738&quot;:240,&quot;335559739&quot;:240}\">\u00a0<\/span><\/li>\n<\/ul>\n<ul>\n<li data-leveltext=\"\uf0b7\" data-font=\"Symbol\" data-listid=\"3\" data-list-defn-props=\"{&quot;335552541&quot;:1,&quot;335559685&quot;:720,&quot;335559991&quot;:360,&quot;469769226&quot;:&quot;Symbol&quot;,&quot;469769242&quot;:[8226],&quot;469777803&quot;:&quot;left&quot;,&quot;469777804&quot;:&quot;\uf0b7&quot;,&quot;469777815&quot;:&quot;hybridMultilevel&quot;}\" aria-setsize=\"-1\" data-aria-posinset=\"3\" data-aria-level=\"1\"><span data-contrast=\"auto\">Incorporaci\u00f3n de tecnolog\u00edas como software de gesti\u00f3n, TPVs o desarrollo de comercio online.<\/span><span data-ccp-props=\"{&quot;134233117&quot;:false,&quot;134233118&quot;:false,&quot;335559738&quot;:240,&quot;335559739&quot;:240}\">\u00a0<\/span><\/li>\n<\/ul>\n<p><span data-contrast=\"auto\">La intensidad de la ayuda sera de hasta el <\/span><b><span data-contrast=\"auto\">40\u202f% de la inversi\u00f3n<\/span><\/b><span data-contrast=\"auto\">, con un m\u00e1ximo de <\/span><b><span data-contrast=\"auto\">10.000 euros por establecimiento.<\/span><\/b><span data-ccp-props=\"{&quot;134233117&quot;:false,&quot;134233118&quot;:false,&quot;335559685&quot;:0,&quot;335559738&quot;:240,&quot;335559739&quot;:240}\">\u00a0<\/span><\/p>\n<p aria-level=\"3\"><b><span data-contrast=\"none\">Plazos y procedimiento<\/span><\/b><span data-ccp-props=\"{&quot;134233117&quot;:false,&quot;134233118&quot;:false,&quot;134245418&quot;:true,&quot;134245529&quot;:true,&quot;335559738&quot;:281,&quot;335559739&quot;:281}\">\u00a0<\/span><\/p>\n<p><span data-contrast=\"auto\">El plazo de solicitud est\u00e1 abierto desde el <\/span><b><span data-contrast=\"auto\">8 de mayo hasta el 30 de septiembre de 2025<\/span><\/b><span data-contrast=\"auto\"> o hasta agotar los fondos disponibles. La solicitud debe realizarse a trav\u00e9s de la sede electr\u00f3nica del Gobierno Vasco.<\/span><span data-ccp-props=\"{&quot;134233117&quot;:false,&quot;134233118&quot;:false,&quot;335559738&quot;:240,&quot;335559739&quot;:240}\">\u00a0<\/span><\/p>\n<p aria-level=\"3\"><b><span data-contrast=\"none\">\u00bfNecesitas m\u00e1s informaci\u00f3n?<\/span><\/b><span data-ccp-props=\"{&quot;134233117&quot;:false,&quot;134233118&quot;:false,&quot;134245418&quot;:true,&quot;134245529&quot;:true,&quot;335559738&quot;:281,&quot;335559739&quot;:281}\">\u00a0<\/span><\/p>\n<p><span data-contrast=\"auto\">Las personas interesadas que pertenezcan a las asociaciones de comerciantes Herrixen y Bertan, pueden ampliar informaci\u00f3n poniendose en contacto con los t\u00e9cnicos de referencia (Herrixen-Sara Rodriguez 608313024 \/ Bertan-Xabier Aldalur 688823944) y aquellos establecimiento no asociados pueden dirigirse a Iraurgi Berritzen preguntando por Alazne Larra\u00f1aga: 688718777.<\/span><span data-ccp-props=\"{&quot;134233117&quot;:false,&quot;134233118&quot;:false,&quot;335559685&quot;:0,&quot;335559738&quot;:240,&quot;335559739&quot;:240}\">\u00a0<\/span><\/p>\n","protected":false},"excerpt":{"rendered":"<p>El Gobierno Vasco impulsa la innovaci\u00f3n, sostenibilidad y digitalizaci\u00f3n del peque\u00f1o comercio con un presupuesto de m\u00e1s de 4,6 millones de euros.\u00a0 El objetivo principal de este programa es reforzar la competitividad del comercio local a trav\u00e9s de la transformaci\u00f3n digital, la sostenibilidad, la eficiencia energ\u00e9tica y la mejora en la gesti\u00f3n y equipamiento de [&hellip;]<\/p>\n","protected":false},"author":4,"featured_media":23380,"comment_status":"closed","ping_status":"closed","sticky":false,"template":"","format":"standard","meta":{"_acf_changed":false,"footnotes":""},"categories":[4],"tags":[],"class_list":["post-23382","post","type-post","status-publish","format-standard","has-post-thumbnail","hentry","category-noticias","arloak-comercio"],"acf":[],"yoast_head":"<!-- This site is optimized with the Yoast SEO plugin v27.4 - https:\/\/yoast.com\/product\/yoast-seo-wordpress\/ -->\n<title>Publicadas las ayudas para la modernizaci\u00f3n de establecimientos comerciales en Euskadi 2025 - Iraurgi Berritzen<\/title>\n<meta name=\"robots\" content=\"index, follow, max-snippet:-1, max-image-preview:large, max-video-preview:-1\" \/>\n<link rel=\"canonical\" href=\"https:\/\/iraurgiberritzen.eus\/es\/publicadas-las-ayudas-para-la-modernizacion-de-establecimientos-comerciales-en-euskadi-2025\/\" \/>\n<meta property=\"og:locale\" content=\"es_ES\" \/>\n<meta property=\"og:type\" content=\"article\" \/>\n<meta property=\"og:title\" content=\"Publicadas las ayudas para la modernizaci\u00f3n de establecimientos comerciales en Euskadi 2025 - Iraurgi Berritzen\" \/>\n<meta property=\"og:description\" content=\"El Gobierno Vasco impulsa la innovaci\u00f3n, sostenibilidad y digitalizaci\u00f3n del peque\u00f1o comercio con un presupuesto de m\u00e1s de 4,6 millones de euros.\u00a0 El objetivo principal de este programa es reforzar la competitividad del comercio local a trav\u00e9s de la transformaci\u00f3n digital, la sostenibilidad, la eficiencia energ\u00e9tica y la mejora en la gesti\u00f3n y equipamiento de [&hellip;]\" \/>\n<meta property=\"og:url\" content=\"https:\/\/iraurgiberritzen.eus\/es\/publicadas-las-ayudas-para-la-modernizacion-de-establecimientos-comerciales-en-euskadi-2025\/\" \/>\n<meta property=\"og:site_name\" content=\"Iraurgi Berritzen\" \/>\n<meta property=\"article:published_time\" content=\"2025-05-15T10:20:50+00:00\" \/>\n<meta property=\"og:image\" content=\"https:\/\/iraurgiberritzen.eus\/wp-content\/uploads\/2025\/05\/MEC-2025.png\" \/>\n\t<meta property=\"og:image:width\" content=\"800\" \/>\n\t<meta property=\"og:image:height\" content=\"550\" \/>\n\t<meta property=\"og:image:type\" content=\"image\/png\" \/>\n<meta name=\"author\" content=\"ainara\" \/>\n<meta name=\"twitter:card\" content=\"summary_large_image\" \/>\n<meta name=\"twitter:label1\" content=\"Escrito por\" \/>\n\t<meta name=\"twitter:data1\" content=\"ainara\" \/>\n\t<meta name=\"twitter:label2\" content=\"Tiempo de lectura\" \/>\n\t<meta name=\"twitter:data2\" content=\"2 minutos\" \/>\n<script type=\"application\/ld+json\" class=\"yoast-schema-graph\">{\"@context\":\"https:\\\/\\\/schema.org\",\"@graph\":[{\"@type\":\"Article\",\"@id\":\"https:\\\/\\\/iraurgiberritzen.eus\\\/es\\\/publicadas-las-ayudas-para-la-modernizacion-de-establecimientos-comerciales-en-euskadi-2025\\\/#article\",\"isPartOf\":{\"@id\":\"https:\\\/\\\/iraurgiberritzen.eus\\\/es\\\/publicadas-las-ayudas-para-la-modernizacion-de-establecimientos-comerciales-en-euskadi-2025\\\/\"},\"author\":{\"name\":\"ainara\",\"@id\":\"https:\\\/\\\/iraurgiberritzen.eus\\\/es\\\/#\\\/schema\\\/person\\\/a32c9825b3e2bfcbe757a97f6a15c8a5\"},\"headline\":\"Publicadas las ayudas para la modernizaci\u00f3n de establecimientos comerciales en Euskadi 2025\",\"datePublished\":\"2025-05-15T10:20:50+00:00\",\"mainEntityOfPage\":{\"@id\":\"https:\\\/\\\/iraurgiberritzen.eus\\\/es\\\/publicadas-las-ayudas-para-la-modernizacion-de-establecimientos-comerciales-en-euskadi-2025\\\/\"},\"wordCount\":337,\"publisher\":{\"@id\":\"https:\\\/\\\/iraurgiberritzen.eus\\\/es\\\/#organization\"},\"image\":{\"@id\":\"https:\\\/\\\/iraurgiberritzen.eus\\\/es\\\/publicadas-las-ayudas-para-la-modernizacion-de-establecimientos-comerciales-en-euskadi-2025\\\/#primaryimage\"},\"thumbnailUrl\":\"https:\\\/\\\/iraurgiberritzen.eus\\\/wp-content\\\/uploads\\\/2025\\\/05\\\/MEC-2025.png\",\"articleSection\":[\"Noticias\"],\"inLanguage\":\"es\"},{\"@type\":\"WebPage\",\"@id\":\"https:\\\/\\\/iraurgiberritzen.eus\\\/es\\\/publicadas-las-ayudas-para-la-modernizacion-de-establecimientos-comerciales-en-euskadi-2025\\\/\",\"url\":\"https:\\\/\\\/iraurgiberritzen.eus\\\/es\\\/publicadas-las-ayudas-para-la-modernizacion-de-establecimientos-comerciales-en-euskadi-2025\\\/\",\"name\":\"Publicadas las ayudas para la modernizaci\u00f3n de establecimientos comerciales en Euskadi 2025 - Iraurgi Berritzen\",\"isPartOf\":{\"@id\":\"https:\\\/\\\/iraurgiberritzen.eus\\\/es\\\/#website\"},\"primaryImageOfPage\":{\"@id\":\"https:\\\/\\\/iraurgiberritzen.eus\\\/es\\\/publicadas-las-ayudas-para-la-modernizacion-de-establecimientos-comerciales-en-euskadi-2025\\\/#primaryimage\"},\"image\":{\"@id\":\"https:\\\/\\\/iraurgiberritzen.eus\\\/es\\\/publicadas-las-ayudas-para-la-modernizacion-de-establecimientos-comerciales-en-euskadi-2025\\\/#primaryimage\"},\"thumbnailUrl\":\"https:\\\/\\\/iraurgiberritzen.eus\\\/wp-content\\\/uploads\\\/2025\\\/05\\\/MEC-2025.png\",\"datePublished\":\"2025-05-15T10:20:50+00:00\",\"breadcrumb\":{\"@id\":\"https:\\\/\\\/iraurgiberritzen.eus\\\/es\\\/publicadas-las-ayudas-para-la-modernizacion-de-establecimientos-comerciales-en-euskadi-2025\\\/#breadcrumb\"},\"inLanguage\":\"es\",\"potentialAction\":[{\"@type\":\"ReadAction\",\"target\":[\"https:\\\/\\\/iraurgiberritzen.eus\\\/es\\\/publicadas-las-ayudas-para-la-modernizacion-de-establecimientos-comerciales-en-euskadi-2025\\\/\"]}]},{\"@type\":\"ImageObject\",\"inLanguage\":\"es\",\"@id\":\"https:\\\/\\\/iraurgiberritzen.eus\\\/es\\\/publicadas-las-ayudas-para-la-modernizacion-de-establecimientos-comerciales-en-euskadi-2025\\\/#primaryimage\",\"url\":\"https:\\\/\\\/iraurgiberritzen.eus\\\/wp-content\\\/uploads\\\/2025\\\/05\\\/MEC-2025.png\",\"contentUrl\":\"https:\\\/\\\/iraurgiberritzen.eus\\\/wp-content\\\/uploads\\\/2025\\\/05\\\/MEC-2025.png\",\"width\":800,\"height\":550},{\"@type\":\"BreadcrumbList\",\"@id\":\"https:\\\/\\\/iraurgiberritzen.eus\\\/es\\\/publicadas-las-ayudas-para-la-modernizacion-de-establecimientos-comerciales-en-euskadi-2025\\\/#breadcrumb\",\"itemListElement\":[{\"@type\":\"ListItem\",\"position\":1,\"name\":\"Home\",\"item\":\"https:\\\/\\\/iraurgiberritzen.eus\\\/es\\\/\"},{\"@type\":\"ListItem\",\"position\":2,\"name\":\"Publicadas las ayudas para la modernizaci\u00f3n de establecimientos comerciales en Euskadi 2025\"}]},{\"@type\":\"WebSite\",\"@id\":\"https:\\\/\\\/iraurgiberritzen.eus\\\/es\\\/#website\",\"url\":\"https:\\\/\\\/iraurgiberritzen.eus\\\/es\\\/\",\"name\":\"Iraurgi Berritzen\",\"description\":\"Urola Erdiko Garapen Agentzia\",\"publisher\":{\"@id\":\"https:\\\/\\\/iraurgiberritzen.eus\\\/es\\\/#organization\"},\"potentialAction\":[{\"@type\":\"SearchAction\",\"target\":{\"@type\":\"EntryPoint\",\"urlTemplate\":\"https:\\\/\\\/iraurgiberritzen.eus\\\/es\\\/?s={search_term_string}\"},\"query-input\":{\"@type\":\"PropertyValueSpecification\",\"valueRequired\":true,\"valueName\":\"search_term_string\"}}],\"inLanguage\":\"es\"},{\"@type\":\"Organization\",\"@id\":\"https:\\\/\\\/iraurgiberritzen.eus\\\/es\\\/#organization\",\"name\":\"Iraurgi Berritzen\",\"url\":\"https:\\\/\\\/iraurgiberritzen.eus\\\/es\\\/\",\"logo\":{\"@type\":\"ImageObject\",\"inLanguage\":\"es\",\"@id\":\"https:\\\/\\\/iraurgiberritzen.eus\\\/es\\\/#\\\/schema\\\/logo\\\/image\\\/\",\"url\":\"https:\\\/\\\/iraurgiberritzen.eus\\\/wp-content\\\/uploads\\\/2024\\\/02\\\/IRAURGI-BERRITZEN-logotipoa_2.png\",\"contentUrl\":\"https:\\\/\\\/iraurgiberritzen.eus\\\/wp-content\\\/uploads\\\/2024\\\/02\\\/IRAURGI-BERRITZEN-logotipoa_2.png\",\"width\":496,\"height\":190,\"caption\":\"Iraurgi Berritzen\"},\"image\":{\"@id\":\"https:\\\/\\\/iraurgiberritzen.eus\\\/es\\\/#\\\/schema\\\/logo\\\/image\\\/\"}},{\"@type\":\"Person\",\"@id\":\"https:\\\/\\\/iraurgiberritzen.eus\\\/es\\\/#\\\/schema\\\/person\\\/a32c9825b3e2bfcbe757a97f6a15c8a5\",\"name\":\"ainara\"}]}<\/script>\n<!-- \/ Yoast SEO plugin. -->","yoast_head_json":{"title":"Publicadas las ayudas para la modernizaci\u00f3n de establecimientos comerciales en Euskadi 2025 - Iraurgi Berritzen","robots":{"index":"index","follow":"follow","max-snippet":"max-snippet:-1","max-image-preview":"max-image-preview:large","max-video-preview":"max-video-preview:-1"},"canonical":"https:\/\/iraurgiberritzen.eus\/es\/publicadas-las-ayudas-para-la-modernizacion-de-establecimientos-comerciales-en-euskadi-2025\/","og_locale":"es_ES","og_type":"article","og_title":"Publicadas las ayudas para la modernizaci\u00f3n de establecimientos comerciales en Euskadi 2025 - Iraurgi Berritzen","og_description":"El Gobierno Vasco impulsa la innovaci\u00f3n, sostenibilidad y digitalizaci\u00f3n del peque\u00f1o comercio con un presupuesto de m\u00e1s de 4,6 millones de euros.\u00a0 El objetivo principal de este programa es reforzar la competitividad del comercio local a trav\u00e9s de la transformaci\u00f3n digital, la sostenibilidad, la eficiencia energ\u00e9tica y la mejora en la gesti\u00f3n y equipamiento de [&hellip;]","og_url":"https:\/\/iraurgiberritzen.eus\/es\/publicadas-las-ayudas-para-la-modernizacion-de-establecimientos-comerciales-en-euskadi-2025\/","og_site_name":"Iraurgi Berritzen","article_published_time":"2025-05-15T10:20:50+00:00","og_image":[{"width":800,"height":550,"url":"https:\/\/iraurgiberritzen.eus\/wp-content\/uploads\/2025\/05\/MEC-2025.png","type":"image\/png"}],"author":"ainara","twitter_card":"summary_large_image","twitter_misc":{"Escrito por":"ainara","Tiempo de lectura":"2 minutos"},"schema":{"@context":"https:\/\/schema.org","@graph":[{"@type":"Article","@id":"https:\/\/iraurgiberritzen.eus\/es\/publicadas-las-ayudas-para-la-modernizacion-de-establecimientos-comerciales-en-euskadi-2025\/#article","isPartOf":{"@id":"https:\/\/iraurgiberritzen.eus\/es\/publicadas-las-ayudas-para-la-modernizacion-de-establecimientos-comerciales-en-euskadi-2025\/"},"author":{"name":"ainara","@id":"https:\/\/iraurgiberritzen.eus\/es\/#\/schema\/person\/a32c9825b3e2bfcbe757a97f6a15c8a5"},"headline":"Publicadas las ayudas para la modernizaci\u00f3n de establecimientos comerciales en Euskadi 2025","datePublished":"2025-05-15T10:20:50+00:00","mainEntityOfPage":{"@id":"https:\/\/iraurgiberritzen.eus\/es\/publicadas-las-ayudas-para-la-modernizacion-de-establecimientos-comerciales-en-euskadi-2025\/"},"wordCount":337,"publisher":{"@id":"https:\/\/iraurgiberritzen.eus\/es\/#organization"},"image":{"@id":"https:\/\/iraurgiberritzen.eus\/es\/publicadas-las-ayudas-para-la-modernizacion-de-establecimientos-comerciales-en-euskadi-2025\/#primaryimage"},"thumbnailUrl":"https:\/\/iraurgiberritzen.eus\/wp-content\/uploads\/2025\/05\/MEC-2025.png","articleSection":["Noticias"],"inLanguage":"es"},{"@type":"WebPage","@id":"https:\/\/iraurgiberritzen.eus\/es\/publicadas-las-ayudas-para-la-modernizacion-de-establecimientos-comerciales-en-euskadi-2025\/","url":"https:\/\/iraurgiberritzen.eus\/es\/publicadas-las-ayudas-para-la-modernizacion-de-establecimientos-comerciales-en-euskadi-2025\/","name":"Publicadas las ayudas para la modernizaci\u00f3n de establecimientos comerciales en Euskadi 2025 - Iraurgi Berritzen","isPartOf":{"@id":"https:\/\/iraurgiberritzen.eus\/es\/#website"},"primaryImageOfPage":{"@id":"https:\/\/iraurgiberritzen.eus\/es\/publicadas-las-ayudas-para-la-modernizacion-de-establecimientos-comerciales-en-euskadi-2025\/#primaryimage"},"image":{"@id":"https:\/\/iraurgiberritzen.eus\/es\/publicadas-las-ayudas-para-la-modernizacion-de-establecimientos-comerciales-en-euskadi-2025\/#primaryimage"},"thumbnailUrl":"https:\/\/iraurgiberritzen.eus\/wp-content\/uploads\/2025\/05\/MEC-2025.png","datePublished":"2025-05-15T10:20:50+00:00","breadcrumb":{"@id":"https:\/\/iraurgiberritzen.eus\/es\/publicadas-las-ayudas-para-la-modernizacion-de-establecimientos-comerciales-en-euskadi-2025\/#breadcrumb"},"inLanguage":"es","potentialAction":[{"@type":"ReadAction","target":["https:\/\/iraurgiberritzen.eus\/es\/publicadas-las-ayudas-para-la-modernizacion-de-establecimientos-comerciales-en-euskadi-2025\/"]}]},{"@type":"ImageObject","inLanguage":"es","@id":"https:\/\/iraurgiberritzen.eus\/es\/publicadas-las-ayudas-para-la-modernizacion-de-establecimientos-comerciales-en-euskadi-2025\/#primaryimage","url":"https:\/\/iraurgiberritzen.eus\/wp-content\/uploads\/2025\/05\/MEC-2025.png","contentUrl":"https:\/\/iraurgiberritzen.eus\/wp-content\/uploads\/2025\/05\/MEC-2025.png","width":800,"height":550},{"@type":"BreadcrumbList","@id":"https:\/\/iraurgiberritzen.eus\/es\/publicadas-las-ayudas-para-la-modernizacion-de-establecimientos-comerciales-en-euskadi-2025\/#breadcrumb","itemListElement":[{"@type":"ListItem","position":1,"name":"Home","item":"https:\/\/iraurgiberritzen.eus\/es\/"},{"@type":"ListItem","position":2,"name":"Publicadas las ayudas para la modernizaci\u00f3n de establecimientos comerciales en Euskadi 2025"}]},{"@type":"WebSite","@id":"https:\/\/iraurgiberritzen.eus\/es\/#website","url":"https:\/\/iraurgiberritzen.eus\/es\/","name":"Iraurgi Berritzen","description":"Urola Erdiko Garapen Agentzia","publisher":{"@id":"https:\/\/iraurgiberritzen.eus\/es\/#organization"},"potentialAction":[{"@type":"SearchAction","target":{"@type":"EntryPoint","urlTemplate":"https:\/\/iraurgiberritzen.eus\/es\/?s={search_term_string}"},"query-input":{"@type":"PropertyValueSpecification","valueRequired":true,"valueName":"search_term_string"}}],"inLanguage":"es"},{"@type":"Organization","@id":"https:\/\/iraurgiberritzen.eus\/es\/#organization","name":"Iraurgi Berritzen","url":"https:\/\/iraurgiberritzen.eus\/es\/","logo":{"@type":"ImageObject","inLanguage":"es","@id":"https:\/\/iraurgiberritzen.eus\/es\/#\/schema\/logo\/image\/","url":"https:\/\/iraurgiberritzen.eus\/wp-content\/uploads\/2024\/02\/IRAURGI-BERRITZEN-logotipoa_2.png","contentUrl":"https:\/\/iraurgiberritzen.eus\/wp-content\/uploads\/2024\/02\/IRAURGI-BERRITZEN-logotipoa_2.png","width":496,"height":190,"caption":"Iraurgi Berritzen"},"image":{"@id":"https:\/\/iraurgiberritzen.eus\/es\/#\/schema\/logo\/image\/"}},{"@type":"Person","@id":"https:\/\/iraurgiberritzen.eus\/es\/#\/schema\/person\/a32c9825b3e2bfcbe757a97f6a15c8a5","name":"ainara"}]}},"_links":{"self":[{"href":"https:\/\/iraurgiberritzen.eus\/es\/wp-json\/wp\/v2\/posts\/23382","targetHints":{"allow":["GET"]}}],"collection":[{"href":"https:\/\/iraurgiberritzen.eus\/es\/wp-json\/wp\/v2\/posts"}],"about":[{"href":"https:\/\/iraurgiberritzen.eus\/es\/wp-json\/wp\/v2\/types\/post"}],"author":[{"embeddable":true,"href":"https:\/\/iraurgiberritzen.eus\/es\/wp-json\/wp\/v2\/users\/4"}],"replies":[{"embeddable":true,"href":"https:\/\/iraurgiberritzen.eus\/es\/wp-json\/wp\/v2\/comments?post=23382"}],"version-history":[{"count":1,"href":"https:\/\/iraurgiberritzen.eus\/es\/wp-json\/wp\/v2\/posts\/23382\/revisions"}],"predecessor-version":[{"id":23383,"href":"https:\/\/iraurgiberritzen.eus\/es\/wp-json\/wp\/v2\/posts\/23382\/revisions\/23383"}],"wp:featuredmedia":[{"embeddable":true,"href":"https:\/\/iraurgiberritzen.eus\/es\/wp-json\/wp\/v2\/media\/23380"}],"wp:attachment":[{"href":"https:\/\/iraurgiberritzen.eus\/es\/wp-json\/wp\/v2\/media?parent=23382"}],"wp:term":[{"taxonomy":"category","embeddable":true,"href":"https:\/\/iraurgiberritzen.eus\/es\/wp-json\/wp\/v2\/categories?post=23382"},{"taxonomy":"post_tag","embeddable":true,"href":"https:\/\/iraurgiberritzen.eus\/es\/wp-json\/wp\/v2\/tags?post=23382"}],"curies":[{"name":"wp","href":"https:\/\/api.w.org\/{rel}","templated":true}]}}