{"id":23451,"date":"2025-05-23T11:55:57","date_gmt":"2025-05-23T09:55:57","guid":{"rendered":"https:\/\/iraurgiberritzen.eus\/?p=23451"},"modified":"2025-05-23T11:55:57","modified_gmt":"2025-05-23T09:55:57","slug":"el-profesorado-de-los-seminarios-de-tecnologia-y-tic-comarcales-aborda-los-retos-futuros-y-comparte-experiencias","status":"publish","type":"post","link":"https:\/\/iraurgiberritzen.eus\/es\/el-profesorado-de-los-seminarios-de-tecnologia-y-tic-comarcales-aborda-los-retos-futuros-y-comparte-experiencias\/","title":{"rendered":"El profesorado de los seminarios de tecnolog\u00eda y TIC comarcales aborda los retos futuros y comparte experiencias"},"content":{"rendered":"<p><span data-contrast=\"auto\">El mi\u00e9rcoles 21 de mayo, el profesorado de tecnolog\u00eda y tTIC\u2019s de la comarca han debatido sobre los futuros retos y han compartido experiencias en el centro Azkoitia BHI.<\/span><span data-ccp-props=\"{}\">\u00a0<\/span><\/p>\n<p><span data-contrast=\"auto\">El profesor <a href=\"https:\/\/berezuma.com\/\">Be\u00f1at Erezuma<\/a>, profesor de tecnolog\u00eda en el instituto Miguel de Unamuno de Bilbao y divulgador en el \u00e1mbito de la tecnolog\u00eda y la inteligencia artificial, condujo la sesi\u00f3n de trabajo y comparti\u00f3 con el profesorado asistente su visi\u00f3n en el \u00e1mbito STEAM \u2013 Science, Technology, Engineering, Arts, Matem\u00e1ticas-. En la sesi\u00f3n de trabajo se trabajaron temas como la organizaci\u00f3n de seminarios de tecnolog\u00eda, el pensamiento computacional o la inteligencia artificial.<\/span><span data-ccp-props=\"{}\">\u00a0<\/span><\/p>\n<p><span data-contrast=\"auto\">La iniciativa se enmarca en el proyecto \u201cZIMAT en el Urola Erdia\u201d. Este proyecto tiene como objetivo fomentar las vocaciones cient\u00edfico-tecnol\u00f3gicas en el alumnado de la comarca e introducir metodolog\u00edas innovadoras en los centros educativos.<\/span><span data-ccp-props=\"{}\">\u00a0<\/span><\/p>\n<p><span data-contrast=\"auto\">En el marco de este proyecto, el pr\u00f3ximo mi\u00e9rcoles 11 de Junio se celebrar\u00e1 en el atrio de la iglesia de Azkoitia la Feria de Ciencia y Tecnolog\u00eda del Urola Medio. All\u00ed, los centros escolares de la comarca tendr\u00e1n la oportunidad de presentar y compartir los diferentes proyectos que han trabajado a lo largo del curso.<\/span><span data-ccp-props=\"{}\">\u00a0<\/span><\/p>\n","protected":false},"excerpt":{"rendered":"<p>El mi\u00e9rcoles 21 de mayo, el profesorado de tecnolog\u00eda y tTIC\u2019s de la comarca han debatido sobre los futuros retos y han compartido experiencias en el centro Azkoitia BHI.\u00a0 El profesor Be\u00f1at Erezuma, profesor de tecnolog\u00eda en el instituto Miguel de Unamuno de Bilbao y divulgador en el \u00e1mbito de la tecnolog\u00eda y la inteligencia [&hellip;]<\/p>\n","protected":false},"author":4,"featured_media":23449,"comment_status":"closed","ping_status":"closed","sticky":false,"template":"","format":"standard","meta":{"_acf_changed":false,"footnotes":""},"categories":[4],"tags":[],"class_list":["post-23451","post","type-post","status-publish","format-standard","has-post-thumbnail","hentry","category-noticias","arloak-educacion","arloak-zimat-es"],"acf":[],"yoast_head":"<!-- This site is optimized with the Yoast SEO plugin v27.4 - https:\/\/yoast.com\/product\/yoast-seo-wordpress\/ -->\n<title>El profesorado de los seminarios de tecnolog\u00eda y TIC comarcales aborda los retos futuros y comparte experiencias - Iraurgi Berritzen<\/title>\n<meta name=\"robots\" content=\"index, follow, max-snippet:-1, max-image-preview:large, max-video-preview:-1\" \/>\n<link rel=\"canonical\" href=\"https:\/\/iraurgiberritzen.eus\/es\/el-profesorado-de-los-seminarios-de-tecnologia-y-tic-comarcales-aborda-los-retos-futuros-y-comparte-experiencias\/\" \/>\n<meta property=\"og:locale\" content=\"es_ES\" \/>\n<meta property=\"og:type\" content=\"article\" \/>\n<meta property=\"og:title\" content=\"El profesorado de los seminarios de tecnolog\u00eda y TIC comarcales aborda los retos futuros y comparte experiencias - Iraurgi Berritzen\" \/>\n<meta property=\"og:description\" content=\"El mi\u00e9rcoles 21 de mayo, el profesorado de tecnolog\u00eda y tTIC\u2019s de la comarca han debatido sobre los futuros retos y han compartido experiencias en el centro Azkoitia BHI.\u00a0 El profesor Be\u00f1at Erezuma, profesor de tecnolog\u00eda en el instituto Miguel de Unamuno de Bilbao y divulgador en el \u00e1mbito de la tecnolog\u00eda y la inteligencia [&hellip;]\" \/>\n<meta property=\"og:url\" content=\"https:\/\/iraurgiberritzen.eus\/es\/el-profesorado-de-los-seminarios-de-tecnologia-y-tic-comarcales-aborda-los-retos-futuros-y-comparte-experiencias\/\" \/>\n<meta property=\"og:site_name\" content=\"Iraurgi Berritzen\" \/>\n<meta property=\"article:published_time\" content=\"2025-05-23T09:55:57+00:00\" \/>\n<meta property=\"og:image\" content=\"https:\/\/iraurgiberritzen.eus\/wp-content\/uploads\/2025\/05\/IMG_1145-scaled.jpeg\" \/>\n\t<meta property=\"og:image:width\" content=\"2560\" \/>\n\t<meta property=\"og:image:height\" content=\"1920\" \/>\n\t<meta property=\"og:image:type\" content=\"image\/jpeg\" \/>\n<meta name=\"author\" content=\"ainara\" \/>\n<meta name=\"twitter:card\" content=\"summary_large_image\" \/>\n<meta name=\"twitter:label1\" content=\"Escrito por\" \/>\n\t<meta name=\"twitter:data1\" content=\"ainara\" \/>\n\t<meta name=\"twitter:label2\" content=\"Tiempo de lectura\" \/>\n\t<meta name=\"twitter:data2\" content=\"2 minutos\" \/>\n<script type=\"application\/ld+json\" class=\"yoast-schema-graph\">{\"@context\":\"https:\\\/\\\/schema.org\",\"@graph\":[{\"@type\":\"Article\",\"@id\":\"https:\\\/\\\/iraurgiberritzen.eus\\\/es\\\/el-profesorado-de-los-seminarios-de-tecnologia-y-tic-comarcales-aborda-los-retos-futuros-y-comparte-experiencias\\\/#article\",\"isPartOf\":{\"@id\":\"https:\\\/\\\/iraurgiberritzen.eus\\\/es\\\/el-profesorado-de-los-seminarios-de-tecnologia-y-tic-comarcales-aborda-los-retos-futuros-y-comparte-experiencias\\\/\"},\"author\":{\"name\":\"ainara\",\"@id\":\"https:\\\/\\\/iraurgiberritzen.eus\\\/es\\\/#\\\/schema\\\/person\\\/a32c9825b3e2bfcbe757a97f6a15c8a5\"},\"headline\":\"El profesorado de los seminarios de tecnolog\u00eda y TIC comarcales aborda los retos futuros y comparte experiencias\",\"datePublished\":\"2025-05-23T09:55:57+00:00\",\"mainEntityOfPage\":{\"@id\":\"https:\\\/\\\/iraurgiberritzen.eus\\\/es\\\/el-profesorado-de-los-seminarios-de-tecnologia-y-tic-comarcales-aborda-los-retos-futuros-y-comparte-experiencias\\\/\"},\"wordCount\":226,\"publisher\":{\"@id\":\"https:\\\/\\\/iraurgiberritzen.eus\\\/es\\\/#organization\"},\"image\":{\"@id\":\"https:\\\/\\\/iraurgiberritzen.eus\\\/es\\\/el-profesorado-de-los-seminarios-de-tecnologia-y-tic-comarcales-aborda-los-retos-futuros-y-comparte-experiencias\\\/#primaryimage\"},\"thumbnailUrl\":\"https:\\\/\\\/iraurgiberritzen.eus\\\/wp-content\\\/uploads\\\/2025\\\/05\\\/IMG_1145-scaled.jpeg\",\"articleSection\":[\"Noticias\"],\"inLanguage\":\"es\"},{\"@type\":\"WebPage\",\"@id\":\"https:\\\/\\\/iraurgiberritzen.eus\\\/es\\\/el-profesorado-de-los-seminarios-de-tecnologia-y-tic-comarcales-aborda-los-retos-futuros-y-comparte-experiencias\\\/\",\"url\":\"https:\\\/\\\/iraurgiberritzen.eus\\\/es\\\/el-profesorado-de-los-seminarios-de-tecnologia-y-tic-comarcales-aborda-los-retos-futuros-y-comparte-experiencias\\\/\",\"name\":\"El profesorado de los seminarios de tecnolog\u00eda y TIC comarcales aborda los retos futuros y comparte experiencias - Iraurgi Berritzen\",\"isPartOf\":{\"@id\":\"https:\\\/\\\/iraurgiberritzen.eus\\\/es\\\/#website\"},\"primaryImageOfPage\":{\"@id\":\"https:\\\/\\\/iraurgiberritzen.eus\\\/es\\\/el-profesorado-de-los-seminarios-de-tecnologia-y-tic-comarcales-aborda-los-retos-futuros-y-comparte-experiencias\\\/#primaryimage\"},\"image\":{\"@id\":\"https:\\\/\\\/iraurgiberritzen.eus\\\/es\\\/el-profesorado-de-los-seminarios-de-tecnologia-y-tic-comarcales-aborda-los-retos-futuros-y-comparte-experiencias\\\/#primaryimage\"},\"thumbnailUrl\":\"https:\\\/\\\/iraurgiberritzen.eus\\\/wp-content\\\/uploads\\\/2025\\\/05\\\/IMG_1145-scaled.jpeg\",\"datePublished\":\"2025-05-23T09:55:57+00:00\",\"breadcrumb\":{\"@id\":\"https:\\\/\\\/iraurgiberritzen.eus\\\/es\\\/el-profesorado-de-los-seminarios-de-tecnologia-y-tic-comarcales-aborda-los-retos-futuros-y-comparte-experiencias\\\/#breadcrumb\"},\"inLanguage\":\"es\",\"potentialAction\":[{\"@type\":\"ReadAction\",\"target\":[\"https:\\\/\\\/iraurgiberritzen.eus\\\/es\\\/el-profesorado-de-los-seminarios-de-tecnologia-y-tic-comarcales-aborda-los-retos-futuros-y-comparte-experiencias\\\/\"]}]},{\"@type\":\"ImageObject\",\"inLanguage\":\"es\",\"@id\":\"https:\\\/\\\/iraurgiberritzen.eus\\\/es\\\/el-profesorado-de-los-seminarios-de-tecnologia-y-tic-comarcales-aborda-los-retos-futuros-y-comparte-experiencias\\\/#primaryimage\",\"url\":\"https:\\\/\\\/iraurgiberritzen.eus\\\/wp-content\\\/uploads\\\/2025\\\/05\\\/IMG_1145-scaled.jpeg\",\"contentUrl\":\"https:\\\/\\\/iraurgiberritzen.eus\\\/wp-content\\\/uploads\\\/2025\\\/05\\\/IMG_1145-scaled.jpeg\",\"width\":2560,\"height\":1920},{\"@type\":\"BreadcrumbList\",\"@id\":\"https:\\\/\\\/iraurgiberritzen.eus\\\/es\\\/el-profesorado-de-los-seminarios-de-tecnologia-y-tic-comarcales-aborda-los-retos-futuros-y-comparte-experiencias\\\/#breadcrumb\",\"itemListElement\":[{\"@type\":\"ListItem\",\"position\":1,\"name\":\"Home\",\"item\":\"https:\\\/\\\/iraurgiberritzen.eus\\\/es\\\/\"},{\"@type\":\"ListItem\",\"position\":2,\"name\":\"El profesorado de los seminarios de tecnolog\u00eda y TIC comarcales aborda los retos futuros y comparte experiencias\"}]},{\"@type\":\"WebSite\",\"@id\":\"https:\\\/\\\/iraurgiberritzen.eus\\\/es\\\/#website\",\"url\":\"https:\\\/\\\/iraurgiberritzen.eus\\\/es\\\/\",\"name\":\"Iraurgi Berritzen\",\"description\":\"Urola Erdiko Garapen Agentzia\",\"publisher\":{\"@id\":\"https:\\\/\\\/iraurgiberritzen.eus\\\/es\\\/#organization\"},\"potentialAction\":[{\"@type\":\"SearchAction\",\"target\":{\"@type\":\"EntryPoint\",\"urlTemplate\":\"https:\\\/\\\/iraurgiberritzen.eus\\\/es\\\/?s={search_term_string}\"},\"query-input\":{\"@type\":\"PropertyValueSpecification\",\"valueRequired\":true,\"valueName\":\"search_term_string\"}}],\"inLanguage\":\"es\"},{\"@type\":\"Organization\",\"@id\":\"https:\\\/\\\/iraurgiberritzen.eus\\\/es\\\/#organization\",\"name\":\"Iraurgi Berritzen\",\"url\":\"https:\\\/\\\/iraurgiberritzen.eus\\\/es\\\/\",\"logo\":{\"@type\":\"ImageObject\",\"inLanguage\":\"es\",\"@id\":\"https:\\\/\\\/iraurgiberritzen.eus\\\/es\\\/#\\\/schema\\\/logo\\\/image\\\/\",\"url\":\"https:\\\/\\\/iraurgiberritzen.eus\\\/wp-content\\\/uploads\\\/2024\\\/02\\\/IRAURGI-BERRITZEN-logotipoa_2.png\",\"contentUrl\":\"https:\\\/\\\/iraurgiberritzen.eus\\\/wp-content\\\/uploads\\\/2024\\\/02\\\/IRAURGI-BERRITZEN-logotipoa_2.png\",\"width\":496,\"height\":190,\"caption\":\"Iraurgi Berritzen\"},\"image\":{\"@id\":\"https:\\\/\\\/iraurgiberritzen.eus\\\/es\\\/#\\\/schema\\\/logo\\\/image\\\/\"}},{\"@type\":\"Person\",\"@id\":\"https:\\\/\\\/iraurgiberritzen.eus\\\/es\\\/#\\\/schema\\\/person\\\/a32c9825b3e2bfcbe757a97f6a15c8a5\",\"name\":\"ainara\"}]}<\/script>\n<!-- \/ Yoast SEO plugin. -->","yoast_head_json":{"title":"El profesorado de los seminarios de tecnolog\u00eda y TIC comarcales aborda los retos futuros y comparte experiencias - Iraurgi Berritzen","robots":{"index":"index","follow":"follow","max-snippet":"max-snippet:-1","max-image-preview":"max-image-preview:large","max-video-preview":"max-video-preview:-1"},"canonical":"https:\/\/iraurgiberritzen.eus\/es\/el-profesorado-de-los-seminarios-de-tecnologia-y-tic-comarcales-aborda-los-retos-futuros-y-comparte-experiencias\/","og_locale":"es_ES","og_type":"article","og_title":"El profesorado de los seminarios de tecnolog\u00eda y TIC comarcales aborda los retos futuros y comparte experiencias - Iraurgi Berritzen","og_description":"El mi\u00e9rcoles 21 de mayo, el profesorado de tecnolog\u00eda y tTIC\u2019s de la comarca han debatido sobre los futuros retos y han compartido experiencias en el centro Azkoitia BHI.\u00a0 El profesor Be\u00f1at Erezuma, profesor de tecnolog\u00eda en el instituto Miguel de Unamuno de Bilbao y divulgador en el \u00e1mbito de la tecnolog\u00eda y la inteligencia [&hellip;]","og_url":"https:\/\/iraurgiberritzen.eus\/es\/el-profesorado-de-los-seminarios-de-tecnologia-y-tic-comarcales-aborda-los-retos-futuros-y-comparte-experiencias\/","og_site_name":"Iraurgi Berritzen","article_published_time":"2025-05-23T09:55:57+00:00","og_image":[{"width":2560,"height":1920,"url":"https:\/\/iraurgiberritzen.eus\/wp-content\/uploads\/2025\/05\/IMG_1145-scaled.jpeg","type":"image\/jpeg"}],"author":"ainara","twitter_card":"summary_large_image","twitter_misc":{"Escrito por":"ainara","Tiempo de lectura":"2 minutos"},"schema":{"@context":"https:\/\/schema.org","@graph":[{"@type":"Article","@id":"https:\/\/iraurgiberritzen.eus\/es\/el-profesorado-de-los-seminarios-de-tecnologia-y-tic-comarcales-aborda-los-retos-futuros-y-comparte-experiencias\/#article","isPartOf":{"@id":"https:\/\/iraurgiberritzen.eus\/es\/el-profesorado-de-los-seminarios-de-tecnologia-y-tic-comarcales-aborda-los-retos-futuros-y-comparte-experiencias\/"},"author":{"name":"ainara","@id":"https:\/\/iraurgiberritzen.eus\/es\/#\/schema\/person\/a32c9825b3e2bfcbe757a97f6a15c8a5"},"headline":"El profesorado de los seminarios de tecnolog\u00eda y TIC comarcales aborda los retos futuros y comparte experiencias","datePublished":"2025-05-23T09:55:57+00:00","mainEntityOfPage":{"@id":"https:\/\/iraurgiberritzen.eus\/es\/el-profesorado-de-los-seminarios-de-tecnologia-y-tic-comarcales-aborda-los-retos-futuros-y-comparte-experiencias\/"},"wordCount":226,"publisher":{"@id":"https:\/\/iraurgiberritzen.eus\/es\/#organization"},"image":{"@id":"https:\/\/iraurgiberritzen.eus\/es\/el-profesorado-de-los-seminarios-de-tecnologia-y-tic-comarcales-aborda-los-retos-futuros-y-comparte-experiencias\/#primaryimage"},"thumbnailUrl":"https:\/\/iraurgiberritzen.eus\/wp-content\/uploads\/2025\/05\/IMG_1145-scaled.jpeg","articleSection":["Noticias"],"inLanguage":"es"},{"@type":"WebPage","@id":"https:\/\/iraurgiberritzen.eus\/es\/el-profesorado-de-los-seminarios-de-tecnologia-y-tic-comarcales-aborda-los-retos-futuros-y-comparte-experiencias\/","url":"https:\/\/iraurgiberritzen.eus\/es\/el-profesorado-de-los-seminarios-de-tecnologia-y-tic-comarcales-aborda-los-retos-futuros-y-comparte-experiencias\/","name":"El profesorado de los seminarios de tecnolog\u00eda y TIC comarcales aborda los retos futuros y comparte experiencias - Iraurgi Berritzen","isPartOf":{"@id":"https:\/\/iraurgiberritzen.eus\/es\/#website"},"primaryImageOfPage":{"@id":"https:\/\/iraurgiberritzen.eus\/es\/el-profesorado-de-los-seminarios-de-tecnologia-y-tic-comarcales-aborda-los-retos-futuros-y-comparte-experiencias\/#primaryimage"},"image":{"@id":"https:\/\/iraurgiberritzen.eus\/es\/el-profesorado-de-los-seminarios-de-tecnologia-y-tic-comarcales-aborda-los-retos-futuros-y-comparte-experiencias\/#primaryimage"},"thumbnailUrl":"https:\/\/iraurgiberritzen.eus\/wp-content\/uploads\/2025\/05\/IMG_1145-scaled.jpeg","datePublished":"2025-05-23T09:55:57+00:00","breadcrumb":{"@id":"https:\/\/iraurgiberritzen.eus\/es\/el-profesorado-de-los-seminarios-de-tecnologia-y-tic-comarcales-aborda-los-retos-futuros-y-comparte-experiencias\/#breadcrumb"},"inLanguage":"es","potentialAction":[{"@type":"ReadAction","target":["https:\/\/iraurgiberritzen.eus\/es\/el-profesorado-de-los-seminarios-de-tecnologia-y-tic-comarcales-aborda-los-retos-futuros-y-comparte-experiencias\/"]}]},{"@type":"ImageObject","inLanguage":"es","@id":"https:\/\/iraurgiberritzen.eus\/es\/el-profesorado-de-los-seminarios-de-tecnologia-y-tic-comarcales-aborda-los-retos-futuros-y-comparte-experiencias\/#primaryimage","url":"https:\/\/iraurgiberritzen.eus\/wp-content\/uploads\/2025\/05\/IMG_1145-scaled.jpeg","contentUrl":"https:\/\/iraurgiberritzen.eus\/wp-content\/uploads\/2025\/05\/IMG_1145-scaled.jpeg","width":2560,"height":1920},{"@type":"BreadcrumbList","@id":"https:\/\/iraurgiberritzen.eus\/es\/el-profesorado-de-los-seminarios-de-tecnologia-y-tic-comarcales-aborda-los-retos-futuros-y-comparte-experiencias\/#breadcrumb","itemListElement":[{"@type":"ListItem","position":1,"name":"Home","item":"https:\/\/iraurgiberritzen.eus\/es\/"},{"@type":"ListItem","position":2,"name":"El profesorado de los seminarios de tecnolog\u00eda y TIC comarcales aborda los retos futuros y comparte experiencias"}]},{"@type":"WebSite","@id":"https:\/\/iraurgiberritzen.eus\/es\/#website","url":"https:\/\/iraurgiberritzen.eus\/es\/","name":"Iraurgi Berritzen","description":"Urola Erdiko Garapen Agentzia","publisher":{"@id":"https:\/\/iraurgiberritzen.eus\/es\/#organization"},"potentialAction":[{"@type":"SearchAction","target":{"@type":"EntryPoint","urlTemplate":"https:\/\/iraurgiberritzen.eus\/es\/?s={search_term_string}"},"query-input":{"@type":"PropertyValueSpecification","valueRequired":true,"valueName":"search_term_string"}}],"inLanguage":"es"},{"@type":"Organization","@id":"https:\/\/iraurgiberritzen.eus\/es\/#organization","name":"Iraurgi Berritzen","url":"https:\/\/iraurgiberritzen.eus\/es\/","logo":{"@type":"ImageObject","inLanguage":"es","@id":"https:\/\/iraurgiberritzen.eus\/es\/#\/schema\/logo\/image\/","url":"https:\/\/iraurgiberritzen.eus\/wp-content\/uploads\/2024\/02\/IRAURGI-BERRITZEN-logotipoa_2.png","contentUrl":"https:\/\/iraurgiberritzen.eus\/wp-content\/uploads\/2024\/02\/IRAURGI-BERRITZEN-logotipoa_2.png","width":496,"height":190,"caption":"Iraurgi Berritzen"},"image":{"@id":"https:\/\/iraurgiberritzen.eus\/es\/#\/schema\/logo\/image\/"}},{"@type":"Person","@id":"https:\/\/iraurgiberritzen.eus\/es\/#\/schema\/person\/a32c9825b3e2bfcbe757a97f6a15c8a5","name":"ainara"}]}},"_links":{"self":[{"href":"https:\/\/iraurgiberritzen.eus\/es\/wp-json\/wp\/v2\/posts\/23451","targetHints":{"allow":["GET"]}}],"collection":[{"href":"https:\/\/iraurgiberritzen.eus\/es\/wp-json\/wp\/v2\/posts"}],"about":[{"href":"https:\/\/iraurgiberritzen.eus\/es\/wp-json\/wp\/v2\/types\/post"}],"author":[{"embeddable":true,"href":"https:\/\/iraurgiberritzen.eus\/es\/wp-json\/wp\/v2\/users\/4"}],"replies":[{"embeddable":true,"href":"https:\/\/iraurgiberritzen.eus\/es\/wp-json\/wp\/v2\/comments?post=23451"}],"version-history":[{"count":1,"href":"https:\/\/iraurgiberritzen.eus\/es\/wp-json\/wp\/v2\/posts\/23451\/revisions"}],"predecessor-version":[{"id":23452,"href":"https:\/\/iraurgiberritzen.eus\/es\/wp-json\/wp\/v2\/posts\/23451\/revisions\/23452"}],"wp:featuredmedia":[{"embeddable":true,"href":"https:\/\/iraurgiberritzen.eus\/es\/wp-json\/wp\/v2\/media\/23449"}],"wp:attachment":[{"href":"https:\/\/iraurgiberritzen.eus\/es\/wp-json\/wp\/v2\/media?parent=23451"}],"wp:term":[{"taxonomy":"category","embeddable":true,"href":"https:\/\/iraurgiberritzen.eus\/es\/wp-json\/wp\/v2\/categories?post=23451"},{"taxonomy":"post_tag","embeddable":true,"href":"https:\/\/iraurgiberritzen.eus\/es\/wp-json\/wp\/v2\/tags?post=23451"}],"curies":[{"name":"wp","href":"https:\/\/api.w.org\/{rel}","templated":true}]}}