{"id":23477,"date":"2025-05-27T14:52:11","date_gmt":"2025-05-27T12:52:11","guid":{"rendered":"https:\/\/iraurgiberritzen.eus\/?p=23477"},"modified":"2025-05-27T15:00:44","modified_gmt":"2025-05-27T13:00:44","slug":"el-personal-orientador-de-los-5-centros-educativos-finaliza-el-proyecto-gerolan-de-este-ano-con-una-valoracion-positiva","status":"publish","type":"post","link":"https:\/\/iraurgiberritzen.eus\/es\/el-personal-orientador-de-los-5-centros-educativos-finaliza-el-proyecto-gerolan-de-este-ano-con-una-valoracion-positiva\/","title":{"rendered":"El personal orientador de los 5 centros educativos finaliza el proyecto Gerolan de este a\u00f1o con una valoraci\u00f3n positiva"},"content":{"rendered":"<p><span data-contrast=\"auto\">El pasado jueves se dio por finalizado el proyecto Gerolan, una iniciativa que, a\u00f1o tras a\u00f1o, tiene como objetivo reforzar la orientaci\u00f3n del alumnado de la comarca. Este a\u00f1o han participado m\u00e1s de 350 estudiantes, y la valoraci\u00f3n recibida por parte de del personal orientador, alumnado, profesorado y agentes implicados ha sido muy positiva.<\/span><span data-ccp-props=\"{&quot;134233117&quot;:false,&quot;134233118&quot;:false,&quot;335559738&quot;:240,&quot;335559739&quot;:240}\">\u00a0<\/span><\/p>\n<p><span data-contrast=\"auto\">Con el objetivo de fortalecer los planes de orientaci\u00f3n de los centros, se han llevado a cabo sesiones en el aula para reflexionar sobre la orientaci\u00f3n acad\u00e9mica y profesional con el alumnado de 4\u00ba de la ESO y 2\u00ba de Bachillerato de los cinco centros educativos participantes. A partir de estas sesiones, se identifican los intereses formativos de los y las estudiantes de cara a su futuro, y para dar respuesta a sus dudas relacionadas con estos intereses, se organizan visitas a agentes comarcales, ajustadas a las preferencias del alumnado.<\/span><span data-ccp-props=\"{&quot;134233117&quot;:false,&quot;134233118&quot;:false,&quot;335559738&quot;:240,&quot;335559739&quot;:240}\">\u00a0<\/span><\/p>\n<p><span data-contrast=\"auto\">Los datos m\u00e1s significativos del proyecto de este a\u00f1o son los siguientes:<\/span><span data-ccp-props=\"{&quot;134233117&quot;:false,&quot;134233118&quot;:false,&quot;335559738&quot;:240,&quot;335559739&quot;:240}\">\u00a0<\/span><\/p>\n<ul>\n<li data-leveltext=\"\uf0b7\" data-font=\"Symbol\" data-listid=\"2\" data-list-defn-props=\"{&quot;335552541&quot;:1,&quot;335559685&quot;:720,&quot;335559991&quot;:360,&quot;469769226&quot;:&quot;Symbol&quot;,&quot;469769242&quot;:[8226],&quot;469777803&quot;:&quot;left&quot;,&quot;469777804&quot;:&quot;\uf0b7&quot;,&quot;469777815&quot;:&quot;hybridMultilevel&quot;}\" aria-setsize=\"-1\" data-aria-posinset=\"1\" data-aria-level=\"1\"><span data-contrast=\"auto\">M\u00e1s de <strong>350 estudiantes<\/strong><\/span><strong>\u00a0<\/strong><\/li>\n<\/ul>\n<ul>\n<li data-leveltext=\"\uf0b7\" data-font=\"Symbol\" data-listid=\"2\" data-list-defn-props=\"{&quot;335552541&quot;:1,&quot;335559685&quot;:720,&quot;335559991&quot;:360,&quot;469769226&quot;:&quot;Symbol&quot;,&quot;469769242&quot;:[8226],&quot;469777803&quot;:&quot;left&quot;,&quot;469777804&quot;:&quot;\uf0b7&quot;,&quot;469777815&quot;:&quot;hybridMultilevel&quot;}\" aria-setsize=\"-1\" data-aria-posinset=\"2\" data-aria-level=\"1\"><span data-contrast=\"auto\">M\u00e1s de <strong>70 profesionales<\/strong><\/span><strong>\u00a0<\/strong><\/li>\n<\/ul>\n<ul>\n<li data-leveltext=\"\uf0b7\" data-font=\"Symbol\" data-listid=\"2\" data-list-defn-props=\"{&quot;335552541&quot;:1,&quot;335559685&quot;:720,&quot;335559991&quot;:360,&quot;469769226&quot;:&quot;Symbol&quot;,&quot;469769242&quot;:[8226],&quot;469777803&quot;:&quot;left&quot;,&quot;469777804&quot;:&quot;\uf0b7&quot;,&quot;469777815&quot;:&quot;hybridMultilevel&quot;}\" aria-setsize=\"-1\" data-aria-posinset=\"3\" data-aria-level=\"1\"><span data-contrast=\"auto\">5 centros educativos<\/span><span data-ccp-props=\"{&quot;134233117&quot;:false,&quot;134233118&quot;:false,&quot;335559738&quot;:240,&quot;335559739&quot;:240}\">\u00a0<\/span><\/li>\n<\/ul>\n<ul>\n<li data-leveltext=\"\uf0b7\" data-font=\"Symbol\" data-listid=\"2\" data-list-defn-props=\"{&quot;335552541&quot;:1,&quot;335559685&quot;:720,&quot;335559991&quot;:360,&quot;469769226&quot;:&quot;Symbol&quot;,&quot;469769242&quot;:[8226],&quot;469777803&quot;:&quot;left&quot;,&quot;469777804&quot;:&quot;\uf0b7&quot;,&quot;469777815&quot;:&quot;hybridMultilevel&quot;}\" aria-setsize=\"-1\" data-aria-posinset=\"4\" data-aria-level=\"1\"><span data-contrast=\"auto\">7 personas orientadoras<\/span><span data-ccp-props=\"{&quot;134233117&quot;:false,&quot;134233118&quot;:false,&quot;335559738&quot;:240,&quot;335559739&quot;:240}\">\u00a0<\/span><\/li>\n<\/ul>\n<ul>\n<li data-leveltext=\"\uf0b7\" data-font=\"Symbol\" data-listid=\"2\" data-list-defn-props=\"{&quot;335552541&quot;:1,&quot;335559685&quot;:720,&quot;335559991&quot;:360,&quot;469769226&quot;:&quot;Symbol&quot;,&quot;469769242&quot;:[8226],&quot;469777803&quot;:&quot;left&quot;,&quot;469777804&quot;:&quot;\uf0b7&quot;,&quot;469777815&quot;:&quot;hybridMultilevel&quot;}\" aria-setsize=\"-1\" data-aria-posinset=\"5\" data-aria-level=\"1\"><span data-contrast=\"auto\">M\u00e1s de <strong>53 docentes<\/strong><\/span><strong>\u00a0<\/strong><\/li>\n<\/ul>\n<p><span data-contrast=\"auto\">A continuaci\u00f3n, ten\u00e9is una pieza audiovisual que resume el proyecto de este a\u00f1o:<\/span><span data-ccp-props=\"{&quot;134233117&quot;:false,&quot;134233118&quot;:false,&quot;335559738&quot;:240,&quot;335559739&quot;:240}\">\u00a0<\/span><\/p>\n<iframe loading=\"lazy\" title=\"Gerolan 2024\/2025\" width=\"640\" height=\"360\" src=\"https:\/\/www.youtube.com\/embed\/x0sN_ts1I8A?feature=oembed\" frameborder=\"0\" allow=\"accelerometer; autoplay; clipboard-write; encrypted-media; gyroscope; picture-in-picture; web-share\" referrerpolicy=\"strict-origin-when-cross-origin\" allowfullscreen><\/iframe>\n","protected":false},"excerpt":{"rendered":"<p>El pasado jueves se dio por finalizado el proyecto Gerolan, una iniciativa que, a\u00f1o tras a\u00f1o, tiene como objetivo reforzar la orientaci\u00f3n del alumnado de la comarca. Este a\u00f1o han participado m\u00e1s de 350 estudiantes, y la valoraci\u00f3n recibida por parte de del personal orientador, alumnado, profesorado y agentes implicados ha sido muy positiva.\u00a0 Con [&hellip;]<\/p>\n","protected":false},"author":4,"featured_media":23472,"comment_status":"closed","ping_status":"closed","sticky":false,"template":"","format":"standard","meta":{"_acf_changed":false,"footnotes":""},"categories":[4],"tags":[],"class_list":["post-23477","post","type-post","status-publish","format-standard","has-post-thumbnail","hentry","category-noticias","arloak-educacion","arloak-gerolan-es"],"acf":[],"yoast_head":"<!-- This site is optimized with the Yoast SEO plugin v27.4 - https:\/\/yoast.com\/product\/yoast-seo-wordpress\/ -->\n<title>El personal orientador de los 5 centros educativos finaliza el proyecto Gerolan de este a\u00f1o con una valoraci\u00f3n positiva - Iraurgi Berritzen<\/title>\n<meta name=\"robots\" content=\"index, follow, max-snippet:-1, max-image-preview:large, max-video-preview:-1\" \/>\n<link rel=\"canonical\" href=\"https:\/\/iraurgiberritzen.eus\/es\/el-personal-orientador-de-los-5-centros-educativos-finaliza-el-proyecto-gerolan-de-este-ano-con-una-valoracion-positiva\/\" \/>\n<meta property=\"og:locale\" content=\"es_ES\" \/>\n<meta property=\"og:type\" content=\"article\" \/>\n<meta property=\"og:title\" content=\"El personal orientador de los 5 centros educativos finaliza el proyecto Gerolan de este a\u00f1o con una valoraci\u00f3n positiva - Iraurgi Berritzen\" \/>\n<meta property=\"og:description\" content=\"El pasado jueves se dio por finalizado el proyecto Gerolan, una iniciativa que, a\u00f1o tras a\u00f1o, tiene como objetivo reforzar la orientaci\u00f3n del alumnado de la comarca. Este a\u00f1o han participado m\u00e1s de 350 estudiantes, y la valoraci\u00f3n recibida por parte de del personal orientador, alumnado, profesorado y agentes implicados ha sido muy positiva.\u00a0 Con [&hellip;]\" \/>\n<meta property=\"og:url\" content=\"https:\/\/iraurgiberritzen.eus\/es\/el-personal-orientador-de-los-5-centros-educativos-finaliza-el-proyecto-gerolan-de-este-ano-con-una-valoracion-positiva\/\" \/>\n<meta property=\"og:site_name\" content=\"Iraurgi Berritzen\" \/>\n<meta property=\"article:published_time\" content=\"2025-05-27T12:52:11+00:00\" \/>\n<meta property=\"article:modified_time\" content=\"2025-05-27T13:00:44+00:00\" \/>\n<meta property=\"og:image\" content=\"https:\/\/iraurgiberritzen.eus\/wp-content\/uploads\/2025\/05\/IMG_1191-scaled.jpg\" \/>\n\t<meta property=\"og:image:width\" content=\"2560\" \/>\n\t<meta property=\"og:image:height\" content=\"1920\" \/>\n\t<meta property=\"og:image:type\" content=\"image\/jpeg\" \/>\n<meta name=\"author\" content=\"ainara\" \/>\n<meta name=\"twitter:card\" content=\"summary_large_image\" \/>\n<meta name=\"twitter:label1\" content=\"Escrito por\" \/>\n\t<meta name=\"twitter:data1\" content=\"ainara\" \/>\n\t<meta name=\"twitter:label2\" content=\"Tiempo de lectura\" \/>\n\t<meta name=\"twitter:data2\" content=\"2 minutos\" \/>\n<script type=\"application\/ld+json\" class=\"yoast-schema-graph\">{\"@context\":\"https:\\\/\\\/schema.org\",\"@graph\":[{\"@type\":\"Article\",\"@id\":\"https:\\\/\\\/iraurgiberritzen.eus\\\/es\\\/el-personal-orientador-de-los-5-centros-educativos-finaliza-el-proyecto-gerolan-de-este-ano-con-una-valoracion-positiva\\\/#article\",\"isPartOf\":{\"@id\":\"https:\\\/\\\/iraurgiberritzen.eus\\\/es\\\/el-personal-orientador-de-los-5-centros-educativos-finaliza-el-proyecto-gerolan-de-este-ano-con-una-valoracion-positiva\\\/\"},\"author\":{\"name\":\"ainara\",\"@id\":\"https:\\\/\\\/iraurgiberritzen.eus\\\/es\\\/#\\\/schema\\\/person\\\/a32c9825b3e2bfcbe757a97f6a15c8a5\"},\"headline\":\"El personal orientador de los 5 centros educativos finaliza el proyecto Gerolan de este a\u00f1o con una valoraci\u00f3n positiva\",\"datePublished\":\"2025-05-27T12:52:11+00:00\",\"dateModified\":\"2025-05-27T13:00:44+00:00\",\"mainEntityOfPage\":{\"@id\":\"https:\\\/\\\/iraurgiberritzen.eus\\\/es\\\/el-personal-orientador-de-los-5-centros-educativos-finaliza-el-proyecto-gerolan-de-este-ano-con-una-valoracion-positiva\\\/\"},\"wordCount\":227,\"publisher\":{\"@id\":\"https:\\\/\\\/iraurgiberritzen.eus\\\/es\\\/#organization\"},\"image\":{\"@id\":\"https:\\\/\\\/iraurgiberritzen.eus\\\/es\\\/el-personal-orientador-de-los-5-centros-educativos-finaliza-el-proyecto-gerolan-de-este-ano-con-una-valoracion-positiva\\\/#primaryimage\"},\"thumbnailUrl\":\"https:\\\/\\\/iraurgiberritzen.eus\\\/wp-content\\\/uploads\\\/2025\\\/05\\\/IMG_1191-scaled.jpg\",\"articleSection\":[\"Noticias\"],\"inLanguage\":\"es\"},{\"@type\":\"WebPage\",\"@id\":\"https:\\\/\\\/iraurgiberritzen.eus\\\/es\\\/el-personal-orientador-de-los-5-centros-educativos-finaliza-el-proyecto-gerolan-de-este-ano-con-una-valoracion-positiva\\\/\",\"url\":\"https:\\\/\\\/iraurgiberritzen.eus\\\/es\\\/el-personal-orientador-de-los-5-centros-educativos-finaliza-el-proyecto-gerolan-de-este-ano-con-una-valoracion-positiva\\\/\",\"name\":\"El personal orientador de los 5 centros educativos finaliza el proyecto Gerolan de este a\u00f1o con una valoraci\u00f3n positiva - Iraurgi Berritzen\",\"isPartOf\":{\"@id\":\"https:\\\/\\\/iraurgiberritzen.eus\\\/es\\\/#website\"},\"primaryImageOfPage\":{\"@id\":\"https:\\\/\\\/iraurgiberritzen.eus\\\/es\\\/el-personal-orientador-de-los-5-centros-educativos-finaliza-el-proyecto-gerolan-de-este-ano-con-una-valoracion-positiva\\\/#primaryimage\"},\"image\":{\"@id\":\"https:\\\/\\\/iraurgiberritzen.eus\\\/es\\\/el-personal-orientador-de-los-5-centros-educativos-finaliza-el-proyecto-gerolan-de-este-ano-con-una-valoracion-positiva\\\/#primaryimage\"},\"thumbnailUrl\":\"https:\\\/\\\/iraurgiberritzen.eus\\\/wp-content\\\/uploads\\\/2025\\\/05\\\/IMG_1191-scaled.jpg\",\"datePublished\":\"2025-05-27T12:52:11+00:00\",\"dateModified\":\"2025-05-27T13:00:44+00:00\",\"breadcrumb\":{\"@id\":\"https:\\\/\\\/iraurgiberritzen.eus\\\/es\\\/el-personal-orientador-de-los-5-centros-educativos-finaliza-el-proyecto-gerolan-de-este-ano-con-una-valoracion-positiva\\\/#breadcrumb\"},\"inLanguage\":\"es\",\"potentialAction\":[{\"@type\":\"ReadAction\",\"target\":[\"https:\\\/\\\/iraurgiberritzen.eus\\\/es\\\/el-personal-orientador-de-los-5-centros-educativos-finaliza-el-proyecto-gerolan-de-este-ano-con-una-valoracion-positiva\\\/\"]}]},{\"@type\":\"ImageObject\",\"inLanguage\":\"es\",\"@id\":\"https:\\\/\\\/iraurgiberritzen.eus\\\/es\\\/el-personal-orientador-de-los-5-centros-educativos-finaliza-el-proyecto-gerolan-de-este-ano-con-una-valoracion-positiva\\\/#primaryimage\",\"url\":\"https:\\\/\\\/iraurgiberritzen.eus\\\/wp-content\\\/uploads\\\/2025\\\/05\\\/IMG_1191-scaled.jpg\",\"contentUrl\":\"https:\\\/\\\/iraurgiberritzen.eus\\\/wp-content\\\/uploads\\\/2025\\\/05\\\/IMG_1191-scaled.jpg\",\"width\":2560,\"height\":1920},{\"@type\":\"BreadcrumbList\",\"@id\":\"https:\\\/\\\/iraurgiberritzen.eus\\\/es\\\/el-personal-orientador-de-los-5-centros-educativos-finaliza-el-proyecto-gerolan-de-este-ano-con-una-valoracion-positiva\\\/#breadcrumb\",\"itemListElement\":[{\"@type\":\"ListItem\",\"position\":1,\"name\":\"Home\",\"item\":\"https:\\\/\\\/iraurgiberritzen.eus\\\/es\\\/\"},{\"@type\":\"ListItem\",\"position\":2,\"name\":\"El personal orientador de los 5 centros educativos finaliza el proyecto Gerolan de este a\u00f1o con una valoraci\u00f3n positiva\"}]},{\"@type\":\"WebSite\",\"@id\":\"https:\\\/\\\/iraurgiberritzen.eus\\\/es\\\/#website\",\"url\":\"https:\\\/\\\/iraurgiberritzen.eus\\\/es\\\/\",\"name\":\"Iraurgi Berritzen\",\"description\":\"Urola Erdiko Garapen Agentzia\",\"publisher\":{\"@id\":\"https:\\\/\\\/iraurgiberritzen.eus\\\/es\\\/#organization\"},\"potentialAction\":[{\"@type\":\"SearchAction\",\"target\":{\"@type\":\"EntryPoint\",\"urlTemplate\":\"https:\\\/\\\/iraurgiberritzen.eus\\\/es\\\/?s={search_term_string}\"},\"query-input\":{\"@type\":\"PropertyValueSpecification\",\"valueRequired\":true,\"valueName\":\"search_term_string\"}}],\"inLanguage\":\"es\"},{\"@type\":\"Organization\",\"@id\":\"https:\\\/\\\/iraurgiberritzen.eus\\\/es\\\/#organization\",\"name\":\"Iraurgi Berritzen\",\"url\":\"https:\\\/\\\/iraurgiberritzen.eus\\\/es\\\/\",\"logo\":{\"@type\":\"ImageObject\",\"inLanguage\":\"es\",\"@id\":\"https:\\\/\\\/iraurgiberritzen.eus\\\/es\\\/#\\\/schema\\\/logo\\\/image\\\/\",\"url\":\"https:\\\/\\\/iraurgiberritzen.eus\\\/wp-content\\\/uploads\\\/2024\\\/02\\\/IRAURGI-BERRITZEN-logotipoa_2.png\",\"contentUrl\":\"https:\\\/\\\/iraurgiberritzen.eus\\\/wp-content\\\/uploads\\\/2024\\\/02\\\/IRAURGI-BERRITZEN-logotipoa_2.png\",\"width\":496,\"height\":190,\"caption\":\"Iraurgi Berritzen\"},\"image\":{\"@id\":\"https:\\\/\\\/iraurgiberritzen.eus\\\/es\\\/#\\\/schema\\\/logo\\\/image\\\/\"}},{\"@type\":\"Person\",\"@id\":\"https:\\\/\\\/iraurgiberritzen.eus\\\/es\\\/#\\\/schema\\\/person\\\/a32c9825b3e2bfcbe757a97f6a15c8a5\",\"name\":\"ainara\"}]}<\/script>\n<!-- \/ Yoast SEO plugin. -->","yoast_head_json":{"title":"El personal orientador de los 5 centros educativos finaliza el proyecto Gerolan de este a\u00f1o con una valoraci\u00f3n positiva - Iraurgi Berritzen","robots":{"index":"index","follow":"follow","max-snippet":"max-snippet:-1","max-image-preview":"max-image-preview:large","max-video-preview":"max-video-preview:-1"},"canonical":"https:\/\/iraurgiberritzen.eus\/es\/el-personal-orientador-de-los-5-centros-educativos-finaliza-el-proyecto-gerolan-de-este-ano-con-una-valoracion-positiva\/","og_locale":"es_ES","og_type":"article","og_title":"El personal orientador de los 5 centros educativos finaliza el proyecto Gerolan de este a\u00f1o con una valoraci\u00f3n positiva - Iraurgi Berritzen","og_description":"El pasado jueves se dio por finalizado el proyecto Gerolan, una iniciativa que, a\u00f1o tras a\u00f1o, tiene como objetivo reforzar la orientaci\u00f3n del alumnado de la comarca. Este a\u00f1o han participado m\u00e1s de 350 estudiantes, y la valoraci\u00f3n recibida por parte de del personal orientador, alumnado, profesorado y agentes implicados ha sido muy positiva.\u00a0 Con [&hellip;]","og_url":"https:\/\/iraurgiberritzen.eus\/es\/el-personal-orientador-de-los-5-centros-educativos-finaliza-el-proyecto-gerolan-de-este-ano-con-una-valoracion-positiva\/","og_site_name":"Iraurgi Berritzen","article_published_time":"2025-05-27T12:52:11+00:00","article_modified_time":"2025-05-27T13:00:44+00:00","og_image":[{"width":2560,"height":1920,"url":"https:\/\/iraurgiberritzen.eus\/wp-content\/uploads\/2025\/05\/IMG_1191-scaled.jpg","type":"image\/jpeg"}],"author":"ainara","twitter_card":"summary_large_image","twitter_misc":{"Escrito por":"ainara","Tiempo de lectura":"2 minutos"},"schema":{"@context":"https:\/\/schema.org","@graph":[{"@type":"Article","@id":"https:\/\/iraurgiberritzen.eus\/es\/el-personal-orientador-de-los-5-centros-educativos-finaliza-el-proyecto-gerolan-de-este-ano-con-una-valoracion-positiva\/#article","isPartOf":{"@id":"https:\/\/iraurgiberritzen.eus\/es\/el-personal-orientador-de-los-5-centros-educativos-finaliza-el-proyecto-gerolan-de-este-ano-con-una-valoracion-positiva\/"},"author":{"name":"ainara","@id":"https:\/\/iraurgiberritzen.eus\/es\/#\/schema\/person\/a32c9825b3e2bfcbe757a97f6a15c8a5"},"headline":"El personal orientador de los 5 centros educativos finaliza el proyecto Gerolan de este a\u00f1o con una valoraci\u00f3n positiva","datePublished":"2025-05-27T12:52:11+00:00","dateModified":"2025-05-27T13:00:44+00:00","mainEntityOfPage":{"@id":"https:\/\/iraurgiberritzen.eus\/es\/el-personal-orientador-de-los-5-centros-educativos-finaliza-el-proyecto-gerolan-de-este-ano-con-una-valoracion-positiva\/"},"wordCount":227,"publisher":{"@id":"https:\/\/iraurgiberritzen.eus\/es\/#organization"},"image":{"@id":"https:\/\/iraurgiberritzen.eus\/es\/el-personal-orientador-de-los-5-centros-educativos-finaliza-el-proyecto-gerolan-de-este-ano-con-una-valoracion-positiva\/#primaryimage"},"thumbnailUrl":"https:\/\/iraurgiberritzen.eus\/wp-content\/uploads\/2025\/05\/IMG_1191-scaled.jpg","articleSection":["Noticias"],"inLanguage":"es"},{"@type":"WebPage","@id":"https:\/\/iraurgiberritzen.eus\/es\/el-personal-orientador-de-los-5-centros-educativos-finaliza-el-proyecto-gerolan-de-este-ano-con-una-valoracion-positiva\/","url":"https:\/\/iraurgiberritzen.eus\/es\/el-personal-orientador-de-los-5-centros-educativos-finaliza-el-proyecto-gerolan-de-este-ano-con-una-valoracion-positiva\/","name":"El personal orientador de los 5 centros educativos finaliza el proyecto Gerolan de este a\u00f1o con una valoraci\u00f3n positiva - Iraurgi Berritzen","isPartOf":{"@id":"https:\/\/iraurgiberritzen.eus\/es\/#website"},"primaryImageOfPage":{"@id":"https:\/\/iraurgiberritzen.eus\/es\/el-personal-orientador-de-los-5-centros-educativos-finaliza-el-proyecto-gerolan-de-este-ano-con-una-valoracion-positiva\/#primaryimage"},"image":{"@id":"https:\/\/iraurgiberritzen.eus\/es\/el-personal-orientador-de-los-5-centros-educativos-finaliza-el-proyecto-gerolan-de-este-ano-con-una-valoracion-positiva\/#primaryimage"},"thumbnailUrl":"https:\/\/iraurgiberritzen.eus\/wp-content\/uploads\/2025\/05\/IMG_1191-scaled.jpg","datePublished":"2025-05-27T12:52:11+00:00","dateModified":"2025-05-27T13:00:44+00:00","breadcrumb":{"@id":"https:\/\/iraurgiberritzen.eus\/es\/el-personal-orientador-de-los-5-centros-educativos-finaliza-el-proyecto-gerolan-de-este-ano-con-una-valoracion-positiva\/#breadcrumb"},"inLanguage":"es","potentialAction":[{"@type":"ReadAction","target":["https:\/\/iraurgiberritzen.eus\/es\/el-personal-orientador-de-los-5-centros-educativos-finaliza-el-proyecto-gerolan-de-este-ano-con-una-valoracion-positiva\/"]}]},{"@type":"ImageObject","inLanguage":"es","@id":"https:\/\/iraurgiberritzen.eus\/es\/el-personal-orientador-de-los-5-centros-educativos-finaliza-el-proyecto-gerolan-de-este-ano-con-una-valoracion-positiva\/#primaryimage","url":"https:\/\/iraurgiberritzen.eus\/wp-content\/uploads\/2025\/05\/IMG_1191-scaled.jpg","contentUrl":"https:\/\/iraurgiberritzen.eus\/wp-content\/uploads\/2025\/05\/IMG_1191-scaled.jpg","width":2560,"height":1920},{"@type":"BreadcrumbList","@id":"https:\/\/iraurgiberritzen.eus\/es\/el-personal-orientador-de-los-5-centros-educativos-finaliza-el-proyecto-gerolan-de-este-ano-con-una-valoracion-positiva\/#breadcrumb","itemListElement":[{"@type":"ListItem","position":1,"name":"Home","item":"https:\/\/iraurgiberritzen.eus\/es\/"},{"@type":"ListItem","position":2,"name":"El personal orientador de los 5 centros educativos finaliza el proyecto Gerolan de este a\u00f1o con una valoraci\u00f3n positiva"}]},{"@type":"WebSite","@id":"https:\/\/iraurgiberritzen.eus\/es\/#website","url":"https:\/\/iraurgiberritzen.eus\/es\/","name":"Iraurgi Berritzen","description":"Urola Erdiko Garapen Agentzia","publisher":{"@id":"https:\/\/iraurgiberritzen.eus\/es\/#organization"},"potentialAction":[{"@type":"SearchAction","target":{"@type":"EntryPoint","urlTemplate":"https:\/\/iraurgiberritzen.eus\/es\/?s={search_term_string}"},"query-input":{"@type":"PropertyValueSpecification","valueRequired":true,"valueName":"search_term_string"}}],"inLanguage":"es"},{"@type":"Organization","@id":"https:\/\/iraurgiberritzen.eus\/es\/#organization","name":"Iraurgi Berritzen","url":"https:\/\/iraurgiberritzen.eus\/es\/","logo":{"@type":"ImageObject","inLanguage":"es","@id":"https:\/\/iraurgiberritzen.eus\/es\/#\/schema\/logo\/image\/","url":"https:\/\/iraurgiberritzen.eus\/wp-content\/uploads\/2024\/02\/IRAURGI-BERRITZEN-logotipoa_2.png","contentUrl":"https:\/\/iraurgiberritzen.eus\/wp-content\/uploads\/2024\/02\/IRAURGI-BERRITZEN-logotipoa_2.png","width":496,"height":190,"caption":"Iraurgi Berritzen"},"image":{"@id":"https:\/\/iraurgiberritzen.eus\/es\/#\/schema\/logo\/image\/"}},{"@type":"Person","@id":"https:\/\/iraurgiberritzen.eus\/es\/#\/schema\/person\/a32c9825b3e2bfcbe757a97f6a15c8a5","name":"ainara"}]}},"_links":{"self":[{"href":"https:\/\/iraurgiberritzen.eus\/es\/wp-json\/wp\/v2\/posts\/23477","targetHints":{"allow":["GET"]}}],"collection":[{"href":"https:\/\/iraurgiberritzen.eus\/es\/wp-json\/wp\/v2\/posts"}],"about":[{"href":"https:\/\/iraurgiberritzen.eus\/es\/wp-json\/wp\/v2\/types\/post"}],"author":[{"embeddable":true,"href":"https:\/\/iraurgiberritzen.eus\/es\/wp-json\/wp\/v2\/users\/4"}],"replies":[{"embeddable":true,"href":"https:\/\/iraurgiberritzen.eus\/es\/wp-json\/wp\/v2\/comments?post=23477"}],"version-history":[{"count":2,"href":"https:\/\/iraurgiberritzen.eus\/es\/wp-json\/wp\/v2\/posts\/23477\/revisions"}],"predecessor-version":[{"id":23480,"href":"https:\/\/iraurgiberritzen.eus\/es\/wp-json\/wp\/v2\/posts\/23477\/revisions\/23480"}],"wp:featuredmedia":[{"embeddable":true,"href":"https:\/\/iraurgiberritzen.eus\/es\/wp-json\/wp\/v2\/media\/23472"}],"wp:attachment":[{"href":"https:\/\/iraurgiberritzen.eus\/es\/wp-json\/wp\/v2\/media?parent=23477"}],"wp:term":[{"taxonomy":"category","embeddable":true,"href":"https:\/\/iraurgiberritzen.eus\/es\/wp-json\/wp\/v2\/categories?post=23477"},{"taxonomy":"post_tag","embeddable":true,"href":"https:\/\/iraurgiberritzen.eus\/es\/wp-json\/wp\/v2\/tags?post=23477"}],"curies":[{"name":"wp","href":"https:\/\/api.w.org\/{rel}","templated":true}]}}