{"id":23495,"date":"2025-05-30T08:06:17","date_gmt":"2025-05-30T06:06:17","guid":{"rendered":"https:\/\/iraurgiberritzen.eus\/?p=23495"},"modified":"2025-06-03T08:55:58","modified_gmt":"2025-06-03T06:55:58","slug":"itinerarios-formativos-para-100-personas-desempleadas-en-marcha-en-urola-erdia-dentro-del-proyecto-elkarekin","status":"publish","type":"post","link":"https:\/\/iraurgiberritzen.eus\/es\/itinerarios-formativos-para-100-personas-desempleadas-en-marcha-en-urola-erdia-dentro-del-proyecto-elkarekin\/","title":{"rendered":"Urola Erdia pone en marcha itinerarios formativos para 100 personas desempleadas dentro del proyecto ElkarEkin"},"content":{"rendered":"<h5><b><i><span data-contrast=\"auto\">La red UrolanEkin impulsa la inclusi\u00f3n y la empleabilidad gracias a la colaboraci\u00f3n de 15 agentes de la comarca<\/span><\/i><\/b><span data-ccp-props=\"{&quot;134233117&quot;:true,&quot;134233118&quot;:true}\">\u00a0<\/span><\/h5>\n<p>&nbsp;<\/p>\n<p><span data-contrast=\"auto\">Iraurgi Berritzen, en calidad de coordinadora del proyecto ElkarEkin y con el apoyo de la Diputaci\u00f3n Foral de Gipuzkoa, promueve la red UrolanEkin. Esta iniciativa ofrece itinerarios de formaci\u00f3n y acceso al empleo para personas desempleadas de la comarca, con el objetivo de fomentar su inclusi\u00f3n social y econ\u00f3mica, especialmente en situaciones de vulnerabilidad.<\/span><span data-ccp-props=\"{&quot;134233117&quot;:true,&quot;134233118&quot;:true}\">\u00a0<\/span><\/p>\n<p><span data-contrast=\"auto\">Hoy, 30 de mayo, ha tenido lugar en el Palacio Basazabal de Azpeitia un encuentro con agentes clave, en el que se ha compartido y contrastado el recorrido del proyecto \u201cUrola Erdian ElkarEkin 2025-2026\u201d, as\u00ed como los primeros resultados y los pr\u00f3ximos pasos. Adem\u00e1s, se ha realizado un seguimiento de los itinerarios formativos en marcha en la comarca. Alrededor de 22 personas han participado en el encuentro, entre ellas los principales agentes del \u00e1mbito de la inclusi\u00f3n social.<\/span><span data-ccp-props=\"{&quot;134233117&quot;:true,&quot;134233118&quot;:true}\">\u00a0<\/span><\/p>\n<p><b><span data-contrast=\"auto\">Formaci\u00f3n en sectores estrat\u00e9gicos: industria y servicios<\/span><\/b><span data-ccp-props=\"{&quot;134233117&quot;:true,&quot;134233118&quot;:true}\">\u00a0<\/span><\/p>\n<p><span data-contrast=\"auto\">El proyecto ElkarEkin contempla un total de 7 itinerarios formativos dirigidos a la empleabilidad. En el sector industrial se ofrecen certificados profesionales en mecanizado y soldadura, as\u00ed como un curso de gesti\u00f3n de almac\u00e9n. En el sector servicios, destacan los itinerarios en cocina y atenci\u00f3n a personas en situaci\u00f3n de dependencia. El curso de cocina ha finalizado recientemente con la participaci\u00f3n de 15 personas, y ya est\u00e1n en marcha otros dos itinerarios: el certificado profesional de mecanizado y el curso de almac\u00e9n.<\/span><span data-ccp-props=\"{&quot;134233117&quot;:true,&quot;134233118&quot;:true}\">\u00a0<\/span><\/p>\n<p><span data-contrast=\"auto\">Estos itinerarios han sido definidos en colaboraci\u00f3n con empresas y agentes de la comarca, bas\u00e1ndose en las necesidades detectadas por el equipo de Empleo de Iraurgi Berritzen a trav\u00e9s de los servicios de empleo y el estudio de prospecci\u00f3n de empleo de la industria de Urola Erdia.<\/span><span data-ccp-props=\"{&quot;134233117&quot;:true,&quot;134233118&quot;:true}\">\u00a0<\/span><\/p>\n<p><b><span data-contrast=\"auto\">Impacto y retos del proyecto ElkarEkin<\/span><\/b><span data-ccp-props=\"{&quot;134233117&quot;:true,&quot;134233118&quot;:true}\">\u00a0<\/span><\/p>\n<p><span data-contrast=\"auto\">Uno de los objetivos principales del proyecto es desarrollar las capacidades de las personas en situaci\u00f3n de vulnerabilidad y ofrecerles oportunidades reales de inserci\u00f3n laboral. Actualmente, la tasa de desempleo en Urola Erdia es del 6,9 % (5,5 % en hombres y 8,5 % en mujeres). En este contexto, los itinerarios formativos ofrecen un camino real hacia una vida digna y una mejor integraci\u00f3n en el mercado laboral.<\/span><span data-ccp-props=\"{&quot;134233117&quot;:true,&quot;134233118&quot;:true}\">\u00a0<\/span><\/p>\n<p><span data-contrast=\"auto\">La red UrolanEkin, adem\u00e1s, est\u00e1 inmersa en un proceso de reflexi\u00f3n interna sobre la inclusi\u00f3n, con el fin de mejorar la eficacia de los servicios ofrecidos y fortalecer la colaboraci\u00f3n entre los agentes, respondiendo conjuntamente a nuevas necesidades.<\/span><span data-ccp-props=\"{&quot;134233117&quot;:true,&quot;134233118&quot;:true}\">\u00a0<\/span><\/p>\n<p><b><span data-contrast=\"auto\">Mirando al futuro: inserci\u00f3n laboral y fortalecimiento de la red<\/span><\/b><span data-ccp-props=\"{&quot;134233117&quot;:true,&quot;134233118&quot;:true}\">\u00a0<\/span><\/p>\n<p><span data-contrast=\"auto\">Los pr\u00f3ximos pasos del proyecto se centran en la inserci\u00f3n laboral de las personas participantes. Iraurgi Berritzen colabora con diversas empresas y agentes de la comarca para facilitar oportunidades de empleo a quienes han completado los itinerarios formativos.<\/span><span data-ccp-props=\"{&quot;134233117&quot;:true,&quot;134233118&quot;:true}\">\u00a0<\/span><\/p>\n<p><span data-contrast=\"auto\">Queremos agradecer la implicaci\u00f3n de todas las entidades participantes: Zabaltzen Sartu, Izarraitz LHII, C\u00e1ritas, Cruz Roja, Gureak, Gazte Bulegoa, Kalexka, EPA, Lorratz, Centro Loyola, SOS Racismo, y los Ayuntamientos y servicios sociales de Azpeitia, Azkoitia y Zestoa, entre otros.<\/span><span data-ccp-props=\"{&quot;134233117&quot;:true,&quot;134233118&quot;:true}\">\u00a0<\/span><\/p>\n","protected":false},"excerpt":{"rendered":"<p>La red UrolanEkin impulsa la inclusi\u00f3n y la empleabilidad gracias a la colaboraci\u00f3n de 15 agentes de la comarca\u00a0 &nbsp; Iraurgi Berritzen, en calidad de coordinadora del proyecto ElkarEkin y con el apoyo de la Diputaci\u00f3n Foral de Gipuzkoa, promueve la red UrolanEkin. Esta iniciativa ofrece itinerarios de formaci\u00f3n y acceso al empleo para personas [&hellip;]<\/p>\n","protected":false},"author":4,"featured_media":23505,"comment_status":"closed","ping_status":"closed","sticky":false,"template":"","format":"standard","meta":{"_acf_changed":false,"footnotes":""},"categories":[4],"tags":[],"class_list":["post-23495","post","type-post","status-publish","format-standard","has-post-thumbnail","hentry","category-noticias","arloak-empleo"],"acf":[],"yoast_head":"<!-- This site is optimized with the Yoast SEO plugin v27.4 - https:\/\/yoast.com\/product\/yoast-seo-wordpress\/ -->\n<title>Urola Erdia pone en marcha itinerarios formativos para 100 personas desempleadas dentro del proyecto ElkarEkin - Iraurgi Berritzen<\/title>\n<meta name=\"robots\" content=\"index, follow, max-snippet:-1, max-image-preview:large, max-video-preview:-1\" \/>\n<link rel=\"canonical\" href=\"https:\/\/iraurgiberritzen.eus\/es\/itinerarios-formativos-para-100-personas-desempleadas-en-marcha-en-urola-erdia-dentro-del-proyecto-elkarekin\/\" \/>\n<meta property=\"og:locale\" content=\"es_ES\" \/>\n<meta property=\"og:type\" content=\"article\" \/>\n<meta property=\"og:title\" content=\"Urola Erdia pone en marcha itinerarios formativos para 100 personas desempleadas dentro del proyecto ElkarEkin - Iraurgi Berritzen\" \/>\n<meta property=\"og:description\" content=\"La red UrolanEkin impulsa la inclusi\u00f3n y la empleabilidad gracias a la colaboraci\u00f3n de 15 agentes de la comarca\u00a0 &nbsp; Iraurgi Berritzen, en calidad de coordinadora del proyecto ElkarEkin y con el apoyo de la Diputaci\u00f3n Foral de Gipuzkoa, promueve la red UrolanEkin. Esta iniciativa ofrece itinerarios de formaci\u00f3n y acceso al empleo para personas [&hellip;]\" \/>\n<meta property=\"og:url\" content=\"https:\/\/iraurgiberritzen.eus\/es\/itinerarios-formativos-para-100-personas-desempleadas-en-marcha-en-urola-erdia-dentro-del-proyecto-elkarekin\/\" \/>\n<meta property=\"og:site_name\" content=\"Iraurgi Berritzen\" \/>\n<meta property=\"article:published_time\" content=\"2025-05-30T06:06:17+00:00\" \/>\n<meta property=\"article:modified_time\" content=\"2025-06-03T06:55:58+00:00\" \/>\n<meta property=\"og:image\" content=\"https:\/\/iraurgiberritzen.eus\/wp-content\/uploads\/2025\/05\/PXL_20250530_0732026632-scaled.jpg\" \/>\n\t<meta property=\"og:image:width\" content=\"2560\" \/>\n\t<meta property=\"og:image:height\" content=\"1920\" \/>\n\t<meta property=\"og:image:type\" content=\"image\/jpeg\" \/>\n<meta name=\"author\" content=\"ainara\" \/>\n<meta name=\"twitter:card\" content=\"summary_large_image\" \/>\n<meta name=\"twitter:label1\" content=\"Escrito por\" \/>\n\t<meta name=\"twitter:data1\" content=\"ainara\" \/>\n\t<meta name=\"twitter:label2\" content=\"Tiempo de lectura\" \/>\n\t<meta name=\"twitter:data2\" content=\"3 minutos\" \/>\n<script type=\"application\/ld+json\" class=\"yoast-schema-graph\">{\"@context\":\"https:\\\/\\\/schema.org\",\"@graph\":[{\"@type\":\"Article\",\"@id\":\"https:\\\/\\\/iraurgiberritzen.eus\\\/es\\\/itinerarios-formativos-para-100-personas-desempleadas-en-marcha-en-urola-erdia-dentro-del-proyecto-elkarekin\\\/#article\",\"isPartOf\":{\"@id\":\"https:\\\/\\\/iraurgiberritzen.eus\\\/es\\\/itinerarios-formativos-para-100-personas-desempleadas-en-marcha-en-urola-erdia-dentro-del-proyecto-elkarekin\\\/\"},\"author\":{\"name\":\"ainara\",\"@id\":\"https:\\\/\\\/iraurgiberritzen.eus\\\/es\\\/#\\\/schema\\\/person\\\/a32c9825b3e2bfcbe757a97f6a15c8a5\"},\"headline\":\"Urola Erdia pone en marcha itinerarios formativos para 100 personas desempleadas dentro del proyecto ElkarEkin\",\"datePublished\":\"2025-05-30T06:06:17+00:00\",\"dateModified\":\"2025-06-03T06:55:58+00:00\",\"mainEntityOfPage\":{\"@id\":\"https:\\\/\\\/iraurgiberritzen.eus\\\/es\\\/itinerarios-formativos-para-100-personas-desempleadas-en-marcha-en-urola-erdia-dentro-del-proyecto-elkarekin\\\/\"},\"wordCount\":524,\"publisher\":{\"@id\":\"https:\\\/\\\/iraurgiberritzen.eus\\\/es\\\/#organization\"},\"image\":{\"@id\":\"https:\\\/\\\/iraurgiberritzen.eus\\\/es\\\/itinerarios-formativos-para-100-personas-desempleadas-en-marcha-en-urola-erdia-dentro-del-proyecto-elkarekin\\\/#primaryimage\"},\"thumbnailUrl\":\"https:\\\/\\\/iraurgiberritzen.eus\\\/wp-content\\\/uploads\\\/2025\\\/05\\\/PXL_20250530_0732026632-scaled.jpg\",\"articleSection\":[\"Noticias\"],\"inLanguage\":\"es\"},{\"@type\":\"WebPage\",\"@id\":\"https:\\\/\\\/iraurgiberritzen.eus\\\/es\\\/itinerarios-formativos-para-100-personas-desempleadas-en-marcha-en-urola-erdia-dentro-del-proyecto-elkarekin\\\/\",\"url\":\"https:\\\/\\\/iraurgiberritzen.eus\\\/es\\\/itinerarios-formativos-para-100-personas-desempleadas-en-marcha-en-urola-erdia-dentro-del-proyecto-elkarekin\\\/\",\"name\":\"Urola Erdia pone en marcha itinerarios formativos para 100 personas desempleadas dentro del proyecto ElkarEkin - Iraurgi Berritzen\",\"isPartOf\":{\"@id\":\"https:\\\/\\\/iraurgiberritzen.eus\\\/es\\\/#website\"},\"primaryImageOfPage\":{\"@id\":\"https:\\\/\\\/iraurgiberritzen.eus\\\/es\\\/itinerarios-formativos-para-100-personas-desempleadas-en-marcha-en-urola-erdia-dentro-del-proyecto-elkarekin\\\/#primaryimage\"},\"image\":{\"@id\":\"https:\\\/\\\/iraurgiberritzen.eus\\\/es\\\/itinerarios-formativos-para-100-personas-desempleadas-en-marcha-en-urola-erdia-dentro-del-proyecto-elkarekin\\\/#primaryimage\"},\"thumbnailUrl\":\"https:\\\/\\\/iraurgiberritzen.eus\\\/wp-content\\\/uploads\\\/2025\\\/05\\\/PXL_20250530_0732026632-scaled.jpg\",\"datePublished\":\"2025-05-30T06:06:17+00:00\",\"dateModified\":\"2025-06-03T06:55:58+00:00\",\"breadcrumb\":{\"@id\":\"https:\\\/\\\/iraurgiberritzen.eus\\\/es\\\/itinerarios-formativos-para-100-personas-desempleadas-en-marcha-en-urola-erdia-dentro-del-proyecto-elkarekin\\\/#breadcrumb\"},\"inLanguage\":\"es\",\"potentialAction\":[{\"@type\":\"ReadAction\",\"target\":[\"https:\\\/\\\/iraurgiberritzen.eus\\\/es\\\/itinerarios-formativos-para-100-personas-desempleadas-en-marcha-en-urola-erdia-dentro-del-proyecto-elkarekin\\\/\"]}]},{\"@type\":\"ImageObject\",\"inLanguage\":\"es\",\"@id\":\"https:\\\/\\\/iraurgiberritzen.eus\\\/es\\\/itinerarios-formativos-para-100-personas-desempleadas-en-marcha-en-urola-erdia-dentro-del-proyecto-elkarekin\\\/#primaryimage\",\"url\":\"https:\\\/\\\/iraurgiberritzen.eus\\\/wp-content\\\/uploads\\\/2025\\\/05\\\/PXL_20250530_0732026632-scaled.jpg\",\"contentUrl\":\"https:\\\/\\\/iraurgiberritzen.eus\\\/wp-content\\\/uploads\\\/2025\\\/05\\\/PXL_20250530_0732026632-scaled.jpg\",\"width\":2560,\"height\":1920},{\"@type\":\"BreadcrumbList\",\"@id\":\"https:\\\/\\\/iraurgiberritzen.eus\\\/es\\\/itinerarios-formativos-para-100-personas-desempleadas-en-marcha-en-urola-erdia-dentro-del-proyecto-elkarekin\\\/#breadcrumb\",\"itemListElement\":[{\"@type\":\"ListItem\",\"position\":1,\"name\":\"Home\",\"item\":\"https:\\\/\\\/iraurgiberritzen.eus\\\/es\\\/\"},{\"@type\":\"ListItem\",\"position\":2,\"name\":\"Urola Erdia pone en marcha itinerarios formativos para 100 personas desempleadas dentro del proyecto ElkarEkin\"}]},{\"@type\":\"WebSite\",\"@id\":\"https:\\\/\\\/iraurgiberritzen.eus\\\/es\\\/#website\",\"url\":\"https:\\\/\\\/iraurgiberritzen.eus\\\/es\\\/\",\"name\":\"Iraurgi Berritzen\",\"description\":\"Urola Erdiko Garapen Agentzia\",\"publisher\":{\"@id\":\"https:\\\/\\\/iraurgiberritzen.eus\\\/es\\\/#organization\"},\"potentialAction\":[{\"@type\":\"SearchAction\",\"target\":{\"@type\":\"EntryPoint\",\"urlTemplate\":\"https:\\\/\\\/iraurgiberritzen.eus\\\/es\\\/?s={search_term_string}\"},\"query-input\":{\"@type\":\"PropertyValueSpecification\",\"valueRequired\":true,\"valueName\":\"search_term_string\"}}],\"inLanguage\":\"es\"},{\"@type\":\"Organization\",\"@id\":\"https:\\\/\\\/iraurgiberritzen.eus\\\/es\\\/#organization\",\"name\":\"Iraurgi Berritzen\",\"url\":\"https:\\\/\\\/iraurgiberritzen.eus\\\/es\\\/\",\"logo\":{\"@type\":\"ImageObject\",\"inLanguage\":\"es\",\"@id\":\"https:\\\/\\\/iraurgiberritzen.eus\\\/es\\\/#\\\/schema\\\/logo\\\/image\\\/\",\"url\":\"https:\\\/\\\/iraurgiberritzen.eus\\\/wp-content\\\/uploads\\\/2024\\\/02\\\/IRAURGI-BERRITZEN-logotipoa_2.png\",\"contentUrl\":\"https:\\\/\\\/iraurgiberritzen.eus\\\/wp-content\\\/uploads\\\/2024\\\/02\\\/IRAURGI-BERRITZEN-logotipoa_2.png\",\"width\":496,\"height\":190,\"caption\":\"Iraurgi Berritzen\"},\"image\":{\"@id\":\"https:\\\/\\\/iraurgiberritzen.eus\\\/es\\\/#\\\/schema\\\/logo\\\/image\\\/\"}},{\"@type\":\"Person\",\"@id\":\"https:\\\/\\\/iraurgiberritzen.eus\\\/es\\\/#\\\/schema\\\/person\\\/a32c9825b3e2bfcbe757a97f6a15c8a5\",\"name\":\"ainara\"}]}<\/script>\n<!-- \/ Yoast SEO plugin. -->","yoast_head_json":{"title":"Urola Erdia pone en marcha itinerarios formativos para 100 personas desempleadas dentro del proyecto ElkarEkin - Iraurgi Berritzen","robots":{"index":"index","follow":"follow","max-snippet":"max-snippet:-1","max-image-preview":"max-image-preview:large","max-video-preview":"max-video-preview:-1"},"canonical":"https:\/\/iraurgiberritzen.eus\/es\/itinerarios-formativos-para-100-personas-desempleadas-en-marcha-en-urola-erdia-dentro-del-proyecto-elkarekin\/","og_locale":"es_ES","og_type":"article","og_title":"Urola Erdia pone en marcha itinerarios formativos para 100 personas desempleadas dentro del proyecto ElkarEkin - Iraurgi Berritzen","og_description":"La red UrolanEkin impulsa la inclusi\u00f3n y la empleabilidad gracias a la colaboraci\u00f3n de 15 agentes de la comarca\u00a0 &nbsp; Iraurgi Berritzen, en calidad de coordinadora del proyecto ElkarEkin y con el apoyo de la Diputaci\u00f3n Foral de Gipuzkoa, promueve la red UrolanEkin. Esta iniciativa ofrece itinerarios de formaci\u00f3n y acceso al empleo para personas [&hellip;]","og_url":"https:\/\/iraurgiberritzen.eus\/es\/itinerarios-formativos-para-100-personas-desempleadas-en-marcha-en-urola-erdia-dentro-del-proyecto-elkarekin\/","og_site_name":"Iraurgi Berritzen","article_published_time":"2025-05-30T06:06:17+00:00","article_modified_time":"2025-06-03T06:55:58+00:00","og_image":[{"width":2560,"height":1920,"url":"https:\/\/iraurgiberritzen.eus\/wp-content\/uploads\/2025\/05\/PXL_20250530_0732026632-scaled.jpg","type":"image\/jpeg"}],"author":"ainara","twitter_card":"summary_large_image","twitter_misc":{"Escrito por":"ainara","Tiempo de lectura":"3 minutos"},"schema":{"@context":"https:\/\/schema.org","@graph":[{"@type":"Article","@id":"https:\/\/iraurgiberritzen.eus\/es\/itinerarios-formativos-para-100-personas-desempleadas-en-marcha-en-urola-erdia-dentro-del-proyecto-elkarekin\/#article","isPartOf":{"@id":"https:\/\/iraurgiberritzen.eus\/es\/itinerarios-formativos-para-100-personas-desempleadas-en-marcha-en-urola-erdia-dentro-del-proyecto-elkarekin\/"},"author":{"name":"ainara","@id":"https:\/\/iraurgiberritzen.eus\/es\/#\/schema\/person\/a32c9825b3e2bfcbe757a97f6a15c8a5"},"headline":"Urola Erdia pone en marcha itinerarios formativos para 100 personas desempleadas dentro del proyecto ElkarEkin","datePublished":"2025-05-30T06:06:17+00:00","dateModified":"2025-06-03T06:55:58+00:00","mainEntityOfPage":{"@id":"https:\/\/iraurgiberritzen.eus\/es\/itinerarios-formativos-para-100-personas-desempleadas-en-marcha-en-urola-erdia-dentro-del-proyecto-elkarekin\/"},"wordCount":524,"publisher":{"@id":"https:\/\/iraurgiberritzen.eus\/es\/#organization"},"image":{"@id":"https:\/\/iraurgiberritzen.eus\/es\/itinerarios-formativos-para-100-personas-desempleadas-en-marcha-en-urola-erdia-dentro-del-proyecto-elkarekin\/#primaryimage"},"thumbnailUrl":"https:\/\/iraurgiberritzen.eus\/wp-content\/uploads\/2025\/05\/PXL_20250530_0732026632-scaled.jpg","articleSection":["Noticias"],"inLanguage":"es"},{"@type":"WebPage","@id":"https:\/\/iraurgiberritzen.eus\/es\/itinerarios-formativos-para-100-personas-desempleadas-en-marcha-en-urola-erdia-dentro-del-proyecto-elkarekin\/","url":"https:\/\/iraurgiberritzen.eus\/es\/itinerarios-formativos-para-100-personas-desempleadas-en-marcha-en-urola-erdia-dentro-del-proyecto-elkarekin\/","name":"Urola Erdia pone en marcha itinerarios formativos para 100 personas desempleadas dentro del proyecto ElkarEkin - Iraurgi Berritzen","isPartOf":{"@id":"https:\/\/iraurgiberritzen.eus\/es\/#website"},"primaryImageOfPage":{"@id":"https:\/\/iraurgiberritzen.eus\/es\/itinerarios-formativos-para-100-personas-desempleadas-en-marcha-en-urola-erdia-dentro-del-proyecto-elkarekin\/#primaryimage"},"image":{"@id":"https:\/\/iraurgiberritzen.eus\/es\/itinerarios-formativos-para-100-personas-desempleadas-en-marcha-en-urola-erdia-dentro-del-proyecto-elkarekin\/#primaryimage"},"thumbnailUrl":"https:\/\/iraurgiberritzen.eus\/wp-content\/uploads\/2025\/05\/PXL_20250530_0732026632-scaled.jpg","datePublished":"2025-05-30T06:06:17+00:00","dateModified":"2025-06-03T06:55:58+00:00","breadcrumb":{"@id":"https:\/\/iraurgiberritzen.eus\/es\/itinerarios-formativos-para-100-personas-desempleadas-en-marcha-en-urola-erdia-dentro-del-proyecto-elkarekin\/#breadcrumb"},"inLanguage":"es","potentialAction":[{"@type":"ReadAction","target":["https:\/\/iraurgiberritzen.eus\/es\/itinerarios-formativos-para-100-personas-desempleadas-en-marcha-en-urola-erdia-dentro-del-proyecto-elkarekin\/"]}]},{"@type":"ImageObject","inLanguage":"es","@id":"https:\/\/iraurgiberritzen.eus\/es\/itinerarios-formativos-para-100-personas-desempleadas-en-marcha-en-urola-erdia-dentro-del-proyecto-elkarekin\/#primaryimage","url":"https:\/\/iraurgiberritzen.eus\/wp-content\/uploads\/2025\/05\/PXL_20250530_0732026632-scaled.jpg","contentUrl":"https:\/\/iraurgiberritzen.eus\/wp-content\/uploads\/2025\/05\/PXL_20250530_0732026632-scaled.jpg","width":2560,"height":1920},{"@type":"BreadcrumbList","@id":"https:\/\/iraurgiberritzen.eus\/es\/itinerarios-formativos-para-100-personas-desempleadas-en-marcha-en-urola-erdia-dentro-del-proyecto-elkarekin\/#breadcrumb","itemListElement":[{"@type":"ListItem","position":1,"name":"Home","item":"https:\/\/iraurgiberritzen.eus\/es\/"},{"@type":"ListItem","position":2,"name":"Urola Erdia pone en marcha itinerarios formativos para 100 personas desempleadas dentro del proyecto ElkarEkin"}]},{"@type":"WebSite","@id":"https:\/\/iraurgiberritzen.eus\/es\/#website","url":"https:\/\/iraurgiberritzen.eus\/es\/","name":"Iraurgi Berritzen","description":"Urola Erdiko Garapen Agentzia","publisher":{"@id":"https:\/\/iraurgiberritzen.eus\/es\/#organization"},"potentialAction":[{"@type":"SearchAction","target":{"@type":"EntryPoint","urlTemplate":"https:\/\/iraurgiberritzen.eus\/es\/?s={search_term_string}"},"query-input":{"@type":"PropertyValueSpecification","valueRequired":true,"valueName":"search_term_string"}}],"inLanguage":"es"},{"@type":"Organization","@id":"https:\/\/iraurgiberritzen.eus\/es\/#organization","name":"Iraurgi Berritzen","url":"https:\/\/iraurgiberritzen.eus\/es\/","logo":{"@type":"ImageObject","inLanguage":"es","@id":"https:\/\/iraurgiberritzen.eus\/es\/#\/schema\/logo\/image\/","url":"https:\/\/iraurgiberritzen.eus\/wp-content\/uploads\/2024\/02\/IRAURGI-BERRITZEN-logotipoa_2.png","contentUrl":"https:\/\/iraurgiberritzen.eus\/wp-content\/uploads\/2024\/02\/IRAURGI-BERRITZEN-logotipoa_2.png","width":496,"height":190,"caption":"Iraurgi Berritzen"},"image":{"@id":"https:\/\/iraurgiberritzen.eus\/es\/#\/schema\/logo\/image\/"}},{"@type":"Person","@id":"https:\/\/iraurgiberritzen.eus\/es\/#\/schema\/person\/a32c9825b3e2bfcbe757a97f6a15c8a5","name":"ainara"}]}},"_links":{"self":[{"href":"https:\/\/iraurgiberritzen.eus\/es\/wp-json\/wp\/v2\/posts\/23495","targetHints":{"allow":["GET"]}}],"collection":[{"href":"https:\/\/iraurgiberritzen.eus\/es\/wp-json\/wp\/v2\/posts"}],"about":[{"href":"https:\/\/iraurgiberritzen.eus\/es\/wp-json\/wp\/v2\/types\/post"}],"author":[{"embeddable":true,"href":"https:\/\/iraurgiberritzen.eus\/es\/wp-json\/wp\/v2\/users\/4"}],"replies":[{"embeddable":true,"href":"https:\/\/iraurgiberritzen.eus\/es\/wp-json\/wp\/v2\/comments?post=23495"}],"version-history":[{"count":8,"href":"https:\/\/iraurgiberritzen.eus\/es\/wp-json\/wp\/v2\/posts\/23495\/revisions"}],"predecessor-version":[{"id":23520,"href":"https:\/\/iraurgiberritzen.eus\/es\/wp-json\/wp\/v2\/posts\/23495\/revisions\/23520"}],"wp:featuredmedia":[{"embeddable":true,"href":"https:\/\/iraurgiberritzen.eus\/es\/wp-json\/wp\/v2\/media\/23505"}],"wp:attachment":[{"href":"https:\/\/iraurgiberritzen.eus\/es\/wp-json\/wp\/v2\/media?parent=23495"}],"wp:term":[{"taxonomy":"category","embeddable":true,"href":"https:\/\/iraurgiberritzen.eus\/es\/wp-json\/wp\/v2\/categories?post=23495"},{"taxonomy":"post_tag","embeddable":true,"href":"https:\/\/iraurgiberritzen.eus\/es\/wp-json\/wp\/v2\/tags?post=23495"}],"curies":[{"name":"wp","href":"https:\/\/api.w.org\/{rel}","templated":true}]}}