{"id":23525,"date":"2025-06-03T11:49:34","date_gmt":"2025-06-03T09:49:34","guid":{"rendered":"https:\/\/iraurgiberritzen.eus\/?p=23525"},"modified":"2025-06-03T11:55:18","modified_gmt":"2025-06-03T09:55:18","slug":"ayudas-emet-2025-apoyo-al-emprendimiento-y-a-la-mejora-de-la-competitividad-de-las-empresas-turisticas","status":"publish","type":"post","link":"https:\/\/iraurgiberritzen.eus\/es\/ayudas-emet-2025-apoyo-al-emprendimiento-y-a-la-mejora-de-la-competitividad-de-las-empresas-turisticas\/","title":{"rendered":"Ayudas EMET 2025: Apoyo al emprendimiento y a la mejora de la competitividad de las empresas tur\u00edsticas"},"content":{"rendered":"<p><span data-contrast=\"auto\">El Departamento de Turismo, Comercio y Consumo del Gobierno Vasco ha abierto la convocatoria 2025 del programa de ayudas EMET, destinadas a fomentar la creaci\u00f3n de nuevos negocios tur\u00edsticos y la mejora de la competitividad del sector.<\/span><span data-ccp-props=\"{&quot;134233117&quot;:false,&quot;134233118&quot;:false,&quot;335559738&quot;:240,&quot;335559739&quot;:240}\">\u00a0<\/span><\/p>\n<p><span data-contrast=\"auto\">El plazo de solicitud estar\u00e1 abierto <\/span><b><span data-contrast=\"auto\">hasta el 30 de junio de 2025<\/span><\/b><span data-contrast=\"auto\"> y se tramita \u00edntegramente por v\u00eda electr\u00f3nica a trav\u00e9s de:<\/span><span data-ccp-props=\"{&quot;134233117&quot;:false,&quot;134233118&quot;:false,&quot;335559738&quot;:240,&quot;335559739&quot;:240}\">\u00a0<\/span><\/p>\n<p><span data-contrast=\"auto\">\u00a0\ud83d\udd17 <\/span><a href=\"https:\/\/www.euskadi.eus\/servicios\/1010213\" target=\"_blank\" rel=\"noopener\"><span data-contrast=\"none\">www.euskadi.eus\/servicios\/1010213<\/span><\/a><span data-ccp-props=\"{&quot;134233117&quot;:false,&quot;134233118&quot;:false,&quot;335559738&quot;:240,&quot;335559739&quot;:240}\">\u00a0<\/span><\/p>\n<p aria-level=\"3\"><b><span data-contrast=\"none\">Dos l\u00edneas de ayuda:<\/span><\/b><span data-ccp-props=\"{&quot;134233117&quot;:false,&quot;134233118&quot;:false,&quot;134245418&quot;:true,&quot;134245529&quot;:true,&quot;335559738&quot;:281,&quot;335559739&quot;:281}\">\u00a0<\/span><\/p>\n<ol>\n<li><b><span data-contrast=\"auto\"> Emprendimiento tur\u00edstico<\/span><\/b><\/li>\n<\/ol>\n<p><span data-contrast=\"auto\">\u00a0Para nuevas iniciativas tur\u00edsticas que entren en funcionamiento en 2025.<\/span><span data-ccp-props=\"{&quot;134233117&quot;:false,&quot;134233118&quot;:false,&quot;335559738&quot;:240,&quot;335559739&quot;:240}\">\u00a0<\/span><\/p>\n<ul>\n<li data-leveltext=\"\uf0b7\" data-font=\"Symbol\" data-listid=\"1\" data-list-defn-props=\"{&quot;335552541&quot;:1,&quot;335559685&quot;:720,&quot;335559991&quot;:360,&quot;469769226&quot;:&quot;Symbol&quot;,&quot;469769242&quot;:[8226],&quot;469777803&quot;:&quot;left&quot;,&quot;469777804&quot;:&quot;\uf0b7&quot;,&quot;469777815&quot;:&quot;hybridMultilevel&quot;}\" aria-setsize=\"-1\" data-aria-posinset=\"1\" data-aria-level=\"1\"><span data-contrast=\"auto\">Subvenci\u00f3n: hasta el 40\u202f% del gasto subvencionable, con un tope de 18.000\u202f\u20ac.<\/span><span data-ccp-props=\"{&quot;134233117&quot;:false,&quot;134233118&quot;:false,&quot;335559738&quot;:240,&quot;335559739&quot;:240}\">\u00a0<\/span><\/li>\n<\/ul>\n<ul>\n<li data-leveltext=\"\uf0b7\" data-font=\"Symbol\" data-listid=\"1\" data-list-defn-props=\"{&quot;335552541&quot;:1,&quot;335559685&quot;:720,&quot;335559991&quot;:360,&quot;469769226&quot;:&quot;Symbol&quot;,&quot;469769242&quot;:[8226],&quot;469777803&quot;:&quot;left&quot;,&quot;469777804&quot;:&quot;\uf0b7&quot;,&quot;469777815&quot;:&quot;hybridMultilevel&quot;}\" aria-setsize=\"-1\" data-aria-posinset=\"2\" data-aria-level=\"1\"><span data-contrast=\"auto\">Inversi\u00f3n m\u00ednima: 10.000\u202f\u20ac.<\/span><span data-ccp-props=\"{&quot;134233117&quot;:false,&quot;134233118&quot;:false,&quot;335559738&quot;:240,&quot;335559739&quot;:240}\">\u00a0<\/span><\/li>\n<\/ul>\n<ol start=\"2\">\n<li><b><span data-contrast=\"auto\"> Mejora de la competitividad<\/span><\/b><\/li>\n<\/ol>\n<p><span data-contrast=\"auto\">\u00a0Para empresas ya activas antes del 1 de enero de 2025.<\/span><span data-ccp-props=\"{&quot;134233117&quot;:false,&quot;134233118&quot;:false,&quot;335559738&quot;:240,&quot;335559739&quot;:240}\">\u00a0<\/span><\/p>\n<ul>\n<li data-leveltext=\"\uf0b7\" data-font=\"Symbol\" data-listid=\"2\" data-list-defn-props=\"{&quot;335552541&quot;:1,&quot;335559685&quot;:720,&quot;335559991&quot;:360,&quot;469769226&quot;:&quot;Symbol&quot;,&quot;469769242&quot;:[8226],&quot;469777803&quot;:&quot;left&quot;,&quot;469777804&quot;:&quot;\uf0b7&quot;,&quot;469777815&quot;:&quot;hybridMultilevel&quot;}\" aria-setsize=\"-1\" data-aria-posinset=\"1\" data-aria-level=\"1\"><span data-contrast=\"auto\">Subvenci\u00f3n: hasta el 30\u202f% del gasto, con un tope de 15.000\u202f\u20ac.<\/span><span data-ccp-props=\"{&quot;134233117&quot;:false,&quot;134233118&quot;:false,&quot;335559738&quot;:240,&quot;335559739&quot;:240}\">\u00a0<\/span><\/li>\n<\/ul>\n<ul>\n<li data-leveltext=\"\uf0b7\" data-font=\"Symbol\" data-listid=\"2\" data-list-defn-props=\"{&quot;335552541&quot;:1,&quot;335559685&quot;:720,&quot;335559991&quot;:360,&quot;469769226&quot;:&quot;Symbol&quot;,&quot;469769242&quot;:[8226],&quot;469777803&quot;:&quot;left&quot;,&quot;469777804&quot;:&quot;\uf0b7&quot;,&quot;469777815&quot;:&quot;hybridMultilevel&quot;}\" aria-setsize=\"-1\" data-aria-posinset=\"2\" data-aria-level=\"1\"><span data-contrast=\"auto\">Inversi\u00f3n m\u00ednima por apartado: 5.000\u202f\u20ac.<\/span><span data-ccp-props=\"{&quot;134233117&quot;:false,&quot;134233118&quot;:false,&quot;335559738&quot;:240,&quot;335559739&quot;:240}\">\u00a0<\/span><\/li>\n<\/ul>\n<p aria-level=\"3\"><b><span data-contrast=\"none\">\u00c1mbitos subvencionables (seg\u00fan l\u00ednea):<\/span><\/b><span data-ccp-props=\"{&quot;134233117&quot;:false,&quot;134233118&quot;:false,&quot;134245418&quot;:true,&quot;134245529&quot;:true,&quot;335559738&quot;:281,&quot;335559739&quot;:281}\">\u00a0<\/span><\/p>\n<ul>\n<li data-leveltext=\"\uf0b7\" data-font=\"Symbol\" data-listid=\"3\" data-list-defn-props=\"{&quot;335552541&quot;:1,&quot;335559685&quot;:720,&quot;335559991&quot;:360,&quot;469769226&quot;:&quot;Symbol&quot;,&quot;469769242&quot;:[8226],&quot;469777803&quot;:&quot;left&quot;,&quot;469777804&quot;:&quot;\uf0b7&quot;,&quot;469777815&quot;:&quot;hybridMultilevel&quot;}\" aria-setsize=\"-1\" data-aria-posinset=\"1\" data-aria-level=\"1\"><span data-contrast=\"auto\">Innovaci\u00f3n tecnol\u00f3gica y digitalizaci\u00f3n.<\/span><span data-ccp-props=\"{&quot;134233117&quot;:false,&quot;134233118&quot;:false,&quot;335559738&quot;:240,&quot;335559739&quot;:240}\">\u00a0<\/span><\/li>\n<\/ul>\n<ul>\n<li data-leveltext=\"\uf0b7\" data-font=\"Symbol\" data-listid=\"3\" data-list-defn-props=\"{&quot;335552541&quot;:1,&quot;335559685&quot;:720,&quot;335559991&quot;:360,&quot;469769226&quot;:&quot;Symbol&quot;,&quot;469769242&quot;:[8226],&quot;469777803&quot;:&quot;left&quot;,&quot;469777804&quot;:&quot;\uf0b7&quot;,&quot;469777815&quot;:&quot;hybridMultilevel&quot;}\" aria-setsize=\"-1\" data-aria-posinset=\"2\" data-aria-level=\"1\"><span data-contrast=\"auto\">Desarrollo de nuevos productos y servicios tur\u00edsticos.<\/span><span data-ccp-props=\"{&quot;134233117&quot;:false,&quot;134233118&quot;:false,&quot;335559738&quot;:240,&quot;335559739&quot;:240}\">\u00a0<\/span><\/li>\n<\/ul>\n<ul>\n<li data-leveltext=\"\uf0b7\" data-font=\"Symbol\" data-listid=\"3\" data-list-defn-props=\"{&quot;335552541&quot;:1,&quot;335559685&quot;:720,&quot;335559991&quot;:360,&quot;469769226&quot;:&quot;Symbol&quot;,&quot;469769242&quot;:[8226],&quot;469777803&quot;:&quot;left&quot;,&quot;469777804&quot;:&quot;\uf0b7&quot;,&quot;469777815&quot;:&quot;hybridMultilevel&quot;}\" aria-setsize=\"-1\" data-aria-posinset=\"3\" data-aria-level=\"1\"><span data-contrast=\"auto\">Mejora de instalaciones y equipamientos.<\/span><span data-ccp-props=\"{&quot;134233117&quot;:false,&quot;134233118&quot;:false,&quot;335559738&quot;:240,&quot;335559739&quot;:240}\">\u00a0<\/span><\/li>\n<\/ul>\n<ul>\n<li data-leveltext=\"\uf0b7\" data-font=\"Symbol\" data-listid=\"3\" data-list-defn-props=\"{&quot;335552541&quot;:1,&quot;335559685&quot;:720,&quot;335559991&quot;:360,&quot;469769226&quot;:&quot;Symbol&quot;,&quot;469769242&quot;:[8226],&quot;469777803&quot;:&quot;left&quot;,&quot;469777804&quot;:&quot;\uf0b7&quot;,&quot;469777815&quot;:&quot;hybridMultilevel&quot;}\" aria-setsize=\"-1\" data-aria-posinset=\"4\" data-aria-level=\"1\"><span data-contrast=\"auto\">Accesibilidad, sostenibilidad y eficiencia energ\u00e9tica.<\/span><span data-ccp-props=\"{&quot;134233117&quot;:false,&quot;134233118&quot;:false,&quot;335559738&quot;:240,&quot;335559739&quot;:240}\">\u00a0<\/span><\/li>\n<\/ul>\n<ul>\n<li data-leveltext=\"\uf0b7\" data-font=\"Symbol\" data-listid=\"3\" data-list-defn-props=\"{&quot;335552541&quot;:1,&quot;335559685&quot;:720,&quot;335559991&quot;:360,&quot;469769226&quot;:&quot;Symbol&quot;,&quot;469769242&quot;:[8226],&quot;469777803&quot;:&quot;left&quot;,&quot;469777804&quot;:&quot;\uf0b7&quot;,&quot;469777815&quot;:&quot;hybridMultilevel&quot;}\" aria-setsize=\"-1\" data-aria-posinset=\"5\" data-aria-level=\"1\"><span data-contrast=\"auto\">Comercializaci\u00f3n online y conectividad en alojamientos.<\/span><span data-ccp-props=\"{&quot;134233117&quot;:false,&quot;134233118&quot;:false,&quot;335559738&quot;:240,&quot;335559739&quot;:240}\">\u00a0<\/span><\/li>\n<\/ul>\n<p aria-level=\"3\"><b><span data-contrast=\"none\">M\u00e1s informaci\u00f3n:<\/span><\/b><span data-ccp-props=\"{&quot;134233117&quot;:false,&quot;134233118&quot;:false,&quot;134245418&quot;:true,&quot;134245529&quot;:true,&quot;335559738&quot;:281,&quot;335559739&quot;:281}\">\u00a0<\/span><\/p>\n<p><span data-contrast=\"auto\">Alazne <\/span><a href=\"mailto:Larra%C3%B1aga_688718777_alarranaga@iraurgiberritzen.eus\"><span data-contrast=\"none\">Larra\u00f1aga_688718777_alarranaga@iraurgiberritzen.eus<\/span><\/a><span data-ccp-props=\"{&quot;134233117&quot;:false,&quot;134233118&quot;:false,&quot;201341983&quot;:0,&quot;335551550&quot;:1,&quot;335551620&quot;:1,&quot;335559685&quot;:0,&quot;335559737&quot;:0,&quot;335559738&quot;:240,&quot;335559739&quot;:240,&quot;335559740&quot;:279}\">\u00a0<\/span><\/p>\n<p><span data-contrast=\"auto\">Ione <\/span><a href=\"mailto:Eizagirre_688601299_ieizagirre@iraurgiberritzen.eus\"><span data-contrast=\"none\">Eizagirre_688601299_ieizagirre@iraurgiberritzen.eus<\/span><\/a><span data-ccp-props=\"{&quot;134233117&quot;:false,&quot;134233118&quot;:false,&quot;201341983&quot;:0,&quot;335551550&quot;:1,&quot;335551620&quot;:1,&quot;335559685&quot;:0,&quot;335559737&quot;:0,&quot;335559738&quot;:240,&quot;335559739&quot;:240,&quot;335559740&quot;:279}\">\u00a0<\/span><\/p>\n","protected":false},"excerpt":{"rendered":"<p>El Departamento de Turismo, Comercio y Consumo del Gobierno Vasco ha abierto la convocatoria 2025 del programa de ayudas EMET, destinadas a fomentar la creaci\u00f3n de nuevos negocios tur\u00edsticos y la mejora de la competitividad del sector.\u00a0 El plazo de solicitud estar\u00e1 abierto hasta el 30 de junio de 2025 y se tramita \u00edntegramente por [&hellip;]<\/p>\n","protected":false},"author":4,"featured_media":23532,"comment_status":"closed","ping_status":"closed","sticky":false,"template":"","format":"standard","meta":{"_acf_changed":false,"footnotes":""},"categories":[4],"tags":[],"class_list":["post-23525","post","type-post","status-publish","format-standard","has-post-thumbnail","hentry","category-noticias","arloak-emprendimiento","arloak-turismo"],"acf":[],"yoast_head":"<!-- This site is optimized with the Yoast SEO plugin v27.4 - https:\/\/yoast.com\/product\/yoast-seo-wordpress\/ -->\n<title>Ayudas EMET 2025: Apoyo al emprendimiento y a la mejora de la competitividad de las empresas tur\u00edsticas - Iraurgi Berritzen<\/title>\n<meta name=\"robots\" content=\"index, follow, max-snippet:-1, max-image-preview:large, max-video-preview:-1\" \/>\n<link rel=\"canonical\" href=\"https:\/\/iraurgiberritzen.eus\/es\/ayudas-emet-2025-apoyo-al-emprendimiento-y-a-la-mejora-de-la-competitividad-de-las-empresas-turisticas\/\" \/>\n<meta property=\"og:locale\" content=\"es_ES\" \/>\n<meta property=\"og:type\" content=\"article\" \/>\n<meta property=\"og:title\" content=\"Ayudas EMET 2025: Apoyo al emprendimiento y a la mejora de la competitividad de las empresas tur\u00edsticas - Iraurgi Berritzen\" \/>\n<meta property=\"og:description\" content=\"El Departamento de Turismo, Comercio y Consumo del Gobierno Vasco ha abierto la convocatoria 2025 del programa de ayudas EMET, destinadas a fomentar la creaci\u00f3n de nuevos negocios tur\u00edsticos y la mejora de la competitividad del sector.\u00a0 El plazo de solicitud estar\u00e1 abierto hasta el 30 de junio de 2025 y se tramita \u00edntegramente por [&hellip;]\" \/>\n<meta property=\"og:url\" content=\"https:\/\/iraurgiberritzen.eus\/es\/ayudas-emet-2025-apoyo-al-emprendimiento-y-a-la-mejora-de-la-competitividad-de-las-empresas-turisticas\/\" \/>\n<meta property=\"og:site_name\" content=\"Iraurgi Berritzen\" \/>\n<meta property=\"article:published_time\" content=\"2025-06-03T09:49:34+00:00\" \/>\n<meta property=\"article:modified_time\" content=\"2025-06-03T09:55:18+00:00\" \/>\n<meta property=\"og:image\" content=\"https:\/\/iraurgiberritzen.eus\/wp-content\/uploads\/2025\/06\/PORTADA-IB-WEB-800-x-550-px-49.jpg\" \/>\n\t<meta property=\"og:image:width\" content=\"2500\" \/>\n\t<meta property=\"og:image:height\" content=\"1719\" \/>\n\t<meta property=\"og:image:type\" content=\"image\/jpeg\" \/>\n<meta name=\"author\" content=\"ainara\" \/>\n<meta name=\"twitter:card\" content=\"summary_large_image\" \/>\n<meta name=\"twitter:label1\" content=\"Escrito por\" \/>\n\t<meta name=\"twitter:data1\" content=\"ainara\" \/>\n\t<meta name=\"twitter:label2\" content=\"Tiempo de lectura\" \/>\n\t<meta name=\"twitter:data2\" content=\"2 minutos\" \/>\n<script type=\"application\/ld+json\" class=\"yoast-schema-graph\">{\"@context\":\"https:\\\/\\\/schema.org\",\"@graph\":[{\"@type\":\"Article\",\"@id\":\"https:\\\/\\\/iraurgiberritzen.eus\\\/es\\\/ayudas-emet-2025-apoyo-al-emprendimiento-y-a-la-mejora-de-la-competitividad-de-las-empresas-turisticas\\\/#article\",\"isPartOf\":{\"@id\":\"https:\\\/\\\/iraurgiberritzen.eus\\\/es\\\/ayudas-emet-2025-apoyo-al-emprendimiento-y-a-la-mejora-de-la-competitividad-de-las-empresas-turisticas\\\/\"},\"author\":{\"name\":\"ainara\",\"@id\":\"https:\\\/\\\/iraurgiberritzen.eus\\\/es\\\/#\\\/schema\\\/person\\\/a32c9825b3e2bfcbe757a97f6a15c8a5\"},\"headline\":\"Ayudas EMET 2025: Apoyo al emprendimiento y a la mejora de la competitividad de las empresas tur\u00edsticas\",\"datePublished\":\"2025-06-03T09:49:34+00:00\",\"dateModified\":\"2025-06-03T09:55:18+00:00\",\"mainEntityOfPage\":{\"@id\":\"https:\\\/\\\/iraurgiberritzen.eus\\\/es\\\/ayudas-emet-2025-apoyo-al-emprendimiento-y-a-la-mejora-de-la-competitividad-de-las-empresas-turisticas\\\/\"},\"wordCount\":199,\"publisher\":{\"@id\":\"https:\\\/\\\/iraurgiberritzen.eus\\\/es\\\/#organization\"},\"image\":{\"@id\":\"https:\\\/\\\/iraurgiberritzen.eus\\\/es\\\/ayudas-emet-2025-apoyo-al-emprendimiento-y-a-la-mejora-de-la-competitividad-de-las-empresas-turisticas\\\/#primaryimage\"},\"thumbnailUrl\":\"https:\\\/\\\/iraurgiberritzen.eus\\\/wp-content\\\/uploads\\\/2025\\\/06\\\/PORTADA-IB-WEB-800-x-550-px-50.jpg\",\"articleSection\":[\"Noticias\"],\"inLanguage\":\"es\"},{\"@type\":\"WebPage\",\"@id\":\"https:\\\/\\\/iraurgiberritzen.eus\\\/es\\\/ayudas-emet-2025-apoyo-al-emprendimiento-y-a-la-mejora-de-la-competitividad-de-las-empresas-turisticas\\\/\",\"url\":\"https:\\\/\\\/iraurgiberritzen.eus\\\/es\\\/ayudas-emet-2025-apoyo-al-emprendimiento-y-a-la-mejora-de-la-competitividad-de-las-empresas-turisticas\\\/\",\"name\":\"Ayudas EMET 2025: Apoyo al emprendimiento y a la mejora de la competitividad de las empresas tur\u00edsticas - Iraurgi Berritzen\",\"isPartOf\":{\"@id\":\"https:\\\/\\\/iraurgiberritzen.eus\\\/es\\\/#website\"},\"primaryImageOfPage\":{\"@id\":\"https:\\\/\\\/iraurgiberritzen.eus\\\/es\\\/ayudas-emet-2025-apoyo-al-emprendimiento-y-a-la-mejora-de-la-competitividad-de-las-empresas-turisticas\\\/#primaryimage\"},\"image\":{\"@id\":\"https:\\\/\\\/iraurgiberritzen.eus\\\/es\\\/ayudas-emet-2025-apoyo-al-emprendimiento-y-a-la-mejora-de-la-competitividad-de-las-empresas-turisticas\\\/#primaryimage\"},\"thumbnailUrl\":\"https:\\\/\\\/iraurgiberritzen.eus\\\/wp-content\\\/uploads\\\/2025\\\/06\\\/PORTADA-IB-WEB-800-x-550-px-50.jpg\",\"datePublished\":\"2025-06-03T09:49:34+00:00\",\"dateModified\":\"2025-06-03T09:55:18+00:00\",\"breadcrumb\":{\"@id\":\"https:\\\/\\\/iraurgiberritzen.eus\\\/es\\\/ayudas-emet-2025-apoyo-al-emprendimiento-y-a-la-mejora-de-la-competitividad-de-las-empresas-turisticas\\\/#breadcrumb\"},\"inLanguage\":\"es\",\"potentialAction\":[{\"@type\":\"ReadAction\",\"target\":[\"https:\\\/\\\/iraurgiberritzen.eus\\\/es\\\/ayudas-emet-2025-apoyo-al-emprendimiento-y-a-la-mejora-de-la-competitividad-de-las-empresas-turisticas\\\/\"]}]},{\"@type\":\"ImageObject\",\"inLanguage\":\"es\",\"@id\":\"https:\\\/\\\/iraurgiberritzen.eus\\\/es\\\/ayudas-emet-2025-apoyo-al-emprendimiento-y-a-la-mejora-de-la-competitividad-de-las-empresas-turisticas\\\/#primaryimage\",\"url\":\"https:\\\/\\\/iraurgiberritzen.eus\\\/wp-content\\\/uploads\\\/2025\\\/06\\\/PORTADA-IB-WEB-800-x-550-px-50.jpg\",\"contentUrl\":\"https:\\\/\\\/iraurgiberritzen.eus\\\/wp-content\\\/uploads\\\/2025\\\/06\\\/PORTADA-IB-WEB-800-x-550-px-50.jpg\",\"width\":2500,\"height\":1719},{\"@type\":\"BreadcrumbList\",\"@id\":\"https:\\\/\\\/iraurgiberritzen.eus\\\/es\\\/ayudas-emet-2025-apoyo-al-emprendimiento-y-a-la-mejora-de-la-competitividad-de-las-empresas-turisticas\\\/#breadcrumb\",\"itemListElement\":[{\"@type\":\"ListItem\",\"position\":1,\"name\":\"Home\",\"item\":\"https:\\\/\\\/iraurgiberritzen.eus\\\/es\\\/\"},{\"@type\":\"ListItem\",\"position\":2,\"name\":\"Ayudas EMET 2025: Apoyo al emprendimiento y a la mejora de la competitividad de las empresas tur\u00edsticas\"}]},{\"@type\":\"WebSite\",\"@id\":\"https:\\\/\\\/iraurgiberritzen.eus\\\/es\\\/#website\",\"url\":\"https:\\\/\\\/iraurgiberritzen.eus\\\/es\\\/\",\"name\":\"Iraurgi Berritzen\",\"description\":\"Urola Erdiko Garapen Agentzia\",\"publisher\":{\"@id\":\"https:\\\/\\\/iraurgiberritzen.eus\\\/es\\\/#organization\"},\"potentialAction\":[{\"@type\":\"SearchAction\",\"target\":{\"@type\":\"EntryPoint\",\"urlTemplate\":\"https:\\\/\\\/iraurgiberritzen.eus\\\/es\\\/?s={search_term_string}\"},\"query-input\":{\"@type\":\"PropertyValueSpecification\",\"valueRequired\":true,\"valueName\":\"search_term_string\"}}],\"inLanguage\":\"es\"},{\"@type\":\"Organization\",\"@id\":\"https:\\\/\\\/iraurgiberritzen.eus\\\/es\\\/#organization\",\"name\":\"Iraurgi Berritzen\",\"url\":\"https:\\\/\\\/iraurgiberritzen.eus\\\/es\\\/\",\"logo\":{\"@type\":\"ImageObject\",\"inLanguage\":\"es\",\"@id\":\"https:\\\/\\\/iraurgiberritzen.eus\\\/es\\\/#\\\/schema\\\/logo\\\/image\\\/\",\"url\":\"https:\\\/\\\/iraurgiberritzen.eus\\\/wp-content\\\/uploads\\\/2024\\\/02\\\/IRAURGI-BERRITZEN-logotipoa_2.png\",\"contentUrl\":\"https:\\\/\\\/iraurgiberritzen.eus\\\/wp-content\\\/uploads\\\/2024\\\/02\\\/IRAURGI-BERRITZEN-logotipoa_2.png\",\"width\":496,\"height\":190,\"caption\":\"Iraurgi Berritzen\"},\"image\":{\"@id\":\"https:\\\/\\\/iraurgiberritzen.eus\\\/es\\\/#\\\/schema\\\/logo\\\/image\\\/\"}},{\"@type\":\"Person\",\"@id\":\"https:\\\/\\\/iraurgiberritzen.eus\\\/es\\\/#\\\/schema\\\/person\\\/a32c9825b3e2bfcbe757a97f6a15c8a5\",\"name\":\"ainara\"}]}<\/script>\n<!-- \/ Yoast SEO plugin. -->","yoast_head_json":{"title":"Ayudas EMET 2025: Apoyo al emprendimiento y a la mejora de la competitividad de las empresas tur\u00edsticas - Iraurgi Berritzen","robots":{"index":"index","follow":"follow","max-snippet":"max-snippet:-1","max-image-preview":"max-image-preview:large","max-video-preview":"max-video-preview:-1"},"canonical":"https:\/\/iraurgiberritzen.eus\/es\/ayudas-emet-2025-apoyo-al-emprendimiento-y-a-la-mejora-de-la-competitividad-de-las-empresas-turisticas\/","og_locale":"es_ES","og_type":"article","og_title":"Ayudas EMET 2025: Apoyo al emprendimiento y a la mejora de la competitividad de las empresas tur\u00edsticas - Iraurgi Berritzen","og_description":"El Departamento de Turismo, Comercio y Consumo del Gobierno Vasco ha abierto la convocatoria 2025 del programa de ayudas EMET, destinadas a fomentar la creaci\u00f3n de nuevos negocios tur\u00edsticos y la mejora de la competitividad del sector.\u00a0 El plazo de solicitud estar\u00e1 abierto hasta el 30 de junio de 2025 y se tramita \u00edntegramente por [&hellip;]","og_url":"https:\/\/iraurgiberritzen.eus\/es\/ayudas-emet-2025-apoyo-al-emprendimiento-y-a-la-mejora-de-la-competitividad-de-las-empresas-turisticas\/","og_site_name":"Iraurgi Berritzen","article_published_time":"2025-06-03T09:49:34+00:00","article_modified_time":"2025-06-03T09:55:18+00:00","og_image":[{"width":2500,"height":1719,"url":"https:\/\/iraurgiberritzen.eus\/wp-content\/uploads\/2025\/06\/PORTADA-IB-WEB-800-x-550-px-49.jpg","type":"image\/jpeg"}],"author":"ainara","twitter_card":"summary_large_image","twitter_misc":{"Escrito por":"ainara","Tiempo de lectura":"2 minutos"},"schema":{"@context":"https:\/\/schema.org","@graph":[{"@type":"Article","@id":"https:\/\/iraurgiberritzen.eus\/es\/ayudas-emet-2025-apoyo-al-emprendimiento-y-a-la-mejora-de-la-competitividad-de-las-empresas-turisticas\/#article","isPartOf":{"@id":"https:\/\/iraurgiberritzen.eus\/es\/ayudas-emet-2025-apoyo-al-emprendimiento-y-a-la-mejora-de-la-competitividad-de-las-empresas-turisticas\/"},"author":{"name":"ainara","@id":"https:\/\/iraurgiberritzen.eus\/es\/#\/schema\/person\/a32c9825b3e2bfcbe757a97f6a15c8a5"},"headline":"Ayudas EMET 2025: Apoyo al emprendimiento y a la mejora de la competitividad de las empresas tur\u00edsticas","datePublished":"2025-06-03T09:49:34+00:00","dateModified":"2025-06-03T09:55:18+00:00","mainEntityOfPage":{"@id":"https:\/\/iraurgiberritzen.eus\/es\/ayudas-emet-2025-apoyo-al-emprendimiento-y-a-la-mejora-de-la-competitividad-de-las-empresas-turisticas\/"},"wordCount":199,"publisher":{"@id":"https:\/\/iraurgiberritzen.eus\/es\/#organization"},"image":{"@id":"https:\/\/iraurgiberritzen.eus\/es\/ayudas-emet-2025-apoyo-al-emprendimiento-y-a-la-mejora-de-la-competitividad-de-las-empresas-turisticas\/#primaryimage"},"thumbnailUrl":"https:\/\/iraurgiberritzen.eus\/wp-content\/uploads\/2025\/06\/PORTADA-IB-WEB-800-x-550-px-50.jpg","articleSection":["Noticias"],"inLanguage":"es"},{"@type":"WebPage","@id":"https:\/\/iraurgiberritzen.eus\/es\/ayudas-emet-2025-apoyo-al-emprendimiento-y-a-la-mejora-de-la-competitividad-de-las-empresas-turisticas\/","url":"https:\/\/iraurgiberritzen.eus\/es\/ayudas-emet-2025-apoyo-al-emprendimiento-y-a-la-mejora-de-la-competitividad-de-las-empresas-turisticas\/","name":"Ayudas EMET 2025: Apoyo al emprendimiento y a la mejora de la competitividad de las empresas tur\u00edsticas - Iraurgi Berritzen","isPartOf":{"@id":"https:\/\/iraurgiberritzen.eus\/es\/#website"},"primaryImageOfPage":{"@id":"https:\/\/iraurgiberritzen.eus\/es\/ayudas-emet-2025-apoyo-al-emprendimiento-y-a-la-mejora-de-la-competitividad-de-las-empresas-turisticas\/#primaryimage"},"image":{"@id":"https:\/\/iraurgiberritzen.eus\/es\/ayudas-emet-2025-apoyo-al-emprendimiento-y-a-la-mejora-de-la-competitividad-de-las-empresas-turisticas\/#primaryimage"},"thumbnailUrl":"https:\/\/iraurgiberritzen.eus\/wp-content\/uploads\/2025\/06\/PORTADA-IB-WEB-800-x-550-px-50.jpg","datePublished":"2025-06-03T09:49:34+00:00","dateModified":"2025-06-03T09:55:18+00:00","breadcrumb":{"@id":"https:\/\/iraurgiberritzen.eus\/es\/ayudas-emet-2025-apoyo-al-emprendimiento-y-a-la-mejora-de-la-competitividad-de-las-empresas-turisticas\/#breadcrumb"},"inLanguage":"es","potentialAction":[{"@type":"ReadAction","target":["https:\/\/iraurgiberritzen.eus\/es\/ayudas-emet-2025-apoyo-al-emprendimiento-y-a-la-mejora-de-la-competitividad-de-las-empresas-turisticas\/"]}]},{"@type":"ImageObject","inLanguage":"es","@id":"https:\/\/iraurgiberritzen.eus\/es\/ayudas-emet-2025-apoyo-al-emprendimiento-y-a-la-mejora-de-la-competitividad-de-las-empresas-turisticas\/#primaryimage","url":"https:\/\/iraurgiberritzen.eus\/wp-content\/uploads\/2025\/06\/PORTADA-IB-WEB-800-x-550-px-50.jpg","contentUrl":"https:\/\/iraurgiberritzen.eus\/wp-content\/uploads\/2025\/06\/PORTADA-IB-WEB-800-x-550-px-50.jpg","width":2500,"height":1719},{"@type":"BreadcrumbList","@id":"https:\/\/iraurgiberritzen.eus\/es\/ayudas-emet-2025-apoyo-al-emprendimiento-y-a-la-mejora-de-la-competitividad-de-las-empresas-turisticas\/#breadcrumb","itemListElement":[{"@type":"ListItem","position":1,"name":"Home","item":"https:\/\/iraurgiberritzen.eus\/es\/"},{"@type":"ListItem","position":2,"name":"Ayudas EMET 2025: Apoyo al emprendimiento y a la mejora de la competitividad de las empresas tur\u00edsticas"}]},{"@type":"WebSite","@id":"https:\/\/iraurgiberritzen.eus\/es\/#website","url":"https:\/\/iraurgiberritzen.eus\/es\/","name":"Iraurgi Berritzen","description":"Urola Erdiko Garapen Agentzia","publisher":{"@id":"https:\/\/iraurgiberritzen.eus\/es\/#organization"},"potentialAction":[{"@type":"SearchAction","target":{"@type":"EntryPoint","urlTemplate":"https:\/\/iraurgiberritzen.eus\/es\/?s={search_term_string}"},"query-input":{"@type":"PropertyValueSpecification","valueRequired":true,"valueName":"search_term_string"}}],"inLanguage":"es"},{"@type":"Organization","@id":"https:\/\/iraurgiberritzen.eus\/es\/#organization","name":"Iraurgi Berritzen","url":"https:\/\/iraurgiberritzen.eus\/es\/","logo":{"@type":"ImageObject","inLanguage":"es","@id":"https:\/\/iraurgiberritzen.eus\/es\/#\/schema\/logo\/image\/","url":"https:\/\/iraurgiberritzen.eus\/wp-content\/uploads\/2024\/02\/IRAURGI-BERRITZEN-logotipoa_2.png","contentUrl":"https:\/\/iraurgiberritzen.eus\/wp-content\/uploads\/2024\/02\/IRAURGI-BERRITZEN-logotipoa_2.png","width":496,"height":190,"caption":"Iraurgi Berritzen"},"image":{"@id":"https:\/\/iraurgiberritzen.eus\/es\/#\/schema\/logo\/image\/"}},{"@type":"Person","@id":"https:\/\/iraurgiberritzen.eus\/es\/#\/schema\/person\/a32c9825b3e2bfcbe757a97f6a15c8a5","name":"ainara"}]}},"_links":{"self":[{"href":"https:\/\/iraurgiberritzen.eus\/es\/wp-json\/wp\/v2\/posts\/23525","targetHints":{"allow":["GET"]}}],"collection":[{"href":"https:\/\/iraurgiberritzen.eus\/es\/wp-json\/wp\/v2\/posts"}],"about":[{"href":"https:\/\/iraurgiberritzen.eus\/es\/wp-json\/wp\/v2\/types\/post"}],"author":[{"embeddable":true,"href":"https:\/\/iraurgiberritzen.eus\/es\/wp-json\/wp\/v2\/users\/4"}],"replies":[{"embeddable":true,"href":"https:\/\/iraurgiberritzen.eus\/es\/wp-json\/wp\/v2\/comments?post=23525"}],"version-history":[{"count":2,"href":"https:\/\/iraurgiberritzen.eus\/es\/wp-json\/wp\/v2\/posts\/23525\/revisions"}],"predecessor-version":[{"id":23528,"href":"https:\/\/iraurgiberritzen.eus\/es\/wp-json\/wp\/v2\/posts\/23525\/revisions\/23528"}],"wp:featuredmedia":[{"embeddable":true,"href":"https:\/\/iraurgiberritzen.eus\/es\/wp-json\/wp\/v2\/media\/23532"}],"wp:attachment":[{"href":"https:\/\/iraurgiberritzen.eus\/es\/wp-json\/wp\/v2\/media?parent=23525"}],"wp:term":[{"taxonomy":"category","embeddable":true,"href":"https:\/\/iraurgiberritzen.eus\/es\/wp-json\/wp\/v2\/categories?post=23525"},{"taxonomy":"post_tag","embeddable":true,"href":"https:\/\/iraurgiberritzen.eus\/es\/wp-json\/wp\/v2\/tags?post=23525"}],"curies":[{"name":"wp","href":"https:\/\/api.w.org\/{rel}","templated":true}]}}