{"id":23547,"date":"2025-06-05T13:24:36","date_gmt":"2025-06-05T11:24:36","guid":{"rendered":"https:\/\/iraurgiberritzen.eus\/?p=23547"},"modified":"2025-06-05T13:26:03","modified_gmt":"2025-06-05T11:26:03","slug":"las-pequenas-empresas-industriales-de-la-comarca-trabajan-las-claves-para-garantizar-su-ciberseguridad","status":"publish","type":"post","link":"https:\/\/iraurgiberritzen.eus\/es\/las-pequenas-empresas-industriales-de-la-comarca-trabajan-las-claves-para-garantizar-su-ciberseguridad\/","title":{"rendered":"Las peque\u00f1as empresas industriales de la comarca trabajan las claves para garantizar su ciberseguridad"},"content":{"rendered":"<h5><b>En la sesi\u00f3n de trabajo celebrada hoy en el Palacio Basazabal y organizada en colaboraci\u00f3n con ZIUR (Centro de Ciberseguridad Industrial de Gipuzkoa), las peque\u00f1as empresas industriales de la comarca han podido conocer medidas pr\u00e1cticas de protecci\u00f3n ante los riesgos actuales y compartir experiencias entre ellas.<\/b><\/h5>\n<p><span data-contrast=\"auto\">La jornada ha estado dirigida especialmente a este tipo de empresas, con el objetivo de identificar y aplicar buenas pr\u00e1cticas en el \u00e1mbito de la ciberseguridad. Ante un contexto en el que los ciberataques son cada vez m\u00e1s frecuentes, se hace imprescindible adoptar medidas de protecci\u00f3n eficaces. En ella han participado 11 peque\u00f1as empresas del sector industrial de la comarca.\u00a0<\/span><span data-ccp-props=\"{&quot;134233117&quot;:true,&quot;134233118&quot;:true}\">\u00a0<\/span><\/p>\n<p><span data-contrast=\"auto\">A pesar de no requerir conocimientos t\u00e9cnicos avanzados, la sesi\u00f3n ha contado con tres objetivos principales: presentar la situaci\u00f3n actual y sensibilizar sobre los riesgos, transmitir conceptos clave y estrategias b\u00e1sicas de seguridad, y fomentar el intercambio de experiencias entre empresas participantes.<\/span><span data-ccp-props=\"{&quot;134233117&quot;:true,&quot;134233118&quot;:true}\">\u00a0<\/span><\/p>\n<p><span data-contrast=\"auto\">Esta sesi\u00f3n se ha celebrado en el marco del programa <\/span><b><span data-contrast=\"auto\">Ikasiz, <\/span><\/b><span data-contrast=\"auto\">financiado por la Diputaci\u00f3n Foral de Gipuzkoa,<\/span><span data-contrast=\"auto\"> una iniciativa orientada a organizar jornadas de informaci\u00f3n, sensibilizaci\u00f3n y pr\u00e1ctica entre las empresas del entorno como parte de un proceso de aprendizaje compartido. El programa se basa en las propuestas y necesidades expresadas por las propias empresas, abordando distintas \u00e1reas de gesti\u00f3n empresarial (tecnol\u00f3gica, personas, producci\u00f3n, gesti\u00f3n de la innovaci\u00f3n, etc.).<\/span><span data-ccp-props=\"{&quot;134233117&quot;:true,&quot;134233118&quot;:true}\">\u00a0<\/span><\/p>\n<p><span data-contrast=\"auto\">Desde la organizaci\u00f3n se agradece la participaci\u00f3n de todas las personas asistentes, con el deseo de que el aprendizaje compartido y la colaboraci\u00f3n sigan creciendo en el futuro.<\/span><span data-ccp-props=\"{&quot;134233117&quot;:true,&quot;134233118&quot;:true}\">\u00a0<\/span><\/p>\n","protected":false},"excerpt":{"rendered":"<p>En la sesi\u00f3n de trabajo celebrada hoy en el Palacio Basazabal y organizada en colaboraci\u00f3n con ZIUR (Centro de Ciberseguridad Industrial de Gipuzkoa), las peque\u00f1as empresas industriales de la comarca han podido conocer medidas pr\u00e1cticas de protecci\u00f3n ante los riesgos actuales y compartir experiencias entre ellas. La jornada ha estado dirigida especialmente a este tipo [&hellip;]<\/p>\n","protected":false},"author":4,"featured_media":23545,"comment_status":"closed","ping_status":"closed","sticky":false,"template":"","format":"standard","meta":{"_acf_changed":false,"footnotes":""},"categories":[4],"tags":[],"class_list":["post-23547","post","type-post","status-publish","format-standard","has-post-thumbnail","hentry","category-noticias","arloak-enpresa"],"acf":[],"yoast_head":"<!-- This site is optimized with the Yoast SEO plugin v27.4 - https:\/\/yoast.com\/product\/yoast-seo-wordpress\/ -->\n<title>Las peque\u00f1as empresas industriales de la comarca trabajan las claves para garantizar su ciberseguridad - Iraurgi Berritzen<\/title>\n<meta name=\"robots\" content=\"index, follow, max-snippet:-1, max-image-preview:large, max-video-preview:-1\" \/>\n<link rel=\"canonical\" href=\"https:\/\/iraurgiberritzen.eus\/es\/las-pequenas-empresas-industriales-de-la-comarca-trabajan-las-claves-para-garantizar-su-ciberseguridad\/\" \/>\n<meta property=\"og:locale\" content=\"es_ES\" \/>\n<meta property=\"og:type\" content=\"article\" \/>\n<meta property=\"og:title\" content=\"Las peque\u00f1as empresas industriales de la comarca trabajan las claves para garantizar su ciberseguridad - Iraurgi Berritzen\" \/>\n<meta property=\"og:description\" content=\"En la sesi\u00f3n de trabajo celebrada hoy en el Palacio Basazabal y organizada en colaboraci\u00f3n con ZIUR (Centro de Ciberseguridad Industrial de Gipuzkoa), las peque\u00f1as empresas industriales de la comarca han podido conocer medidas pr\u00e1cticas de protecci\u00f3n ante los riesgos actuales y compartir experiencias entre ellas. La jornada ha estado dirigida especialmente a este tipo [&hellip;]\" \/>\n<meta property=\"og:url\" content=\"https:\/\/iraurgiberritzen.eus\/es\/las-pequenas-empresas-industriales-de-la-comarca-trabajan-las-claves-para-garantizar-su-ciberseguridad\/\" \/>\n<meta property=\"og:site_name\" content=\"Iraurgi Berritzen\" \/>\n<meta property=\"article:published_time\" content=\"2025-06-05T11:24:36+00:00\" \/>\n<meta property=\"article:modified_time\" content=\"2025-06-05T11:26:03+00:00\" \/>\n<meta property=\"og:image\" content=\"https:\/\/iraurgiberritzen.eus\/wp-content\/uploads\/2025\/06\/PXL_20250605_070921061-scaled.jpg\" \/>\n\t<meta property=\"og:image:width\" content=\"2560\" \/>\n\t<meta property=\"og:image:height\" content=\"1922\" \/>\n\t<meta property=\"og:image:type\" content=\"image\/jpeg\" \/>\n<meta name=\"author\" content=\"ainara\" \/>\n<meta name=\"twitter:card\" content=\"summary_large_image\" \/>\n<meta name=\"twitter:label1\" content=\"Escrito por\" \/>\n\t<meta name=\"twitter:data1\" content=\"ainara\" \/>\n\t<meta name=\"twitter:label2\" content=\"Tiempo de lectura\" \/>\n\t<meta name=\"twitter:data2\" content=\"2 minutos\" \/>\n<script type=\"application\/ld+json\" class=\"yoast-schema-graph\">{\"@context\":\"https:\\\/\\\/schema.org\",\"@graph\":[{\"@type\":\"Article\",\"@id\":\"https:\\\/\\\/iraurgiberritzen.eus\\\/es\\\/las-pequenas-empresas-industriales-de-la-comarca-trabajan-las-claves-para-garantizar-su-ciberseguridad\\\/#article\",\"isPartOf\":{\"@id\":\"https:\\\/\\\/iraurgiberritzen.eus\\\/es\\\/las-pequenas-empresas-industriales-de-la-comarca-trabajan-las-claves-para-garantizar-su-ciberseguridad\\\/\"},\"author\":{\"name\":\"ainara\",\"@id\":\"https:\\\/\\\/iraurgiberritzen.eus\\\/es\\\/#\\\/schema\\\/person\\\/a32c9825b3e2bfcbe757a97f6a15c8a5\"},\"headline\":\"Las peque\u00f1as empresas industriales de la comarca trabajan las claves para garantizar su ciberseguridad\",\"datePublished\":\"2025-06-05T11:24:36+00:00\",\"dateModified\":\"2025-06-05T11:26:03+00:00\",\"mainEntityOfPage\":{\"@id\":\"https:\\\/\\\/iraurgiberritzen.eus\\\/es\\\/las-pequenas-empresas-industriales-de-la-comarca-trabajan-las-claves-para-garantizar-su-ciberseguridad\\\/\"},\"wordCount\":286,\"publisher\":{\"@id\":\"https:\\\/\\\/iraurgiberritzen.eus\\\/es\\\/#organization\"},\"image\":{\"@id\":\"https:\\\/\\\/iraurgiberritzen.eus\\\/es\\\/las-pequenas-empresas-industriales-de-la-comarca-trabajan-las-claves-para-garantizar-su-ciberseguridad\\\/#primaryimage\"},\"thumbnailUrl\":\"https:\\\/\\\/iraurgiberritzen.eus\\\/wp-content\\\/uploads\\\/2025\\\/06\\\/PXL_20250605_070921061-scaled.jpg\",\"articleSection\":[\"Noticias\"],\"inLanguage\":\"es\"},{\"@type\":\"WebPage\",\"@id\":\"https:\\\/\\\/iraurgiberritzen.eus\\\/es\\\/las-pequenas-empresas-industriales-de-la-comarca-trabajan-las-claves-para-garantizar-su-ciberseguridad\\\/\",\"url\":\"https:\\\/\\\/iraurgiberritzen.eus\\\/es\\\/las-pequenas-empresas-industriales-de-la-comarca-trabajan-las-claves-para-garantizar-su-ciberseguridad\\\/\",\"name\":\"Las peque\u00f1as empresas industriales de la comarca trabajan las claves para garantizar su ciberseguridad - Iraurgi Berritzen\",\"isPartOf\":{\"@id\":\"https:\\\/\\\/iraurgiberritzen.eus\\\/es\\\/#website\"},\"primaryImageOfPage\":{\"@id\":\"https:\\\/\\\/iraurgiberritzen.eus\\\/es\\\/las-pequenas-empresas-industriales-de-la-comarca-trabajan-las-claves-para-garantizar-su-ciberseguridad\\\/#primaryimage\"},\"image\":{\"@id\":\"https:\\\/\\\/iraurgiberritzen.eus\\\/es\\\/las-pequenas-empresas-industriales-de-la-comarca-trabajan-las-claves-para-garantizar-su-ciberseguridad\\\/#primaryimage\"},\"thumbnailUrl\":\"https:\\\/\\\/iraurgiberritzen.eus\\\/wp-content\\\/uploads\\\/2025\\\/06\\\/PXL_20250605_070921061-scaled.jpg\",\"datePublished\":\"2025-06-05T11:24:36+00:00\",\"dateModified\":\"2025-06-05T11:26:03+00:00\",\"breadcrumb\":{\"@id\":\"https:\\\/\\\/iraurgiberritzen.eus\\\/es\\\/las-pequenas-empresas-industriales-de-la-comarca-trabajan-las-claves-para-garantizar-su-ciberseguridad\\\/#breadcrumb\"},\"inLanguage\":\"es\",\"potentialAction\":[{\"@type\":\"ReadAction\",\"target\":[\"https:\\\/\\\/iraurgiberritzen.eus\\\/es\\\/las-pequenas-empresas-industriales-de-la-comarca-trabajan-las-claves-para-garantizar-su-ciberseguridad\\\/\"]}]},{\"@type\":\"ImageObject\",\"inLanguage\":\"es\",\"@id\":\"https:\\\/\\\/iraurgiberritzen.eus\\\/es\\\/las-pequenas-empresas-industriales-de-la-comarca-trabajan-las-claves-para-garantizar-su-ciberseguridad\\\/#primaryimage\",\"url\":\"https:\\\/\\\/iraurgiberritzen.eus\\\/wp-content\\\/uploads\\\/2025\\\/06\\\/PXL_20250605_070921061-scaled.jpg\",\"contentUrl\":\"https:\\\/\\\/iraurgiberritzen.eus\\\/wp-content\\\/uploads\\\/2025\\\/06\\\/PXL_20250605_070921061-scaled.jpg\",\"width\":2560,\"height\":1922},{\"@type\":\"BreadcrumbList\",\"@id\":\"https:\\\/\\\/iraurgiberritzen.eus\\\/es\\\/las-pequenas-empresas-industriales-de-la-comarca-trabajan-las-claves-para-garantizar-su-ciberseguridad\\\/#breadcrumb\",\"itemListElement\":[{\"@type\":\"ListItem\",\"position\":1,\"name\":\"Home\",\"item\":\"https:\\\/\\\/iraurgiberritzen.eus\\\/es\\\/\"},{\"@type\":\"ListItem\",\"position\":2,\"name\":\"Las peque\u00f1as empresas industriales de la comarca trabajan las claves para garantizar su ciberseguridad\"}]},{\"@type\":\"WebSite\",\"@id\":\"https:\\\/\\\/iraurgiberritzen.eus\\\/es\\\/#website\",\"url\":\"https:\\\/\\\/iraurgiberritzen.eus\\\/es\\\/\",\"name\":\"Iraurgi Berritzen\",\"description\":\"Urola Erdiko Garapen Agentzia\",\"publisher\":{\"@id\":\"https:\\\/\\\/iraurgiberritzen.eus\\\/es\\\/#organization\"},\"potentialAction\":[{\"@type\":\"SearchAction\",\"target\":{\"@type\":\"EntryPoint\",\"urlTemplate\":\"https:\\\/\\\/iraurgiberritzen.eus\\\/es\\\/?s={search_term_string}\"},\"query-input\":{\"@type\":\"PropertyValueSpecification\",\"valueRequired\":true,\"valueName\":\"search_term_string\"}}],\"inLanguage\":\"es\"},{\"@type\":\"Organization\",\"@id\":\"https:\\\/\\\/iraurgiberritzen.eus\\\/es\\\/#organization\",\"name\":\"Iraurgi Berritzen\",\"url\":\"https:\\\/\\\/iraurgiberritzen.eus\\\/es\\\/\",\"logo\":{\"@type\":\"ImageObject\",\"inLanguage\":\"es\",\"@id\":\"https:\\\/\\\/iraurgiberritzen.eus\\\/es\\\/#\\\/schema\\\/logo\\\/image\\\/\",\"url\":\"https:\\\/\\\/iraurgiberritzen.eus\\\/wp-content\\\/uploads\\\/2024\\\/02\\\/IRAURGI-BERRITZEN-logotipoa_2.png\",\"contentUrl\":\"https:\\\/\\\/iraurgiberritzen.eus\\\/wp-content\\\/uploads\\\/2024\\\/02\\\/IRAURGI-BERRITZEN-logotipoa_2.png\",\"width\":496,\"height\":190,\"caption\":\"Iraurgi Berritzen\"},\"image\":{\"@id\":\"https:\\\/\\\/iraurgiberritzen.eus\\\/es\\\/#\\\/schema\\\/logo\\\/image\\\/\"}},{\"@type\":\"Person\",\"@id\":\"https:\\\/\\\/iraurgiberritzen.eus\\\/es\\\/#\\\/schema\\\/person\\\/a32c9825b3e2bfcbe757a97f6a15c8a5\",\"name\":\"ainara\"}]}<\/script>\n<!-- \/ Yoast SEO plugin. -->","yoast_head_json":{"title":"Las peque\u00f1as empresas industriales de la comarca trabajan las claves para garantizar su ciberseguridad - Iraurgi Berritzen","robots":{"index":"index","follow":"follow","max-snippet":"max-snippet:-1","max-image-preview":"max-image-preview:large","max-video-preview":"max-video-preview:-1"},"canonical":"https:\/\/iraurgiberritzen.eus\/es\/las-pequenas-empresas-industriales-de-la-comarca-trabajan-las-claves-para-garantizar-su-ciberseguridad\/","og_locale":"es_ES","og_type":"article","og_title":"Las peque\u00f1as empresas industriales de la comarca trabajan las claves para garantizar su ciberseguridad - Iraurgi Berritzen","og_description":"En la sesi\u00f3n de trabajo celebrada hoy en el Palacio Basazabal y organizada en colaboraci\u00f3n con ZIUR (Centro de Ciberseguridad Industrial de Gipuzkoa), las peque\u00f1as empresas industriales de la comarca han podido conocer medidas pr\u00e1cticas de protecci\u00f3n ante los riesgos actuales y compartir experiencias entre ellas. La jornada ha estado dirigida especialmente a este tipo [&hellip;]","og_url":"https:\/\/iraurgiberritzen.eus\/es\/las-pequenas-empresas-industriales-de-la-comarca-trabajan-las-claves-para-garantizar-su-ciberseguridad\/","og_site_name":"Iraurgi Berritzen","article_published_time":"2025-06-05T11:24:36+00:00","article_modified_time":"2025-06-05T11:26:03+00:00","og_image":[{"width":2560,"height":1922,"url":"https:\/\/iraurgiberritzen.eus\/wp-content\/uploads\/2025\/06\/PXL_20250605_070921061-scaled.jpg","type":"image\/jpeg"}],"author":"ainara","twitter_card":"summary_large_image","twitter_misc":{"Escrito por":"ainara","Tiempo de lectura":"2 minutos"},"schema":{"@context":"https:\/\/schema.org","@graph":[{"@type":"Article","@id":"https:\/\/iraurgiberritzen.eus\/es\/las-pequenas-empresas-industriales-de-la-comarca-trabajan-las-claves-para-garantizar-su-ciberseguridad\/#article","isPartOf":{"@id":"https:\/\/iraurgiberritzen.eus\/es\/las-pequenas-empresas-industriales-de-la-comarca-trabajan-las-claves-para-garantizar-su-ciberseguridad\/"},"author":{"name":"ainara","@id":"https:\/\/iraurgiberritzen.eus\/es\/#\/schema\/person\/a32c9825b3e2bfcbe757a97f6a15c8a5"},"headline":"Las peque\u00f1as empresas industriales de la comarca trabajan las claves para garantizar su ciberseguridad","datePublished":"2025-06-05T11:24:36+00:00","dateModified":"2025-06-05T11:26:03+00:00","mainEntityOfPage":{"@id":"https:\/\/iraurgiberritzen.eus\/es\/las-pequenas-empresas-industriales-de-la-comarca-trabajan-las-claves-para-garantizar-su-ciberseguridad\/"},"wordCount":286,"publisher":{"@id":"https:\/\/iraurgiberritzen.eus\/es\/#organization"},"image":{"@id":"https:\/\/iraurgiberritzen.eus\/es\/las-pequenas-empresas-industriales-de-la-comarca-trabajan-las-claves-para-garantizar-su-ciberseguridad\/#primaryimage"},"thumbnailUrl":"https:\/\/iraurgiberritzen.eus\/wp-content\/uploads\/2025\/06\/PXL_20250605_070921061-scaled.jpg","articleSection":["Noticias"],"inLanguage":"es"},{"@type":"WebPage","@id":"https:\/\/iraurgiberritzen.eus\/es\/las-pequenas-empresas-industriales-de-la-comarca-trabajan-las-claves-para-garantizar-su-ciberseguridad\/","url":"https:\/\/iraurgiberritzen.eus\/es\/las-pequenas-empresas-industriales-de-la-comarca-trabajan-las-claves-para-garantizar-su-ciberseguridad\/","name":"Las peque\u00f1as empresas industriales de la comarca trabajan las claves para garantizar su ciberseguridad - Iraurgi Berritzen","isPartOf":{"@id":"https:\/\/iraurgiberritzen.eus\/es\/#website"},"primaryImageOfPage":{"@id":"https:\/\/iraurgiberritzen.eus\/es\/las-pequenas-empresas-industriales-de-la-comarca-trabajan-las-claves-para-garantizar-su-ciberseguridad\/#primaryimage"},"image":{"@id":"https:\/\/iraurgiberritzen.eus\/es\/las-pequenas-empresas-industriales-de-la-comarca-trabajan-las-claves-para-garantizar-su-ciberseguridad\/#primaryimage"},"thumbnailUrl":"https:\/\/iraurgiberritzen.eus\/wp-content\/uploads\/2025\/06\/PXL_20250605_070921061-scaled.jpg","datePublished":"2025-06-05T11:24:36+00:00","dateModified":"2025-06-05T11:26:03+00:00","breadcrumb":{"@id":"https:\/\/iraurgiberritzen.eus\/es\/las-pequenas-empresas-industriales-de-la-comarca-trabajan-las-claves-para-garantizar-su-ciberseguridad\/#breadcrumb"},"inLanguage":"es","potentialAction":[{"@type":"ReadAction","target":["https:\/\/iraurgiberritzen.eus\/es\/las-pequenas-empresas-industriales-de-la-comarca-trabajan-las-claves-para-garantizar-su-ciberseguridad\/"]}]},{"@type":"ImageObject","inLanguage":"es","@id":"https:\/\/iraurgiberritzen.eus\/es\/las-pequenas-empresas-industriales-de-la-comarca-trabajan-las-claves-para-garantizar-su-ciberseguridad\/#primaryimage","url":"https:\/\/iraurgiberritzen.eus\/wp-content\/uploads\/2025\/06\/PXL_20250605_070921061-scaled.jpg","contentUrl":"https:\/\/iraurgiberritzen.eus\/wp-content\/uploads\/2025\/06\/PXL_20250605_070921061-scaled.jpg","width":2560,"height":1922},{"@type":"BreadcrumbList","@id":"https:\/\/iraurgiberritzen.eus\/es\/las-pequenas-empresas-industriales-de-la-comarca-trabajan-las-claves-para-garantizar-su-ciberseguridad\/#breadcrumb","itemListElement":[{"@type":"ListItem","position":1,"name":"Home","item":"https:\/\/iraurgiberritzen.eus\/es\/"},{"@type":"ListItem","position":2,"name":"Las peque\u00f1as empresas industriales de la comarca trabajan las claves para garantizar su ciberseguridad"}]},{"@type":"WebSite","@id":"https:\/\/iraurgiberritzen.eus\/es\/#website","url":"https:\/\/iraurgiberritzen.eus\/es\/","name":"Iraurgi Berritzen","description":"Urola Erdiko Garapen Agentzia","publisher":{"@id":"https:\/\/iraurgiberritzen.eus\/es\/#organization"},"potentialAction":[{"@type":"SearchAction","target":{"@type":"EntryPoint","urlTemplate":"https:\/\/iraurgiberritzen.eus\/es\/?s={search_term_string}"},"query-input":{"@type":"PropertyValueSpecification","valueRequired":true,"valueName":"search_term_string"}}],"inLanguage":"es"},{"@type":"Organization","@id":"https:\/\/iraurgiberritzen.eus\/es\/#organization","name":"Iraurgi Berritzen","url":"https:\/\/iraurgiberritzen.eus\/es\/","logo":{"@type":"ImageObject","inLanguage":"es","@id":"https:\/\/iraurgiberritzen.eus\/es\/#\/schema\/logo\/image\/","url":"https:\/\/iraurgiberritzen.eus\/wp-content\/uploads\/2024\/02\/IRAURGI-BERRITZEN-logotipoa_2.png","contentUrl":"https:\/\/iraurgiberritzen.eus\/wp-content\/uploads\/2024\/02\/IRAURGI-BERRITZEN-logotipoa_2.png","width":496,"height":190,"caption":"Iraurgi Berritzen"},"image":{"@id":"https:\/\/iraurgiberritzen.eus\/es\/#\/schema\/logo\/image\/"}},{"@type":"Person","@id":"https:\/\/iraurgiberritzen.eus\/es\/#\/schema\/person\/a32c9825b3e2bfcbe757a97f6a15c8a5","name":"ainara"}]}},"_links":{"self":[{"href":"https:\/\/iraurgiberritzen.eus\/es\/wp-json\/wp\/v2\/posts\/23547","targetHints":{"allow":["GET"]}}],"collection":[{"href":"https:\/\/iraurgiberritzen.eus\/es\/wp-json\/wp\/v2\/posts"}],"about":[{"href":"https:\/\/iraurgiberritzen.eus\/es\/wp-json\/wp\/v2\/types\/post"}],"author":[{"embeddable":true,"href":"https:\/\/iraurgiberritzen.eus\/es\/wp-json\/wp\/v2\/users\/4"}],"replies":[{"embeddable":true,"href":"https:\/\/iraurgiberritzen.eus\/es\/wp-json\/wp\/v2\/comments?post=23547"}],"version-history":[{"count":2,"href":"https:\/\/iraurgiberritzen.eus\/es\/wp-json\/wp\/v2\/posts\/23547\/revisions"}],"predecessor-version":[{"id":23550,"href":"https:\/\/iraurgiberritzen.eus\/es\/wp-json\/wp\/v2\/posts\/23547\/revisions\/23550"}],"wp:featuredmedia":[{"embeddable":true,"href":"https:\/\/iraurgiberritzen.eus\/es\/wp-json\/wp\/v2\/media\/23545"}],"wp:attachment":[{"href":"https:\/\/iraurgiberritzen.eus\/es\/wp-json\/wp\/v2\/media?parent=23547"}],"wp:term":[{"taxonomy":"category","embeddable":true,"href":"https:\/\/iraurgiberritzen.eus\/es\/wp-json\/wp\/v2\/categories?post=23547"},{"taxonomy":"post_tag","embeddable":true,"href":"https:\/\/iraurgiberritzen.eus\/es\/wp-json\/wp\/v2\/tags?post=23547"}],"curies":[{"name":"wp","href":"https:\/\/api.w.org\/{rel}","templated":true}]}}