{"id":23553,"date":"2025-06-05T14:28:17","date_gmt":"2025-06-05T12:28:17","guid":{"rendered":"https:\/\/iraurgiberritzen.eus\/?p=23553"},"modified":"2025-06-05T14:46:38","modified_gmt":"2025-06-05T12:46:38","slug":"300-alumnos-divididos-en-78-grupos-de-trabajo-han-mantenido-otras-tantas-entrevistas-con-mas-de-45-profesionales-de-diferentes-agentes-de-la-comarca-a-lo-largo-del-proceso","status":"publish","type":"post","link":"https:\/\/iraurgiberritzen.eus\/es\/300-alumnos-divididos-en-78-grupos-de-trabajo-han-mantenido-otras-tantas-entrevistas-con-mas-de-45-profesionales-de-diferentes-agentes-de-la-comarca-a-lo-largo-del-proceso\/","title":{"rendered":"300 alumnos divididos en 78 grupos de trabajo han mantenido otras tantas entrevistas con m\u00e1s de 45 profesionales de diferentes agentes de la comarca a lo largo del proceso"},"content":{"rendered":"<p>Evaluaci\u00f3n del proyecto ELKARREKIN ERAIKITZEN con los equipos de trabajo de los 5 centros de la comarca<\/p>\n<p>Ayer, mi\u00e9rcoles 4 de junio, el grupo de trabajo de l\u00edderes del proyecto Elkarrekin Eraikitzen de los 5 centros escolares, ha mantenido la reuni\u00f3n de evaluaci\u00f3n del proceso, con el objetivo de realizar la valoraci\u00f3n correspondiente e identificar mejoras para el nuevo curso.<\/p>\n<p>Valoraciones realmente positivas, poniendo en valor el proceso desde la perspectiva de empezar a dar los primeros pasos en el proceso de orientaci\u00f3n de los j\u00f3venes.<\/p>\n<p><em>V\u00eddeo del proceso:<\/em><\/p>\n<iframe loading=\"lazy\" title=\"Lankidetza Proiektuak - ELKARREKIN ERAIKITZEN\" width=\"640\" height=\"360\" src=\"https:\/\/www.youtube.com\/embed\/nWLAhcy92P0?feature=oembed\" frameborder=\"0\" allow=\"accelerometer; autoplay; clipboard-write; encrypted-media; gyroscope; picture-in-picture; web-share\" referrerpolicy=\"strict-origin-when-cross-origin\" allowfullscreen><\/iframe>\n<p>Como todos los a\u00f1os, el 13 de junio se celebrar\u00e1 en el Palacio Basazabal de Azpeitia un acto de socializaci\u00f3n para cerrar el curso. El objetivo principal es la de dar protagonismo al alumnado y contar lo realizado ante representantes de diferentes ayuntamientos y agentes.<\/p>\n","protected":false},"excerpt":{"rendered":"<p>Evaluaci\u00f3n del proyecto ELKARREKIN ERAIKITZEN con los equipos de trabajo de los 5 centros de la comarca Ayer, mi\u00e9rcoles 4 de junio, el grupo de trabajo de l\u00edderes del proyecto Elkarrekin Eraikitzen de los 5 centros escolares, ha mantenido la reuni\u00f3n de evaluaci\u00f3n del proceso, con el objetivo de realizar la valoraci\u00f3n correspondiente e identificar [&hellip;]<\/p>\n","protected":false},"author":4,"featured_media":23556,"comment_status":"closed","ping_status":"closed","sticky":false,"template":"","format":"standard","meta":{"_acf_changed":false,"footnotes":""},"categories":[4],"tags":[],"class_list":["post-23553","post","type-post","status-publish","format-standard","has-post-thumbnail","hentry","category-noticias","arloak-educacion","arloak-elkarrekin-eraikitzen-es"],"acf":[],"yoast_head":"<!-- This site is optimized with the Yoast SEO plugin v27.4 - https:\/\/yoast.com\/product\/yoast-seo-wordpress\/ -->\n<title>300 alumnos divididos en 78 grupos de trabajo han mantenido otras tantas entrevistas con m\u00e1s de 45 profesionales de diferentes agentes de la comarca a lo largo del proceso - Iraurgi Berritzen<\/title>\n<meta name=\"robots\" content=\"index, follow, max-snippet:-1, max-image-preview:large, max-video-preview:-1\" \/>\n<link rel=\"canonical\" href=\"https:\/\/iraurgiberritzen.eus\/es\/300-alumnos-divididos-en-78-grupos-de-trabajo-han-mantenido-otras-tantas-entrevistas-con-mas-de-45-profesionales-de-diferentes-agentes-de-la-comarca-a-lo-largo-del-proceso\/\" \/>\n<meta property=\"og:locale\" content=\"es_ES\" \/>\n<meta property=\"og:type\" content=\"article\" \/>\n<meta property=\"og:title\" content=\"300 alumnos divididos en 78 grupos de trabajo han mantenido otras tantas entrevistas con m\u00e1s de 45 profesionales de diferentes agentes de la comarca a lo largo del proceso - Iraurgi Berritzen\" \/>\n<meta property=\"og:description\" content=\"Evaluaci\u00f3n del proyecto ELKARREKIN ERAIKITZEN con los equipos de trabajo de los 5 centros de la comarca Ayer, mi\u00e9rcoles 4 de junio, el grupo de trabajo de l\u00edderes del proyecto Elkarrekin Eraikitzen de los 5 centros escolares, ha mantenido la reuni\u00f3n de evaluaci\u00f3n del proceso, con el objetivo de realizar la valoraci\u00f3n correspondiente e identificar [&hellip;]\" \/>\n<meta property=\"og:url\" content=\"https:\/\/iraurgiberritzen.eus\/es\/300-alumnos-divididos-en-78-grupos-de-trabajo-han-mantenido-otras-tantas-entrevistas-con-mas-de-45-profesionales-de-diferentes-agentes-de-la-comarca-a-lo-largo-del-proceso\/\" \/>\n<meta property=\"og:site_name\" content=\"Iraurgi Berritzen\" \/>\n<meta property=\"article:published_time\" content=\"2025-06-05T12:28:17+00:00\" \/>\n<meta property=\"article:modified_time\" content=\"2025-06-05T12:46:38+00:00\" \/>\n<meta name=\"author\" content=\"ainara\" \/>\n<meta name=\"twitter:card\" content=\"summary_large_image\" \/>\n<meta name=\"twitter:label1\" content=\"Escrito por\" \/>\n\t<meta name=\"twitter:data1\" content=\"ainara\" \/>\n\t<meta name=\"twitter:label2\" content=\"Tiempo de lectura\" \/>\n\t<meta name=\"twitter:data2\" content=\"1 minuto\" \/>\n<script type=\"application\/ld+json\" class=\"yoast-schema-graph\">{\"@context\":\"https:\\\/\\\/schema.org\",\"@graph\":[{\"@type\":\"Article\",\"@id\":\"https:\\\/\\\/iraurgiberritzen.eus\\\/es\\\/300-alumnos-divididos-en-78-grupos-de-trabajo-han-mantenido-otras-tantas-entrevistas-con-mas-de-45-profesionales-de-diferentes-agentes-de-la-comarca-a-lo-largo-del-proceso\\\/#article\",\"isPartOf\":{\"@id\":\"https:\\\/\\\/iraurgiberritzen.eus\\\/es\\\/300-alumnos-divididos-en-78-grupos-de-trabajo-han-mantenido-otras-tantas-entrevistas-con-mas-de-45-profesionales-de-diferentes-agentes-de-la-comarca-a-lo-largo-del-proceso\\\/\"},\"author\":{\"name\":\"ainara\",\"@id\":\"https:\\\/\\\/iraurgiberritzen.eus\\\/es\\\/#\\\/schema\\\/person\\\/a32c9825b3e2bfcbe757a97f6a15c8a5\"},\"headline\":\"300 alumnos divididos en 78 grupos de trabajo han mantenido otras tantas entrevistas con m\u00e1s de 45 profesionales de diferentes agentes de la comarca a lo largo del proceso\",\"datePublished\":\"2025-06-05T12:28:17+00:00\",\"dateModified\":\"2025-06-05T12:46:38+00:00\",\"mainEntityOfPage\":{\"@id\":\"https:\\\/\\\/iraurgiberritzen.eus\\\/es\\\/300-alumnos-divididos-en-78-grupos-de-trabajo-han-mantenido-otras-tantas-entrevistas-con-mas-de-45-profesionales-de-diferentes-agentes-de-la-comarca-a-lo-largo-del-proceso\\\/\"},\"wordCount\":176,\"publisher\":{\"@id\":\"https:\\\/\\\/iraurgiberritzen.eus\\\/es\\\/#organization\"},\"image\":{\"@id\":\"https:\\\/\\\/iraurgiberritzen.eus\\\/es\\\/300-alumnos-divididos-en-78-grupos-de-trabajo-han-mantenido-otras-tantas-entrevistas-con-mas-de-45-profesionales-de-diferentes-agentes-de-la-comarca-a-lo-largo-del-proceso\\\/#primaryimage\"},\"thumbnailUrl\":\"https:\\\/\\\/iraurgiberritzen.eus\\\/wp-content\\\/uploads\\\/2025\\\/06\\\/PXL_20250604_070833048-scaled.jpg\",\"articleSection\":[\"Noticias\"],\"inLanguage\":\"es\"},{\"@type\":\"WebPage\",\"@id\":\"https:\\\/\\\/iraurgiberritzen.eus\\\/es\\\/300-alumnos-divididos-en-78-grupos-de-trabajo-han-mantenido-otras-tantas-entrevistas-con-mas-de-45-profesionales-de-diferentes-agentes-de-la-comarca-a-lo-largo-del-proceso\\\/\",\"url\":\"https:\\\/\\\/iraurgiberritzen.eus\\\/es\\\/300-alumnos-divididos-en-78-grupos-de-trabajo-han-mantenido-otras-tantas-entrevistas-con-mas-de-45-profesionales-de-diferentes-agentes-de-la-comarca-a-lo-largo-del-proceso\\\/\",\"name\":\"300 alumnos divididos en 78 grupos de trabajo han mantenido otras tantas entrevistas con m\u00e1s de 45 profesionales de diferentes agentes de la comarca a lo largo del proceso - Iraurgi Berritzen\",\"isPartOf\":{\"@id\":\"https:\\\/\\\/iraurgiberritzen.eus\\\/es\\\/#website\"},\"primaryImageOfPage\":{\"@id\":\"https:\\\/\\\/iraurgiberritzen.eus\\\/es\\\/300-alumnos-divididos-en-78-grupos-de-trabajo-han-mantenido-otras-tantas-entrevistas-con-mas-de-45-profesionales-de-diferentes-agentes-de-la-comarca-a-lo-largo-del-proceso\\\/#primaryimage\"},\"image\":{\"@id\":\"https:\\\/\\\/iraurgiberritzen.eus\\\/es\\\/300-alumnos-divididos-en-78-grupos-de-trabajo-han-mantenido-otras-tantas-entrevistas-con-mas-de-45-profesionales-de-diferentes-agentes-de-la-comarca-a-lo-largo-del-proceso\\\/#primaryimage\"},\"thumbnailUrl\":\"https:\\\/\\\/iraurgiberritzen.eus\\\/wp-content\\\/uploads\\\/2025\\\/06\\\/PXL_20250604_070833048-scaled.jpg\",\"datePublished\":\"2025-06-05T12:28:17+00:00\",\"dateModified\":\"2025-06-05T12:46:38+00:00\",\"breadcrumb\":{\"@id\":\"https:\\\/\\\/iraurgiberritzen.eus\\\/es\\\/300-alumnos-divididos-en-78-grupos-de-trabajo-han-mantenido-otras-tantas-entrevistas-con-mas-de-45-profesionales-de-diferentes-agentes-de-la-comarca-a-lo-largo-del-proceso\\\/#breadcrumb\"},\"inLanguage\":\"es\",\"potentialAction\":[{\"@type\":\"ReadAction\",\"target\":[\"https:\\\/\\\/iraurgiberritzen.eus\\\/es\\\/300-alumnos-divididos-en-78-grupos-de-trabajo-han-mantenido-otras-tantas-entrevistas-con-mas-de-45-profesionales-de-diferentes-agentes-de-la-comarca-a-lo-largo-del-proceso\\\/\"]}]},{\"@type\":\"ImageObject\",\"inLanguage\":\"es\",\"@id\":\"https:\\\/\\\/iraurgiberritzen.eus\\\/es\\\/300-alumnos-divididos-en-78-grupos-de-trabajo-han-mantenido-otras-tantas-entrevistas-con-mas-de-45-profesionales-de-diferentes-agentes-de-la-comarca-a-lo-largo-del-proceso\\\/#primaryimage\",\"url\":\"https:\\\/\\\/iraurgiberritzen.eus\\\/wp-content\\\/uploads\\\/2025\\\/06\\\/PXL_20250604_070833048-scaled.jpg\",\"contentUrl\":\"https:\\\/\\\/iraurgiberritzen.eus\\\/wp-content\\\/uploads\\\/2025\\\/06\\\/PXL_20250604_070833048-scaled.jpg\",\"width\":2560,\"height\":1922},{\"@type\":\"BreadcrumbList\",\"@id\":\"https:\\\/\\\/iraurgiberritzen.eus\\\/es\\\/300-alumnos-divididos-en-78-grupos-de-trabajo-han-mantenido-otras-tantas-entrevistas-con-mas-de-45-profesionales-de-diferentes-agentes-de-la-comarca-a-lo-largo-del-proceso\\\/#breadcrumb\",\"itemListElement\":[{\"@type\":\"ListItem\",\"position\":1,\"name\":\"Home\",\"item\":\"https:\\\/\\\/iraurgiberritzen.eus\\\/es\\\/\"},{\"@type\":\"ListItem\",\"position\":2,\"name\":\"300 alumnos divididos en 78 grupos de trabajo han mantenido otras tantas entrevistas con m\u00e1s de 45 profesionales de diferentes agentes de la comarca a lo largo del proceso\"}]},{\"@type\":\"WebSite\",\"@id\":\"https:\\\/\\\/iraurgiberritzen.eus\\\/es\\\/#website\",\"url\":\"https:\\\/\\\/iraurgiberritzen.eus\\\/es\\\/\",\"name\":\"Iraurgi Berritzen\",\"description\":\"Urola Erdiko Garapen Agentzia\",\"publisher\":{\"@id\":\"https:\\\/\\\/iraurgiberritzen.eus\\\/es\\\/#organization\"},\"potentialAction\":[{\"@type\":\"SearchAction\",\"target\":{\"@type\":\"EntryPoint\",\"urlTemplate\":\"https:\\\/\\\/iraurgiberritzen.eus\\\/es\\\/?s={search_term_string}\"},\"query-input\":{\"@type\":\"PropertyValueSpecification\",\"valueRequired\":true,\"valueName\":\"search_term_string\"}}],\"inLanguage\":\"es\"},{\"@type\":\"Organization\",\"@id\":\"https:\\\/\\\/iraurgiberritzen.eus\\\/es\\\/#organization\",\"name\":\"Iraurgi Berritzen\",\"url\":\"https:\\\/\\\/iraurgiberritzen.eus\\\/es\\\/\",\"logo\":{\"@type\":\"ImageObject\",\"inLanguage\":\"es\",\"@id\":\"https:\\\/\\\/iraurgiberritzen.eus\\\/es\\\/#\\\/schema\\\/logo\\\/image\\\/\",\"url\":\"https:\\\/\\\/iraurgiberritzen.eus\\\/wp-content\\\/uploads\\\/2024\\\/02\\\/IRAURGI-BERRITZEN-logotipoa_2.png\",\"contentUrl\":\"https:\\\/\\\/iraurgiberritzen.eus\\\/wp-content\\\/uploads\\\/2024\\\/02\\\/IRAURGI-BERRITZEN-logotipoa_2.png\",\"width\":496,\"height\":190,\"caption\":\"Iraurgi Berritzen\"},\"image\":{\"@id\":\"https:\\\/\\\/iraurgiberritzen.eus\\\/es\\\/#\\\/schema\\\/logo\\\/image\\\/\"}},{\"@type\":\"Person\",\"@id\":\"https:\\\/\\\/iraurgiberritzen.eus\\\/es\\\/#\\\/schema\\\/person\\\/a32c9825b3e2bfcbe757a97f6a15c8a5\",\"name\":\"ainara\"}]}<\/script>\n<!-- \/ Yoast SEO plugin. -->","yoast_head_json":{"title":"300 alumnos divididos en 78 grupos de trabajo han mantenido otras tantas entrevistas con m\u00e1s de 45 profesionales de diferentes agentes de la comarca a lo largo del proceso - Iraurgi Berritzen","robots":{"index":"index","follow":"follow","max-snippet":"max-snippet:-1","max-image-preview":"max-image-preview:large","max-video-preview":"max-video-preview:-1"},"canonical":"https:\/\/iraurgiberritzen.eus\/es\/300-alumnos-divididos-en-78-grupos-de-trabajo-han-mantenido-otras-tantas-entrevistas-con-mas-de-45-profesionales-de-diferentes-agentes-de-la-comarca-a-lo-largo-del-proceso\/","og_locale":"es_ES","og_type":"article","og_title":"300 alumnos divididos en 78 grupos de trabajo han mantenido otras tantas entrevistas con m\u00e1s de 45 profesionales de diferentes agentes de la comarca a lo largo del proceso - Iraurgi Berritzen","og_description":"Evaluaci\u00f3n del proyecto ELKARREKIN ERAIKITZEN con los equipos de trabajo de los 5 centros de la comarca Ayer, mi\u00e9rcoles 4 de junio, el grupo de trabajo de l\u00edderes del proyecto Elkarrekin Eraikitzen de los 5 centros escolares, ha mantenido la reuni\u00f3n de evaluaci\u00f3n del proceso, con el objetivo de realizar la valoraci\u00f3n correspondiente e identificar [&hellip;]","og_url":"https:\/\/iraurgiberritzen.eus\/es\/300-alumnos-divididos-en-78-grupos-de-trabajo-han-mantenido-otras-tantas-entrevistas-con-mas-de-45-profesionales-de-diferentes-agentes-de-la-comarca-a-lo-largo-del-proceso\/","og_site_name":"Iraurgi Berritzen","article_published_time":"2025-06-05T12:28:17+00:00","article_modified_time":"2025-06-05T12:46:38+00:00","author":"ainara","twitter_card":"summary_large_image","twitter_misc":{"Escrito por":"ainara","Tiempo de lectura":"1 minuto"},"schema":{"@context":"https:\/\/schema.org","@graph":[{"@type":"Article","@id":"https:\/\/iraurgiberritzen.eus\/es\/300-alumnos-divididos-en-78-grupos-de-trabajo-han-mantenido-otras-tantas-entrevistas-con-mas-de-45-profesionales-de-diferentes-agentes-de-la-comarca-a-lo-largo-del-proceso\/#article","isPartOf":{"@id":"https:\/\/iraurgiberritzen.eus\/es\/300-alumnos-divididos-en-78-grupos-de-trabajo-han-mantenido-otras-tantas-entrevistas-con-mas-de-45-profesionales-de-diferentes-agentes-de-la-comarca-a-lo-largo-del-proceso\/"},"author":{"name":"ainara","@id":"https:\/\/iraurgiberritzen.eus\/es\/#\/schema\/person\/a32c9825b3e2bfcbe757a97f6a15c8a5"},"headline":"300 alumnos divididos en 78 grupos de trabajo han mantenido otras tantas entrevistas con m\u00e1s de 45 profesionales de diferentes agentes de la comarca a lo largo del proceso","datePublished":"2025-06-05T12:28:17+00:00","dateModified":"2025-06-05T12:46:38+00:00","mainEntityOfPage":{"@id":"https:\/\/iraurgiberritzen.eus\/es\/300-alumnos-divididos-en-78-grupos-de-trabajo-han-mantenido-otras-tantas-entrevistas-con-mas-de-45-profesionales-de-diferentes-agentes-de-la-comarca-a-lo-largo-del-proceso\/"},"wordCount":176,"publisher":{"@id":"https:\/\/iraurgiberritzen.eus\/es\/#organization"},"image":{"@id":"https:\/\/iraurgiberritzen.eus\/es\/300-alumnos-divididos-en-78-grupos-de-trabajo-han-mantenido-otras-tantas-entrevistas-con-mas-de-45-profesionales-de-diferentes-agentes-de-la-comarca-a-lo-largo-del-proceso\/#primaryimage"},"thumbnailUrl":"https:\/\/iraurgiberritzen.eus\/wp-content\/uploads\/2025\/06\/PXL_20250604_070833048-scaled.jpg","articleSection":["Noticias"],"inLanguage":"es"},{"@type":"WebPage","@id":"https:\/\/iraurgiberritzen.eus\/es\/300-alumnos-divididos-en-78-grupos-de-trabajo-han-mantenido-otras-tantas-entrevistas-con-mas-de-45-profesionales-de-diferentes-agentes-de-la-comarca-a-lo-largo-del-proceso\/","url":"https:\/\/iraurgiberritzen.eus\/es\/300-alumnos-divididos-en-78-grupos-de-trabajo-han-mantenido-otras-tantas-entrevistas-con-mas-de-45-profesionales-de-diferentes-agentes-de-la-comarca-a-lo-largo-del-proceso\/","name":"300 alumnos divididos en 78 grupos de trabajo han mantenido otras tantas entrevistas con m\u00e1s de 45 profesionales de diferentes agentes de la comarca a lo largo del proceso - Iraurgi Berritzen","isPartOf":{"@id":"https:\/\/iraurgiberritzen.eus\/es\/#website"},"primaryImageOfPage":{"@id":"https:\/\/iraurgiberritzen.eus\/es\/300-alumnos-divididos-en-78-grupos-de-trabajo-han-mantenido-otras-tantas-entrevistas-con-mas-de-45-profesionales-de-diferentes-agentes-de-la-comarca-a-lo-largo-del-proceso\/#primaryimage"},"image":{"@id":"https:\/\/iraurgiberritzen.eus\/es\/300-alumnos-divididos-en-78-grupos-de-trabajo-han-mantenido-otras-tantas-entrevistas-con-mas-de-45-profesionales-de-diferentes-agentes-de-la-comarca-a-lo-largo-del-proceso\/#primaryimage"},"thumbnailUrl":"https:\/\/iraurgiberritzen.eus\/wp-content\/uploads\/2025\/06\/PXL_20250604_070833048-scaled.jpg","datePublished":"2025-06-05T12:28:17+00:00","dateModified":"2025-06-05T12:46:38+00:00","breadcrumb":{"@id":"https:\/\/iraurgiberritzen.eus\/es\/300-alumnos-divididos-en-78-grupos-de-trabajo-han-mantenido-otras-tantas-entrevistas-con-mas-de-45-profesionales-de-diferentes-agentes-de-la-comarca-a-lo-largo-del-proceso\/#breadcrumb"},"inLanguage":"es","potentialAction":[{"@type":"ReadAction","target":["https:\/\/iraurgiberritzen.eus\/es\/300-alumnos-divididos-en-78-grupos-de-trabajo-han-mantenido-otras-tantas-entrevistas-con-mas-de-45-profesionales-de-diferentes-agentes-de-la-comarca-a-lo-largo-del-proceso\/"]}]},{"@type":"ImageObject","inLanguage":"es","@id":"https:\/\/iraurgiberritzen.eus\/es\/300-alumnos-divididos-en-78-grupos-de-trabajo-han-mantenido-otras-tantas-entrevistas-con-mas-de-45-profesionales-de-diferentes-agentes-de-la-comarca-a-lo-largo-del-proceso\/#primaryimage","url":"https:\/\/iraurgiberritzen.eus\/wp-content\/uploads\/2025\/06\/PXL_20250604_070833048-scaled.jpg","contentUrl":"https:\/\/iraurgiberritzen.eus\/wp-content\/uploads\/2025\/06\/PXL_20250604_070833048-scaled.jpg","width":2560,"height":1922},{"@type":"BreadcrumbList","@id":"https:\/\/iraurgiberritzen.eus\/es\/300-alumnos-divididos-en-78-grupos-de-trabajo-han-mantenido-otras-tantas-entrevistas-con-mas-de-45-profesionales-de-diferentes-agentes-de-la-comarca-a-lo-largo-del-proceso\/#breadcrumb","itemListElement":[{"@type":"ListItem","position":1,"name":"Home","item":"https:\/\/iraurgiberritzen.eus\/es\/"},{"@type":"ListItem","position":2,"name":"300 alumnos divididos en 78 grupos de trabajo han mantenido otras tantas entrevistas con m\u00e1s de 45 profesionales de diferentes agentes de la comarca a lo largo del proceso"}]},{"@type":"WebSite","@id":"https:\/\/iraurgiberritzen.eus\/es\/#website","url":"https:\/\/iraurgiberritzen.eus\/es\/","name":"Iraurgi Berritzen","description":"Urola Erdiko Garapen Agentzia","publisher":{"@id":"https:\/\/iraurgiberritzen.eus\/es\/#organization"},"potentialAction":[{"@type":"SearchAction","target":{"@type":"EntryPoint","urlTemplate":"https:\/\/iraurgiberritzen.eus\/es\/?s={search_term_string}"},"query-input":{"@type":"PropertyValueSpecification","valueRequired":true,"valueName":"search_term_string"}}],"inLanguage":"es"},{"@type":"Organization","@id":"https:\/\/iraurgiberritzen.eus\/es\/#organization","name":"Iraurgi Berritzen","url":"https:\/\/iraurgiberritzen.eus\/es\/","logo":{"@type":"ImageObject","inLanguage":"es","@id":"https:\/\/iraurgiberritzen.eus\/es\/#\/schema\/logo\/image\/","url":"https:\/\/iraurgiberritzen.eus\/wp-content\/uploads\/2024\/02\/IRAURGI-BERRITZEN-logotipoa_2.png","contentUrl":"https:\/\/iraurgiberritzen.eus\/wp-content\/uploads\/2024\/02\/IRAURGI-BERRITZEN-logotipoa_2.png","width":496,"height":190,"caption":"Iraurgi Berritzen"},"image":{"@id":"https:\/\/iraurgiberritzen.eus\/es\/#\/schema\/logo\/image\/"}},{"@type":"Person","@id":"https:\/\/iraurgiberritzen.eus\/es\/#\/schema\/person\/a32c9825b3e2bfcbe757a97f6a15c8a5","name":"ainara"}]}},"_links":{"self":[{"href":"https:\/\/iraurgiberritzen.eus\/es\/wp-json\/wp\/v2\/posts\/23553","targetHints":{"allow":["GET"]}}],"collection":[{"href":"https:\/\/iraurgiberritzen.eus\/es\/wp-json\/wp\/v2\/posts"}],"about":[{"href":"https:\/\/iraurgiberritzen.eus\/es\/wp-json\/wp\/v2\/types\/post"}],"author":[{"embeddable":true,"href":"https:\/\/iraurgiberritzen.eus\/es\/wp-json\/wp\/v2\/users\/4"}],"replies":[{"embeddable":true,"href":"https:\/\/iraurgiberritzen.eus\/es\/wp-json\/wp\/v2\/comments?post=23553"}],"version-history":[{"count":1,"href":"https:\/\/iraurgiberritzen.eus\/es\/wp-json\/wp\/v2\/posts\/23553\/revisions"}],"predecessor-version":[{"id":23554,"href":"https:\/\/iraurgiberritzen.eus\/es\/wp-json\/wp\/v2\/posts\/23553\/revisions\/23554"}],"wp:featuredmedia":[{"embeddable":true,"href":"https:\/\/iraurgiberritzen.eus\/es\/wp-json\/wp\/v2\/media\/23556"}],"wp:attachment":[{"href":"https:\/\/iraurgiberritzen.eus\/es\/wp-json\/wp\/v2\/media?parent=23553"}],"wp:term":[{"taxonomy":"category","embeddable":true,"href":"https:\/\/iraurgiberritzen.eus\/es\/wp-json\/wp\/v2\/categories?post=23553"},{"taxonomy":"post_tag","embeddable":true,"href":"https:\/\/iraurgiberritzen.eus\/es\/wp-json\/wp\/v2\/tags?post=23553"}],"curies":[{"name":"wp","href":"https:\/\/api.w.org\/{rel}","templated":true}]}}