{"id":23580,"date":"2025-06-10T15:37:09","date_gmt":"2025-06-10T13:37:09","guid":{"rendered":"https:\/\/iraurgiberritzen.eus\/?p=23580"},"modified":"2025-06-10T15:37:09","modified_gmt":"2025-06-10T13:37:09","slug":"ii-edicion-de-comprar-en-el-pequeno-comercio-te-hace-de-oro","status":"publish","type":"post","link":"https:\/\/iraurgiberritzen.eus\/es\/ii-edicion-de-comprar-en-el-pequeno-comercio-te-hace-de-oro\/","title":{"rendered":"II Edici\u00f3n de \u00abComprar en el peque\u00f1o comercio te hace de oro\u00bb"},"content":{"rendered":"<p><span data-contrast=\"auto\">Si compras del 16 al 21 de junio en los comercios de Azkoitia y Azpeitia, el cliente tendr\u00e1 la oportunidad de recibir un dulce de la mano de su comerciante, y de las 20.000 que se ofrecer\u00e1n, dos ser\u00e1n doradas. Se repartir\u00e1 una piruleta dorada premiada por localidad y cada piruleta tendr\u00e1 un premio de 500 \u20ac para comprar en el peque\u00f1o comercio de los pueblos de Azkoitia y Azpeitia.<\/span><span data-ccp-props=\"{&quot;134233117&quot;:false,&quot;134233118&quot;:false,&quot;201341983&quot;:0,&quot;335551550&quot;:6,&quot;335551620&quot;:6,&quot;335559685&quot;:0,&quot;335559737&quot;:0,&quot;335559738&quot;:0,&quot;335559739&quot;:160,&quot;335559740&quot;:259}\">\u00a0<\/span><\/p>\n<p><span data-contrast=\"auto\">El objetivo de esta campa\u00f1a es seguir sensibilizando sobre la importancia del consumo <\/span><span data-contrast=\"auto\">en nuestros<\/span><span data-contrast=\"auto\">\u00a0<\/span><span data-contrast=\"auto\"> pueblos, ya que el comercio da luz, vida y fuerza al pueblo como el oro.<\/span><span data-ccp-props=\"{&quot;134233117&quot;:false,&quot;134233118&quot;:false,&quot;201341983&quot;:0,&quot;335551550&quot;:6,&quot;335551620&quot;:6,&quot;335559685&quot;:0,&quot;335559737&quot;:0,&quot;335559738&quot;:0,&quot;335559739&quot;:160,&quot;335559740&quot;:259}\">\u00a0<\/span><\/p>\n<p><span data-contrast=\"auto\">Estas campa\u00f1as de sensibilizaci\u00f3n son imprescindibles, y requieren constancia, en estos tiempos en los que la informaci\u00f3n nos <\/span><span data-contrast=\"auto\">absorbe, dar cuenta de los beneficios de caminar por la calle y de <\/span><span data-contrast=\"auto\">observar los escaparates y comprar en el comercio local.<\/span><span data-ccp-props=\"{&quot;134233117&quot;:false,&quot;134233118&quot;:false,&quot;201341983&quot;:0,&quot;335551550&quot;:6,&quot;335551620&quot;:6,&quot;335559685&quot;:0,&quot;335559737&quot;:0,&quot;335559738&quot;:0,&quot;335559739&quot;:160,&quot;335559740&quot;:259}\">\u00a0<\/span><\/p>\n<p><span data-contrast=\"auto\">La misi\u00f3n de esta campa\u00f1a promovida desde un punto de vista comarcal, entre las asociaciones de comerciantes de Azkoitia-Herrixen y Azpeitia-Bertan, en colaboraci\u00f3n con Iraurgi Berritzen, es seguir impulsando estas acciones de sensibilizaci\u00f3n e incidiendo en la profesionalizaci\u00f3n del sector, para que los consumidores actuales y futuros sigan consumiendo en local, respondiendo al siguiente lema:\u00a0 \u201cel comprar en el peque\u00f1o comercio te hace de oro\u201d.<\/span><span data-ccp-props=\"{&quot;134233117&quot;:false,&quot;134233118&quot;:false,&quot;201341983&quot;:0,&quot;335551550&quot;:6,&quot;335551620&quot;:6,&quot;335559685&quot;:0,&quot;335559737&quot;:0,&quot;335559738&quot;:0,&quot;335559739&quot;:160,&quot;335559740&quot;:259}\">\u00a0<\/span><\/p>\n<p><span data-contrast=\"auto\">Esta campa\u00f1a cuenta con la financiaci\u00f3n del departamento de comercio del Gobierno Vasco.<\/span><span data-ccp-props=\"{&quot;134233117&quot;:false,&quot;134233118&quot;:false,&quot;201341983&quot;:0,&quot;335551550&quot;:6,&quot;335551620&quot;:6,&quot;335559685&quot;:0,&quot;335559737&quot;:0,&quot;335559738&quot;:0,&quot;335559739&quot;:160,&quot;335559740&quot;:259}\">\u00a0<\/span><\/p>\n","protected":false},"excerpt":{"rendered":"<p>Si compras del 16 al 21 de junio en los comercios de Azkoitia y Azpeitia, el cliente tendr\u00e1 la oportunidad de recibir un dulce de la mano de su comerciante, y de las 20.000 que se ofrecer\u00e1n, dos ser\u00e1n doradas. Se repartir\u00e1 una piruleta dorada premiada por localidad y cada piruleta tendr\u00e1 un premio de [&hellip;]<\/p>\n","protected":false},"author":4,"featured_media":23576,"comment_status":"closed","ping_status":"closed","sticky":false,"template":"","format":"standard","meta":{"_acf_changed":false,"footnotes":""},"categories":[4],"tags":[],"class_list":["post-23580","post","type-post","status-publish","format-standard","has-post-thumbnail","hentry","category-noticias","arloak-comercio"],"acf":[],"yoast_head":"<!-- This site is optimized with the Yoast SEO plugin v27.4 - https:\/\/yoast.com\/product\/yoast-seo-wordpress\/ -->\n<title>II Edici\u00f3n de &quot;Comprar en el peque\u00f1o comercio te hace de oro&quot; - Iraurgi Berritzen<\/title>\n<meta name=\"robots\" content=\"index, follow, max-snippet:-1, max-image-preview:large, max-video-preview:-1\" \/>\n<link rel=\"canonical\" href=\"https:\/\/iraurgiberritzen.eus\/es\/ii-edicion-de-comprar-en-el-pequeno-comercio-te-hace-de-oro\/\" \/>\n<meta property=\"og:locale\" content=\"es_ES\" \/>\n<meta property=\"og:type\" content=\"article\" \/>\n<meta property=\"og:title\" content=\"II Edici\u00f3n de &quot;Comprar en el peque\u00f1o comercio te hace de oro&quot; - Iraurgi Berritzen\" \/>\n<meta property=\"og:description\" content=\"Si compras del 16 al 21 de junio en los comercios de Azkoitia y Azpeitia, el cliente tendr\u00e1 la oportunidad de recibir un dulce de la mano de su comerciante, y de las 20.000 que se ofrecer\u00e1n, dos ser\u00e1n doradas. Se repartir\u00e1 una piruleta dorada premiada por localidad y cada piruleta tendr\u00e1 un premio de [&hellip;]\" \/>\n<meta property=\"og:url\" content=\"https:\/\/iraurgiberritzen.eus\/es\/ii-edicion-de-comprar-en-el-pequeno-comercio-te-hace-de-oro\/\" \/>\n<meta property=\"og:site_name\" content=\"Iraurgi Berritzen\" \/>\n<meta property=\"article:published_time\" content=\"2025-06-10T13:37:09+00:00\" \/>\n<meta property=\"og:image\" content=\"https:\/\/iraurgiberritzen.eus\/wp-content\/uploads\/2025\/06\/WhatsApp-Image-2025-06-10-at-15.28.54-scaled.jpeg\" \/>\n\t<meta property=\"og:image:width\" content=\"2560\" \/>\n\t<meta property=\"og:image:height\" content=\"1920\" \/>\n\t<meta property=\"og:image:type\" content=\"image\/jpeg\" \/>\n<meta name=\"author\" content=\"ainara\" \/>\n<meta name=\"twitter:card\" content=\"summary_large_image\" \/>\n<meta name=\"twitter:label1\" content=\"Escrito por\" \/>\n\t<meta name=\"twitter:data1\" content=\"ainara\" \/>\n\t<meta name=\"twitter:label2\" content=\"Tiempo de lectura\" \/>\n\t<meta name=\"twitter:data2\" content=\"2 minutos\" \/>\n<script type=\"application\/ld+json\" class=\"yoast-schema-graph\">{\"@context\":\"https:\\\/\\\/schema.org\",\"@graph\":[{\"@type\":\"Article\",\"@id\":\"https:\\\/\\\/iraurgiberritzen.eus\\\/es\\\/ii-edicion-de-comprar-en-el-pequeno-comercio-te-hace-de-oro\\\/#article\",\"isPartOf\":{\"@id\":\"https:\\\/\\\/iraurgiberritzen.eus\\\/es\\\/ii-edicion-de-comprar-en-el-pequeno-comercio-te-hace-de-oro\\\/\"},\"author\":{\"name\":\"ainara\",\"@id\":\"https:\\\/\\\/iraurgiberritzen.eus\\\/es\\\/#\\\/schema\\\/person\\\/a32c9825b3e2bfcbe757a97f6a15c8a5\"},\"headline\":\"II Edici\u00f3n de \u00abComprar en el peque\u00f1o comercio te hace de oro\u00bb\",\"datePublished\":\"2025-06-10T13:37:09+00:00\",\"mainEntityOfPage\":{\"@id\":\"https:\\\/\\\/iraurgiberritzen.eus\\\/es\\\/ii-edicion-de-comprar-en-el-pequeno-comercio-te-hace-de-oro\\\/\"},\"wordCount\":242,\"publisher\":{\"@id\":\"https:\\\/\\\/iraurgiberritzen.eus\\\/es\\\/#organization\"},\"image\":{\"@id\":\"https:\\\/\\\/iraurgiberritzen.eus\\\/es\\\/ii-edicion-de-comprar-en-el-pequeno-comercio-te-hace-de-oro\\\/#primaryimage\"},\"thumbnailUrl\":\"https:\\\/\\\/iraurgiberritzen.eus\\\/wp-content\\\/uploads\\\/2025\\\/06\\\/WhatsApp-Image-2025-06-10-at-15.28.54-scaled.jpeg\",\"articleSection\":[\"Noticias\"],\"inLanguage\":\"es\"},{\"@type\":\"WebPage\",\"@id\":\"https:\\\/\\\/iraurgiberritzen.eus\\\/es\\\/ii-edicion-de-comprar-en-el-pequeno-comercio-te-hace-de-oro\\\/\",\"url\":\"https:\\\/\\\/iraurgiberritzen.eus\\\/es\\\/ii-edicion-de-comprar-en-el-pequeno-comercio-te-hace-de-oro\\\/\",\"name\":\"II Edici\u00f3n de \\\"Comprar en el peque\u00f1o comercio te hace de oro\\\" - Iraurgi Berritzen\",\"isPartOf\":{\"@id\":\"https:\\\/\\\/iraurgiberritzen.eus\\\/es\\\/#website\"},\"primaryImageOfPage\":{\"@id\":\"https:\\\/\\\/iraurgiberritzen.eus\\\/es\\\/ii-edicion-de-comprar-en-el-pequeno-comercio-te-hace-de-oro\\\/#primaryimage\"},\"image\":{\"@id\":\"https:\\\/\\\/iraurgiberritzen.eus\\\/es\\\/ii-edicion-de-comprar-en-el-pequeno-comercio-te-hace-de-oro\\\/#primaryimage\"},\"thumbnailUrl\":\"https:\\\/\\\/iraurgiberritzen.eus\\\/wp-content\\\/uploads\\\/2025\\\/06\\\/WhatsApp-Image-2025-06-10-at-15.28.54-scaled.jpeg\",\"datePublished\":\"2025-06-10T13:37:09+00:00\",\"breadcrumb\":{\"@id\":\"https:\\\/\\\/iraurgiberritzen.eus\\\/es\\\/ii-edicion-de-comprar-en-el-pequeno-comercio-te-hace-de-oro\\\/#breadcrumb\"},\"inLanguage\":\"es\",\"potentialAction\":[{\"@type\":\"ReadAction\",\"target\":[\"https:\\\/\\\/iraurgiberritzen.eus\\\/es\\\/ii-edicion-de-comprar-en-el-pequeno-comercio-te-hace-de-oro\\\/\"]}]},{\"@type\":\"ImageObject\",\"inLanguage\":\"es\",\"@id\":\"https:\\\/\\\/iraurgiberritzen.eus\\\/es\\\/ii-edicion-de-comprar-en-el-pequeno-comercio-te-hace-de-oro\\\/#primaryimage\",\"url\":\"https:\\\/\\\/iraurgiberritzen.eus\\\/wp-content\\\/uploads\\\/2025\\\/06\\\/WhatsApp-Image-2025-06-10-at-15.28.54-scaled.jpeg\",\"contentUrl\":\"https:\\\/\\\/iraurgiberritzen.eus\\\/wp-content\\\/uploads\\\/2025\\\/06\\\/WhatsApp-Image-2025-06-10-at-15.28.54-scaled.jpeg\",\"width\":2560,\"height\":1920},{\"@type\":\"BreadcrumbList\",\"@id\":\"https:\\\/\\\/iraurgiberritzen.eus\\\/es\\\/ii-edicion-de-comprar-en-el-pequeno-comercio-te-hace-de-oro\\\/#breadcrumb\",\"itemListElement\":[{\"@type\":\"ListItem\",\"position\":1,\"name\":\"Home\",\"item\":\"https:\\\/\\\/iraurgiberritzen.eus\\\/es\\\/\"},{\"@type\":\"ListItem\",\"position\":2,\"name\":\"II Edici\u00f3n de &#8220;Comprar en el peque\u00f1o comercio te hace de oro&#8221;\"}]},{\"@type\":\"WebSite\",\"@id\":\"https:\\\/\\\/iraurgiberritzen.eus\\\/es\\\/#website\",\"url\":\"https:\\\/\\\/iraurgiberritzen.eus\\\/es\\\/\",\"name\":\"Iraurgi Berritzen\",\"description\":\"Urola Erdiko Garapen Agentzia\",\"publisher\":{\"@id\":\"https:\\\/\\\/iraurgiberritzen.eus\\\/es\\\/#organization\"},\"potentialAction\":[{\"@type\":\"SearchAction\",\"target\":{\"@type\":\"EntryPoint\",\"urlTemplate\":\"https:\\\/\\\/iraurgiberritzen.eus\\\/es\\\/?s={search_term_string}\"},\"query-input\":{\"@type\":\"PropertyValueSpecification\",\"valueRequired\":true,\"valueName\":\"search_term_string\"}}],\"inLanguage\":\"es\"},{\"@type\":\"Organization\",\"@id\":\"https:\\\/\\\/iraurgiberritzen.eus\\\/es\\\/#organization\",\"name\":\"Iraurgi Berritzen\",\"url\":\"https:\\\/\\\/iraurgiberritzen.eus\\\/es\\\/\",\"logo\":{\"@type\":\"ImageObject\",\"inLanguage\":\"es\",\"@id\":\"https:\\\/\\\/iraurgiberritzen.eus\\\/es\\\/#\\\/schema\\\/logo\\\/image\\\/\",\"url\":\"https:\\\/\\\/iraurgiberritzen.eus\\\/wp-content\\\/uploads\\\/2024\\\/02\\\/IRAURGI-BERRITZEN-logotipoa_2.png\",\"contentUrl\":\"https:\\\/\\\/iraurgiberritzen.eus\\\/wp-content\\\/uploads\\\/2024\\\/02\\\/IRAURGI-BERRITZEN-logotipoa_2.png\",\"width\":496,\"height\":190,\"caption\":\"Iraurgi Berritzen\"},\"image\":{\"@id\":\"https:\\\/\\\/iraurgiberritzen.eus\\\/es\\\/#\\\/schema\\\/logo\\\/image\\\/\"}},{\"@type\":\"Person\",\"@id\":\"https:\\\/\\\/iraurgiberritzen.eus\\\/es\\\/#\\\/schema\\\/person\\\/a32c9825b3e2bfcbe757a97f6a15c8a5\",\"name\":\"ainara\"}]}<\/script>\n<!-- \/ Yoast SEO plugin. -->","yoast_head_json":{"title":"II Edici\u00f3n de \"Comprar en el peque\u00f1o comercio te hace de oro\" - Iraurgi Berritzen","robots":{"index":"index","follow":"follow","max-snippet":"max-snippet:-1","max-image-preview":"max-image-preview:large","max-video-preview":"max-video-preview:-1"},"canonical":"https:\/\/iraurgiberritzen.eus\/es\/ii-edicion-de-comprar-en-el-pequeno-comercio-te-hace-de-oro\/","og_locale":"es_ES","og_type":"article","og_title":"II Edici\u00f3n de \"Comprar en el peque\u00f1o comercio te hace de oro\" - Iraurgi Berritzen","og_description":"Si compras del 16 al 21 de junio en los comercios de Azkoitia y Azpeitia, el cliente tendr\u00e1 la oportunidad de recibir un dulce de la mano de su comerciante, y de las 20.000 que se ofrecer\u00e1n, dos ser\u00e1n doradas. Se repartir\u00e1 una piruleta dorada premiada por localidad y cada piruleta tendr\u00e1 un premio de [&hellip;]","og_url":"https:\/\/iraurgiberritzen.eus\/es\/ii-edicion-de-comprar-en-el-pequeno-comercio-te-hace-de-oro\/","og_site_name":"Iraurgi Berritzen","article_published_time":"2025-06-10T13:37:09+00:00","og_image":[{"width":2560,"height":1920,"url":"https:\/\/iraurgiberritzen.eus\/wp-content\/uploads\/2025\/06\/WhatsApp-Image-2025-06-10-at-15.28.54-scaled.jpeg","type":"image\/jpeg"}],"author":"ainara","twitter_card":"summary_large_image","twitter_misc":{"Escrito por":"ainara","Tiempo de lectura":"2 minutos"},"schema":{"@context":"https:\/\/schema.org","@graph":[{"@type":"Article","@id":"https:\/\/iraurgiberritzen.eus\/es\/ii-edicion-de-comprar-en-el-pequeno-comercio-te-hace-de-oro\/#article","isPartOf":{"@id":"https:\/\/iraurgiberritzen.eus\/es\/ii-edicion-de-comprar-en-el-pequeno-comercio-te-hace-de-oro\/"},"author":{"name":"ainara","@id":"https:\/\/iraurgiberritzen.eus\/es\/#\/schema\/person\/a32c9825b3e2bfcbe757a97f6a15c8a5"},"headline":"II Edici\u00f3n de \u00abComprar en el peque\u00f1o comercio te hace de oro\u00bb","datePublished":"2025-06-10T13:37:09+00:00","mainEntityOfPage":{"@id":"https:\/\/iraurgiberritzen.eus\/es\/ii-edicion-de-comprar-en-el-pequeno-comercio-te-hace-de-oro\/"},"wordCount":242,"publisher":{"@id":"https:\/\/iraurgiberritzen.eus\/es\/#organization"},"image":{"@id":"https:\/\/iraurgiberritzen.eus\/es\/ii-edicion-de-comprar-en-el-pequeno-comercio-te-hace-de-oro\/#primaryimage"},"thumbnailUrl":"https:\/\/iraurgiberritzen.eus\/wp-content\/uploads\/2025\/06\/WhatsApp-Image-2025-06-10-at-15.28.54-scaled.jpeg","articleSection":["Noticias"],"inLanguage":"es"},{"@type":"WebPage","@id":"https:\/\/iraurgiberritzen.eus\/es\/ii-edicion-de-comprar-en-el-pequeno-comercio-te-hace-de-oro\/","url":"https:\/\/iraurgiberritzen.eus\/es\/ii-edicion-de-comprar-en-el-pequeno-comercio-te-hace-de-oro\/","name":"II Edici\u00f3n de \"Comprar en el peque\u00f1o comercio te hace de oro\" - Iraurgi Berritzen","isPartOf":{"@id":"https:\/\/iraurgiberritzen.eus\/es\/#website"},"primaryImageOfPage":{"@id":"https:\/\/iraurgiberritzen.eus\/es\/ii-edicion-de-comprar-en-el-pequeno-comercio-te-hace-de-oro\/#primaryimage"},"image":{"@id":"https:\/\/iraurgiberritzen.eus\/es\/ii-edicion-de-comprar-en-el-pequeno-comercio-te-hace-de-oro\/#primaryimage"},"thumbnailUrl":"https:\/\/iraurgiberritzen.eus\/wp-content\/uploads\/2025\/06\/WhatsApp-Image-2025-06-10-at-15.28.54-scaled.jpeg","datePublished":"2025-06-10T13:37:09+00:00","breadcrumb":{"@id":"https:\/\/iraurgiberritzen.eus\/es\/ii-edicion-de-comprar-en-el-pequeno-comercio-te-hace-de-oro\/#breadcrumb"},"inLanguage":"es","potentialAction":[{"@type":"ReadAction","target":["https:\/\/iraurgiberritzen.eus\/es\/ii-edicion-de-comprar-en-el-pequeno-comercio-te-hace-de-oro\/"]}]},{"@type":"ImageObject","inLanguage":"es","@id":"https:\/\/iraurgiberritzen.eus\/es\/ii-edicion-de-comprar-en-el-pequeno-comercio-te-hace-de-oro\/#primaryimage","url":"https:\/\/iraurgiberritzen.eus\/wp-content\/uploads\/2025\/06\/WhatsApp-Image-2025-06-10-at-15.28.54-scaled.jpeg","contentUrl":"https:\/\/iraurgiberritzen.eus\/wp-content\/uploads\/2025\/06\/WhatsApp-Image-2025-06-10-at-15.28.54-scaled.jpeg","width":2560,"height":1920},{"@type":"BreadcrumbList","@id":"https:\/\/iraurgiberritzen.eus\/es\/ii-edicion-de-comprar-en-el-pequeno-comercio-te-hace-de-oro\/#breadcrumb","itemListElement":[{"@type":"ListItem","position":1,"name":"Home","item":"https:\/\/iraurgiberritzen.eus\/es\/"},{"@type":"ListItem","position":2,"name":"II Edici\u00f3n de &#8220;Comprar en el peque\u00f1o comercio te hace de oro&#8221;"}]},{"@type":"WebSite","@id":"https:\/\/iraurgiberritzen.eus\/es\/#website","url":"https:\/\/iraurgiberritzen.eus\/es\/","name":"Iraurgi Berritzen","description":"Urola Erdiko Garapen Agentzia","publisher":{"@id":"https:\/\/iraurgiberritzen.eus\/es\/#organization"},"potentialAction":[{"@type":"SearchAction","target":{"@type":"EntryPoint","urlTemplate":"https:\/\/iraurgiberritzen.eus\/es\/?s={search_term_string}"},"query-input":{"@type":"PropertyValueSpecification","valueRequired":true,"valueName":"search_term_string"}}],"inLanguage":"es"},{"@type":"Organization","@id":"https:\/\/iraurgiberritzen.eus\/es\/#organization","name":"Iraurgi Berritzen","url":"https:\/\/iraurgiberritzen.eus\/es\/","logo":{"@type":"ImageObject","inLanguage":"es","@id":"https:\/\/iraurgiberritzen.eus\/es\/#\/schema\/logo\/image\/","url":"https:\/\/iraurgiberritzen.eus\/wp-content\/uploads\/2024\/02\/IRAURGI-BERRITZEN-logotipoa_2.png","contentUrl":"https:\/\/iraurgiberritzen.eus\/wp-content\/uploads\/2024\/02\/IRAURGI-BERRITZEN-logotipoa_2.png","width":496,"height":190,"caption":"Iraurgi Berritzen"},"image":{"@id":"https:\/\/iraurgiberritzen.eus\/es\/#\/schema\/logo\/image\/"}},{"@type":"Person","@id":"https:\/\/iraurgiberritzen.eus\/es\/#\/schema\/person\/a32c9825b3e2bfcbe757a97f6a15c8a5","name":"ainara"}]}},"_links":{"self":[{"href":"https:\/\/iraurgiberritzen.eus\/es\/wp-json\/wp\/v2\/posts\/23580","targetHints":{"allow":["GET"]}}],"collection":[{"href":"https:\/\/iraurgiberritzen.eus\/es\/wp-json\/wp\/v2\/posts"}],"about":[{"href":"https:\/\/iraurgiberritzen.eus\/es\/wp-json\/wp\/v2\/types\/post"}],"author":[{"embeddable":true,"href":"https:\/\/iraurgiberritzen.eus\/es\/wp-json\/wp\/v2\/users\/4"}],"replies":[{"embeddable":true,"href":"https:\/\/iraurgiberritzen.eus\/es\/wp-json\/wp\/v2\/comments?post=23580"}],"version-history":[{"count":1,"href":"https:\/\/iraurgiberritzen.eus\/es\/wp-json\/wp\/v2\/posts\/23580\/revisions"}],"predecessor-version":[{"id":23581,"href":"https:\/\/iraurgiberritzen.eus\/es\/wp-json\/wp\/v2\/posts\/23580\/revisions\/23581"}],"wp:featuredmedia":[{"embeddable":true,"href":"https:\/\/iraurgiberritzen.eus\/es\/wp-json\/wp\/v2\/media\/23576"}],"wp:attachment":[{"href":"https:\/\/iraurgiberritzen.eus\/es\/wp-json\/wp\/v2\/media?parent=23580"}],"wp:term":[{"taxonomy":"category","embeddable":true,"href":"https:\/\/iraurgiberritzen.eus\/es\/wp-json\/wp\/v2\/categories?post=23580"},{"taxonomy":"post_tag","embeddable":true,"href":"https:\/\/iraurgiberritzen.eus\/es\/wp-json\/wp\/v2\/tags?post=23580"}],"curies":[{"name":"wp","href":"https:\/\/api.w.org\/{rel}","templated":true}]}}