{"id":23655,"date":"2025-06-11T14:56:04","date_gmt":"2025-06-11T12:56:04","guid":{"rendered":"https:\/\/iraurgiberritzen.eus\/?p=23655"},"modified":"2025-06-11T14:56:04","modified_gmt":"2025-06-11T12:56:04","slug":"7-proyectos-presentados-por-el-alumnado-en-la-urola-erdiko-zientzia-eta-teknologia-azoka","status":"publish","type":"post","link":"https:\/\/iraurgiberritzen.eus\/es\/7-proyectos-presentados-por-el-alumnado-en-la-urola-erdiko-zientzia-eta-teknologia-azoka\/","title":{"rendered":"7 proyectos presentados por el alumnado en la Urola Erdiko ZIENTZIA eta TEKNOLOGIA Azoka"},"content":{"rendered":"<p><span data-contrast=\"auto\">Por s\u00e9ptimo a\u00f1o consecutivo, el alumnado de la comarca ha compartido frente a la parroquia de Azkoitia los proyectos STEAM -Science, Technology, Engineering, Art, Mathematics- trabajados a lo largo del curso 2024\/25. En total, en la feria se han presentado 7 proyectos y en su desarrollo han participado m\u00e1s de 300 j\u00f3venes de ESO y Bachillerato.<\/span><span data-ccp-props=\"{&quot;335551550&quot;:6,&quot;335551620&quot;:6}\">\u00a0<\/span><\/p>\n<p><span data-contrast=\"auto\">El evento se sit\u00faa en el marco de Hezkuntza de Iraurgi Berritzen, en el proyecto STEAM Urola Erdian, donde han participado 5 centros escolares de la comarca. El objetivo del proyecto es que el alumnado desarrolle vocaciones y capacidades referentes a la ciencia y tecnolog\u00eda a trav\u00e9s del desarrollo de proyectos.<\/span><span data-ccp-props=\"{&quot;335551550&quot;:6,&quot;335551620&quot;:6}\">\u00a0<\/span><\/p>\n<p><span data-contrast=\"auto\">En los \u00faltimos meses, bajo la direcci\u00f3n del profesorado, el alumnado de la comarca ha abordado diferentes retos tanto cient\u00edficos como tecnol\u00f3gicos. Adem\u00e1s, durante el desarrollo de los proyectos, ha tenido la oportunidad de relacionarse con investigadores y profesionales de diferentes \u00e1reas. De esta forma, el alumnado ha tenido la oportunidad de conocer de cerca la realidad de los \u00e1mbitos en los que ha desarrollado sus proyectos.<\/span><span data-ccp-props=\"{&quot;335551550&quot;:6,&quot;335551620&quot;:6}\">\u00a0<\/span><\/p>\n<p><span data-contrast=\"auto\">En la feria se han presentado y mostrado los proyectos que han trabajado los centros de la comarca a lo largo del curso. En ella se han presentado, en total, los siguientes proyectos: <\/span><span data-contrast=\"auto\">\u201cHamaiketako Bidaiariak\u00a0 &#8211; Disziplinartekoa\u201d, \u201cTxanponen kolorea aldatzen &#8211; Kimika\u201d, \u201cNegutegi Sentsorizatua &#8211; Disziplinartekoa\u201d, \u201cEguzki Sistema &#8211; Disziplinartekoa\u00bb, \u201cLandareen zainketa adimentsua &#8211; Disziplinartekoa\u00bb, \u201cSTEAM ikaskuntza ereiteko hazitegia &#8211; Disziplinartekoa\u201d y \u201cRobotikako proiektuak &#8211; Teknologia\u201d.<\/span><span data-ccp-props=\"{&quot;134233117&quot;:false,&quot;134233118&quot;:false,&quot;201341983&quot;:0,&quot;335551550&quot;:6,&quot;335551620&quot;:6,&quot;335559685&quot;:0,&quot;335559737&quot;:0,&quot;335559738&quot;:0,&quot;335559739&quot;:0,&quot;335559740&quot;:259}\">\u00a0<\/span><\/p>\n<p><span data-contrast=\"auto\">El evento ha contado con la representaci\u00f3n municipal de Azkoitia y Azpeitia, la cual se ha encargado, por un lado, de abrir el acto y saludar a los asistentes y por \u00faltimo, de repartir los recuerdos al final del acto.<\/span><span data-ccp-props=\"{&quot;335551550&quot;:6,&quot;335551620&quot;:6}\">\u00a0<\/span><\/p>\n","protected":false},"excerpt":{"rendered":"<p>Por s\u00e9ptimo a\u00f1o consecutivo, el alumnado de la comarca ha compartido frente a la parroquia de Azkoitia los proyectos STEAM -Science, Technology, Engineering, Art, Mathematics- trabajados a lo largo del curso 2024\/25. En total, en la feria se han presentado 7 proyectos y en su desarrollo han participado m\u00e1s de 300 j\u00f3venes de ESO y [&hellip;]<\/p>\n","protected":false},"author":4,"featured_media":23612,"comment_status":"closed","ping_status":"closed","sticky":false,"template":"","format":"standard","meta":{"_acf_changed":false,"footnotes":""},"categories":[4],"tags":[],"class_list":["post-23655","post","type-post","status-publish","format-standard","has-post-thumbnail","hentry","category-noticias","arloak-educacion","arloak-zimat-es"],"acf":[],"yoast_head":"<!-- This site is optimized with the Yoast SEO plugin v27.4 - https:\/\/yoast.com\/product\/yoast-seo-wordpress\/ -->\n<title>7 proyectos presentados por el alumnado en la Urola Erdiko ZIENTZIA eta TEKNOLOGIA Azoka - Iraurgi Berritzen<\/title>\n<meta name=\"robots\" content=\"index, follow, max-snippet:-1, max-image-preview:large, max-video-preview:-1\" \/>\n<link rel=\"canonical\" href=\"https:\/\/iraurgiberritzen.eus\/es\/7-proyectos-presentados-por-el-alumnado-en-la-urola-erdiko-zientzia-eta-teknologia-azoka\/\" \/>\n<meta property=\"og:locale\" content=\"es_ES\" \/>\n<meta property=\"og:type\" content=\"article\" \/>\n<meta property=\"og:title\" content=\"7 proyectos presentados por el alumnado en la Urola Erdiko ZIENTZIA eta TEKNOLOGIA Azoka - Iraurgi Berritzen\" \/>\n<meta property=\"og:description\" content=\"Por s\u00e9ptimo a\u00f1o consecutivo, el alumnado de la comarca ha compartido frente a la parroquia de Azkoitia los proyectos STEAM -Science, Technology, Engineering, Art, Mathematics- trabajados a lo largo del curso 2024\/25. En total, en la feria se han presentado 7 proyectos y en su desarrollo han participado m\u00e1s de 300 j\u00f3venes de ESO y [&hellip;]\" \/>\n<meta property=\"og:url\" content=\"https:\/\/iraurgiberritzen.eus\/es\/7-proyectos-presentados-por-el-alumnado-en-la-urola-erdiko-zientzia-eta-teknologia-azoka\/\" \/>\n<meta property=\"og:site_name\" content=\"Iraurgi Berritzen\" \/>\n<meta property=\"article:published_time\" content=\"2025-06-11T12:56:04+00:00\" \/>\n<meta property=\"og:image\" content=\"https:\/\/iraurgiberritzen.eus\/wp-content\/uploads\/2025\/06\/IMG_0584-scaled.jpg\" \/>\n\t<meta property=\"og:image:width\" content=\"2560\" \/>\n\t<meta property=\"og:image:height\" content=\"1707\" \/>\n\t<meta property=\"og:image:type\" content=\"image\/jpeg\" \/>\n<meta name=\"author\" content=\"ainara\" \/>\n<meta name=\"twitter:card\" content=\"summary_large_image\" \/>\n<meta name=\"twitter:label1\" content=\"Escrito por\" \/>\n\t<meta name=\"twitter:data1\" content=\"ainara\" \/>\n\t<meta name=\"twitter:label2\" content=\"Tiempo de lectura\" \/>\n\t<meta name=\"twitter:data2\" content=\"2 minutos\" \/>\n<script type=\"application\/ld+json\" class=\"yoast-schema-graph\">{\"@context\":\"https:\\\/\\\/schema.org\",\"@graph\":[{\"@type\":\"Article\",\"@id\":\"https:\\\/\\\/iraurgiberritzen.eus\\\/es\\\/7-proyectos-presentados-por-el-alumnado-en-la-urola-erdiko-zientzia-eta-teknologia-azoka\\\/#article\",\"isPartOf\":{\"@id\":\"https:\\\/\\\/iraurgiberritzen.eus\\\/es\\\/7-proyectos-presentados-por-el-alumnado-en-la-urola-erdiko-zientzia-eta-teknologia-azoka\\\/\"},\"author\":{\"name\":\"ainara\",\"@id\":\"https:\\\/\\\/iraurgiberritzen.eus\\\/es\\\/#\\\/schema\\\/person\\\/a32c9825b3e2bfcbe757a97f6a15c8a5\"},\"headline\":\"7 proyectos presentados por el alumnado en la Urola Erdiko ZIENTZIA eta TEKNOLOGIA Azoka\",\"datePublished\":\"2025-06-11T12:56:04+00:00\",\"mainEntityOfPage\":{\"@id\":\"https:\\\/\\\/iraurgiberritzen.eus\\\/es\\\/7-proyectos-presentados-por-el-alumnado-en-la-urola-erdiko-zientzia-eta-teknologia-azoka\\\/\"},\"wordCount\":301,\"publisher\":{\"@id\":\"https:\\\/\\\/iraurgiberritzen.eus\\\/es\\\/#organization\"},\"image\":{\"@id\":\"https:\\\/\\\/iraurgiberritzen.eus\\\/es\\\/7-proyectos-presentados-por-el-alumnado-en-la-urola-erdiko-zientzia-eta-teknologia-azoka\\\/#primaryimage\"},\"thumbnailUrl\":\"https:\\\/\\\/iraurgiberritzen.eus\\\/wp-content\\\/uploads\\\/2025\\\/06\\\/IMG_0584-scaled.jpg\",\"articleSection\":[\"Noticias\"],\"inLanguage\":\"es\"},{\"@type\":\"WebPage\",\"@id\":\"https:\\\/\\\/iraurgiberritzen.eus\\\/es\\\/7-proyectos-presentados-por-el-alumnado-en-la-urola-erdiko-zientzia-eta-teknologia-azoka\\\/\",\"url\":\"https:\\\/\\\/iraurgiberritzen.eus\\\/es\\\/7-proyectos-presentados-por-el-alumnado-en-la-urola-erdiko-zientzia-eta-teknologia-azoka\\\/\",\"name\":\"7 proyectos presentados por el alumnado en la Urola Erdiko ZIENTZIA eta TEKNOLOGIA Azoka - Iraurgi Berritzen\",\"isPartOf\":{\"@id\":\"https:\\\/\\\/iraurgiberritzen.eus\\\/es\\\/#website\"},\"primaryImageOfPage\":{\"@id\":\"https:\\\/\\\/iraurgiberritzen.eus\\\/es\\\/7-proyectos-presentados-por-el-alumnado-en-la-urola-erdiko-zientzia-eta-teknologia-azoka\\\/#primaryimage\"},\"image\":{\"@id\":\"https:\\\/\\\/iraurgiberritzen.eus\\\/es\\\/7-proyectos-presentados-por-el-alumnado-en-la-urola-erdiko-zientzia-eta-teknologia-azoka\\\/#primaryimage\"},\"thumbnailUrl\":\"https:\\\/\\\/iraurgiberritzen.eus\\\/wp-content\\\/uploads\\\/2025\\\/06\\\/IMG_0584-scaled.jpg\",\"datePublished\":\"2025-06-11T12:56:04+00:00\",\"breadcrumb\":{\"@id\":\"https:\\\/\\\/iraurgiberritzen.eus\\\/es\\\/7-proyectos-presentados-por-el-alumnado-en-la-urola-erdiko-zientzia-eta-teknologia-azoka\\\/#breadcrumb\"},\"inLanguage\":\"es\",\"potentialAction\":[{\"@type\":\"ReadAction\",\"target\":[\"https:\\\/\\\/iraurgiberritzen.eus\\\/es\\\/7-proyectos-presentados-por-el-alumnado-en-la-urola-erdiko-zientzia-eta-teknologia-azoka\\\/\"]}]},{\"@type\":\"ImageObject\",\"inLanguage\":\"es\",\"@id\":\"https:\\\/\\\/iraurgiberritzen.eus\\\/es\\\/7-proyectos-presentados-por-el-alumnado-en-la-urola-erdiko-zientzia-eta-teknologia-azoka\\\/#primaryimage\",\"url\":\"https:\\\/\\\/iraurgiberritzen.eus\\\/wp-content\\\/uploads\\\/2025\\\/06\\\/IMG_0584-scaled.jpg\",\"contentUrl\":\"https:\\\/\\\/iraurgiberritzen.eus\\\/wp-content\\\/uploads\\\/2025\\\/06\\\/IMG_0584-scaled.jpg\",\"width\":2560,\"height\":1707},{\"@type\":\"BreadcrumbList\",\"@id\":\"https:\\\/\\\/iraurgiberritzen.eus\\\/es\\\/7-proyectos-presentados-por-el-alumnado-en-la-urola-erdiko-zientzia-eta-teknologia-azoka\\\/#breadcrumb\",\"itemListElement\":[{\"@type\":\"ListItem\",\"position\":1,\"name\":\"Home\",\"item\":\"https:\\\/\\\/iraurgiberritzen.eus\\\/es\\\/\"},{\"@type\":\"ListItem\",\"position\":2,\"name\":\"7 proyectos presentados por el alumnado en la Urola Erdiko ZIENTZIA eta TEKNOLOGIA Azoka\"}]},{\"@type\":\"WebSite\",\"@id\":\"https:\\\/\\\/iraurgiberritzen.eus\\\/es\\\/#website\",\"url\":\"https:\\\/\\\/iraurgiberritzen.eus\\\/es\\\/\",\"name\":\"Iraurgi Berritzen\",\"description\":\"Urola Erdiko Garapen Agentzia\",\"publisher\":{\"@id\":\"https:\\\/\\\/iraurgiberritzen.eus\\\/es\\\/#organization\"},\"potentialAction\":[{\"@type\":\"SearchAction\",\"target\":{\"@type\":\"EntryPoint\",\"urlTemplate\":\"https:\\\/\\\/iraurgiberritzen.eus\\\/es\\\/?s={search_term_string}\"},\"query-input\":{\"@type\":\"PropertyValueSpecification\",\"valueRequired\":true,\"valueName\":\"search_term_string\"}}],\"inLanguage\":\"es\"},{\"@type\":\"Organization\",\"@id\":\"https:\\\/\\\/iraurgiberritzen.eus\\\/es\\\/#organization\",\"name\":\"Iraurgi Berritzen\",\"url\":\"https:\\\/\\\/iraurgiberritzen.eus\\\/es\\\/\",\"logo\":{\"@type\":\"ImageObject\",\"inLanguage\":\"es\",\"@id\":\"https:\\\/\\\/iraurgiberritzen.eus\\\/es\\\/#\\\/schema\\\/logo\\\/image\\\/\",\"url\":\"https:\\\/\\\/iraurgiberritzen.eus\\\/wp-content\\\/uploads\\\/2024\\\/02\\\/IRAURGI-BERRITZEN-logotipoa_2.png\",\"contentUrl\":\"https:\\\/\\\/iraurgiberritzen.eus\\\/wp-content\\\/uploads\\\/2024\\\/02\\\/IRAURGI-BERRITZEN-logotipoa_2.png\",\"width\":496,\"height\":190,\"caption\":\"Iraurgi Berritzen\"},\"image\":{\"@id\":\"https:\\\/\\\/iraurgiberritzen.eus\\\/es\\\/#\\\/schema\\\/logo\\\/image\\\/\"}},{\"@type\":\"Person\",\"@id\":\"https:\\\/\\\/iraurgiberritzen.eus\\\/es\\\/#\\\/schema\\\/person\\\/a32c9825b3e2bfcbe757a97f6a15c8a5\",\"name\":\"ainara\"}]}<\/script>\n<!-- \/ Yoast SEO plugin. -->","yoast_head_json":{"title":"7 proyectos presentados por el alumnado en la Urola Erdiko ZIENTZIA eta TEKNOLOGIA Azoka - Iraurgi Berritzen","robots":{"index":"index","follow":"follow","max-snippet":"max-snippet:-1","max-image-preview":"max-image-preview:large","max-video-preview":"max-video-preview:-1"},"canonical":"https:\/\/iraurgiberritzen.eus\/es\/7-proyectos-presentados-por-el-alumnado-en-la-urola-erdiko-zientzia-eta-teknologia-azoka\/","og_locale":"es_ES","og_type":"article","og_title":"7 proyectos presentados por el alumnado en la Urola Erdiko ZIENTZIA eta TEKNOLOGIA Azoka - Iraurgi Berritzen","og_description":"Por s\u00e9ptimo a\u00f1o consecutivo, el alumnado de la comarca ha compartido frente a la parroquia de Azkoitia los proyectos STEAM -Science, Technology, Engineering, Art, Mathematics- trabajados a lo largo del curso 2024\/25. En total, en la feria se han presentado 7 proyectos y en su desarrollo han participado m\u00e1s de 300 j\u00f3venes de ESO y [&hellip;]","og_url":"https:\/\/iraurgiberritzen.eus\/es\/7-proyectos-presentados-por-el-alumnado-en-la-urola-erdiko-zientzia-eta-teknologia-azoka\/","og_site_name":"Iraurgi Berritzen","article_published_time":"2025-06-11T12:56:04+00:00","og_image":[{"width":2560,"height":1707,"url":"https:\/\/iraurgiberritzen.eus\/wp-content\/uploads\/2025\/06\/IMG_0584-scaled.jpg","type":"image\/jpeg"}],"author":"ainara","twitter_card":"summary_large_image","twitter_misc":{"Escrito por":"ainara","Tiempo de lectura":"2 minutos"},"schema":{"@context":"https:\/\/schema.org","@graph":[{"@type":"Article","@id":"https:\/\/iraurgiberritzen.eus\/es\/7-proyectos-presentados-por-el-alumnado-en-la-urola-erdiko-zientzia-eta-teknologia-azoka\/#article","isPartOf":{"@id":"https:\/\/iraurgiberritzen.eus\/es\/7-proyectos-presentados-por-el-alumnado-en-la-urola-erdiko-zientzia-eta-teknologia-azoka\/"},"author":{"name":"ainara","@id":"https:\/\/iraurgiberritzen.eus\/es\/#\/schema\/person\/a32c9825b3e2bfcbe757a97f6a15c8a5"},"headline":"7 proyectos presentados por el alumnado en la Urola Erdiko ZIENTZIA eta TEKNOLOGIA Azoka","datePublished":"2025-06-11T12:56:04+00:00","mainEntityOfPage":{"@id":"https:\/\/iraurgiberritzen.eus\/es\/7-proyectos-presentados-por-el-alumnado-en-la-urola-erdiko-zientzia-eta-teknologia-azoka\/"},"wordCount":301,"publisher":{"@id":"https:\/\/iraurgiberritzen.eus\/es\/#organization"},"image":{"@id":"https:\/\/iraurgiberritzen.eus\/es\/7-proyectos-presentados-por-el-alumnado-en-la-urola-erdiko-zientzia-eta-teknologia-azoka\/#primaryimage"},"thumbnailUrl":"https:\/\/iraurgiberritzen.eus\/wp-content\/uploads\/2025\/06\/IMG_0584-scaled.jpg","articleSection":["Noticias"],"inLanguage":"es"},{"@type":"WebPage","@id":"https:\/\/iraurgiberritzen.eus\/es\/7-proyectos-presentados-por-el-alumnado-en-la-urola-erdiko-zientzia-eta-teknologia-azoka\/","url":"https:\/\/iraurgiberritzen.eus\/es\/7-proyectos-presentados-por-el-alumnado-en-la-urola-erdiko-zientzia-eta-teknologia-azoka\/","name":"7 proyectos presentados por el alumnado en la Urola Erdiko ZIENTZIA eta TEKNOLOGIA Azoka - Iraurgi Berritzen","isPartOf":{"@id":"https:\/\/iraurgiberritzen.eus\/es\/#website"},"primaryImageOfPage":{"@id":"https:\/\/iraurgiberritzen.eus\/es\/7-proyectos-presentados-por-el-alumnado-en-la-urola-erdiko-zientzia-eta-teknologia-azoka\/#primaryimage"},"image":{"@id":"https:\/\/iraurgiberritzen.eus\/es\/7-proyectos-presentados-por-el-alumnado-en-la-urola-erdiko-zientzia-eta-teknologia-azoka\/#primaryimage"},"thumbnailUrl":"https:\/\/iraurgiberritzen.eus\/wp-content\/uploads\/2025\/06\/IMG_0584-scaled.jpg","datePublished":"2025-06-11T12:56:04+00:00","breadcrumb":{"@id":"https:\/\/iraurgiberritzen.eus\/es\/7-proyectos-presentados-por-el-alumnado-en-la-urola-erdiko-zientzia-eta-teknologia-azoka\/#breadcrumb"},"inLanguage":"es","potentialAction":[{"@type":"ReadAction","target":["https:\/\/iraurgiberritzen.eus\/es\/7-proyectos-presentados-por-el-alumnado-en-la-urola-erdiko-zientzia-eta-teknologia-azoka\/"]}]},{"@type":"ImageObject","inLanguage":"es","@id":"https:\/\/iraurgiberritzen.eus\/es\/7-proyectos-presentados-por-el-alumnado-en-la-urola-erdiko-zientzia-eta-teknologia-azoka\/#primaryimage","url":"https:\/\/iraurgiberritzen.eus\/wp-content\/uploads\/2025\/06\/IMG_0584-scaled.jpg","contentUrl":"https:\/\/iraurgiberritzen.eus\/wp-content\/uploads\/2025\/06\/IMG_0584-scaled.jpg","width":2560,"height":1707},{"@type":"BreadcrumbList","@id":"https:\/\/iraurgiberritzen.eus\/es\/7-proyectos-presentados-por-el-alumnado-en-la-urola-erdiko-zientzia-eta-teknologia-azoka\/#breadcrumb","itemListElement":[{"@type":"ListItem","position":1,"name":"Home","item":"https:\/\/iraurgiberritzen.eus\/es\/"},{"@type":"ListItem","position":2,"name":"7 proyectos presentados por el alumnado en la Urola Erdiko ZIENTZIA eta TEKNOLOGIA Azoka"}]},{"@type":"WebSite","@id":"https:\/\/iraurgiberritzen.eus\/es\/#website","url":"https:\/\/iraurgiberritzen.eus\/es\/","name":"Iraurgi Berritzen","description":"Urola Erdiko Garapen Agentzia","publisher":{"@id":"https:\/\/iraurgiberritzen.eus\/es\/#organization"},"potentialAction":[{"@type":"SearchAction","target":{"@type":"EntryPoint","urlTemplate":"https:\/\/iraurgiberritzen.eus\/es\/?s={search_term_string}"},"query-input":{"@type":"PropertyValueSpecification","valueRequired":true,"valueName":"search_term_string"}}],"inLanguage":"es"},{"@type":"Organization","@id":"https:\/\/iraurgiberritzen.eus\/es\/#organization","name":"Iraurgi Berritzen","url":"https:\/\/iraurgiberritzen.eus\/es\/","logo":{"@type":"ImageObject","inLanguage":"es","@id":"https:\/\/iraurgiberritzen.eus\/es\/#\/schema\/logo\/image\/","url":"https:\/\/iraurgiberritzen.eus\/wp-content\/uploads\/2024\/02\/IRAURGI-BERRITZEN-logotipoa_2.png","contentUrl":"https:\/\/iraurgiberritzen.eus\/wp-content\/uploads\/2024\/02\/IRAURGI-BERRITZEN-logotipoa_2.png","width":496,"height":190,"caption":"Iraurgi Berritzen"},"image":{"@id":"https:\/\/iraurgiberritzen.eus\/es\/#\/schema\/logo\/image\/"}},{"@type":"Person","@id":"https:\/\/iraurgiberritzen.eus\/es\/#\/schema\/person\/a32c9825b3e2bfcbe757a97f6a15c8a5","name":"ainara"}]}},"_links":{"self":[{"href":"https:\/\/iraurgiberritzen.eus\/es\/wp-json\/wp\/v2\/posts\/23655","targetHints":{"allow":["GET"]}}],"collection":[{"href":"https:\/\/iraurgiberritzen.eus\/es\/wp-json\/wp\/v2\/posts"}],"about":[{"href":"https:\/\/iraurgiberritzen.eus\/es\/wp-json\/wp\/v2\/types\/post"}],"author":[{"embeddable":true,"href":"https:\/\/iraurgiberritzen.eus\/es\/wp-json\/wp\/v2\/users\/4"}],"replies":[{"embeddable":true,"href":"https:\/\/iraurgiberritzen.eus\/es\/wp-json\/wp\/v2\/comments?post=23655"}],"version-history":[{"count":1,"href":"https:\/\/iraurgiberritzen.eus\/es\/wp-json\/wp\/v2\/posts\/23655\/revisions"}],"predecessor-version":[{"id":23656,"href":"https:\/\/iraurgiberritzen.eus\/es\/wp-json\/wp\/v2\/posts\/23655\/revisions\/23656"}],"wp:featuredmedia":[{"embeddable":true,"href":"https:\/\/iraurgiberritzen.eus\/es\/wp-json\/wp\/v2\/media\/23612"}],"wp:attachment":[{"href":"https:\/\/iraurgiberritzen.eus\/es\/wp-json\/wp\/v2\/media?parent=23655"}],"wp:term":[{"taxonomy":"category","embeddable":true,"href":"https:\/\/iraurgiberritzen.eus\/es\/wp-json\/wp\/v2\/categories?post=23655"},{"taxonomy":"post_tag","embeddable":true,"href":"https:\/\/iraurgiberritzen.eus\/es\/wp-json\/wp\/v2\/tags?post=23655"}],"curies":[{"name":"wp","href":"https:\/\/api.w.org\/{rel}","templated":true}]}}