{"id":23659,"date":"2025-06-13T13:36:39","date_gmt":"2025-06-13T11:36:39","guid":{"rendered":"https:\/\/iraurgiberritzen.eus\/?p=23659"},"modified":"2025-06-16T12:55:42","modified_gmt":"2025-06-16T10:55:42","slug":"78-lantaldetan-banatutako-300-ikaslek-beste-horrenbeste-elkarrizketa-egin-dituzte-eskualdeko-eragile-sozioekonomikoetako-hainbat-ordezkarirekin","status":"publish","type":"post","link":"https:\/\/iraurgiberritzen.eus\/es\/78-lantaldetan-banatutako-300-ikaslek-beste-horrenbeste-elkarrizketa-egin-dituzte-eskualdeko-eragile-sozioekonomikoetako-hainbat-ordezkarirekin\/","title":{"rendered":"Un total de 300 alumn@s repartid@s en 78 grupos de trabajo han realizado entrevistas a diferentes agentes socioecon\u00f3micos de la comarca"},"content":{"rendered":"<p aria-level=\"1\"><span data-contrast=\"none\">Hoy, 13 de junio, se ha celebrado la<strong> 12\u00aa jornada de clausur<\/strong>a del<strong> proyecto Elkarrekin Eraikitzen<\/strong>. A lo largo del mismo han participado los 5 centros de la comarca, 15 profesores, cerca de 300 alumnos\/as y alrededor de 30 agentes de diferentes sectores (industria, salud, empleo, emprendimiento, turismo, sector primario, servicios sociales).<\/span><span data-ccp-props=\"{&quot;134233117&quot;:false,&quot;134233118&quot;:false,&quot;134245418&quot;:true,&quot;134245529&quot;:true,&quot;335559738&quot;:0,&quot;335559739&quot;:240}\">\u00a0<\/span><\/p>\n<p><span data-contrast=\"none\">La jornada se ha organizado en dos secciones principales. En primer lugar, el alumnado ha tenido la oportunidad de presentar los retos que ha trabajado a lo largo del curso (El proceso, Sector Industrial, Salud, \u2026). En la presentaci\u00f3n han compartido con los asistentes lo aprendido durante el proceso y sus vivencias. En la segunda parte se ha celebrado una mesa redonda con la colaboraci\u00f3n de j\u00f3venes de diferentes centros. En ella se. han podido escuchar bonitas ideas y reflexiones:<\/span><span data-ccp-props=\"{&quot;134233117&quot;:true,&quot;134233118&quot;:true,&quot;335551550&quot;:6,&quot;335551620&quot;:6,&quot;335557856&quot;:16777215}\">\u00a0<\/span><\/p>\n<ul>\n<li><span data-ccp-props=\"{&quot;134233117&quot;:true,&quot;134233118&quot;:true,&quot;335551550&quot;:6,&quot;335551620&quot;:6,&quot;335557856&quot;:16777215}\">\u00a0<\/span><span data-contrast=\"none\">\u201cLas visitas han sido muy interesantes. Los agentes nos han recibido muy bien. Han sido cercanos \u201d.<\/span><span data-ccp-props=\"{&quot;134233117&quot;:true,&quot;134233118&quot;:true,&quot;335551550&quot;:6,&quot;335551620&quot;:6,&quot;335557856&quot;:16777215}\">\u00a0<\/span><\/li>\n<li><span data-contrast=\"none\">\u201cDurante el proceso hemos aprendido a trabajar en equipo, a unificar agendas,&#8230; Adem\u00e1s, hemos trabajado la autonom\u00eda, la iniciativa y la capacidad de tomar decisiones \u201d.<\/span><span data-ccp-props=\"{&quot;134233117&quot;:true,&quot;134233118&quot;:true,&quot;335551550&quot;:6,&quot;335551620&quot;:6,&quot;335557856&quot;:16777215}\">\u00a0<\/span><\/li>\n<li><span data-contrast=\"none\">\u201cDejar\u00edamos el proyecto tal y como est\u00e1 en su totalidad\u201d.<\/span><span data-ccp-props=\"{&quot;134233117&quot;:true,&quot;134233118&quot;:true,&quot;335551550&quot;:6,&quot;335551620&quot;:6,&quot;335557856&quot;:16777215}\">\u00a0<\/span><\/li>\n<li><span data-contrast=\"none\">\u201cComo recomendaci\u00f3n, les dir\u00edamos a los estudiantes que nos siguen que no tengan verg\u00fcenza a la hora de relacionarse con los agentes porque es muy \u00fatil\u201d.<\/span><span data-ccp-props=\"{&quot;134233117&quot;:true,&quot;134233118&quot;:true,&quot;335551550&quot;:6,&quot;335551620&quot;:6,&quot;335557856&quot;:16777215}\">\u00a0<\/span><\/li>\n<li><span data-contrast=\"none\">\u201cNo debemos considerar este trabajo como una obligaci\u00f3n del centro, sino como un proyecto que nos sirve para aprender y trabajar nuestras competencias\u201d.<\/span><span data-ccp-props=\"{&quot;134233117&quot;:true,&quot;134233118&quot;:true,&quot;335551550&quot;:6,&quot;335551620&quot;:6,&quot;335557856&quot;:16777215}\">\u00a0<\/span><\/li>\n<\/ul>\n<p><span data-contrast=\"none\">En general, la edici\u00f3n del curso 2024\/25 se ha valorado muy positivamente y de cara al pr\u00f3ximo curso se prev\u00e9 realizar un esfuerzo especial para seguir estrechando las relaciones entre los centros escolares y los diferentes agentes de la comarca.<\/span><span data-ccp-props=\"{&quot;335551550&quot;:6,&quot;335551620&quot;:6,&quot;335557856&quot;:16777215}\">\u00a0<\/span><\/p>\n<p><span data-contrast=\"none\">El proyecto Elkarrekin Eraikitzen, adem\u00e1s de convertir al alumno\/a protagonista en el desarrollo del proyecto y en el proceso de aprendizaje que conlleva, tiene tres objetivos principales. Por un lado, tiene como objetivo promover entre el alumnado valores y capacidades relacionadas con el emprendimiento, como la iniciativa o la capacidad de comunicaci\u00f3n. Para poder cumplir este primer objetivo, el proyecto ha ofrecido al profesorado la posibilidad de experimentar con metodolog\u00edas innovadoras. El objetivo 3 y final del proyecto es que los alumnos conozcan la situaci\u00f3n socioecon\u00f3mica de la comarca para que tomen las decisiones correspondientes antes de su futura incorporaci\u00f3n al mundo laboral con la mayor informaci\u00f3n posible.<\/span><span data-ccp-props=\"{&quot;335551550&quot;:6,&quot;335551620&quot;:6}\">\u00a0<\/span><\/p>\n","protected":false},"excerpt":{"rendered":"<p>Hoy, 13 de junio, se ha celebrado la 12\u00aa jornada de clausura del proyecto Elkarrekin Eraikitzen. A lo largo del mismo han participado los 5 centros de la comarca, 15 profesores, cerca de 300 alumnos\/as y alrededor de 30 agentes de diferentes sectores (industria, salud, empleo, emprendimiento, turismo, sector primario, servicios sociales).\u00a0 La jornada se [&hellip;]<\/p>\n","protected":false},"author":4,"featured_media":23679,"comment_status":"closed","ping_status":"closed","sticky":false,"template":"","format":"standard","meta":{"_acf_changed":false,"footnotes":""},"categories":[4],"tags":[],"class_list":["post-23659","post","type-post","status-publish","format-standard","has-post-thumbnail","hentry","category-noticias","arloak-educacion","arloak-elkarrekin-eraikitzen-es"],"acf":[],"yoast_head":"<!-- This site is optimized with the Yoast SEO plugin v27.4 - https:\/\/yoast.com\/product\/yoast-seo-wordpress\/ -->\n<title>Un total de 300 alumn@s repartid@s en 78 grupos de trabajo han realizado entrevistas a diferentes agentes socioecon\u00f3micos de la comarca - Iraurgi Berritzen<\/title>\n<meta name=\"robots\" content=\"index, follow, max-snippet:-1, max-image-preview:large, max-video-preview:-1\" \/>\n<link rel=\"canonical\" href=\"https:\/\/iraurgiberritzen.eus\/es\/78-lantaldetan-banatutako-300-ikaslek-beste-horrenbeste-elkarrizketa-egin-dituzte-eskualdeko-eragile-sozioekonomikoetako-hainbat-ordezkarirekin\/\" \/>\n<meta property=\"og:locale\" content=\"es_ES\" \/>\n<meta property=\"og:type\" content=\"article\" \/>\n<meta property=\"og:title\" content=\"Un total de 300 alumn@s repartid@s en 78 grupos de trabajo han realizado entrevistas a diferentes agentes socioecon\u00f3micos de la comarca - Iraurgi Berritzen\" \/>\n<meta property=\"og:description\" content=\"Hoy, 13 de junio, se ha celebrado la 12\u00aa jornada de clausura del proyecto Elkarrekin Eraikitzen. A lo largo del mismo han participado los 5 centros de la comarca, 15 profesores, cerca de 300 alumnos\/as y alrededor de 30 agentes de diferentes sectores (industria, salud, empleo, emprendimiento, turismo, sector primario, servicios sociales).\u00a0 La jornada se [&hellip;]\" \/>\n<meta property=\"og:url\" content=\"https:\/\/iraurgiberritzen.eus\/es\/78-lantaldetan-banatutako-300-ikaslek-beste-horrenbeste-elkarrizketa-egin-dituzte-eskualdeko-eragile-sozioekonomikoetako-hainbat-ordezkarirekin\/\" \/>\n<meta property=\"og:site_name\" content=\"Iraurgi Berritzen\" \/>\n<meta property=\"article:published_time\" content=\"2025-06-13T11:36:39+00:00\" \/>\n<meta property=\"article:modified_time\" content=\"2025-06-16T10:55:42+00:00\" \/>\n<meta property=\"og:image\" content=\"https:\/\/iraurgiberritzen.eus\/wp-content\/uploads\/2025\/06\/WhatsApp-Image-2025-06-13-at-13.15.33-scaled.jpeg\" \/>\n\t<meta property=\"og:image:width\" content=\"2560\" \/>\n\t<meta property=\"og:image:height\" content=\"1707\" \/>\n\t<meta property=\"og:image:type\" content=\"image\/jpeg\" \/>\n<meta name=\"author\" content=\"ainara\" \/>\n<meta name=\"twitter:card\" content=\"summary_large_image\" \/>\n<meta name=\"twitter:label1\" content=\"Escrito por\" \/>\n\t<meta name=\"twitter:data1\" content=\"ainara\" \/>\n\t<meta name=\"twitter:label2\" content=\"Tiempo de lectura\" \/>\n\t<meta name=\"twitter:data2\" content=\"3 minutos\" \/>\n<script type=\"application\/ld+json\" class=\"yoast-schema-graph\">{\"@context\":\"https:\\\/\\\/schema.org\",\"@graph\":[{\"@type\":\"Article\",\"@id\":\"https:\\\/\\\/iraurgiberritzen.eus\\\/es\\\/78-lantaldetan-banatutako-300-ikaslek-beste-horrenbeste-elkarrizketa-egin-dituzte-eskualdeko-eragile-sozioekonomikoetako-hainbat-ordezkarirekin\\\/#article\",\"isPartOf\":{\"@id\":\"https:\\\/\\\/iraurgiberritzen.eus\\\/es\\\/78-lantaldetan-banatutako-300-ikaslek-beste-horrenbeste-elkarrizketa-egin-dituzte-eskualdeko-eragile-sozioekonomikoetako-hainbat-ordezkarirekin\\\/\"},\"author\":{\"name\":\"ainara\",\"@id\":\"https:\\\/\\\/iraurgiberritzen.eus\\\/es\\\/#\\\/schema\\\/person\\\/a32c9825b3e2bfcbe757a97f6a15c8a5\"},\"headline\":\"Un total de 300 alumn@s repartid@s en 78 grupos de trabajo han realizado entrevistas a diferentes agentes socioecon\u00f3micos de la comarca\",\"datePublished\":\"2025-06-13T11:36:39+00:00\",\"dateModified\":\"2025-06-16T10:55:42+00:00\",\"mainEntityOfPage\":{\"@id\":\"https:\\\/\\\/iraurgiberritzen.eus\\\/es\\\/78-lantaldetan-banatutako-300-ikaslek-beste-horrenbeste-elkarrizketa-egin-dituzte-eskualdeko-eragile-sozioekonomikoetako-hainbat-ordezkarirekin\\\/\"},\"wordCount\":414,\"publisher\":{\"@id\":\"https:\\\/\\\/iraurgiberritzen.eus\\\/es\\\/#organization\"},\"image\":{\"@id\":\"https:\\\/\\\/iraurgiberritzen.eus\\\/es\\\/78-lantaldetan-banatutako-300-ikaslek-beste-horrenbeste-elkarrizketa-egin-dituzte-eskualdeko-eragile-sozioekonomikoetako-hainbat-ordezkarirekin\\\/#primaryimage\"},\"thumbnailUrl\":\"https:\\\/\\\/iraurgiberritzen.eus\\\/wp-content\\\/uploads\\\/2025\\\/06\\\/WhatsApp-Image-2025-06-13-at-13.15.33-scaled.jpeg\",\"articleSection\":[\"Noticias\"],\"inLanguage\":\"es\"},{\"@type\":\"WebPage\",\"@id\":\"https:\\\/\\\/iraurgiberritzen.eus\\\/es\\\/78-lantaldetan-banatutako-300-ikaslek-beste-horrenbeste-elkarrizketa-egin-dituzte-eskualdeko-eragile-sozioekonomikoetako-hainbat-ordezkarirekin\\\/\",\"url\":\"https:\\\/\\\/iraurgiberritzen.eus\\\/es\\\/78-lantaldetan-banatutako-300-ikaslek-beste-horrenbeste-elkarrizketa-egin-dituzte-eskualdeko-eragile-sozioekonomikoetako-hainbat-ordezkarirekin\\\/\",\"name\":\"Un total de 300 alumn@s repartid@s en 78 grupos de trabajo han realizado entrevistas a diferentes agentes socioecon\u00f3micos de la comarca - Iraurgi Berritzen\",\"isPartOf\":{\"@id\":\"https:\\\/\\\/iraurgiberritzen.eus\\\/es\\\/#website\"},\"primaryImageOfPage\":{\"@id\":\"https:\\\/\\\/iraurgiberritzen.eus\\\/es\\\/78-lantaldetan-banatutako-300-ikaslek-beste-horrenbeste-elkarrizketa-egin-dituzte-eskualdeko-eragile-sozioekonomikoetako-hainbat-ordezkarirekin\\\/#primaryimage\"},\"image\":{\"@id\":\"https:\\\/\\\/iraurgiberritzen.eus\\\/es\\\/78-lantaldetan-banatutako-300-ikaslek-beste-horrenbeste-elkarrizketa-egin-dituzte-eskualdeko-eragile-sozioekonomikoetako-hainbat-ordezkarirekin\\\/#primaryimage\"},\"thumbnailUrl\":\"https:\\\/\\\/iraurgiberritzen.eus\\\/wp-content\\\/uploads\\\/2025\\\/06\\\/WhatsApp-Image-2025-06-13-at-13.15.33-scaled.jpeg\",\"datePublished\":\"2025-06-13T11:36:39+00:00\",\"dateModified\":\"2025-06-16T10:55:42+00:00\",\"breadcrumb\":{\"@id\":\"https:\\\/\\\/iraurgiberritzen.eus\\\/es\\\/78-lantaldetan-banatutako-300-ikaslek-beste-horrenbeste-elkarrizketa-egin-dituzte-eskualdeko-eragile-sozioekonomikoetako-hainbat-ordezkarirekin\\\/#breadcrumb\"},\"inLanguage\":\"es\",\"potentialAction\":[{\"@type\":\"ReadAction\",\"target\":[\"https:\\\/\\\/iraurgiberritzen.eus\\\/es\\\/78-lantaldetan-banatutako-300-ikaslek-beste-horrenbeste-elkarrizketa-egin-dituzte-eskualdeko-eragile-sozioekonomikoetako-hainbat-ordezkarirekin\\\/\"]}]},{\"@type\":\"ImageObject\",\"inLanguage\":\"es\",\"@id\":\"https:\\\/\\\/iraurgiberritzen.eus\\\/es\\\/78-lantaldetan-banatutako-300-ikaslek-beste-horrenbeste-elkarrizketa-egin-dituzte-eskualdeko-eragile-sozioekonomikoetako-hainbat-ordezkarirekin\\\/#primaryimage\",\"url\":\"https:\\\/\\\/iraurgiberritzen.eus\\\/wp-content\\\/uploads\\\/2025\\\/06\\\/WhatsApp-Image-2025-06-13-at-13.15.33-scaled.jpeg\",\"contentUrl\":\"https:\\\/\\\/iraurgiberritzen.eus\\\/wp-content\\\/uploads\\\/2025\\\/06\\\/WhatsApp-Image-2025-06-13-at-13.15.33-scaled.jpeg\",\"width\":2560,\"height\":1707},{\"@type\":\"BreadcrumbList\",\"@id\":\"https:\\\/\\\/iraurgiberritzen.eus\\\/es\\\/78-lantaldetan-banatutako-300-ikaslek-beste-horrenbeste-elkarrizketa-egin-dituzte-eskualdeko-eragile-sozioekonomikoetako-hainbat-ordezkarirekin\\\/#breadcrumb\",\"itemListElement\":[{\"@type\":\"ListItem\",\"position\":1,\"name\":\"Home\",\"item\":\"https:\\\/\\\/iraurgiberritzen.eus\\\/es\\\/\"},{\"@type\":\"ListItem\",\"position\":2,\"name\":\"Un total de 300 alumn@s repartid@s en 78 grupos de trabajo han realizado entrevistas a diferentes agentes socioecon\u00f3micos de la comarca\"}]},{\"@type\":\"WebSite\",\"@id\":\"https:\\\/\\\/iraurgiberritzen.eus\\\/es\\\/#website\",\"url\":\"https:\\\/\\\/iraurgiberritzen.eus\\\/es\\\/\",\"name\":\"Iraurgi Berritzen\",\"description\":\"Urola Erdiko Garapen Agentzia\",\"publisher\":{\"@id\":\"https:\\\/\\\/iraurgiberritzen.eus\\\/es\\\/#organization\"},\"potentialAction\":[{\"@type\":\"SearchAction\",\"target\":{\"@type\":\"EntryPoint\",\"urlTemplate\":\"https:\\\/\\\/iraurgiberritzen.eus\\\/es\\\/?s={search_term_string}\"},\"query-input\":{\"@type\":\"PropertyValueSpecification\",\"valueRequired\":true,\"valueName\":\"search_term_string\"}}],\"inLanguage\":\"es\"},{\"@type\":\"Organization\",\"@id\":\"https:\\\/\\\/iraurgiberritzen.eus\\\/es\\\/#organization\",\"name\":\"Iraurgi Berritzen\",\"url\":\"https:\\\/\\\/iraurgiberritzen.eus\\\/es\\\/\",\"logo\":{\"@type\":\"ImageObject\",\"inLanguage\":\"es\",\"@id\":\"https:\\\/\\\/iraurgiberritzen.eus\\\/es\\\/#\\\/schema\\\/logo\\\/image\\\/\",\"url\":\"https:\\\/\\\/iraurgiberritzen.eus\\\/wp-content\\\/uploads\\\/2024\\\/02\\\/IRAURGI-BERRITZEN-logotipoa_2.png\",\"contentUrl\":\"https:\\\/\\\/iraurgiberritzen.eus\\\/wp-content\\\/uploads\\\/2024\\\/02\\\/IRAURGI-BERRITZEN-logotipoa_2.png\",\"width\":496,\"height\":190,\"caption\":\"Iraurgi Berritzen\"},\"image\":{\"@id\":\"https:\\\/\\\/iraurgiberritzen.eus\\\/es\\\/#\\\/schema\\\/logo\\\/image\\\/\"}},{\"@type\":\"Person\",\"@id\":\"https:\\\/\\\/iraurgiberritzen.eus\\\/es\\\/#\\\/schema\\\/person\\\/a32c9825b3e2bfcbe757a97f6a15c8a5\",\"name\":\"ainara\"}]}<\/script>\n<!-- \/ Yoast SEO plugin. -->","yoast_head_json":{"title":"Un total de 300 alumn@s repartid@s en 78 grupos de trabajo han realizado entrevistas a diferentes agentes socioecon\u00f3micos de la comarca - Iraurgi Berritzen","robots":{"index":"index","follow":"follow","max-snippet":"max-snippet:-1","max-image-preview":"max-image-preview:large","max-video-preview":"max-video-preview:-1"},"canonical":"https:\/\/iraurgiberritzen.eus\/es\/78-lantaldetan-banatutako-300-ikaslek-beste-horrenbeste-elkarrizketa-egin-dituzte-eskualdeko-eragile-sozioekonomikoetako-hainbat-ordezkarirekin\/","og_locale":"es_ES","og_type":"article","og_title":"Un total de 300 alumn@s repartid@s en 78 grupos de trabajo han realizado entrevistas a diferentes agentes socioecon\u00f3micos de la comarca - Iraurgi Berritzen","og_description":"Hoy, 13 de junio, se ha celebrado la 12\u00aa jornada de clausura del proyecto Elkarrekin Eraikitzen. A lo largo del mismo han participado los 5 centros de la comarca, 15 profesores, cerca de 300 alumnos\/as y alrededor de 30 agentes de diferentes sectores (industria, salud, empleo, emprendimiento, turismo, sector primario, servicios sociales).\u00a0 La jornada se [&hellip;]","og_url":"https:\/\/iraurgiberritzen.eus\/es\/78-lantaldetan-banatutako-300-ikaslek-beste-horrenbeste-elkarrizketa-egin-dituzte-eskualdeko-eragile-sozioekonomikoetako-hainbat-ordezkarirekin\/","og_site_name":"Iraurgi Berritzen","article_published_time":"2025-06-13T11:36:39+00:00","article_modified_time":"2025-06-16T10:55:42+00:00","og_image":[{"width":2560,"height":1707,"url":"https:\/\/iraurgiberritzen.eus\/wp-content\/uploads\/2025\/06\/WhatsApp-Image-2025-06-13-at-13.15.33-scaled.jpeg","type":"image\/jpeg"}],"author":"ainara","twitter_card":"summary_large_image","twitter_misc":{"Escrito por":"ainara","Tiempo de lectura":"3 minutos"},"schema":{"@context":"https:\/\/schema.org","@graph":[{"@type":"Article","@id":"https:\/\/iraurgiberritzen.eus\/es\/78-lantaldetan-banatutako-300-ikaslek-beste-horrenbeste-elkarrizketa-egin-dituzte-eskualdeko-eragile-sozioekonomikoetako-hainbat-ordezkarirekin\/#article","isPartOf":{"@id":"https:\/\/iraurgiberritzen.eus\/es\/78-lantaldetan-banatutako-300-ikaslek-beste-horrenbeste-elkarrizketa-egin-dituzte-eskualdeko-eragile-sozioekonomikoetako-hainbat-ordezkarirekin\/"},"author":{"name":"ainara","@id":"https:\/\/iraurgiberritzen.eus\/es\/#\/schema\/person\/a32c9825b3e2bfcbe757a97f6a15c8a5"},"headline":"Un total de 300 alumn@s repartid@s en 78 grupos de trabajo han realizado entrevistas a diferentes agentes socioecon\u00f3micos de la comarca","datePublished":"2025-06-13T11:36:39+00:00","dateModified":"2025-06-16T10:55:42+00:00","mainEntityOfPage":{"@id":"https:\/\/iraurgiberritzen.eus\/es\/78-lantaldetan-banatutako-300-ikaslek-beste-horrenbeste-elkarrizketa-egin-dituzte-eskualdeko-eragile-sozioekonomikoetako-hainbat-ordezkarirekin\/"},"wordCount":414,"publisher":{"@id":"https:\/\/iraurgiberritzen.eus\/es\/#organization"},"image":{"@id":"https:\/\/iraurgiberritzen.eus\/es\/78-lantaldetan-banatutako-300-ikaslek-beste-horrenbeste-elkarrizketa-egin-dituzte-eskualdeko-eragile-sozioekonomikoetako-hainbat-ordezkarirekin\/#primaryimage"},"thumbnailUrl":"https:\/\/iraurgiberritzen.eus\/wp-content\/uploads\/2025\/06\/WhatsApp-Image-2025-06-13-at-13.15.33-scaled.jpeg","articleSection":["Noticias"],"inLanguage":"es"},{"@type":"WebPage","@id":"https:\/\/iraurgiberritzen.eus\/es\/78-lantaldetan-banatutako-300-ikaslek-beste-horrenbeste-elkarrizketa-egin-dituzte-eskualdeko-eragile-sozioekonomikoetako-hainbat-ordezkarirekin\/","url":"https:\/\/iraurgiberritzen.eus\/es\/78-lantaldetan-banatutako-300-ikaslek-beste-horrenbeste-elkarrizketa-egin-dituzte-eskualdeko-eragile-sozioekonomikoetako-hainbat-ordezkarirekin\/","name":"Un total de 300 alumn@s repartid@s en 78 grupos de trabajo han realizado entrevistas a diferentes agentes socioecon\u00f3micos de la comarca - Iraurgi Berritzen","isPartOf":{"@id":"https:\/\/iraurgiberritzen.eus\/es\/#website"},"primaryImageOfPage":{"@id":"https:\/\/iraurgiberritzen.eus\/es\/78-lantaldetan-banatutako-300-ikaslek-beste-horrenbeste-elkarrizketa-egin-dituzte-eskualdeko-eragile-sozioekonomikoetako-hainbat-ordezkarirekin\/#primaryimage"},"image":{"@id":"https:\/\/iraurgiberritzen.eus\/es\/78-lantaldetan-banatutako-300-ikaslek-beste-horrenbeste-elkarrizketa-egin-dituzte-eskualdeko-eragile-sozioekonomikoetako-hainbat-ordezkarirekin\/#primaryimage"},"thumbnailUrl":"https:\/\/iraurgiberritzen.eus\/wp-content\/uploads\/2025\/06\/WhatsApp-Image-2025-06-13-at-13.15.33-scaled.jpeg","datePublished":"2025-06-13T11:36:39+00:00","dateModified":"2025-06-16T10:55:42+00:00","breadcrumb":{"@id":"https:\/\/iraurgiberritzen.eus\/es\/78-lantaldetan-banatutako-300-ikaslek-beste-horrenbeste-elkarrizketa-egin-dituzte-eskualdeko-eragile-sozioekonomikoetako-hainbat-ordezkarirekin\/#breadcrumb"},"inLanguage":"es","potentialAction":[{"@type":"ReadAction","target":["https:\/\/iraurgiberritzen.eus\/es\/78-lantaldetan-banatutako-300-ikaslek-beste-horrenbeste-elkarrizketa-egin-dituzte-eskualdeko-eragile-sozioekonomikoetako-hainbat-ordezkarirekin\/"]}]},{"@type":"ImageObject","inLanguage":"es","@id":"https:\/\/iraurgiberritzen.eus\/es\/78-lantaldetan-banatutako-300-ikaslek-beste-horrenbeste-elkarrizketa-egin-dituzte-eskualdeko-eragile-sozioekonomikoetako-hainbat-ordezkarirekin\/#primaryimage","url":"https:\/\/iraurgiberritzen.eus\/wp-content\/uploads\/2025\/06\/WhatsApp-Image-2025-06-13-at-13.15.33-scaled.jpeg","contentUrl":"https:\/\/iraurgiberritzen.eus\/wp-content\/uploads\/2025\/06\/WhatsApp-Image-2025-06-13-at-13.15.33-scaled.jpeg","width":2560,"height":1707},{"@type":"BreadcrumbList","@id":"https:\/\/iraurgiberritzen.eus\/es\/78-lantaldetan-banatutako-300-ikaslek-beste-horrenbeste-elkarrizketa-egin-dituzte-eskualdeko-eragile-sozioekonomikoetako-hainbat-ordezkarirekin\/#breadcrumb","itemListElement":[{"@type":"ListItem","position":1,"name":"Home","item":"https:\/\/iraurgiberritzen.eus\/es\/"},{"@type":"ListItem","position":2,"name":"Un total de 300 alumn@s repartid@s en 78 grupos de trabajo han realizado entrevistas a diferentes agentes socioecon\u00f3micos de la comarca"}]},{"@type":"WebSite","@id":"https:\/\/iraurgiberritzen.eus\/es\/#website","url":"https:\/\/iraurgiberritzen.eus\/es\/","name":"Iraurgi Berritzen","description":"Urola Erdiko Garapen Agentzia","publisher":{"@id":"https:\/\/iraurgiberritzen.eus\/es\/#organization"},"potentialAction":[{"@type":"SearchAction","target":{"@type":"EntryPoint","urlTemplate":"https:\/\/iraurgiberritzen.eus\/es\/?s={search_term_string}"},"query-input":{"@type":"PropertyValueSpecification","valueRequired":true,"valueName":"search_term_string"}}],"inLanguage":"es"},{"@type":"Organization","@id":"https:\/\/iraurgiberritzen.eus\/es\/#organization","name":"Iraurgi Berritzen","url":"https:\/\/iraurgiberritzen.eus\/es\/","logo":{"@type":"ImageObject","inLanguage":"es","@id":"https:\/\/iraurgiberritzen.eus\/es\/#\/schema\/logo\/image\/","url":"https:\/\/iraurgiberritzen.eus\/wp-content\/uploads\/2024\/02\/IRAURGI-BERRITZEN-logotipoa_2.png","contentUrl":"https:\/\/iraurgiberritzen.eus\/wp-content\/uploads\/2024\/02\/IRAURGI-BERRITZEN-logotipoa_2.png","width":496,"height":190,"caption":"Iraurgi Berritzen"},"image":{"@id":"https:\/\/iraurgiberritzen.eus\/es\/#\/schema\/logo\/image\/"}},{"@type":"Person","@id":"https:\/\/iraurgiberritzen.eus\/es\/#\/schema\/person\/a32c9825b3e2bfcbe757a97f6a15c8a5","name":"ainara"}]}},"_links":{"self":[{"href":"https:\/\/iraurgiberritzen.eus\/es\/wp-json\/wp\/v2\/posts\/23659","targetHints":{"allow":["GET"]}}],"collection":[{"href":"https:\/\/iraurgiberritzen.eus\/es\/wp-json\/wp\/v2\/posts"}],"about":[{"href":"https:\/\/iraurgiberritzen.eus\/es\/wp-json\/wp\/v2\/types\/post"}],"author":[{"embeddable":true,"href":"https:\/\/iraurgiberritzen.eus\/es\/wp-json\/wp\/v2\/users\/4"}],"replies":[{"embeddable":true,"href":"https:\/\/iraurgiberritzen.eus\/es\/wp-json\/wp\/v2\/comments?post=23659"}],"version-history":[{"count":4,"href":"https:\/\/iraurgiberritzen.eus\/es\/wp-json\/wp\/v2\/posts\/23659\/revisions"}],"predecessor-version":[{"id":23687,"href":"https:\/\/iraurgiberritzen.eus\/es\/wp-json\/wp\/v2\/posts\/23659\/revisions\/23687"}],"wp:featuredmedia":[{"embeddable":true,"href":"https:\/\/iraurgiberritzen.eus\/es\/wp-json\/wp\/v2\/media\/23679"}],"wp:attachment":[{"href":"https:\/\/iraurgiberritzen.eus\/es\/wp-json\/wp\/v2\/media?parent=23659"}],"wp:term":[{"taxonomy":"category","embeddable":true,"href":"https:\/\/iraurgiberritzen.eus\/es\/wp-json\/wp\/v2\/categories?post=23659"},{"taxonomy":"post_tag","embeddable":true,"href":"https:\/\/iraurgiberritzen.eus\/es\/wp-json\/wp\/v2\/tags?post=23659"}],"curies":[{"name":"wp","href":"https:\/\/api.w.org\/{rel}","templated":true}]}}