{"id":23738,"date":"2025-06-18T14:25:12","date_gmt":"2025-06-18T12:25:12","guid":{"rendered":"https:\/\/iraurgiberritzen.eus\/?p=23738"},"modified":"2025-06-18T14:25:12","modified_gmt":"2025-06-18T12:25:12","slug":"5-empresas-de-la-comarca-comparten-su-experiencia-y-aprendizaje-en-el-proceso-de-transformacion-digital","status":"publish","type":"post","link":"https:\/\/iraurgiberritzen.eus\/es\/5-empresas-de-la-comarca-comparten-su-experiencia-y-aprendizaje-en-el-proceso-de-transformacion-digital\/","title":{"rendered":"5 empresas de la comarca comparten su experiencia y aprendizaje en el proceso de transformaci\u00f3n digital"},"content":{"rendered":"<p>Hoy 18 de junio de 2025 se ha celebrado en el Palacio Basazabal de Azpeitia la sesi\u00f3n de cierre del programa <strong>ETE DIGITALA \u2013 PYME DIGITA<\/strong>L 2024-2025, un proceso de acompa\u00f1amiento para la transformaci\u00f3n digital desarrollado por la <strong>agencia de desarrollo Iraurgi Berritzen<\/strong>, en colaboraci\u00f3n con Digitalentu, y <strong>financiado por la Diputaci\u00f3n Foral de Gipuzkoa<\/strong>.<\/p>\n<p>El encuentro ha reunido a representantes de <strong>cinco empresas de la comarca<\/strong> que han participado en el proceso de transformaci\u00f3n digital 2024-2025 \u2014<strong>Epe-Zabal SLL, Erlo Taladros SL, Ibermach Special Machinery SL , Mendiaraiz SL y Tecnicur Curvados y Mecanizados SLL<\/strong>\u2014El objetivo ha sido compartir experiencias, aprendizajes y los avances realizados en torno a los procesos de digitalizaci\u00f3n trabajados en cada una de las empresas.<\/p>\n<p>A lo largo de la sesi\u00f3n, cada empresa ha presentado su recorrido en el programa, una metodolog\u00eda centrada en impacto y acci\u00f3n, abordando de forma estructurada la <strong>problem\u00e1tica o reto<\/strong> identificado inicialmente, la <strong>oportunidad de mejora digital<\/strong> trabajada., los<strong> avances conseguidos,<\/strong> la <strong>situaci\u00f3n actual<\/strong> y los <strong>pr\u00f3ximos pasos<\/strong> por parte de cada empresa.<\/p>\n<p>Este enfoque, que combina diagn\u00f3stico, plan de acci\u00f3n y seguimiento ha permitido a las empresas priorizar e iniciar a implementar soluciones <strong>alineadas con su estrategia de negocio<\/strong> y con un claro impacto en <strong>eficiencia operativa, diversificaci\u00f3n y posicionamiento digital<\/strong>.<\/p>\n<p>La jornada ha contado con la participaci\u00f3n del Director de Innovaci\u00f3n de la <strong>Diputaci\u00f3n Foral de Gipuzkoa, Jon Gurrutxaga<\/strong>, quien ha compartido las l\u00edneas estrat\u00e9gicas de apoyo p\u00fablico en transformaci\u00f3n digital y tecnol\u00f3gica y ha puesto en valor este tipo de procesos como catalizadores del crecimiento y la innovaci\u00f3n en el tejido empresarial.<\/p>\n<p>Asimismo, por parte de Iraurgi Berritzen y Digitalentu se ha expuesto la metodolog\u00eda del programa, resaltando hitos, aprendizajes y los planes de acci\u00f3n dise\u00f1ados por cada empresa.<\/p>\n<p>Esta sesi\u00f3n de cierre no solo ha servido para visibilizar resultados concretos, sino tambi\u00e9n para <strong>fortalecer una comunidad de aprendizaje<\/strong> entre empresas, generando sinergias e inter\u00e9s entre aquellas que buscan iniciar su propio proceso de transformaci\u00f3n.<\/p>\n<p>La experiencia ha demostrado que la <strong>digitalizaci\u00f3n es una palanca real de crecimiento<\/strong>, especialmente cuando se aborda desde una perspectiva estrat\u00e9gica, acompa\u00f1ada y colaborativa, de modo que desde Iraurgi Berritzen seguimos trabajando en esta l\u00ednea con el fin de impulsar la transformaci\u00f3n digital de la comarca.<\/p>\n","protected":false},"excerpt":{"rendered":"<p>Hoy 18 de junio de 2025 se ha celebrado en el Palacio Basazabal de Azpeitia la sesi\u00f3n de cierre del programa ETE DIGITALA \u2013 PYME DIGITAL 2024-2025, un proceso de acompa\u00f1amiento para la transformaci\u00f3n digital desarrollado por la agencia de desarrollo Iraurgi Berritzen, en colaboraci\u00f3n con Digitalentu, y financiado por la Diputaci\u00f3n Foral de Gipuzkoa. [&hellip;]<\/p>\n","protected":false},"author":4,"featured_media":23732,"comment_status":"closed","ping_status":"closed","sticky":false,"template":"","format":"standard","meta":{"_acf_changed":false,"footnotes":""},"categories":[4],"tags":[],"class_list":["post-23738","post","type-post","status-publish","format-standard","has-post-thumbnail","hentry","category-noticias","arloak-enpresa"],"acf":[],"yoast_head":"<!-- This site is optimized with the Yoast SEO plugin v27.4 - https:\/\/yoast.com\/product\/yoast-seo-wordpress\/ -->\n<title>5 empresas de la comarca comparten su experiencia y aprendizaje en el proceso de transformaci\u00f3n digital - Iraurgi Berritzen<\/title>\n<meta name=\"robots\" content=\"index, follow, max-snippet:-1, max-image-preview:large, max-video-preview:-1\" \/>\n<link rel=\"canonical\" href=\"https:\/\/iraurgiberritzen.eus\/es\/5-empresas-de-la-comarca-comparten-su-experiencia-y-aprendizaje-en-el-proceso-de-transformacion-digital\/\" \/>\n<meta property=\"og:locale\" content=\"es_ES\" \/>\n<meta property=\"og:type\" content=\"article\" \/>\n<meta property=\"og:title\" content=\"5 empresas de la comarca comparten su experiencia y aprendizaje en el proceso de transformaci\u00f3n digital - Iraurgi Berritzen\" \/>\n<meta property=\"og:description\" content=\"Hoy 18 de junio de 2025 se ha celebrado en el Palacio Basazabal de Azpeitia la sesi\u00f3n de cierre del programa ETE DIGITALA \u2013 PYME DIGITAL 2024-2025, un proceso de acompa\u00f1amiento para la transformaci\u00f3n digital desarrollado por la agencia de desarrollo Iraurgi Berritzen, en colaboraci\u00f3n con Digitalentu, y financiado por la Diputaci\u00f3n Foral de Gipuzkoa. [&hellip;]\" \/>\n<meta property=\"og:url\" content=\"https:\/\/iraurgiberritzen.eus\/es\/5-empresas-de-la-comarca-comparten-su-experiencia-y-aprendizaje-en-el-proceso-de-transformacion-digital\/\" \/>\n<meta property=\"og:site_name\" content=\"Iraurgi Berritzen\" \/>\n<meta property=\"article:published_time\" content=\"2025-06-18T12:25:12+00:00\" \/>\n<meta property=\"og:image\" content=\"https:\/\/iraurgiberritzen.eus\/wp-content\/uploads\/2025\/06\/20250618_113507-scaled.jpg\" \/>\n\t<meta property=\"og:image:width\" content=\"2560\" \/>\n\t<meta property=\"og:image:height\" content=\"1920\" \/>\n\t<meta property=\"og:image:type\" content=\"image\/jpeg\" \/>\n<meta name=\"author\" content=\"ainara\" \/>\n<meta name=\"twitter:card\" content=\"summary_large_image\" \/>\n<meta name=\"twitter:label1\" content=\"Escrito por\" \/>\n\t<meta name=\"twitter:data1\" content=\"ainara\" \/>\n\t<meta name=\"twitter:label2\" content=\"Tiempo de lectura\" \/>\n\t<meta name=\"twitter:data2\" content=\"3 minutos\" \/>\n<script type=\"application\/ld+json\" class=\"yoast-schema-graph\">{\"@context\":\"https:\\\/\\\/schema.org\",\"@graph\":[{\"@type\":\"Article\",\"@id\":\"https:\\\/\\\/iraurgiberritzen.eus\\\/es\\\/5-empresas-de-la-comarca-comparten-su-experiencia-y-aprendizaje-en-el-proceso-de-transformacion-digital\\\/#article\",\"isPartOf\":{\"@id\":\"https:\\\/\\\/iraurgiberritzen.eus\\\/es\\\/5-empresas-de-la-comarca-comparten-su-experiencia-y-aprendizaje-en-el-proceso-de-transformacion-digital\\\/\"},\"author\":{\"name\":\"ainara\",\"@id\":\"https:\\\/\\\/iraurgiberritzen.eus\\\/es\\\/#\\\/schema\\\/person\\\/a32c9825b3e2bfcbe757a97f6a15c8a5\"},\"headline\":\"5 empresas de la comarca comparten su experiencia y aprendizaje en el proceso de transformaci\u00f3n digital\",\"datePublished\":\"2025-06-18T12:25:12+00:00\",\"mainEntityOfPage\":{\"@id\":\"https:\\\/\\\/iraurgiberritzen.eus\\\/es\\\/5-empresas-de-la-comarca-comparten-su-experiencia-y-aprendizaje-en-el-proceso-de-transformacion-digital\\\/\"},\"wordCount\":423,\"publisher\":{\"@id\":\"https:\\\/\\\/iraurgiberritzen.eus\\\/es\\\/#organization\"},\"image\":{\"@id\":\"https:\\\/\\\/iraurgiberritzen.eus\\\/es\\\/5-empresas-de-la-comarca-comparten-su-experiencia-y-aprendizaje-en-el-proceso-de-transformacion-digital\\\/#primaryimage\"},\"thumbnailUrl\":\"https:\\\/\\\/iraurgiberritzen.eus\\\/wp-content\\\/uploads\\\/2025\\\/06\\\/20250618_113507-scaled.jpg\",\"articleSection\":[\"Noticias\"],\"inLanguage\":\"es\"},{\"@type\":\"WebPage\",\"@id\":\"https:\\\/\\\/iraurgiberritzen.eus\\\/es\\\/5-empresas-de-la-comarca-comparten-su-experiencia-y-aprendizaje-en-el-proceso-de-transformacion-digital\\\/\",\"url\":\"https:\\\/\\\/iraurgiberritzen.eus\\\/es\\\/5-empresas-de-la-comarca-comparten-su-experiencia-y-aprendizaje-en-el-proceso-de-transformacion-digital\\\/\",\"name\":\"5 empresas de la comarca comparten su experiencia y aprendizaje en el proceso de transformaci\u00f3n digital - Iraurgi Berritzen\",\"isPartOf\":{\"@id\":\"https:\\\/\\\/iraurgiberritzen.eus\\\/es\\\/#website\"},\"primaryImageOfPage\":{\"@id\":\"https:\\\/\\\/iraurgiberritzen.eus\\\/es\\\/5-empresas-de-la-comarca-comparten-su-experiencia-y-aprendizaje-en-el-proceso-de-transformacion-digital\\\/#primaryimage\"},\"image\":{\"@id\":\"https:\\\/\\\/iraurgiberritzen.eus\\\/es\\\/5-empresas-de-la-comarca-comparten-su-experiencia-y-aprendizaje-en-el-proceso-de-transformacion-digital\\\/#primaryimage\"},\"thumbnailUrl\":\"https:\\\/\\\/iraurgiberritzen.eus\\\/wp-content\\\/uploads\\\/2025\\\/06\\\/20250618_113507-scaled.jpg\",\"datePublished\":\"2025-06-18T12:25:12+00:00\",\"breadcrumb\":{\"@id\":\"https:\\\/\\\/iraurgiberritzen.eus\\\/es\\\/5-empresas-de-la-comarca-comparten-su-experiencia-y-aprendizaje-en-el-proceso-de-transformacion-digital\\\/#breadcrumb\"},\"inLanguage\":\"es\",\"potentialAction\":[{\"@type\":\"ReadAction\",\"target\":[\"https:\\\/\\\/iraurgiberritzen.eus\\\/es\\\/5-empresas-de-la-comarca-comparten-su-experiencia-y-aprendizaje-en-el-proceso-de-transformacion-digital\\\/\"]}]},{\"@type\":\"ImageObject\",\"inLanguage\":\"es\",\"@id\":\"https:\\\/\\\/iraurgiberritzen.eus\\\/es\\\/5-empresas-de-la-comarca-comparten-su-experiencia-y-aprendizaje-en-el-proceso-de-transformacion-digital\\\/#primaryimage\",\"url\":\"https:\\\/\\\/iraurgiberritzen.eus\\\/wp-content\\\/uploads\\\/2025\\\/06\\\/20250618_113507-scaled.jpg\",\"contentUrl\":\"https:\\\/\\\/iraurgiberritzen.eus\\\/wp-content\\\/uploads\\\/2025\\\/06\\\/20250618_113507-scaled.jpg\",\"width\":2560,\"height\":1920},{\"@type\":\"BreadcrumbList\",\"@id\":\"https:\\\/\\\/iraurgiberritzen.eus\\\/es\\\/5-empresas-de-la-comarca-comparten-su-experiencia-y-aprendizaje-en-el-proceso-de-transformacion-digital\\\/#breadcrumb\",\"itemListElement\":[{\"@type\":\"ListItem\",\"position\":1,\"name\":\"Home\",\"item\":\"https:\\\/\\\/iraurgiberritzen.eus\\\/es\\\/\"},{\"@type\":\"ListItem\",\"position\":2,\"name\":\"5 empresas de la comarca comparten su experiencia y aprendizaje en el proceso de transformaci\u00f3n digital\"}]},{\"@type\":\"WebSite\",\"@id\":\"https:\\\/\\\/iraurgiberritzen.eus\\\/es\\\/#website\",\"url\":\"https:\\\/\\\/iraurgiberritzen.eus\\\/es\\\/\",\"name\":\"Iraurgi Berritzen\",\"description\":\"Urola Erdiko Garapen Agentzia\",\"publisher\":{\"@id\":\"https:\\\/\\\/iraurgiberritzen.eus\\\/es\\\/#organization\"},\"potentialAction\":[{\"@type\":\"SearchAction\",\"target\":{\"@type\":\"EntryPoint\",\"urlTemplate\":\"https:\\\/\\\/iraurgiberritzen.eus\\\/es\\\/?s={search_term_string}\"},\"query-input\":{\"@type\":\"PropertyValueSpecification\",\"valueRequired\":true,\"valueName\":\"search_term_string\"}}],\"inLanguage\":\"es\"},{\"@type\":\"Organization\",\"@id\":\"https:\\\/\\\/iraurgiberritzen.eus\\\/es\\\/#organization\",\"name\":\"Iraurgi Berritzen\",\"url\":\"https:\\\/\\\/iraurgiberritzen.eus\\\/es\\\/\",\"logo\":{\"@type\":\"ImageObject\",\"inLanguage\":\"es\",\"@id\":\"https:\\\/\\\/iraurgiberritzen.eus\\\/es\\\/#\\\/schema\\\/logo\\\/image\\\/\",\"url\":\"https:\\\/\\\/iraurgiberritzen.eus\\\/wp-content\\\/uploads\\\/2024\\\/02\\\/IRAURGI-BERRITZEN-logotipoa_2.png\",\"contentUrl\":\"https:\\\/\\\/iraurgiberritzen.eus\\\/wp-content\\\/uploads\\\/2024\\\/02\\\/IRAURGI-BERRITZEN-logotipoa_2.png\",\"width\":496,\"height\":190,\"caption\":\"Iraurgi Berritzen\"},\"image\":{\"@id\":\"https:\\\/\\\/iraurgiberritzen.eus\\\/es\\\/#\\\/schema\\\/logo\\\/image\\\/\"}},{\"@type\":\"Person\",\"@id\":\"https:\\\/\\\/iraurgiberritzen.eus\\\/es\\\/#\\\/schema\\\/person\\\/a32c9825b3e2bfcbe757a97f6a15c8a5\",\"name\":\"ainara\"}]}<\/script>\n<!-- \/ Yoast SEO plugin. -->","yoast_head_json":{"title":"5 empresas de la comarca comparten su experiencia y aprendizaje en el proceso de transformaci\u00f3n digital - Iraurgi Berritzen","robots":{"index":"index","follow":"follow","max-snippet":"max-snippet:-1","max-image-preview":"max-image-preview:large","max-video-preview":"max-video-preview:-1"},"canonical":"https:\/\/iraurgiberritzen.eus\/es\/5-empresas-de-la-comarca-comparten-su-experiencia-y-aprendizaje-en-el-proceso-de-transformacion-digital\/","og_locale":"es_ES","og_type":"article","og_title":"5 empresas de la comarca comparten su experiencia y aprendizaje en el proceso de transformaci\u00f3n digital - Iraurgi Berritzen","og_description":"Hoy 18 de junio de 2025 se ha celebrado en el Palacio Basazabal de Azpeitia la sesi\u00f3n de cierre del programa ETE DIGITALA \u2013 PYME DIGITAL 2024-2025, un proceso de acompa\u00f1amiento para la transformaci\u00f3n digital desarrollado por la agencia de desarrollo Iraurgi Berritzen, en colaboraci\u00f3n con Digitalentu, y financiado por la Diputaci\u00f3n Foral de Gipuzkoa. [&hellip;]","og_url":"https:\/\/iraurgiberritzen.eus\/es\/5-empresas-de-la-comarca-comparten-su-experiencia-y-aprendizaje-en-el-proceso-de-transformacion-digital\/","og_site_name":"Iraurgi Berritzen","article_published_time":"2025-06-18T12:25:12+00:00","og_image":[{"width":2560,"height":1920,"url":"https:\/\/iraurgiberritzen.eus\/wp-content\/uploads\/2025\/06\/20250618_113507-scaled.jpg","type":"image\/jpeg"}],"author":"ainara","twitter_card":"summary_large_image","twitter_misc":{"Escrito por":"ainara","Tiempo de lectura":"3 minutos"},"schema":{"@context":"https:\/\/schema.org","@graph":[{"@type":"Article","@id":"https:\/\/iraurgiberritzen.eus\/es\/5-empresas-de-la-comarca-comparten-su-experiencia-y-aprendizaje-en-el-proceso-de-transformacion-digital\/#article","isPartOf":{"@id":"https:\/\/iraurgiberritzen.eus\/es\/5-empresas-de-la-comarca-comparten-su-experiencia-y-aprendizaje-en-el-proceso-de-transformacion-digital\/"},"author":{"name":"ainara","@id":"https:\/\/iraurgiberritzen.eus\/es\/#\/schema\/person\/a32c9825b3e2bfcbe757a97f6a15c8a5"},"headline":"5 empresas de la comarca comparten su experiencia y aprendizaje en el proceso de transformaci\u00f3n digital","datePublished":"2025-06-18T12:25:12+00:00","mainEntityOfPage":{"@id":"https:\/\/iraurgiberritzen.eus\/es\/5-empresas-de-la-comarca-comparten-su-experiencia-y-aprendizaje-en-el-proceso-de-transformacion-digital\/"},"wordCount":423,"publisher":{"@id":"https:\/\/iraurgiberritzen.eus\/es\/#organization"},"image":{"@id":"https:\/\/iraurgiberritzen.eus\/es\/5-empresas-de-la-comarca-comparten-su-experiencia-y-aprendizaje-en-el-proceso-de-transformacion-digital\/#primaryimage"},"thumbnailUrl":"https:\/\/iraurgiberritzen.eus\/wp-content\/uploads\/2025\/06\/20250618_113507-scaled.jpg","articleSection":["Noticias"],"inLanguage":"es"},{"@type":"WebPage","@id":"https:\/\/iraurgiberritzen.eus\/es\/5-empresas-de-la-comarca-comparten-su-experiencia-y-aprendizaje-en-el-proceso-de-transformacion-digital\/","url":"https:\/\/iraurgiberritzen.eus\/es\/5-empresas-de-la-comarca-comparten-su-experiencia-y-aprendizaje-en-el-proceso-de-transformacion-digital\/","name":"5 empresas de la comarca comparten su experiencia y aprendizaje en el proceso de transformaci\u00f3n digital - Iraurgi Berritzen","isPartOf":{"@id":"https:\/\/iraurgiberritzen.eus\/es\/#website"},"primaryImageOfPage":{"@id":"https:\/\/iraurgiberritzen.eus\/es\/5-empresas-de-la-comarca-comparten-su-experiencia-y-aprendizaje-en-el-proceso-de-transformacion-digital\/#primaryimage"},"image":{"@id":"https:\/\/iraurgiberritzen.eus\/es\/5-empresas-de-la-comarca-comparten-su-experiencia-y-aprendizaje-en-el-proceso-de-transformacion-digital\/#primaryimage"},"thumbnailUrl":"https:\/\/iraurgiberritzen.eus\/wp-content\/uploads\/2025\/06\/20250618_113507-scaled.jpg","datePublished":"2025-06-18T12:25:12+00:00","breadcrumb":{"@id":"https:\/\/iraurgiberritzen.eus\/es\/5-empresas-de-la-comarca-comparten-su-experiencia-y-aprendizaje-en-el-proceso-de-transformacion-digital\/#breadcrumb"},"inLanguage":"es","potentialAction":[{"@type":"ReadAction","target":["https:\/\/iraurgiberritzen.eus\/es\/5-empresas-de-la-comarca-comparten-su-experiencia-y-aprendizaje-en-el-proceso-de-transformacion-digital\/"]}]},{"@type":"ImageObject","inLanguage":"es","@id":"https:\/\/iraurgiberritzen.eus\/es\/5-empresas-de-la-comarca-comparten-su-experiencia-y-aprendizaje-en-el-proceso-de-transformacion-digital\/#primaryimage","url":"https:\/\/iraurgiberritzen.eus\/wp-content\/uploads\/2025\/06\/20250618_113507-scaled.jpg","contentUrl":"https:\/\/iraurgiberritzen.eus\/wp-content\/uploads\/2025\/06\/20250618_113507-scaled.jpg","width":2560,"height":1920},{"@type":"BreadcrumbList","@id":"https:\/\/iraurgiberritzen.eus\/es\/5-empresas-de-la-comarca-comparten-su-experiencia-y-aprendizaje-en-el-proceso-de-transformacion-digital\/#breadcrumb","itemListElement":[{"@type":"ListItem","position":1,"name":"Home","item":"https:\/\/iraurgiberritzen.eus\/es\/"},{"@type":"ListItem","position":2,"name":"5 empresas de la comarca comparten su experiencia y aprendizaje en el proceso de transformaci\u00f3n digital"}]},{"@type":"WebSite","@id":"https:\/\/iraurgiberritzen.eus\/es\/#website","url":"https:\/\/iraurgiberritzen.eus\/es\/","name":"Iraurgi Berritzen","description":"Urola Erdiko Garapen Agentzia","publisher":{"@id":"https:\/\/iraurgiberritzen.eus\/es\/#organization"},"potentialAction":[{"@type":"SearchAction","target":{"@type":"EntryPoint","urlTemplate":"https:\/\/iraurgiberritzen.eus\/es\/?s={search_term_string}"},"query-input":{"@type":"PropertyValueSpecification","valueRequired":true,"valueName":"search_term_string"}}],"inLanguage":"es"},{"@type":"Organization","@id":"https:\/\/iraurgiberritzen.eus\/es\/#organization","name":"Iraurgi Berritzen","url":"https:\/\/iraurgiberritzen.eus\/es\/","logo":{"@type":"ImageObject","inLanguage":"es","@id":"https:\/\/iraurgiberritzen.eus\/es\/#\/schema\/logo\/image\/","url":"https:\/\/iraurgiberritzen.eus\/wp-content\/uploads\/2024\/02\/IRAURGI-BERRITZEN-logotipoa_2.png","contentUrl":"https:\/\/iraurgiberritzen.eus\/wp-content\/uploads\/2024\/02\/IRAURGI-BERRITZEN-logotipoa_2.png","width":496,"height":190,"caption":"Iraurgi Berritzen"},"image":{"@id":"https:\/\/iraurgiberritzen.eus\/es\/#\/schema\/logo\/image\/"}},{"@type":"Person","@id":"https:\/\/iraurgiberritzen.eus\/es\/#\/schema\/person\/a32c9825b3e2bfcbe757a97f6a15c8a5","name":"ainara"}]}},"_links":{"self":[{"href":"https:\/\/iraurgiberritzen.eus\/es\/wp-json\/wp\/v2\/posts\/23738","targetHints":{"allow":["GET"]}}],"collection":[{"href":"https:\/\/iraurgiberritzen.eus\/es\/wp-json\/wp\/v2\/posts"}],"about":[{"href":"https:\/\/iraurgiberritzen.eus\/es\/wp-json\/wp\/v2\/types\/post"}],"author":[{"embeddable":true,"href":"https:\/\/iraurgiberritzen.eus\/es\/wp-json\/wp\/v2\/users\/4"}],"replies":[{"embeddable":true,"href":"https:\/\/iraurgiberritzen.eus\/es\/wp-json\/wp\/v2\/comments?post=23738"}],"version-history":[{"count":1,"href":"https:\/\/iraurgiberritzen.eus\/es\/wp-json\/wp\/v2\/posts\/23738\/revisions"}],"predecessor-version":[{"id":23739,"href":"https:\/\/iraurgiberritzen.eus\/es\/wp-json\/wp\/v2\/posts\/23738\/revisions\/23739"}],"wp:featuredmedia":[{"embeddable":true,"href":"https:\/\/iraurgiberritzen.eus\/es\/wp-json\/wp\/v2\/media\/23732"}],"wp:attachment":[{"href":"https:\/\/iraurgiberritzen.eus\/es\/wp-json\/wp\/v2\/media?parent=23738"}],"wp:term":[{"taxonomy":"category","embeddable":true,"href":"https:\/\/iraurgiberritzen.eus\/es\/wp-json\/wp\/v2\/categories?post=23738"},{"taxonomy":"post_tag","embeddable":true,"href":"https:\/\/iraurgiberritzen.eus\/es\/wp-json\/wp\/v2\/tags?post=23738"}],"curies":[{"name":"wp","href":"https:\/\/api.w.org\/{rel}","templated":true}]}}